{"id":8163,"date":"2017-06-29T09:31:40","date_gmt":"2017-06-29T07:31:40","guid":{"rendered":"https:\/\/www.immobilienbusiness.ch\/?p=8163"},"modified":"2017-06-29T09:31:40","modified_gmt":"2017-06-29T07:31:40","slug":"dietikon-hiag-und-mediamarkt-verlaengern-mietvertrag","status":"publish","type":"post","link":"https:\/\/www.immobilienbusiness.ch\/fr\/retail\/2017-06-29\/dietikon-hiag-und-mediamarkt-verlaengern-mietvertrag\/","title":{"rendered":"Dietikon : HIAG et MediaMarkt prolongent leur contrat de location"},"content":{"rendered":"<figure id=\"attachment_8094\" aria-describedby=\"caption-attachment-8094\" style=\"width: 680px\" class=\"wp-caption alignnone\"><img loading=\"lazy\" decoding=\"async\" class=\"size-medium wp-image-8094\" src=\"https:\/\/www.immobilienbusiness.ch\/wp-content\/uploads\/2017\/06\/Depositphotos_53801155_m-2015.jpg\" alt=\"\" width=\"680\" height=\"454\" srcset=\"https:\/\/www.immobilienbusiness.ch\/wp-content\/uploads\/2017\/06\/Depositphotos_53801155_m-2015.jpg 1000w, https:\/\/www.immobilienbusiness.ch\/wp-content\/uploads\/2017\/06\/Depositphotos_53801155_m-2015-300x200.jpg 300w, https:\/\/www.immobilienbusiness.ch\/wp-content\/uploads\/2017\/06\/Depositphotos_53801155_m-2015-768x512.jpg 768w, https:\/\/www.immobilienbusiness.ch\/wp-content\/uploads\/2017\/06\/Depositphotos_53801155_m-2015-16x12.jpg 16w, https:\/\/www.immobilienbusiness.ch\/wp-content\/uploads\/2017\/06\/Depositphotos_53801155_m-2015-262x175.jpg 262w, https:\/\/www.immobilienbusiness.ch\/wp-content\/uploads\/2017\/06\/Depositphotos_53801155_m-2015-525x350.jpg 525w, https:\/\/www.immobilienbusiness.ch\/wp-content\/uploads\/2017\/06\/Depositphotos_53801155_m-2015-920x614.jpg 920w\" sizes=\"auto, (max-width: 680px) 100vw, 680px\" \/><figcaption id=\"caption-attachment-8094\" class=\"wp-caption-text\">HIAG et MediaMarkt prolongent le contrat de location d'un site \u00e0 Dietikon (photo : pressmaster - depositphotos)<\/figcaption><\/figure>\n<p>MediaMarkt est d\u00e9j\u00e0 locataire sur le site de HIAG depuis 1994 et a ouvert \u00e0 l'\u00e9poque son premier site en Suisse \u00e0 Dietikon. Dans le cadre de la prolongation du contrat de location, les surfaces de vente doivent \u00eatre modernis\u00e9es.<\/p>\n<p>HIAG consid\u00e8re la d\u00e9marche du distributeur d'\u00e9lectronique comme un \"engagement clair en faveur du site dans le secteur tr\u00e8s concurrentiel de la vente au d\u00e9tail\". Le site de Dietikon, d'une superficie totale de plus de 38 000 m\u00b2, se trouve directement \u00e0 c\u00f4t\u00e9 de l'A1 et est accessible par un raccordement autoroutier ; il est situ\u00e9 dans la zone industrielle Silbern. Outre MediaMarkt, Fressnapf, LIPO, Otto's et Reno font partie des locataires des surfaces de vente.<\/p>","protected":false},"excerpt":{"rendered":"<p>HIAG et MediaMarkt se sont mis d'accord sur une nouvelle dur\u00e9e de location de dix ans pour les surfaces locatives existantes d'environ 5 500 m\u00b2 \u00e0 Dietikon (ZH).<\/p>","protected":false},"author":3,"featured_media":8094,"comment_status":"open","ping_status":"open","sticky":false,"template":"","format":"standard","meta":{"_acf_changed":false,"_yoast_wpseo_focuskw":"Dietikon","_yoast_wpseo_title":"","_yoast_wpseo_metadesc":"HIAG und MediaMarkt haben sich auf eine weitere Mietdauer von zehn Jahren f\u00fcr die bestehenden Mietfl\u00e4chen von rund 5.500 qm in Dietikon (ZH) geeinigt.","_yoast_wpseo_linkdex":48,"pgc_sgb_lightbox_settings":"","footnotes":""},"categories":[987],"tags":[1629,1643,1888],"class_list":["post-8163","post","type-post","status-publish","format-standard","has-post-thumbnail","hentry","category-retail","tag-regionen","tag-retail","tag-zuerich"],"acf":[],"yoast_head":"<!-- This site is optimized with the Yoast SEO plugin v27.5 - https:\/\/yoast.com\/product\/yoast-seo-wordpress\/ -->\n<title>Dietikon: HIAG und MediaMarkt verl\u00e4ngern Mietvertrag - IMMOBILIEN Business<\/title>\n<meta name=\"description\" content=\"HIAG und MediaMarkt haben sich auf eine weitere Mietdauer von zehn Jahren f\u00fcr die bestehenden Mietfl\u00e4chen von rund 5.500 qm in Dietikon (ZH) geeinigt.\" \/>\n<meta name=\"robots\" content=\"index, follow, max-snippet:-1, max-image-preview:large, max-video-preview:-1\" \/>\n<link rel=\"canonical\" href=\"https:\/\/www.immobilienbusiness.ch\/fr\/retail\/2017-06-29\/dietikon-hiag-und-mediamarkt-verlaengern-mietvertrag\/\" \/>\n<meta property=\"og:locale\" content=\"fr_FR\" \/>\n<meta property=\"og:type\" content=\"article\" \/>\n<meta property=\"og:title\" content=\"Dietikon: HIAG und MediaMarkt verl\u00e4ngern Mietvertrag\" \/>\n<meta property=\"og:description\" content=\"HIAG und MediaMarkt haben sich auf eine weitere Mietdauer von zehn Jahren f\u00fcr die bestehenden Mietfl\u00e4chen von rund 5.500 qm in Dietikon (ZH) geeinigt.\" \/>\n<meta property=\"og:url\" content=\"https:\/\/www.immobilienbusiness.ch\/fr\/retail\/2017-06-29\/dietikon-hiag-und-mediamarkt-verlaengern-mietvertrag\/\" \/>\n<meta property=\"og:site_name\" content=\"IMMOBILIEN Business\" \/>\n<meta property=\"article:publisher\" content=\"https:\/\/www.facebook.com\/immobilienbusiness\/\" \/>\n<meta property=\"article:published_time\" content=\"2017-06-29T07:31:40+00:00\" \/>\n<meta property=\"og:image\" content=\"https:\/\/www.immobilienbusiness.ch\/wp-content\/uploads\/2017\/06\/Depositphotos_53801155_m-2015.jpg\" \/>\n\t<meta property=\"og:image:width\" content=\"1000\" \/>\n\t<meta property=\"og:image:height\" content=\"667\" \/>\n\t<meta property=\"og:image:type\" content=\"image\/jpeg\" \/>\n<meta name=\"author\" content=\"anja.hall\" \/>\n<meta name=\"twitter:card\" content=\"summary_large_image\" \/>\n<meta name=\"twitter:title\" content=\"Dietikon: HIAG und MediaMarkt verl\u00e4ngern Mietvertrag\" \/>\n<meta name=\"twitter:description\" content=\"HIAG und MediaMarkt haben sich auf eine weitere Mietdauer von zehn Jahren f\u00fcr die bestehenden Mietfl\u00e4chen von rund 5.500 qm in Dietikon (ZH) geeinigt.\" \/>\n<meta name=\"twitter:image\" content=\"https:\/\/www.immobilienbusiness.ch\/wp-content\/uploads\/2017\/06\/Depositphotos_53801155_m-2015.jpg\" \/>\n<script type=\"application\/ld+json\" class=\"yoast-schema-graph\">{\"@context\":\"https:\\\/\\\/schema.org\",\"@graph\":[{\"@type\":\"Article\",\"@id\":\"https:\\\/\\\/www.immobilienbusiness.ch\\\/de\\\/retail\\\/2017-06-29\\\/dietikon-hiag-und-mediamarkt-verlaengern-mietvertrag\\\/#article\",\"isPartOf\":{\"@id\":\"https:\\\/\\\/www.immobilienbusiness.ch\\\/de\\\/retail\\\/2017-06-29\\\/dietikon-hiag-und-mediamarkt-verlaengern-mietvertrag\\\/\"},\"author\":{\"name\":\"anja.hall\",\"@id\":\"https:\\\/\\\/www.immobilienbusiness.ch\\\/#\\\/schema\\\/person\\\/3fc036297b10b9f42d6db5ee932af8c8\"},\"headline\":\"Dietikon: HIAG und MediaMarkt verl\u00e4ngern Mietvertrag\",\"datePublished\":\"2017-06-29T07:31:40+00:00\",\"mainEntityOfPage\":{\"@id\":\"https:\\\/\\\/www.immobilienbusiness.ch\\\/de\\\/retail\\\/2017-06-29\\\/dietikon-hiag-und-mediamarkt-verlaengern-mietvertrag\\\/\"},\"wordCount\":132,\"commentCount\":0,\"publisher\":{\"@id\":\"https:\\\/\\\/www.immobilienbusiness.ch\\\/#organization\"},\"image\":{\"@id\":\"https:\\\/\\\/www.immobilienbusiness.ch\\\/de\\\/retail\\\/2017-06-29\\\/dietikon-hiag-und-mediamarkt-verlaengern-mietvertrag\\\/#primaryimage\"},\"thumbnailUrl\":\"https:\\\/\\\/www.immobilienbusiness.ch\\\/wp-content\\\/uploads\\\/2017\\\/06\\\/Depositphotos_53801155_m-2015.jpg\",\"keywords\":[\"Regionen\",\"Retail\",\"Z\u00fcrich\"],\"articleSection\":[\"RETAIL\"],\"inLanguage\":\"fr-FR\"},{\"@type\":\"WebPage\",\"@id\":\"https:\\\/\\\/www.immobilienbusiness.ch\\\/de\\\/retail\\\/2017-06-29\\\/dietikon-hiag-und-mediamarkt-verlaengern-mietvertrag\\\/\",\"url\":\"https:\\\/\\\/www.immobilienbusiness.ch\\\/de\\\/retail\\\/2017-06-29\\\/dietikon-hiag-und-mediamarkt-verlaengern-mietvertrag\\\/\",\"name\":\"Dietikon: HIAG und MediaMarkt verl\u00e4ngern Mietvertrag - IMMOBILIEN Business\",\"isPartOf\":{\"@id\":\"https:\\\/\\\/www.immobilienbusiness.ch\\\/#website\"},\"primaryImageOfPage\":{\"@id\":\"https:\\\/\\\/www.immobilienbusiness.ch\\\/de\\\/retail\\\/2017-06-29\\\/dietikon-hiag-und-mediamarkt-verlaengern-mietvertrag\\\/#primaryimage\"},\"image\":{\"@id\":\"https:\\\/\\\/www.immobilienbusiness.ch\\\/de\\\/retail\\\/2017-06-29\\\/dietikon-hiag-und-mediamarkt-verlaengern-mietvertrag\\\/#primaryimage\"},\"thumbnailUrl\":\"https:\\\/\\\/www.immobilienbusiness.ch\\\/wp-content\\\/uploads\\\/2017\\\/06\\\/Depositphotos_53801155_m-2015.jpg\",\"datePublished\":\"2017-06-29T07:31:40+00:00\",\"description\":\"HIAG und MediaMarkt haben sich auf eine weitere Mietdauer von zehn Jahren f\u00fcr die bestehenden Mietfl\u00e4chen von rund 5.500 qm in Dietikon (ZH) geeinigt.\",\"breadcrumb\":{\"@id\":\"https:\\\/\\\/www.immobilienbusiness.ch\\\/de\\\/retail\\\/2017-06-29\\\/dietikon-hiag-und-mediamarkt-verlaengern-mietvertrag\\\/#breadcrumb\"},\"inLanguage\":\"fr-FR\",\"potentialAction\":[{\"@type\":\"ReadAction\",\"target\":[\"https:\\\/\\\/www.immobilienbusiness.ch\\\/de\\\/retail\\\/2017-06-29\\\/dietikon-hiag-und-mediamarkt-verlaengern-mietvertrag\\\/\"]}]},{\"@type\":\"ImageObject\",\"inLanguage\":\"fr-FR\",\"@id\":\"https:\\\/\\\/www.immobilienbusiness.ch\\\/de\\\/retail\\\/2017-06-29\\\/dietikon-hiag-und-mediamarkt-verlaengern-mietvertrag\\\/#primaryimage\",\"url\":\"https:\\\/\\\/www.immobilienbusiness.ch\\\/wp-content\\\/uploads\\\/2017\\\/06\\\/Depositphotos_53801155_m-2015.jpg\",\"contentUrl\":\"https:\\\/\\\/www.immobilienbusiness.ch\\\/wp-content\\\/uploads\\\/2017\\\/06\\\/Depositphotos_53801155_m-2015.jpg\",\"width\":1000,\"height\":667,\"caption\":\"(Foto: pressmaster - depositphotos)\"},{\"@type\":\"BreadcrumbList\",\"@id\":\"https:\\\/\\\/www.immobilienbusiness.ch\\\/de\\\/retail\\\/2017-06-29\\\/dietikon-hiag-und-mediamarkt-verlaengern-mietvertrag\\\/#breadcrumb\",\"itemListElement\":[{\"@type\":\"ListItem\",\"position\":1,\"name\":\"Home\",\"item\":\"https:\\\/\\\/www.immobilienbusiness.ch\\\/\"},{\"@type\":\"ListItem\",\"position\":2,\"name\":\"Dietikon: HIAG und MediaMarkt verl\u00e4ngern Mietvertrag\"}]},{\"@type\":\"WebSite\",\"@id\":\"https:\\\/\\\/www.immobilienbusiness.ch\\\/#website\",\"url\":\"https:\\\/\\\/www.immobilienbusiness.ch\\\/\",\"name\":\"IMMOBILIEN Business\",\"description\":\"Unabh\u00e4ngiges Schweizer Wirtschaftsmagazin mit Fokus auf Immobilien, Architektur- und Bau sowie Investment- und Finanzierung.\",\"publisher\":{\"@id\":\"https:\\\/\\\/www.immobilienbusiness.ch\\\/#organization\"},\"potentialAction\":[{\"@type\":\"SearchAction\",\"target\":{\"@type\":\"EntryPoint\",\"urlTemplate\":\"https:\\\/\\\/www.immobilienbusiness.ch\\\/?s={search_term_string}\"},\"query-input\":{\"@type\":\"PropertyValueSpecification\",\"valueRequired\":true,\"valueName\":\"search_term_string\"}}],\"inLanguage\":\"fr-FR\"},{\"@type\":\"Organization\",\"@id\":\"https:\\\/\\\/www.immobilienbusiness.ch\\\/#organization\",\"name\":\"IMMOBILIEN Business\",\"url\":\"https:\\\/\\\/www.immobilienbusiness.ch\\\/\",\"logo\":{\"@type\":\"ImageObject\",\"inLanguage\":\"fr-FR\",\"@id\":\"https:\\\/\\\/www.immobilienbusiness.ch\\\/#\\\/schema\\\/logo\\\/image\\\/\",\"url\":\"https:\\\/\\\/www.immobilienbusiness.ch\\\/wp-content\\\/uploads\\\/2021\\\/07\\\/logo_ib.png\",\"contentUrl\":\"https:\\\/\\\/www.immobilienbusiness.ch\\\/wp-content\\\/uploads\\\/2021\\\/07\\\/logo_ib.png\",\"width\":800,\"height\":181,\"caption\":\"IMMOBILIEN Business\"},\"image\":{\"@id\":\"https:\\\/\\\/www.immobilienbusiness.ch\\\/#\\\/schema\\\/logo\\\/image\\\/\"},\"sameAs\":[\"https:\\\/\\\/www.facebook.com\\\/immobilienbusiness\\\/\"]},{\"@type\":\"Person\",\"@id\":\"https:\\\/\\\/www.immobilienbusiness.ch\\\/#\\\/schema\\\/person\\\/3fc036297b10b9f42d6db5ee932af8c8\",\"name\":\"anja.hall\",\"image\":{\"@type\":\"ImageObject\",\"inLanguage\":\"fr-FR\",\"@id\":\"https:\\\/\\\/secure.gravatar.com\\\/avatar\\\/066b5a0d447013502c71a5782f4f3469f03cfe595cc2329fb94652fe47511bfb?s=96&d=mm&r=g\",\"url\":\"https:\\\/\\\/secure.gravatar.com\\\/avatar\\\/066b5a0d447013502c71a5782f4f3469f03cfe595cc2329fb94652fe47511bfb?s=96&d=mm&r=g\",\"contentUrl\":\"https:\\\/\\\/secure.gravatar.com\\\/avatar\\\/066b5a0d447013502c71a5782f4f3469f03cfe595cc2329fb94652fe47511bfb?s=96&d=mm&r=g\",\"caption\":\"anja.hall\"},\"url\":\"https:\\\/\\\/www.immobilienbusiness.ch\\\/fr\\\/author\\\/anja-hall\\\/\"}]}<\/script>\n<!-- \/ Yoast SEO plugin. -->","yoast_head_json":{"title":"Dietikon: HIAG und MediaMarkt verl\u00e4ngern Mietvertrag - IMMOBILIEN Business","description":"HIAG et MediaMarkt se sont mis d'accord sur une nouvelle dur\u00e9e de location de dix ans pour les surfaces locatives existantes d'environ 5 500 m\u00b2 \u00e0 Dietikon (ZH).","robots":{"index":"index","follow":"follow","max-snippet":"max-snippet:-1","max-image-preview":"max-image-preview:large","max-video-preview":"max-video-preview:-1"},"canonical":"https:\/\/www.immobilienbusiness.ch\/fr\/retail\/2017-06-29\/dietikon-hiag-und-mediamarkt-verlaengern-mietvertrag\/","og_locale":"fr_FR","og_type":"article","og_title":"Dietikon: HIAG und MediaMarkt verl\u00e4ngern Mietvertrag","og_description":"HIAG und MediaMarkt haben sich auf eine weitere Mietdauer von zehn Jahren f\u00fcr die bestehenden Mietfl\u00e4chen von rund 5.500 qm in Dietikon (ZH) geeinigt.","og_url":"https:\/\/www.immobilienbusiness.ch\/fr\/retail\/2017-06-29\/dietikon-hiag-und-mediamarkt-verlaengern-mietvertrag\/","og_site_name":"IMMOBILIEN Business","article_publisher":"https:\/\/www.facebook.com\/immobilienbusiness\/","article_published_time":"2017-06-29T07:31:40+00:00","og_image":[{"width":1000,"height":667,"url":"https:\/\/www.immobilienbusiness.ch\/wp-content\/uploads\/2017\/06\/Depositphotos_53801155_m-2015.jpg","type":"image\/jpeg"}],"author":"anja.hall","twitter_card":"summary_large_image","twitter_title":"Dietikon: HIAG und MediaMarkt verl\u00e4ngern Mietvertrag","twitter_description":"HIAG und MediaMarkt haben sich auf eine weitere Mietdauer von zehn Jahren f\u00fcr die bestehenden Mietfl\u00e4chen von rund 5.500 qm in Dietikon (ZH) geeinigt.","twitter_image":"https:\/\/www.immobilienbusiness.ch\/wp-content\/uploads\/2017\/06\/Depositphotos_53801155_m-2015.jpg","schema":{"@context":"https:\/\/schema.org","@graph":[{"@type":"Article","@id":"https:\/\/www.immobilienbusiness.ch\/de\/retail\/2017-06-29\/dietikon-hiag-und-mediamarkt-verlaengern-mietvertrag\/#article","isPartOf":{"@id":"https:\/\/www.immobilienbusiness.ch\/de\/retail\/2017-06-29\/dietikon-hiag-und-mediamarkt-verlaengern-mietvertrag\/"},"author":{"name":"anja.hall","@id":"https:\/\/www.immobilienbusiness.ch\/#\/schema\/person\/3fc036297b10b9f42d6db5ee932af8c8"},"headline":"Dietikon: HIAG und MediaMarkt verl\u00e4ngern Mietvertrag","datePublished":"2017-06-29T07:31:40+00:00","mainEntityOfPage":{"@id":"https:\/\/www.immobilienbusiness.ch\/de\/retail\/2017-06-29\/dietikon-hiag-und-mediamarkt-verlaengern-mietvertrag\/"},"wordCount":132,"commentCount":0,"publisher":{"@id":"https:\/\/www.immobilienbusiness.ch\/#organization"},"image":{"@id":"https:\/\/www.immobilienbusiness.ch\/de\/retail\/2017-06-29\/dietikon-hiag-und-mediamarkt-verlaengern-mietvertrag\/#primaryimage"},"thumbnailUrl":"https:\/\/www.immobilienbusiness.ch\/wp-content\/uploads\/2017\/06\/Depositphotos_53801155_m-2015.jpg","keywords":["Regionen","Retail","Z\u00fcrich"],"articleSection":["RETAIL"],"inLanguage":"fr-FR"},{"@type":"WebPage","@id":"https:\/\/www.immobilienbusiness.ch\/de\/retail\/2017-06-29\/dietikon-hiag-und-mediamarkt-verlaengern-mietvertrag\/","url":"https:\/\/www.immobilienbusiness.ch\/de\/retail\/2017-06-29\/dietikon-hiag-und-mediamarkt-verlaengern-mietvertrag\/","name":"Dietikon: HIAG und MediaMarkt verl\u00e4ngern Mietvertrag - IMMOBILIEN Business","isPartOf":{"@id":"https:\/\/www.immobilienbusiness.ch\/#website"},"primaryImageOfPage":{"@id":"https:\/\/www.immobilienbusiness.ch\/de\/retail\/2017-06-29\/dietikon-hiag-und-mediamarkt-verlaengern-mietvertrag\/#primaryimage"},"image":{"@id":"https:\/\/www.immobilienbusiness.ch\/de\/retail\/2017-06-29\/dietikon-hiag-und-mediamarkt-verlaengern-mietvertrag\/#primaryimage"},"thumbnailUrl":"https:\/\/www.immobilienbusiness.ch\/wp-content\/uploads\/2017\/06\/Depositphotos_53801155_m-2015.jpg","datePublished":"2017-06-29T07:31:40+00:00","description":"HIAG et MediaMarkt se sont mis d'accord sur une nouvelle dur\u00e9e de location de dix ans pour les surfaces locatives existantes d'environ 5 500 m\u00b2 \u00e0 Dietikon (ZH).","breadcrumb":{"@id":"https:\/\/www.immobilienbusiness.ch\/de\/retail\/2017-06-29\/dietikon-hiag-und-mediamarkt-verlaengern-mietvertrag\/#breadcrumb"},"inLanguage":"fr-FR","potentialAction":[{"@type":"ReadAction","target":["https:\/\/www.immobilienbusiness.ch\/de\/retail\/2017-06-29\/dietikon-hiag-und-mediamarkt-verlaengern-mietvertrag\/"]}]},{"@type":"ImageObject","inLanguage":"fr-FR","@id":"https:\/\/www.immobilienbusiness.ch\/de\/retail\/2017-06-29\/dietikon-hiag-und-mediamarkt-verlaengern-mietvertrag\/#primaryimage","url":"https:\/\/www.immobilienbusiness.ch\/wp-content\/uploads\/2017\/06\/Depositphotos_53801155_m-2015.jpg","contentUrl":"https:\/\/www.immobilienbusiness.ch\/wp-content\/uploads\/2017\/06\/Depositphotos_53801155_m-2015.jpg","width":1000,"height":667,"caption":"(Foto: pressmaster - depositphotos)"},{"@type":"BreadcrumbList","@id":"https:\/\/www.immobilienbusiness.ch\/de\/retail\/2017-06-29\/dietikon-hiag-und-mediamarkt-verlaengern-mietvertrag\/#breadcrumb","itemListElement":[{"@type":"ListItem","position":1,"name":"Home","item":"https:\/\/www.immobilienbusiness.ch\/"},{"@type":"ListItem","position":2,"name":"Dietikon: HIAG und MediaMarkt verl\u00e4ngern Mietvertrag"}]},{"@type":"WebSite","@id":"https:\/\/www.immobilienbusiness.ch\/#website","url":"https:\/\/www.immobilienbusiness.ch\/","name":"IMMOBILIER Business","description":"Magazine \u00e9conomique suisse ind\u00e9pendant ax\u00e9 sur l'immobilier, l'architecture et la construction ainsi que sur les investissements et le financement.","publisher":{"@id":"https:\/\/www.immobilienbusiness.ch\/#organization"},"potentialAction":[{"@type":"SearchAction","target":{"@type":"EntryPoint","urlTemplate":"https:\/\/www.immobilienbusiness.ch\/?s={search_term_string}"},"query-input":{"@type":"PropertyValueSpecification","valueRequired":true,"valueName":"search_term_string"}}],"inLanguage":"fr-FR"},{"@type":"Organization","@id":"https:\/\/www.immobilienbusiness.ch\/#organization","name":"IMMOBILIER Business","url":"https:\/\/www.immobilienbusiness.ch\/","logo":{"@type":"ImageObject","inLanguage":"fr-FR","@id":"https:\/\/www.immobilienbusiness.ch\/#\/schema\/logo\/image\/","url":"https:\/\/www.immobilienbusiness.ch\/wp-content\/uploads\/2021\/07\/logo_ib.png","contentUrl":"https:\/\/www.immobilienbusiness.ch\/wp-content\/uploads\/2021\/07\/logo_ib.png","width":800,"height":181,"caption":"IMMOBILIEN Business"},"image":{"@id":"https:\/\/www.immobilienbusiness.ch\/#\/schema\/logo\/image\/"},"sameAs":["https:\/\/www.facebook.com\/immobilienbusiness\/"]},{"@type":"Person","@id":"https:\/\/www.immobilienbusiness.ch\/#\/schema\/person\/3fc036297b10b9f42d6db5ee932af8c8","name":"anja.hall","image":{"@type":"ImageObject","inLanguage":"fr-FR","@id":"https:\/\/secure.gravatar.com\/avatar\/066b5a0d447013502c71a5782f4f3469f03cfe595cc2329fb94652fe47511bfb?s=96&d=mm&r=g","url":"https:\/\/secure.gravatar.com\/avatar\/066b5a0d447013502c71a5782f4f3469f03cfe595cc2329fb94652fe47511bfb?s=96&d=mm&r=g","contentUrl":"https:\/\/secure.gravatar.com\/avatar\/066b5a0d447013502c71a5782f4f3469f03cfe595cc2329fb94652fe47511bfb?s=96&d=mm&r=g","caption":"anja.hall"},"url":"https:\/\/www.immobilienbusiness.ch\/fr\/author\/anja-hall\/"}]}},"_links":{"self":[{"href":"https:\/\/www.immobilienbusiness.ch\/fr\/wp-json\/wp\/v2\/posts\/8163","targetHints":{"allow":["GET"]}}],"collection":[{"href":"https:\/\/www.immobilienbusiness.ch\/fr\/wp-json\/wp\/v2\/posts"}],"about":[{"href":"https:\/\/www.immobilienbusiness.ch\/fr\/wp-json\/wp\/v2\/types\/post"}],"author":[{"embeddable":true,"href":"https:\/\/www.immobilienbusiness.ch\/fr\/wp-json\/wp\/v2\/users\/3"}],"replies":[{"embeddable":true,"href":"https:\/\/www.immobilienbusiness.ch\/fr\/wp-json\/wp\/v2\/comments?post=8163"}],"version-history":[{"count":0,"href":"https:\/\/www.immobilienbusiness.ch\/fr\/wp-json\/wp\/v2\/posts\/8163\/revisions"}],"wp:featuredmedia":[{"embeddable":true,"href":"https:\/\/www.immobilienbusiness.ch\/fr\/wp-json\/wp\/v2\/media\/8094"}],"wp:attachment":[{"href":"https:\/\/www.immobilienbusiness.ch\/fr\/wp-json\/wp\/v2\/media?parent=8163"}],"wp:term":[{"taxonomy":"category","embeddable":true,"href":"https:\/\/www.immobilienbusiness.ch\/fr\/wp-json\/wp\/v2\/categories?post=8163"},{"taxonomy":"post_tag","embeddable":true,"href":"https:\/\/www.immobilienbusiness.ch\/fr\/wp-json\/wp\/v2\/tags?post=8163"}],"curies":[{"name":"wp","href":"https:\/\/api.w.org\/{rel}","templated":true}]}}