{"id":8118,"date":"2017-06-28T08:13:50","date_gmt":"2017-06-28T06:13:50","guid":{"rendered":"https:\/\/www.immobilienbusiness.ch\/?p=8118"},"modified":"2017-06-28T08:13:50","modified_gmt":"2017-06-28T06:13:50","slug":"bern-kein-verwaltungsbau-am-forsthaus","status":"publish","type":"post","link":"https:\/\/www.immobilienbusiness.ch\/fr\/regionen\/2017-06-28\/bern-kein-verwaltungsbau-am-forsthaus\/","title":{"rendered":"Berne : pas de b\u00e2timent administratif \u00e0 la Forsthaus"},"content":{"rendered":"<figure id=\"attachment_5686\" aria-describedby=\"caption-attachment-5686\" style=\"width: 680px\" class=\"wp-caption alignnone\"><img loading=\"lazy\" decoding=\"async\" class=\"size-medium wp-image-5686\" src=\"https:\/\/www.immobilienbusiness.ch\/wp-content\/uploads\/2017\/01\/Depositphotos_5878352_l-2015.jpg\" alt=\"\" width=\"680\" height=\"467\" srcset=\"https:\/\/www.immobilienbusiness.ch\/wp-content\/uploads\/2017\/01\/Depositphotos_5878352_l-2015.jpg 1999w, https:\/\/www.immobilienbusiness.ch\/wp-content\/uploads\/2017\/01\/Depositphotos_5878352_l-2015-300x206.jpg 300w, https:\/\/www.immobilienbusiness.ch\/wp-content\/uploads\/2017\/01\/Depositphotos_5878352_l-2015-1024x703.jpg 1024w, https:\/\/www.immobilienbusiness.ch\/wp-content\/uploads\/2017\/01\/Depositphotos_5878352_l-2015-768x527.jpg 768w, https:\/\/www.immobilienbusiness.ch\/wp-content\/uploads\/2017\/01\/Depositphotos_5878352_l-2015-1536x1054.jpg 1536w, https:\/\/www.immobilienbusiness.ch\/wp-content\/uploads\/2017\/01\/Depositphotos_5878352_l-2015-16x12.jpg 16w, https:\/\/www.immobilienbusiness.ch\/wp-content\/uploads\/2017\/01\/Depositphotos_5878352_l-2015-255x175.jpg 255w, https:\/\/www.immobilienbusiness.ch\/wp-content\/uploads\/2017\/01\/Depositphotos_5878352_l-2015-510x350.jpg 510w, https:\/\/www.immobilienbusiness.ch\/wp-content\/uploads\/2017\/01\/Depositphotos_5878352_l-2015-1166x800.jpg 1166w, https:\/\/www.immobilienbusiness.ch\/wp-content\/uploads\/2017\/01\/Depositphotos_5878352_l-2015-920x631.jpg 920w, https:\/\/www.immobilienbusiness.ch\/wp-content\/uploads\/2017\/01\/Depositphotos_5878352_l-2015-1400x961.jpg 1400w\" sizes=\"auto, (max-width: 680px) 100vw, 680px\" \/><figcaption id=\"caption-attachment-5686\" class=\"wp-caption-text\">Le conseil municipal de Berne renonce \u00e0 construire de nouveaux bureaux \u00e0 la Forsthaus (Photo : Depositphotos)<\/figcaption><\/figure>\n<p>En raison des co\u00fbts d'investissement \u00e9lev\u00e9s, les postes de travail de l'administration municipale ne seront pas concentr\u00e9s comme pr\u00e9vu sur le site de la Forsthaus, communique le conseil municipal de Berne. La construction d'un nouveau centre d'entretien regroupant les services \"Construction\", \"R\u00e9seau de canalisations\" et \"Garage\" du service municipal des travaux publics est en revanche n\u00e9cessaire.<\/p>\n<p>Il y a un an, les r\u00e9sultats du concours de projet en deux \u00e9tapes pour la construction combin\u00e9e d'un centre d'entretien municipal et d'un b\u00e2timent administratif pouvant accueillir jusqu'\u00e0 500 postes de travail ont \u00e9t\u00e9 pr\u00e9sent\u00e9s. A cette occasion, le conseil municipal a annonc\u00e9, au vu des premi\u00e8res estimations de co\u00fbts dans une fourchette de 85 \u00e0 110 millions de CHF, qu'il ne d\u00e9ciderait des \u00e9tapes ult\u00e9rieures du projet qu'apr\u00e8s avoir effectu\u00e9 une analyse de rentabilit\u00e9.<\/p>\n<h2>\"Une construction de 100 millions n'est pas d\u00e9fendable sur le plan financier\".<\/h2>\n<p>Le conseil municipal a d\u00e9cid\u00e9 de renoncer \u00e0 la construction d'un immeuble de bureaux \u00e0 la Forsthaus. Au vu des investissements d\u00e9j\u00e0 pr\u00e9vus dans les installations sportives et de loisirs ainsi que dans le domaine scolaire, une construction de 100 millions n'est pas d\u00e9fendable du point de vue de la politique financi\u00e8re, communique-t-il. De plus, la construction de bureaux ne pr\u00e9sente pas suffisamment d'am\u00e9liorations par rapport au statu quo pour la collaboration interdirectionnelle au sein de l'administration.<\/p>\n<p>La construction d'un nouveau centre d'entretien sur le site de la Forsthaus permettra en revanche de regrouper les trois entreprises \"Construction\", \"R\u00e9seau de canalisations\" et \"Garage\" du service municipal des travaux publics. Gr\u00e2ce aux synergies, des \u00e9conomies annuelles d'environ 0,5 million sont ainsi r\u00e9alis\u00e9es. Selon les estimations actuelles, la construction conforme \u00e0 l'affectation de la zone co\u00fbtera un peu plus de 40 millions. La prochaine \u00e9tape consiste \u00e0 formuler un programme spatial pour le nouveau centre d'entretien et \u00e0 lancer un nouveau projet. D'ici le deuxi\u00e8me trimestre 2018, le conseil municipal souhaite pouvoir d\u00e9cider d'un cr\u00e9dit d'\u00e9tude \u00e0 l'attention du conseil de ville.<\/p>","protected":false},"excerpt":{"rendered":"<p>Pour des raisons financi\u00e8res, le conseil municipal de Berne renonce \u00e0 la construction d'un nouveau b\u00e2timent administratif sur le site de Forsthof. En revanche, le nouveau Werkhof pr\u00e9vu doit \u00eatre construit.\u00a0<\/p>","protected":false},"author":3,"featured_media":5686,"comment_status":"open","ping_status":"open","sticky":false,"template":"","format":"standard","meta":{"_acf_changed":false,"_yoast_wpseo_focuskw":"Forsthaus","_yoast_wpseo_title":"","_yoast_wpseo_metadesc":"Der Berner Gemeinderat verzichtet aus finanziellen Gr\u00fcnden auf den Bau eines Verwaltungsgeb\u00e4udes am Forsthof. Der geplante Werkhof soll aber gebaut werden.","_yoast_wpseo_linkdex":75,"pgc_sgb_lightbox_settings":"","footnotes":""},"categories":[985],"tags":[1091,1600],"class_list":["post-8118","post","type-post","status-publish","format-standard","has-post-thumbnail","hentry","category-regionen","tag-bern","tag-projekt-in-planung"],"acf":[],"yoast_head":"<!-- This site is optimized with the Yoast SEO plugin v27.4 - https:\/\/yoast.com\/product\/yoast-seo-wordpress\/ -->\n<title>Bern: Kein Verwaltungsbau am Forsthaus - IMMOBILIEN Business<\/title>\n<meta name=\"description\" content=\"Der Berner Gemeinderat verzichtet aus finanziellen Gr\u00fcnden auf den Bau eines Verwaltungsgeb\u00e4udes am Forsthof. Der geplante Werkhof soll aber gebaut werden.\" \/>\n<meta name=\"robots\" content=\"index, follow, max-snippet:-1, max-image-preview:large, max-video-preview:-1\" \/>\n<link rel=\"canonical\" href=\"https:\/\/www.immobilienbusiness.ch\/fr\/regionen\/2017-06-28\/bern-kein-verwaltungsbau-am-forsthaus\/\" \/>\n<meta property=\"og:locale\" content=\"fr_FR\" \/>\n<meta property=\"og:type\" content=\"article\" \/>\n<meta property=\"og:title\" content=\"Bern: Kein Verwaltungsbau am Forsthaus\" \/>\n<meta property=\"og:description\" content=\"Der Berner Gemeinderat verzichtet aus finanziellen Gr\u00fcnden auf den Bau eines Verwaltungsgeb\u00e4udes am Forsthof. Der geplante Werkhof soll aber gebaut werden.\" \/>\n<meta property=\"og:url\" content=\"https:\/\/www.immobilienbusiness.ch\/fr\/regionen\/2017-06-28\/bern-kein-verwaltungsbau-am-forsthaus\/\" \/>\n<meta property=\"og:site_name\" content=\"IMMOBILIEN Business\" \/>\n<meta property=\"article:publisher\" content=\"https:\/\/www.facebook.com\/immobilienbusiness\/\" \/>\n<meta property=\"article:published_time\" content=\"2017-06-28T06:13:50+00:00\" \/>\n<meta property=\"og:image\" content=\"https:\/\/www.immobilienbusiness.ch\/wp-content\/uploads\/2017\/01\/Depositphotos_5878352_l-2015-1024x703.jpg\" \/>\n\t<meta property=\"og:image:width\" content=\"1024\" \/>\n\t<meta property=\"og:image:height\" content=\"703\" \/>\n\t<meta property=\"og:image:type\" content=\"image\/jpeg\" \/>\n<meta name=\"author\" content=\"anja.hall\" \/>\n<meta name=\"twitter:card\" content=\"summary_large_image\" \/>\n<meta name=\"twitter:title\" content=\"Bern: Kein Verwaltungsbau am Forsthaus\" \/>\n<meta name=\"twitter:description\" content=\"Der Berner Gemeinderat verzichtet aus finanziellen Gr\u00fcnden auf den Bau eines Verwaltungsgeb\u00e4udes am Forsthof. Der geplante Werkhof soll aber gebaut werden.\" \/>\n<meta name=\"twitter:image\" content=\"https:\/\/www.immobilienbusiness.ch\/wp-content\/uploads\/2017\/01\/Depositphotos_5878352_l-2015.jpg\" \/>\n<script type=\"application\/ld+json\" class=\"yoast-schema-graph\">{\"@context\":\"https:\\\/\\\/schema.org\",\"@graph\":[{\"@type\":\"Article\",\"@id\":\"https:\\\/\\\/www.immobilienbusiness.ch\\\/regionen\\\/2017-06-28\\\/bern-kein-verwaltungsbau-am-forsthaus\\\/#article\",\"isPartOf\":{\"@id\":\"https:\\\/\\\/www.immobilienbusiness.ch\\\/regionen\\\/2017-06-28\\\/bern-kein-verwaltungsbau-am-forsthaus\\\/\"},\"author\":{\"name\":\"anja.hall\",\"@id\":\"https:\\\/\\\/www.immobilienbusiness.ch\\\/#\\\/schema\\\/person\\\/3fc036297b10b9f42d6db5ee932af8c8\"},\"headline\":\"Bern: Kein Verwaltungsbau am Forsthaus\",\"datePublished\":\"2017-06-28T06:13:50+00:00\",\"mainEntityOfPage\":{\"@id\":\"https:\\\/\\\/www.immobilienbusiness.ch\\\/regionen\\\/2017-06-28\\\/bern-kein-verwaltungsbau-am-forsthaus\\\/\"},\"wordCount\":273,\"commentCount\":0,\"publisher\":{\"@id\":\"https:\\\/\\\/www.immobilienbusiness.ch\\\/#organization\"},\"image\":{\"@id\":\"https:\\\/\\\/www.immobilienbusiness.ch\\\/regionen\\\/2017-06-28\\\/bern-kein-verwaltungsbau-am-forsthaus\\\/#primaryimage\"},\"thumbnailUrl\":\"https:\\\/\\\/www.immobilienbusiness.ch\\\/wp-content\\\/uploads\\\/2017\\\/01\\\/Depositphotos_5878352_l-2015.jpg\",\"keywords\":[\"Bern\",\"Projekt in Planung\"],\"articleSection\":[\"REGIONEN\"],\"inLanguage\":\"fr-FR\"},{\"@type\":\"WebPage\",\"@id\":\"https:\\\/\\\/www.immobilienbusiness.ch\\\/regionen\\\/2017-06-28\\\/bern-kein-verwaltungsbau-am-forsthaus\\\/\",\"url\":\"https:\\\/\\\/www.immobilienbusiness.ch\\\/regionen\\\/2017-06-28\\\/bern-kein-verwaltungsbau-am-forsthaus\\\/\",\"name\":\"Bern: Kein Verwaltungsbau am Forsthaus - IMMOBILIEN Business\",\"isPartOf\":{\"@id\":\"https:\\\/\\\/www.immobilienbusiness.ch\\\/#website\"},\"primaryImageOfPage\":{\"@id\":\"https:\\\/\\\/www.immobilienbusiness.ch\\\/regionen\\\/2017-06-28\\\/bern-kein-verwaltungsbau-am-forsthaus\\\/#primaryimage\"},\"image\":{\"@id\":\"https:\\\/\\\/www.immobilienbusiness.ch\\\/regionen\\\/2017-06-28\\\/bern-kein-verwaltungsbau-am-forsthaus\\\/#primaryimage\"},\"thumbnailUrl\":\"https:\\\/\\\/www.immobilienbusiness.ch\\\/wp-content\\\/uploads\\\/2017\\\/01\\\/Depositphotos_5878352_l-2015.jpg\",\"datePublished\":\"2017-06-28T06:13:50+00:00\",\"description\":\"Der Berner Gemeinderat verzichtet aus finanziellen Gr\u00fcnden auf den Bau eines Verwaltungsgeb\u00e4udes am Forsthof. Der geplante Werkhof soll aber gebaut werden.\",\"breadcrumb\":{\"@id\":\"https:\\\/\\\/www.immobilienbusiness.ch\\\/regionen\\\/2017-06-28\\\/bern-kein-verwaltungsbau-am-forsthaus\\\/#breadcrumb\"},\"inLanguage\":\"fr-FR\",\"potentialAction\":[{\"@type\":\"ReadAction\",\"target\":[\"https:\\\/\\\/www.immobilienbusiness.ch\\\/regionen\\\/2017-06-28\\\/bern-kein-verwaltungsbau-am-forsthaus\\\/\"]}]},{\"@type\":\"ImageObject\",\"inLanguage\":\"fr-FR\",\"@id\":\"https:\\\/\\\/www.immobilienbusiness.ch\\\/regionen\\\/2017-06-28\\\/bern-kein-verwaltungsbau-am-forsthaus\\\/#primaryimage\",\"url\":\"https:\\\/\\\/www.immobilienbusiness.ch\\\/wp-content\\\/uploads\\\/2017\\\/01\\\/Depositphotos_5878352_l-2015.jpg\",\"contentUrl\":\"https:\\\/\\\/www.immobilienbusiness.ch\\\/wp-content\\\/uploads\\\/2017\\\/01\\\/Depositphotos_5878352_l-2015.jpg\",\"width\":1999,\"height\":1372,\"caption\":\"Bern will Zweitwohnungsboom in der Altstadt eind\u00e4mmen (Foto: Depositphotos)\"},{\"@type\":\"BreadcrumbList\",\"@id\":\"https:\\\/\\\/www.immobilienbusiness.ch\\\/regionen\\\/2017-06-28\\\/bern-kein-verwaltungsbau-am-forsthaus\\\/#breadcrumb\",\"itemListElement\":[{\"@type\":\"ListItem\",\"position\":1,\"name\":\"Home\",\"item\":\"https:\\\/\\\/www.immobilienbusiness.ch\\\/\"},{\"@type\":\"ListItem\",\"position\":2,\"name\":\"Bern: Kein Verwaltungsbau am Forsthaus\"}]},{\"@type\":\"WebSite\",\"@id\":\"https:\\\/\\\/www.immobilienbusiness.ch\\\/#website\",\"url\":\"https:\\\/\\\/www.immobilienbusiness.ch\\\/\",\"name\":\"IMMOBILIEN Business\",\"description\":\"Unabh\u00e4ngiges Schweizer Wirtschaftsmagazin mit Fokus auf Immobilien, Architektur- und Bau sowie Investment- und Finanzierung.\",\"publisher\":{\"@id\":\"https:\\\/\\\/www.immobilienbusiness.ch\\\/#organization\"},\"potentialAction\":[{\"@type\":\"SearchAction\",\"target\":{\"@type\":\"EntryPoint\",\"urlTemplate\":\"https:\\\/\\\/www.immobilienbusiness.ch\\\/?s={search_term_string}\"},\"query-input\":{\"@type\":\"PropertyValueSpecification\",\"valueRequired\":true,\"valueName\":\"search_term_string\"}}],\"inLanguage\":\"fr-FR\"},{\"@type\":\"Organization\",\"@id\":\"https:\\\/\\\/www.immobilienbusiness.ch\\\/#organization\",\"name\":\"IMMOBILIEN Business\",\"url\":\"https:\\\/\\\/www.immobilienbusiness.ch\\\/\",\"logo\":{\"@type\":\"ImageObject\",\"inLanguage\":\"fr-FR\",\"@id\":\"https:\\\/\\\/www.immobilienbusiness.ch\\\/#\\\/schema\\\/logo\\\/image\\\/\",\"url\":\"https:\\\/\\\/www.immobilienbusiness.ch\\\/wp-content\\\/uploads\\\/2021\\\/07\\\/logo_ib.png\",\"contentUrl\":\"https:\\\/\\\/www.immobilienbusiness.ch\\\/wp-content\\\/uploads\\\/2021\\\/07\\\/logo_ib.png\",\"width\":800,\"height\":181,\"caption\":\"IMMOBILIEN Business\"},\"image\":{\"@id\":\"https:\\\/\\\/www.immobilienbusiness.ch\\\/#\\\/schema\\\/logo\\\/image\\\/\"},\"sameAs\":[\"https:\\\/\\\/www.facebook.com\\\/immobilienbusiness\\\/\"]},{\"@type\":\"Person\",\"@id\":\"https:\\\/\\\/www.immobilienbusiness.ch\\\/#\\\/schema\\\/person\\\/3fc036297b10b9f42d6db5ee932af8c8\",\"name\":\"anja.hall\",\"image\":{\"@type\":\"ImageObject\",\"inLanguage\":\"fr-FR\",\"@id\":\"https:\\\/\\\/secure.gravatar.com\\\/avatar\\\/066b5a0d447013502c71a5782f4f3469f03cfe595cc2329fb94652fe47511bfb?s=96&d=mm&r=g\",\"url\":\"https:\\\/\\\/secure.gravatar.com\\\/avatar\\\/066b5a0d447013502c71a5782f4f3469f03cfe595cc2329fb94652fe47511bfb?s=96&d=mm&r=g\",\"contentUrl\":\"https:\\\/\\\/secure.gravatar.com\\\/avatar\\\/066b5a0d447013502c71a5782f4f3469f03cfe595cc2329fb94652fe47511bfb?s=96&d=mm&r=g\",\"caption\":\"anja.hall\"},\"url\":\"https:\\\/\\\/www.immobilienbusiness.ch\\\/fr\\\/author\\\/anja-hall\\\/\"}]}<\/script>\n<!-- \/ Yoast SEO plugin. -->","yoast_head_json":{"title":"Bern: Kein Verwaltungsbau am Forsthaus - IMMOBILIEN Business","description":"Der Berner Gemeinderat verzichtet aus finanziellen Gr\u00fcnden auf den Bau eines Verwaltungsgeb\u00e4udes am Forsthof. Der geplante Werkhof soll aber gebaut werden.","robots":{"index":"index","follow":"follow","max-snippet":"max-snippet:-1","max-image-preview":"max-image-preview:large","max-video-preview":"max-video-preview:-1"},"canonical":"https:\/\/www.immobilienbusiness.ch\/fr\/regionen\/2017-06-28\/bern-kein-verwaltungsbau-am-forsthaus\/","og_locale":"fr_FR","og_type":"article","og_title":"Bern: Kein Verwaltungsbau am Forsthaus","og_description":"Der Berner Gemeinderat verzichtet aus finanziellen Gr\u00fcnden auf den Bau eines Verwaltungsgeb\u00e4udes am Forsthof. Der geplante Werkhof soll aber gebaut werden.","og_url":"https:\/\/www.immobilienbusiness.ch\/fr\/regionen\/2017-06-28\/bern-kein-verwaltungsbau-am-forsthaus\/","og_site_name":"IMMOBILIEN Business","article_publisher":"https:\/\/www.facebook.com\/immobilienbusiness\/","article_published_time":"2017-06-28T06:13:50+00:00","og_image":[{"width":1024,"height":703,"url":"https:\/\/www.immobilienbusiness.ch\/wp-content\/uploads\/2017\/01\/Depositphotos_5878352_l-2015-1024x703.jpg","type":"image\/jpeg"}],"author":"anja.hall","twitter_card":"summary_large_image","twitter_title":"Bern: Kein Verwaltungsbau am Forsthaus","twitter_description":"Der Berner Gemeinderat verzichtet aus finanziellen Gr\u00fcnden auf den Bau eines Verwaltungsgeb\u00e4udes am Forsthof. Der geplante Werkhof soll aber gebaut werden.","twitter_image":"https:\/\/www.immobilienbusiness.ch\/wp-content\/uploads\/2017\/01\/Depositphotos_5878352_l-2015.jpg","schema":{"@context":"https:\/\/schema.org","@graph":[{"@type":"Article","@id":"https:\/\/www.immobilienbusiness.ch\/regionen\/2017-06-28\/bern-kein-verwaltungsbau-am-forsthaus\/#article","isPartOf":{"@id":"https:\/\/www.immobilienbusiness.ch\/regionen\/2017-06-28\/bern-kein-verwaltungsbau-am-forsthaus\/"},"author":{"name":"anja.hall","@id":"https:\/\/www.immobilienbusiness.ch\/#\/schema\/person\/3fc036297b10b9f42d6db5ee932af8c8"},"headline":"Bern: Kein Verwaltungsbau am Forsthaus","datePublished":"2017-06-28T06:13:50+00:00","mainEntityOfPage":{"@id":"https:\/\/www.immobilienbusiness.ch\/regionen\/2017-06-28\/bern-kein-verwaltungsbau-am-forsthaus\/"},"wordCount":273,"commentCount":0,"publisher":{"@id":"https:\/\/www.immobilienbusiness.ch\/#organization"},"image":{"@id":"https:\/\/www.immobilienbusiness.ch\/regionen\/2017-06-28\/bern-kein-verwaltungsbau-am-forsthaus\/#primaryimage"},"thumbnailUrl":"https:\/\/www.immobilienbusiness.ch\/wp-content\/uploads\/2017\/01\/Depositphotos_5878352_l-2015.jpg","keywords":["Bern","Projekt in Planung"],"articleSection":["REGIONEN"],"inLanguage":"fr-FR"},{"@type":"WebPage","@id":"https:\/\/www.immobilienbusiness.ch\/regionen\/2017-06-28\/bern-kein-verwaltungsbau-am-forsthaus\/","url":"https:\/\/www.immobilienbusiness.ch\/regionen\/2017-06-28\/bern-kein-verwaltungsbau-am-forsthaus\/","name":"Bern: Kein Verwaltungsbau am Forsthaus - IMMOBILIEN Business","isPartOf":{"@id":"https:\/\/www.immobilienbusiness.ch\/#website"},"primaryImageOfPage":{"@id":"https:\/\/www.immobilienbusiness.ch\/regionen\/2017-06-28\/bern-kein-verwaltungsbau-am-forsthaus\/#primaryimage"},"image":{"@id":"https:\/\/www.immobilienbusiness.ch\/regionen\/2017-06-28\/bern-kein-verwaltungsbau-am-forsthaus\/#primaryimage"},"thumbnailUrl":"https:\/\/www.immobilienbusiness.ch\/wp-content\/uploads\/2017\/01\/Depositphotos_5878352_l-2015.jpg","datePublished":"2017-06-28T06:13:50+00:00","description":"Der Berner Gemeinderat verzichtet aus finanziellen Gr\u00fcnden auf den Bau eines Verwaltungsgeb\u00e4udes am Forsthof. Der geplante Werkhof soll aber gebaut werden.","breadcrumb":{"@id":"https:\/\/www.immobilienbusiness.ch\/regionen\/2017-06-28\/bern-kein-verwaltungsbau-am-forsthaus\/#breadcrumb"},"inLanguage":"fr-FR","potentialAction":[{"@type":"ReadAction","target":["https:\/\/www.immobilienbusiness.ch\/regionen\/2017-06-28\/bern-kein-verwaltungsbau-am-forsthaus\/"]}]},{"@type":"ImageObject","inLanguage":"fr-FR","@id":"https:\/\/www.immobilienbusiness.ch\/regionen\/2017-06-28\/bern-kein-verwaltungsbau-am-forsthaus\/#primaryimage","url":"https:\/\/www.immobilienbusiness.ch\/wp-content\/uploads\/2017\/01\/Depositphotos_5878352_l-2015.jpg","contentUrl":"https:\/\/www.immobilienbusiness.ch\/wp-content\/uploads\/2017\/01\/Depositphotos_5878352_l-2015.jpg","width":1999,"height":1372,"caption":"Bern will Zweitwohnungsboom in der Altstadt eind\u00e4mmen (Foto: Depositphotos)"},{"@type":"BreadcrumbList","@id":"https:\/\/www.immobilienbusiness.ch\/regionen\/2017-06-28\/bern-kein-verwaltungsbau-am-forsthaus\/#breadcrumb","itemListElement":[{"@type":"ListItem","position":1,"name":"Home","item":"https:\/\/www.immobilienbusiness.ch\/"},{"@type":"ListItem","position":2,"name":"Bern: Kein Verwaltungsbau am Forsthaus"}]},{"@type":"WebSite","@id":"https:\/\/www.immobilienbusiness.ch\/#website","url":"https:\/\/www.immobilienbusiness.ch\/","name":"IMMOBILIER Business","description":"Magazine \u00e9conomique suisse ind\u00e9pendant ax\u00e9 sur l'immobilier, l'architecture et la construction ainsi que sur les investissements et le financement.","publisher":{"@id":"https:\/\/www.immobilienbusiness.ch\/#organization"},"potentialAction":[{"@type":"SearchAction","target":{"@type":"EntryPoint","urlTemplate":"https:\/\/www.immobilienbusiness.ch\/?s={search_term_string}"},"query-input":{"@type":"PropertyValueSpecification","valueRequired":true,"valueName":"search_term_string"}}],"inLanguage":"fr-FR"},{"@type":"Organization","@id":"https:\/\/www.immobilienbusiness.ch\/#organization","name":"IMMOBILIER Business","url":"https:\/\/www.immobilienbusiness.ch\/","logo":{"@type":"ImageObject","inLanguage":"fr-FR","@id":"https:\/\/www.immobilienbusiness.ch\/#\/schema\/logo\/image\/","url":"https:\/\/www.immobilienbusiness.ch\/wp-content\/uploads\/2021\/07\/logo_ib.png","contentUrl":"https:\/\/www.immobilienbusiness.ch\/wp-content\/uploads\/2021\/07\/logo_ib.png","width":800,"height":181,"caption":"IMMOBILIEN Business"},"image":{"@id":"https:\/\/www.immobilienbusiness.ch\/#\/schema\/logo\/image\/"},"sameAs":["https:\/\/www.facebook.com\/immobilienbusiness\/"]},{"@type":"Person","@id":"https:\/\/www.immobilienbusiness.ch\/#\/schema\/person\/3fc036297b10b9f42d6db5ee932af8c8","name":"anja.hall","image":{"@type":"ImageObject","inLanguage":"fr-FR","@id":"https:\/\/secure.gravatar.com\/avatar\/066b5a0d447013502c71a5782f4f3469f03cfe595cc2329fb94652fe47511bfb?s=96&d=mm&r=g","url":"https:\/\/secure.gravatar.com\/avatar\/066b5a0d447013502c71a5782f4f3469f03cfe595cc2329fb94652fe47511bfb?s=96&d=mm&r=g","contentUrl":"https:\/\/secure.gravatar.com\/avatar\/066b5a0d447013502c71a5782f4f3469f03cfe595cc2329fb94652fe47511bfb?s=96&d=mm&r=g","caption":"anja.hall"},"url":"https:\/\/www.immobilienbusiness.ch\/fr\/author\/anja-hall\/"}]}},"_links":{"self":[{"href":"https:\/\/www.immobilienbusiness.ch\/fr\/wp-json\/wp\/v2\/posts\/8118","targetHints":{"allow":["GET"]}}],"collection":[{"href":"https:\/\/www.immobilienbusiness.ch\/fr\/wp-json\/wp\/v2\/posts"}],"about":[{"href":"https:\/\/www.immobilienbusiness.ch\/fr\/wp-json\/wp\/v2\/types\/post"}],"author":[{"embeddable":true,"href":"https:\/\/www.immobilienbusiness.ch\/fr\/wp-json\/wp\/v2\/users\/3"}],"replies":[{"embeddable":true,"href":"https:\/\/www.immobilienbusiness.ch\/fr\/wp-json\/wp\/v2\/comments?post=8118"}],"version-history":[{"count":0,"href":"https:\/\/www.immobilienbusiness.ch\/fr\/wp-json\/wp\/v2\/posts\/8118\/revisions"}],"wp:featuredmedia":[{"embeddable":true,"href":"https:\/\/www.immobilienbusiness.ch\/fr\/wp-json\/wp\/v2\/media\/5686"}],"wp:attachment":[{"href":"https:\/\/www.immobilienbusiness.ch\/fr\/wp-json\/wp\/v2\/media?parent=8118"}],"wp:term":[{"taxonomy":"category","embeddable":true,"href":"https:\/\/www.immobilienbusiness.ch\/fr\/wp-json\/wp\/v2\/categories?post=8118"},{"taxonomy":"post_tag","embeddable":true,"href":"https:\/\/www.immobilienbusiness.ch\/fr\/wp-json\/wp\/v2\/tags?post=8118"}],"curies":[{"name":"wp","href":"https:\/\/api.w.org\/{rel}","templated":true}]}}