{"id":8098,"date":"2017-06-26T09:16:22","date_gmt":"2017-06-26T07:16:22","guid":{"rendered":"https:\/\/www.immobilienbusiness.ch\/?p=8098"},"modified":"2017-06-26T09:16:22","modified_gmt":"2017-06-26T07:16:22","slug":"fundamenta-erweitert-portfolio-2","status":"publish","type":"post","link":"https:\/\/www.immobilienbusiness.ch\/fr\/unternehmen\/2017-06-26\/fundamenta-erweitert-portfolio-2\/","title":{"rendered":"Fundamenta \u00e9largit son portefeuille"},"content":{"rendered":"<figure id=\"attachment_6717\" aria-describedby=\"caption-attachment-6717\" style=\"width: 680px\" class=\"wp-caption alignnone\"><img loading=\"lazy\" decoding=\"async\" class=\"size-medium wp-image-6717\" src=\"https:\/\/www.immobilienbusiness.ch\/wp-content\/uploads\/2017\/03\/Depositphotos_23097630_m-2015.jpg\" alt=\"\" width=\"680\" height=\"427\" srcset=\"https:\/\/www.immobilienbusiness.ch\/wp-content\/uploads\/2017\/03\/Depositphotos_23097630_m-2015.jpg 1000w, https:\/\/www.immobilienbusiness.ch\/wp-content\/uploads\/2017\/03\/Depositphotos_23097630_m-2015-300x188.jpg 300w, https:\/\/www.immobilienbusiness.ch\/wp-content\/uploads\/2017\/03\/Depositphotos_23097630_m-2015-768x482.jpg 768w, https:\/\/www.immobilienbusiness.ch\/wp-content\/uploads\/2017\/03\/Depositphotos_23097630_m-2015-16x10.jpg 16w, https:\/\/www.immobilienbusiness.ch\/wp-content\/uploads\/2017\/03\/Depositphotos_23097630_m-2015-279x175.jpg 279w, https:\/\/www.immobilienbusiness.ch\/wp-content\/uploads\/2017\/03\/Depositphotos_23097630_m-2015-557x350.jpg 557w, https:\/\/www.immobilienbusiness.ch\/wp-content\/uploads\/2017\/03\/Depositphotos_23097630_m-2015-920x578.jpg 920w\" sizes=\"auto, (max-width: 680px) 100vw, 680px\" \/><figcaption id=\"caption-attachment-6717\" class=\"wp-caption-text\">Fundamenta \u00e9largit son portefeuille et pr\u00e9voit une augmentation de capital (Image : Melpomene - depositphotos)<\/figcaption><\/figure>\n<p>Fundamenta Real Estate a acquis deux immeubles existants \u00e0 Allschwil et Therwil pr\u00e8s de B\u00e2le ainsi qu'un immeuble situ\u00e9 au centre de la ville de Lucerne. La soci\u00e9t\u00e9 estime la valeur de march\u00e9 des biens immobiliers \u00e0 36 millions.<\/p>\n<p>De plus, Fundamenta a acquis un immeuble \u00e0 Zurich-Schlieren, o\u00f9 un nouveau b\u00e2timent de remplacement est pr\u00e9vu en tant que d\u00e9veloppement de projet. La valeur du projet est estim\u00e9e \u00e0 17 millions.<\/p>\n<p>Selon l'entreprise, le repositionnement et la r\u00e9novation d'un immeuble de la Zentralstrasse \u00e0 Zurich se trouvent actuellement en phase de r\u00e9alisation et devraient \u00eatre achev\u00e9s cette ann\u00e9e encore. Toujours en ville de Zurich (Rosengartenstrasse), Fundamenta vise l'obtention d'un permis de construire pour un projet de d\u00e9veloppement avec des logements locatifs pr\u00e9vus.<\/p>\n<h2>La valeur du portefeuille total atteint 561 millions<\/h2>\n<p>Les nouveaux projets de construction en cours \u00e0 Winterthour (36 unit\u00e9s d'habitation) et Hinwil (38 unit\u00e9s d'habitation) pourront \u00eatre int\u00e9gr\u00e9s au portefeuille plus t\u00f4t que pr\u00e9vu, respectivement en juin 2017 et probablement en ao\u00fbt 2017, indique Fundamenta. Le taux d'occupation des deux nouvelles constructions est d'environ 90 pour cent.<\/p>\n<p>Les revenus locatifs issus de l'utilisation r\u00e9sidentielle s'\u00e9l\u00e8vent actuellement \u00e0 plus de 90 pour cent dans le portefeuille. Le portefeuille de Fundamenta Real Estate atteint, sans autres transactions, une valeur de march\u00e9 d'environ 504 millions au 30 juin 2017 selon les pr\u00e9visions (biens immobiliers existants sans tenir compte des \u00e9ventuelles adaptations de valeur au 30 juin 2017). En incluant les projets de d\u00e9veloppement et de construction en cours, la valeur de march\u00e9 (sans tenir compte d'\u00e9ventuels ajustements de valeur au 30 juin 2017) devrait s'\u00e9lever \u00e0 environ 561 millions, selon les indications de l'entreprise.<\/p>\n<p>Afin de poursuivre sur la voie de la croissance, Fundamenta veut proc\u00e9der \u00e0 une augmentation de capital. La soci\u00e9t\u00e9 communiquera des informations d\u00e9taill\u00e9es \u00e0 une date ult\u00e9rieure, lorsque les d\u00e9cisions correspondantes concernant la r\u00e9alisation et les conditions auront \u00e9t\u00e9 prises. La Banque cantonale de Zurich est pr\u00e9vue comme chef de file et Fundamenta Group (Suisse) SA doit accompagner cette transaction en tant que seul agent de vente.<\/p>","protected":false},"excerpt":{"rendered":"<p>Fundamenta Real Estate AG a consid\u00e9rablement d\u00e9velopp\u00e9 son portefeuille au cours des cinq premiers mois de l'ann\u00e9e en cours. Trois immeubles existants et un projet de d\u00e9veloppement ont \u00e9t\u00e9 acquis pour un volume d'investissement total de 53 millions de CHF.<\/p>","protected":false},"author":3,"featured_media":6717,"comment_status":"open","ping_status":"open","sticky":false,"template":"","format":"standard","meta":{"_acf_changed":false,"_yoast_wpseo_focuskw":"Fundamenta","_yoast_wpseo_title":"","_yoast_wpseo_metadesc":"","_yoast_wpseo_linkdex":43,"pgc_sgb_lightbox_settings":"","footnotes":""},"categories":[988],"tags":[1329,1412,1807,1862],"class_list":["post-8098","post","type-post","status-publish","format-standard","has-post-thumbnail","hentry","category-unternehmen","tag-immobilien-ag","tag-kapitalerhoehung","tag-unternehmen","tag-wohnen"],"acf":[],"yoast_head":"<!-- This site is optimized with the Yoast SEO plugin v27.4 - https:\/\/yoast.com\/product\/yoast-seo-wordpress\/ -->\n<title>Fundamenta erweitert Portfolio - IMMOBILIEN Business<\/title>\n<meta name=\"robots\" content=\"index, follow, max-snippet:-1, max-image-preview:large, max-video-preview:-1\" \/>\n<link rel=\"canonical\" href=\"https:\/\/www.immobilienbusiness.ch\/fr\/unternehmen\/2017-06-26\/fundamenta-erweitert-portfolio-2\/\" \/>\n<meta property=\"og:locale\" content=\"fr_FR\" \/>\n<meta property=\"og:type\" content=\"article\" \/>\n<meta property=\"og:title\" content=\"Fundamenta erweitert Portfolio\" \/>\n<meta property=\"og:description\" content=\"Die Fundamenta Real Estate AG hat in den ersten f\u00fcnf Monaten des laufenden Jahres ihr Portfolio deutlich ausgebaut.\" \/>\n<meta property=\"og:url\" content=\"https:\/\/www.immobilienbusiness.ch\/fr\/unternehmen\/2017-06-26\/fundamenta-erweitert-portfolio-2\/\" \/>\n<meta property=\"og:site_name\" content=\"IMMOBILIEN Business\" \/>\n<meta property=\"article:publisher\" content=\"https:\/\/www.facebook.com\/immobilienbusiness\/\" \/>\n<meta property=\"article:published_time\" content=\"2017-06-26T07:16:22+00:00\" \/>\n<meta property=\"og:image\" content=\"https:\/\/www.immobilienbusiness.ch\/wp-content\/uploads\/2017\/03\/Depositphotos_23097630_m-2015.jpg\" \/>\n\t<meta property=\"og:image:width\" content=\"1000\" \/>\n\t<meta property=\"og:image:height\" content=\"628\" \/>\n\t<meta property=\"og:image:type\" content=\"image\/jpeg\" \/>\n<meta name=\"author\" content=\"anja.hall\" \/>\n<meta name=\"twitter:card\" content=\"summary_large_image\" \/>\n<meta name=\"twitter:title\" content=\"Fundamenta erweitert Portfolio\" \/>\n<meta name=\"twitter:description\" content=\"Die Fundamenta Real Estate AG hat in den ersten f\u00fcnf Monaten des laufenden Jahres ihr Portfolio deutlich ausgebaut.\" \/>\n<meta name=\"twitter:image\" content=\"https:\/\/www.immobilienbusiness.ch\/wp-content\/uploads\/2017\/03\/Depositphotos_23097630_m-2015.jpg\" \/>\n<script type=\"application\/ld+json\" class=\"yoast-schema-graph\">{\"@context\":\"https:\\\/\\\/schema.org\",\"@graph\":[{\"@type\":\"Article\",\"@id\":\"https:\\\/\\\/www.immobilienbusiness.ch\\\/unternehmen\\\/2017-06-26\\\/fundamenta-erweitert-portfolio-2\\\/#article\",\"isPartOf\":{\"@id\":\"https:\\\/\\\/www.immobilienbusiness.ch\\\/unternehmen\\\/2017-06-26\\\/fundamenta-erweitert-portfolio-2\\\/\"},\"author\":{\"name\":\"anja.hall\",\"@id\":\"https:\\\/\\\/www.immobilienbusiness.ch\\\/#\\\/schema\\\/person\\\/3fc036297b10b9f42d6db5ee932af8c8\"},\"headline\":\"Fundamenta erweitert Portfolio\",\"datePublished\":\"2017-06-26T07:16:22+00:00\",\"mainEntityOfPage\":{\"@id\":\"https:\\\/\\\/www.immobilienbusiness.ch\\\/unternehmen\\\/2017-06-26\\\/fundamenta-erweitert-portfolio-2\\\/\"},\"wordCount\":291,\"commentCount\":0,\"publisher\":{\"@id\":\"https:\\\/\\\/www.immobilienbusiness.ch\\\/#organization\"},\"image\":{\"@id\":\"https:\\\/\\\/www.immobilienbusiness.ch\\\/unternehmen\\\/2017-06-26\\\/fundamenta-erweitert-portfolio-2\\\/#primaryimage\"},\"thumbnailUrl\":\"https:\\\/\\\/www.immobilienbusiness.ch\\\/wp-content\\\/uploads\\\/2017\\\/03\\\/Depositphotos_23097630_m-2015.jpg\",\"keywords\":[\"Immobilien-AG\",\"Kapitalerh\u00f6hung\",\"Unternehmen\",\"Wohnen\"],\"articleSection\":[\"UNTERNEHMEN\"],\"inLanguage\":\"fr-FR\"},{\"@type\":\"WebPage\",\"@id\":\"https:\\\/\\\/www.immobilienbusiness.ch\\\/unternehmen\\\/2017-06-26\\\/fundamenta-erweitert-portfolio-2\\\/\",\"url\":\"https:\\\/\\\/www.immobilienbusiness.ch\\\/unternehmen\\\/2017-06-26\\\/fundamenta-erweitert-portfolio-2\\\/\",\"name\":\"Fundamenta erweitert Portfolio - IMMOBILIEN Business\",\"isPartOf\":{\"@id\":\"https:\\\/\\\/www.immobilienbusiness.ch\\\/#website\"},\"primaryImageOfPage\":{\"@id\":\"https:\\\/\\\/www.immobilienbusiness.ch\\\/unternehmen\\\/2017-06-26\\\/fundamenta-erweitert-portfolio-2\\\/#primaryimage\"},\"image\":{\"@id\":\"https:\\\/\\\/www.immobilienbusiness.ch\\\/unternehmen\\\/2017-06-26\\\/fundamenta-erweitert-portfolio-2\\\/#primaryimage\"},\"thumbnailUrl\":\"https:\\\/\\\/www.immobilienbusiness.ch\\\/wp-content\\\/uploads\\\/2017\\\/03\\\/Depositphotos_23097630_m-2015.jpg\",\"datePublished\":\"2017-06-26T07:16:22+00:00\",\"breadcrumb\":{\"@id\":\"https:\\\/\\\/www.immobilienbusiness.ch\\\/unternehmen\\\/2017-06-26\\\/fundamenta-erweitert-portfolio-2\\\/#breadcrumb\"},\"inLanguage\":\"fr-FR\",\"potentialAction\":[{\"@type\":\"ReadAction\",\"target\":[\"https:\\\/\\\/www.immobilienbusiness.ch\\\/unternehmen\\\/2017-06-26\\\/fundamenta-erweitert-portfolio-2\\\/\"]}]},{\"@type\":\"ImageObject\",\"inLanguage\":\"fr-FR\",\"@id\":\"https:\\\/\\\/www.immobilienbusiness.ch\\\/unternehmen\\\/2017-06-26\\\/fundamenta-erweitert-portfolio-2\\\/#primaryimage\",\"url\":\"https:\\\/\\\/www.immobilienbusiness.ch\\\/wp-content\\\/uploads\\\/2017\\\/03\\\/Depositphotos_23097630_m-2015.jpg\",\"contentUrl\":\"https:\\\/\\\/www.immobilienbusiness.ch\\\/wp-content\\\/uploads\\\/2017\\\/03\\\/Depositphotos_23097630_m-2015.jpg\",\"width\":1000,\"height\":628,\"caption\":\"Steiner steigert Umsatz und Gewinn (Bild: Melpomene - depositphotos)\"},{\"@type\":\"BreadcrumbList\",\"@id\":\"https:\\\/\\\/www.immobilienbusiness.ch\\\/unternehmen\\\/2017-06-26\\\/fundamenta-erweitert-portfolio-2\\\/#breadcrumb\",\"itemListElement\":[{\"@type\":\"ListItem\",\"position\":1,\"name\":\"Home\",\"item\":\"https:\\\/\\\/www.immobilienbusiness.ch\\\/\"},{\"@type\":\"ListItem\",\"position\":2,\"name\":\"Fundamenta erweitert Portfolio\"}]},{\"@type\":\"WebSite\",\"@id\":\"https:\\\/\\\/www.immobilienbusiness.ch\\\/#website\",\"url\":\"https:\\\/\\\/www.immobilienbusiness.ch\\\/\",\"name\":\"IMMOBILIEN Business\",\"description\":\"Unabh\u00e4ngiges Schweizer Wirtschaftsmagazin mit Fokus auf Immobilien, Architektur- und Bau sowie Investment- und Finanzierung.\",\"publisher\":{\"@id\":\"https:\\\/\\\/www.immobilienbusiness.ch\\\/#organization\"},\"potentialAction\":[{\"@type\":\"SearchAction\",\"target\":{\"@type\":\"EntryPoint\",\"urlTemplate\":\"https:\\\/\\\/www.immobilienbusiness.ch\\\/?s={search_term_string}\"},\"query-input\":{\"@type\":\"PropertyValueSpecification\",\"valueRequired\":true,\"valueName\":\"search_term_string\"}}],\"inLanguage\":\"fr-FR\"},{\"@type\":\"Organization\",\"@id\":\"https:\\\/\\\/www.immobilienbusiness.ch\\\/#organization\",\"name\":\"IMMOBILIEN Business\",\"url\":\"https:\\\/\\\/www.immobilienbusiness.ch\\\/\",\"logo\":{\"@type\":\"ImageObject\",\"inLanguage\":\"fr-FR\",\"@id\":\"https:\\\/\\\/www.immobilienbusiness.ch\\\/#\\\/schema\\\/logo\\\/image\\\/\",\"url\":\"https:\\\/\\\/www.immobilienbusiness.ch\\\/wp-content\\\/uploads\\\/2021\\\/07\\\/logo_ib.png\",\"contentUrl\":\"https:\\\/\\\/www.immobilienbusiness.ch\\\/wp-content\\\/uploads\\\/2021\\\/07\\\/logo_ib.png\",\"width\":800,\"height\":181,\"caption\":\"IMMOBILIEN Business\"},\"image\":{\"@id\":\"https:\\\/\\\/www.immobilienbusiness.ch\\\/#\\\/schema\\\/logo\\\/image\\\/\"},\"sameAs\":[\"https:\\\/\\\/www.facebook.com\\\/immobilienbusiness\\\/\"]},{\"@type\":\"Person\",\"@id\":\"https:\\\/\\\/www.immobilienbusiness.ch\\\/#\\\/schema\\\/person\\\/3fc036297b10b9f42d6db5ee932af8c8\",\"name\":\"anja.hall\",\"image\":{\"@type\":\"ImageObject\",\"inLanguage\":\"fr-FR\",\"@id\":\"https:\\\/\\\/secure.gravatar.com\\\/avatar\\\/066b5a0d447013502c71a5782f4f3469f03cfe595cc2329fb94652fe47511bfb?s=96&d=mm&r=g\",\"url\":\"https:\\\/\\\/secure.gravatar.com\\\/avatar\\\/066b5a0d447013502c71a5782f4f3469f03cfe595cc2329fb94652fe47511bfb?s=96&d=mm&r=g\",\"contentUrl\":\"https:\\\/\\\/secure.gravatar.com\\\/avatar\\\/066b5a0d447013502c71a5782f4f3469f03cfe595cc2329fb94652fe47511bfb?s=96&d=mm&r=g\",\"caption\":\"anja.hall\"},\"url\":\"https:\\\/\\\/www.immobilienbusiness.ch\\\/fr\\\/author\\\/anja-hall\\\/\"}]}<\/script>\n<!-- \/ Yoast SEO plugin. -->","yoast_head_json":{"title":"Fundamenta \u00e9largit son portefeuille - IMMOBILIER Business","robots":{"index":"index","follow":"follow","max-snippet":"max-snippet:-1","max-image-preview":"max-image-preview:large","max-video-preview":"max-video-preview:-1"},"canonical":"https:\/\/www.immobilienbusiness.ch\/fr\/unternehmen\/2017-06-26\/fundamenta-erweitert-portfolio-2\/","og_locale":"fr_FR","og_type":"article","og_title":"Fundamenta erweitert Portfolio","og_description":"Die Fundamenta Real Estate AG hat in den ersten f\u00fcnf Monaten des laufenden Jahres ihr Portfolio deutlich ausgebaut.","og_url":"https:\/\/www.immobilienbusiness.ch\/fr\/unternehmen\/2017-06-26\/fundamenta-erweitert-portfolio-2\/","og_site_name":"IMMOBILIEN Business","article_publisher":"https:\/\/www.facebook.com\/immobilienbusiness\/","article_published_time":"2017-06-26T07:16:22+00:00","og_image":[{"width":1000,"height":628,"url":"https:\/\/www.immobilienbusiness.ch\/wp-content\/uploads\/2017\/03\/Depositphotos_23097630_m-2015.jpg","type":"image\/jpeg"}],"author":"anja.hall","twitter_card":"summary_large_image","twitter_title":"Fundamenta erweitert Portfolio","twitter_description":"Die Fundamenta Real Estate AG hat in den ersten f\u00fcnf Monaten des laufenden Jahres ihr Portfolio deutlich ausgebaut.","twitter_image":"https:\/\/www.immobilienbusiness.ch\/wp-content\/uploads\/2017\/03\/Depositphotos_23097630_m-2015.jpg","schema":{"@context":"https:\/\/schema.org","@graph":[{"@type":"Article","@id":"https:\/\/www.immobilienbusiness.ch\/unternehmen\/2017-06-26\/fundamenta-erweitert-portfolio-2\/#article","isPartOf":{"@id":"https:\/\/www.immobilienbusiness.ch\/unternehmen\/2017-06-26\/fundamenta-erweitert-portfolio-2\/"},"author":{"name":"anja.hall","@id":"https:\/\/www.immobilienbusiness.ch\/#\/schema\/person\/3fc036297b10b9f42d6db5ee932af8c8"},"headline":"Fundamenta erweitert Portfolio","datePublished":"2017-06-26T07:16:22+00:00","mainEntityOfPage":{"@id":"https:\/\/www.immobilienbusiness.ch\/unternehmen\/2017-06-26\/fundamenta-erweitert-portfolio-2\/"},"wordCount":291,"commentCount":0,"publisher":{"@id":"https:\/\/www.immobilienbusiness.ch\/#organization"},"image":{"@id":"https:\/\/www.immobilienbusiness.ch\/unternehmen\/2017-06-26\/fundamenta-erweitert-portfolio-2\/#primaryimage"},"thumbnailUrl":"https:\/\/www.immobilienbusiness.ch\/wp-content\/uploads\/2017\/03\/Depositphotos_23097630_m-2015.jpg","keywords":["Immobilien-AG","Kapitalerh\u00f6hung","Unternehmen","Wohnen"],"articleSection":["UNTERNEHMEN"],"inLanguage":"fr-FR"},{"@type":"WebPage","@id":"https:\/\/www.immobilienbusiness.ch\/unternehmen\/2017-06-26\/fundamenta-erweitert-portfolio-2\/","url":"https:\/\/www.immobilienbusiness.ch\/unternehmen\/2017-06-26\/fundamenta-erweitert-portfolio-2\/","name":"Fundamenta \u00e9largit son portefeuille - IMMOBILIER Business","isPartOf":{"@id":"https:\/\/www.immobilienbusiness.ch\/#website"},"primaryImageOfPage":{"@id":"https:\/\/www.immobilienbusiness.ch\/unternehmen\/2017-06-26\/fundamenta-erweitert-portfolio-2\/#primaryimage"},"image":{"@id":"https:\/\/www.immobilienbusiness.ch\/unternehmen\/2017-06-26\/fundamenta-erweitert-portfolio-2\/#primaryimage"},"thumbnailUrl":"https:\/\/www.immobilienbusiness.ch\/wp-content\/uploads\/2017\/03\/Depositphotos_23097630_m-2015.jpg","datePublished":"2017-06-26T07:16:22+00:00","breadcrumb":{"@id":"https:\/\/www.immobilienbusiness.ch\/unternehmen\/2017-06-26\/fundamenta-erweitert-portfolio-2\/#breadcrumb"},"inLanguage":"fr-FR","potentialAction":[{"@type":"ReadAction","target":["https:\/\/www.immobilienbusiness.ch\/unternehmen\/2017-06-26\/fundamenta-erweitert-portfolio-2\/"]}]},{"@type":"ImageObject","inLanguage":"fr-FR","@id":"https:\/\/www.immobilienbusiness.ch\/unternehmen\/2017-06-26\/fundamenta-erweitert-portfolio-2\/#primaryimage","url":"https:\/\/www.immobilienbusiness.ch\/wp-content\/uploads\/2017\/03\/Depositphotos_23097630_m-2015.jpg","contentUrl":"https:\/\/www.immobilienbusiness.ch\/wp-content\/uploads\/2017\/03\/Depositphotos_23097630_m-2015.jpg","width":1000,"height":628,"caption":"Steiner steigert Umsatz und Gewinn (Bild: Melpomene - depositphotos)"},{"@type":"BreadcrumbList","@id":"https:\/\/www.immobilienbusiness.ch\/unternehmen\/2017-06-26\/fundamenta-erweitert-portfolio-2\/#breadcrumb","itemListElement":[{"@type":"ListItem","position":1,"name":"Home","item":"https:\/\/www.immobilienbusiness.ch\/"},{"@type":"ListItem","position":2,"name":"Fundamenta erweitert Portfolio"}]},{"@type":"WebSite","@id":"https:\/\/www.immobilienbusiness.ch\/#website","url":"https:\/\/www.immobilienbusiness.ch\/","name":"IMMOBILIER Business","description":"Magazine \u00e9conomique suisse ind\u00e9pendant ax\u00e9 sur l'immobilier, l'architecture et la construction ainsi que sur les investissements et le financement.","publisher":{"@id":"https:\/\/www.immobilienbusiness.ch\/#organization"},"potentialAction":[{"@type":"SearchAction","target":{"@type":"EntryPoint","urlTemplate":"https:\/\/www.immobilienbusiness.ch\/?s={search_term_string}"},"query-input":{"@type":"PropertyValueSpecification","valueRequired":true,"valueName":"search_term_string"}}],"inLanguage":"fr-FR"},{"@type":"Organization","@id":"https:\/\/www.immobilienbusiness.ch\/#organization","name":"IMMOBILIER Business","url":"https:\/\/www.immobilienbusiness.ch\/","logo":{"@type":"ImageObject","inLanguage":"fr-FR","@id":"https:\/\/www.immobilienbusiness.ch\/#\/schema\/logo\/image\/","url":"https:\/\/www.immobilienbusiness.ch\/wp-content\/uploads\/2021\/07\/logo_ib.png","contentUrl":"https:\/\/www.immobilienbusiness.ch\/wp-content\/uploads\/2021\/07\/logo_ib.png","width":800,"height":181,"caption":"IMMOBILIEN Business"},"image":{"@id":"https:\/\/www.immobilienbusiness.ch\/#\/schema\/logo\/image\/"},"sameAs":["https:\/\/www.facebook.com\/immobilienbusiness\/"]},{"@type":"Person","@id":"https:\/\/www.immobilienbusiness.ch\/#\/schema\/person\/3fc036297b10b9f42d6db5ee932af8c8","name":"anja.hall","image":{"@type":"ImageObject","inLanguage":"fr-FR","@id":"https:\/\/secure.gravatar.com\/avatar\/066b5a0d447013502c71a5782f4f3469f03cfe595cc2329fb94652fe47511bfb?s=96&d=mm&r=g","url":"https:\/\/secure.gravatar.com\/avatar\/066b5a0d447013502c71a5782f4f3469f03cfe595cc2329fb94652fe47511bfb?s=96&d=mm&r=g","contentUrl":"https:\/\/secure.gravatar.com\/avatar\/066b5a0d447013502c71a5782f4f3469f03cfe595cc2329fb94652fe47511bfb?s=96&d=mm&r=g","caption":"anja.hall"},"url":"https:\/\/www.immobilienbusiness.ch\/fr\/author\/anja-hall\/"}]}},"_links":{"self":[{"href":"https:\/\/www.immobilienbusiness.ch\/fr\/wp-json\/wp\/v2\/posts\/8098","targetHints":{"allow":["GET"]}}],"collection":[{"href":"https:\/\/www.immobilienbusiness.ch\/fr\/wp-json\/wp\/v2\/posts"}],"about":[{"href":"https:\/\/www.immobilienbusiness.ch\/fr\/wp-json\/wp\/v2\/types\/post"}],"author":[{"embeddable":true,"href":"https:\/\/www.immobilienbusiness.ch\/fr\/wp-json\/wp\/v2\/users\/3"}],"replies":[{"embeddable":true,"href":"https:\/\/www.immobilienbusiness.ch\/fr\/wp-json\/wp\/v2\/comments?post=8098"}],"version-history":[{"count":0,"href":"https:\/\/www.immobilienbusiness.ch\/fr\/wp-json\/wp\/v2\/posts\/8098\/revisions"}],"wp:featuredmedia":[{"embeddable":true,"href":"https:\/\/www.immobilienbusiness.ch\/fr\/wp-json\/wp\/v2\/media\/6717"}],"wp:attachment":[{"href":"https:\/\/www.immobilienbusiness.ch\/fr\/wp-json\/wp\/v2\/media?parent=8098"}],"wp:term":[{"taxonomy":"category","embeddable":true,"href":"https:\/\/www.immobilienbusiness.ch\/fr\/wp-json\/wp\/v2\/categories?post=8098"},{"taxonomy":"post_tag","embeddable":true,"href":"https:\/\/www.immobilienbusiness.ch\/fr\/wp-json\/wp\/v2\/tags?post=8098"}],"curies":[{"name":"wp","href":"https:\/\/api.w.org\/{rel}","templated":true}]}}