{"id":8081,"date":"2017-06-23T08:24:28","date_gmt":"2017-06-23T06:24:28","guid":{"rendered":"https:\/\/www.immobilienbusiness.ch\/?p=8081"},"modified":"2017-06-23T08:24:28","modified_gmt":"2017-06-23T06:24:28","slug":"basel-entwicklungsvereinbarung-fuer-nordspitze-dreispitz","status":"publish","type":"post","link":"https:\/\/www.immobilienbusiness.ch\/fr\/regionen\/2017-06-23\/basel-entwicklungsvereinbarung-fuer-nordspitze-dreispitz\/","title":{"rendered":"B\u00e2le : convention de d\u00e9veloppement pour la pointe nord du Dreispitz"},"content":{"rendered":"<figure id=\"attachment_8094\" aria-describedby=\"caption-attachment-8094\" style=\"width: 680px\" class=\"wp-caption alignnone\"><img loading=\"lazy\" decoding=\"async\" class=\"size-medium wp-image-8094\" src=\"https:\/\/www.immobilienbusiness.ch\/wp-content\/uploads\/2017\/06\/Depositphotos_53801155_m-2015.jpg\" alt=\"\" width=\"680\" height=\"454\" srcset=\"https:\/\/www.immobilienbusiness.ch\/wp-content\/uploads\/2017\/06\/Depositphotos_53801155_m-2015.jpg 1000w, https:\/\/www.immobilienbusiness.ch\/wp-content\/uploads\/2017\/06\/Depositphotos_53801155_m-2015-300x200.jpg 300w, https:\/\/www.immobilienbusiness.ch\/wp-content\/uploads\/2017\/06\/Depositphotos_53801155_m-2015-768x512.jpg 768w, https:\/\/www.immobilienbusiness.ch\/wp-content\/uploads\/2017\/06\/Depositphotos_53801155_m-2015-16x12.jpg 16w, https:\/\/www.immobilienbusiness.ch\/wp-content\/uploads\/2017\/06\/Depositphotos_53801155_m-2015-262x175.jpg 262w, https:\/\/www.immobilienbusiness.ch\/wp-content\/uploads\/2017\/06\/Depositphotos_53801155_m-2015-525x350.jpg 525w, https:\/\/www.immobilienbusiness.ch\/wp-content\/uploads\/2017\/06\/Depositphotos_53801155_m-2015-920x614.jpg 920w\" sizes=\"auto, (max-width: 680px) 100vw, 680px\" \/><figcaption id=\"caption-attachment-8094\" class=\"wp-caption-text\">CMS, Migros et le canton de B\u00e2le-Ville concluent un accord de d\u00e9veloppement pour le site de la pointe nord du Dreispitz (Image symbolique : pressmaster - depositphotos)<\/figcaption><\/figure>\n<p>L'objectif de cet accord est de pouvoir planifier et lancer les prochaines phases et \u00e9tapes du d\u00e9veloppement de mani\u00e8re contraignante en termes de contenu et de calendrier, annoncent les trois partenaires de planification dans un communiqu\u00e9 de presse commun.<\/p>\n<p>Le p\u00e9rim\u00e8tre de planification comprend le triangle entre la Dornacherstrasse, la Reinacherstrasse et la M\u00fcnchensteinerstrasse. Les d\u00e9veloppements dans les zones r\u00e9sidentielles du quartier de Gundeldingen, dans d'autres parties du Dreispitz et dans la zone de d\u00e9veloppement Am Walkeweg doivent \u00e9galement \u00eatre pris en compte dans la planification.<\/p>\n<p>Les trois partenaires contractuels souhaitent d\u00e9velopper la pointe nord en tant que \"zone mixte prioritaire\" avec des densifications dans le domaine des activit\u00e9s \u00e9conomiques et des am\u00e9nagements urbains de haute qualit\u00e9 en tant que quartier int\u00e9gral, font-ils savoir. Le potentiel de la pointe nord doit \u00eatre exploit\u00e9 \"par des densit\u00e9s de construction plus \u00e9lev\u00e9es, des types d'utilisation variant localement, des dessertes optimales du site, des possibilit\u00e9s d'approvisionnement int\u00e9gr\u00e9es, la cr\u00e9ation d'espaces libres de qualit\u00e9 ainsi que par de bonnes liaisons de transports publics, de pi\u00e9tons et de cyclistes\".<\/p>\n<h2>CMS vise une \"densification marqu\u00e9e<\/h2>\n<p>En raison de sa situation en ville, en bordure du quartier de Gundeldingen et non loin de la gare CFF, la pointe nord dispose, du point de vue de la CMS, d'un potentiel de d\u00e9veloppement \u00e9lev\u00e9. Elle rev\u00eat donc une importance \u00e9conomique particuli\u00e8re pour la fondation et une densification marqu\u00e9e est donc un objectif de planification prioritaire.<\/p>\n<p>Il en va de m\u00eame pour Migros, car le site de l'actuel MParc Dreispitz est, selon la coop\u00e9rative, l'un de ses principaux points de vente. Migros souhaite donc \u00e9galement d\u00e9velopper ce site sur le plan entrepreneurial.<\/p>\n<p>Le canton de B\u00e2le-Ville consid\u00e8re \u00e0 son tour la pointe nord comme une opportunit\u00e9 de permettre la cr\u00e9ation de nouvelles surfaces \u00e9conomiques et commerciales et donc de nouveaux emplois, de cr\u00e9er de nouveaux logements et d'aider le quartier de Gundeldingen \u00e0 disposer d'espaces libres et verts.<\/p>\n<p>La premi\u00e8re phase du d\u00e9veloppement du site a commenc\u00e9 avec le mandat d'\u00e9tude urbanistique lanc\u00e9 il y a quelques semaines, dont les r\u00e9sultats seront disponibles fin 2017. La deuxi\u00e8me phase consistera \u00e0 \u00e9laborer un plan d'am\u00e9nagement ayant force de loi. Enfin, la troisi\u00e8me phase portera sur la planification concr\u00e8te des projets dans les diff\u00e9rentes zones de construction.<\/p>","protected":false},"excerpt":{"rendered":"<p>La Fondation Christoph Merian (CMS), la coop\u00e9rative Migros B\u00e2le et le canton de B\u00e2le-Ville ont sign\u00e9 un accord de d\u00e9veloppement pour la pointe nord du Dreispitz. Un nouveau quartier urbain doit y voir le jour.<\/p>","protected":false},"author":3,"featured_media":8094,"comment_status":"open","ping_status":"open","sticky":false,"template":"","format":"standard","meta":{"_acf_changed":false,"_yoast_wpseo_focuskw":"Dreispitz","_yoast_wpseo_title":"","_yoast_wpseo_metadesc":"Die Christoph Merian Stiftung (CMS), die Migros Basel und der Kanton Basel-Stadt unterzeichnen eine Entwicklungsvereinbarung f\u00fcr die Nordspitze Dreispitz.","_yoast_wpseo_linkdex":75,"pgc_sgb_lightbox_settings":"","footnotes":""},"categories":[985],"tags":[1069,1600,1724],"class_list":["post-8081","post","type-post","status-publish","format-standard","has-post-thumbnail","hentry","category-regionen","tag-basel","tag-projekt-in-planung","tag-stadtentwicklung"],"acf":[],"yoast_head":"<!-- This site is optimized with the Yoast SEO plugin v27.5 - https:\/\/yoast.com\/product\/yoast-seo-wordpress\/ -->\n<title>Basel: Entwicklungsvereinbarung f\u00fcr Nordspitze Dreispitz - IMMOBILIEN Business<\/title>\n<meta name=\"description\" content=\"Die Christoph Merian Stiftung (CMS), die Migros Basel und der Kanton Basel-Stadt unterzeichnen eine Entwicklungsvereinbarung f\u00fcr die Nordspitze Dreispitz.\" \/>\n<meta name=\"robots\" content=\"index, follow, max-snippet:-1, max-image-preview:large, max-video-preview:-1\" \/>\n<link rel=\"canonical\" href=\"https:\/\/www.immobilienbusiness.ch\/fr\/regionen\/2017-06-23\/basel-entwicklungsvereinbarung-fuer-nordspitze-dreispitz\/\" \/>\n<meta property=\"og:locale\" content=\"fr_FR\" \/>\n<meta property=\"og:type\" content=\"article\" \/>\n<meta property=\"og:title\" content=\"Basel: Entwicklungsvereinbarung f\u00fcr Nordspitze Dreispitz\" \/>\n<meta property=\"og:description\" content=\"Die Christoph Merian Stiftung (CMS), die Migros Basel und der Kanton Basel-Stadt unterzeichnen eine Entwicklungsvereinbarung f\u00fcr die Nordspitze Dreispitz.\" \/>\n<meta property=\"og:url\" content=\"https:\/\/www.immobilienbusiness.ch\/fr\/regionen\/2017-06-23\/basel-entwicklungsvereinbarung-fuer-nordspitze-dreispitz\/\" \/>\n<meta property=\"og:site_name\" content=\"IMMOBILIEN Business\" \/>\n<meta property=\"article:publisher\" content=\"https:\/\/www.facebook.com\/immobilienbusiness\/\" \/>\n<meta property=\"article:published_time\" content=\"2017-06-23T06:24:28+00:00\" \/>\n<meta property=\"og:image\" content=\"https:\/\/www.immobilienbusiness.ch\/wp-content\/uploads\/2017\/06\/Depositphotos_53801155_m-2015.jpg\" \/>\n\t<meta property=\"og:image:width\" content=\"1000\" \/>\n\t<meta property=\"og:image:height\" content=\"667\" \/>\n\t<meta property=\"og:image:type\" content=\"image\/jpeg\" \/>\n<meta name=\"author\" content=\"anja.hall\" \/>\n<meta name=\"twitter:card\" content=\"summary_large_image\" \/>\n<meta name=\"twitter:title\" content=\"Basel: Entwicklungsvereinbarung f\u00fcr Nordspitze Dreispitz\" \/>\n<meta name=\"twitter:description\" content=\"Die Christoph Merian Stiftung (CMS), die Migros Basel und der Kanton Basel-Stadt unterzeichnen eine Entwicklungsvereinbarung f\u00fcr die Nordspitze Dreispitz.\" \/>\n<meta name=\"twitter:image\" content=\"https:\/\/www.immobilienbusiness.ch\/wp-content\/uploads\/2017\/06\/Depositphotos_53801155_m-2015.jpg\" \/>\n<script type=\"application\/ld+json\" class=\"yoast-schema-graph\">{\"@context\":\"https:\\\/\\\/schema.org\",\"@graph\":[{\"@type\":\"Article\",\"@id\":\"https:\\\/\\\/www.immobilienbusiness.ch\\\/en\\\/regionen\\\/2017-06-23\\\/basel-entwicklungsvereinbarung-fuer-nordspitze-dreispitz\\\/#article\",\"isPartOf\":{\"@id\":\"https:\\\/\\\/www.immobilienbusiness.ch\\\/en\\\/regionen\\\/2017-06-23\\\/basel-entwicklungsvereinbarung-fuer-nordspitze-dreispitz\\\/\"},\"author\":{\"name\":\"anja.hall\",\"@id\":\"https:\\\/\\\/www.immobilienbusiness.ch\\\/#\\\/schema\\\/person\\\/3fc036297b10b9f42d6db5ee932af8c8\"},\"headline\":\"Basel: Entwicklungsvereinbarung f\u00fcr Nordspitze Dreispitz\",\"datePublished\":\"2017-06-23T06:24:28+00:00\",\"mainEntityOfPage\":{\"@id\":\"https:\\\/\\\/www.immobilienbusiness.ch\\\/en\\\/regionen\\\/2017-06-23\\\/basel-entwicklungsvereinbarung-fuer-nordspitze-dreispitz\\\/\"},\"wordCount\":329,\"commentCount\":0,\"publisher\":{\"@id\":\"https:\\\/\\\/www.immobilienbusiness.ch\\\/#organization\"},\"image\":{\"@id\":\"https:\\\/\\\/www.immobilienbusiness.ch\\\/en\\\/regionen\\\/2017-06-23\\\/basel-entwicklungsvereinbarung-fuer-nordspitze-dreispitz\\\/#primaryimage\"},\"thumbnailUrl\":\"https:\\\/\\\/www.immobilienbusiness.ch\\\/wp-content\\\/uploads\\\/2017\\\/06\\\/Depositphotos_53801155_m-2015.jpg\",\"keywords\":[\"Basel\",\"Projekt in Planung\",\"Stadtentwicklung\"],\"articleSection\":[\"REGIONEN\"],\"inLanguage\":\"fr-FR\"},{\"@type\":\"WebPage\",\"@id\":\"https:\\\/\\\/www.immobilienbusiness.ch\\\/en\\\/regionen\\\/2017-06-23\\\/basel-entwicklungsvereinbarung-fuer-nordspitze-dreispitz\\\/\",\"url\":\"https:\\\/\\\/www.immobilienbusiness.ch\\\/en\\\/regionen\\\/2017-06-23\\\/basel-entwicklungsvereinbarung-fuer-nordspitze-dreispitz\\\/\",\"name\":\"Basel: Entwicklungsvereinbarung f\u00fcr Nordspitze Dreispitz - IMMOBILIEN Business\",\"isPartOf\":{\"@id\":\"https:\\\/\\\/www.immobilienbusiness.ch\\\/#website\"},\"primaryImageOfPage\":{\"@id\":\"https:\\\/\\\/www.immobilienbusiness.ch\\\/en\\\/regionen\\\/2017-06-23\\\/basel-entwicklungsvereinbarung-fuer-nordspitze-dreispitz\\\/#primaryimage\"},\"image\":{\"@id\":\"https:\\\/\\\/www.immobilienbusiness.ch\\\/en\\\/regionen\\\/2017-06-23\\\/basel-entwicklungsvereinbarung-fuer-nordspitze-dreispitz\\\/#primaryimage\"},\"thumbnailUrl\":\"https:\\\/\\\/www.immobilienbusiness.ch\\\/wp-content\\\/uploads\\\/2017\\\/06\\\/Depositphotos_53801155_m-2015.jpg\",\"datePublished\":\"2017-06-23T06:24:28+00:00\",\"description\":\"Die Christoph Merian Stiftung (CMS), die Migros Basel und der Kanton Basel-Stadt unterzeichnen eine Entwicklungsvereinbarung f\u00fcr die Nordspitze Dreispitz.\",\"breadcrumb\":{\"@id\":\"https:\\\/\\\/www.immobilienbusiness.ch\\\/en\\\/regionen\\\/2017-06-23\\\/basel-entwicklungsvereinbarung-fuer-nordspitze-dreispitz\\\/#breadcrumb\"},\"inLanguage\":\"fr-FR\",\"potentialAction\":[{\"@type\":\"ReadAction\",\"target\":[\"https:\\\/\\\/www.immobilienbusiness.ch\\\/en\\\/regionen\\\/2017-06-23\\\/basel-entwicklungsvereinbarung-fuer-nordspitze-dreispitz\\\/\"]}]},{\"@type\":\"ImageObject\",\"inLanguage\":\"fr-FR\",\"@id\":\"https:\\\/\\\/www.immobilienbusiness.ch\\\/en\\\/regionen\\\/2017-06-23\\\/basel-entwicklungsvereinbarung-fuer-nordspitze-dreispitz\\\/#primaryimage\",\"url\":\"https:\\\/\\\/www.immobilienbusiness.ch\\\/wp-content\\\/uploads\\\/2017\\\/06\\\/Depositphotos_53801155_m-2015.jpg\",\"contentUrl\":\"https:\\\/\\\/www.immobilienbusiness.ch\\\/wp-content\\\/uploads\\\/2017\\\/06\\\/Depositphotos_53801155_m-2015.jpg\",\"width\":1000,\"height\":667,\"caption\":\"(Foto: pressmaster - depositphotos)\"},{\"@type\":\"BreadcrumbList\",\"@id\":\"https:\\\/\\\/www.immobilienbusiness.ch\\\/en\\\/regionen\\\/2017-06-23\\\/basel-entwicklungsvereinbarung-fuer-nordspitze-dreispitz\\\/#breadcrumb\",\"itemListElement\":[{\"@type\":\"ListItem\",\"position\":1,\"name\":\"Home\",\"item\":\"https:\\\/\\\/www.immobilienbusiness.ch\\\/\"},{\"@type\":\"ListItem\",\"position\":2,\"name\":\"Basel: Entwicklungsvereinbarung f\u00fcr Nordspitze Dreispitz\"}]},{\"@type\":\"WebSite\",\"@id\":\"https:\\\/\\\/www.immobilienbusiness.ch\\\/#website\",\"url\":\"https:\\\/\\\/www.immobilienbusiness.ch\\\/\",\"name\":\"IMMOBILIEN Business\",\"description\":\"Unabh\u00e4ngiges Schweizer Wirtschaftsmagazin mit Fokus auf Immobilien, Architektur- und Bau sowie Investment- und Finanzierung.\",\"publisher\":{\"@id\":\"https:\\\/\\\/www.immobilienbusiness.ch\\\/#organization\"},\"potentialAction\":[{\"@type\":\"SearchAction\",\"target\":{\"@type\":\"EntryPoint\",\"urlTemplate\":\"https:\\\/\\\/www.immobilienbusiness.ch\\\/?s={search_term_string}\"},\"query-input\":{\"@type\":\"PropertyValueSpecification\",\"valueRequired\":true,\"valueName\":\"search_term_string\"}}],\"inLanguage\":\"fr-FR\"},{\"@type\":\"Organization\",\"@id\":\"https:\\\/\\\/www.immobilienbusiness.ch\\\/#organization\",\"name\":\"IMMOBILIEN Business\",\"url\":\"https:\\\/\\\/www.immobilienbusiness.ch\\\/\",\"logo\":{\"@type\":\"ImageObject\",\"inLanguage\":\"fr-FR\",\"@id\":\"https:\\\/\\\/www.immobilienbusiness.ch\\\/#\\\/schema\\\/logo\\\/image\\\/\",\"url\":\"https:\\\/\\\/www.immobilienbusiness.ch\\\/wp-content\\\/uploads\\\/2021\\\/07\\\/logo_ib.png\",\"contentUrl\":\"https:\\\/\\\/www.immobilienbusiness.ch\\\/wp-content\\\/uploads\\\/2021\\\/07\\\/logo_ib.png\",\"width\":800,\"height\":181,\"caption\":\"IMMOBILIEN Business\"},\"image\":{\"@id\":\"https:\\\/\\\/www.immobilienbusiness.ch\\\/#\\\/schema\\\/logo\\\/image\\\/\"},\"sameAs\":[\"https:\\\/\\\/www.facebook.com\\\/immobilienbusiness\\\/\"]},{\"@type\":\"Person\",\"@id\":\"https:\\\/\\\/www.immobilienbusiness.ch\\\/#\\\/schema\\\/person\\\/3fc036297b10b9f42d6db5ee932af8c8\",\"name\":\"anja.hall\",\"image\":{\"@type\":\"ImageObject\",\"inLanguage\":\"fr-FR\",\"@id\":\"https:\\\/\\\/secure.gravatar.com\\\/avatar\\\/066b5a0d447013502c71a5782f4f3469f03cfe595cc2329fb94652fe47511bfb?s=96&d=mm&r=g\",\"url\":\"https:\\\/\\\/secure.gravatar.com\\\/avatar\\\/066b5a0d447013502c71a5782f4f3469f03cfe595cc2329fb94652fe47511bfb?s=96&d=mm&r=g\",\"contentUrl\":\"https:\\\/\\\/secure.gravatar.com\\\/avatar\\\/066b5a0d447013502c71a5782f4f3469f03cfe595cc2329fb94652fe47511bfb?s=96&d=mm&r=g\",\"caption\":\"anja.hall\"},\"url\":\"https:\\\/\\\/www.immobilienbusiness.ch\\\/fr\\\/author\\\/anja-hall\\\/\"}]}<\/script>\n<!-- \/ Yoast SEO plugin. -->","yoast_head_json":{"title":"Basel: Entwicklungsvereinbarung f\u00fcr Nordspitze Dreispitz - IMMOBILIEN Business","description":"Die Christoph Merian Stiftung (CMS), die Migros Basel und der Kanton Basel-Stadt unterzeichnen eine Entwicklungsvereinbarung f\u00fcr die Nordspitze Dreispitz.","robots":{"index":"index","follow":"follow","max-snippet":"max-snippet:-1","max-image-preview":"max-image-preview:large","max-video-preview":"max-video-preview:-1"},"canonical":"https:\/\/www.immobilienbusiness.ch\/fr\/regionen\/2017-06-23\/basel-entwicklungsvereinbarung-fuer-nordspitze-dreispitz\/","og_locale":"fr_FR","og_type":"article","og_title":"Basel: Entwicklungsvereinbarung f\u00fcr Nordspitze Dreispitz","og_description":"Die Christoph Merian Stiftung (CMS), die Migros Basel und der Kanton Basel-Stadt unterzeichnen eine Entwicklungsvereinbarung f\u00fcr die Nordspitze Dreispitz.","og_url":"https:\/\/www.immobilienbusiness.ch\/fr\/regionen\/2017-06-23\/basel-entwicklungsvereinbarung-fuer-nordspitze-dreispitz\/","og_site_name":"IMMOBILIEN Business","article_publisher":"https:\/\/www.facebook.com\/immobilienbusiness\/","article_published_time":"2017-06-23T06:24:28+00:00","og_image":[{"width":1000,"height":667,"url":"https:\/\/www.immobilienbusiness.ch\/wp-content\/uploads\/2017\/06\/Depositphotos_53801155_m-2015.jpg","type":"image\/jpeg"}],"author":"anja.hall","twitter_card":"summary_large_image","twitter_title":"Basel: Entwicklungsvereinbarung f\u00fcr Nordspitze Dreispitz","twitter_description":"Die Christoph Merian Stiftung (CMS), die Migros Basel und der Kanton Basel-Stadt unterzeichnen eine Entwicklungsvereinbarung f\u00fcr die Nordspitze Dreispitz.","twitter_image":"https:\/\/www.immobilienbusiness.ch\/wp-content\/uploads\/2017\/06\/Depositphotos_53801155_m-2015.jpg","schema":{"@context":"https:\/\/schema.org","@graph":[{"@type":"Article","@id":"https:\/\/www.immobilienbusiness.ch\/en\/regionen\/2017-06-23\/basel-entwicklungsvereinbarung-fuer-nordspitze-dreispitz\/#article","isPartOf":{"@id":"https:\/\/www.immobilienbusiness.ch\/en\/regionen\/2017-06-23\/basel-entwicklungsvereinbarung-fuer-nordspitze-dreispitz\/"},"author":{"name":"anja.hall","@id":"https:\/\/www.immobilienbusiness.ch\/#\/schema\/person\/3fc036297b10b9f42d6db5ee932af8c8"},"headline":"Basel: Entwicklungsvereinbarung f\u00fcr Nordspitze Dreispitz","datePublished":"2017-06-23T06:24:28+00:00","mainEntityOfPage":{"@id":"https:\/\/www.immobilienbusiness.ch\/en\/regionen\/2017-06-23\/basel-entwicklungsvereinbarung-fuer-nordspitze-dreispitz\/"},"wordCount":329,"commentCount":0,"publisher":{"@id":"https:\/\/www.immobilienbusiness.ch\/#organization"},"image":{"@id":"https:\/\/www.immobilienbusiness.ch\/en\/regionen\/2017-06-23\/basel-entwicklungsvereinbarung-fuer-nordspitze-dreispitz\/#primaryimage"},"thumbnailUrl":"https:\/\/www.immobilienbusiness.ch\/wp-content\/uploads\/2017\/06\/Depositphotos_53801155_m-2015.jpg","keywords":["Basel","Projekt in Planung","Stadtentwicklung"],"articleSection":["REGIONEN"],"inLanguage":"fr-FR"},{"@type":"WebPage","@id":"https:\/\/www.immobilienbusiness.ch\/en\/regionen\/2017-06-23\/basel-entwicklungsvereinbarung-fuer-nordspitze-dreispitz\/","url":"https:\/\/www.immobilienbusiness.ch\/en\/regionen\/2017-06-23\/basel-entwicklungsvereinbarung-fuer-nordspitze-dreispitz\/","name":"Basel: Entwicklungsvereinbarung f\u00fcr Nordspitze Dreispitz - IMMOBILIEN Business","isPartOf":{"@id":"https:\/\/www.immobilienbusiness.ch\/#website"},"primaryImageOfPage":{"@id":"https:\/\/www.immobilienbusiness.ch\/en\/regionen\/2017-06-23\/basel-entwicklungsvereinbarung-fuer-nordspitze-dreispitz\/#primaryimage"},"image":{"@id":"https:\/\/www.immobilienbusiness.ch\/en\/regionen\/2017-06-23\/basel-entwicklungsvereinbarung-fuer-nordspitze-dreispitz\/#primaryimage"},"thumbnailUrl":"https:\/\/www.immobilienbusiness.ch\/wp-content\/uploads\/2017\/06\/Depositphotos_53801155_m-2015.jpg","datePublished":"2017-06-23T06:24:28+00:00","description":"Die Christoph Merian Stiftung (CMS), die Migros Basel und der Kanton Basel-Stadt unterzeichnen eine Entwicklungsvereinbarung f\u00fcr die Nordspitze Dreispitz.","breadcrumb":{"@id":"https:\/\/www.immobilienbusiness.ch\/en\/regionen\/2017-06-23\/basel-entwicklungsvereinbarung-fuer-nordspitze-dreispitz\/#breadcrumb"},"inLanguage":"fr-FR","potentialAction":[{"@type":"ReadAction","target":["https:\/\/www.immobilienbusiness.ch\/en\/regionen\/2017-06-23\/basel-entwicklungsvereinbarung-fuer-nordspitze-dreispitz\/"]}]},{"@type":"ImageObject","inLanguage":"fr-FR","@id":"https:\/\/www.immobilienbusiness.ch\/en\/regionen\/2017-06-23\/basel-entwicklungsvereinbarung-fuer-nordspitze-dreispitz\/#primaryimage","url":"https:\/\/www.immobilienbusiness.ch\/wp-content\/uploads\/2017\/06\/Depositphotos_53801155_m-2015.jpg","contentUrl":"https:\/\/www.immobilienbusiness.ch\/wp-content\/uploads\/2017\/06\/Depositphotos_53801155_m-2015.jpg","width":1000,"height":667,"caption":"(Foto: pressmaster - depositphotos)"},{"@type":"BreadcrumbList","@id":"https:\/\/www.immobilienbusiness.ch\/en\/regionen\/2017-06-23\/basel-entwicklungsvereinbarung-fuer-nordspitze-dreispitz\/#breadcrumb","itemListElement":[{"@type":"ListItem","position":1,"name":"Home","item":"https:\/\/www.immobilienbusiness.ch\/"},{"@type":"ListItem","position":2,"name":"Basel: Entwicklungsvereinbarung f\u00fcr Nordspitze Dreispitz"}]},{"@type":"WebSite","@id":"https:\/\/www.immobilienbusiness.ch\/#website","url":"https:\/\/www.immobilienbusiness.ch\/","name":"IMMOBILIER Business","description":"Magazine \u00e9conomique suisse ind\u00e9pendant ax\u00e9 sur l'immobilier, l'architecture et la construction ainsi que sur les investissements et le financement.","publisher":{"@id":"https:\/\/www.immobilienbusiness.ch\/#organization"},"potentialAction":[{"@type":"SearchAction","target":{"@type":"EntryPoint","urlTemplate":"https:\/\/www.immobilienbusiness.ch\/?s={search_term_string}"},"query-input":{"@type":"PropertyValueSpecification","valueRequired":true,"valueName":"search_term_string"}}],"inLanguage":"fr-FR"},{"@type":"Organization","@id":"https:\/\/www.immobilienbusiness.ch\/#organization","name":"IMMOBILIER Business","url":"https:\/\/www.immobilienbusiness.ch\/","logo":{"@type":"ImageObject","inLanguage":"fr-FR","@id":"https:\/\/www.immobilienbusiness.ch\/#\/schema\/logo\/image\/","url":"https:\/\/www.immobilienbusiness.ch\/wp-content\/uploads\/2021\/07\/logo_ib.png","contentUrl":"https:\/\/www.immobilienbusiness.ch\/wp-content\/uploads\/2021\/07\/logo_ib.png","width":800,"height":181,"caption":"IMMOBILIEN Business"},"image":{"@id":"https:\/\/www.immobilienbusiness.ch\/#\/schema\/logo\/image\/"},"sameAs":["https:\/\/www.facebook.com\/immobilienbusiness\/"]},{"@type":"Person","@id":"https:\/\/www.immobilienbusiness.ch\/#\/schema\/person\/3fc036297b10b9f42d6db5ee932af8c8","name":"anja.hall","image":{"@type":"ImageObject","inLanguage":"fr-FR","@id":"https:\/\/secure.gravatar.com\/avatar\/066b5a0d447013502c71a5782f4f3469f03cfe595cc2329fb94652fe47511bfb?s=96&d=mm&r=g","url":"https:\/\/secure.gravatar.com\/avatar\/066b5a0d447013502c71a5782f4f3469f03cfe595cc2329fb94652fe47511bfb?s=96&d=mm&r=g","contentUrl":"https:\/\/secure.gravatar.com\/avatar\/066b5a0d447013502c71a5782f4f3469f03cfe595cc2329fb94652fe47511bfb?s=96&d=mm&r=g","caption":"anja.hall"},"url":"https:\/\/www.immobilienbusiness.ch\/fr\/author\/anja-hall\/"}]}},"_links":{"self":[{"href":"https:\/\/www.immobilienbusiness.ch\/fr\/wp-json\/wp\/v2\/posts\/8081","targetHints":{"allow":["GET"]}}],"collection":[{"href":"https:\/\/www.immobilienbusiness.ch\/fr\/wp-json\/wp\/v2\/posts"}],"about":[{"href":"https:\/\/www.immobilienbusiness.ch\/fr\/wp-json\/wp\/v2\/types\/post"}],"author":[{"embeddable":true,"href":"https:\/\/www.immobilienbusiness.ch\/fr\/wp-json\/wp\/v2\/users\/3"}],"replies":[{"embeddable":true,"href":"https:\/\/www.immobilienbusiness.ch\/fr\/wp-json\/wp\/v2\/comments?post=8081"}],"version-history":[{"count":0,"href":"https:\/\/www.immobilienbusiness.ch\/fr\/wp-json\/wp\/v2\/posts\/8081\/revisions"}],"wp:featuredmedia":[{"embeddable":true,"href":"https:\/\/www.immobilienbusiness.ch\/fr\/wp-json\/wp\/v2\/media\/8094"}],"wp:attachment":[{"href":"https:\/\/www.immobilienbusiness.ch\/fr\/wp-json\/wp\/v2\/media?parent=8081"}],"wp:term":[{"taxonomy":"category","embeddable":true,"href":"https:\/\/www.immobilienbusiness.ch\/fr\/wp-json\/wp\/v2\/categories?post=8081"},{"taxonomy":"post_tag","embeddable":true,"href":"https:\/\/www.immobilienbusiness.ch\/fr\/wp-json\/wp\/v2\/tags?post=8081"}],"curies":[{"name":"wp","href":"https:\/\/api.w.org\/{rel}","templated":true}]}}