{"id":7969,"date":"2017-06-14T09:30:44","date_gmt":"2017-06-14T07:30:44","guid":{"rendered":"https:\/\/www.immobilienbusiness.ch\/?p=7969"},"modified":"2017-06-14T09:30:44","modified_gmt":"2017-06-14T07:30:44","slug":"drees-sommer-meldet-umsatzplus","status":"publish","type":"post","link":"https:\/\/www.immobilienbusiness.ch\/fr\/unternehmen\/2017-06-14\/drees-sommer-meldet-umsatzplus\/","title":{"rendered":"Drees &amp; Sommer annonce une hausse de son chiffre d'affaires"},"content":{"rendered":"<figure id=\"attachment_7514\" aria-describedby=\"caption-attachment-7514\" style=\"width: 680px\" class=\"wp-caption alignnone\"><img loading=\"lazy\" decoding=\"async\" class=\"size-medium wp-image-7514\" src=\"https:\/\/www.immobilienbusiness.ch\/wp-content\/uploads\/2017\/05\/Depositphotos_22522235_l-2015.jpg\" alt=\"\" width=\"680\" height=\"465\" srcset=\"https:\/\/www.immobilienbusiness.ch\/wp-content\/uploads\/2017\/05\/Depositphotos_22522235_l-2015.jpg 2000w, https:\/\/www.immobilienbusiness.ch\/wp-content\/uploads\/2017\/05\/Depositphotos_22522235_l-2015-300x205.jpg 300w, https:\/\/www.immobilienbusiness.ch\/wp-content\/uploads\/2017\/05\/Depositphotos_22522235_l-2015-1024x700.jpg 1024w, https:\/\/www.immobilienbusiness.ch\/wp-content\/uploads\/2017\/05\/Depositphotos_22522235_l-2015-768x525.jpg 768w, https:\/\/www.immobilienbusiness.ch\/wp-content\/uploads\/2017\/05\/Depositphotos_22522235_l-2015-1536x1050.jpg 1536w, https:\/\/www.immobilienbusiness.ch\/wp-content\/uploads\/2017\/05\/Depositphotos_22522235_l-2015-16x12.jpg 16w, https:\/\/www.immobilienbusiness.ch\/wp-content\/uploads\/2017\/05\/Depositphotos_22522235_l-2015-256x175.jpg 256w, https:\/\/www.immobilienbusiness.ch\/wp-content\/uploads\/2017\/05\/Depositphotos_22522235_l-2015-512x350.jpg 512w, https:\/\/www.immobilienbusiness.ch\/wp-content\/uploads\/2017\/05\/Depositphotos_22522235_l-2015-1170x800.jpg 1170w, https:\/\/www.immobilienbusiness.ch\/wp-content\/uploads\/2017\/05\/Depositphotos_22522235_l-2015-920x629.jpg 920w, https:\/\/www.immobilienbusiness.ch\/wp-content\/uploads\/2017\/05\/Depositphotos_22522235_l-2015-1400x957.jpg 1400w\" sizes=\"auto, (max-width: 680px) 100vw, 680px\" \/><figcaption id=\"caption-attachment-7514\" class=\"wp-caption-text\">Drees &amp; Sommer augmente son chiffre d'affaires et son r\u00e9sultat (Photo : depositphotos)<\/figcaption><\/figure>\n<p>En 2016, Drees &amp; Sommer SE a augment\u00e9 son chiffre d'affaires consolid\u00e9 de onze pour cent par rapport \u00e0 l'ann\u00e9e pr\u00e9c\u00e9dente. Le r\u00e9sultat op\u00e9rationnel a augment\u00e9 de douze pour cent pour atteindre 41,7 millions d'euros (ann\u00e9e pr\u00e9c\u00e9dente : 37,1 millions).<\/p>\n<p>La contribution essentielle au chiffre d'affaires et au r\u00e9sultat est toujours r\u00e9alis\u00e9e dans le domaine de la planification et de la construction, indique l'entreprise. L'\u00e9volution positive a en outre \u00e9t\u00e9 soutenue par des fusions correspondantes avec les points forts Workplace Consulting et Technical Baumanagement en Allemagne, en Suisse et en Autriche.<\/p>\n<p>Gr\u00e2ce \u00e0 une coop\u00e9ration avec l'entreprise d'analyse allemande bulwiengesa, Drees &amp; Sommer d\u00e9veloppe les domaines du Real Estate Consulting et du conseil en processus. Mi-mai 2017, l'entreprise a \u00e9galement rachet\u00e9 la soci\u00e9t\u00e9 Procore, active en Angleterre et aux Pays-Bas dans le domaine du conseil en gestion des installations, du conseil en environnement de travail et de la gestion des locataires.<\/p>\n<p>Drees &amp; Sommer consid\u00e8re la transformation de Drees &amp; Sommer AG en soci\u00e9t\u00e9 anonyme europ\u00e9enne (SE), achev\u00e9e d\u00e9but mai 2017, comme une \u00e9tape importante. Selon l'entreprise, cela favorise l'orientation internationale de l'organisation de l'entreprise. \"Sur cette base, nous sommes bien positionn\u00e9s pour l'avenir, en particulier dans le contexte international\", affirme avec conviction le pr\u00e9sident du directoire Peter Tzeschlock.<\/p>","protected":false},"excerpt":{"rendered":"<p>En 2016, Drees &amp; Sommer a r\u00e9alis\u00e9 un chiffre d'affaires d'environ 335 millions d'euros, soit 34 millions de plus que l'ann\u00e9e pr\u00e9c\u00e9dente. Le r\u00e9sultat op\u00e9rationnel est pass\u00e9 \u00e0 pr\u00e8s de 42 millions.<\/p>","protected":false},"author":3,"featured_media":7514,"comment_status":"open","ping_status":"open","sticky":false,"template":"","format":"standard","meta":{"_acf_changed":false,"_yoast_wpseo_focuskw":"Drees","_yoast_wpseo_title":"","_yoast_wpseo_metadesc":"Drees & Sommer hat 2016 rund 335 Millionen Euro umgesetzt, 34 Millionen mehr als im Vorjahr. Das operative Ergebnis erh\u00f6hte sich auf knapp 42 Millionen.","_yoast_wpseo_linkdex":48,"pgc_sgb_lightbox_settings":"","footnotes":""},"categories":[988],"tags":[1389,1807],"class_list":["post-7969","post","type-post","status-publish","format-standard","has-post-thumbnail","hentry","category-unternehmen","tag-jahresergebnis","tag-unternehmen"],"acf":[],"yoast_head":"<!-- This site is optimized with the Yoast SEO plugin v27.5 - https:\/\/yoast.com\/product\/yoast-seo-wordpress\/ -->\n<title>Drees &amp; Sommer meldet Umsatzplus - IMMOBILIEN Business<\/title>\n<meta name=\"description\" content=\"Drees &amp; Sommer hat 2016 rund 335 Millionen Euro umgesetzt, 34 Millionen mehr als im Vorjahr. Das operative Ergebnis erh\u00f6hte sich auf knapp 42 Millionen.\" \/>\n<meta name=\"robots\" content=\"index, follow, max-snippet:-1, max-image-preview:large, max-video-preview:-1\" \/>\n<link rel=\"canonical\" href=\"https:\/\/www.immobilienbusiness.ch\/fr\/unternehmen\/2017-06-14\/drees-sommer-meldet-umsatzplus\/\" \/>\n<meta property=\"og:locale\" content=\"fr_FR\" \/>\n<meta property=\"og:type\" content=\"article\" \/>\n<meta property=\"og:title\" content=\"Drees &amp; Sommer meldet Umsatzplus\" \/>\n<meta property=\"og:description\" content=\"Drees &amp; Sommer hat 2016 rund 335 Millionen Euro umgesetzt, 34 Millionen mehr als im Vorjahr. Das operative Ergebnis erh\u00f6hte sich auf knapp 42 Millionen.\" \/>\n<meta property=\"og:url\" content=\"https:\/\/www.immobilienbusiness.ch\/fr\/unternehmen\/2017-06-14\/drees-sommer-meldet-umsatzplus\/\" \/>\n<meta property=\"og:site_name\" content=\"IMMOBILIEN Business\" \/>\n<meta property=\"article:publisher\" content=\"https:\/\/www.facebook.com\/immobilienbusiness\/\" \/>\n<meta property=\"article:published_time\" content=\"2017-06-14T07:30:44+00:00\" \/>\n<meta property=\"og:image\" content=\"https:\/\/www.immobilienbusiness.ch\/wp-content\/uploads\/2017\/05\/Depositphotos_22522235_l-2015-1024x700.jpg\" \/>\n\t<meta property=\"og:image:width\" content=\"1024\" \/>\n\t<meta property=\"og:image:height\" content=\"700\" \/>\n\t<meta property=\"og:image:type\" content=\"image\/jpeg\" \/>\n<meta name=\"author\" content=\"anja.hall\" \/>\n<meta name=\"twitter:card\" content=\"summary_large_image\" \/>\n<meta name=\"twitter:title\" content=\"Drees &amp; Sommer meldet Umsatzplus\" \/>\n<meta name=\"twitter:description\" content=\"Drees &amp; Sommer hat 2016 rund 335 Millionen Euro umgesetzt, 34 Millionen mehr als im Vorjahr. Das operative Ergebnis erh\u00f6hte sich auf knapp 42 Millionen.\" \/>\n<meta name=\"twitter:image\" content=\"https:\/\/www.immobilienbusiness.ch\/wp-content\/uploads\/2017\/05\/Depositphotos_22522235_l-2015.jpg\" \/>\n<script type=\"application\/ld+json\" class=\"yoast-schema-graph\">{\"@context\":\"https:\\\/\\\/schema.org\",\"@graph\":[{\"@type\":\"Article\",\"@id\":\"https:\\\/\\\/www.immobilienbusiness.ch\\\/unternehmen\\\/2017-06-14\\\/drees-sommer-meldet-umsatzplus\\\/#article\",\"isPartOf\":{\"@id\":\"https:\\\/\\\/www.immobilienbusiness.ch\\\/unternehmen\\\/2017-06-14\\\/drees-sommer-meldet-umsatzplus\\\/\"},\"author\":{\"name\":\"anja.hall\",\"@id\":\"https:\\\/\\\/www.immobilienbusiness.ch\\\/#\\\/schema\\\/person\\\/3fc036297b10b9f42d6db5ee932af8c8\"},\"headline\":\"Drees &#038; Sommer meldet Umsatzplus\",\"datePublished\":\"2017-06-14T07:30:44+00:00\",\"mainEntityOfPage\":{\"@id\":\"https:\\\/\\\/www.immobilienbusiness.ch\\\/unternehmen\\\/2017-06-14\\\/drees-sommer-meldet-umsatzplus\\\/\"},\"wordCount\":204,\"commentCount\":0,\"publisher\":{\"@id\":\"https:\\\/\\\/www.immobilienbusiness.ch\\\/#organization\"},\"image\":{\"@id\":\"https:\\\/\\\/www.immobilienbusiness.ch\\\/unternehmen\\\/2017-06-14\\\/drees-sommer-meldet-umsatzplus\\\/#primaryimage\"},\"thumbnailUrl\":\"https:\\\/\\\/www.immobilienbusiness.ch\\\/wp-content\\\/uploads\\\/2017\\\/05\\\/Depositphotos_22522235_l-2015.jpg\",\"keywords\":[\"Jahresergebnis\",\"Unternehmen\"],\"articleSection\":[\"UNTERNEHMEN\"],\"inLanguage\":\"fr-FR\"},{\"@type\":\"WebPage\",\"@id\":\"https:\\\/\\\/www.immobilienbusiness.ch\\\/unternehmen\\\/2017-06-14\\\/drees-sommer-meldet-umsatzplus\\\/\",\"url\":\"https:\\\/\\\/www.immobilienbusiness.ch\\\/unternehmen\\\/2017-06-14\\\/drees-sommer-meldet-umsatzplus\\\/\",\"name\":\"Drees & Sommer meldet Umsatzplus - IMMOBILIEN Business\",\"isPartOf\":{\"@id\":\"https:\\\/\\\/www.immobilienbusiness.ch\\\/#website\"},\"primaryImageOfPage\":{\"@id\":\"https:\\\/\\\/www.immobilienbusiness.ch\\\/unternehmen\\\/2017-06-14\\\/drees-sommer-meldet-umsatzplus\\\/#primaryimage\"},\"image\":{\"@id\":\"https:\\\/\\\/www.immobilienbusiness.ch\\\/unternehmen\\\/2017-06-14\\\/drees-sommer-meldet-umsatzplus\\\/#primaryimage\"},\"thumbnailUrl\":\"https:\\\/\\\/www.immobilienbusiness.ch\\\/wp-content\\\/uploads\\\/2017\\\/05\\\/Depositphotos_22522235_l-2015.jpg\",\"datePublished\":\"2017-06-14T07:30:44+00:00\",\"description\":\"Drees & Sommer hat 2016 rund 335 Millionen Euro umgesetzt, 34 Millionen mehr als im Vorjahr. Das operative Ergebnis erh\u00f6hte sich auf knapp 42 Millionen.\",\"breadcrumb\":{\"@id\":\"https:\\\/\\\/www.immobilienbusiness.ch\\\/unternehmen\\\/2017-06-14\\\/drees-sommer-meldet-umsatzplus\\\/#breadcrumb\"},\"inLanguage\":\"fr-FR\",\"potentialAction\":[{\"@type\":\"ReadAction\",\"target\":[\"https:\\\/\\\/www.immobilienbusiness.ch\\\/unternehmen\\\/2017-06-14\\\/drees-sommer-meldet-umsatzplus\\\/\"]}]},{\"@type\":\"ImageObject\",\"inLanguage\":\"fr-FR\",\"@id\":\"https:\\\/\\\/www.immobilienbusiness.ch\\\/unternehmen\\\/2017-06-14\\\/drees-sommer-meldet-umsatzplus\\\/#primaryimage\",\"url\":\"https:\\\/\\\/www.immobilienbusiness.ch\\\/wp-content\\\/uploads\\\/2017\\\/05\\\/Depositphotos_22522235_l-2015.jpg\",\"contentUrl\":\"https:\\\/\\\/www.immobilienbusiness.ch\\\/wp-content\\\/uploads\\\/2017\\\/05\\\/Depositphotos_22522235_l-2015.jpg\",\"width\":2000,\"height\":1367,\"caption\":\"Der Cronos Immo Fund hat die geplanten 32 Mio. CHF mit seiner Kapitalerh\u00f6hung eingespielt. (Foto: depositphotos)\"},{\"@type\":\"BreadcrumbList\",\"@id\":\"https:\\\/\\\/www.immobilienbusiness.ch\\\/unternehmen\\\/2017-06-14\\\/drees-sommer-meldet-umsatzplus\\\/#breadcrumb\",\"itemListElement\":[{\"@type\":\"ListItem\",\"position\":1,\"name\":\"Home\",\"item\":\"https:\\\/\\\/www.immobilienbusiness.ch\\\/\"},{\"@type\":\"ListItem\",\"position\":2,\"name\":\"Drees &#038; Sommer meldet Umsatzplus\"}]},{\"@type\":\"WebSite\",\"@id\":\"https:\\\/\\\/www.immobilienbusiness.ch\\\/#website\",\"url\":\"https:\\\/\\\/www.immobilienbusiness.ch\\\/\",\"name\":\"IMMOBILIEN Business\",\"description\":\"Unabh\u00e4ngiges Schweizer Wirtschaftsmagazin mit Fokus auf Immobilien, Architektur- und Bau sowie Investment- und Finanzierung.\",\"publisher\":{\"@id\":\"https:\\\/\\\/www.immobilienbusiness.ch\\\/#organization\"},\"potentialAction\":[{\"@type\":\"SearchAction\",\"target\":{\"@type\":\"EntryPoint\",\"urlTemplate\":\"https:\\\/\\\/www.immobilienbusiness.ch\\\/?s={search_term_string}\"},\"query-input\":{\"@type\":\"PropertyValueSpecification\",\"valueRequired\":true,\"valueName\":\"search_term_string\"}}],\"inLanguage\":\"fr-FR\"},{\"@type\":\"Organization\",\"@id\":\"https:\\\/\\\/www.immobilienbusiness.ch\\\/#organization\",\"name\":\"IMMOBILIEN Business\",\"url\":\"https:\\\/\\\/www.immobilienbusiness.ch\\\/\",\"logo\":{\"@type\":\"ImageObject\",\"inLanguage\":\"fr-FR\",\"@id\":\"https:\\\/\\\/www.immobilienbusiness.ch\\\/#\\\/schema\\\/logo\\\/image\\\/\",\"url\":\"https:\\\/\\\/www.immobilienbusiness.ch\\\/wp-content\\\/uploads\\\/2021\\\/07\\\/logo_ib.png\",\"contentUrl\":\"https:\\\/\\\/www.immobilienbusiness.ch\\\/wp-content\\\/uploads\\\/2021\\\/07\\\/logo_ib.png\",\"width\":800,\"height\":181,\"caption\":\"IMMOBILIEN Business\"},\"image\":{\"@id\":\"https:\\\/\\\/www.immobilienbusiness.ch\\\/#\\\/schema\\\/logo\\\/image\\\/\"},\"sameAs\":[\"https:\\\/\\\/www.facebook.com\\\/immobilienbusiness\\\/\"]},{\"@type\":\"Person\",\"@id\":\"https:\\\/\\\/www.immobilienbusiness.ch\\\/#\\\/schema\\\/person\\\/3fc036297b10b9f42d6db5ee932af8c8\",\"name\":\"anja.hall\",\"image\":{\"@type\":\"ImageObject\",\"inLanguage\":\"fr-FR\",\"@id\":\"https:\\\/\\\/secure.gravatar.com\\\/avatar\\\/066b5a0d447013502c71a5782f4f3469f03cfe595cc2329fb94652fe47511bfb?s=96&d=mm&r=g\",\"url\":\"https:\\\/\\\/secure.gravatar.com\\\/avatar\\\/066b5a0d447013502c71a5782f4f3469f03cfe595cc2329fb94652fe47511bfb?s=96&d=mm&r=g\",\"contentUrl\":\"https:\\\/\\\/secure.gravatar.com\\\/avatar\\\/066b5a0d447013502c71a5782f4f3469f03cfe595cc2329fb94652fe47511bfb?s=96&d=mm&r=g\",\"caption\":\"anja.hall\"},\"url\":\"https:\\\/\\\/www.immobilienbusiness.ch\\\/fr\\\/author\\\/anja-hall\\\/\"}]}<\/script>\n<!-- \/ Yoast SEO plugin. -->","yoast_head_json":{"title":"Drees &amp; Sommer annonce une hausse de son chiffre d'affaires - IMMOBILIER Business","description":"En 2016, Drees &amp; Sommer a r\u00e9alis\u00e9 un chiffre d'affaires d'environ 335 millions d'euros, soit 34 millions de plus que l'ann\u00e9e pr\u00e9c\u00e9dente. Le r\u00e9sultat op\u00e9rationnel est pass\u00e9 \u00e0 pr\u00e8s de 42 millions.","robots":{"index":"index","follow":"follow","max-snippet":"max-snippet:-1","max-image-preview":"max-image-preview:large","max-video-preview":"max-video-preview:-1"},"canonical":"https:\/\/www.immobilienbusiness.ch\/fr\/unternehmen\/2017-06-14\/drees-sommer-meldet-umsatzplus\/","og_locale":"fr_FR","og_type":"article","og_title":"Drees & Sommer meldet Umsatzplus","og_description":"Drees & Sommer hat 2016 rund 335 Millionen Euro umgesetzt, 34 Millionen mehr als im Vorjahr. Das operative Ergebnis erh\u00f6hte sich auf knapp 42 Millionen.","og_url":"https:\/\/www.immobilienbusiness.ch\/fr\/unternehmen\/2017-06-14\/drees-sommer-meldet-umsatzplus\/","og_site_name":"IMMOBILIEN Business","article_publisher":"https:\/\/www.facebook.com\/immobilienbusiness\/","article_published_time":"2017-06-14T07:30:44+00:00","og_image":[{"width":1024,"height":700,"url":"https:\/\/www.immobilienbusiness.ch\/wp-content\/uploads\/2017\/05\/Depositphotos_22522235_l-2015-1024x700.jpg","type":"image\/jpeg"}],"author":"anja.hall","twitter_card":"summary_large_image","twitter_title":"Drees & Sommer meldet Umsatzplus","twitter_description":"Drees & Sommer hat 2016 rund 335 Millionen Euro umgesetzt, 34 Millionen mehr als im Vorjahr. Das operative Ergebnis erh\u00f6hte sich auf knapp 42 Millionen.","twitter_image":"https:\/\/www.immobilienbusiness.ch\/wp-content\/uploads\/2017\/05\/Depositphotos_22522235_l-2015.jpg","schema":{"@context":"https:\/\/schema.org","@graph":[{"@type":"Article","@id":"https:\/\/www.immobilienbusiness.ch\/unternehmen\/2017-06-14\/drees-sommer-meldet-umsatzplus\/#article","isPartOf":{"@id":"https:\/\/www.immobilienbusiness.ch\/unternehmen\/2017-06-14\/drees-sommer-meldet-umsatzplus\/"},"author":{"name":"anja.hall","@id":"https:\/\/www.immobilienbusiness.ch\/#\/schema\/person\/3fc036297b10b9f42d6db5ee932af8c8"},"headline":"Drees &#038; Sommer meldet Umsatzplus","datePublished":"2017-06-14T07:30:44+00:00","mainEntityOfPage":{"@id":"https:\/\/www.immobilienbusiness.ch\/unternehmen\/2017-06-14\/drees-sommer-meldet-umsatzplus\/"},"wordCount":204,"commentCount":0,"publisher":{"@id":"https:\/\/www.immobilienbusiness.ch\/#organization"},"image":{"@id":"https:\/\/www.immobilienbusiness.ch\/unternehmen\/2017-06-14\/drees-sommer-meldet-umsatzplus\/#primaryimage"},"thumbnailUrl":"https:\/\/www.immobilienbusiness.ch\/wp-content\/uploads\/2017\/05\/Depositphotos_22522235_l-2015.jpg","keywords":["Jahresergebnis","Unternehmen"],"articleSection":["UNTERNEHMEN"],"inLanguage":"fr-FR"},{"@type":"WebPage","@id":"https:\/\/www.immobilienbusiness.ch\/unternehmen\/2017-06-14\/drees-sommer-meldet-umsatzplus\/","url":"https:\/\/www.immobilienbusiness.ch\/unternehmen\/2017-06-14\/drees-sommer-meldet-umsatzplus\/","name":"Drees &amp; Sommer annonce une hausse de son chiffre d'affaires - IMMOBILIER Business","isPartOf":{"@id":"https:\/\/www.immobilienbusiness.ch\/#website"},"primaryImageOfPage":{"@id":"https:\/\/www.immobilienbusiness.ch\/unternehmen\/2017-06-14\/drees-sommer-meldet-umsatzplus\/#primaryimage"},"image":{"@id":"https:\/\/www.immobilienbusiness.ch\/unternehmen\/2017-06-14\/drees-sommer-meldet-umsatzplus\/#primaryimage"},"thumbnailUrl":"https:\/\/www.immobilienbusiness.ch\/wp-content\/uploads\/2017\/05\/Depositphotos_22522235_l-2015.jpg","datePublished":"2017-06-14T07:30:44+00:00","description":"En 2016, Drees &amp; Sommer a r\u00e9alis\u00e9 un chiffre d'affaires d'environ 335 millions d'euros, soit 34 millions de plus que l'ann\u00e9e pr\u00e9c\u00e9dente. Le r\u00e9sultat op\u00e9rationnel est pass\u00e9 \u00e0 pr\u00e8s de 42 millions.","breadcrumb":{"@id":"https:\/\/www.immobilienbusiness.ch\/unternehmen\/2017-06-14\/drees-sommer-meldet-umsatzplus\/#breadcrumb"},"inLanguage":"fr-FR","potentialAction":[{"@type":"ReadAction","target":["https:\/\/www.immobilienbusiness.ch\/unternehmen\/2017-06-14\/drees-sommer-meldet-umsatzplus\/"]}]},{"@type":"ImageObject","inLanguage":"fr-FR","@id":"https:\/\/www.immobilienbusiness.ch\/unternehmen\/2017-06-14\/drees-sommer-meldet-umsatzplus\/#primaryimage","url":"https:\/\/www.immobilienbusiness.ch\/wp-content\/uploads\/2017\/05\/Depositphotos_22522235_l-2015.jpg","contentUrl":"https:\/\/www.immobilienbusiness.ch\/wp-content\/uploads\/2017\/05\/Depositphotos_22522235_l-2015.jpg","width":2000,"height":1367,"caption":"Der Cronos Immo Fund hat die geplanten 32 Mio. CHF mit seiner Kapitalerh\u00f6hung eingespielt. (Foto: depositphotos)"},{"@type":"BreadcrumbList","@id":"https:\/\/www.immobilienbusiness.ch\/unternehmen\/2017-06-14\/drees-sommer-meldet-umsatzplus\/#breadcrumb","itemListElement":[{"@type":"ListItem","position":1,"name":"Home","item":"https:\/\/www.immobilienbusiness.ch\/"},{"@type":"ListItem","position":2,"name":"Drees &#038; Sommer meldet Umsatzplus"}]},{"@type":"WebSite","@id":"https:\/\/www.immobilienbusiness.ch\/#website","url":"https:\/\/www.immobilienbusiness.ch\/","name":"IMMOBILIER Business","description":"Magazine \u00e9conomique suisse ind\u00e9pendant ax\u00e9 sur l'immobilier, l'architecture et la construction ainsi que sur les investissements et le financement.","publisher":{"@id":"https:\/\/www.immobilienbusiness.ch\/#organization"},"potentialAction":[{"@type":"SearchAction","target":{"@type":"EntryPoint","urlTemplate":"https:\/\/www.immobilienbusiness.ch\/?s={search_term_string}"},"query-input":{"@type":"PropertyValueSpecification","valueRequired":true,"valueName":"search_term_string"}}],"inLanguage":"fr-FR"},{"@type":"Organization","@id":"https:\/\/www.immobilienbusiness.ch\/#organization","name":"IMMOBILIER Business","url":"https:\/\/www.immobilienbusiness.ch\/","logo":{"@type":"ImageObject","inLanguage":"fr-FR","@id":"https:\/\/www.immobilienbusiness.ch\/#\/schema\/logo\/image\/","url":"https:\/\/www.immobilienbusiness.ch\/wp-content\/uploads\/2021\/07\/logo_ib.png","contentUrl":"https:\/\/www.immobilienbusiness.ch\/wp-content\/uploads\/2021\/07\/logo_ib.png","width":800,"height":181,"caption":"IMMOBILIEN Business"},"image":{"@id":"https:\/\/www.immobilienbusiness.ch\/#\/schema\/logo\/image\/"},"sameAs":["https:\/\/www.facebook.com\/immobilienbusiness\/"]},{"@type":"Person","@id":"https:\/\/www.immobilienbusiness.ch\/#\/schema\/person\/3fc036297b10b9f42d6db5ee932af8c8","name":"anja.hall","image":{"@type":"ImageObject","inLanguage":"fr-FR","@id":"https:\/\/secure.gravatar.com\/avatar\/066b5a0d447013502c71a5782f4f3469f03cfe595cc2329fb94652fe47511bfb?s=96&d=mm&r=g","url":"https:\/\/secure.gravatar.com\/avatar\/066b5a0d447013502c71a5782f4f3469f03cfe595cc2329fb94652fe47511bfb?s=96&d=mm&r=g","contentUrl":"https:\/\/secure.gravatar.com\/avatar\/066b5a0d447013502c71a5782f4f3469f03cfe595cc2329fb94652fe47511bfb?s=96&d=mm&r=g","caption":"anja.hall"},"url":"https:\/\/www.immobilienbusiness.ch\/fr\/author\/anja-hall\/"}]}},"_links":{"self":[{"href":"https:\/\/www.immobilienbusiness.ch\/fr\/wp-json\/wp\/v2\/posts\/7969","targetHints":{"allow":["GET"]}}],"collection":[{"href":"https:\/\/www.immobilienbusiness.ch\/fr\/wp-json\/wp\/v2\/posts"}],"about":[{"href":"https:\/\/www.immobilienbusiness.ch\/fr\/wp-json\/wp\/v2\/types\/post"}],"author":[{"embeddable":true,"href":"https:\/\/www.immobilienbusiness.ch\/fr\/wp-json\/wp\/v2\/users\/3"}],"replies":[{"embeddable":true,"href":"https:\/\/www.immobilienbusiness.ch\/fr\/wp-json\/wp\/v2\/comments?post=7969"}],"version-history":[{"count":0,"href":"https:\/\/www.immobilienbusiness.ch\/fr\/wp-json\/wp\/v2\/posts\/7969\/revisions"}],"wp:featuredmedia":[{"embeddable":true,"href":"https:\/\/www.immobilienbusiness.ch\/fr\/wp-json\/wp\/v2\/media\/7514"}],"wp:attachment":[{"href":"https:\/\/www.immobilienbusiness.ch\/fr\/wp-json\/wp\/v2\/media?parent=7969"}],"wp:term":[{"taxonomy":"category","embeddable":true,"href":"https:\/\/www.immobilienbusiness.ch\/fr\/wp-json\/wp\/v2\/categories?post=7969"},{"taxonomy":"post_tag","embeddable":true,"href":"https:\/\/www.immobilienbusiness.ch\/fr\/wp-json\/wp\/v2\/tags?post=7969"}],"curies":[{"name":"wp","href":"https:\/\/api.w.org\/{rel}","templated":true}]}}