{"id":7925,"date":"2017-06-12T08:22:40","date_gmt":"2017-06-12T06:22:40","guid":{"rendered":"https:\/\/www.immobilienbusiness.ch\/?p=7925"},"modified":"2017-06-12T08:22:40","modified_gmt":"2017-06-12T06:22:40","slug":"neuaufstellung-bei-redinvest","status":"publish","type":"post","link":"https:\/\/www.immobilienbusiness.ch\/fr\/unternehmen\/2017-06-12\/neuaufstellung-bei-redinvest\/","title":{"rendered":"Redinvest se r\u00e9organise"},"content":{"rendered":"<figure id=\"attachment_7926\" aria-describedby=\"caption-attachment-7926\" style=\"width: 680px\" class=\"wp-caption alignnone\"><img loading=\"lazy\" decoding=\"async\" class=\"size-medium wp-image-7926\" src=\"https:\/\/www.immobilienbusiness.ch\/wp-content\/uploads\/2017\/06\/Depositphotos_71529275_m-2015.jpg\" alt=\"\" width=\"680\" height=\"445\" srcset=\"https:\/\/www.immobilienbusiness.ch\/wp-content\/uploads\/2017\/06\/Depositphotos_71529275_m-2015.jpg 1000w, https:\/\/www.immobilienbusiness.ch\/wp-content\/uploads\/2017\/06\/Depositphotos_71529275_m-2015-300x196.jpg 300w, https:\/\/www.immobilienbusiness.ch\/wp-content\/uploads\/2017\/06\/Depositphotos_71529275_m-2015-768x502.jpg 768w, https:\/\/www.immobilienbusiness.ch\/wp-content\/uploads\/2017\/06\/Depositphotos_71529275_m-2015-16x10.jpg 16w, https:\/\/www.immobilienbusiness.ch\/wp-content\/uploads\/2017\/06\/Depositphotos_71529275_m-2015-268x175.jpg 268w, https:\/\/www.immobilienbusiness.ch\/wp-content\/uploads\/2017\/06\/Depositphotos_71529275_m-2015-535x350.jpg 535w, https:\/\/www.immobilienbusiness.ch\/wp-content\/uploads\/2017\/06\/Depositphotos_71529275_m-2015-920x602.jpg 920w\" sizes=\"auto, (max-width: 680px) 100vw, 680px\" \/><figcaption id=\"caption-attachment-7926\" class=\"wp-caption-text\">Redinvest se scinde en Arlewo et Redinvest (Photo : Rawpixel - depositphotos)<\/figcaption><\/figure>\n<p>Par cette mesure, les deux entreprises se positionnent comme ce qu'elles sont depuis environ 50 ans : deux soci\u00e9t\u00e9s ind\u00e9pendantes, indiquent Arlewo et Redinvest. Cette r\u00e9orientation est le r\u00e9sultat d'une analyse strat\u00e9gique compl\u00e8te et est devenue n\u00e9cessaire en vue de la prospection future du march\u00e9, ajoutent-ils.<\/p>\n<p>Alors que Redinvest Lucerne, Stans et Zoug se pr\u00e9sente d\u00e9sormais sur le march\u00e9 sous le nom d'Arlewo AG, l'entreprise de Sursee, Sch\u00f6tz et Willisau continue d'op\u00e9rer sous la marque Redinvest Immobilien AG. La direction d'Arlewo AG se compose d\u00e9sormais de Luzia B\u00e4rtschi, Thomas Peter et Thomas Winiger. Apr\u00e8s plus de 40 ans de service, Robert Egli quitte la direction pour raison d'\u00e2ge, mais reste \u00e0 la disposition de la client\u00e8le avec un taux d'occupation r\u00e9duit. Les propri\u00e9taires et membres du conseil d'administration d'Arlewo AG sont Thomas Peter et Thomas Winiger. L'entreprise emploie toujours 94 personnes sur ses trois sites de Lucerne, Stans et Zoug.<\/p>\n<p>Les propri\u00e9taires g\u00e9rants et les membres du conseil d'administration Anton et Michael Eiholzer, Thomas H\u00e4fliger, Josef Hodel, Ruth Kirchhofer, Daniel R\u00f6lli et Christian Troxler restent responsables de Redinvest Immobilien AG Sursee, Sch\u00f6tz et Willisau - et dans un avenir proche de Zofingue. L'entreprise emploie toujours 30 personnes.<\/p>\n<p>La nouvelle orientation entrera en vigueur le 1er juillet.<\/p>","protected":false},"excerpt":{"rendered":"<p>Le groupe d'entreprises Redinvest se r\u00e9oriente \u00e0 partir de d\u00e9but juillet 2017. Redinvest Lucerne, Stans et Zoug devient Arlewo AG. Quant \u00e0 Redinvest Sursee, Sch\u00f6tz et Willisau, elle continuera d'op\u00e9rer sous le nom de Redinvest Immobilien AG.<\/p>","protected":false},"author":3,"featured_media":7926,"comment_status":"open","ping_status":"open","sticky":false,"template":"","format":"standard","meta":{"_acf_changed":false,"_yoast_wpseo_focuskw":"Redinvest","_yoast_wpseo_title":"","_yoast_wpseo_metadesc":"Die Firmengruppe Redinvest richtet sich ab Anfang Juli 2017 neu aus.\u00a0Aus Redinvest Luzern, Stans und Zug wird die Arlewo AG.","_yoast_wpseo_linkdex":64,"pgc_sgb_lightbox_settings":"","footnotes":""},"categories":[988],"tags":[1807],"class_list":["post-7925","post","type-post","status-publish","format-standard","has-post-thumbnail","hentry","category-unternehmen","tag-unternehmen"],"acf":[],"yoast_head":"<!-- This site is optimized with the Yoast SEO plugin v27.4 - https:\/\/yoast.com\/product\/yoast-seo-wordpress\/ -->\n<title>Neuaufstellung bei Redinvest - IMMOBILIEN Business<\/title>\n<meta name=\"description\" content=\"Die Firmengruppe Redinvest richtet sich ab Anfang Juli 2017 neu aus.\u00a0Aus Redinvest Luzern, Stans und Zug wird die Arlewo AG.\" \/>\n<meta name=\"robots\" content=\"index, follow, max-snippet:-1, max-image-preview:large, max-video-preview:-1\" \/>\n<link rel=\"canonical\" href=\"https:\/\/www.immobilienbusiness.ch\/fr\/unternehmen\/2017-06-12\/neuaufstellung-bei-redinvest\/\" \/>\n<meta property=\"og:locale\" content=\"fr_FR\" \/>\n<meta property=\"og:type\" content=\"article\" \/>\n<meta property=\"og:title\" content=\"Neuaufstellung bei Redinvest\" \/>\n<meta property=\"og:description\" content=\"Die Firmengruppe Redinvest richtet sich ab Anfang Juli 2017 neu aus.\u00a0Aus Redinvest Luzern, Stans und Zug wird die Arlewo AG.\" \/>\n<meta property=\"og:url\" content=\"https:\/\/www.immobilienbusiness.ch\/fr\/unternehmen\/2017-06-12\/neuaufstellung-bei-redinvest\/\" \/>\n<meta property=\"og:site_name\" content=\"IMMOBILIEN Business\" \/>\n<meta property=\"article:publisher\" content=\"https:\/\/www.facebook.com\/immobilienbusiness\/\" \/>\n<meta property=\"article:published_time\" content=\"2017-06-12T06:22:40+00:00\" \/>\n<meta property=\"og:image\" content=\"https:\/\/www.immobilienbusiness.ch\/wp-content\/uploads\/2017\/06\/Depositphotos_71529275_m-2015.jpg\" \/>\n\t<meta property=\"og:image:width\" content=\"1000\" \/>\n\t<meta property=\"og:image:height\" content=\"654\" \/>\n\t<meta property=\"og:image:type\" content=\"image\/jpeg\" \/>\n<meta name=\"author\" content=\"anja.hall\" \/>\n<meta name=\"twitter:card\" content=\"summary_large_image\" \/>\n<meta name=\"twitter:title\" content=\"Neuaufstellung bei Redinvest\" \/>\n<meta name=\"twitter:description\" content=\"Die Firmengruppe Redinvest richtet sich ab Anfang Juli 2017 neu aus.\u00a0Aus Redinvest Luzern, Stans und Zug wird die Arlewo AG.\" \/>\n<script type=\"application\/ld+json\" class=\"yoast-schema-graph\">{\"@context\":\"https:\\\/\\\/schema.org\",\"@graph\":[{\"@type\":\"Article\",\"@id\":\"https:\\\/\\\/www.immobilienbusiness.ch\\\/unternehmen\\\/2017-06-12\\\/neuaufstellung-bei-redinvest\\\/#article\",\"isPartOf\":{\"@id\":\"https:\\\/\\\/www.immobilienbusiness.ch\\\/unternehmen\\\/2017-06-12\\\/neuaufstellung-bei-redinvest\\\/\"},\"author\":{\"name\":\"anja.hall\",\"@id\":\"https:\\\/\\\/www.immobilienbusiness.ch\\\/#\\\/schema\\\/person\\\/3fc036297b10b9f42d6db5ee932af8c8\"},\"headline\":\"Neuaufstellung bei Redinvest\",\"datePublished\":\"2017-06-12T06:22:40+00:00\",\"mainEntityOfPage\":{\"@id\":\"https:\\\/\\\/www.immobilienbusiness.ch\\\/unternehmen\\\/2017-06-12\\\/neuaufstellung-bei-redinvest\\\/\"},\"wordCount\":230,\"commentCount\":0,\"publisher\":{\"@id\":\"https:\\\/\\\/www.immobilienbusiness.ch\\\/#organization\"},\"image\":{\"@id\":\"https:\\\/\\\/www.immobilienbusiness.ch\\\/unternehmen\\\/2017-06-12\\\/neuaufstellung-bei-redinvest\\\/#primaryimage\"},\"thumbnailUrl\":\"https:\\\/\\\/www.immobilienbusiness.ch\\\/wp-content\\\/uploads\\\/2017\\\/06\\\/Depositphotos_71529275_m-2015.jpg\",\"keywords\":[\"Unternehmen\"],\"articleSection\":[\"UNTERNEHMEN\"],\"inLanguage\":\"fr-FR\"},{\"@type\":\"WebPage\",\"@id\":\"https:\\\/\\\/www.immobilienbusiness.ch\\\/unternehmen\\\/2017-06-12\\\/neuaufstellung-bei-redinvest\\\/\",\"url\":\"https:\\\/\\\/www.immobilienbusiness.ch\\\/unternehmen\\\/2017-06-12\\\/neuaufstellung-bei-redinvest\\\/\",\"name\":\"Neuaufstellung bei Redinvest - IMMOBILIEN Business\",\"isPartOf\":{\"@id\":\"https:\\\/\\\/www.immobilienbusiness.ch\\\/#website\"},\"primaryImageOfPage\":{\"@id\":\"https:\\\/\\\/www.immobilienbusiness.ch\\\/unternehmen\\\/2017-06-12\\\/neuaufstellung-bei-redinvest\\\/#primaryimage\"},\"image\":{\"@id\":\"https:\\\/\\\/www.immobilienbusiness.ch\\\/unternehmen\\\/2017-06-12\\\/neuaufstellung-bei-redinvest\\\/#primaryimage\"},\"thumbnailUrl\":\"https:\\\/\\\/www.immobilienbusiness.ch\\\/wp-content\\\/uploads\\\/2017\\\/06\\\/Depositphotos_71529275_m-2015.jpg\",\"datePublished\":\"2017-06-12T06:22:40+00:00\",\"description\":\"Die Firmengruppe Redinvest richtet sich ab Anfang Juli 2017 neu aus.\u00a0Aus Redinvest Luzern, Stans und Zug wird die Arlewo AG.\",\"breadcrumb\":{\"@id\":\"https:\\\/\\\/www.immobilienbusiness.ch\\\/unternehmen\\\/2017-06-12\\\/neuaufstellung-bei-redinvest\\\/#breadcrumb\"},\"inLanguage\":\"fr-FR\",\"potentialAction\":[{\"@type\":\"ReadAction\",\"target\":[\"https:\\\/\\\/www.immobilienbusiness.ch\\\/unternehmen\\\/2017-06-12\\\/neuaufstellung-bei-redinvest\\\/\"]}]},{\"@type\":\"ImageObject\",\"inLanguage\":\"fr-FR\",\"@id\":\"https:\\\/\\\/www.immobilienbusiness.ch\\\/unternehmen\\\/2017-06-12\\\/neuaufstellung-bei-redinvest\\\/#primaryimage\",\"url\":\"https:\\\/\\\/www.immobilienbusiness.ch\\\/wp-content\\\/uploads\\\/2017\\\/06\\\/Depositphotos_71529275_m-2015.jpg\",\"contentUrl\":\"https:\\\/\\\/www.immobilienbusiness.ch\\\/wp-content\\\/uploads\\\/2017\\\/06\\\/Depositphotos_71529275_m-2015.jpg\",\"width\":1000,\"height\":654,\"caption\":\"Im Verwaltungsrat der PSP soll es im Fr\u00fchjahr einen Neuzugang geben (Foto: Rawpixel - depositphotos)\"},{\"@type\":\"BreadcrumbList\",\"@id\":\"https:\\\/\\\/www.immobilienbusiness.ch\\\/unternehmen\\\/2017-06-12\\\/neuaufstellung-bei-redinvest\\\/#breadcrumb\",\"itemListElement\":[{\"@type\":\"ListItem\",\"position\":1,\"name\":\"Home\",\"item\":\"https:\\\/\\\/www.immobilienbusiness.ch\\\/\"},{\"@type\":\"ListItem\",\"position\":2,\"name\":\"Neuaufstellung bei Redinvest\"}]},{\"@type\":\"WebSite\",\"@id\":\"https:\\\/\\\/www.immobilienbusiness.ch\\\/#website\",\"url\":\"https:\\\/\\\/www.immobilienbusiness.ch\\\/\",\"name\":\"IMMOBILIEN Business\",\"description\":\"Unabh\u00e4ngiges Schweizer Wirtschaftsmagazin mit Fokus auf Immobilien, Architektur- und Bau sowie Investment- und Finanzierung.\",\"publisher\":{\"@id\":\"https:\\\/\\\/www.immobilienbusiness.ch\\\/#organization\"},\"potentialAction\":[{\"@type\":\"SearchAction\",\"target\":{\"@type\":\"EntryPoint\",\"urlTemplate\":\"https:\\\/\\\/www.immobilienbusiness.ch\\\/?s={search_term_string}\"},\"query-input\":{\"@type\":\"PropertyValueSpecification\",\"valueRequired\":true,\"valueName\":\"search_term_string\"}}],\"inLanguage\":\"fr-FR\"},{\"@type\":\"Organization\",\"@id\":\"https:\\\/\\\/www.immobilienbusiness.ch\\\/#organization\",\"name\":\"IMMOBILIEN Business\",\"url\":\"https:\\\/\\\/www.immobilienbusiness.ch\\\/\",\"logo\":{\"@type\":\"ImageObject\",\"inLanguage\":\"fr-FR\",\"@id\":\"https:\\\/\\\/www.immobilienbusiness.ch\\\/#\\\/schema\\\/logo\\\/image\\\/\",\"url\":\"https:\\\/\\\/www.immobilienbusiness.ch\\\/wp-content\\\/uploads\\\/2021\\\/07\\\/logo_ib.png\",\"contentUrl\":\"https:\\\/\\\/www.immobilienbusiness.ch\\\/wp-content\\\/uploads\\\/2021\\\/07\\\/logo_ib.png\",\"width\":800,\"height\":181,\"caption\":\"IMMOBILIEN Business\"},\"image\":{\"@id\":\"https:\\\/\\\/www.immobilienbusiness.ch\\\/#\\\/schema\\\/logo\\\/image\\\/\"},\"sameAs\":[\"https:\\\/\\\/www.facebook.com\\\/immobilienbusiness\\\/\"]},{\"@type\":\"Person\",\"@id\":\"https:\\\/\\\/www.immobilienbusiness.ch\\\/#\\\/schema\\\/person\\\/3fc036297b10b9f42d6db5ee932af8c8\",\"name\":\"anja.hall\",\"image\":{\"@type\":\"ImageObject\",\"inLanguage\":\"fr-FR\",\"@id\":\"https:\\\/\\\/secure.gravatar.com\\\/avatar\\\/066b5a0d447013502c71a5782f4f3469f03cfe595cc2329fb94652fe47511bfb?s=96&d=mm&r=g\",\"url\":\"https:\\\/\\\/secure.gravatar.com\\\/avatar\\\/066b5a0d447013502c71a5782f4f3469f03cfe595cc2329fb94652fe47511bfb?s=96&d=mm&r=g\",\"contentUrl\":\"https:\\\/\\\/secure.gravatar.com\\\/avatar\\\/066b5a0d447013502c71a5782f4f3469f03cfe595cc2329fb94652fe47511bfb?s=96&d=mm&r=g\",\"caption\":\"anja.hall\"},\"url\":\"https:\\\/\\\/www.immobilienbusiness.ch\\\/fr\\\/author\\\/anja-hall\\\/\"}]}<\/script>\n<!-- \/ Yoast SEO plugin. -->","yoast_head_json":{"title":"Redinvest se r\u00e9organise - IMMOBILIER Business","description":"Le groupe d'entreprises Redinvest se r\u00e9oriente \u00e0 partir de d\u00e9but juillet 2017. Redinvest Lucerne, Stans et Zoug devient Arlewo AG.","robots":{"index":"index","follow":"follow","max-snippet":"max-snippet:-1","max-image-preview":"max-image-preview:large","max-video-preview":"max-video-preview:-1"},"canonical":"https:\/\/www.immobilienbusiness.ch\/fr\/unternehmen\/2017-06-12\/neuaufstellung-bei-redinvest\/","og_locale":"fr_FR","og_type":"article","og_title":"Neuaufstellung bei Redinvest","og_description":"Die Firmengruppe Redinvest richtet sich ab Anfang Juli 2017 neu aus.\u00a0Aus Redinvest Luzern, Stans und Zug wird die Arlewo AG.","og_url":"https:\/\/www.immobilienbusiness.ch\/fr\/unternehmen\/2017-06-12\/neuaufstellung-bei-redinvest\/","og_site_name":"IMMOBILIEN Business","article_publisher":"https:\/\/www.facebook.com\/immobilienbusiness\/","article_published_time":"2017-06-12T06:22:40+00:00","og_image":[{"width":1000,"height":654,"url":"https:\/\/www.immobilienbusiness.ch\/wp-content\/uploads\/2017\/06\/Depositphotos_71529275_m-2015.jpg","type":"image\/jpeg"}],"author":"anja.hall","twitter_card":"summary_large_image","twitter_title":"Neuaufstellung bei Redinvest","twitter_description":"Die Firmengruppe Redinvest richtet sich ab Anfang Juli 2017 neu aus.\u00a0Aus Redinvest Luzern, Stans und Zug wird die Arlewo AG.","schema":{"@context":"https:\/\/schema.org","@graph":[{"@type":"Article","@id":"https:\/\/www.immobilienbusiness.ch\/unternehmen\/2017-06-12\/neuaufstellung-bei-redinvest\/#article","isPartOf":{"@id":"https:\/\/www.immobilienbusiness.ch\/unternehmen\/2017-06-12\/neuaufstellung-bei-redinvest\/"},"author":{"name":"anja.hall","@id":"https:\/\/www.immobilienbusiness.ch\/#\/schema\/person\/3fc036297b10b9f42d6db5ee932af8c8"},"headline":"Neuaufstellung bei Redinvest","datePublished":"2017-06-12T06:22:40+00:00","mainEntityOfPage":{"@id":"https:\/\/www.immobilienbusiness.ch\/unternehmen\/2017-06-12\/neuaufstellung-bei-redinvest\/"},"wordCount":230,"commentCount":0,"publisher":{"@id":"https:\/\/www.immobilienbusiness.ch\/#organization"},"image":{"@id":"https:\/\/www.immobilienbusiness.ch\/unternehmen\/2017-06-12\/neuaufstellung-bei-redinvest\/#primaryimage"},"thumbnailUrl":"https:\/\/www.immobilienbusiness.ch\/wp-content\/uploads\/2017\/06\/Depositphotos_71529275_m-2015.jpg","keywords":["Unternehmen"],"articleSection":["UNTERNEHMEN"],"inLanguage":"fr-FR"},{"@type":"WebPage","@id":"https:\/\/www.immobilienbusiness.ch\/unternehmen\/2017-06-12\/neuaufstellung-bei-redinvest\/","url":"https:\/\/www.immobilienbusiness.ch\/unternehmen\/2017-06-12\/neuaufstellung-bei-redinvest\/","name":"Redinvest se r\u00e9organise - IMMOBILIER Business","isPartOf":{"@id":"https:\/\/www.immobilienbusiness.ch\/#website"},"primaryImageOfPage":{"@id":"https:\/\/www.immobilienbusiness.ch\/unternehmen\/2017-06-12\/neuaufstellung-bei-redinvest\/#primaryimage"},"image":{"@id":"https:\/\/www.immobilienbusiness.ch\/unternehmen\/2017-06-12\/neuaufstellung-bei-redinvest\/#primaryimage"},"thumbnailUrl":"https:\/\/www.immobilienbusiness.ch\/wp-content\/uploads\/2017\/06\/Depositphotos_71529275_m-2015.jpg","datePublished":"2017-06-12T06:22:40+00:00","description":"Le groupe d'entreprises Redinvest se r\u00e9oriente \u00e0 partir de d\u00e9but juillet 2017. Redinvest Lucerne, Stans et Zoug devient Arlewo AG.","breadcrumb":{"@id":"https:\/\/www.immobilienbusiness.ch\/unternehmen\/2017-06-12\/neuaufstellung-bei-redinvest\/#breadcrumb"},"inLanguage":"fr-FR","potentialAction":[{"@type":"ReadAction","target":["https:\/\/www.immobilienbusiness.ch\/unternehmen\/2017-06-12\/neuaufstellung-bei-redinvest\/"]}]},{"@type":"ImageObject","inLanguage":"fr-FR","@id":"https:\/\/www.immobilienbusiness.ch\/unternehmen\/2017-06-12\/neuaufstellung-bei-redinvest\/#primaryimage","url":"https:\/\/www.immobilienbusiness.ch\/wp-content\/uploads\/2017\/06\/Depositphotos_71529275_m-2015.jpg","contentUrl":"https:\/\/www.immobilienbusiness.ch\/wp-content\/uploads\/2017\/06\/Depositphotos_71529275_m-2015.jpg","width":1000,"height":654,"caption":"Im Verwaltungsrat der PSP soll es im Fr\u00fchjahr einen Neuzugang geben (Foto: Rawpixel - depositphotos)"},{"@type":"BreadcrumbList","@id":"https:\/\/www.immobilienbusiness.ch\/unternehmen\/2017-06-12\/neuaufstellung-bei-redinvest\/#breadcrumb","itemListElement":[{"@type":"ListItem","position":1,"name":"Home","item":"https:\/\/www.immobilienbusiness.ch\/"},{"@type":"ListItem","position":2,"name":"Neuaufstellung bei Redinvest"}]},{"@type":"WebSite","@id":"https:\/\/www.immobilienbusiness.ch\/#website","url":"https:\/\/www.immobilienbusiness.ch\/","name":"IMMOBILIER Business","description":"Magazine \u00e9conomique suisse ind\u00e9pendant ax\u00e9 sur l'immobilier, l'architecture et la construction ainsi que sur les investissements et le financement.","publisher":{"@id":"https:\/\/www.immobilienbusiness.ch\/#organization"},"potentialAction":[{"@type":"SearchAction","target":{"@type":"EntryPoint","urlTemplate":"https:\/\/www.immobilienbusiness.ch\/?s={search_term_string}"},"query-input":{"@type":"PropertyValueSpecification","valueRequired":true,"valueName":"search_term_string"}}],"inLanguage":"fr-FR"},{"@type":"Organization","@id":"https:\/\/www.immobilienbusiness.ch\/#organization","name":"IMMOBILIER Business","url":"https:\/\/www.immobilienbusiness.ch\/","logo":{"@type":"ImageObject","inLanguage":"fr-FR","@id":"https:\/\/www.immobilienbusiness.ch\/#\/schema\/logo\/image\/","url":"https:\/\/www.immobilienbusiness.ch\/wp-content\/uploads\/2021\/07\/logo_ib.png","contentUrl":"https:\/\/www.immobilienbusiness.ch\/wp-content\/uploads\/2021\/07\/logo_ib.png","width":800,"height":181,"caption":"IMMOBILIEN Business"},"image":{"@id":"https:\/\/www.immobilienbusiness.ch\/#\/schema\/logo\/image\/"},"sameAs":["https:\/\/www.facebook.com\/immobilienbusiness\/"]},{"@type":"Person","@id":"https:\/\/www.immobilienbusiness.ch\/#\/schema\/person\/3fc036297b10b9f42d6db5ee932af8c8","name":"anja.hall","image":{"@type":"ImageObject","inLanguage":"fr-FR","@id":"https:\/\/secure.gravatar.com\/avatar\/066b5a0d447013502c71a5782f4f3469f03cfe595cc2329fb94652fe47511bfb?s=96&d=mm&r=g","url":"https:\/\/secure.gravatar.com\/avatar\/066b5a0d447013502c71a5782f4f3469f03cfe595cc2329fb94652fe47511bfb?s=96&d=mm&r=g","contentUrl":"https:\/\/secure.gravatar.com\/avatar\/066b5a0d447013502c71a5782f4f3469f03cfe595cc2329fb94652fe47511bfb?s=96&d=mm&r=g","caption":"anja.hall"},"url":"https:\/\/www.immobilienbusiness.ch\/fr\/author\/anja-hall\/"}]}},"_links":{"self":[{"href":"https:\/\/www.immobilienbusiness.ch\/fr\/wp-json\/wp\/v2\/posts\/7925","targetHints":{"allow":["GET"]}}],"collection":[{"href":"https:\/\/www.immobilienbusiness.ch\/fr\/wp-json\/wp\/v2\/posts"}],"about":[{"href":"https:\/\/www.immobilienbusiness.ch\/fr\/wp-json\/wp\/v2\/types\/post"}],"author":[{"embeddable":true,"href":"https:\/\/www.immobilienbusiness.ch\/fr\/wp-json\/wp\/v2\/users\/3"}],"replies":[{"embeddable":true,"href":"https:\/\/www.immobilienbusiness.ch\/fr\/wp-json\/wp\/v2\/comments?post=7925"}],"version-history":[{"count":0,"href":"https:\/\/www.immobilienbusiness.ch\/fr\/wp-json\/wp\/v2\/posts\/7925\/revisions"}],"wp:featuredmedia":[{"embeddable":true,"href":"https:\/\/www.immobilienbusiness.ch\/fr\/wp-json\/wp\/v2\/media\/7926"}],"wp:attachment":[{"href":"https:\/\/www.immobilienbusiness.ch\/fr\/wp-json\/wp\/v2\/media?parent=7925"}],"wp:term":[{"taxonomy":"category","embeddable":true,"href":"https:\/\/www.immobilienbusiness.ch\/fr\/wp-json\/wp\/v2\/categories?post=7925"},{"taxonomy":"post_tag","embeddable":true,"href":"https:\/\/www.immobilienbusiness.ch\/fr\/wp-json\/wp\/v2\/tags?post=7925"}],"curies":[{"name":"wp","href":"https:\/\/api.w.org\/{rel}","templated":true}]}}