{"id":7905,"date":"2017-06-09T08:53:15","date_gmt":"2017-06-09T06:53:15","guid":{"rendered":"https:\/\/www.immobilienbusiness.ch\/?p=7905"},"modified":"2017-06-09T08:53:15","modified_gmt":"2017-06-09T06:53:15","slug":"basel-arbeiten-auf-erlenmatt-areal-kommen-voran","status":"publish","type":"post","link":"https:\/\/www.immobilienbusiness.ch\/fr\/regionen\/2017-06-09\/basel-arbeiten-auf-erlenmatt-areal-kommen-voran\/","title":{"rendered":"B\u00e2le : les travaux avancent sur le site d'Erlenmatt"},"content":{"rendered":"<figure id=\"attachment_7906\" aria-describedby=\"caption-attachment-7906\" style=\"width: 680px\" class=\"wp-caption alignnone\"><img loading=\"lazy\" decoding=\"async\" class=\"size-medium wp-image-7906\" src=\"https:\/\/www.immobilienbusiness.ch\/wp-content\/uploads\/2017\/06\/luftaufnahme_erlenmatt_areal.jpg\" alt=\"\" width=\"680\" height=\"454\" srcset=\"https:\/\/www.immobilienbusiness.ch\/wp-content\/uploads\/2017\/06\/luftaufnahme_erlenmatt_areal.jpg 2000w, https:\/\/www.immobilienbusiness.ch\/wp-content\/uploads\/2017\/06\/luftaufnahme_erlenmatt_areal-300x200.jpg 300w, https:\/\/www.immobilienbusiness.ch\/wp-content\/uploads\/2017\/06\/luftaufnahme_erlenmatt_areal-1024x684.jpg 1024w, https:\/\/www.immobilienbusiness.ch\/wp-content\/uploads\/2017\/06\/luftaufnahme_erlenmatt_areal-768x513.jpg 768w, https:\/\/www.immobilienbusiness.ch\/wp-content\/uploads\/2017\/06\/luftaufnahme_erlenmatt_areal-1536x1025.jpg 1536w, https:\/\/www.immobilienbusiness.ch\/wp-content\/uploads\/2017\/06\/luftaufnahme_erlenmatt_areal-16x12.jpg 16w, https:\/\/www.immobilienbusiness.ch\/wp-content\/uploads\/2017\/06\/luftaufnahme_erlenmatt_areal-262x175.jpg 262w, https:\/\/www.immobilienbusiness.ch\/wp-content\/uploads\/2017\/06\/luftaufnahme_erlenmatt_areal-524x350.jpg 524w, https:\/\/www.immobilienbusiness.ch\/wp-content\/uploads\/2017\/06\/luftaufnahme_erlenmatt_areal-1199x800.jpg 1199w, https:\/\/www.immobilienbusiness.ch\/wp-content\/uploads\/2017\/06\/luftaufnahme_erlenmatt_areal-920x614.jpg 920w, https:\/\/www.immobilienbusiness.ch\/wp-content\/uploads\/2017\/06\/luftaufnahme_erlenmatt_areal-1400x935.jpg 1400w\" sizes=\"auto, (max-width: 680px) 100vw, 680px\" \/><figcaption id=\"caption-attachment-7906\" class=\"wp-caption-text\">Le site d'Erlenmatt \u00e0 Petit-B\u00e2le (photo : canton de B\u00e2le-Ville)<\/figcaption><\/figure>\n<p>Comme le communique le canton de B\u00e2le-Ville, la place Max-K\u00e4mpf est actuellement en cours de r\u00e9alisation sur le site d'Erlenmatt - comme prochain jalon sur la voie d'un nouveau quartier urbain. Le d\u00e9but des travaux est pr\u00e9vu pour mi-2018 et la nouvelle place de quartier devrait \u00eatre inaugur\u00e9e en \u00e9t\u00e9 2019.<\/p>\n<p>La place Erlenmatt avec son bosquet d'arbres devant le nouveau b\u00e2timent de Fossil Europe est d\u00e9j\u00e0 termin\u00e9e. Au printemps 2018, la construction du b\u00e2timent d'infrastructure et de la salle de sport tendance devrait commencer. \u00c0 partir de 2019, l'Erlenmattplatz et la salle de sports tendance seront \u00e0 la disposition des enfants et des jeunes.<\/p>\n<p>La partie nord du parc sera occup\u00e9e, c\u00f4t\u00e9 est, par un b\u00e2timent de l'entreprise Ziegler au plus tard au printemps 2023. En revanche, la partie nord-ouest de l'Erlenmattpark peut d\u00e9sormais \u00eatre achev\u00e9e. Le r\u00e9am\u00e9nagement ou la cr\u00e9ation de la zone de protection de la nature pr\u00e9vue devrait d\u00e9buter au printemps 2019. Il est \u00e9galement pr\u00e9vu de cr\u00e9er une liaison pi\u00e9tonne directe dans la zone du giratoire de la prairie, via la Mauerstrasse, vers la prairie.<\/p>\n<h2>L'ouverture du complexe r\u00e9sidentiel est pr\u00e9vue pour 2019<\/h2>\n<p>Sur l'\u00eelot A, au sud-est du site, un ensemble d'habitations comprenant 317 logements et un centre commercial pour les besoins quotidiens est en cours de construction. Sur la surface de vente totale d'un peu plus de 6 000 m\u00b2, la Coop, le magasin d'\u00e9lectronique Fust et la pharmacie Vitality occupent environ 2 600 m\u00b2. Pour les surfaces de vente, 100 places de parking sont \u00e0 la disposition des clients ; 172 places de parking sont pr\u00e9vues pour les logements. Losinger Marazzi r\u00e9alise le projet de construction. L'ouverture est pr\u00e9vue pour mars 2019.<\/p>\n<p>Plusieurs immeubles sont d\u00e9j\u00e0 en construction sur les terrains de la Fondation Habitat et seront achev\u00e9s d'ici fin 2017. L'immeuble Signalstrasse 23\/25, dont la Fondation Habitat est elle-m\u00eame le ma\u00eetre d'ouvrage, a \u00e9t\u00e9 remis fin mai 2017 aux locataires Abilia et \u00e0 la cr\u00e8che \"Bl\u00e4sistift\". Abilia met \u00e0 disposition des offres de logement et d'occupation accompagn\u00e9es pour les personnes handicap\u00e9es. En outre, douze appartements, une salle commune et des surfaces commerciales ont \u00e9t\u00e9 r\u00e9alis\u00e9s.<\/p>\n<p>D'ici mi-2019, la premi\u00e8re phase des travaux de construction - dix immeubles au total avec diff\u00e9rents ma\u00eetres d'ouvrage - sera achev\u00e9e. Plus de 200 logements auront alors \u00e9t\u00e9 construits pour environ 500 habitants.<\/p>","protected":false},"excerpt":{"rendered":"<p>Le nouveau quartier urbain de l'Erlenmatt, dans le Petit-B\u00e2le, ne cesse de s'\u00e9tendre. Plus de 1400 logements, un parc, une \u00e9cole, deux grandes places urbaines et un centre commercial y sont construits.<\/p>","protected":false},"author":3,"featured_media":7906,"comment_status":"open","ping_status":"open","sticky":false,"template":"","format":"standard","meta":{"_acf_changed":false,"_yoast_wpseo_focuskw":"Erlenmatt-Areal","_yoast_wpseo_title":"","_yoast_wpseo_metadesc":"Das neue Stadtquartier auf der Erlenmatt in Kleinbasel w\u00e4chst stetig. Es entstehen \u00fcber 1.400 Wohnungen, eine Schule und ein Einkaufszentrum.","_yoast_wpseo_linkdex":75,"pgc_sgb_lightbox_settings":"","footnotes":""},"categories":[985],"tags":[1069,1601,1629,1863],"class_list":["post-7905","post","type-post","status-publish","format-standard","has-post-thumbnail","hentry","category-regionen","tag-basel","tag-projektentwicklung","tag-regionen","tag-wohnimmobilien"],"acf":[],"yoast_head":"<!-- This site is optimized with the Yoast SEO plugin v27.4 - https:\/\/yoast.com\/product\/yoast-seo-wordpress\/ -->\n<title>Basel: Arbeiten auf dem Erlenmatt-Areal kommen voran - IMMOBILIEN Business<\/title>\n<meta name=\"description\" content=\"Das neue Stadtquartier auf der Erlenmatt in Kleinbasel w\u00e4chst stetig. Es entstehen \u00fcber 1.400 Wohnungen, eine Schule und ein Einkaufszentrum.\" \/>\n<meta name=\"robots\" content=\"index, follow, max-snippet:-1, max-image-preview:large, max-video-preview:-1\" \/>\n<link rel=\"canonical\" href=\"https:\/\/www.immobilienbusiness.ch\/fr\/regionen\/2017-06-09\/basel-arbeiten-auf-erlenmatt-areal-kommen-voran\/\" \/>\n<meta property=\"og:locale\" content=\"fr_FR\" \/>\n<meta property=\"og:type\" content=\"article\" \/>\n<meta property=\"og:title\" content=\"Basel: Arbeiten auf dem Erlenmatt-Areal kommen voran\" \/>\n<meta property=\"og:description\" content=\"Das neue Stadtquartier auf der Erlenmatt in Kleinbasel w\u00e4chst stetig. Es entstehen \u00fcber 1.400 Wohnungen, eine Schule und ein Einkaufszentrum.\" \/>\n<meta property=\"og:url\" content=\"https:\/\/www.immobilienbusiness.ch\/fr\/regionen\/2017-06-09\/basel-arbeiten-auf-erlenmatt-areal-kommen-voran\/\" \/>\n<meta property=\"og:site_name\" content=\"IMMOBILIEN Business\" \/>\n<meta property=\"article:publisher\" content=\"https:\/\/www.facebook.com\/immobilienbusiness\/\" \/>\n<meta property=\"article:published_time\" content=\"2017-06-09T06:53:15+00:00\" \/>\n<meta property=\"og:image\" content=\"https:\/\/www.immobilienbusiness.ch\/wp-content\/uploads\/2017\/06\/luftaufnahme_erlenmatt_areal.jpg\" \/>\n\t<meta property=\"og:image:width\" content=\"2000\" \/>\n\t<meta property=\"og:image:height\" content=\"1335\" \/>\n\t<meta property=\"og:image:type\" content=\"image\/jpeg\" \/>\n<meta name=\"author\" content=\"anja.hall\" \/>\n<meta name=\"twitter:card\" content=\"summary_large_image\" \/>\n<meta name=\"twitter:title\" content=\"Basel: Arbeiten auf dem Erlenmatt-Areal kommen voran\" \/>\n<meta name=\"twitter:description\" content=\"Das neue Stadtquartier auf der Erlenmatt in Kleinbasel w\u00e4chst stetig. Es entstehen \u00fcber 1.400 Wohnungen, eine Schule und ein Einkaufszentrum.\" \/>\n<meta name=\"twitter:image\" content=\"https:\/\/www.immobilienbusiness.ch\/wp-content\/uploads\/2017\/06\/luftaufnahme_erlenmatt_areal.jpg\" \/>\n<script type=\"application\/ld+json\" class=\"yoast-schema-graph\">{\"@context\":\"https:\\\/\\\/schema.org\",\"@graph\":[{\"@type\":\"Article\",\"@id\":\"https:\\\/\\\/www.immobilienbusiness.ch\\\/fr\\\/regionen\\\/2017-06-09\\\/basel-arbeiten-auf-erlenmatt-areal-kommen-voran\\\/#article\",\"isPartOf\":{\"@id\":\"https:\\\/\\\/www.immobilienbusiness.ch\\\/fr\\\/regionen\\\/2017-06-09\\\/basel-arbeiten-auf-erlenmatt-areal-kommen-voran\\\/\"},\"author\":{\"name\":\"anja.hall\",\"@id\":\"https:\\\/\\\/www.immobilienbusiness.ch\\\/#\\\/schema\\\/person\\\/3fc036297b10b9f42d6db5ee932af8c8\"},\"headline\":\"Basel: Arbeiten auf dem Erlenmatt-Areal kommen voran\",\"datePublished\":\"2017-06-09T06:53:15+00:00\",\"mainEntityOfPage\":{\"@id\":\"https:\\\/\\\/www.immobilienbusiness.ch\\\/fr\\\/regionen\\\/2017-06-09\\\/basel-arbeiten-auf-erlenmatt-areal-kommen-voran\\\/\"},\"wordCount\":359,\"commentCount\":0,\"publisher\":{\"@id\":\"https:\\\/\\\/www.immobilienbusiness.ch\\\/#organization\"},\"image\":{\"@id\":\"https:\\\/\\\/www.immobilienbusiness.ch\\\/fr\\\/regionen\\\/2017-06-09\\\/basel-arbeiten-auf-erlenmatt-areal-kommen-voran\\\/#primaryimage\"},\"thumbnailUrl\":\"https:\\\/\\\/www.immobilienbusiness.ch\\\/wp-content\\\/uploads\\\/2017\\\/06\\\/luftaufnahme_erlenmatt_areal.jpg\",\"keywords\":[\"Basel\",\"Projektentwicklung\",\"Regionen\",\"Wohnimmobilien\"],\"articleSection\":[\"REGIONEN\"],\"inLanguage\":\"fr-FR\"},{\"@type\":\"WebPage\",\"@id\":\"https:\\\/\\\/www.immobilienbusiness.ch\\\/fr\\\/regionen\\\/2017-06-09\\\/basel-arbeiten-auf-erlenmatt-areal-kommen-voran\\\/\",\"url\":\"https:\\\/\\\/www.immobilienbusiness.ch\\\/fr\\\/regionen\\\/2017-06-09\\\/basel-arbeiten-auf-erlenmatt-areal-kommen-voran\\\/\",\"name\":\"Basel: Arbeiten auf dem Erlenmatt-Areal kommen voran - IMMOBILIEN Business\",\"isPartOf\":{\"@id\":\"https:\\\/\\\/www.immobilienbusiness.ch\\\/#website\"},\"primaryImageOfPage\":{\"@id\":\"https:\\\/\\\/www.immobilienbusiness.ch\\\/fr\\\/regionen\\\/2017-06-09\\\/basel-arbeiten-auf-erlenmatt-areal-kommen-voran\\\/#primaryimage\"},\"image\":{\"@id\":\"https:\\\/\\\/www.immobilienbusiness.ch\\\/fr\\\/regionen\\\/2017-06-09\\\/basel-arbeiten-auf-erlenmatt-areal-kommen-voran\\\/#primaryimage\"},\"thumbnailUrl\":\"https:\\\/\\\/www.immobilienbusiness.ch\\\/wp-content\\\/uploads\\\/2017\\\/06\\\/luftaufnahme_erlenmatt_areal.jpg\",\"datePublished\":\"2017-06-09T06:53:15+00:00\",\"description\":\"Das neue Stadtquartier auf der Erlenmatt in Kleinbasel w\u00e4chst stetig. Es entstehen \u00fcber 1.400 Wohnungen, eine Schule und ein Einkaufszentrum.\",\"breadcrumb\":{\"@id\":\"https:\\\/\\\/www.immobilienbusiness.ch\\\/fr\\\/regionen\\\/2017-06-09\\\/basel-arbeiten-auf-erlenmatt-areal-kommen-voran\\\/#breadcrumb\"},\"inLanguage\":\"fr-FR\",\"potentialAction\":[{\"@type\":\"ReadAction\",\"target\":[\"https:\\\/\\\/www.immobilienbusiness.ch\\\/fr\\\/regionen\\\/2017-06-09\\\/basel-arbeiten-auf-erlenmatt-areal-kommen-voran\\\/\"]}]},{\"@type\":\"ImageObject\",\"inLanguage\":\"fr-FR\",\"@id\":\"https:\\\/\\\/www.immobilienbusiness.ch\\\/fr\\\/regionen\\\/2017-06-09\\\/basel-arbeiten-auf-erlenmatt-areal-kommen-voran\\\/#primaryimage\",\"url\":\"https:\\\/\\\/www.immobilienbusiness.ch\\\/wp-content\\\/uploads\\\/2017\\\/06\\\/luftaufnahme_erlenmatt_areal.jpg\",\"contentUrl\":\"https:\\\/\\\/www.immobilienbusiness.ch\\\/wp-content\\\/uploads\\\/2017\\\/06\\\/luftaufnahme_erlenmatt_areal.jpg\",\"width\":2000,\"height\":1335,\"caption\":\"Luftaufnahme des Erlenmatt-Areals (Foto: Kanton Basel-Stadt)\"},{\"@type\":\"BreadcrumbList\",\"@id\":\"https:\\\/\\\/www.immobilienbusiness.ch\\\/fr\\\/regionen\\\/2017-06-09\\\/basel-arbeiten-auf-erlenmatt-areal-kommen-voran\\\/#breadcrumb\",\"itemListElement\":[{\"@type\":\"ListItem\",\"position\":1,\"name\":\"Home\",\"item\":\"https:\\\/\\\/www.immobilienbusiness.ch\\\/\"},{\"@type\":\"ListItem\",\"position\":2,\"name\":\"Basel: Arbeiten auf dem Erlenmatt-Areal kommen voran\"}]},{\"@type\":\"WebSite\",\"@id\":\"https:\\\/\\\/www.immobilienbusiness.ch\\\/#website\",\"url\":\"https:\\\/\\\/www.immobilienbusiness.ch\\\/\",\"name\":\"IMMOBILIEN Business\",\"description\":\"Unabh\u00e4ngiges Schweizer Wirtschaftsmagazin mit Fokus auf Immobilien, Architektur- und Bau sowie Investment- und Finanzierung.\",\"publisher\":{\"@id\":\"https:\\\/\\\/www.immobilienbusiness.ch\\\/#organization\"},\"potentialAction\":[{\"@type\":\"SearchAction\",\"target\":{\"@type\":\"EntryPoint\",\"urlTemplate\":\"https:\\\/\\\/www.immobilienbusiness.ch\\\/?s={search_term_string}\"},\"query-input\":{\"@type\":\"PropertyValueSpecification\",\"valueRequired\":true,\"valueName\":\"search_term_string\"}}],\"inLanguage\":\"fr-FR\"},{\"@type\":\"Organization\",\"@id\":\"https:\\\/\\\/www.immobilienbusiness.ch\\\/#organization\",\"name\":\"IMMOBILIEN Business\",\"url\":\"https:\\\/\\\/www.immobilienbusiness.ch\\\/\",\"logo\":{\"@type\":\"ImageObject\",\"inLanguage\":\"fr-FR\",\"@id\":\"https:\\\/\\\/www.immobilienbusiness.ch\\\/#\\\/schema\\\/logo\\\/image\\\/\",\"url\":\"https:\\\/\\\/www.immobilienbusiness.ch\\\/wp-content\\\/uploads\\\/2021\\\/07\\\/logo_ib.png\",\"contentUrl\":\"https:\\\/\\\/www.immobilienbusiness.ch\\\/wp-content\\\/uploads\\\/2021\\\/07\\\/logo_ib.png\",\"width\":800,\"height\":181,\"caption\":\"IMMOBILIEN Business\"},\"image\":{\"@id\":\"https:\\\/\\\/www.immobilienbusiness.ch\\\/#\\\/schema\\\/logo\\\/image\\\/\"},\"sameAs\":[\"https:\\\/\\\/www.facebook.com\\\/immobilienbusiness\\\/\"]},{\"@type\":\"Person\",\"@id\":\"https:\\\/\\\/www.immobilienbusiness.ch\\\/#\\\/schema\\\/person\\\/3fc036297b10b9f42d6db5ee932af8c8\",\"name\":\"anja.hall\",\"image\":{\"@type\":\"ImageObject\",\"inLanguage\":\"fr-FR\",\"@id\":\"https:\\\/\\\/secure.gravatar.com\\\/avatar\\\/066b5a0d447013502c71a5782f4f3469f03cfe595cc2329fb94652fe47511bfb?s=96&d=mm&r=g\",\"url\":\"https:\\\/\\\/secure.gravatar.com\\\/avatar\\\/066b5a0d447013502c71a5782f4f3469f03cfe595cc2329fb94652fe47511bfb?s=96&d=mm&r=g\",\"contentUrl\":\"https:\\\/\\\/secure.gravatar.com\\\/avatar\\\/066b5a0d447013502c71a5782f4f3469f03cfe595cc2329fb94652fe47511bfb?s=96&d=mm&r=g\",\"caption\":\"anja.hall\"},\"url\":\"https:\\\/\\\/www.immobilienbusiness.ch\\\/fr\\\/author\\\/anja-hall\\\/\"}]}<\/script>\n<!-- \/ Yoast SEO plugin. -->","yoast_head_json":{"title":"Basel: Arbeiten auf dem Erlenmatt-Areal kommen voran - IMMOBILIEN Business","description":"Das neue Stadtquartier auf der Erlenmatt in Kleinbasel w\u00e4chst stetig. Es entstehen \u00fcber 1.400 Wohnungen, eine Schule und ein Einkaufszentrum.","robots":{"index":"index","follow":"follow","max-snippet":"max-snippet:-1","max-image-preview":"max-image-preview:large","max-video-preview":"max-video-preview:-1"},"canonical":"https:\/\/www.immobilienbusiness.ch\/fr\/regionen\/2017-06-09\/basel-arbeiten-auf-erlenmatt-areal-kommen-voran\/","og_locale":"fr_FR","og_type":"article","og_title":"Basel: Arbeiten auf dem Erlenmatt-Areal kommen voran","og_description":"Das neue Stadtquartier auf der Erlenmatt in Kleinbasel w\u00e4chst stetig. Es entstehen \u00fcber 1.400 Wohnungen, eine Schule und ein Einkaufszentrum.","og_url":"https:\/\/www.immobilienbusiness.ch\/fr\/regionen\/2017-06-09\/basel-arbeiten-auf-erlenmatt-areal-kommen-voran\/","og_site_name":"IMMOBILIEN Business","article_publisher":"https:\/\/www.facebook.com\/immobilienbusiness\/","article_published_time":"2017-06-09T06:53:15+00:00","og_image":[{"width":2000,"height":1335,"url":"https:\/\/www.immobilienbusiness.ch\/wp-content\/uploads\/2017\/06\/luftaufnahme_erlenmatt_areal.jpg","type":"image\/jpeg"}],"author":"anja.hall","twitter_card":"summary_large_image","twitter_title":"Basel: Arbeiten auf dem Erlenmatt-Areal kommen voran","twitter_description":"Das neue Stadtquartier auf der Erlenmatt in Kleinbasel w\u00e4chst stetig. Es entstehen \u00fcber 1.400 Wohnungen, eine Schule und ein Einkaufszentrum.","twitter_image":"https:\/\/www.immobilienbusiness.ch\/wp-content\/uploads\/2017\/06\/luftaufnahme_erlenmatt_areal.jpg","schema":{"@context":"https:\/\/schema.org","@graph":[{"@type":"Article","@id":"https:\/\/www.immobilienbusiness.ch\/fr\/regionen\/2017-06-09\/basel-arbeiten-auf-erlenmatt-areal-kommen-voran\/#article","isPartOf":{"@id":"https:\/\/www.immobilienbusiness.ch\/fr\/regionen\/2017-06-09\/basel-arbeiten-auf-erlenmatt-areal-kommen-voran\/"},"author":{"name":"anja.hall","@id":"https:\/\/www.immobilienbusiness.ch\/#\/schema\/person\/3fc036297b10b9f42d6db5ee932af8c8"},"headline":"Basel: Arbeiten auf dem Erlenmatt-Areal kommen voran","datePublished":"2017-06-09T06:53:15+00:00","mainEntityOfPage":{"@id":"https:\/\/www.immobilienbusiness.ch\/fr\/regionen\/2017-06-09\/basel-arbeiten-auf-erlenmatt-areal-kommen-voran\/"},"wordCount":359,"commentCount":0,"publisher":{"@id":"https:\/\/www.immobilienbusiness.ch\/#organization"},"image":{"@id":"https:\/\/www.immobilienbusiness.ch\/fr\/regionen\/2017-06-09\/basel-arbeiten-auf-erlenmatt-areal-kommen-voran\/#primaryimage"},"thumbnailUrl":"https:\/\/www.immobilienbusiness.ch\/wp-content\/uploads\/2017\/06\/luftaufnahme_erlenmatt_areal.jpg","keywords":["Basel","Projektentwicklung","Regionen","Wohnimmobilien"],"articleSection":["REGIONEN"],"inLanguage":"fr-FR"},{"@type":"WebPage","@id":"https:\/\/www.immobilienbusiness.ch\/fr\/regionen\/2017-06-09\/basel-arbeiten-auf-erlenmatt-areal-kommen-voran\/","url":"https:\/\/www.immobilienbusiness.ch\/fr\/regionen\/2017-06-09\/basel-arbeiten-auf-erlenmatt-areal-kommen-voran\/","name":"Basel: Arbeiten auf dem Erlenmatt-Areal kommen voran - IMMOBILIEN Business","isPartOf":{"@id":"https:\/\/www.immobilienbusiness.ch\/#website"},"primaryImageOfPage":{"@id":"https:\/\/www.immobilienbusiness.ch\/fr\/regionen\/2017-06-09\/basel-arbeiten-auf-erlenmatt-areal-kommen-voran\/#primaryimage"},"image":{"@id":"https:\/\/www.immobilienbusiness.ch\/fr\/regionen\/2017-06-09\/basel-arbeiten-auf-erlenmatt-areal-kommen-voran\/#primaryimage"},"thumbnailUrl":"https:\/\/www.immobilienbusiness.ch\/wp-content\/uploads\/2017\/06\/luftaufnahme_erlenmatt_areal.jpg","datePublished":"2017-06-09T06:53:15+00:00","description":"Das neue Stadtquartier auf der Erlenmatt in Kleinbasel w\u00e4chst stetig. Es entstehen \u00fcber 1.400 Wohnungen, eine Schule und ein Einkaufszentrum.","breadcrumb":{"@id":"https:\/\/www.immobilienbusiness.ch\/fr\/regionen\/2017-06-09\/basel-arbeiten-auf-erlenmatt-areal-kommen-voran\/#breadcrumb"},"inLanguage":"fr-FR","potentialAction":[{"@type":"ReadAction","target":["https:\/\/www.immobilienbusiness.ch\/fr\/regionen\/2017-06-09\/basel-arbeiten-auf-erlenmatt-areal-kommen-voran\/"]}]},{"@type":"ImageObject","inLanguage":"fr-FR","@id":"https:\/\/www.immobilienbusiness.ch\/fr\/regionen\/2017-06-09\/basel-arbeiten-auf-erlenmatt-areal-kommen-voran\/#primaryimage","url":"https:\/\/www.immobilienbusiness.ch\/wp-content\/uploads\/2017\/06\/luftaufnahme_erlenmatt_areal.jpg","contentUrl":"https:\/\/www.immobilienbusiness.ch\/wp-content\/uploads\/2017\/06\/luftaufnahme_erlenmatt_areal.jpg","width":2000,"height":1335,"caption":"Luftaufnahme des Erlenmatt-Areals (Foto: Kanton Basel-Stadt)"},{"@type":"BreadcrumbList","@id":"https:\/\/www.immobilienbusiness.ch\/fr\/regionen\/2017-06-09\/basel-arbeiten-auf-erlenmatt-areal-kommen-voran\/#breadcrumb","itemListElement":[{"@type":"ListItem","position":1,"name":"Home","item":"https:\/\/www.immobilienbusiness.ch\/"},{"@type":"ListItem","position":2,"name":"Basel: Arbeiten auf dem Erlenmatt-Areal kommen voran"}]},{"@type":"WebSite","@id":"https:\/\/www.immobilienbusiness.ch\/#website","url":"https:\/\/www.immobilienbusiness.ch\/","name":"IMMOBILIER Business","description":"Magazine \u00e9conomique suisse ind\u00e9pendant ax\u00e9 sur l'immobilier, l'architecture et la construction ainsi que sur les investissements et le financement.","publisher":{"@id":"https:\/\/www.immobilienbusiness.ch\/#organization"},"potentialAction":[{"@type":"SearchAction","target":{"@type":"EntryPoint","urlTemplate":"https:\/\/www.immobilienbusiness.ch\/?s={search_term_string}"},"query-input":{"@type":"PropertyValueSpecification","valueRequired":true,"valueName":"search_term_string"}}],"inLanguage":"fr-FR"},{"@type":"Organization","@id":"https:\/\/www.immobilienbusiness.ch\/#organization","name":"IMMOBILIER Business","url":"https:\/\/www.immobilienbusiness.ch\/","logo":{"@type":"ImageObject","inLanguage":"fr-FR","@id":"https:\/\/www.immobilienbusiness.ch\/#\/schema\/logo\/image\/","url":"https:\/\/www.immobilienbusiness.ch\/wp-content\/uploads\/2021\/07\/logo_ib.png","contentUrl":"https:\/\/www.immobilienbusiness.ch\/wp-content\/uploads\/2021\/07\/logo_ib.png","width":800,"height":181,"caption":"IMMOBILIEN Business"},"image":{"@id":"https:\/\/www.immobilienbusiness.ch\/#\/schema\/logo\/image\/"},"sameAs":["https:\/\/www.facebook.com\/immobilienbusiness\/"]},{"@type":"Person","@id":"https:\/\/www.immobilienbusiness.ch\/#\/schema\/person\/3fc036297b10b9f42d6db5ee932af8c8","name":"anja.hall","image":{"@type":"ImageObject","inLanguage":"fr-FR","@id":"https:\/\/secure.gravatar.com\/avatar\/066b5a0d447013502c71a5782f4f3469f03cfe595cc2329fb94652fe47511bfb?s=96&d=mm&r=g","url":"https:\/\/secure.gravatar.com\/avatar\/066b5a0d447013502c71a5782f4f3469f03cfe595cc2329fb94652fe47511bfb?s=96&d=mm&r=g","contentUrl":"https:\/\/secure.gravatar.com\/avatar\/066b5a0d447013502c71a5782f4f3469f03cfe595cc2329fb94652fe47511bfb?s=96&d=mm&r=g","caption":"anja.hall"},"url":"https:\/\/www.immobilienbusiness.ch\/fr\/author\/anja-hall\/"}]}},"_links":{"self":[{"href":"https:\/\/www.immobilienbusiness.ch\/fr\/wp-json\/wp\/v2\/posts\/7905","targetHints":{"allow":["GET"]}}],"collection":[{"href":"https:\/\/www.immobilienbusiness.ch\/fr\/wp-json\/wp\/v2\/posts"}],"about":[{"href":"https:\/\/www.immobilienbusiness.ch\/fr\/wp-json\/wp\/v2\/types\/post"}],"author":[{"embeddable":true,"href":"https:\/\/www.immobilienbusiness.ch\/fr\/wp-json\/wp\/v2\/users\/3"}],"replies":[{"embeddable":true,"href":"https:\/\/www.immobilienbusiness.ch\/fr\/wp-json\/wp\/v2\/comments?post=7905"}],"version-history":[{"count":0,"href":"https:\/\/www.immobilienbusiness.ch\/fr\/wp-json\/wp\/v2\/posts\/7905\/revisions"}],"wp:featuredmedia":[{"embeddable":true,"href":"https:\/\/www.immobilienbusiness.ch\/fr\/wp-json\/wp\/v2\/media\/7906"}],"wp:attachment":[{"href":"https:\/\/www.immobilienbusiness.ch\/fr\/wp-json\/wp\/v2\/media?parent=7905"}],"wp:term":[{"taxonomy":"category","embeddable":true,"href":"https:\/\/www.immobilienbusiness.ch\/fr\/wp-json\/wp\/v2\/categories?post=7905"},{"taxonomy":"post_tag","embeddable":true,"href":"https:\/\/www.immobilienbusiness.ch\/fr\/wp-json\/wp\/v2\/tags?post=7905"}],"curies":[{"name":"wp","href":"https:\/\/api.w.org\/{rel}","templated":true}]}}