{"id":7903,"date":"2017-06-12T08:34:59","date_gmt":"2017-06-12T06:34:59","guid":{"rendered":"https:\/\/www.immobilienbusiness.ch\/?p=7903"},"modified":"2017-06-12T08:34:59","modified_gmt":"2017-06-12T06:34:59","slug":"solothurn-villageoffice-eroeffnet-coworking-space","status":"publish","type":"post","link":"https:\/\/www.immobilienbusiness.ch\/fr\/buero\/2017-06-12\/solothurn-villageoffice-eroeffnet-coworking-space\/","title":{"rendered":"Soleure : VillageOffice ouvre un espace de coworking"},"content":{"rendered":"<figure id=\"attachment_7930\" aria-describedby=\"caption-attachment-7930\" style=\"width: 680px\" class=\"wp-caption alignnone\"><img loading=\"lazy\" decoding=\"async\" class=\"size-medium wp-image-7930\" src=\"https:\/\/www.immobilienbusiness.ch\/wp-content\/uploads\/2017\/06\/Depositphotos_52463231_m-2015.jpg\" alt=\"\" width=\"680\" height=\"422\" srcset=\"https:\/\/www.immobilienbusiness.ch\/wp-content\/uploads\/2017\/06\/Depositphotos_52463231_m-2015.jpg 1000w, https:\/\/www.immobilienbusiness.ch\/wp-content\/uploads\/2017\/06\/Depositphotos_52463231_m-2015-300x186.jpg 300w, https:\/\/www.immobilienbusiness.ch\/wp-content\/uploads\/2017\/06\/Depositphotos_52463231_m-2015-768x476.jpg 768w, https:\/\/www.immobilienbusiness.ch\/wp-content\/uploads\/2017\/06\/Depositphotos_52463231_m-2015-16x10.jpg 16w, https:\/\/www.immobilienbusiness.ch\/wp-content\/uploads\/2017\/06\/Depositphotos_52463231_m-2015-282x175.jpg 282w, https:\/\/www.immobilienbusiness.ch\/wp-content\/uploads\/2017\/06\/Depositphotos_52463231_m-2015-565x350.jpg 565w, https:\/\/www.immobilienbusiness.ch\/wp-content\/uploads\/2017\/06\/Depositphotos_52463231_m-2015-920x570.jpg 920w\" sizes=\"auto, (max-width: 680px) 100vw, 680px\" \/><figcaption id=\"caption-attachment-7930\" class=\"wp-caption-text\">VillageOffice ouvre un espace de coworking dans l'Uferbau de Soleure (image symbolique : Rawpixel - depositphotos)<\/figcaption><\/figure>\n<p>Le nouvel espace de coworking dans l'Uferbau offre 36 places de travail et trois salles de r\u00e9union. Ce vaisseau amiral fait partie du r\u00e9seau d'espaces de coworking locaux que la coop\u00e9rative est en train de mettre en place dans toute la Suisse, communique VillageOffice.<\/p>\n<p>La coop\u00e9rative met en place un r\u00e9seau national d'espaces de coworking locaux, accessibles en moins de 15 minutes en transports publics ou \u00e0 v\u00e9lo depuis le domicile. L'espace de coworking de l'Uferbau-West est une coop\u00e9ration entre la coop\u00e9rative VillageOffice et la coop\u00e9rative locale VillageOffice Uferbau. Le projet est soutenu par Vitra, In2, Sichtfeld, Ubicon, B\u00fcropunkt, la Promotion \u00e9conomique du canton de Soleure et l'Uferbau.<\/p>\n<p>\"Au lieu de faire la navette chaque matin dans des trains bond\u00e9s pour se rendre \u00e0 Zurich, on peut s'installer au coworking Uferbau de Soleure et \u00e9conomiser ainsi un temps de trajet pr\u00e9cieux. La qualit\u00e9 de vie s'en trouve am\u00e9lior\u00e9e\", estime Guido Kummer de Ballenhaus AG, co-initiateur du projet. Sarah Koch, directrice de la Promotion \u00e9conomique du canton de Soleure, a soulign\u00e9 lors de l'inauguration la<br \/>\nL'importance des offres dans le domaine des formes de travail modernes pour l'attractivit\u00e9 du site. Il s'agit d'une \u00e9volution importante si l'on pense par exemple \u00e0 la conciliation du travail et de la famille.<\/p>","protected":false},"excerpt":{"rendered":"<p>VillageOffice a ouvert un espace de coworking le 8 juin dans l'Uferbau de Soleure. La coop\u00e9rative veut mettre en place un r\u00e9seau \u00e0 l'\u00e9chelle nationale.<\/p>","protected":false},"author":3,"featured_media":7930,"comment_status":"open","ping_status":"open","sticky":false,"template":"","format":"standard","meta":{"_acf_changed":false,"_yoast_wpseo_focuskw":"VillageOffice","_yoast_wpseo_title":"","_yoast_wpseo_metadesc":"VillageOffice hat am 8. Juni im Uferbau Solothurn einen\u00a0Coworking-Space er\u00f6ffnet. Die Genossenschaft will ein landesweites Netz aufbauen.","_yoast_wpseo_linkdex":64,"pgc_sgb_lightbox_settings":"","footnotes":""},"categories":[983],"tags":[1145,1205,1629],"class_list":["post-7903","post","type-post","status-publish","format-standard","has-post-thumbnail","hentry","category-buero","tag-coworking","tag-espace-mittelland","tag-regionen"],"acf":[],"yoast_head":"<!-- This site is optimized with the Yoast SEO plugin v27.5 - https:\/\/yoast.com\/product\/yoast-seo-wordpress\/ -->\n<title>Solothurn: VillageOffice er\u00f6ffnet Coworking-Space - IMMOBILIEN Business<\/title>\n<meta name=\"description\" content=\"VillageOffice hat am 8. Juni im Uferbau Solothurn einen\u00a0Coworking-Space er\u00f6ffnet. Die Genossenschaft will ein landesweites Netz aufbauen.\" \/>\n<meta name=\"robots\" content=\"index, follow, max-snippet:-1, max-image-preview:large, max-video-preview:-1\" \/>\n<link rel=\"canonical\" href=\"https:\/\/www.immobilienbusiness.ch\/fr\/buero\/2017-06-12\/solothurn-villageoffice-eroeffnet-coworking-space\/\" \/>\n<meta property=\"og:locale\" content=\"fr_FR\" \/>\n<meta property=\"og:type\" content=\"article\" \/>\n<meta property=\"og:title\" content=\"Solothurn: VillageOffice er\u00f6ffnet Coworking-Space\" \/>\n<meta property=\"og:description\" content=\"VillageOffice hat am 8. Juni im Uferbau Solothurn einen\u00a0Coworking-Space er\u00f6ffnet. Die Genossenschaft will ein landesweites Netz aufbauen.\" \/>\n<meta property=\"og:url\" content=\"https:\/\/www.immobilienbusiness.ch\/fr\/buero\/2017-06-12\/solothurn-villageoffice-eroeffnet-coworking-space\/\" \/>\n<meta property=\"og:site_name\" content=\"IMMOBILIEN Business\" \/>\n<meta property=\"article:publisher\" content=\"https:\/\/www.facebook.com\/immobilienbusiness\/\" \/>\n<meta property=\"article:published_time\" content=\"2017-06-12T06:34:59+00:00\" \/>\n<meta property=\"og:image\" content=\"https:\/\/www.immobilienbusiness.ch\/wp-content\/uploads\/2017\/06\/Depositphotos_52463231_m-2015.jpg\" \/>\n\t<meta property=\"og:image:width\" content=\"1000\" \/>\n\t<meta property=\"og:image:height\" content=\"620\" \/>\n\t<meta property=\"og:image:type\" content=\"image\/jpeg\" \/>\n<meta name=\"author\" content=\"anja.hall\" \/>\n<meta name=\"twitter:card\" content=\"summary_large_image\" \/>\n<meta name=\"twitter:title\" content=\"Solothurn: VillageOffice er\u00f6ffnet Coworking-Space\" \/>\n<meta name=\"twitter:description\" content=\"VillageOffice hat am 8. Juni im Uferbau Solothurn einen\u00a0Coworking-Space er\u00f6ffnet. Die Genossenschaft will ein landesweites Netz aufbauen.\" \/>\n<meta name=\"twitter:image\" content=\"https:\/\/www.immobilienbusiness.ch\/wp-content\/uploads\/2017\/06\/Depositphotos_52463231_m-2015.jpg\" \/>\n<script type=\"application\/ld+json\" class=\"yoast-schema-graph\">{\"@context\":\"https:\\\/\\\/schema.org\",\"@graph\":[{\"@type\":\"Article\",\"@id\":\"https:\\\/\\\/www.immobilienbusiness.ch\\\/fr\\\/buero\\\/2017-06-12\\\/solothurn-villageoffice-eroeffnet-coworking-space\\\/#article\",\"isPartOf\":{\"@id\":\"https:\\\/\\\/www.immobilienbusiness.ch\\\/fr\\\/buero\\\/2017-06-12\\\/solothurn-villageoffice-eroeffnet-coworking-space\\\/\"},\"author\":{\"name\":\"anja.hall\",\"@id\":\"https:\\\/\\\/www.immobilienbusiness.ch\\\/#\\\/schema\\\/person\\\/3fc036297b10b9f42d6db5ee932af8c8\"},\"headline\":\"Solothurn: VillageOffice er\u00f6ffnet Coworking-Space\",\"datePublished\":\"2017-06-12T06:34:59+00:00\",\"mainEntityOfPage\":{\"@id\":\"https:\\\/\\\/www.immobilienbusiness.ch\\\/fr\\\/buero\\\/2017-06-12\\\/solothurn-villageoffice-eroeffnet-coworking-space\\\/\"},\"wordCount\":197,\"commentCount\":0,\"publisher\":{\"@id\":\"https:\\\/\\\/www.immobilienbusiness.ch\\\/#organization\"},\"image\":{\"@id\":\"https:\\\/\\\/www.immobilienbusiness.ch\\\/fr\\\/buero\\\/2017-06-12\\\/solothurn-villageoffice-eroeffnet-coworking-space\\\/#primaryimage\"},\"thumbnailUrl\":\"https:\\\/\\\/www.immobilienbusiness.ch\\\/wp-content\\\/uploads\\\/2017\\\/06\\\/Depositphotos_52463231_m-2015.jpg\",\"keywords\":[\"Coworking\",\"Espace Mittelland\",\"Regionen\"],\"articleSection\":[\"B\u00dcRO\"],\"inLanguage\":\"fr-FR\"},{\"@type\":\"WebPage\",\"@id\":\"https:\\\/\\\/www.immobilienbusiness.ch\\\/fr\\\/buero\\\/2017-06-12\\\/solothurn-villageoffice-eroeffnet-coworking-space\\\/\",\"url\":\"https:\\\/\\\/www.immobilienbusiness.ch\\\/fr\\\/buero\\\/2017-06-12\\\/solothurn-villageoffice-eroeffnet-coworking-space\\\/\",\"name\":\"Solothurn: VillageOffice er\u00f6ffnet Coworking-Space - IMMOBILIEN Business\",\"isPartOf\":{\"@id\":\"https:\\\/\\\/www.immobilienbusiness.ch\\\/#website\"},\"primaryImageOfPage\":{\"@id\":\"https:\\\/\\\/www.immobilienbusiness.ch\\\/fr\\\/buero\\\/2017-06-12\\\/solothurn-villageoffice-eroeffnet-coworking-space\\\/#primaryimage\"},\"image\":{\"@id\":\"https:\\\/\\\/www.immobilienbusiness.ch\\\/fr\\\/buero\\\/2017-06-12\\\/solothurn-villageoffice-eroeffnet-coworking-space\\\/#primaryimage\"},\"thumbnailUrl\":\"https:\\\/\\\/www.immobilienbusiness.ch\\\/wp-content\\\/uploads\\\/2017\\\/06\\\/Depositphotos_52463231_m-2015.jpg\",\"datePublished\":\"2017-06-12T06:34:59+00:00\",\"description\":\"VillageOffice hat am 8. Juni im Uferbau Solothurn einen\u00a0Coworking-Space er\u00f6ffnet. Die Genossenschaft will ein landesweites Netz aufbauen.\",\"breadcrumb\":{\"@id\":\"https:\\\/\\\/www.immobilienbusiness.ch\\\/fr\\\/buero\\\/2017-06-12\\\/solothurn-villageoffice-eroeffnet-coworking-space\\\/#breadcrumb\"},\"inLanguage\":\"fr-FR\",\"potentialAction\":[{\"@type\":\"ReadAction\",\"target\":[\"https:\\\/\\\/www.immobilienbusiness.ch\\\/fr\\\/buero\\\/2017-06-12\\\/solothurn-villageoffice-eroeffnet-coworking-space\\\/\"]}]},{\"@type\":\"ImageObject\",\"inLanguage\":\"fr-FR\",\"@id\":\"https:\\\/\\\/www.immobilienbusiness.ch\\\/fr\\\/buero\\\/2017-06-12\\\/solothurn-villageoffice-eroeffnet-coworking-space\\\/#primaryimage\",\"url\":\"https:\\\/\\\/www.immobilienbusiness.ch\\\/wp-content\\\/uploads\\\/2017\\\/06\\\/Depositphotos_52463231_m-2015.jpg\",\"contentUrl\":\"https:\\\/\\\/www.immobilienbusiness.ch\\\/wp-content\\\/uploads\\\/2017\\\/06\\\/Depositphotos_52463231_m-2015.jpg\",\"width\":1000,\"height\":620,\"caption\":\"VillageOffice er\u00f6ffnet im Solothurn Uferbau einen Coworking-Space (Symbolbild: Rawpixel - depositphotos)\"},{\"@type\":\"BreadcrumbList\",\"@id\":\"https:\\\/\\\/www.immobilienbusiness.ch\\\/fr\\\/buero\\\/2017-06-12\\\/solothurn-villageoffice-eroeffnet-coworking-space\\\/#breadcrumb\",\"itemListElement\":[{\"@type\":\"ListItem\",\"position\":1,\"name\":\"Home\",\"item\":\"https:\\\/\\\/www.immobilienbusiness.ch\\\/\"},{\"@type\":\"ListItem\",\"position\":2,\"name\":\"Solothurn: VillageOffice er\u00f6ffnet Coworking-Space\"}]},{\"@type\":\"WebSite\",\"@id\":\"https:\\\/\\\/www.immobilienbusiness.ch\\\/#website\",\"url\":\"https:\\\/\\\/www.immobilienbusiness.ch\\\/\",\"name\":\"IMMOBILIEN Business\",\"description\":\"Unabh\u00e4ngiges Schweizer Wirtschaftsmagazin mit Fokus auf Immobilien, Architektur- und Bau sowie Investment- und Finanzierung.\",\"publisher\":{\"@id\":\"https:\\\/\\\/www.immobilienbusiness.ch\\\/#organization\"},\"potentialAction\":[{\"@type\":\"SearchAction\",\"target\":{\"@type\":\"EntryPoint\",\"urlTemplate\":\"https:\\\/\\\/www.immobilienbusiness.ch\\\/?s={search_term_string}\"},\"query-input\":{\"@type\":\"PropertyValueSpecification\",\"valueRequired\":true,\"valueName\":\"search_term_string\"}}],\"inLanguage\":\"fr-FR\"},{\"@type\":\"Organization\",\"@id\":\"https:\\\/\\\/www.immobilienbusiness.ch\\\/#organization\",\"name\":\"IMMOBILIEN Business\",\"url\":\"https:\\\/\\\/www.immobilienbusiness.ch\\\/\",\"logo\":{\"@type\":\"ImageObject\",\"inLanguage\":\"fr-FR\",\"@id\":\"https:\\\/\\\/www.immobilienbusiness.ch\\\/#\\\/schema\\\/logo\\\/image\\\/\",\"url\":\"https:\\\/\\\/www.immobilienbusiness.ch\\\/wp-content\\\/uploads\\\/2021\\\/07\\\/logo_ib.png\",\"contentUrl\":\"https:\\\/\\\/www.immobilienbusiness.ch\\\/wp-content\\\/uploads\\\/2021\\\/07\\\/logo_ib.png\",\"width\":800,\"height\":181,\"caption\":\"IMMOBILIEN Business\"},\"image\":{\"@id\":\"https:\\\/\\\/www.immobilienbusiness.ch\\\/#\\\/schema\\\/logo\\\/image\\\/\"},\"sameAs\":[\"https:\\\/\\\/www.facebook.com\\\/immobilienbusiness\\\/\"]},{\"@type\":\"Person\",\"@id\":\"https:\\\/\\\/www.immobilienbusiness.ch\\\/#\\\/schema\\\/person\\\/3fc036297b10b9f42d6db5ee932af8c8\",\"name\":\"anja.hall\",\"image\":{\"@type\":\"ImageObject\",\"inLanguage\":\"fr-FR\",\"@id\":\"https:\\\/\\\/secure.gravatar.com\\\/avatar\\\/066b5a0d447013502c71a5782f4f3469f03cfe595cc2329fb94652fe47511bfb?s=96&d=mm&r=g\",\"url\":\"https:\\\/\\\/secure.gravatar.com\\\/avatar\\\/066b5a0d447013502c71a5782f4f3469f03cfe595cc2329fb94652fe47511bfb?s=96&d=mm&r=g\",\"contentUrl\":\"https:\\\/\\\/secure.gravatar.com\\\/avatar\\\/066b5a0d447013502c71a5782f4f3469f03cfe595cc2329fb94652fe47511bfb?s=96&d=mm&r=g\",\"caption\":\"anja.hall\"},\"url\":\"https:\\\/\\\/www.immobilienbusiness.ch\\\/fr\\\/author\\\/anja-hall\\\/\"}]}<\/script>\n<!-- \/ Yoast SEO plugin. -->","yoast_head_json":{"title":"Soleure : VillageOffice ouvre un espace de coworking - IMMOBILIER Business","description":"VillageOffice a ouvert un espace de coworking le 8 juin dans l'Uferbau de Soleure. La coop\u00e9rative veut mettre en place un r\u00e9seau \u00e0 l'\u00e9chelle nationale.","robots":{"index":"index","follow":"follow","max-snippet":"max-snippet:-1","max-image-preview":"max-image-preview:large","max-video-preview":"max-video-preview:-1"},"canonical":"https:\/\/www.immobilienbusiness.ch\/fr\/buero\/2017-06-12\/solothurn-villageoffice-eroeffnet-coworking-space\/","og_locale":"fr_FR","og_type":"article","og_title":"Solothurn: VillageOffice er\u00f6ffnet Coworking-Space","og_description":"VillageOffice hat am 8. Juni im Uferbau Solothurn einen\u00a0Coworking-Space er\u00f6ffnet. Die Genossenschaft will ein landesweites Netz aufbauen.","og_url":"https:\/\/www.immobilienbusiness.ch\/fr\/buero\/2017-06-12\/solothurn-villageoffice-eroeffnet-coworking-space\/","og_site_name":"IMMOBILIEN Business","article_publisher":"https:\/\/www.facebook.com\/immobilienbusiness\/","article_published_time":"2017-06-12T06:34:59+00:00","og_image":[{"width":1000,"height":620,"url":"https:\/\/www.immobilienbusiness.ch\/wp-content\/uploads\/2017\/06\/Depositphotos_52463231_m-2015.jpg","type":"image\/jpeg"}],"author":"anja.hall","twitter_card":"summary_large_image","twitter_title":"Solothurn: VillageOffice er\u00f6ffnet Coworking-Space","twitter_description":"VillageOffice hat am 8. Juni im Uferbau Solothurn einen\u00a0Coworking-Space er\u00f6ffnet. Die Genossenschaft will ein landesweites Netz aufbauen.","twitter_image":"https:\/\/www.immobilienbusiness.ch\/wp-content\/uploads\/2017\/06\/Depositphotos_52463231_m-2015.jpg","schema":{"@context":"https:\/\/schema.org","@graph":[{"@type":"Article","@id":"https:\/\/www.immobilienbusiness.ch\/fr\/buero\/2017-06-12\/solothurn-villageoffice-eroeffnet-coworking-space\/#article","isPartOf":{"@id":"https:\/\/www.immobilienbusiness.ch\/fr\/buero\/2017-06-12\/solothurn-villageoffice-eroeffnet-coworking-space\/"},"author":{"name":"anja.hall","@id":"https:\/\/www.immobilienbusiness.ch\/#\/schema\/person\/3fc036297b10b9f42d6db5ee932af8c8"},"headline":"Solothurn: VillageOffice er\u00f6ffnet Coworking-Space","datePublished":"2017-06-12T06:34:59+00:00","mainEntityOfPage":{"@id":"https:\/\/www.immobilienbusiness.ch\/fr\/buero\/2017-06-12\/solothurn-villageoffice-eroeffnet-coworking-space\/"},"wordCount":197,"commentCount":0,"publisher":{"@id":"https:\/\/www.immobilienbusiness.ch\/#organization"},"image":{"@id":"https:\/\/www.immobilienbusiness.ch\/fr\/buero\/2017-06-12\/solothurn-villageoffice-eroeffnet-coworking-space\/#primaryimage"},"thumbnailUrl":"https:\/\/www.immobilienbusiness.ch\/wp-content\/uploads\/2017\/06\/Depositphotos_52463231_m-2015.jpg","keywords":["Coworking","Espace Mittelland","Regionen"],"articleSection":["B\u00dcRO"],"inLanguage":"fr-FR"},{"@type":"WebPage","@id":"https:\/\/www.immobilienbusiness.ch\/fr\/buero\/2017-06-12\/solothurn-villageoffice-eroeffnet-coworking-space\/","url":"https:\/\/www.immobilienbusiness.ch\/fr\/buero\/2017-06-12\/solothurn-villageoffice-eroeffnet-coworking-space\/","name":"Soleure : VillageOffice ouvre un espace de coworking - IMMOBILIER Business","isPartOf":{"@id":"https:\/\/www.immobilienbusiness.ch\/#website"},"primaryImageOfPage":{"@id":"https:\/\/www.immobilienbusiness.ch\/fr\/buero\/2017-06-12\/solothurn-villageoffice-eroeffnet-coworking-space\/#primaryimage"},"image":{"@id":"https:\/\/www.immobilienbusiness.ch\/fr\/buero\/2017-06-12\/solothurn-villageoffice-eroeffnet-coworking-space\/#primaryimage"},"thumbnailUrl":"https:\/\/www.immobilienbusiness.ch\/wp-content\/uploads\/2017\/06\/Depositphotos_52463231_m-2015.jpg","datePublished":"2017-06-12T06:34:59+00:00","description":"VillageOffice a ouvert un espace de coworking le 8 juin dans l'Uferbau de Soleure. La coop\u00e9rative veut mettre en place un r\u00e9seau \u00e0 l'\u00e9chelle nationale.","breadcrumb":{"@id":"https:\/\/www.immobilienbusiness.ch\/fr\/buero\/2017-06-12\/solothurn-villageoffice-eroeffnet-coworking-space\/#breadcrumb"},"inLanguage":"fr-FR","potentialAction":[{"@type":"ReadAction","target":["https:\/\/www.immobilienbusiness.ch\/fr\/buero\/2017-06-12\/solothurn-villageoffice-eroeffnet-coworking-space\/"]}]},{"@type":"ImageObject","inLanguage":"fr-FR","@id":"https:\/\/www.immobilienbusiness.ch\/fr\/buero\/2017-06-12\/solothurn-villageoffice-eroeffnet-coworking-space\/#primaryimage","url":"https:\/\/www.immobilienbusiness.ch\/wp-content\/uploads\/2017\/06\/Depositphotos_52463231_m-2015.jpg","contentUrl":"https:\/\/www.immobilienbusiness.ch\/wp-content\/uploads\/2017\/06\/Depositphotos_52463231_m-2015.jpg","width":1000,"height":620,"caption":"VillageOffice er\u00f6ffnet im Solothurn Uferbau einen Coworking-Space (Symbolbild: Rawpixel - depositphotos)"},{"@type":"BreadcrumbList","@id":"https:\/\/www.immobilienbusiness.ch\/fr\/buero\/2017-06-12\/solothurn-villageoffice-eroeffnet-coworking-space\/#breadcrumb","itemListElement":[{"@type":"ListItem","position":1,"name":"Home","item":"https:\/\/www.immobilienbusiness.ch\/"},{"@type":"ListItem","position":2,"name":"Solothurn: VillageOffice er\u00f6ffnet Coworking-Space"}]},{"@type":"WebSite","@id":"https:\/\/www.immobilienbusiness.ch\/#website","url":"https:\/\/www.immobilienbusiness.ch\/","name":"IMMOBILIER Business","description":"Magazine \u00e9conomique suisse ind\u00e9pendant ax\u00e9 sur l'immobilier, l'architecture et la construction ainsi que sur les investissements et le financement.","publisher":{"@id":"https:\/\/www.immobilienbusiness.ch\/#organization"},"potentialAction":[{"@type":"SearchAction","target":{"@type":"EntryPoint","urlTemplate":"https:\/\/www.immobilienbusiness.ch\/?s={search_term_string}"},"query-input":{"@type":"PropertyValueSpecification","valueRequired":true,"valueName":"search_term_string"}}],"inLanguage":"fr-FR"},{"@type":"Organization","@id":"https:\/\/www.immobilienbusiness.ch\/#organization","name":"IMMOBILIER Business","url":"https:\/\/www.immobilienbusiness.ch\/","logo":{"@type":"ImageObject","inLanguage":"fr-FR","@id":"https:\/\/www.immobilienbusiness.ch\/#\/schema\/logo\/image\/","url":"https:\/\/www.immobilienbusiness.ch\/wp-content\/uploads\/2021\/07\/logo_ib.png","contentUrl":"https:\/\/www.immobilienbusiness.ch\/wp-content\/uploads\/2021\/07\/logo_ib.png","width":800,"height":181,"caption":"IMMOBILIEN Business"},"image":{"@id":"https:\/\/www.immobilienbusiness.ch\/#\/schema\/logo\/image\/"},"sameAs":["https:\/\/www.facebook.com\/immobilienbusiness\/"]},{"@type":"Person","@id":"https:\/\/www.immobilienbusiness.ch\/#\/schema\/person\/3fc036297b10b9f42d6db5ee932af8c8","name":"anja.hall","image":{"@type":"ImageObject","inLanguage":"fr-FR","@id":"https:\/\/secure.gravatar.com\/avatar\/066b5a0d447013502c71a5782f4f3469f03cfe595cc2329fb94652fe47511bfb?s=96&d=mm&r=g","url":"https:\/\/secure.gravatar.com\/avatar\/066b5a0d447013502c71a5782f4f3469f03cfe595cc2329fb94652fe47511bfb?s=96&d=mm&r=g","contentUrl":"https:\/\/secure.gravatar.com\/avatar\/066b5a0d447013502c71a5782f4f3469f03cfe595cc2329fb94652fe47511bfb?s=96&d=mm&r=g","caption":"anja.hall"},"url":"https:\/\/www.immobilienbusiness.ch\/fr\/author\/anja-hall\/"}]}},"_links":{"self":[{"href":"https:\/\/www.immobilienbusiness.ch\/fr\/wp-json\/wp\/v2\/posts\/7903","targetHints":{"allow":["GET"]}}],"collection":[{"href":"https:\/\/www.immobilienbusiness.ch\/fr\/wp-json\/wp\/v2\/posts"}],"about":[{"href":"https:\/\/www.immobilienbusiness.ch\/fr\/wp-json\/wp\/v2\/types\/post"}],"author":[{"embeddable":true,"href":"https:\/\/www.immobilienbusiness.ch\/fr\/wp-json\/wp\/v2\/users\/3"}],"replies":[{"embeddable":true,"href":"https:\/\/www.immobilienbusiness.ch\/fr\/wp-json\/wp\/v2\/comments?post=7903"}],"version-history":[{"count":0,"href":"https:\/\/www.immobilienbusiness.ch\/fr\/wp-json\/wp\/v2\/posts\/7903\/revisions"}],"wp:featuredmedia":[{"embeddable":true,"href":"https:\/\/www.immobilienbusiness.ch\/fr\/wp-json\/wp\/v2\/media\/7930"}],"wp:attachment":[{"href":"https:\/\/www.immobilienbusiness.ch\/fr\/wp-json\/wp\/v2\/media?parent=7903"}],"wp:term":[{"taxonomy":"category","embeddable":true,"href":"https:\/\/www.immobilienbusiness.ch\/fr\/wp-json\/wp\/v2\/categories?post=7903"},{"taxonomy":"post_tag","embeddable":true,"href":"https:\/\/www.immobilienbusiness.ch\/fr\/wp-json\/wp\/v2\/tags?post=7903"}],"curies":[{"name":"wp","href":"https:\/\/api.w.org\/{rel}","templated":true}]}}