{"id":7816,"date":"2017-06-01T08:05:59","date_gmt":"2017-06-01T06:05:59","guid":{"rendered":"https:\/\/www.immobilienbusiness.ch\/?p=7816"},"modified":"2017-06-01T08:05:59","modified_gmt":"2017-06-01T06:05:59","slug":"halter-ueberbauung-eigentumswohnungenl-hirzel","status":"publish","type":"post","link":"https:\/\/www.immobilienbusiness.ch\/fr\/regionen\/2017-06-01\/halter-ueberbauung-eigentumswohnungenl-hirzel\/","title":{"rendered":"Halter veut construire \u00e0 Hirzel"},"content":{"rendered":"<figure id=\"attachment_7818\" aria-describedby=\"caption-attachment-7818\" style=\"width: 680px\" class=\"wp-caption alignnone\"><img loading=\"lazy\" decoding=\"async\" class=\"size-medium wp-image-7818\" src=\"https:\/\/www.immobilienbusiness.ch\/wp-content\/uploads\/2017\/05\/Halter_AG_Modellfoto_Dorfzentrum_Hirzel.jpg\" alt=\"\" width=\"680\" height=\"481\" srcset=\"https:\/\/www.immobilienbusiness.ch\/wp-content\/uploads\/2017\/05\/Halter_AG_Modellfoto_Dorfzentrum_Hirzel.jpg 2560w, https:\/\/www.immobilienbusiness.ch\/wp-content\/uploads\/2017\/05\/Halter_AG_Modellfoto_Dorfzentrum_Hirzel-300x212.jpg 300w, https:\/\/www.immobilienbusiness.ch\/wp-content\/uploads\/2017\/05\/Halter_AG_Modellfoto_Dorfzentrum_Hirzel-1024x724.jpg 1024w, https:\/\/www.immobilienbusiness.ch\/wp-content\/uploads\/2017\/05\/Halter_AG_Modellfoto_Dorfzentrum_Hirzel-768x543.jpg 768w, https:\/\/www.immobilienbusiness.ch\/wp-content\/uploads\/2017\/05\/Halter_AG_Modellfoto_Dorfzentrum_Hirzel-1536x1086.jpg 1536w, https:\/\/www.immobilienbusiness.ch\/wp-content\/uploads\/2017\/05\/Halter_AG_Modellfoto_Dorfzentrum_Hirzel-2048x1448.jpg 2048w, https:\/\/www.immobilienbusiness.ch\/wp-content\/uploads\/2017\/05\/Halter_AG_Modellfoto_Dorfzentrum_Hirzel-16x12.jpg 16w, https:\/\/www.immobilienbusiness.ch\/wp-content\/uploads\/2017\/05\/Halter_AG_Modellfoto_Dorfzentrum_Hirzel-248x175.jpg 248w, https:\/\/www.immobilienbusiness.ch\/wp-content\/uploads\/2017\/05\/Halter_AG_Modellfoto_Dorfzentrum_Hirzel-495x350.jpg 495w, https:\/\/www.immobilienbusiness.ch\/wp-content\/uploads\/2017\/05\/Halter_AG_Modellfoto_Dorfzentrum_Hirzel-1132x800.jpg 1132w, https:\/\/www.immobilienbusiness.ch\/wp-content\/uploads\/2017\/05\/Halter_AG_Modellfoto_Dorfzentrum_Hirzel-920x650.jpg 920w, https:\/\/www.immobilienbusiness.ch\/wp-content\/uploads\/2017\/05\/Halter_AG_Modellfoto_Dorfzentrum_Hirzel-1400x990.jpg 1400w, https:\/\/www.immobilienbusiness.ch\/wp-content\/uploads\/2017\/05\/Halter_AG_Modellfoto_Dorfzentrum_Hirzel-1980x1400.jpg 1980w\" sizes=\"auto, (max-width: 680px) 100vw, 680px\" \/><figcaption id=\"caption-attachment-7818\" class=\"wp-caption-text\">Le projet d'habitation pr\u00e9vu au centre de Hirzel (photo : Halter AG)<\/figcaption><\/figure>\n<p>Dans le cadre du concours d'architecture, sept bureaux ont \u00e9t\u00e9 invit\u00e9s \u00e0 pr\u00e9senter leurs id\u00e9es pour la parcelle topographiquement exigeante situ\u00e9e au sud de l'\u00e9cole Heerenrainli \u00e0 Hirzel. Le projet d'Edelaar Mosayebi Inderbitzin Architekten de Zurich est sorti vainqueur du concours.<\/p>\n<p>Selon un communiqu\u00e9 de Halter AG, les quelque 50 appartements en copropri\u00e9t\u00e9 pr\u00e9vus, de 3,5, 4,5 ou 5,5 pi\u00e8ces, s'adressent en premier lieu aux familles. Mais les \"Silver-Agers\", qui souhaitent passer d'une maison individuelle \u00e0 un appartement en copropri\u00e9t\u00e9 au sein de la commune, sont \u00e9galement concern\u00e9s. A proximit\u00e9 imm\u00e9diate du lotissement se trouve le vieux centre du village de Hirzel avec ses commerces et les alentours de l'\u00e9cole avec ses infrastructures de jeux et de sport.<\/p>\n<p>Une proc\u00e9dure de plan d'am\u00e9nagement va maintenant \u00eatre men\u00e9e pour la zone, fait savoir Halter. Il est pr\u00e9vu que les \u00e9lecteurs se prononcent sur le projet lors de l'assembl\u00e9e communale \u00e0 la mi-2018. En cas de d\u00e9cision positive, la proc\u00e9dure de permis de construire pourra ensuite \u00eatre lanc\u00e9e. Le d\u00e9but des travaux est pr\u00e9vu pour mi-2019.<\/p>\n<p>&nbsp;<\/p>","protected":false},"excerpt":{"rendered":"<p>La soci\u00e9t\u00e9 Halter AG veut r\u00e9aliser une construction de 50 appartements en copropri\u00e9t\u00e9 au centre du village de Hirzel (ZH). Le concours d'architecture est d\u00e9sormais termin\u00e9.<\/p>","protected":false},"author":3,"featured_media":7818,"comment_status":"open","ping_status":"open","sticky":false,"template":"","format":"standard","meta":{"_acf_changed":false,"_yoast_wpseo_focuskw":"Hirzel","_yoast_wpseo_title":"","_yoast_wpseo_metadesc":"Die Halter AG will im Dorfzentrum von Hirzel (ZH) eine Bebauung mit 50 Eigentumswohnungen realisieren. Der Architekturwettbewerb ist nun entschieden.","_yoast_wpseo_linkdex":67,"pgc_sgb_lightbox_settings":"","footnotes":""},"categories":[985],"tags":[1600,1629,1863,1888],"class_list":["post-7816","post","type-post","status-publish","format-standard","has-post-thumbnail","hentry","category-regionen","tag-projekt-in-planung","tag-regionen","tag-wohnimmobilien","tag-zuerich"],"acf":[],"yoast_head":"<!-- This site is optimized with the Yoast SEO plugin v27.5 - https:\/\/yoast.com\/product\/yoast-seo-wordpress\/ -->\n<title>Halter will in Hirzel bauen - IMMOBILIEN Business<\/title>\n<meta name=\"description\" content=\"Die Halter AG will im Dorfzentrum von Hirzel (ZH) eine Bebauung mit 50 Eigentumswohnungen realisieren. Der Architekturwettbewerb ist nun entschieden.\" \/>\n<meta name=\"robots\" content=\"index, follow, max-snippet:-1, max-image-preview:large, max-video-preview:-1\" \/>\n<link rel=\"canonical\" href=\"https:\/\/www.immobilienbusiness.ch\/fr\/regionen\/2017-06-01\/halter-ueberbauung-eigentumswohnungenl-hirzel\/\" \/>\n<meta property=\"og:locale\" content=\"fr_FR\" \/>\n<meta property=\"og:type\" content=\"article\" \/>\n<meta property=\"og:title\" content=\"Halter will in Hirzel bauen - IMMOBILIEN Business\" \/>\n<meta property=\"og:description\" content=\"Die Halter AG will im Dorfzentrum von Hirzel (ZH) eine Bebauung mit 50 Eigentumswohnungen realisieren. Der Architekturwettbewerb ist nun entschieden.\" \/>\n<meta property=\"og:url\" content=\"https:\/\/www.immobilienbusiness.ch\/fr\/regionen\/2017-06-01\/halter-ueberbauung-eigentumswohnungenl-hirzel\/\" \/>\n<meta property=\"og:site_name\" content=\"IMMOBILIEN Business\" \/>\n<meta property=\"article:publisher\" content=\"https:\/\/www.facebook.com\/immobilienbusiness\/\" \/>\n<meta property=\"article:published_time\" content=\"2017-06-01T06:05:59+00:00\" \/>\n<meta property=\"og:image\" content=\"https:\/\/www.immobilienbusiness.ch\/wp-content\/uploads\/2017\/05\/Halter_AG_Modellfoto_Dorfzentrum_Hirzel-1024x724.jpg\" \/>\n\t<meta property=\"og:image:width\" content=\"1024\" \/>\n\t<meta property=\"og:image:height\" content=\"724\" \/>\n\t<meta property=\"og:image:type\" content=\"image\/jpeg\" \/>\n<meta name=\"author\" content=\"anja.hall\" \/>\n<meta name=\"twitter:card\" content=\"summary_large_image\" \/>\n<script type=\"application\/ld+json\" class=\"yoast-schema-graph\">{\"@context\":\"https:\\\/\\\/schema.org\",\"@graph\":[{\"@type\":\"Article\",\"@id\":\"https:\\\/\\\/www.immobilienbusiness.ch\\\/regionen\\\/2017-06-01\\\/halter-ueberbauung-eigentumswohnungenl-hirzel\\\/#article\",\"isPartOf\":{\"@id\":\"https:\\\/\\\/www.immobilienbusiness.ch\\\/regionen\\\/2017-06-01\\\/halter-ueberbauung-eigentumswohnungenl-hirzel\\\/\"},\"author\":{\"name\":\"anja.hall\",\"@id\":\"https:\\\/\\\/www.immobilienbusiness.ch\\\/#\\\/schema\\\/person\\\/3fc036297b10b9f42d6db5ee932af8c8\"},\"headline\":\"Halter will in Hirzel bauen\",\"datePublished\":\"2017-06-01T06:05:59+00:00\",\"mainEntityOfPage\":{\"@id\":\"https:\\\/\\\/www.immobilienbusiness.ch\\\/regionen\\\/2017-06-01\\\/halter-ueberbauung-eigentumswohnungenl-hirzel\\\/\"},\"wordCount\":173,\"commentCount\":0,\"publisher\":{\"@id\":\"https:\\\/\\\/www.immobilienbusiness.ch\\\/#organization\"},\"image\":{\"@id\":\"https:\\\/\\\/www.immobilienbusiness.ch\\\/regionen\\\/2017-06-01\\\/halter-ueberbauung-eigentumswohnungenl-hirzel\\\/#primaryimage\"},\"thumbnailUrl\":\"https:\\\/\\\/www.immobilienbusiness.ch\\\/wp-content\\\/uploads\\\/2017\\\/05\\\/Halter_AG_Modellfoto_Dorfzentrum_Hirzel.jpg\",\"keywords\":[\"Projekt in Planung\",\"Regionen\",\"Wohnimmobilien\",\"Z\u00fcrich\"],\"articleSection\":[\"REGIONEN\"],\"inLanguage\":\"fr-FR\"},{\"@type\":\"WebPage\",\"@id\":\"https:\\\/\\\/www.immobilienbusiness.ch\\\/regionen\\\/2017-06-01\\\/halter-ueberbauung-eigentumswohnungenl-hirzel\\\/\",\"url\":\"https:\\\/\\\/www.immobilienbusiness.ch\\\/regionen\\\/2017-06-01\\\/halter-ueberbauung-eigentumswohnungenl-hirzel\\\/\",\"name\":\"Halter will in Hirzel bauen - IMMOBILIEN Business\",\"isPartOf\":{\"@id\":\"https:\\\/\\\/www.immobilienbusiness.ch\\\/#website\"},\"primaryImageOfPage\":{\"@id\":\"https:\\\/\\\/www.immobilienbusiness.ch\\\/regionen\\\/2017-06-01\\\/halter-ueberbauung-eigentumswohnungenl-hirzel\\\/#primaryimage\"},\"image\":{\"@id\":\"https:\\\/\\\/www.immobilienbusiness.ch\\\/regionen\\\/2017-06-01\\\/halter-ueberbauung-eigentumswohnungenl-hirzel\\\/#primaryimage\"},\"thumbnailUrl\":\"https:\\\/\\\/www.immobilienbusiness.ch\\\/wp-content\\\/uploads\\\/2017\\\/05\\\/Halter_AG_Modellfoto_Dorfzentrum_Hirzel.jpg\",\"datePublished\":\"2017-06-01T06:05:59+00:00\",\"description\":\"Die Halter AG will im Dorfzentrum von Hirzel (ZH) eine Bebauung mit 50 Eigentumswohnungen realisieren. Der Architekturwettbewerb ist nun entschieden.\",\"breadcrumb\":{\"@id\":\"https:\\\/\\\/www.immobilienbusiness.ch\\\/regionen\\\/2017-06-01\\\/halter-ueberbauung-eigentumswohnungenl-hirzel\\\/#breadcrumb\"},\"inLanguage\":\"fr-FR\",\"potentialAction\":[{\"@type\":\"ReadAction\",\"target\":[\"https:\\\/\\\/www.immobilienbusiness.ch\\\/regionen\\\/2017-06-01\\\/halter-ueberbauung-eigentumswohnungenl-hirzel\\\/\"]}]},{\"@type\":\"ImageObject\",\"inLanguage\":\"fr-FR\",\"@id\":\"https:\\\/\\\/www.immobilienbusiness.ch\\\/regionen\\\/2017-06-01\\\/halter-ueberbauung-eigentumswohnungenl-hirzel\\\/#primaryimage\",\"url\":\"https:\\\/\\\/www.immobilienbusiness.ch\\\/wp-content\\\/uploads\\\/2017\\\/05\\\/Halter_AG_Modellfoto_Dorfzentrum_Hirzel.jpg\",\"contentUrl\":\"https:\\\/\\\/www.immobilienbusiness.ch\\\/wp-content\\\/uploads\\\/2017\\\/05\\\/Halter_AG_Modellfoto_Dorfzentrum_Hirzel.jpg\",\"width\":2560,\"height\":1810,\"caption\":\"(Foto: Halter AG)\"},{\"@type\":\"BreadcrumbList\",\"@id\":\"https:\\\/\\\/www.immobilienbusiness.ch\\\/regionen\\\/2017-06-01\\\/halter-ueberbauung-eigentumswohnungenl-hirzel\\\/#breadcrumb\",\"itemListElement\":[{\"@type\":\"ListItem\",\"position\":1,\"name\":\"Home\",\"item\":\"https:\\\/\\\/www.immobilienbusiness.ch\\\/\"},{\"@type\":\"ListItem\",\"position\":2,\"name\":\"Halter will in Hirzel bauen\"}]},{\"@type\":\"WebSite\",\"@id\":\"https:\\\/\\\/www.immobilienbusiness.ch\\\/#website\",\"url\":\"https:\\\/\\\/www.immobilienbusiness.ch\\\/\",\"name\":\"IMMOBILIEN Business\",\"description\":\"Unabh\u00e4ngiges Schweizer Wirtschaftsmagazin mit Fokus auf Immobilien, Architektur- und Bau sowie Investment- und Finanzierung.\",\"publisher\":{\"@id\":\"https:\\\/\\\/www.immobilienbusiness.ch\\\/#organization\"},\"potentialAction\":[{\"@type\":\"SearchAction\",\"target\":{\"@type\":\"EntryPoint\",\"urlTemplate\":\"https:\\\/\\\/www.immobilienbusiness.ch\\\/?s={search_term_string}\"},\"query-input\":{\"@type\":\"PropertyValueSpecification\",\"valueRequired\":true,\"valueName\":\"search_term_string\"}}],\"inLanguage\":\"fr-FR\"},{\"@type\":\"Organization\",\"@id\":\"https:\\\/\\\/www.immobilienbusiness.ch\\\/#organization\",\"name\":\"IMMOBILIEN Business\",\"url\":\"https:\\\/\\\/www.immobilienbusiness.ch\\\/\",\"logo\":{\"@type\":\"ImageObject\",\"inLanguage\":\"fr-FR\",\"@id\":\"https:\\\/\\\/www.immobilienbusiness.ch\\\/#\\\/schema\\\/logo\\\/image\\\/\",\"url\":\"https:\\\/\\\/www.immobilienbusiness.ch\\\/wp-content\\\/uploads\\\/2021\\\/07\\\/logo_ib.png\",\"contentUrl\":\"https:\\\/\\\/www.immobilienbusiness.ch\\\/wp-content\\\/uploads\\\/2021\\\/07\\\/logo_ib.png\",\"width\":800,\"height\":181,\"caption\":\"IMMOBILIEN Business\"},\"image\":{\"@id\":\"https:\\\/\\\/www.immobilienbusiness.ch\\\/#\\\/schema\\\/logo\\\/image\\\/\"},\"sameAs\":[\"https:\\\/\\\/www.facebook.com\\\/immobilienbusiness\\\/\"]},{\"@type\":\"Person\",\"@id\":\"https:\\\/\\\/www.immobilienbusiness.ch\\\/#\\\/schema\\\/person\\\/3fc036297b10b9f42d6db5ee932af8c8\",\"name\":\"anja.hall\",\"image\":{\"@type\":\"ImageObject\",\"inLanguage\":\"fr-FR\",\"@id\":\"https:\\\/\\\/secure.gravatar.com\\\/avatar\\\/066b5a0d447013502c71a5782f4f3469f03cfe595cc2329fb94652fe47511bfb?s=96&d=mm&r=g\",\"url\":\"https:\\\/\\\/secure.gravatar.com\\\/avatar\\\/066b5a0d447013502c71a5782f4f3469f03cfe595cc2329fb94652fe47511bfb?s=96&d=mm&r=g\",\"contentUrl\":\"https:\\\/\\\/secure.gravatar.com\\\/avatar\\\/066b5a0d447013502c71a5782f4f3469f03cfe595cc2329fb94652fe47511bfb?s=96&d=mm&r=g\",\"caption\":\"anja.hall\"},\"url\":\"https:\\\/\\\/www.immobilienbusiness.ch\\\/fr\\\/author\\\/anja-hall\\\/\"}]}<\/script>\n<!-- \/ Yoast SEO plugin. -->","yoast_head_json":{"title":"Halter veut construire \u00e0 Hirzel - IMMOBILIER Business","description":"La soci\u00e9t\u00e9 Halter AG veut r\u00e9aliser une construction de 50 appartements en copropri\u00e9t\u00e9 au centre du village de Hirzel (ZH). Le concours d'architecture est d\u00e9sormais termin\u00e9.","robots":{"index":"index","follow":"follow","max-snippet":"max-snippet:-1","max-image-preview":"max-image-preview:large","max-video-preview":"max-video-preview:-1"},"canonical":"https:\/\/www.immobilienbusiness.ch\/fr\/regionen\/2017-06-01\/halter-ueberbauung-eigentumswohnungenl-hirzel\/","og_locale":"fr_FR","og_type":"article","og_title":"Halter will in Hirzel bauen - IMMOBILIEN Business","og_description":"Die Halter AG will im Dorfzentrum von Hirzel (ZH) eine Bebauung mit 50 Eigentumswohnungen realisieren. Der Architekturwettbewerb ist nun entschieden.","og_url":"https:\/\/www.immobilienbusiness.ch\/fr\/regionen\/2017-06-01\/halter-ueberbauung-eigentumswohnungenl-hirzel\/","og_site_name":"IMMOBILIEN Business","article_publisher":"https:\/\/www.facebook.com\/immobilienbusiness\/","article_published_time":"2017-06-01T06:05:59+00:00","og_image":[{"width":1024,"height":724,"url":"https:\/\/www.immobilienbusiness.ch\/wp-content\/uploads\/2017\/05\/Halter_AG_Modellfoto_Dorfzentrum_Hirzel-1024x724.jpg","type":"image\/jpeg"}],"author":"anja.hall","twitter_card":"summary_large_image","schema":{"@context":"https:\/\/schema.org","@graph":[{"@type":"Article","@id":"https:\/\/www.immobilienbusiness.ch\/regionen\/2017-06-01\/halter-ueberbauung-eigentumswohnungenl-hirzel\/#article","isPartOf":{"@id":"https:\/\/www.immobilienbusiness.ch\/regionen\/2017-06-01\/halter-ueberbauung-eigentumswohnungenl-hirzel\/"},"author":{"name":"anja.hall","@id":"https:\/\/www.immobilienbusiness.ch\/#\/schema\/person\/3fc036297b10b9f42d6db5ee932af8c8"},"headline":"Halter will in Hirzel bauen","datePublished":"2017-06-01T06:05:59+00:00","mainEntityOfPage":{"@id":"https:\/\/www.immobilienbusiness.ch\/regionen\/2017-06-01\/halter-ueberbauung-eigentumswohnungenl-hirzel\/"},"wordCount":173,"commentCount":0,"publisher":{"@id":"https:\/\/www.immobilienbusiness.ch\/#organization"},"image":{"@id":"https:\/\/www.immobilienbusiness.ch\/regionen\/2017-06-01\/halter-ueberbauung-eigentumswohnungenl-hirzel\/#primaryimage"},"thumbnailUrl":"https:\/\/www.immobilienbusiness.ch\/wp-content\/uploads\/2017\/05\/Halter_AG_Modellfoto_Dorfzentrum_Hirzel.jpg","keywords":["Projekt in Planung","Regionen","Wohnimmobilien","Z\u00fcrich"],"articleSection":["REGIONEN"],"inLanguage":"fr-FR"},{"@type":"WebPage","@id":"https:\/\/www.immobilienbusiness.ch\/regionen\/2017-06-01\/halter-ueberbauung-eigentumswohnungenl-hirzel\/","url":"https:\/\/www.immobilienbusiness.ch\/regionen\/2017-06-01\/halter-ueberbauung-eigentumswohnungenl-hirzel\/","name":"Halter veut construire \u00e0 Hirzel - IMMOBILIER Business","isPartOf":{"@id":"https:\/\/www.immobilienbusiness.ch\/#website"},"primaryImageOfPage":{"@id":"https:\/\/www.immobilienbusiness.ch\/regionen\/2017-06-01\/halter-ueberbauung-eigentumswohnungenl-hirzel\/#primaryimage"},"image":{"@id":"https:\/\/www.immobilienbusiness.ch\/regionen\/2017-06-01\/halter-ueberbauung-eigentumswohnungenl-hirzel\/#primaryimage"},"thumbnailUrl":"https:\/\/www.immobilienbusiness.ch\/wp-content\/uploads\/2017\/05\/Halter_AG_Modellfoto_Dorfzentrum_Hirzel.jpg","datePublished":"2017-06-01T06:05:59+00:00","description":"La soci\u00e9t\u00e9 Halter AG veut r\u00e9aliser une construction de 50 appartements en copropri\u00e9t\u00e9 au centre du village de Hirzel (ZH). Le concours d'architecture est d\u00e9sormais termin\u00e9.","breadcrumb":{"@id":"https:\/\/www.immobilienbusiness.ch\/regionen\/2017-06-01\/halter-ueberbauung-eigentumswohnungenl-hirzel\/#breadcrumb"},"inLanguage":"fr-FR","potentialAction":[{"@type":"ReadAction","target":["https:\/\/www.immobilienbusiness.ch\/regionen\/2017-06-01\/halter-ueberbauung-eigentumswohnungenl-hirzel\/"]}]},{"@type":"ImageObject","inLanguage":"fr-FR","@id":"https:\/\/www.immobilienbusiness.ch\/regionen\/2017-06-01\/halter-ueberbauung-eigentumswohnungenl-hirzel\/#primaryimage","url":"https:\/\/www.immobilienbusiness.ch\/wp-content\/uploads\/2017\/05\/Halter_AG_Modellfoto_Dorfzentrum_Hirzel.jpg","contentUrl":"https:\/\/www.immobilienbusiness.ch\/wp-content\/uploads\/2017\/05\/Halter_AG_Modellfoto_Dorfzentrum_Hirzel.jpg","width":2560,"height":1810,"caption":"(Foto: Halter AG)"},{"@type":"BreadcrumbList","@id":"https:\/\/www.immobilienbusiness.ch\/regionen\/2017-06-01\/halter-ueberbauung-eigentumswohnungenl-hirzel\/#breadcrumb","itemListElement":[{"@type":"ListItem","position":1,"name":"Home","item":"https:\/\/www.immobilienbusiness.ch\/"},{"@type":"ListItem","position":2,"name":"Halter will in Hirzel bauen"}]},{"@type":"WebSite","@id":"https:\/\/www.immobilienbusiness.ch\/#website","url":"https:\/\/www.immobilienbusiness.ch\/","name":"IMMOBILIER Business","description":"Magazine \u00e9conomique suisse ind\u00e9pendant ax\u00e9 sur l'immobilier, l'architecture et la construction ainsi que sur les investissements et le financement.","publisher":{"@id":"https:\/\/www.immobilienbusiness.ch\/#organization"},"potentialAction":[{"@type":"SearchAction","target":{"@type":"EntryPoint","urlTemplate":"https:\/\/www.immobilienbusiness.ch\/?s={search_term_string}"},"query-input":{"@type":"PropertyValueSpecification","valueRequired":true,"valueName":"search_term_string"}}],"inLanguage":"fr-FR"},{"@type":"Organization","@id":"https:\/\/www.immobilienbusiness.ch\/#organization","name":"IMMOBILIER Business","url":"https:\/\/www.immobilienbusiness.ch\/","logo":{"@type":"ImageObject","inLanguage":"fr-FR","@id":"https:\/\/www.immobilienbusiness.ch\/#\/schema\/logo\/image\/","url":"https:\/\/www.immobilienbusiness.ch\/wp-content\/uploads\/2021\/07\/logo_ib.png","contentUrl":"https:\/\/www.immobilienbusiness.ch\/wp-content\/uploads\/2021\/07\/logo_ib.png","width":800,"height":181,"caption":"IMMOBILIEN Business"},"image":{"@id":"https:\/\/www.immobilienbusiness.ch\/#\/schema\/logo\/image\/"},"sameAs":["https:\/\/www.facebook.com\/immobilienbusiness\/"]},{"@type":"Person","@id":"https:\/\/www.immobilienbusiness.ch\/#\/schema\/person\/3fc036297b10b9f42d6db5ee932af8c8","name":"anja.hall","image":{"@type":"ImageObject","inLanguage":"fr-FR","@id":"https:\/\/secure.gravatar.com\/avatar\/066b5a0d447013502c71a5782f4f3469f03cfe595cc2329fb94652fe47511bfb?s=96&d=mm&r=g","url":"https:\/\/secure.gravatar.com\/avatar\/066b5a0d447013502c71a5782f4f3469f03cfe595cc2329fb94652fe47511bfb?s=96&d=mm&r=g","contentUrl":"https:\/\/secure.gravatar.com\/avatar\/066b5a0d447013502c71a5782f4f3469f03cfe595cc2329fb94652fe47511bfb?s=96&d=mm&r=g","caption":"anja.hall"},"url":"https:\/\/www.immobilienbusiness.ch\/fr\/author\/anja-hall\/"}]}},"_links":{"self":[{"href":"https:\/\/www.immobilienbusiness.ch\/fr\/wp-json\/wp\/v2\/posts\/7816","targetHints":{"allow":["GET"]}}],"collection":[{"href":"https:\/\/www.immobilienbusiness.ch\/fr\/wp-json\/wp\/v2\/posts"}],"about":[{"href":"https:\/\/www.immobilienbusiness.ch\/fr\/wp-json\/wp\/v2\/types\/post"}],"author":[{"embeddable":true,"href":"https:\/\/www.immobilienbusiness.ch\/fr\/wp-json\/wp\/v2\/users\/3"}],"replies":[{"embeddable":true,"href":"https:\/\/www.immobilienbusiness.ch\/fr\/wp-json\/wp\/v2\/comments?post=7816"}],"version-history":[{"count":0,"href":"https:\/\/www.immobilienbusiness.ch\/fr\/wp-json\/wp\/v2\/posts\/7816\/revisions"}],"wp:featuredmedia":[{"embeddable":true,"href":"https:\/\/www.immobilienbusiness.ch\/fr\/wp-json\/wp\/v2\/media\/7818"}],"wp:attachment":[{"href":"https:\/\/www.immobilienbusiness.ch\/fr\/wp-json\/wp\/v2\/media?parent=7816"}],"wp:term":[{"taxonomy":"category","embeddable":true,"href":"https:\/\/www.immobilienbusiness.ch\/fr\/wp-json\/wp\/v2\/categories?post=7816"},{"taxonomy":"post_tag","embeddable":true,"href":"https:\/\/www.immobilienbusiness.ch\/fr\/wp-json\/wp\/v2\/tags?post=7816"}],"curies":[{"name":"wp","href":"https:\/\/api.w.org\/{rel}","templated":true}]}}