{"id":7786,"date":"2017-05-30T08:58:32","date_gmt":"2017-05-30T06:58:32","guid":{"rendered":"https:\/\/www.immobilienbusiness.ch\/?p=7786"},"modified":"2017-05-30T08:58:32","modified_gmt":"2017-05-30T06:58:32","slug":"firmen-eqs-adhoc-acron-helvetia-i-immobilien-ag","status":"publish","type":"post","link":"https:\/\/www.immobilienbusiness.ch\/fr\/unternehmen\/2017-05-30\/firmen-eqs-adhoc-acron-helvetia-i-immobilien-ag\/","title":{"rendered":"Acron Helvetia I : l'AG d\u00e9cide de l'opting out"},"content":{"rendered":"<figure id=\"attachment_6749\" aria-describedby=\"caption-attachment-6749\" style=\"width: 680px\" class=\"wp-caption alignnone\"><img loading=\"lazy\" decoding=\"async\" class=\"size-medium wp-image-6749\" src=\"https:\/\/www.immobilienbusiness.ch\/wp-content\/uploads\/2017\/03\/Depositphotos_14941895_m-2015.jpg\" alt=\"\" width=\"680\" height=\"428\" srcset=\"https:\/\/www.immobilienbusiness.ch\/wp-content\/uploads\/2017\/03\/Depositphotos_14941895_m-2015.jpg 1000w, https:\/\/www.immobilienbusiness.ch\/wp-content\/uploads\/2017\/03\/Depositphotos_14941895_m-2015-300x189.jpg 300w, https:\/\/www.immobilienbusiness.ch\/wp-content\/uploads\/2017\/03\/Depositphotos_14941895_m-2015-768x483.jpg 768w, https:\/\/www.immobilienbusiness.ch\/wp-content\/uploads\/2017\/03\/Depositphotos_14941895_m-2015-16x10.jpg 16w, https:\/\/www.immobilienbusiness.ch\/wp-content\/uploads\/2017\/03\/Depositphotos_14941895_m-2015-278x175.jpg 278w, https:\/\/www.immobilienbusiness.ch\/wp-content\/uploads\/2017\/03\/Depositphotos_14941895_m-2015-556x350.jpg 556w, https:\/\/www.immobilienbusiness.ch\/wp-content\/uploads\/2017\/03\/Depositphotos_14941895_m-2015-920x579.jpg 920w\" sizes=\"auto, (max-width: 680px) 100vw, 680px\" \/><figcaption id=\"caption-attachment-6749\" class=\"wp-caption-text\">L'AG d'Acron Helvetia I d\u00e9cide de modifier les statuts. (Image : Alexmit - depositphotos)<\/figcaption><\/figure>\n<p>Une clause d'opting-out, comme celle qu'Acron Helvetia I vient d'introduire, a pour effet qu'un repreneur n'est pas tenu de faire une offre publique d'achat \u00e0 tous les d\u00e9tenteurs de titres de participation (offre dite obligatoire), bien qu'il d\u00e9passe le seuil d'un tiers des droits de vote.<\/p>\n<p>Comme le communique Acron, 46,87 pour cent des droits de vote et du capital-actions \u00e9taient repr\u00e9sent\u00e9s \u00e0 l'assembl\u00e9e g\u00e9n\u00e9rale. Elle \u00e9tait d\u00fbment constitu\u00e9e et pouvait valablement d\u00e9lib\u00e9rer sur les points pr\u00e9vus \u00e0 l'ordre du jour. Conform\u00e9ment \u00e0 la pratique de la Commission des OPA, la majorit\u00e9 simple de toutes les voix exprim\u00e9es ainsi que la majorit\u00e9 simple des voix exprim\u00e9es par les actionnaires sont n\u00e9cessaires pour la modification des statuts introduisant l'opting-out.<\/p>\n<p>Acron Helvetia I d\u00e9tient depuis d\u00e9cembre 2007 l'immeuble de bureaux et de logistique Lyreco \u00e0 Buchs (ZH). Le 1er janvier 2009, la soci\u00e9t\u00e9 a fusionn\u00e9 avec S\u00fcdpark Zuchwilerstrasse Immobilien AG. Parall\u00e8lement, elle d\u00e9tient depuis lors l'immeuble de bureaux S\u00fcdpark Solothurn comme deuxi\u00e8me immeuble d'investissement. Depuis septembre 2009, les actions de la soci\u00e9t\u00e9 sont cot\u00e9es \u00e0 la BX Berne eXchange.<\/p>","protected":false},"excerpt":{"rendered":"<p>L'assembl\u00e9e g\u00e9n\u00e9rale de la soci\u00e9t\u00e9 immobili\u00e8re Acron Helvetia I Immobilien AG a d\u00e9cid\u00e9 d'introduire un opting-out dans les statuts de la soci\u00e9t\u00e9.<\/p>","protected":false},"author":3,"featured_media":6749,"comment_status":"open","ping_status":"open","sticky":false,"template":"","format":"standard","meta":{"_acf_changed":false,"_yoast_wpseo_focuskw":"Acron","_yoast_wpseo_title":"","_yoast_wpseo_metadesc":"Die Generalversammlung der Acron Helvetia I\u00a0Immobilien AG\u00a0hat die\u00a0 Einf\u00fchrung eines Opting-Out in die Gesellschaftsstatuten beschlossen.","_yoast_wpseo_linkdex":59,"pgc_sgb_lightbox_settings":"","footnotes":""},"categories":[988],"tags":[1344,1807],"class_list":["post-7786","post","type-post","status-publish","format-standard","has-post-thumbnail","hentry","category-unternehmen","tag-immobilienfonds","tag-unternehmen"],"acf":[],"yoast_head":"<!-- This site is optimized with the Yoast SEO plugin v27.5 - https:\/\/yoast.com\/product\/yoast-seo-wordpress\/ -->\n<title>Acron Helvetia I: GV beschliesst Opting-Out - IMMOBILIEN Business<\/title>\n<meta name=\"description\" content=\"Die Generalversammlung der Acron Helvetia I\u00a0Immobilien AG\u00a0hat die\u00a0 Einf\u00fchrung eines Opting-Out in die Gesellschaftsstatuten beschlossen.\" \/>\n<meta name=\"robots\" content=\"index, follow, max-snippet:-1, max-image-preview:large, max-video-preview:-1\" \/>\n<link rel=\"canonical\" href=\"https:\/\/www.immobilienbusiness.ch\/fr\/unternehmen\/2017-05-30\/firmen-eqs-adhoc-acron-helvetia-i-immobilien-ag\/\" \/>\n<meta property=\"og:locale\" content=\"fr_FR\" \/>\n<meta property=\"og:type\" content=\"article\" \/>\n<meta property=\"og:title\" content=\"Acron Helvetia I: GV beschliesst Opting-Out\" \/>\n<meta property=\"og:description\" content=\"Die Generalversammlung der Acron Helvetia I\u00a0Immobilien AG\u00a0hat die\u00a0 Einf\u00fchrung eines Opting-Out in die Gesellschaftsstatuten beschlossen.\" \/>\n<meta property=\"og:url\" content=\"https:\/\/www.immobilienbusiness.ch\/fr\/unternehmen\/2017-05-30\/firmen-eqs-adhoc-acron-helvetia-i-immobilien-ag\/\" \/>\n<meta property=\"og:site_name\" content=\"IMMOBILIEN Business\" \/>\n<meta property=\"article:publisher\" content=\"https:\/\/www.facebook.com\/immobilienbusiness\/\" \/>\n<meta property=\"article:published_time\" content=\"2017-05-30T06:58:32+00:00\" \/>\n<meta property=\"og:image\" content=\"https:\/\/www.immobilienbusiness.ch\/wp-content\/uploads\/2017\/03\/Depositphotos_14941895_m-2015.jpg\" \/>\n\t<meta property=\"og:image:width\" content=\"1000\" \/>\n\t<meta property=\"og:image:height\" content=\"629\" \/>\n\t<meta property=\"og:image:type\" content=\"image\/jpeg\" \/>\n<meta name=\"author\" content=\"anja.hall\" \/>\n<meta name=\"twitter:card\" content=\"summary_large_image\" \/>\n<meta name=\"twitter:title\" content=\"Acron Helvetia I: GV beschliesst Opting-Out\" \/>\n<meta name=\"twitter:description\" content=\"Die Generalversammlung der Acron Helvetia I\u00a0Immobilien AG\u00a0hat die\u00a0 Einf\u00fchrung eines Opting-Out in die Gesellschaftsstatuten beschlossen.\" \/>\n<meta name=\"twitter:image\" content=\"https:\/\/www.immobilienbusiness.ch\/wp-content\/uploads\/2017\/03\/Depositphotos_14941895_m-2015.jpg\" \/>\n<script type=\"application\/ld+json\" class=\"yoast-schema-graph\">{\"@context\":\"https:\\\/\\\/schema.org\",\"@graph\":[{\"@type\":\"Article\",\"@id\":\"https:\\\/\\\/www.immobilienbusiness.ch\\\/unternehmen\\\/2017-05-30\\\/firmen-eqs-adhoc-acron-helvetia-i-immobilien-ag\\\/#article\",\"isPartOf\":{\"@id\":\"https:\\\/\\\/www.immobilienbusiness.ch\\\/unternehmen\\\/2017-05-30\\\/firmen-eqs-adhoc-acron-helvetia-i-immobilien-ag\\\/\"},\"author\":{\"name\":\"anja.hall\",\"@id\":\"https:\\\/\\\/www.immobilienbusiness.ch\\\/#\\\/schema\\\/person\\\/3fc036297b10b9f42d6db5ee932af8c8\"},\"headline\":\"Acron Helvetia I: GV beschliesst Opting-Out\",\"datePublished\":\"2017-05-30T06:58:32+00:00\",\"mainEntityOfPage\":{\"@id\":\"https:\\\/\\\/www.immobilienbusiness.ch\\\/unternehmen\\\/2017-05-30\\\/firmen-eqs-adhoc-acron-helvetia-i-immobilien-ag\\\/\"},\"wordCount\":184,\"commentCount\":0,\"publisher\":{\"@id\":\"https:\\\/\\\/www.immobilienbusiness.ch\\\/#organization\"},\"image\":{\"@id\":\"https:\\\/\\\/www.immobilienbusiness.ch\\\/unternehmen\\\/2017-05-30\\\/firmen-eqs-adhoc-acron-helvetia-i-immobilien-ag\\\/#primaryimage\"},\"thumbnailUrl\":\"https:\\\/\\\/www.immobilienbusiness.ch\\\/wp-content\\\/uploads\\\/2017\\\/03\\\/Depositphotos_14941895_m-2015.jpg\",\"keywords\":[\"Immobilienfonds\",\"Unternehmen\"],\"articleSection\":[\"UNTERNEHMEN\"],\"inLanguage\":\"fr-FR\"},{\"@type\":\"WebPage\",\"@id\":\"https:\\\/\\\/www.immobilienbusiness.ch\\\/unternehmen\\\/2017-05-30\\\/firmen-eqs-adhoc-acron-helvetia-i-immobilien-ag\\\/\",\"url\":\"https:\\\/\\\/www.immobilienbusiness.ch\\\/unternehmen\\\/2017-05-30\\\/firmen-eqs-adhoc-acron-helvetia-i-immobilien-ag\\\/\",\"name\":\"Acron Helvetia I: GV beschliesst Opting-Out - IMMOBILIEN Business\",\"isPartOf\":{\"@id\":\"https:\\\/\\\/www.immobilienbusiness.ch\\\/#website\"},\"primaryImageOfPage\":{\"@id\":\"https:\\\/\\\/www.immobilienbusiness.ch\\\/unternehmen\\\/2017-05-30\\\/firmen-eqs-adhoc-acron-helvetia-i-immobilien-ag\\\/#primaryimage\"},\"image\":{\"@id\":\"https:\\\/\\\/www.immobilienbusiness.ch\\\/unternehmen\\\/2017-05-30\\\/firmen-eqs-adhoc-acron-helvetia-i-immobilien-ag\\\/#primaryimage\"},\"thumbnailUrl\":\"https:\\\/\\\/www.immobilienbusiness.ch\\\/wp-content\\\/uploads\\\/2017\\\/03\\\/Depositphotos_14941895_m-2015.jpg\",\"datePublished\":\"2017-05-30T06:58:32+00:00\",\"description\":\"Die Generalversammlung der Acron Helvetia I\u00a0Immobilien AG\u00a0hat die\u00a0 Einf\u00fchrung eines Opting-Out in die Gesellschaftsstatuten beschlossen.\",\"breadcrumb\":{\"@id\":\"https:\\\/\\\/www.immobilienbusiness.ch\\\/unternehmen\\\/2017-05-30\\\/firmen-eqs-adhoc-acron-helvetia-i-immobilien-ag\\\/#breadcrumb\"},\"inLanguage\":\"fr-FR\",\"potentialAction\":[{\"@type\":\"ReadAction\",\"target\":[\"https:\\\/\\\/www.immobilienbusiness.ch\\\/unternehmen\\\/2017-05-30\\\/firmen-eqs-adhoc-acron-helvetia-i-immobilien-ag\\\/\"]}]},{\"@type\":\"ImageObject\",\"inLanguage\":\"fr-FR\",\"@id\":\"https:\\\/\\\/www.immobilienbusiness.ch\\\/unternehmen\\\/2017-05-30\\\/firmen-eqs-adhoc-acron-helvetia-i-immobilien-ag\\\/#primaryimage\",\"url\":\"https:\\\/\\\/www.immobilienbusiness.ch\\\/wp-content\\\/uploads\\\/2017\\\/03\\\/Depositphotos_14941895_m-2015.jpg\",\"contentUrl\":\"https:\\\/\\\/www.immobilienbusiness.ch\\\/wp-content\\\/uploads\\\/2017\\\/03\\\/Depositphotos_14941895_m-2015.jpg\",\"width\":1000,\"height\":629,\"caption\":\"Die Swiss Prime AST hat Halbjahreszahlen f\u00fcr ihre Anlagegruppen vorgelegt (Bild: Alexmit - depositphotos)\"},{\"@type\":\"BreadcrumbList\",\"@id\":\"https:\\\/\\\/www.immobilienbusiness.ch\\\/unternehmen\\\/2017-05-30\\\/firmen-eqs-adhoc-acron-helvetia-i-immobilien-ag\\\/#breadcrumb\",\"itemListElement\":[{\"@type\":\"ListItem\",\"position\":1,\"name\":\"Home\",\"item\":\"https:\\\/\\\/www.immobilienbusiness.ch\\\/\"},{\"@type\":\"ListItem\",\"position\":2,\"name\":\"Acron Helvetia I: GV beschliesst Opting-Out\"}]},{\"@type\":\"WebSite\",\"@id\":\"https:\\\/\\\/www.immobilienbusiness.ch\\\/#website\",\"url\":\"https:\\\/\\\/www.immobilienbusiness.ch\\\/\",\"name\":\"IMMOBILIEN Business\",\"description\":\"Unabh\u00e4ngiges Schweizer Wirtschaftsmagazin mit Fokus auf Immobilien, Architektur- und Bau sowie Investment- und Finanzierung.\",\"publisher\":{\"@id\":\"https:\\\/\\\/www.immobilienbusiness.ch\\\/#organization\"},\"potentialAction\":[{\"@type\":\"SearchAction\",\"target\":{\"@type\":\"EntryPoint\",\"urlTemplate\":\"https:\\\/\\\/www.immobilienbusiness.ch\\\/?s={search_term_string}\"},\"query-input\":{\"@type\":\"PropertyValueSpecification\",\"valueRequired\":true,\"valueName\":\"search_term_string\"}}],\"inLanguage\":\"fr-FR\"},{\"@type\":\"Organization\",\"@id\":\"https:\\\/\\\/www.immobilienbusiness.ch\\\/#organization\",\"name\":\"IMMOBILIEN Business\",\"url\":\"https:\\\/\\\/www.immobilienbusiness.ch\\\/\",\"logo\":{\"@type\":\"ImageObject\",\"inLanguage\":\"fr-FR\",\"@id\":\"https:\\\/\\\/www.immobilienbusiness.ch\\\/#\\\/schema\\\/logo\\\/image\\\/\",\"url\":\"https:\\\/\\\/www.immobilienbusiness.ch\\\/wp-content\\\/uploads\\\/2021\\\/07\\\/logo_ib.png\",\"contentUrl\":\"https:\\\/\\\/www.immobilienbusiness.ch\\\/wp-content\\\/uploads\\\/2021\\\/07\\\/logo_ib.png\",\"width\":800,\"height\":181,\"caption\":\"IMMOBILIEN Business\"},\"image\":{\"@id\":\"https:\\\/\\\/www.immobilienbusiness.ch\\\/#\\\/schema\\\/logo\\\/image\\\/\"},\"sameAs\":[\"https:\\\/\\\/www.facebook.com\\\/immobilienbusiness\\\/\"]},{\"@type\":\"Person\",\"@id\":\"https:\\\/\\\/www.immobilienbusiness.ch\\\/#\\\/schema\\\/person\\\/3fc036297b10b9f42d6db5ee932af8c8\",\"name\":\"anja.hall\",\"image\":{\"@type\":\"ImageObject\",\"inLanguage\":\"fr-FR\",\"@id\":\"https:\\\/\\\/secure.gravatar.com\\\/avatar\\\/066b5a0d447013502c71a5782f4f3469f03cfe595cc2329fb94652fe47511bfb?s=96&d=mm&r=g\",\"url\":\"https:\\\/\\\/secure.gravatar.com\\\/avatar\\\/066b5a0d447013502c71a5782f4f3469f03cfe595cc2329fb94652fe47511bfb?s=96&d=mm&r=g\",\"contentUrl\":\"https:\\\/\\\/secure.gravatar.com\\\/avatar\\\/066b5a0d447013502c71a5782f4f3469f03cfe595cc2329fb94652fe47511bfb?s=96&d=mm&r=g\",\"caption\":\"anja.hall\"},\"url\":\"https:\\\/\\\/www.immobilienbusiness.ch\\\/fr\\\/author\\\/anja-hall\\\/\"}]}<\/script>\n<!-- \/ Yoast SEO plugin. -->","yoast_head_json":{"title":"Acron Helvetia I : l'AG d\u00e9cide de l'opting-out - IMMOBILIER Business","description":"L'assembl\u00e9e g\u00e9n\u00e9rale d'Acron Helvetia I Immobilien AG a d\u00e9cid\u00e9 d'introduire un opting-out dans les statuts de la soci\u00e9t\u00e9.","robots":{"index":"index","follow":"follow","max-snippet":"max-snippet:-1","max-image-preview":"max-image-preview:large","max-video-preview":"max-video-preview:-1"},"canonical":"https:\/\/www.immobilienbusiness.ch\/fr\/unternehmen\/2017-05-30\/firmen-eqs-adhoc-acron-helvetia-i-immobilien-ag\/","og_locale":"fr_FR","og_type":"article","og_title":"Acron Helvetia I: GV beschliesst Opting-Out","og_description":"Die Generalversammlung der Acron Helvetia I\u00a0Immobilien AG\u00a0hat die\u00a0 Einf\u00fchrung eines Opting-Out in die Gesellschaftsstatuten beschlossen.","og_url":"https:\/\/www.immobilienbusiness.ch\/fr\/unternehmen\/2017-05-30\/firmen-eqs-adhoc-acron-helvetia-i-immobilien-ag\/","og_site_name":"IMMOBILIEN Business","article_publisher":"https:\/\/www.facebook.com\/immobilienbusiness\/","article_published_time":"2017-05-30T06:58:32+00:00","og_image":[{"width":1000,"height":629,"url":"https:\/\/www.immobilienbusiness.ch\/wp-content\/uploads\/2017\/03\/Depositphotos_14941895_m-2015.jpg","type":"image\/jpeg"}],"author":"anja.hall","twitter_card":"summary_large_image","twitter_title":"Acron Helvetia I: GV beschliesst Opting-Out","twitter_description":"Die Generalversammlung der Acron Helvetia I\u00a0Immobilien AG\u00a0hat die\u00a0 Einf\u00fchrung eines Opting-Out in die Gesellschaftsstatuten beschlossen.","twitter_image":"https:\/\/www.immobilienbusiness.ch\/wp-content\/uploads\/2017\/03\/Depositphotos_14941895_m-2015.jpg","schema":{"@context":"https:\/\/schema.org","@graph":[{"@type":"Article","@id":"https:\/\/www.immobilienbusiness.ch\/unternehmen\/2017-05-30\/firmen-eqs-adhoc-acron-helvetia-i-immobilien-ag\/#article","isPartOf":{"@id":"https:\/\/www.immobilienbusiness.ch\/unternehmen\/2017-05-30\/firmen-eqs-adhoc-acron-helvetia-i-immobilien-ag\/"},"author":{"name":"anja.hall","@id":"https:\/\/www.immobilienbusiness.ch\/#\/schema\/person\/3fc036297b10b9f42d6db5ee932af8c8"},"headline":"Acron Helvetia I: GV beschliesst Opting-Out","datePublished":"2017-05-30T06:58:32+00:00","mainEntityOfPage":{"@id":"https:\/\/www.immobilienbusiness.ch\/unternehmen\/2017-05-30\/firmen-eqs-adhoc-acron-helvetia-i-immobilien-ag\/"},"wordCount":184,"commentCount":0,"publisher":{"@id":"https:\/\/www.immobilienbusiness.ch\/#organization"},"image":{"@id":"https:\/\/www.immobilienbusiness.ch\/unternehmen\/2017-05-30\/firmen-eqs-adhoc-acron-helvetia-i-immobilien-ag\/#primaryimage"},"thumbnailUrl":"https:\/\/www.immobilienbusiness.ch\/wp-content\/uploads\/2017\/03\/Depositphotos_14941895_m-2015.jpg","keywords":["Immobilienfonds","Unternehmen"],"articleSection":["UNTERNEHMEN"],"inLanguage":"fr-FR"},{"@type":"WebPage","@id":"https:\/\/www.immobilienbusiness.ch\/unternehmen\/2017-05-30\/firmen-eqs-adhoc-acron-helvetia-i-immobilien-ag\/","url":"https:\/\/www.immobilienbusiness.ch\/unternehmen\/2017-05-30\/firmen-eqs-adhoc-acron-helvetia-i-immobilien-ag\/","name":"Acron Helvetia I : l'AG d\u00e9cide de l'opting-out - IMMOBILIER Business","isPartOf":{"@id":"https:\/\/www.immobilienbusiness.ch\/#website"},"primaryImageOfPage":{"@id":"https:\/\/www.immobilienbusiness.ch\/unternehmen\/2017-05-30\/firmen-eqs-adhoc-acron-helvetia-i-immobilien-ag\/#primaryimage"},"image":{"@id":"https:\/\/www.immobilienbusiness.ch\/unternehmen\/2017-05-30\/firmen-eqs-adhoc-acron-helvetia-i-immobilien-ag\/#primaryimage"},"thumbnailUrl":"https:\/\/www.immobilienbusiness.ch\/wp-content\/uploads\/2017\/03\/Depositphotos_14941895_m-2015.jpg","datePublished":"2017-05-30T06:58:32+00:00","description":"L'assembl\u00e9e g\u00e9n\u00e9rale d'Acron Helvetia I Immobilien AG a d\u00e9cid\u00e9 d'introduire un opting-out dans les statuts de la soci\u00e9t\u00e9.","breadcrumb":{"@id":"https:\/\/www.immobilienbusiness.ch\/unternehmen\/2017-05-30\/firmen-eqs-adhoc-acron-helvetia-i-immobilien-ag\/#breadcrumb"},"inLanguage":"fr-FR","potentialAction":[{"@type":"ReadAction","target":["https:\/\/www.immobilienbusiness.ch\/unternehmen\/2017-05-30\/firmen-eqs-adhoc-acron-helvetia-i-immobilien-ag\/"]}]},{"@type":"ImageObject","inLanguage":"fr-FR","@id":"https:\/\/www.immobilienbusiness.ch\/unternehmen\/2017-05-30\/firmen-eqs-adhoc-acron-helvetia-i-immobilien-ag\/#primaryimage","url":"https:\/\/www.immobilienbusiness.ch\/wp-content\/uploads\/2017\/03\/Depositphotos_14941895_m-2015.jpg","contentUrl":"https:\/\/www.immobilienbusiness.ch\/wp-content\/uploads\/2017\/03\/Depositphotos_14941895_m-2015.jpg","width":1000,"height":629,"caption":"Die Swiss Prime AST hat Halbjahreszahlen f\u00fcr ihre Anlagegruppen vorgelegt (Bild: Alexmit - depositphotos)"},{"@type":"BreadcrumbList","@id":"https:\/\/www.immobilienbusiness.ch\/unternehmen\/2017-05-30\/firmen-eqs-adhoc-acron-helvetia-i-immobilien-ag\/#breadcrumb","itemListElement":[{"@type":"ListItem","position":1,"name":"Home","item":"https:\/\/www.immobilienbusiness.ch\/"},{"@type":"ListItem","position":2,"name":"Acron Helvetia I: GV beschliesst Opting-Out"}]},{"@type":"WebSite","@id":"https:\/\/www.immobilienbusiness.ch\/#website","url":"https:\/\/www.immobilienbusiness.ch\/","name":"IMMOBILIER Business","description":"Magazine \u00e9conomique suisse ind\u00e9pendant ax\u00e9 sur l'immobilier, l'architecture et la construction ainsi que sur les investissements et le financement.","publisher":{"@id":"https:\/\/www.immobilienbusiness.ch\/#organization"},"potentialAction":[{"@type":"SearchAction","target":{"@type":"EntryPoint","urlTemplate":"https:\/\/www.immobilienbusiness.ch\/?s={search_term_string}"},"query-input":{"@type":"PropertyValueSpecification","valueRequired":true,"valueName":"search_term_string"}}],"inLanguage":"fr-FR"},{"@type":"Organization","@id":"https:\/\/www.immobilienbusiness.ch\/#organization","name":"IMMOBILIER Business","url":"https:\/\/www.immobilienbusiness.ch\/","logo":{"@type":"ImageObject","inLanguage":"fr-FR","@id":"https:\/\/www.immobilienbusiness.ch\/#\/schema\/logo\/image\/","url":"https:\/\/www.immobilienbusiness.ch\/wp-content\/uploads\/2021\/07\/logo_ib.png","contentUrl":"https:\/\/www.immobilienbusiness.ch\/wp-content\/uploads\/2021\/07\/logo_ib.png","width":800,"height":181,"caption":"IMMOBILIEN Business"},"image":{"@id":"https:\/\/www.immobilienbusiness.ch\/#\/schema\/logo\/image\/"},"sameAs":["https:\/\/www.facebook.com\/immobilienbusiness\/"]},{"@type":"Person","@id":"https:\/\/www.immobilienbusiness.ch\/#\/schema\/person\/3fc036297b10b9f42d6db5ee932af8c8","name":"anja.hall","image":{"@type":"ImageObject","inLanguage":"fr-FR","@id":"https:\/\/secure.gravatar.com\/avatar\/066b5a0d447013502c71a5782f4f3469f03cfe595cc2329fb94652fe47511bfb?s=96&d=mm&r=g","url":"https:\/\/secure.gravatar.com\/avatar\/066b5a0d447013502c71a5782f4f3469f03cfe595cc2329fb94652fe47511bfb?s=96&d=mm&r=g","contentUrl":"https:\/\/secure.gravatar.com\/avatar\/066b5a0d447013502c71a5782f4f3469f03cfe595cc2329fb94652fe47511bfb?s=96&d=mm&r=g","caption":"anja.hall"},"url":"https:\/\/www.immobilienbusiness.ch\/fr\/author\/anja-hall\/"}]}},"_links":{"self":[{"href":"https:\/\/www.immobilienbusiness.ch\/fr\/wp-json\/wp\/v2\/posts\/7786","targetHints":{"allow":["GET"]}}],"collection":[{"href":"https:\/\/www.immobilienbusiness.ch\/fr\/wp-json\/wp\/v2\/posts"}],"about":[{"href":"https:\/\/www.immobilienbusiness.ch\/fr\/wp-json\/wp\/v2\/types\/post"}],"author":[{"embeddable":true,"href":"https:\/\/www.immobilienbusiness.ch\/fr\/wp-json\/wp\/v2\/users\/3"}],"replies":[{"embeddable":true,"href":"https:\/\/www.immobilienbusiness.ch\/fr\/wp-json\/wp\/v2\/comments?post=7786"}],"version-history":[{"count":0,"href":"https:\/\/www.immobilienbusiness.ch\/fr\/wp-json\/wp\/v2\/posts\/7786\/revisions"}],"wp:featuredmedia":[{"embeddable":true,"href":"https:\/\/www.immobilienbusiness.ch\/fr\/wp-json\/wp\/v2\/media\/6749"}],"wp:attachment":[{"href":"https:\/\/www.immobilienbusiness.ch\/fr\/wp-json\/wp\/v2\/media?parent=7786"}],"wp:term":[{"taxonomy":"category","embeddable":true,"href":"https:\/\/www.immobilienbusiness.ch\/fr\/wp-json\/wp\/v2\/categories?post=7786"},{"taxonomy":"post_tag","embeddable":true,"href":"https:\/\/www.immobilienbusiness.ch\/fr\/wp-json\/wp\/v2\/tags?post=7786"}],"curies":[{"name":"wp","href":"https:\/\/api.w.org\/{rel}","templated":true}]}}