{"id":7744,"date":"2017-05-24T09:38:56","date_gmt":"2017-05-24T07:38:56","guid":{"rendered":"https:\/\/www.immobilienbusiness.ch\/?p=7744"},"modified":"2017-05-24T09:38:56","modified_gmt":"2017-05-24T07:38:56","slug":"zug-und-baar-starten-mit-neuer-planung-fuer-das-unterfeld","status":"publish","type":"post","link":"https:\/\/www.immobilienbusiness.ch\/fr\/regionen\/2017-05-24\/zug-und-baar-starten-mit-neuer-planung-fuer-das-unterfeld\/","title":{"rendered":"Zoug et Baar lancent une nouvelle planification pour l'Unterfeld"},"content":{"rendered":"<figure id=\"attachment_5802\" aria-describedby=\"caption-attachment-5802\" style=\"width: 680px\" class=\"wp-caption alignnone\"><img loading=\"lazy\" decoding=\"async\" class=\"size-medium wp-image-5802\" src=\"https:\/\/www.immobilienbusiness.ch\/wp-content\/uploads\/2017\/01\/Depositphotos_6695177_l-2015.jpg\" alt=\"\" width=\"680\" height=\"453\" srcset=\"https:\/\/www.immobilienbusiness.ch\/wp-content\/uploads\/2017\/01\/Depositphotos_6695177_l-2015.jpg 2000w, https:\/\/www.immobilienbusiness.ch\/wp-content\/uploads\/2017\/01\/Depositphotos_6695177_l-2015-300x200.jpg 300w, https:\/\/www.immobilienbusiness.ch\/wp-content\/uploads\/2017\/01\/Depositphotos_6695177_l-2015-1024x682.jpg 1024w, https:\/\/www.immobilienbusiness.ch\/wp-content\/uploads\/2017\/01\/Depositphotos_6695177_l-2015-768x512.jpg 768w, https:\/\/www.immobilienbusiness.ch\/wp-content\/uploads\/2017\/01\/Depositphotos_6695177_l-2015-1536x1024.jpg 1536w, https:\/\/www.immobilienbusiness.ch\/wp-content\/uploads\/2017\/01\/Depositphotos_6695177_l-2015-16x12.jpg 16w, https:\/\/www.immobilienbusiness.ch\/wp-content\/uploads\/2017\/01\/Depositphotos_6695177_l-2015-263x175.jpg 263w, https:\/\/www.immobilienbusiness.ch\/wp-content\/uploads\/2017\/01\/Depositphotos_6695177_l-2015-525x350.jpg 525w, https:\/\/www.immobilienbusiness.ch\/wp-content\/uploads\/2017\/01\/Depositphotos_6695177_l-2015-1200x800.jpg 1200w, https:\/\/www.immobilienbusiness.ch\/wp-content\/uploads\/2017\/01\/Depositphotos_6695177_l-2015-920x613.jpg 920w, https:\/\/www.immobilienbusiness.ch\/wp-content\/uploads\/2017\/01\/Depositphotos_6695177_l-2015-1400x933.jpg 1400w\" sizes=\"auto, (max-width: 680px) 100vw, 680px\" \/><figcaption id=\"caption-attachment-5802\" class=\"wp-caption-text\">Zoug et Baar reprennent la planification de la zone Unterfeld (Photo : .shock - depositphotos)<\/figcaption><\/figure>\n<p>Selon les plans initiaux de Zoug et de Baar, un quartier urbain \u00e0 usage mixte devait voir le jour \u00e0 Unterfeld. <a href=\"https:\/\/www.immobilienbusiness.ch\/fr\/zug-volksabstimmung-ueber-unterfeld-schleife\/\">Le projet aurait consist\u00e9 en 15 corps de b\u00e2timent, avec une hauteur de base de 25 m\u00e8tres, des sur\u00e9l\u00e9vations ponctuelles de 34 \u00e0 60 m\u00e8tres auraient \u00e9t\u00e9 possibles. <\/a>Un grand parc public avec un lac \u00e9tait pr\u00e9vu au centre du lotissement.<\/p>\n<p>Le 12 f\u00e9vrier 2017, les \u00e9lecteurs de Baar ont toutefois rejet\u00e9 de justesse le plan d'am\u00e9nagement Unterfeld. La ville de Zoug l'a certes accept\u00e9 avec une tr\u00e8s faible proportion de oui, mais le projet n'a pas vu le jour en raison du verdict n\u00e9gatif de Baar.<\/p>\n<p>Trois mois apr\u00e8s la votation, les autorit\u00e9s de Baar et de Zoug veulent reprendre la planification de la zone Unterfeld. Il ne s'agira toutefois pas d'un nouveau grand projet, mais de d\u00e9velopper des champs de construction orient\u00e9s vers les routes, les chemins et les espaces libres, qui pourront \u00eatre construits par \u00e9tapes et de mani\u00e8re ind\u00e9pendante, communiquent les communes.<\/p>\n<h2>Plus de grands ensembles<\/h2>\n<p>Du point de vue des communes, plusieurs points ont conduit au non dans les urnes. Entre autres, la grande forme urbanistique n'a pas convaincu les votants et l'int\u00e9gration dans la structure urbaine a fait d\u00e9faut. La densit\u00e9 per\u00e7ue (grands volumes) et la densit\u00e9 effective des constructions ne correspondaient pas et des cons\u00e9quences n\u00e9gatives telles que trafic suppl\u00e9mentaire, manque de mixit\u00e9 sociale ou habitat anonyme \u00e9taient redout\u00e9es.<\/p>\n<p>Conform\u00e9ment \u00e0 la loi cantonale sur l'am\u00e9nagement et la construction, les deux communes doivent pr\u00e9senter une nouvelle planification, faute de quoi l'obligation g\u00e9n\u00e9rale d'\u00e9tablir un plan d'am\u00e9nagement sur le territoire de la commune de Baar ne s'applique pas. De m\u00eame, les communes doivent examiner, au sens du plan directeur cantonal, si - et si oui dans quelle mesure - la zone doit \u00eatre densifi\u00e9e.<\/p>\n<p>\"Nous prenons au s\u00e9rieux les critiques formul\u00e9es \u00e0 l'encontre du plan d'urbanisme rejet\u00e9 et souhaitons \u00e9laborer une solution conforme aux objectifs\", explique Andreas Hotz, pr\u00e9sident de la commune de Baar. Il s'agit notamment de d\u00e9finir une structure urbaine solide et robuste pour la zone d'Unterfeld. Nous voulons r\u00e9duire les d\u00e9pendances et la complexit\u00e9 du concept.<\/p>\n<p>La proc\u00e9dure effective sera concr\u00e9tis\u00e9e dans les semaines \u00e0 venir et discut\u00e9e avec les propri\u00e9taires fonciers, indiquent les communes. Des ateliers et des espaces de r\u00e9flexion sont envisageables pour recueillir des id\u00e9es et des avis. La suite de la proc\u00e9dure sera \u00e9labor\u00e9e et d\u00e9finie d'ici les vacances d'\u00e9t\u00e9.<\/p>","protected":false},"excerpt":{"rendered":"<p>En f\u00e9vrier, le grand projet Unterfeld a \u00e9chou\u00e9 lors d'une votation populaire. Les communes de Zoug et Baar osent d\u00e9sormais un nouveau d\u00e9part. Il n'est toutefois pas pr\u00e9vu de construire un nouveau grand complexe immobilier.<\/p>","protected":false},"author":3,"featured_media":5802,"comment_status":"open","ping_status":"open","sticky":false,"template":"","format":"standard","meta":{"_acf_changed":false,"_yoast_wpseo_focuskw":"Unterfeld","_yoast_wpseo_title":"","_yoast_wpseo_metadesc":"Im Februar ist das geplante Grossprojekt Unterfeld bei einer Volksabstimmung gescheitert, nun wagen die Gemeinden Zug und Baar einen Neustart.","_yoast_wpseo_linkdex":87,"pgc_sgb_lightbox_settings":"","footnotes":""},"categories":[985],"tags":[1600,1629,1862,1884],"class_list":["post-7744","post","type-post","status-publish","format-standard","has-post-thumbnail","hentry","category-regionen","tag-projekt-in-planung","tag-regionen","tag-wohnen","tag-zug"],"acf":[],"yoast_head":"<!-- This site is optimized with the Yoast SEO plugin v27.4 - https:\/\/yoast.com\/product\/yoast-seo-wordpress\/ -->\n<title>Zug und Baar starten mit neuer Planung f\u00fcr das Unterfeld - IMMOBILIEN Business<\/title>\n<meta name=\"description\" content=\"Im Februar ist das geplante Grossprojekt Unterfeld bei einer Volksabstimmung gescheitert, nun wagen die Gemeinden Zug und Baar einen Neustart.\" \/>\n<meta name=\"robots\" content=\"index, follow, max-snippet:-1, max-image-preview:large, max-video-preview:-1\" \/>\n<link rel=\"canonical\" href=\"https:\/\/www.immobilienbusiness.ch\/fr\/regionen\/2017-05-24\/zug-und-baar-starten-mit-neuer-planung-fuer-das-unterfeld\/\" \/>\n<meta property=\"og:locale\" content=\"fr_FR\" \/>\n<meta property=\"og:type\" content=\"article\" \/>\n<meta property=\"og:title\" content=\"Zug und Baar starten mit neuer Planung f\u00fcr das Unterfeld\" \/>\n<meta property=\"og:description\" content=\"Im Februar ist das geplante Grossprojekt Unterfeld bei einer Volksabstimmung gescheitert, nun wagen die Gemeinden Zug und Baar einen Neustart.\" \/>\n<meta property=\"og:url\" content=\"https:\/\/www.immobilienbusiness.ch\/fr\/regionen\/2017-05-24\/zug-und-baar-starten-mit-neuer-planung-fuer-das-unterfeld\/\" \/>\n<meta property=\"og:site_name\" content=\"IMMOBILIEN Business\" \/>\n<meta property=\"article:publisher\" content=\"https:\/\/www.facebook.com\/immobilienbusiness\/\" \/>\n<meta property=\"article:published_time\" content=\"2017-05-24T07:38:56+00:00\" \/>\n<meta property=\"og:image\" content=\"https:\/\/www.immobilienbusiness.ch\/wp-content\/uploads\/2017\/01\/Depositphotos_6695177_l-2015-1024x682.jpg\" \/>\n\t<meta property=\"og:image:width\" content=\"1024\" \/>\n\t<meta property=\"og:image:height\" content=\"682\" \/>\n\t<meta property=\"og:image:type\" content=\"image\/jpeg\" \/>\n<meta name=\"author\" content=\"anja.hall\" \/>\n<meta name=\"twitter:card\" content=\"summary_large_image\" \/>\n<meta name=\"twitter:title\" content=\"Zug und Baar starten mit neuer Planung f\u00fcr das Unterfeld\" \/>\n<meta name=\"twitter:description\" content=\"Im Februar ist das geplante Grossprojekt Unterfeld bei einer Volksabstimmung gescheitert, nun wagen die Gemeinden Zug und Baar einen Neustart.\" \/>\n<meta name=\"twitter:image\" content=\"https:\/\/www.immobilienbusiness.ch\/wp-content\/uploads\/2017\/01\/Depositphotos_6695177_l-2015.jpg\" \/>\n<script type=\"application\/ld+json\" class=\"yoast-schema-graph\">{\"@context\":\"https:\\\/\\\/schema.org\",\"@graph\":[{\"@type\":\"Article\",\"@id\":\"https:\\\/\\\/www.immobilienbusiness.ch\\\/regionen\\\/2017-05-24\\\/zug-und-baar-starten-mit-neuer-planung-fuer-das-unterfeld\\\/#article\",\"isPartOf\":{\"@id\":\"https:\\\/\\\/www.immobilienbusiness.ch\\\/regionen\\\/2017-05-24\\\/zug-und-baar-starten-mit-neuer-planung-fuer-das-unterfeld\\\/\"},\"author\":{\"name\":\"anja.hall\",\"@id\":\"https:\\\/\\\/www.immobilienbusiness.ch\\\/#\\\/schema\\\/person\\\/3fc036297b10b9f42d6db5ee932af8c8\"},\"headline\":\"Zug und Baar starten mit neuer Planung f\u00fcr das Unterfeld\",\"datePublished\":\"2017-05-24T07:38:56+00:00\",\"mainEntityOfPage\":{\"@id\":\"https:\\\/\\\/www.immobilienbusiness.ch\\\/regionen\\\/2017-05-24\\\/zug-und-baar-starten-mit-neuer-planung-fuer-das-unterfeld\\\/\"},\"wordCount\":399,\"commentCount\":0,\"publisher\":{\"@id\":\"https:\\\/\\\/www.immobilienbusiness.ch\\\/#organization\"},\"image\":{\"@id\":\"https:\\\/\\\/www.immobilienbusiness.ch\\\/regionen\\\/2017-05-24\\\/zug-und-baar-starten-mit-neuer-planung-fuer-das-unterfeld\\\/#primaryimage\"},\"thumbnailUrl\":\"https:\\\/\\\/www.immobilienbusiness.ch\\\/wp-content\\\/uploads\\\/2017\\\/01\\\/Depositphotos_6695177_l-2015.jpg\",\"keywords\":[\"Projekt in Planung\",\"Regionen\",\"Wohnen\",\"Zug\"],\"articleSection\":[\"REGIONEN\"],\"inLanguage\":\"fr-FR\"},{\"@type\":\"WebPage\",\"@id\":\"https:\\\/\\\/www.immobilienbusiness.ch\\\/regionen\\\/2017-05-24\\\/zug-und-baar-starten-mit-neuer-planung-fuer-das-unterfeld\\\/\",\"url\":\"https:\\\/\\\/www.immobilienbusiness.ch\\\/regionen\\\/2017-05-24\\\/zug-und-baar-starten-mit-neuer-planung-fuer-das-unterfeld\\\/\",\"name\":\"Zug und Baar starten mit neuer Planung f\u00fcr das Unterfeld - IMMOBILIEN Business\",\"isPartOf\":{\"@id\":\"https:\\\/\\\/www.immobilienbusiness.ch\\\/#website\"},\"primaryImageOfPage\":{\"@id\":\"https:\\\/\\\/www.immobilienbusiness.ch\\\/regionen\\\/2017-05-24\\\/zug-und-baar-starten-mit-neuer-planung-fuer-das-unterfeld\\\/#primaryimage\"},\"image\":{\"@id\":\"https:\\\/\\\/www.immobilienbusiness.ch\\\/regionen\\\/2017-05-24\\\/zug-und-baar-starten-mit-neuer-planung-fuer-das-unterfeld\\\/#primaryimage\"},\"thumbnailUrl\":\"https:\\\/\\\/www.immobilienbusiness.ch\\\/wp-content\\\/uploads\\\/2017\\\/01\\\/Depositphotos_6695177_l-2015.jpg\",\"datePublished\":\"2017-05-24T07:38:56+00:00\",\"description\":\"Im Februar ist das geplante Grossprojekt Unterfeld bei einer Volksabstimmung gescheitert, nun wagen die Gemeinden Zug und Baar einen Neustart.\",\"breadcrumb\":{\"@id\":\"https:\\\/\\\/www.immobilienbusiness.ch\\\/regionen\\\/2017-05-24\\\/zug-und-baar-starten-mit-neuer-planung-fuer-das-unterfeld\\\/#breadcrumb\"},\"inLanguage\":\"fr-FR\",\"potentialAction\":[{\"@type\":\"ReadAction\",\"target\":[\"https:\\\/\\\/www.immobilienbusiness.ch\\\/regionen\\\/2017-05-24\\\/zug-und-baar-starten-mit-neuer-planung-fuer-das-unterfeld\\\/\"]}]},{\"@type\":\"ImageObject\",\"inLanguage\":\"fr-FR\",\"@id\":\"https:\\\/\\\/www.immobilienbusiness.ch\\\/regionen\\\/2017-05-24\\\/zug-und-baar-starten-mit-neuer-planung-fuer-das-unterfeld\\\/#primaryimage\",\"url\":\"https:\\\/\\\/www.immobilienbusiness.ch\\\/wp-content\\\/uploads\\\/2017\\\/01\\\/Depositphotos_6695177_l-2015.jpg\",\"contentUrl\":\"https:\\\/\\\/www.immobilienbusiness.ch\\\/wp-content\\\/uploads\\\/2017\\\/01\\\/Depositphotos_6695177_l-2015.jpg\",\"width\":2000,\"height\":1333,\"caption\":\"In Thun ist eine \u00dcberbaung mit Wohnungen und Alterswohnen geplant (Foto: .shock - depositphotos)\"},{\"@type\":\"BreadcrumbList\",\"@id\":\"https:\\\/\\\/www.immobilienbusiness.ch\\\/regionen\\\/2017-05-24\\\/zug-und-baar-starten-mit-neuer-planung-fuer-das-unterfeld\\\/#breadcrumb\",\"itemListElement\":[{\"@type\":\"ListItem\",\"position\":1,\"name\":\"Home\",\"item\":\"https:\\\/\\\/www.immobilienbusiness.ch\\\/\"},{\"@type\":\"ListItem\",\"position\":2,\"name\":\"Zug und Baar starten mit neuer Planung f\u00fcr das Unterfeld\"}]},{\"@type\":\"WebSite\",\"@id\":\"https:\\\/\\\/www.immobilienbusiness.ch\\\/#website\",\"url\":\"https:\\\/\\\/www.immobilienbusiness.ch\\\/\",\"name\":\"IMMOBILIEN Business\",\"description\":\"Unabh\u00e4ngiges Schweizer Wirtschaftsmagazin mit Fokus auf Immobilien, Architektur- und Bau sowie Investment- und Finanzierung.\",\"publisher\":{\"@id\":\"https:\\\/\\\/www.immobilienbusiness.ch\\\/#organization\"},\"potentialAction\":[{\"@type\":\"SearchAction\",\"target\":{\"@type\":\"EntryPoint\",\"urlTemplate\":\"https:\\\/\\\/www.immobilienbusiness.ch\\\/?s={search_term_string}\"},\"query-input\":{\"@type\":\"PropertyValueSpecification\",\"valueRequired\":true,\"valueName\":\"search_term_string\"}}],\"inLanguage\":\"fr-FR\"},{\"@type\":\"Organization\",\"@id\":\"https:\\\/\\\/www.immobilienbusiness.ch\\\/#organization\",\"name\":\"IMMOBILIEN Business\",\"url\":\"https:\\\/\\\/www.immobilienbusiness.ch\\\/\",\"logo\":{\"@type\":\"ImageObject\",\"inLanguage\":\"fr-FR\",\"@id\":\"https:\\\/\\\/www.immobilienbusiness.ch\\\/#\\\/schema\\\/logo\\\/image\\\/\",\"url\":\"https:\\\/\\\/www.immobilienbusiness.ch\\\/wp-content\\\/uploads\\\/2021\\\/07\\\/logo_ib.png\",\"contentUrl\":\"https:\\\/\\\/www.immobilienbusiness.ch\\\/wp-content\\\/uploads\\\/2021\\\/07\\\/logo_ib.png\",\"width\":800,\"height\":181,\"caption\":\"IMMOBILIEN Business\"},\"image\":{\"@id\":\"https:\\\/\\\/www.immobilienbusiness.ch\\\/#\\\/schema\\\/logo\\\/image\\\/\"},\"sameAs\":[\"https:\\\/\\\/www.facebook.com\\\/immobilienbusiness\\\/\"]},{\"@type\":\"Person\",\"@id\":\"https:\\\/\\\/www.immobilienbusiness.ch\\\/#\\\/schema\\\/person\\\/3fc036297b10b9f42d6db5ee932af8c8\",\"name\":\"anja.hall\",\"image\":{\"@type\":\"ImageObject\",\"inLanguage\":\"fr-FR\",\"@id\":\"https:\\\/\\\/secure.gravatar.com\\\/avatar\\\/066b5a0d447013502c71a5782f4f3469f03cfe595cc2329fb94652fe47511bfb?s=96&d=mm&r=g\",\"url\":\"https:\\\/\\\/secure.gravatar.com\\\/avatar\\\/066b5a0d447013502c71a5782f4f3469f03cfe595cc2329fb94652fe47511bfb?s=96&d=mm&r=g\",\"contentUrl\":\"https:\\\/\\\/secure.gravatar.com\\\/avatar\\\/066b5a0d447013502c71a5782f4f3469f03cfe595cc2329fb94652fe47511bfb?s=96&d=mm&r=g\",\"caption\":\"anja.hall\"},\"url\":\"https:\\\/\\\/www.immobilienbusiness.ch\\\/fr\\\/author\\\/anja-hall\\\/\"}]}<\/script>\n<!-- \/ Yoast SEO plugin. -->","yoast_head_json":{"title":"Zug und Baar starten mit neuer Planung f\u00fcr das Unterfeld - IMMOBILIEN Business","description":"Im Februar ist das geplante Grossprojekt Unterfeld bei einer Volksabstimmung gescheitert, nun wagen die Gemeinden Zug und Baar einen Neustart.","robots":{"index":"index","follow":"follow","max-snippet":"max-snippet:-1","max-image-preview":"max-image-preview:large","max-video-preview":"max-video-preview:-1"},"canonical":"https:\/\/www.immobilienbusiness.ch\/fr\/regionen\/2017-05-24\/zug-und-baar-starten-mit-neuer-planung-fuer-das-unterfeld\/","og_locale":"fr_FR","og_type":"article","og_title":"Zug und Baar starten mit neuer Planung f\u00fcr das Unterfeld","og_description":"Im Februar ist das geplante Grossprojekt Unterfeld bei einer Volksabstimmung gescheitert, nun wagen die Gemeinden Zug und Baar einen Neustart.","og_url":"https:\/\/www.immobilienbusiness.ch\/fr\/regionen\/2017-05-24\/zug-und-baar-starten-mit-neuer-planung-fuer-das-unterfeld\/","og_site_name":"IMMOBILIEN Business","article_publisher":"https:\/\/www.facebook.com\/immobilienbusiness\/","article_published_time":"2017-05-24T07:38:56+00:00","og_image":[{"width":1024,"height":682,"url":"https:\/\/www.immobilienbusiness.ch\/wp-content\/uploads\/2017\/01\/Depositphotos_6695177_l-2015-1024x682.jpg","type":"image\/jpeg"}],"author":"anja.hall","twitter_card":"summary_large_image","twitter_title":"Zug und Baar starten mit neuer Planung f\u00fcr das Unterfeld","twitter_description":"Im Februar ist das geplante Grossprojekt Unterfeld bei einer Volksabstimmung gescheitert, nun wagen die Gemeinden Zug und Baar einen Neustart.","twitter_image":"https:\/\/www.immobilienbusiness.ch\/wp-content\/uploads\/2017\/01\/Depositphotos_6695177_l-2015.jpg","schema":{"@context":"https:\/\/schema.org","@graph":[{"@type":"Article","@id":"https:\/\/www.immobilienbusiness.ch\/regionen\/2017-05-24\/zug-und-baar-starten-mit-neuer-planung-fuer-das-unterfeld\/#article","isPartOf":{"@id":"https:\/\/www.immobilienbusiness.ch\/regionen\/2017-05-24\/zug-und-baar-starten-mit-neuer-planung-fuer-das-unterfeld\/"},"author":{"name":"anja.hall","@id":"https:\/\/www.immobilienbusiness.ch\/#\/schema\/person\/3fc036297b10b9f42d6db5ee932af8c8"},"headline":"Zug und Baar starten mit neuer Planung f\u00fcr das Unterfeld","datePublished":"2017-05-24T07:38:56+00:00","mainEntityOfPage":{"@id":"https:\/\/www.immobilienbusiness.ch\/regionen\/2017-05-24\/zug-und-baar-starten-mit-neuer-planung-fuer-das-unterfeld\/"},"wordCount":399,"commentCount":0,"publisher":{"@id":"https:\/\/www.immobilienbusiness.ch\/#organization"},"image":{"@id":"https:\/\/www.immobilienbusiness.ch\/regionen\/2017-05-24\/zug-und-baar-starten-mit-neuer-planung-fuer-das-unterfeld\/#primaryimage"},"thumbnailUrl":"https:\/\/www.immobilienbusiness.ch\/wp-content\/uploads\/2017\/01\/Depositphotos_6695177_l-2015.jpg","keywords":["Projekt in Planung","Regionen","Wohnen","Zug"],"articleSection":["REGIONEN"],"inLanguage":"fr-FR"},{"@type":"WebPage","@id":"https:\/\/www.immobilienbusiness.ch\/regionen\/2017-05-24\/zug-und-baar-starten-mit-neuer-planung-fuer-das-unterfeld\/","url":"https:\/\/www.immobilienbusiness.ch\/regionen\/2017-05-24\/zug-und-baar-starten-mit-neuer-planung-fuer-das-unterfeld\/","name":"Zug und Baar starten mit neuer Planung f\u00fcr das Unterfeld - IMMOBILIEN Business","isPartOf":{"@id":"https:\/\/www.immobilienbusiness.ch\/#website"},"primaryImageOfPage":{"@id":"https:\/\/www.immobilienbusiness.ch\/regionen\/2017-05-24\/zug-und-baar-starten-mit-neuer-planung-fuer-das-unterfeld\/#primaryimage"},"image":{"@id":"https:\/\/www.immobilienbusiness.ch\/regionen\/2017-05-24\/zug-und-baar-starten-mit-neuer-planung-fuer-das-unterfeld\/#primaryimage"},"thumbnailUrl":"https:\/\/www.immobilienbusiness.ch\/wp-content\/uploads\/2017\/01\/Depositphotos_6695177_l-2015.jpg","datePublished":"2017-05-24T07:38:56+00:00","description":"Im Februar ist das geplante Grossprojekt Unterfeld bei einer Volksabstimmung gescheitert, nun wagen die Gemeinden Zug und Baar einen Neustart.","breadcrumb":{"@id":"https:\/\/www.immobilienbusiness.ch\/regionen\/2017-05-24\/zug-und-baar-starten-mit-neuer-planung-fuer-das-unterfeld\/#breadcrumb"},"inLanguage":"fr-FR","potentialAction":[{"@type":"ReadAction","target":["https:\/\/www.immobilienbusiness.ch\/regionen\/2017-05-24\/zug-und-baar-starten-mit-neuer-planung-fuer-das-unterfeld\/"]}]},{"@type":"ImageObject","inLanguage":"fr-FR","@id":"https:\/\/www.immobilienbusiness.ch\/regionen\/2017-05-24\/zug-und-baar-starten-mit-neuer-planung-fuer-das-unterfeld\/#primaryimage","url":"https:\/\/www.immobilienbusiness.ch\/wp-content\/uploads\/2017\/01\/Depositphotos_6695177_l-2015.jpg","contentUrl":"https:\/\/www.immobilienbusiness.ch\/wp-content\/uploads\/2017\/01\/Depositphotos_6695177_l-2015.jpg","width":2000,"height":1333,"caption":"In Thun ist eine \u00dcberbaung mit Wohnungen und Alterswohnen geplant (Foto: .shock - depositphotos)"},{"@type":"BreadcrumbList","@id":"https:\/\/www.immobilienbusiness.ch\/regionen\/2017-05-24\/zug-und-baar-starten-mit-neuer-planung-fuer-das-unterfeld\/#breadcrumb","itemListElement":[{"@type":"ListItem","position":1,"name":"Home","item":"https:\/\/www.immobilienbusiness.ch\/"},{"@type":"ListItem","position":2,"name":"Zug und Baar starten mit neuer Planung f\u00fcr das Unterfeld"}]},{"@type":"WebSite","@id":"https:\/\/www.immobilienbusiness.ch\/#website","url":"https:\/\/www.immobilienbusiness.ch\/","name":"IMMOBILIER Business","description":"Magazine \u00e9conomique suisse ind\u00e9pendant ax\u00e9 sur l'immobilier, l'architecture et la construction ainsi que sur les investissements et le financement.","publisher":{"@id":"https:\/\/www.immobilienbusiness.ch\/#organization"},"potentialAction":[{"@type":"SearchAction","target":{"@type":"EntryPoint","urlTemplate":"https:\/\/www.immobilienbusiness.ch\/?s={search_term_string}"},"query-input":{"@type":"PropertyValueSpecification","valueRequired":true,"valueName":"search_term_string"}}],"inLanguage":"fr-FR"},{"@type":"Organization","@id":"https:\/\/www.immobilienbusiness.ch\/#organization","name":"IMMOBILIER Business","url":"https:\/\/www.immobilienbusiness.ch\/","logo":{"@type":"ImageObject","inLanguage":"fr-FR","@id":"https:\/\/www.immobilienbusiness.ch\/#\/schema\/logo\/image\/","url":"https:\/\/www.immobilienbusiness.ch\/wp-content\/uploads\/2021\/07\/logo_ib.png","contentUrl":"https:\/\/www.immobilienbusiness.ch\/wp-content\/uploads\/2021\/07\/logo_ib.png","width":800,"height":181,"caption":"IMMOBILIEN Business"},"image":{"@id":"https:\/\/www.immobilienbusiness.ch\/#\/schema\/logo\/image\/"},"sameAs":["https:\/\/www.facebook.com\/immobilienbusiness\/"]},{"@type":"Person","@id":"https:\/\/www.immobilienbusiness.ch\/#\/schema\/person\/3fc036297b10b9f42d6db5ee932af8c8","name":"anja.hall","image":{"@type":"ImageObject","inLanguage":"fr-FR","@id":"https:\/\/secure.gravatar.com\/avatar\/066b5a0d447013502c71a5782f4f3469f03cfe595cc2329fb94652fe47511bfb?s=96&d=mm&r=g","url":"https:\/\/secure.gravatar.com\/avatar\/066b5a0d447013502c71a5782f4f3469f03cfe595cc2329fb94652fe47511bfb?s=96&d=mm&r=g","contentUrl":"https:\/\/secure.gravatar.com\/avatar\/066b5a0d447013502c71a5782f4f3469f03cfe595cc2329fb94652fe47511bfb?s=96&d=mm&r=g","caption":"anja.hall"},"url":"https:\/\/www.immobilienbusiness.ch\/fr\/author\/anja-hall\/"}]}},"_links":{"self":[{"href":"https:\/\/www.immobilienbusiness.ch\/fr\/wp-json\/wp\/v2\/posts\/7744","targetHints":{"allow":["GET"]}}],"collection":[{"href":"https:\/\/www.immobilienbusiness.ch\/fr\/wp-json\/wp\/v2\/posts"}],"about":[{"href":"https:\/\/www.immobilienbusiness.ch\/fr\/wp-json\/wp\/v2\/types\/post"}],"author":[{"embeddable":true,"href":"https:\/\/www.immobilienbusiness.ch\/fr\/wp-json\/wp\/v2\/users\/3"}],"replies":[{"embeddable":true,"href":"https:\/\/www.immobilienbusiness.ch\/fr\/wp-json\/wp\/v2\/comments?post=7744"}],"version-history":[{"count":0,"href":"https:\/\/www.immobilienbusiness.ch\/fr\/wp-json\/wp\/v2\/posts\/7744\/revisions"}],"wp:featuredmedia":[{"embeddable":true,"href":"https:\/\/www.immobilienbusiness.ch\/fr\/wp-json\/wp\/v2\/media\/5802"}],"wp:attachment":[{"href":"https:\/\/www.immobilienbusiness.ch\/fr\/wp-json\/wp\/v2\/media?parent=7744"}],"wp:term":[{"taxonomy":"category","embeddable":true,"href":"https:\/\/www.immobilienbusiness.ch\/fr\/wp-json\/wp\/v2\/categories?post=7744"},{"taxonomy":"post_tag","embeddable":true,"href":"https:\/\/www.immobilienbusiness.ch\/fr\/wp-json\/wp\/v2\/tags?post=7744"}],"curies":[{"name":"wp","href":"https:\/\/api.w.org\/{rel}","templated":true}]}}