{"id":7736,"date":"2017-05-24T08:51:19","date_gmt":"2017-05-24T06:51:19","guid":{"rendered":"https:\/\/www.immobilienbusiness.ch\/?p=7736"},"modified":"2017-05-24T08:51:19","modified_gmt":"2017-05-24T06:51:19","slug":"basel-stadt-will-verdichtung-foerdern","status":"publish","type":"post","link":"https:\/\/www.immobilienbusiness.ch\/fr\/regionen\/2017-05-24\/basel-stadt-will-verdichtung-foerdern\/","title":{"rendered":"B\u00e2le : la ville veut encourager la densification"},"content":{"rendered":"<figure id=\"attachment_7737\" aria-describedby=\"caption-attachment-7737\" style=\"width: 680px\" class=\"wp-caption alignnone\"><img loading=\"lazy\" decoding=\"async\" class=\"size-medium wp-image-7737\" src=\"https:\/\/www.immobilienbusiness.ch\/wp-content\/uploads\/2017\/05\/Depositphotos_147555719_m-2015.jpg\" alt=\"\" width=\"680\" height=\"291\" srcset=\"https:\/\/www.immobilienbusiness.ch\/wp-content\/uploads\/2017\/05\/Depositphotos_147555719_m-2015.jpg 999w, https:\/\/www.immobilienbusiness.ch\/wp-content\/uploads\/2017\/05\/Depositphotos_147555719_m-2015-300x129.jpg 300w, https:\/\/www.immobilienbusiness.ch\/wp-content\/uploads\/2017\/05\/Depositphotos_147555719_m-2015-768x329.jpg 768w, https:\/\/www.immobilienbusiness.ch\/wp-content\/uploads\/2017\/05\/Depositphotos_147555719_m-2015-16x7.jpg 16w, https:\/\/www.immobilienbusiness.ch\/wp-content\/uploads\/2017\/05\/Depositphotos_147555719_m-2015-375x161.jpg 375w, https:\/\/www.immobilienbusiness.ch\/wp-content\/uploads\/2017\/05\/Depositphotos_147555719_m-2015-760x326.jpg 760w, https:\/\/www.immobilienbusiness.ch\/wp-content\/uploads\/2017\/05\/Depositphotos_147555719_m-2015-920x394.jpg 920w\" sizes=\"auto, (max-width: 680px) 100vw, 680px\" \/><figcaption id=\"caption-attachment-7737\" class=\"wp-caption-text\">B\u00e2le doit \u00eatre densifi\u00e9e (photo : bloodua - depositphotos)<\/figcaption><\/figure>\n<p>Il s'agit concr\u00e8tement de la mise \u00e0 l'enqu\u00eate publique de la deuxi\u00e8me partie de la r\u00e9vision du plan de zone de B\u00e2le. L'accent est mis sur les mesures de densification et de renforcement du d\u00e9veloppement interne, avec un potentiel th\u00e9orique \u00e0 long terme de logements pouvant accueillir jusqu'\u00e0 5.000 habitants suppl\u00e9mentaires et environ 700 nouveaux emplois.<\/p>\n<p>Comme le fait savoir le D\u00e9partement des travaux publics et des transports, le nombre d'habitants de B\u00e2le a augment\u00e9 d'environ 10 000 au cours des dix derni\u00e8res ann\u00e9es, et le nombre d'emplois a m\u00eame augment\u00e9 d'environ 20 000. Au vu de la forte croissance \u00e9conomique, le besoin en nouveaux logements reste tr\u00e8s important dans un avenir pr\u00e9visible. Et ce d'autant plus que des potentiels de d\u00e9veloppement plus importants se profilent \u00e0 l'avenir pour de nouveaux emplois que pour de nouveaux logements.<\/p>\n<p>Alors que la premi\u00e8re partie de la r\u00e9vision du plan de zones comprend les d\u00e9veloppements p\u00e9riurbains et les grands d\u00e9veloppements de sites en cours - par exemple le d\u00e9veloppement portuaire et urbain de Kleinh\u00fcningen-Klybeck, Volta Nord ou le site Felix Platter -, la deuxi\u00e8me partie de la r\u00e9vision du plan de zones porte sur les mesures de d\u00e9veloppement interne.<\/p>\n<h2>Propositions pour une plus grande densification de B\u00e2le<\/h2>\n<p>Les propositions de nouvelles possibilit\u00e9s de densification comprennent des surzonages permettant un plus grand nombre d'\u00e9tages et quelques modifications de plans d'urbanisme en faveur d'une plus grande marge de man\u0153uvre en mati\u00e8re de densit\u00e9.<\/p>\n<p>Les mesures se concentrent sur les zones situ\u00e9es en dehors des quartiers d\u00e9j\u00e0 tr\u00e8s denses, avec des parcelles de taille appropri\u00e9e et des espaces de cour ou de rue suffisamment grands. Les zones abritant des sites d'une valeur particuli\u00e8re ou des fonctions de mise en r\u00e9seau de l'espace naturel ne doivent pas \u00eatre affect\u00e9es et les diff\u00e9rentes qualit\u00e9s des quartiers doivent \u00eatre pr\u00e9serv\u00e9es, explique-t-on au D\u00e9partement des travaux publics et des transports.<\/p>\n<p>Les mesures propos\u00e9es cr\u00e9eraient un potentiel th\u00e9orique \u00e0 long terme pour environ 5 000 habitants suppl\u00e9mentaires ainsi que pour environ 700 emplois. Comme il ne s'agit pas de grands d\u00e9veloppements de sites, le D\u00e9partement des travaux publics et des transports s'attend \u00e0 ce que les potentiels mentionn\u00e9s ne se r\u00e9alisent que lentement et progressivement. L'autorit\u00e9 part du principe que cette partie de la r\u00e9vision du plan de zone permettrait de cr\u00e9er d'ici 2035 des logements pour environ 2.000 personnes selon les estimations et de l'espace pour environ 300 emplois.<\/p>\n<p>Apr\u00e8s la cl\u00f4ture de la mise \u00e0 l'enqu\u00eate publique des plans, les \u00e9ventuelles suggestions et oppositions seront trait\u00e9es \u00e0 l'automne par le bureau de planification. Vers la fin de l'ann\u00e9e 2017\/2018, un projet de loi contenant les propositions mises au point devrait \u00eatre transmis au Grand Conseil.<\/p>","protected":false},"excerpt":{"rendered":"<p>Le nombre d'habitants de B\u00e2le ne cesse d'augmenter, et avec lui le besoin de logements. Le d\u00e9partement des travaux publics et des transports a donc d\u00e9velopp\u00e9 des modifications du plan de zone qui seront mises \u00e0 l'enqu\u00eate publique \u00e0 partir du 30 mai.<\/p>","protected":false},"author":3,"featured_media":7737,"comment_status":"open","ping_status":"open","sticky":false,"template":"","format":"standard","meta":{"_acf_changed":false,"_yoast_wpseo_focuskw":"Basel","_yoast_wpseo_title":"","_yoast_wpseo_metadesc":"Die Zahl der Einwohner Basels steigt unaufh\u00f6rlich, und damit auch der Bedarf an Wohnraum. Das Baudepartement hat daher \u00c4nderungen des Zonenplans entwickelt.","_yoast_wpseo_linkdex":80,"pgc_sgb_lightbox_settings":"","footnotes":""},"categories":[985],"tags":[1069,1629,1724,1824],"class_list":["post-7736","post","type-post","status-publish","format-standard","has-post-thumbnail","hentry","category-regionen","tag-basel","tag-regionen","tag-stadtentwicklung","tag-verdichtung"],"acf":[],"yoast_head":"<!-- This site is optimized with the Yoast SEO plugin v27.4 - https:\/\/yoast.com\/product\/yoast-seo-wordpress\/ -->\n<title>Basel: Stadt will Verdichtung f\u00f6rdern - IMMOBILIEN Business<\/title>\n<meta name=\"description\" content=\"Die Zahl der Einwohner Basels steigt unaufh\u00f6rlich, und damit auch der Bedarf an Wohnraum. Das Baudepartement hat daher \u00c4nderungen des Zonenplans entwickelt.\" \/>\n<meta name=\"robots\" content=\"index, follow, max-snippet:-1, max-image-preview:large, max-video-preview:-1\" \/>\n<link rel=\"canonical\" href=\"https:\/\/www.immobilienbusiness.ch\/fr\/regionen\/2017-05-24\/basel-stadt-will-verdichtung-foerdern\/\" \/>\n<meta property=\"og:locale\" content=\"fr_FR\" \/>\n<meta property=\"og:type\" content=\"article\" \/>\n<meta property=\"og:title\" content=\"Basel: Pl\u00e4ne f\u00fcr weiteres Wachstum\" \/>\n<meta property=\"og:description\" content=\"Die Zahl der Einwohner Basels steigt unaufh\u00f6rlich, und damit auch der Bedarf an Wohnraum. Das Baudepartement hat daher \u00c4nderungen des Zonenplans entwickelt.\" \/>\n<meta property=\"og:url\" content=\"https:\/\/www.immobilienbusiness.ch\/fr\/regionen\/2017-05-24\/basel-stadt-will-verdichtung-foerdern\/\" \/>\n<meta property=\"og:site_name\" content=\"IMMOBILIEN Business\" \/>\n<meta property=\"article:publisher\" content=\"https:\/\/www.facebook.com\/immobilienbusiness\/\" \/>\n<meta property=\"article:published_time\" content=\"2017-05-24T06:51:19+00:00\" \/>\n<meta property=\"og:image\" content=\"https:\/\/www.immobilienbusiness.ch\/wp-content\/uploads\/2017\/05\/Depositphotos_147555719_m-2015.jpg\" \/>\n\t<meta property=\"og:image:width\" content=\"999\" \/>\n\t<meta property=\"og:image:height\" content=\"428\" \/>\n\t<meta property=\"og:image:type\" content=\"image\/jpeg\" \/>\n<meta name=\"author\" content=\"anja.hall\" \/>\n<meta name=\"twitter:card\" content=\"summary_large_image\" \/>\n<meta name=\"twitter:title\" content=\"Basel: Pl\u00e4ne f\u00fcr weiteres Wachstum\" \/>\n<meta name=\"twitter:description\" content=\"Die Zahl der Einwohner Basels steigt unaufh\u00f6rlich, und damit auch der Bedarf an Wohnraum. Das Baudepartement hat daher \u00c4nderungen des Zonenplans entwickelt.\" \/>\n<meta name=\"twitter:image\" content=\"https:\/\/www.immobilienbusiness.ch\/wp-content\/uploads\/2017\/05\/Depositphotos_147555719_m-2015.jpg\" \/>\n<script type=\"application\/ld+json\" class=\"yoast-schema-graph\">{\"@context\":\"https:\\\/\\\/schema.org\",\"@graph\":[{\"@type\":\"Article\",\"@id\":\"https:\\\/\\\/www.immobilienbusiness.ch\\\/regionen\\\/2017-05-24\\\/basel-stadt-will-verdichtung-foerdern\\\/#article\",\"isPartOf\":{\"@id\":\"https:\\\/\\\/www.immobilienbusiness.ch\\\/regionen\\\/2017-05-24\\\/basel-stadt-will-verdichtung-foerdern\\\/\"},\"author\":{\"name\":\"anja.hall\",\"@id\":\"https:\\\/\\\/www.immobilienbusiness.ch\\\/#\\\/schema\\\/person\\\/3fc036297b10b9f42d6db5ee932af8c8\"},\"headline\":\"Basel: Stadt will Verdichtung f\u00f6rdern\",\"datePublished\":\"2017-05-24T06:51:19+00:00\",\"mainEntityOfPage\":{\"@id\":\"https:\\\/\\\/www.immobilienbusiness.ch\\\/regionen\\\/2017-05-24\\\/basel-stadt-will-verdichtung-foerdern\\\/\"},\"wordCount\":361,\"commentCount\":0,\"publisher\":{\"@id\":\"https:\\\/\\\/www.immobilienbusiness.ch\\\/#organization\"},\"image\":{\"@id\":\"https:\\\/\\\/www.immobilienbusiness.ch\\\/regionen\\\/2017-05-24\\\/basel-stadt-will-verdichtung-foerdern\\\/#primaryimage\"},\"thumbnailUrl\":\"https:\\\/\\\/www.immobilienbusiness.ch\\\/wp-content\\\/uploads\\\/2017\\\/05\\\/Depositphotos_147555719_m-2015.jpg\",\"keywords\":[\"Basel\",\"Regionen\",\"Stadtentwicklung\",\"Verdichtung\"],\"articleSection\":[\"REGIONEN\"],\"inLanguage\":\"fr-FR\"},{\"@type\":\"WebPage\",\"@id\":\"https:\\\/\\\/www.immobilienbusiness.ch\\\/regionen\\\/2017-05-24\\\/basel-stadt-will-verdichtung-foerdern\\\/\",\"url\":\"https:\\\/\\\/www.immobilienbusiness.ch\\\/regionen\\\/2017-05-24\\\/basel-stadt-will-verdichtung-foerdern\\\/\",\"name\":\"Basel: Stadt will Verdichtung f\u00f6rdern - IMMOBILIEN Business\",\"isPartOf\":{\"@id\":\"https:\\\/\\\/www.immobilienbusiness.ch\\\/#website\"},\"primaryImageOfPage\":{\"@id\":\"https:\\\/\\\/www.immobilienbusiness.ch\\\/regionen\\\/2017-05-24\\\/basel-stadt-will-verdichtung-foerdern\\\/#primaryimage\"},\"image\":{\"@id\":\"https:\\\/\\\/www.immobilienbusiness.ch\\\/regionen\\\/2017-05-24\\\/basel-stadt-will-verdichtung-foerdern\\\/#primaryimage\"},\"thumbnailUrl\":\"https:\\\/\\\/www.immobilienbusiness.ch\\\/wp-content\\\/uploads\\\/2017\\\/05\\\/Depositphotos_147555719_m-2015.jpg\",\"datePublished\":\"2017-05-24T06:51:19+00:00\",\"description\":\"Die Zahl der Einwohner Basels steigt unaufh\u00f6rlich, und damit auch der Bedarf an Wohnraum. Das Baudepartement hat daher \u00c4nderungen des Zonenplans entwickelt.\",\"breadcrumb\":{\"@id\":\"https:\\\/\\\/www.immobilienbusiness.ch\\\/regionen\\\/2017-05-24\\\/basel-stadt-will-verdichtung-foerdern\\\/#breadcrumb\"},\"inLanguage\":\"fr-FR\",\"potentialAction\":[{\"@type\":\"ReadAction\",\"target\":[\"https:\\\/\\\/www.immobilienbusiness.ch\\\/regionen\\\/2017-05-24\\\/basel-stadt-will-verdichtung-foerdern\\\/\"]}]},{\"@type\":\"ImageObject\",\"inLanguage\":\"fr-FR\",\"@id\":\"https:\\\/\\\/www.immobilienbusiness.ch\\\/regionen\\\/2017-05-24\\\/basel-stadt-will-verdichtung-foerdern\\\/#primaryimage\",\"url\":\"https:\\\/\\\/www.immobilienbusiness.ch\\\/wp-content\\\/uploads\\\/2017\\\/05\\\/Depositphotos_147555719_m-2015.jpg\",\"contentUrl\":\"https:\\\/\\\/www.immobilienbusiness.ch\\\/wp-content\\\/uploads\\\/2017\\\/05\\\/Depositphotos_147555719_m-2015.jpg\",\"width\":999,\"height\":428,\"caption\":\"Basel soll verdichtet werden (Foto: bloodua - depositphotos)\"},{\"@type\":\"BreadcrumbList\",\"@id\":\"https:\\\/\\\/www.immobilienbusiness.ch\\\/regionen\\\/2017-05-24\\\/basel-stadt-will-verdichtung-foerdern\\\/#breadcrumb\",\"itemListElement\":[{\"@type\":\"ListItem\",\"position\":1,\"name\":\"Home\",\"item\":\"https:\\\/\\\/www.immobilienbusiness.ch\\\/\"},{\"@type\":\"ListItem\",\"position\":2,\"name\":\"Basel: Stadt will Verdichtung f\u00f6rdern\"}]},{\"@type\":\"WebSite\",\"@id\":\"https:\\\/\\\/www.immobilienbusiness.ch\\\/#website\",\"url\":\"https:\\\/\\\/www.immobilienbusiness.ch\\\/\",\"name\":\"IMMOBILIEN Business\",\"description\":\"Unabh\u00e4ngiges Schweizer Wirtschaftsmagazin mit Fokus auf Immobilien, Architektur- und Bau sowie Investment- und Finanzierung.\",\"publisher\":{\"@id\":\"https:\\\/\\\/www.immobilienbusiness.ch\\\/#organization\"},\"potentialAction\":[{\"@type\":\"SearchAction\",\"target\":{\"@type\":\"EntryPoint\",\"urlTemplate\":\"https:\\\/\\\/www.immobilienbusiness.ch\\\/?s={search_term_string}\"},\"query-input\":{\"@type\":\"PropertyValueSpecification\",\"valueRequired\":true,\"valueName\":\"search_term_string\"}}],\"inLanguage\":\"fr-FR\"},{\"@type\":\"Organization\",\"@id\":\"https:\\\/\\\/www.immobilienbusiness.ch\\\/#organization\",\"name\":\"IMMOBILIEN Business\",\"url\":\"https:\\\/\\\/www.immobilienbusiness.ch\\\/\",\"logo\":{\"@type\":\"ImageObject\",\"inLanguage\":\"fr-FR\",\"@id\":\"https:\\\/\\\/www.immobilienbusiness.ch\\\/#\\\/schema\\\/logo\\\/image\\\/\",\"url\":\"https:\\\/\\\/www.immobilienbusiness.ch\\\/wp-content\\\/uploads\\\/2021\\\/07\\\/logo_ib.png\",\"contentUrl\":\"https:\\\/\\\/www.immobilienbusiness.ch\\\/wp-content\\\/uploads\\\/2021\\\/07\\\/logo_ib.png\",\"width\":800,\"height\":181,\"caption\":\"IMMOBILIEN Business\"},\"image\":{\"@id\":\"https:\\\/\\\/www.immobilienbusiness.ch\\\/#\\\/schema\\\/logo\\\/image\\\/\"},\"sameAs\":[\"https:\\\/\\\/www.facebook.com\\\/immobilienbusiness\\\/\"]},{\"@type\":\"Person\",\"@id\":\"https:\\\/\\\/www.immobilienbusiness.ch\\\/#\\\/schema\\\/person\\\/3fc036297b10b9f42d6db5ee932af8c8\",\"name\":\"anja.hall\",\"image\":{\"@type\":\"ImageObject\",\"inLanguage\":\"fr-FR\",\"@id\":\"https:\\\/\\\/secure.gravatar.com\\\/avatar\\\/066b5a0d447013502c71a5782f4f3469f03cfe595cc2329fb94652fe47511bfb?s=96&d=mm&r=g\",\"url\":\"https:\\\/\\\/secure.gravatar.com\\\/avatar\\\/066b5a0d447013502c71a5782f4f3469f03cfe595cc2329fb94652fe47511bfb?s=96&d=mm&r=g\",\"contentUrl\":\"https:\\\/\\\/secure.gravatar.com\\\/avatar\\\/066b5a0d447013502c71a5782f4f3469f03cfe595cc2329fb94652fe47511bfb?s=96&d=mm&r=g\",\"caption\":\"anja.hall\"},\"url\":\"https:\\\/\\\/www.immobilienbusiness.ch\\\/fr\\\/author\\\/anja-hall\\\/\"}]}<\/script>\n<!-- \/ Yoast SEO plugin. -->","yoast_head_json":{"title":"Basel: Stadt will Verdichtung f\u00f6rdern - IMMOBILIEN Business","description":"Die Zahl der Einwohner Basels steigt unaufh\u00f6rlich, und damit auch der Bedarf an Wohnraum. Das Baudepartement hat daher \u00c4nderungen des Zonenplans entwickelt.","robots":{"index":"index","follow":"follow","max-snippet":"max-snippet:-1","max-image-preview":"max-image-preview:large","max-video-preview":"max-video-preview:-1"},"canonical":"https:\/\/www.immobilienbusiness.ch\/fr\/regionen\/2017-05-24\/basel-stadt-will-verdichtung-foerdern\/","og_locale":"fr_FR","og_type":"article","og_title":"Basel: Pl\u00e4ne f\u00fcr weiteres Wachstum","og_description":"Die Zahl der Einwohner Basels steigt unaufh\u00f6rlich, und damit auch der Bedarf an Wohnraum. Das Baudepartement hat daher \u00c4nderungen des Zonenplans entwickelt.","og_url":"https:\/\/www.immobilienbusiness.ch\/fr\/regionen\/2017-05-24\/basel-stadt-will-verdichtung-foerdern\/","og_site_name":"IMMOBILIEN Business","article_publisher":"https:\/\/www.facebook.com\/immobilienbusiness\/","article_published_time":"2017-05-24T06:51:19+00:00","og_image":[{"width":999,"height":428,"url":"https:\/\/www.immobilienbusiness.ch\/wp-content\/uploads\/2017\/05\/Depositphotos_147555719_m-2015.jpg","type":"image\/jpeg"}],"author":"anja.hall","twitter_card":"summary_large_image","twitter_title":"Basel: Pl\u00e4ne f\u00fcr weiteres Wachstum","twitter_description":"Die Zahl der Einwohner Basels steigt unaufh\u00f6rlich, und damit auch der Bedarf an Wohnraum. Das Baudepartement hat daher \u00c4nderungen des Zonenplans entwickelt.","twitter_image":"https:\/\/www.immobilienbusiness.ch\/wp-content\/uploads\/2017\/05\/Depositphotos_147555719_m-2015.jpg","schema":{"@context":"https:\/\/schema.org","@graph":[{"@type":"Article","@id":"https:\/\/www.immobilienbusiness.ch\/regionen\/2017-05-24\/basel-stadt-will-verdichtung-foerdern\/#article","isPartOf":{"@id":"https:\/\/www.immobilienbusiness.ch\/regionen\/2017-05-24\/basel-stadt-will-verdichtung-foerdern\/"},"author":{"name":"anja.hall","@id":"https:\/\/www.immobilienbusiness.ch\/#\/schema\/person\/3fc036297b10b9f42d6db5ee932af8c8"},"headline":"Basel: Stadt will Verdichtung f\u00f6rdern","datePublished":"2017-05-24T06:51:19+00:00","mainEntityOfPage":{"@id":"https:\/\/www.immobilienbusiness.ch\/regionen\/2017-05-24\/basel-stadt-will-verdichtung-foerdern\/"},"wordCount":361,"commentCount":0,"publisher":{"@id":"https:\/\/www.immobilienbusiness.ch\/#organization"},"image":{"@id":"https:\/\/www.immobilienbusiness.ch\/regionen\/2017-05-24\/basel-stadt-will-verdichtung-foerdern\/#primaryimage"},"thumbnailUrl":"https:\/\/www.immobilienbusiness.ch\/wp-content\/uploads\/2017\/05\/Depositphotos_147555719_m-2015.jpg","keywords":["Basel","Regionen","Stadtentwicklung","Verdichtung"],"articleSection":["REGIONEN"],"inLanguage":"fr-FR"},{"@type":"WebPage","@id":"https:\/\/www.immobilienbusiness.ch\/regionen\/2017-05-24\/basel-stadt-will-verdichtung-foerdern\/","url":"https:\/\/www.immobilienbusiness.ch\/regionen\/2017-05-24\/basel-stadt-will-verdichtung-foerdern\/","name":"Basel: Stadt will Verdichtung f\u00f6rdern - IMMOBILIEN Business","isPartOf":{"@id":"https:\/\/www.immobilienbusiness.ch\/#website"},"primaryImageOfPage":{"@id":"https:\/\/www.immobilienbusiness.ch\/regionen\/2017-05-24\/basel-stadt-will-verdichtung-foerdern\/#primaryimage"},"image":{"@id":"https:\/\/www.immobilienbusiness.ch\/regionen\/2017-05-24\/basel-stadt-will-verdichtung-foerdern\/#primaryimage"},"thumbnailUrl":"https:\/\/www.immobilienbusiness.ch\/wp-content\/uploads\/2017\/05\/Depositphotos_147555719_m-2015.jpg","datePublished":"2017-05-24T06:51:19+00:00","description":"Die Zahl der Einwohner Basels steigt unaufh\u00f6rlich, und damit auch der Bedarf an Wohnraum. Das Baudepartement hat daher \u00c4nderungen des Zonenplans entwickelt.","breadcrumb":{"@id":"https:\/\/www.immobilienbusiness.ch\/regionen\/2017-05-24\/basel-stadt-will-verdichtung-foerdern\/#breadcrumb"},"inLanguage":"fr-FR","potentialAction":[{"@type":"ReadAction","target":["https:\/\/www.immobilienbusiness.ch\/regionen\/2017-05-24\/basel-stadt-will-verdichtung-foerdern\/"]}]},{"@type":"ImageObject","inLanguage":"fr-FR","@id":"https:\/\/www.immobilienbusiness.ch\/regionen\/2017-05-24\/basel-stadt-will-verdichtung-foerdern\/#primaryimage","url":"https:\/\/www.immobilienbusiness.ch\/wp-content\/uploads\/2017\/05\/Depositphotos_147555719_m-2015.jpg","contentUrl":"https:\/\/www.immobilienbusiness.ch\/wp-content\/uploads\/2017\/05\/Depositphotos_147555719_m-2015.jpg","width":999,"height":428,"caption":"Basel soll verdichtet werden (Foto: bloodua - depositphotos)"},{"@type":"BreadcrumbList","@id":"https:\/\/www.immobilienbusiness.ch\/regionen\/2017-05-24\/basel-stadt-will-verdichtung-foerdern\/#breadcrumb","itemListElement":[{"@type":"ListItem","position":1,"name":"Home","item":"https:\/\/www.immobilienbusiness.ch\/"},{"@type":"ListItem","position":2,"name":"Basel: Stadt will Verdichtung f\u00f6rdern"}]},{"@type":"WebSite","@id":"https:\/\/www.immobilienbusiness.ch\/#website","url":"https:\/\/www.immobilienbusiness.ch\/","name":"IMMOBILIER Business","description":"Magazine \u00e9conomique suisse ind\u00e9pendant ax\u00e9 sur l'immobilier, l'architecture et la construction ainsi que sur les investissements et le financement.","publisher":{"@id":"https:\/\/www.immobilienbusiness.ch\/#organization"},"potentialAction":[{"@type":"SearchAction","target":{"@type":"EntryPoint","urlTemplate":"https:\/\/www.immobilienbusiness.ch\/?s={search_term_string}"},"query-input":{"@type":"PropertyValueSpecification","valueRequired":true,"valueName":"search_term_string"}}],"inLanguage":"fr-FR"},{"@type":"Organization","@id":"https:\/\/www.immobilienbusiness.ch\/#organization","name":"IMMOBILIER Business","url":"https:\/\/www.immobilienbusiness.ch\/","logo":{"@type":"ImageObject","inLanguage":"fr-FR","@id":"https:\/\/www.immobilienbusiness.ch\/#\/schema\/logo\/image\/","url":"https:\/\/www.immobilienbusiness.ch\/wp-content\/uploads\/2021\/07\/logo_ib.png","contentUrl":"https:\/\/www.immobilienbusiness.ch\/wp-content\/uploads\/2021\/07\/logo_ib.png","width":800,"height":181,"caption":"IMMOBILIEN Business"},"image":{"@id":"https:\/\/www.immobilienbusiness.ch\/#\/schema\/logo\/image\/"},"sameAs":["https:\/\/www.facebook.com\/immobilienbusiness\/"]},{"@type":"Person","@id":"https:\/\/www.immobilienbusiness.ch\/#\/schema\/person\/3fc036297b10b9f42d6db5ee932af8c8","name":"anja.hall","image":{"@type":"ImageObject","inLanguage":"fr-FR","@id":"https:\/\/secure.gravatar.com\/avatar\/066b5a0d447013502c71a5782f4f3469f03cfe595cc2329fb94652fe47511bfb?s=96&d=mm&r=g","url":"https:\/\/secure.gravatar.com\/avatar\/066b5a0d447013502c71a5782f4f3469f03cfe595cc2329fb94652fe47511bfb?s=96&d=mm&r=g","contentUrl":"https:\/\/secure.gravatar.com\/avatar\/066b5a0d447013502c71a5782f4f3469f03cfe595cc2329fb94652fe47511bfb?s=96&d=mm&r=g","caption":"anja.hall"},"url":"https:\/\/www.immobilienbusiness.ch\/fr\/author\/anja-hall\/"}]}},"_links":{"self":[{"href":"https:\/\/www.immobilienbusiness.ch\/fr\/wp-json\/wp\/v2\/posts\/7736","targetHints":{"allow":["GET"]}}],"collection":[{"href":"https:\/\/www.immobilienbusiness.ch\/fr\/wp-json\/wp\/v2\/posts"}],"about":[{"href":"https:\/\/www.immobilienbusiness.ch\/fr\/wp-json\/wp\/v2\/types\/post"}],"author":[{"embeddable":true,"href":"https:\/\/www.immobilienbusiness.ch\/fr\/wp-json\/wp\/v2\/users\/3"}],"replies":[{"embeddable":true,"href":"https:\/\/www.immobilienbusiness.ch\/fr\/wp-json\/wp\/v2\/comments?post=7736"}],"version-history":[{"count":0,"href":"https:\/\/www.immobilienbusiness.ch\/fr\/wp-json\/wp\/v2\/posts\/7736\/revisions"}],"wp:featuredmedia":[{"embeddable":true,"href":"https:\/\/www.immobilienbusiness.ch\/fr\/wp-json\/wp\/v2\/media\/7737"}],"wp:attachment":[{"href":"https:\/\/www.immobilienbusiness.ch\/fr\/wp-json\/wp\/v2\/media?parent=7736"}],"wp:term":[{"taxonomy":"category","embeddable":true,"href":"https:\/\/www.immobilienbusiness.ch\/fr\/wp-json\/wp\/v2\/categories?post=7736"},{"taxonomy":"post_tag","embeddable":true,"href":"https:\/\/www.immobilienbusiness.ch\/fr\/wp-json\/wp\/v2\/tags?post=7736"}],"curies":[{"name":"wp","href":"https:\/\/api.w.org\/{rel}","templated":true}]}}