{"id":7700,"date":"2017-05-22T08:43:17","date_gmt":"2017-05-22T06:43:17","guid":{"rendered":"https:\/\/www.immobilienbusiness.ch\/?p=7700"},"modified":"2017-05-22T08:43:17","modified_gmt":"2017-05-22T06:43:17","slug":"kanton-fribourg-freiburg-schafft-einen-fonds-fuer-landerwerb","status":"publish","type":"post","link":"https:\/\/www.immobilienbusiness.ch\/fr\/regionen\/2017-05-22\/kanton-fribourg-freiburg-schafft-einen-fonds-fuer-landerwerb\/","title":{"rendered":"Fribourg : Le canton cr\u00e9e un fonds pour l'acquisition de terrains"},"content":{"rendered":"<figure id=\"attachment_5420\" aria-describedby=\"caption-attachment-5420\" style=\"width: 680px\" class=\"wp-caption alignnone\"><img loading=\"lazy\" decoding=\"async\" class=\"size-medium wp-image-5420\" src=\"https:\/\/www.immobilienbusiness.ch\/wp-content\/uploads\/2016\/12\/Depositphotos_38728113_original.jpg\" alt=\"\" width=\"680\" height=\"454\" srcset=\"https:\/\/www.immobilienbusiness.ch\/wp-content\/uploads\/2016\/12\/Depositphotos_38728113_original.jpg 2560w, https:\/\/www.immobilienbusiness.ch\/wp-content\/uploads\/2016\/12\/Depositphotos_38728113_original-300x200.jpg 300w, https:\/\/www.immobilienbusiness.ch\/wp-content\/uploads\/2016\/12\/Depositphotos_38728113_original-1024x684.jpg 1024w, https:\/\/www.immobilienbusiness.ch\/wp-content\/uploads\/2016\/12\/Depositphotos_38728113_original-768x513.jpg 768w, https:\/\/www.immobilienbusiness.ch\/wp-content\/uploads\/2016\/12\/Depositphotos_38728113_original-1536x1025.jpg 1536w, https:\/\/www.immobilienbusiness.ch\/wp-content\/uploads\/2016\/12\/Depositphotos_38728113_original-2048x1367.jpg 2048w, https:\/\/www.immobilienbusiness.ch\/wp-content\/uploads\/2016\/12\/Depositphotos_38728113_original-16x12.jpg 16w, https:\/\/www.immobilienbusiness.ch\/wp-content\/uploads\/2016\/12\/Depositphotos_38728113_original-262x175.jpg 262w, https:\/\/www.immobilienbusiness.ch\/wp-content\/uploads\/2016\/12\/Depositphotos_38728113_original-524x350.jpg 524w, https:\/\/www.immobilienbusiness.ch\/wp-content\/uploads\/2016\/12\/Depositphotos_38728113_original-1198x800.jpg 1198w, https:\/\/www.immobilienbusiness.ch\/wp-content\/uploads\/2016\/12\/Depositphotos_38728113_original-920x614.jpg 920w, https:\/\/www.immobilienbusiness.ch\/wp-content\/uploads\/2016\/12\/Depositphotos_38728113_original-1400x935.jpg 1400w\" sizes=\"auto, (max-width: 680px) 100vw, 680px\" \/><figcaption id=\"caption-attachment-5420\" class=\"wp-caption-text\">Le canton de Fribourg veut mener une politique fonci\u00e8re active ; un fonds sera cr\u00e9\u00e9 \u00e0 cet effet. (Image : depositphotos)<\/figcaption><\/figure>\n<p>Comment le\u00a0<em>Radio et t\u00e9l\u00e9vision suisse SRF<\/em>\u00a0Le Grand Conseil du canton de Fribourg a approuv\u00e9 une proposition du gouvernement allant dans ce sens. Le fonds serait initialement dot\u00e9 de 100 millions de CHF, mais pourrait \u00eatre augment\u00e9 ult\u00e9rieurement.<\/p>\n<p>Avec cet argent, le gouvernement cantonal veut acheter des terrains pour les proposer ensuite \u00e0 des entreprises d\u00e9sireuses de s'y installer. Les autorit\u00e9s fribourgeoises esp\u00e8rent en tirer des avantages en mati\u00e8re de promotion \u00e9conomique.<\/p>\n<p>Une grande partie des 100 millions a d\u00e9j\u00e0 \u00e9t\u00e9 d\u00e9pens\u00e9e : Pour 20 millions, le canton a <a href=\"https:\/\/www.immobilienbusiness.ch\/fr\/kanton-freiburg-kauft-erneut-industrie-areale\/\">acquis aupr\u00e8s de l'entreprise am\u00e9ricaine Elanco le site de l'ancien centre de recherche de St-Aubin et des terrains \u00e0 Marly<\/a>. En automne dernier, le canton a en outre <a href=\"https:\/\/www.immobilienbusiness.ch\/fr\/romont-kanton-erwirbt-tetra-pak-areal\/?_ga=2.195466671.2090270938.1495434994-2129461814.1455554791\">le site Tetra-Pak \u00e0 Romont s\u00e9curis\u00e9<\/a>Le prix d'achat s'\u00e9levait \u00e0 21 millions de francs suisses, selon des informations publi\u00e9es pr\u00e9c\u00e9demment dans les m\u00e9dias.<\/p>","protected":false},"excerpt":{"rendered":"<p>Selon un reportage de la SRF, le canton de Fribourg met en place un fonds de 100 millions de CHF qui lui permettra d'acqu\u00e9rir des terrains industriels. <\/p>","protected":false},"author":3,"featured_media":5420,"comment_status":"open","ping_status":"open","sticky":false,"template":"","format":"standard","meta":{"_acf_changed":false,"_yoast_wpseo_focuskw":"Freiburg","_yoast_wpseo_title":"","_yoast_wpseo_metadesc":"Laut einem SRF-Bericht schafft der Kanton Freiburg einen Fonds f\u00fcr Landerwerb. Er wird mit 100 Millionen CHF ausgestattet.","_yoast_wpseo_linkdex":69,"pgc_sgb_lightbox_settings":"","footnotes":""},"categories":[985],"tags":[1205,1579,1629],"class_list":["post-7700","post","type-post","status-publish","format-standard","has-post-thumbnail","hentry","category-regionen","tag-espace-mittelland","tag-politik","tag-regionen"],"acf":[],"yoast_head":"<!-- This site is optimized with the Yoast SEO plugin v27.5 - https:\/\/yoast.com\/product\/yoast-seo-wordpress\/ -->\n<title>Freiburg: Kanton schafft Fonds f\u00fcr Landerwerb - IMMOBILIEN Business<\/title>\n<meta name=\"description\" content=\"Laut einem SRF-Bericht schafft der Kanton Freiburg einen Fonds f\u00fcr Landerwerb. Er wird mit 100 Millionen CHF ausgestattet.\" \/>\n<meta name=\"robots\" content=\"index, follow, max-snippet:-1, max-image-preview:large, max-video-preview:-1\" \/>\n<link rel=\"canonical\" href=\"https:\/\/www.immobilienbusiness.ch\/fr\/regionen\/2017-05-22\/kanton-fribourg-freiburg-schafft-einen-fonds-fuer-landerwerb\/\" \/>\n<meta property=\"og:locale\" content=\"fr_FR\" \/>\n<meta property=\"og:type\" content=\"article\" \/>\n<meta property=\"og:title\" content=\"Freiburg: Kanton schafft Fonds f\u00fcr Landerwerb\" \/>\n<meta property=\"og:description\" content=\"Laut einem SRF-Bericht richtet der Kanton Freiburg einen 100 Millionen CHF schweren Fonds ein, mit dem er Industriegrundst\u00fccke erwerben kann.\" \/>\n<meta property=\"og:url\" content=\"https:\/\/www.immobilienbusiness.ch\/fr\/regionen\/2017-05-22\/kanton-fribourg-freiburg-schafft-einen-fonds-fuer-landerwerb\/\" \/>\n<meta property=\"og:site_name\" content=\"IMMOBILIEN Business\" \/>\n<meta property=\"article:publisher\" content=\"https:\/\/www.facebook.com\/immobilienbusiness\/\" \/>\n<meta property=\"article:published_time\" content=\"2017-05-22T06:43:17+00:00\" \/>\n<meta property=\"og:image\" content=\"https:\/\/www.immobilienbusiness.ch\/wp-content\/uploads\/2016\/12\/Depositphotos_38728113_original-1024x684.jpg\" \/>\n\t<meta property=\"og:image:width\" content=\"1024\" \/>\n\t<meta property=\"og:image:height\" content=\"684\" \/>\n\t<meta property=\"og:image:type\" content=\"image\/jpeg\" \/>\n<meta name=\"author\" content=\"anja.hall\" \/>\n<meta name=\"twitter:card\" content=\"summary_large_image\" \/>\n<meta name=\"twitter:title\" content=\"Freiburg: Kanton schafft Fonds f\u00fcr Landerwerb\" \/>\n<meta name=\"twitter:description\" content=\"Laut einem SRF-Bericht richtet der Kanton Freiburg einen 100 Millionen CHF schweren Fonds ein, mit dem er Industriegrundst\u00fccke erwerben kann.\" \/>\n<meta name=\"twitter:image\" content=\"https:\/\/www.immobilienbusiness.ch\/wp-content\/uploads\/2016\/12\/Depositphotos_38728113_original.jpg\" \/>\n<script type=\"application\/ld+json\" class=\"yoast-schema-graph\">{\"@context\":\"https:\\\/\\\/schema.org\",\"@graph\":[{\"@type\":\"Article\",\"@id\":\"https:\\\/\\\/www.immobilienbusiness.ch\\\/en\\\/regionen\\\/2017-05-22\\\/kanton-fribourg-freiburg-schafft-einen-fonds-fuer-landerwerb\\\/#article\",\"isPartOf\":{\"@id\":\"https:\\\/\\\/www.immobilienbusiness.ch\\\/en\\\/regionen\\\/2017-05-22\\\/kanton-fribourg-freiburg-schafft-einen-fonds-fuer-landerwerb\\\/\"},\"author\":{\"name\":\"anja.hall\",\"@id\":\"https:\\\/\\\/www.immobilienbusiness.ch\\\/#\\\/schema\\\/person\\\/3fc036297b10b9f42d6db5ee932af8c8\"},\"headline\":\"Freiburg: Kanton schafft Fonds f\u00fcr Landerwerb\",\"datePublished\":\"2017-05-22T06:43:17+00:00\",\"mainEntityOfPage\":{\"@id\":\"https:\\\/\\\/www.immobilienbusiness.ch\\\/en\\\/regionen\\\/2017-05-22\\\/kanton-fribourg-freiburg-schafft-einen-fonds-fuer-landerwerb\\\/\"},\"wordCount\":147,\"commentCount\":0,\"publisher\":{\"@id\":\"https:\\\/\\\/www.immobilienbusiness.ch\\\/#organization\"},\"image\":{\"@id\":\"https:\\\/\\\/www.immobilienbusiness.ch\\\/en\\\/regionen\\\/2017-05-22\\\/kanton-fribourg-freiburg-schafft-einen-fonds-fuer-landerwerb\\\/#primaryimage\"},\"thumbnailUrl\":\"https:\\\/\\\/www.immobilienbusiness.ch\\\/wp-content\\\/uploads\\\/2016\\\/12\\\/Depositphotos_38728113_original.jpg\",\"keywords\":[\"Espace Mittelland\",\"Politik\",\"Regionen\"],\"articleSection\":[\"REGIONEN\"],\"inLanguage\":\"fr-FR\"},{\"@type\":\"WebPage\",\"@id\":\"https:\\\/\\\/www.immobilienbusiness.ch\\\/en\\\/regionen\\\/2017-05-22\\\/kanton-fribourg-freiburg-schafft-einen-fonds-fuer-landerwerb\\\/\",\"url\":\"https:\\\/\\\/www.immobilienbusiness.ch\\\/en\\\/regionen\\\/2017-05-22\\\/kanton-fribourg-freiburg-schafft-einen-fonds-fuer-landerwerb\\\/\",\"name\":\"Freiburg: Kanton schafft Fonds f\u00fcr Landerwerb - IMMOBILIEN Business\",\"isPartOf\":{\"@id\":\"https:\\\/\\\/www.immobilienbusiness.ch\\\/#website\"},\"primaryImageOfPage\":{\"@id\":\"https:\\\/\\\/www.immobilienbusiness.ch\\\/en\\\/regionen\\\/2017-05-22\\\/kanton-fribourg-freiburg-schafft-einen-fonds-fuer-landerwerb\\\/#primaryimage\"},\"image\":{\"@id\":\"https:\\\/\\\/www.immobilienbusiness.ch\\\/en\\\/regionen\\\/2017-05-22\\\/kanton-fribourg-freiburg-schafft-einen-fonds-fuer-landerwerb\\\/#primaryimage\"},\"thumbnailUrl\":\"https:\\\/\\\/www.immobilienbusiness.ch\\\/wp-content\\\/uploads\\\/2016\\\/12\\\/Depositphotos_38728113_original.jpg\",\"datePublished\":\"2017-05-22T06:43:17+00:00\",\"description\":\"Laut einem SRF-Bericht schafft der Kanton Freiburg einen Fonds f\u00fcr Landerwerb. Er wird mit 100 Millionen CHF ausgestattet.\",\"breadcrumb\":{\"@id\":\"https:\\\/\\\/www.immobilienbusiness.ch\\\/en\\\/regionen\\\/2017-05-22\\\/kanton-fribourg-freiburg-schafft-einen-fonds-fuer-landerwerb\\\/#breadcrumb\"},\"inLanguage\":\"fr-FR\",\"potentialAction\":[{\"@type\":\"ReadAction\",\"target\":[\"https:\\\/\\\/www.immobilienbusiness.ch\\\/en\\\/regionen\\\/2017-05-22\\\/kanton-fribourg-freiburg-schafft-einen-fonds-fuer-landerwerb\\\/\"]}]},{\"@type\":\"ImageObject\",\"inLanguage\":\"fr-FR\",\"@id\":\"https:\\\/\\\/www.immobilienbusiness.ch\\\/en\\\/regionen\\\/2017-05-22\\\/kanton-fribourg-freiburg-schafft-einen-fonds-fuer-landerwerb\\\/#primaryimage\",\"url\":\"https:\\\/\\\/www.immobilienbusiness.ch\\\/wp-content\\\/uploads\\\/2016\\\/12\\\/Depositphotos_38728113_original.jpg\",\"contentUrl\":\"https:\\\/\\\/www.immobilienbusiness.ch\\\/wp-content\\\/uploads\\\/2016\\\/12\\\/Depositphotos_38728113_original.jpg\",\"width\":2560,\"height\":1709,\"caption\":\"Das Anlageverhalten von Institutionellen hat die Hochschule Luzern untersucht (Bild: depositphotos)\"},{\"@type\":\"BreadcrumbList\",\"@id\":\"https:\\\/\\\/www.immobilienbusiness.ch\\\/en\\\/regionen\\\/2017-05-22\\\/kanton-fribourg-freiburg-schafft-einen-fonds-fuer-landerwerb\\\/#breadcrumb\",\"itemListElement\":[{\"@type\":\"ListItem\",\"position\":1,\"name\":\"Home\",\"item\":\"https:\\\/\\\/www.immobilienbusiness.ch\\\/\"},{\"@type\":\"ListItem\",\"position\":2,\"name\":\"Freiburg: Kanton schafft Fonds f\u00fcr Landerwerb\"}]},{\"@type\":\"WebSite\",\"@id\":\"https:\\\/\\\/www.immobilienbusiness.ch\\\/#website\",\"url\":\"https:\\\/\\\/www.immobilienbusiness.ch\\\/\",\"name\":\"IMMOBILIEN Business\",\"description\":\"Unabh\u00e4ngiges Schweizer Wirtschaftsmagazin mit Fokus auf Immobilien, Architektur- und Bau sowie Investment- und Finanzierung.\",\"publisher\":{\"@id\":\"https:\\\/\\\/www.immobilienbusiness.ch\\\/#organization\"},\"potentialAction\":[{\"@type\":\"SearchAction\",\"target\":{\"@type\":\"EntryPoint\",\"urlTemplate\":\"https:\\\/\\\/www.immobilienbusiness.ch\\\/?s={search_term_string}\"},\"query-input\":{\"@type\":\"PropertyValueSpecification\",\"valueRequired\":true,\"valueName\":\"search_term_string\"}}],\"inLanguage\":\"fr-FR\"},{\"@type\":\"Organization\",\"@id\":\"https:\\\/\\\/www.immobilienbusiness.ch\\\/#organization\",\"name\":\"IMMOBILIEN Business\",\"url\":\"https:\\\/\\\/www.immobilienbusiness.ch\\\/\",\"logo\":{\"@type\":\"ImageObject\",\"inLanguage\":\"fr-FR\",\"@id\":\"https:\\\/\\\/www.immobilienbusiness.ch\\\/#\\\/schema\\\/logo\\\/image\\\/\",\"url\":\"https:\\\/\\\/www.immobilienbusiness.ch\\\/wp-content\\\/uploads\\\/2021\\\/07\\\/logo_ib.png\",\"contentUrl\":\"https:\\\/\\\/www.immobilienbusiness.ch\\\/wp-content\\\/uploads\\\/2021\\\/07\\\/logo_ib.png\",\"width\":800,\"height\":181,\"caption\":\"IMMOBILIEN Business\"},\"image\":{\"@id\":\"https:\\\/\\\/www.immobilienbusiness.ch\\\/#\\\/schema\\\/logo\\\/image\\\/\"},\"sameAs\":[\"https:\\\/\\\/www.facebook.com\\\/immobilienbusiness\\\/\"]},{\"@type\":\"Person\",\"@id\":\"https:\\\/\\\/www.immobilienbusiness.ch\\\/#\\\/schema\\\/person\\\/3fc036297b10b9f42d6db5ee932af8c8\",\"name\":\"anja.hall\",\"image\":{\"@type\":\"ImageObject\",\"inLanguage\":\"fr-FR\",\"@id\":\"https:\\\/\\\/secure.gravatar.com\\\/avatar\\\/066b5a0d447013502c71a5782f4f3469f03cfe595cc2329fb94652fe47511bfb?s=96&d=mm&r=g\",\"url\":\"https:\\\/\\\/secure.gravatar.com\\\/avatar\\\/066b5a0d447013502c71a5782f4f3469f03cfe595cc2329fb94652fe47511bfb?s=96&d=mm&r=g\",\"contentUrl\":\"https:\\\/\\\/secure.gravatar.com\\\/avatar\\\/066b5a0d447013502c71a5782f4f3469f03cfe595cc2329fb94652fe47511bfb?s=96&d=mm&r=g\",\"caption\":\"anja.hall\"},\"url\":\"https:\\\/\\\/www.immobilienbusiness.ch\\\/fr\\\/author\\\/anja-hall\\\/\"}]}<\/script>\n<!-- \/ Yoast SEO plugin. -->","yoast_head_json":{"title":"Fribourg : le canton cr\u00e9e un fonds pour l'acquisition de terrains - IMMOBILIER Business","description":"Selon un reportage de la SRF, le canton de Fribourg cr\u00e9e un fonds pour l'acquisition de terrains. Il sera dot\u00e9 de 100 millions de CHF.","robots":{"index":"index","follow":"follow","max-snippet":"max-snippet:-1","max-image-preview":"max-image-preview:large","max-video-preview":"max-video-preview:-1"},"canonical":"https:\/\/www.immobilienbusiness.ch\/fr\/regionen\/2017-05-22\/kanton-fribourg-freiburg-schafft-einen-fonds-fuer-landerwerb\/","og_locale":"fr_FR","og_type":"article","og_title":"Freiburg: Kanton schafft Fonds f\u00fcr Landerwerb","og_description":"Laut einem SRF-Bericht richtet der Kanton Freiburg einen 100 Millionen CHF schweren Fonds ein, mit dem er Industriegrundst\u00fccke erwerben kann.","og_url":"https:\/\/www.immobilienbusiness.ch\/fr\/regionen\/2017-05-22\/kanton-fribourg-freiburg-schafft-einen-fonds-fuer-landerwerb\/","og_site_name":"IMMOBILIEN Business","article_publisher":"https:\/\/www.facebook.com\/immobilienbusiness\/","article_published_time":"2017-05-22T06:43:17+00:00","og_image":[{"width":1024,"height":684,"url":"https:\/\/www.immobilienbusiness.ch\/wp-content\/uploads\/2016\/12\/Depositphotos_38728113_original-1024x684.jpg","type":"image\/jpeg"}],"author":"anja.hall","twitter_card":"summary_large_image","twitter_title":"Freiburg: Kanton schafft Fonds f\u00fcr Landerwerb","twitter_description":"Laut einem SRF-Bericht richtet der Kanton Freiburg einen 100 Millionen CHF schweren Fonds ein, mit dem er Industriegrundst\u00fccke erwerben kann.","twitter_image":"https:\/\/www.immobilienbusiness.ch\/wp-content\/uploads\/2016\/12\/Depositphotos_38728113_original.jpg","schema":{"@context":"https:\/\/schema.org","@graph":[{"@type":"Article","@id":"https:\/\/www.immobilienbusiness.ch\/en\/regionen\/2017-05-22\/kanton-fribourg-freiburg-schafft-einen-fonds-fuer-landerwerb\/#article","isPartOf":{"@id":"https:\/\/www.immobilienbusiness.ch\/en\/regionen\/2017-05-22\/kanton-fribourg-freiburg-schafft-einen-fonds-fuer-landerwerb\/"},"author":{"name":"anja.hall","@id":"https:\/\/www.immobilienbusiness.ch\/#\/schema\/person\/3fc036297b10b9f42d6db5ee932af8c8"},"headline":"Freiburg: Kanton schafft Fonds f\u00fcr Landerwerb","datePublished":"2017-05-22T06:43:17+00:00","mainEntityOfPage":{"@id":"https:\/\/www.immobilienbusiness.ch\/en\/regionen\/2017-05-22\/kanton-fribourg-freiburg-schafft-einen-fonds-fuer-landerwerb\/"},"wordCount":147,"commentCount":0,"publisher":{"@id":"https:\/\/www.immobilienbusiness.ch\/#organization"},"image":{"@id":"https:\/\/www.immobilienbusiness.ch\/en\/regionen\/2017-05-22\/kanton-fribourg-freiburg-schafft-einen-fonds-fuer-landerwerb\/#primaryimage"},"thumbnailUrl":"https:\/\/www.immobilienbusiness.ch\/wp-content\/uploads\/2016\/12\/Depositphotos_38728113_original.jpg","keywords":["Espace Mittelland","Politik","Regionen"],"articleSection":["REGIONEN"],"inLanguage":"fr-FR"},{"@type":"WebPage","@id":"https:\/\/www.immobilienbusiness.ch\/en\/regionen\/2017-05-22\/kanton-fribourg-freiburg-schafft-einen-fonds-fuer-landerwerb\/","url":"https:\/\/www.immobilienbusiness.ch\/en\/regionen\/2017-05-22\/kanton-fribourg-freiburg-schafft-einen-fonds-fuer-landerwerb\/","name":"Fribourg : le canton cr\u00e9e un fonds pour l'acquisition de terrains - IMMOBILIER Business","isPartOf":{"@id":"https:\/\/www.immobilienbusiness.ch\/#website"},"primaryImageOfPage":{"@id":"https:\/\/www.immobilienbusiness.ch\/en\/regionen\/2017-05-22\/kanton-fribourg-freiburg-schafft-einen-fonds-fuer-landerwerb\/#primaryimage"},"image":{"@id":"https:\/\/www.immobilienbusiness.ch\/en\/regionen\/2017-05-22\/kanton-fribourg-freiburg-schafft-einen-fonds-fuer-landerwerb\/#primaryimage"},"thumbnailUrl":"https:\/\/www.immobilienbusiness.ch\/wp-content\/uploads\/2016\/12\/Depositphotos_38728113_original.jpg","datePublished":"2017-05-22T06:43:17+00:00","description":"Selon un reportage de la SRF, le canton de Fribourg cr\u00e9e un fonds pour l'acquisition de terrains. Il sera dot\u00e9 de 100 millions de CHF.","breadcrumb":{"@id":"https:\/\/www.immobilienbusiness.ch\/en\/regionen\/2017-05-22\/kanton-fribourg-freiburg-schafft-einen-fonds-fuer-landerwerb\/#breadcrumb"},"inLanguage":"fr-FR","potentialAction":[{"@type":"ReadAction","target":["https:\/\/www.immobilienbusiness.ch\/en\/regionen\/2017-05-22\/kanton-fribourg-freiburg-schafft-einen-fonds-fuer-landerwerb\/"]}]},{"@type":"ImageObject","inLanguage":"fr-FR","@id":"https:\/\/www.immobilienbusiness.ch\/en\/regionen\/2017-05-22\/kanton-fribourg-freiburg-schafft-einen-fonds-fuer-landerwerb\/#primaryimage","url":"https:\/\/www.immobilienbusiness.ch\/wp-content\/uploads\/2016\/12\/Depositphotos_38728113_original.jpg","contentUrl":"https:\/\/www.immobilienbusiness.ch\/wp-content\/uploads\/2016\/12\/Depositphotos_38728113_original.jpg","width":2560,"height":1709,"caption":"Das Anlageverhalten von Institutionellen hat die Hochschule Luzern untersucht (Bild: depositphotos)"},{"@type":"BreadcrumbList","@id":"https:\/\/www.immobilienbusiness.ch\/en\/regionen\/2017-05-22\/kanton-fribourg-freiburg-schafft-einen-fonds-fuer-landerwerb\/#breadcrumb","itemListElement":[{"@type":"ListItem","position":1,"name":"Home","item":"https:\/\/www.immobilienbusiness.ch\/"},{"@type":"ListItem","position":2,"name":"Freiburg: Kanton schafft Fonds f\u00fcr Landerwerb"}]},{"@type":"WebSite","@id":"https:\/\/www.immobilienbusiness.ch\/#website","url":"https:\/\/www.immobilienbusiness.ch\/","name":"IMMOBILIER Business","description":"Magazine \u00e9conomique suisse ind\u00e9pendant ax\u00e9 sur l'immobilier, l'architecture et la construction ainsi que sur les investissements et le financement.","publisher":{"@id":"https:\/\/www.immobilienbusiness.ch\/#organization"},"potentialAction":[{"@type":"SearchAction","target":{"@type":"EntryPoint","urlTemplate":"https:\/\/www.immobilienbusiness.ch\/?s={search_term_string}"},"query-input":{"@type":"PropertyValueSpecification","valueRequired":true,"valueName":"search_term_string"}}],"inLanguage":"fr-FR"},{"@type":"Organization","@id":"https:\/\/www.immobilienbusiness.ch\/#organization","name":"IMMOBILIER Business","url":"https:\/\/www.immobilienbusiness.ch\/","logo":{"@type":"ImageObject","inLanguage":"fr-FR","@id":"https:\/\/www.immobilienbusiness.ch\/#\/schema\/logo\/image\/","url":"https:\/\/www.immobilienbusiness.ch\/wp-content\/uploads\/2021\/07\/logo_ib.png","contentUrl":"https:\/\/www.immobilienbusiness.ch\/wp-content\/uploads\/2021\/07\/logo_ib.png","width":800,"height":181,"caption":"IMMOBILIEN Business"},"image":{"@id":"https:\/\/www.immobilienbusiness.ch\/#\/schema\/logo\/image\/"},"sameAs":["https:\/\/www.facebook.com\/immobilienbusiness\/"]},{"@type":"Person","@id":"https:\/\/www.immobilienbusiness.ch\/#\/schema\/person\/3fc036297b10b9f42d6db5ee932af8c8","name":"anja.hall","image":{"@type":"ImageObject","inLanguage":"fr-FR","@id":"https:\/\/secure.gravatar.com\/avatar\/066b5a0d447013502c71a5782f4f3469f03cfe595cc2329fb94652fe47511bfb?s=96&d=mm&r=g","url":"https:\/\/secure.gravatar.com\/avatar\/066b5a0d447013502c71a5782f4f3469f03cfe595cc2329fb94652fe47511bfb?s=96&d=mm&r=g","contentUrl":"https:\/\/secure.gravatar.com\/avatar\/066b5a0d447013502c71a5782f4f3469f03cfe595cc2329fb94652fe47511bfb?s=96&d=mm&r=g","caption":"anja.hall"},"url":"https:\/\/www.immobilienbusiness.ch\/fr\/author\/anja-hall\/"}]}},"_links":{"self":[{"href":"https:\/\/www.immobilienbusiness.ch\/fr\/wp-json\/wp\/v2\/posts\/7700","targetHints":{"allow":["GET"]}}],"collection":[{"href":"https:\/\/www.immobilienbusiness.ch\/fr\/wp-json\/wp\/v2\/posts"}],"about":[{"href":"https:\/\/www.immobilienbusiness.ch\/fr\/wp-json\/wp\/v2\/types\/post"}],"author":[{"embeddable":true,"href":"https:\/\/www.immobilienbusiness.ch\/fr\/wp-json\/wp\/v2\/users\/3"}],"replies":[{"embeddable":true,"href":"https:\/\/www.immobilienbusiness.ch\/fr\/wp-json\/wp\/v2\/comments?post=7700"}],"version-history":[{"count":0,"href":"https:\/\/www.immobilienbusiness.ch\/fr\/wp-json\/wp\/v2\/posts\/7700\/revisions"}],"wp:featuredmedia":[{"embeddable":true,"href":"https:\/\/www.immobilienbusiness.ch\/fr\/wp-json\/wp\/v2\/media\/5420"}],"wp:attachment":[{"href":"https:\/\/www.immobilienbusiness.ch\/fr\/wp-json\/wp\/v2\/media?parent=7700"}],"wp:term":[{"taxonomy":"category","embeddable":true,"href":"https:\/\/www.immobilienbusiness.ch\/fr\/wp-json\/wp\/v2\/categories?post=7700"},{"taxonomy":"post_tag","embeddable":true,"href":"https:\/\/www.immobilienbusiness.ch\/fr\/wp-json\/wp\/v2\/tags?post=7700"}],"curies":[{"name":"wp","href":"https:\/\/api.w.org\/{rel}","templated":true}]}}