{"id":766,"date":"2015-09-11T08:20:05","date_gmt":"2015-09-11T06:20:05","guid":{"rendered":"http:\/\/dev.immobilienbusiness.ch\/?p=766"},"modified":"2015-09-11T08:20:05","modified_gmt":"2015-09-11T06:20:05","slug":"flughafen-zuerich-erneut-fuehrender-flughafen-in-europa","status":"publish","type":"post","link":"https:\/\/www.immobilienbusiness.ch\/fr\/regionen\/2015-09-11\/flughafen-zuerich-erneut-fuehrender-flughafen-in-europa\/","title":{"rendered":"L'a\u00e9roport de Zurich redevient le premier a\u00e9roport d'Europe"},"content":{"rendered":"<figure id=\"attachment_4792\" aria-describedby=\"caption-attachment-4792\" style=\"width: 680px\" class=\"wp-caption alignnone\"><img loading=\"lazy\" decoding=\"async\" class=\"wp-image-4792 size-medium\" src=\"https:\/\/immobilienbusiness.ch\/wp-content\/uploads\/2015\/09\/Flughafen-Z\u00fcrich-erneut-f\u00fchrender-Flughafen-in-Europa-immobilien-business.jpg\" width=\"680\" height=\"349\" \/><figcaption id=\"caption-attachment-4792\" class=\"wp-caption-text\">A\u00e9roport de Zurich de nuit (Photo : Carlos Delgado - Wikimedia Commons)<\/figcaption><\/figure>\n<p>Dans sa cat\u00e9gorie, l'a\u00e9roport de Zurich s'est impos\u00e9 face \u00e0 ses concurrents Amsterdam, Barcelone, Hambourg, Londres\/Heathrow, Lisbonne, Munich, Prishtina et Paris\/Charles de Gaulle.<\/p>\n<p>Depuis 1993, le World Travel Award r\u00e9compense des prestations particuli\u00e8res dans le secteur du voyage et du tourisme. Le concours est organis\u00e9 au niveau international et d\u00e9cern\u00e9 par la soci\u00e9t\u00e9 de m\u00e9dias World Travel Awards Ltd. bas\u00e9e \u00e0 Londres. Les classements r\u00e9sultent des votes des professionnels du voyage et du public, recueillis sur Internet.<\/p>\n<p>La soci\u00e9t\u00e9 Flughafen Z\u00fcrich AG exploite l'a\u00e9roport de Zurich en tant qu'entreprise d'\u00e9conomie mixte cot\u00e9e en bourse et concessionnaire de la Conf\u00e9d\u00e9ration. En 2014, la soci\u00e9t\u00e9, qui emploie un peu plus de 1 600 personnes, a r\u00e9alis\u00e9 un chiffre d'affaires de 963,5 millions de CHF et un b\u00e9n\u00e9fice de 205,9 millions de CHF. 33,3 pour cent du paquet d'actions appartient au canton et cinq pour cent \u00e0 la ville de Zurich. (ah)<\/p>","protected":false},"excerpt":{"rendered":"<p>Pour la douzi\u00e8me fois cons\u00e9cutive, l'a\u00e9roport de Zurich a \u00e9t\u00e9 r\u00e9compens\u00e9 par le World Travel Award pour sa convivialit\u00e9 et le respect des normes g\u00e9n\u00e9rales de qualit\u00e9 des produits et des services.<\/p>","protected":false},"author":1,"featured_media":4792,"comment_status":"open","ping_status":"open","sticky":false,"template":"","format":"standard","meta":{"_acf_changed":false,"_yoast_wpseo_focuskw":"Flughafen Z\u00fcrich","_yoast_wpseo_title":"Flughafen Z\u00fcrich: Europas f\u00fchrender Flughafen 2023","_yoast_wpseo_metadesc":"Der Flughafen Z\u00fcrich setzt sich 2023 erneut an die Spitze Europas und \u00fcberzeugt mit Auszeichnungen und Erfolg im internationalen Wettbewerb.","_yoast_wpseo_linkdex":43,"pgc_sgb_lightbox_settings":"","footnotes":""},"categories":[985,988],"tags":[1629,1807,1888],"class_list":["post-766","post","type-post","status-publish","format-standard","has-post-thumbnail","hentry","category-regionen","category-unternehmen","tag-regionen","tag-unternehmen","tag-zuerich"],"acf":[],"yoast_head":"<!-- This site is optimized with the Yoast SEO plugin v27.4 - https:\/\/yoast.com\/product\/yoast-seo-wordpress\/ -->\n<title>Flughafen Z\u00fcrich: Europas f\u00fchrender Flughafen 2023<\/title>\n<meta name=\"description\" content=\"Der Flughafen Z\u00fcrich setzt sich 2023 erneut an die Spitze Europas und \u00fcberzeugt mit Auszeichnungen und Erfolg im internationalen Wettbewerb.\" \/>\n<meta name=\"robots\" content=\"index, follow, max-snippet:-1, max-image-preview:large, max-video-preview:-1\" \/>\n<link rel=\"canonical\" href=\"https:\/\/www.immobilienbusiness.ch\/fr\/regionen\/2015-09-11\/flughafen-zuerich-erneut-fuehrender-flughafen-in-europa\/\" \/>\n<meta property=\"og:locale\" content=\"fr_FR\" \/>\n<meta property=\"og:type\" content=\"article\" \/>\n<meta property=\"og:title\" content=\"Flughafen Z\u00fcrich erneut f\u00fchrender Flughafen in Europa\" \/>\n<meta property=\"og:description\" content=\"Zum zw\u00f6lften Mal in Folge ist der Flughafen Z\u00fcrich mit dem World Travel Award f\u00fcr seine Kundenfreundlichkeit und die Erf\u00fcllung genereller Qualit\u00e4tsstandards von Produkten und Dienstleistungen ausgezeichnet worden.\" \/>\n<meta property=\"og:url\" content=\"https:\/\/www.immobilienbusiness.ch\/fr\/regionen\/2015-09-11\/flughafen-zuerich-erneut-fuehrender-flughafen-in-europa\/\" \/>\n<meta property=\"og:site_name\" content=\"IMMOBILIEN Business\" \/>\n<meta property=\"article:publisher\" content=\"https:\/\/www.facebook.com\/immobilienbusiness\/\" \/>\n<meta property=\"article:published_time\" content=\"2015-09-11T06:20:05+00:00\" \/>\n<meta name=\"author\" content=\"Redaktion\" \/>\n<meta name=\"twitter:card\" content=\"summary_large_image\" \/>\n<meta name=\"twitter:image\" content=\"https:\/\/www.immobilienbusiness.ch\/wp-content\/uploads\/2015\/09\/Flughafen-Zuerich-erneut-fuehrender-Flughafen-in-Europa-immobilien-business.jpg\" \/>\n<script type=\"application\/ld+json\" class=\"yoast-schema-graph\">{\"@context\":\"https:\\\/\\\/schema.org\",\"@graph\":[{\"@type\":\"Article\",\"@id\":\"https:\\\/\\\/www.immobilienbusiness.ch\\\/regionen\\\/2015-09-11\\\/flughafen-zuerich-erneut-fuehrender-flughafen-in-europa\\\/#article\",\"isPartOf\":{\"@id\":\"https:\\\/\\\/www.immobilienbusiness.ch\\\/regionen\\\/2015-09-11\\\/flughafen-zuerich-erneut-fuehrender-flughafen-in-europa\\\/\"},\"author\":{\"name\":\"Redaktion\",\"@id\":\"https:\\\/\\\/www.immobilienbusiness.ch\\\/#\\\/schema\\\/person\\\/aa2bace6c5c5aad60102004a50c4eb1c\"},\"headline\":\"Flughafen Z\u00fcrich erneut f\u00fchrender Flughafen in Europa\",\"datePublished\":\"2015-09-11T06:20:05+00:00\",\"mainEntityOfPage\":{\"@id\":\"https:\\\/\\\/www.immobilienbusiness.ch\\\/regionen\\\/2015-09-11\\\/flughafen-zuerich-erneut-fuehrender-flughafen-in-europa\\\/\"},\"wordCount\":156,\"commentCount\":0,\"publisher\":{\"@id\":\"https:\\\/\\\/www.immobilienbusiness.ch\\\/#organization\"},\"image\":{\"@id\":\"https:\\\/\\\/www.immobilienbusiness.ch\\\/regionen\\\/2015-09-11\\\/flughafen-zuerich-erneut-fuehrender-flughafen-in-europa\\\/#primaryimage\"},\"thumbnailUrl\":\"https:\\\/\\\/www.immobilienbusiness.ch\\\/wp-content\\\/uploads\\\/2015\\\/09\\\/Flughafen-Zuerich-erneut-fuehrender-Flughafen-in-Europa-immobilien-business.jpg\",\"keywords\":[\"Regionen\",\"Unternehmen\",\"Z\u00fcrich\"],\"articleSection\":[\"REGIONEN\",\"UNTERNEHMEN\"],\"inLanguage\":\"fr-FR\"},{\"@type\":\"WebPage\",\"@id\":\"https:\\\/\\\/www.immobilienbusiness.ch\\\/regionen\\\/2015-09-11\\\/flughafen-zuerich-erneut-fuehrender-flughafen-in-europa\\\/\",\"url\":\"https:\\\/\\\/www.immobilienbusiness.ch\\\/regionen\\\/2015-09-11\\\/flughafen-zuerich-erneut-fuehrender-flughafen-in-europa\\\/\",\"name\":\"Flughafen Z\u00fcrich: Europas f\u00fchrender Flughafen 2023\",\"isPartOf\":{\"@id\":\"https:\\\/\\\/www.immobilienbusiness.ch\\\/#website\"},\"primaryImageOfPage\":{\"@id\":\"https:\\\/\\\/www.immobilienbusiness.ch\\\/regionen\\\/2015-09-11\\\/flughafen-zuerich-erneut-fuehrender-flughafen-in-europa\\\/#primaryimage\"},\"image\":{\"@id\":\"https:\\\/\\\/www.immobilienbusiness.ch\\\/regionen\\\/2015-09-11\\\/flughafen-zuerich-erneut-fuehrender-flughafen-in-europa\\\/#primaryimage\"},\"thumbnailUrl\":\"https:\\\/\\\/www.immobilienbusiness.ch\\\/wp-content\\\/uploads\\\/2015\\\/09\\\/Flughafen-Zuerich-erneut-fuehrender-Flughafen-in-Europa-immobilien-business.jpg\",\"datePublished\":\"2015-09-11T06:20:05+00:00\",\"description\":\"Der Flughafen Z\u00fcrich setzt sich 2023 erneut an die Spitze Europas und \u00fcberzeugt mit Auszeichnungen und Erfolg im internationalen Wettbewerb.\",\"breadcrumb\":{\"@id\":\"https:\\\/\\\/www.immobilienbusiness.ch\\\/regionen\\\/2015-09-11\\\/flughafen-zuerich-erneut-fuehrender-flughafen-in-europa\\\/#breadcrumb\"},\"inLanguage\":\"fr-FR\",\"potentialAction\":[{\"@type\":\"ReadAction\",\"target\":[\"https:\\\/\\\/www.immobilienbusiness.ch\\\/regionen\\\/2015-09-11\\\/flughafen-zuerich-erneut-fuehrender-flughafen-in-europa\\\/\"]}]},{\"@type\":\"ImageObject\",\"inLanguage\":\"fr-FR\",\"@id\":\"https:\\\/\\\/www.immobilienbusiness.ch\\\/regionen\\\/2015-09-11\\\/flughafen-zuerich-erneut-fuehrender-flughafen-in-europa\\\/#primaryimage\",\"url\":\"https:\\\/\\\/www.immobilienbusiness.ch\\\/wp-content\\\/uploads\\\/2015\\\/09\\\/Flughafen-Zuerich-erneut-fuehrender-Flughafen-in-Europa-immobilien-business.jpg\",\"contentUrl\":\"https:\\\/\\\/www.immobilienbusiness.ch\\\/wp-content\\\/uploads\\\/2015\\\/09\\\/Flughafen-Zuerich-erneut-fuehrender-Flughafen-in-Europa-immobilien-business.jpg\",\"width\":2560,\"height\":1313,\"caption\":\"Flughafen Z\u00fcrich bei Nacht (Foto: Carlos Delgado - Wikimedia Commons)\"},{\"@type\":\"BreadcrumbList\",\"@id\":\"https:\\\/\\\/www.immobilienbusiness.ch\\\/regionen\\\/2015-09-11\\\/flughafen-zuerich-erneut-fuehrender-flughafen-in-europa\\\/#breadcrumb\",\"itemListElement\":[{\"@type\":\"ListItem\",\"position\":1,\"name\":\"Home\",\"item\":\"https:\\\/\\\/www.immobilienbusiness.ch\\\/\"},{\"@type\":\"ListItem\",\"position\":2,\"name\":\"Flughafen Z\u00fcrich erneut f\u00fchrender Flughafen in Europa\"}]},{\"@type\":\"WebSite\",\"@id\":\"https:\\\/\\\/www.immobilienbusiness.ch\\\/#website\",\"url\":\"https:\\\/\\\/www.immobilienbusiness.ch\\\/\",\"name\":\"IMMOBILIEN Business\",\"description\":\"Unabh\u00e4ngiges Schweizer Wirtschaftsmagazin mit Fokus auf Immobilien, Architektur- und Bau sowie Investment- und Finanzierung.\",\"publisher\":{\"@id\":\"https:\\\/\\\/www.immobilienbusiness.ch\\\/#organization\"},\"potentialAction\":[{\"@type\":\"SearchAction\",\"target\":{\"@type\":\"EntryPoint\",\"urlTemplate\":\"https:\\\/\\\/www.immobilienbusiness.ch\\\/?s={search_term_string}\"},\"query-input\":{\"@type\":\"PropertyValueSpecification\",\"valueRequired\":true,\"valueName\":\"search_term_string\"}}],\"inLanguage\":\"fr-FR\"},{\"@type\":\"Organization\",\"@id\":\"https:\\\/\\\/www.immobilienbusiness.ch\\\/#organization\",\"name\":\"IMMOBILIEN Business\",\"url\":\"https:\\\/\\\/www.immobilienbusiness.ch\\\/\",\"logo\":{\"@type\":\"ImageObject\",\"inLanguage\":\"fr-FR\",\"@id\":\"https:\\\/\\\/www.immobilienbusiness.ch\\\/#\\\/schema\\\/logo\\\/image\\\/\",\"url\":\"https:\\\/\\\/www.immobilienbusiness.ch\\\/wp-content\\\/uploads\\\/2021\\\/07\\\/logo_ib.png\",\"contentUrl\":\"https:\\\/\\\/www.immobilienbusiness.ch\\\/wp-content\\\/uploads\\\/2021\\\/07\\\/logo_ib.png\",\"width\":800,\"height\":181,\"caption\":\"IMMOBILIEN Business\"},\"image\":{\"@id\":\"https:\\\/\\\/www.immobilienbusiness.ch\\\/#\\\/schema\\\/logo\\\/image\\\/\"},\"sameAs\":[\"https:\\\/\\\/www.facebook.com\\\/immobilienbusiness\\\/\"]},{\"@type\":\"Person\",\"@id\":\"https:\\\/\\\/www.immobilienbusiness.ch\\\/#\\\/schema\\\/person\\\/aa2bace6c5c5aad60102004a50c4eb1c\",\"name\":\"Redaktion\",\"image\":{\"@type\":\"ImageObject\",\"inLanguage\":\"fr-FR\",\"@id\":\"https:\\\/\\\/secure.gravatar.com\\\/avatar\\\/ae2f4d718e6c49043e314ce431e7e645d646302a24a5ef5a8bc8e3f5a032e319?s=96&d=mm&r=g\",\"url\":\"https:\\\/\\\/secure.gravatar.com\\\/avatar\\\/ae2f4d718e6c49043e314ce431e7e645d646302a24a5ef5a8bc8e3f5a032e319?s=96&d=mm&r=g\",\"contentUrl\":\"https:\\\/\\\/secure.gravatar.com\\\/avatar\\\/ae2f4d718e6c49043e314ce431e7e645d646302a24a5ef5a8bc8e3f5a032e319?s=96&d=mm&r=g\",\"caption\":\"Redaktion\"},\"sameAs\":[\"http:\\\/\\\/develop.organisator.galledia.ch\"],\"url\":\"https:\\\/\\\/www.immobilienbusiness.ch\\\/fr\\\/author\\\/admin\\\/\"}]}<\/script>\n<!-- \/ Yoast SEO plugin. -->","yoast_head_json":{"title":"Flughafen Z\u00fcrich: Europas f\u00fchrender Flughafen 2023","description":"Der Flughafen Z\u00fcrich setzt sich 2023 erneut an die Spitze Europas und \u00fcberzeugt mit Auszeichnungen und Erfolg im internationalen Wettbewerb.","robots":{"index":"index","follow":"follow","max-snippet":"max-snippet:-1","max-image-preview":"max-image-preview:large","max-video-preview":"max-video-preview:-1"},"canonical":"https:\/\/www.immobilienbusiness.ch\/fr\/regionen\/2015-09-11\/flughafen-zuerich-erneut-fuehrender-flughafen-in-europa\/","og_locale":"fr_FR","og_type":"article","og_title":"Flughafen Z\u00fcrich erneut f\u00fchrender Flughafen in Europa","og_description":"Zum zw\u00f6lften Mal in Folge ist der Flughafen Z\u00fcrich mit dem World Travel Award f\u00fcr seine Kundenfreundlichkeit und die Erf\u00fcllung genereller Qualit\u00e4tsstandards von Produkten und Dienstleistungen ausgezeichnet worden.","og_url":"https:\/\/www.immobilienbusiness.ch\/fr\/regionen\/2015-09-11\/flughafen-zuerich-erneut-fuehrender-flughafen-in-europa\/","og_site_name":"IMMOBILIEN Business","article_publisher":"https:\/\/www.facebook.com\/immobilienbusiness\/","article_published_time":"2015-09-11T06:20:05+00:00","author":"Redaktion","twitter_card":"summary_large_image","twitter_image":"https:\/\/www.immobilienbusiness.ch\/wp-content\/uploads\/2015\/09\/Flughafen-Zuerich-erneut-fuehrender-Flughafen-in-Europa-immobilien-business.jpg","schema":{"@context":"https:\/\/schema.org","@graph":[{"@type":"Article","@id":"https:\/\/www.immobilienbusiness.ch\/regionen\/2015-09-11\/flughafen-zuerich-erneut-fuehrender-flughafen-in-europa\/#article","isPartOf":{"@id":"https:\/\/www.immobilienbusiness.ch\/regionen\/2015-09-11\/flughafen-zuerich-erneut-fuehrender-flughafen-in-europa\/"},"author":{"name":"Redaktion","@id":"https:\/\/www.immobilienbusiness.ch\/#\/schema\/person\/aa2bace6c5c5aad60102004a50c4eb1c"},"headline":"Flughafen Z\u00fcrich erneut f\u00fchrender Flughafen in Europa","datePublished":"2015-09-11T06:20:05+00:00","mainEntityOfPage":{"@id":"https:\/\/www.immobilienbusiness.ch\/regionen\/2015-09-11\/flughafen-zuerich-erneut-fuehrender-flughafen-in-europa\/"},"wordCount":156,"commentCount":0,"publisher":{"@id":"https:\/\/www.immobilienbusiness.ch\/#organization"},"image":{"@id":"https:\/\/www.immobilienbusiness.ch\/regionen\/2015-09-11\/flughafen-zuerich-erneut-fuehrender-flughafen-in-europa\/#primaryimage"},"thumbnailUrl":"https:\/\/www.immobilienbusiness.ch\/wp-content\/uploads\/2015\/09\/Flughafen-Zuerich-erneut-fuehrender-Flughafen-in-Europa-immobilien-business.jpg","keywords":["Regionen","Unternehmen","Z\u00fcrich"],"articleSection":["REGIONEN","UNTERNEHMEN"],"inLanguage":"fr-FR"},{"@type":"WebPage","@id":"https:\/\/www.immobilienbusiness.ch\/regionen\/2015-09-11\/flughafen-zuerich-erneut-fuehrender-flughafen-in-europa\/","url":"https:\/\/www.immobilienbusiness.ch\/regionen\/2015-09-11\/flughafen-zuerich-erneut-fuehrender-flughafen-in-europa\/","name":"Flughafen Z\u00fcrich: Europas f\u00fchrender Flughafen 2023","isPartOf":{"@id":"https:\/\/www.immobilienbusiness.ch\/#website"},"primaryImageOfPage":{"@id":"https:\/\/www.immobilienbusiness.ch\/regionen\/2015-09-11\/flughafen-zuerich-erneut-fuehrender-flughafen-in-europa\/#primaryimage"},"image":{"@id":"https:\/\/www.immobilienbusiness.ch\/regionen\/2015-09-11\/flughafen-zuerich-erneut-fuehrender-flughafen-in-europa\/#primaryimage"},"thumbnailUrl":"https:\/\/www.immobilienbusiness.ch\/wp-content\/uploads\/2015\/09\/Flughafen-Zuerich-erneut-fuehrender-Flughafen-in-Europa-immobilien-business.jpg","datePublished":"2015-09-11T06:20:05+00:00","description":"Der Flughafen Z\u00fcrich setzt sich 2023 erneut an die Spitze Europas und \u00fcberzeugt mit Auszeichnungen und Erfolg im internationalen Wettbewerb.","breadcrumb":{"@id":"https:\/\/www.immobilienbusiness.ch\/regionen\/2015-09-11\/flughafen-zuerich-erneut-fuehrender-flughafen-in-europa\/#breadcrumb"},"inLanguage":"fr-FR","potentialAction":[{"@type":"ReadAction","target":["https:\/\/www.immobilienbusiness.ch\/regionen\/2015-09-11\/flughafen-zuerich-erneut-fuehrender-flughafen-in-europa\/"]}]},{"@type":"ImageObject","inLanguage":"fr-FR","@id":"https:\/\/www.immobilienbusiness.ch\/regionen\/2015-09-11\/flughafen-zuerich-erneut-fuehrender-flughafen-in-europa\/#primaryimage","url":"https:\/\/www.immobilienbusiness.ch\/wp-content\/uploads\/2015\/09\/Flughafen-Zuerich-erneut-fuehrender-Flughafen-in-Europa-immobilien-business.jpg","contentUrl":"https:\/\/www.immobilienbusiness.ch\/wp-content\/uploads\/2015\/09\/Flughafen-Zuerich-erneut-fuehrender-Flughafen-in-Europa-immobilien-business.jpg","width":2560,"height":1313,"caption":"Flughafen Z\u00fcrich bei Nacht (Foto: Carlos Delgado - Wikimedia Commons)"},{"@type":"BreadcrumbList","@id":"https:\/\/www.immobilienbusiness.ch\/regionen\/2015-09-11\/flughafen-zuerich-erneut-fuehrender-flughafen-in-europa\/#breadcrumb","itemListElement":[{"@type":"ListItem","position":1,"name":"Home","item":"https:\/\/www.immobilienbusiness.ch\/"},{"@type":"ListItem","position":2,"name":"Flughafen Z\u00fcrich erneut f\u00fchrender Flughafen in Europa"}]},{"@type":"WebSite","@id":"https:\/\/www.immobilienbusiness.ch\/#website","url":"https:\/\/www.immobilienbusiness.ch\/","name":"IMMOBILIER Business","description":"Magazine \u00e9conomique suisse ind\u00e9pendant ax\u00e9 sur l'immobilier, l'architecture et la construction ainsi que sur les investissements et le financement.","publisher":{"@id":"https:\/\/www.immobilienbusiness.ch\/#organization"},"potentialAction":[{"@type":"SearchAction","target":{"@type":"EntryPoint","urlTemplate":"https:\/\/www.immobilienbusiness.ch\/?s={search_term_string}"},"query-input":{"@type":"PropertyValueSpecification","valueRequired":true,"valueName":"search_term_string"}}],"inLanguage":"fr-FR"},{"@type":"Organization","@id":"https:\/\/www.immobilienbusiness.ch\/#organization","name":"IMMOBILIER Business","url":"https:\/\/www.immobilienbusiness.ch\/","logo":{"@type":"ImageObject","inLanguage":"fr-FR","@id":"https:\/\/www.immobilienbusiness.ch\/#\/schema\/logo\/image\/","url":"https:\/\/www.immobilienbusiness.ch\/wp-content\/uploads\/2021\/07\/logo_ib.png","contentUrl":"https:\/\/www.immobilienbusiness.ch\/wp-content\/uploads\/2021\/07\/logo_ib.png","width":800,"height":181,"caption":"IMMOBILIEN Business"},"image":{"@id":"https:\/\/www.immobilienbusiness.ch\/#\/schema\/logo\/image\/"},"sameAs":["https:\/\/www.facebook.com\/immobilienbusiness\/"]},{"@type":"Person","@id":"https:\/\/www.immobilienbusiness.ch\/#\/schema\/person\/aa2bace6c5c5aad60102004a50c4eb1c","name":"Editorial","image":{"@type":"ImageObject","inLanguage":"fr-FR","@id":"https:\/\/secure.gravatar.com\/avatar\/ae2f4d718e6c49043e314ce431e7e645d646302a24a5ef5a8bc8e3f5a032e319?s=96&d=mm&r=g","url":"https:\/\/secure.gravatar.com\/avatar\/ae2f4d718e6c49043e314ce431e7e645d646302a24a5ef5a8bc8e3f5a032e319?s=96&d=mm&r=g","contentUrl":"https:\/\/secure.gravatar.com\/avatar\/ae2f4d718e6c49043e314ce431e7e645d646302a24a5ef5a8bc8e3f5a032e319?s=96&d=mm&r=g","caption":"Redaktion"},"sameAs":["http:\/\/develop.organisator.galledia.ch"],"url":"https:\/\/www.immobilienbusiness.ch\/fr\/author\/admin\/"}]}},"_links":{"self":[{"href":"https:\/\/www.immobilienbusiness.ch\/fr\/wp-json\/wp\/v2\/posts\/766","targetHints":{"allow":["GET"]}}],"collection":[{"href":"https:\/\/www.immobilienbusiness.ch\/fr\/wp-json\/wp\/v2\/posts"}],"about":[{"href":"https:\/\/www.immobilienbusiness.ch\/fr\/wp-json\/wp\/v2\/types\/post"}],"author":[{"embeddable":true,"href":"https:\/\/www.immobilienbusiness.ch\/fr\/wp-json\/wp\/v2\/users\/1"}],"replies":[{"embeddable":true,"href":"https:\/\/www.immobilienbusiness.ch\/fr\/wp-json\/wp\/v2\/comments?post=766"}],"version-history":[{"count":0,"href":"https:\/\/www.immobilienbusiness.ch\/fr\/wp-json\/wp\/v2\/posts\/766\/revisions"}],"wp:featuredmedia":[{"embeddable":true,"href":"https:\/\/www.immobilienbusiness.ch\/fr\/wp-json\/wp\/v2\/media\/4792"}],"wp:attachment":[{"href":"https:\/\/www.immobilienbusiness.ch\/fr\/wp-json\/wp\/v2\/media?parent=766"}],"wp:term":[{"taxonomy":"category","embeddable":true,"href":"https:\/\/www.immobilienbusiness.ch\/fr\/wp-json\/wp\/v2\/categories?post=766"},{"taxonomy":"post_tag","embeddable":true,"href":"https:\/\/www.immobilienbusiness.ch\/fr\/wp-json\/wp\/v2\/tags?post=766"}],"curies":[{"name":"wp","href":"https:\/\/api.w.org\/{rel}","templated":true}]}}