{"id":746,"date":"2015-09-09T07:21:44","date_gmt":"2015-09-09T05:21:44","guid":{"rendered":"http:\/\/dev.immobilienbusiness.ch\/?p=746"},"modified":"2015-09-09T07:21:44","modified_gmt":"2015-09-09T05:21:44","slug":"zueblin-verschiebt-kapitalerhoehung","status":"publish","type":"post","link":"https:\/\/www.immobilienbusiness.ch\/fr\/unternehmen\/2015-09-09\/zueblin-verschiebt-kapitalerhoehung\/","title":{"rendered":"Z\u00fcblin reporte son augmentation de capital"},"content":{"rendered":"<p><img loading=\"lazy\" decoding=\"async\" class=\"alignnone size-full wp-image-4647\" src=\"https:\/\/immobilienbusiness.ch\/wp-content\/uploads\/2015\/09\/Z\u00fcblin-verschiebt-Kapitalerh\u00f6hung-immobilien-business.jpg\" alt=\"zueblin-verschiebt-kapitalerhoehung-immobilien-business\" width=\"640\" height=\"426\" \/><\/p>\n<p>Fin juin, les actionnaires avaient approuv\u00e9 les mesures de restructuration du capital propos\u00e9es par Z\u00fcblin Immobilien Holding AG. Celles-ci consistent en une r\u00e9duction de capital combin\u00e9e \u00e0 une augmentation de capital ordinaire simultan\u00e9e au moyen d'une offre de droits de souscription (discounted rights offering) d'un montant de CHF 71,7 millions. Selon le droit suisse, une augmentation de capital ordinaire d\u00e9cid\u00e9e par l'assembl\u00e9e g\u00e9n\u00e9rale doit \u00eatre r\u00e9alis\u00e9e dans un d\u00e9lai de trois mois - dans ce cas, avant fin septembre.<\/p>\n<p>Le conseil d'administration convoquera une assembl\u00e9e g\u00e9n\u00e9rale extraordinaire le 29 octobre 2015 \u00e0 Zurich et, afin de renforcer la base de capital, soumettra \u00e0 nouveau aux actionnaires, pour confirmation, les m\u00eames mesures que celles d\u00e9j\u00e0 d\u00e9cid\u00e9es lors de la derni\u00e8re assembl\u00e9e g\u00e9n\u00e9rale ordinaire.<\/p>\n<p>Lamesa a assur\u00e9 \u00e0 la soci\u00e9t\u00e9 qu'elle continuait \u00e0 soutenir la recapitalisation de Z\u00fcblin et qu'elle \u00e9tait pr\u00eate \u00e0 prendre fermement en charge l'offre de droits de souscription. De plus, l'actionnaire principal est pr\u00eat \u00e0 prolonger le pr\u00eat d'actionnaire qu'il a accord\u00e9 jusqu'\u00e0 la mise en \u0153uvre des mesures de capital n\u00e9cessaires, communique Z\u00fcblin. (ah)<\/p>","protected":false},"excerpt":{"rendered":"<p>Z\u00fcblin Immobilien Holding reporte son augmentation de capital, d\u00e9cid\u00e9e par l'assembl\u00e9e g\u00e9n\u00e9rale du 30 juin 2015. Le conseil d'administration a pris cette d\u00e9cision apr\u00e8s avoir \u00e9t\u00e9 inform\u00e9 par l'actionnaire principal Lamesa, en r\u00e9f\u00e9rence aux turbulences actuelles sur les march\u00e9s financiers et \u00e0 la volatilit\u00e9 qui en d\u00e9coule, que Lamesa ne prendrait pas fermement en charge l'op\u00e9ration pr\u00e9vue sur le march\u00e9 des capitaux dans le d\u00e9lai de trois mois imparti, \u00e9crit Z\u00fcblin dans un communiqu\u00e9.<\/p>","protected":false},"author":1,"featured_media":4647,"comment_status":"open","ping_status":"open","sticky":false,"template":"","format":"standard","meta":{"_acf_changed":false,"_yoast_wpseo_focuskw":"Z\u00fcblin Kapitalerhohung","_yoast_wpseo_title":"Zuueblin Kapitalerhohung: Verschiebung der Umsetzung angek\u00fcndigt","_yoast_wpseo_metadesc":"Angesichts der Verschiebung der Kapitalerhohung bleibt Zuueblin aktiv bei der St\u00e4rkung der Kapitalbasis. Aktion\u00e4re best\u00e4tigen erneut die Massnahmen.","_yoast_wpseo_linkdex":60,"pgc_sgb_lightbox_settings":"","footnotes":""},"categories":[988],"tags":[1807],"class_list":["post-746","post","type-post","status-publish","format-standard","has-post-thumbnail","hentry","category-unternehmen","tag-unternehmen"],"acf":[],"yoast_head":"<!-- This site is optimized with the Yoast SEO plugin v27.5 - https:\/\/yoast.com\/product\/yoast-seo-wordpress\/ -->\n<title>Zuueblin Kapitalerhohung: Verschiebung der Umsetzung angek\u00fcndigt<\/title>\n<meta name=\"description\" content=\"Angesichts der Verschiebung der Kapitalerhohung bleibt Zuueblin aktiv bei der St\u00e4rkung der Kapitalbasis. Aktion\u00e4re best\u00e4tigen erneut die Massnahmen.\" \/>\n<meta name=\"robots\" content=\"index, follow, max-snippet:-1, max-image-preview:large, max-video-preview:-1\" \/>\n<link rel=\"canonical\" href=\"https:\/\/www.immobilienbusiness.ch\/fr\/unternehmen\/2015-09-09\/zueblin-verschiebt-kapitalerhoehung\/\" \/>\n<meta property=\"og:locale\" content=\"fr_FR\" \/>\n<meta property=\"og:type\" content=\"article\" \/>\n<meta property=\"og:title\" content=\"Z\u00fcblin verschiebt Kapitalerh\u00f6hung\" \/>\n<meta property=\"og:description\" content=\"Die Z\u00fcblin Immobilien Holding verschiebt ihre Kapitalerh\u00f6hung, welche die Generalversammlung am 30. Juni 2015 beschlossen hat. Der Verwaltungsrat habe sich f\u00fcr diesen Schritt entschieden, nachdem er von der Hauptaktion\u00e4rin Lamesa mit Hinweis auf die aktuellen Finanzmarktturbulenzen und die damit einhergehende Volatilit\u00e4t informiert worden war, dass Lamesa die geplante Kapitalmarkttransaktion innerhalb der vorgegebenen Dreimonatsfrist nicht fest \u00fcbernehmen werde, schreibt Z\u00fcblin in einer Mitteilung.\" \/>\n<meta property=\"og:url\" content=\"https:\/\/www.immobilienbusiness.ch\/fr\/unternehmen\/2015-09-09\/zueblin-verschiebt-kapitalerhoehung\/\" \/>\n<meta property=\"og:site_name\" content=\"IMMOBILIEN Business\" \/>\n<meta property=\"article:publisher\" content=\"https:\/\/www.facebook.com\/immobilienbusiness\/\" \/>\n<meta property=\"article:published_time\" content=\"2015-09-09T05:21:44+00:00\" \/>\n<meta name=\"author\" content=\"Redaktion\" \/>\n<meta name=\"twitter:card\" content=\"summary_large_image\" \/>\n<meta name=\"twitter:image\" content=\"https:\/\/www.immobilienbusiness.ch\/wp-content\/uploads\/2015\/09\/Zueblin-verschiebt-Kapitalerhoehung-immobilien-business.jpg\" \/>\n<script type=\"application\/ld+json\" class=\"yoast-schema-graph\">{\"@context\":\"https:\\\/\\\/schema.org\",\"@graph\":[{\"@type\":\"Article\",\"@id\":\"https:\\\/\\\/www.immobilienbusiness.ch\\\/unternehmen\\\/2015-09-09\\\/zueblin-verschiebt-kapitalerhoehung\\\/#article\",\"isPartOf\":{\"@id\":\"https:\\\/\\\/www.immobilienbusiness.ch\\\/unternehmen\\\/2015-09-09\\\/zueblin-verschiebt-kapitalerhoehung\\\/\"},\"author\":{\"name\":\"Redaktion\",\"@id\":\"https:\\\/\\\/www.immobilienbusiness.ch\\\/#\\\/schema\\\/person\\\/aa2bace6c5c5aad60102004a50c4eb1c\"},\"headline\":\"Z\u00fcblin verschiebt Kapitalerh\u00f6hung\",\"datePublished\":\"2015-09-09T05:21:44+00:00\",\"mainEntityOfPage\":{\"@id\":\"https:\\\/\\\/www.immobilienbusiness.ch\\\/unternehmen\\\/2015-09-09\\\/zueblin-verschiebt-kapitalerhoehung\\\/\"},\"wordCount\":165,\"commentCount\":0,\"publisher\":{\"@id\":\"https:\\\/\\\/www.immobilienbusiness.ch\\\/#organization\"},\"image\":{\"@id\":\"https:\\\/\\\/www.immobilienbusiness.ch\\\/unternehmen\\\/2015-09-09\\\/zueblin-verschiebt-kapitalerhoehung\\\/#primaryimage\"},\"thumbnailUrl\":\"https:\\\/\\\/www.immobilienbusiness.ch\\\/wp-content\\\/uploads\\\/2015\\\/09\\\/Zueblin-verschiebt-Kapitalerhoehung-immobilien-business.jpg\",\"keywords\":[\"Unternehmen\"],\"articleSection\":[\"UNTERNEHMEN\"],\"inLanguage\":\"fr-FR\"},{\"@type\":\"WebPage\",\"@id\":\"https:\\\/\\\/www.immobilienbusiness.ch\\\/unternehmen\\\/2015-09-09\\\/zueblin-verschiebt-kapitalerhoehung\\\/\",\"url\":\"https:\\\/\\\/www.immobilienbusiness.ch\\\/unternehmen\\\/2015-09-09\\\/zueblin-verschiebt-kapitalerhoehung\\\/\",\"name\":\"Zuueblin Kapitalerhohung: Verschiebung der Umsetzung angek\u00fcndigt\",\"isPartOf\":{\"@id\":\"https:\\\/\\\/www.immobilienbusiness.ch\\\/#website\"},\"primaryImageOfPage\":{\"@id\":\"https:\\\/\\\/www.immobilienbusiness.ch\\\/unternehmen\\\/2015-09-09\\\/zueblin-verschiebt-kapitalerhoehung\\\/#primaryimage\"},\"image\":{\"@id\":\"https:\\\/\\\/www.immobilienbusiness.ch\\\/unternehmen\\\/2015-09-09\\\/zueblin-verschiebt-kapitalerhoehung\\\/#primaryimage\"},\"thumbnailUrl\":\"https:\\\/\\\/www.immobilienbusiness.ch\\\/wp-content\\\/uploads\\\/2015\\\/09\\\/Zueblin-verschiebt-Kapitalerhoehung-immobilien-business.jpg\",\"datePublished\":\"2015-09-09T05:21:44+00:00\",\"description\":\"Angesichts der Verschiebung der Kapitalerhohung bleibt Zuueblin aktiv bei der St\u00e4rkung der Kapitalbasis. Aktion\u00e4re best\u00e4tigen erneut die Massnahmen.\",\"breadcrumb\":{\"@id\":\"https:\\\/\\\/www.immobilienbusiness.ch\\\/unternehmen\\\/2015-09-09\\\/zueblin-verschiebt-kapitalerhoehung\\\/#breadcrumb\"},\"inLanguage\":\"fr-FR\",\"potentialAction\":[{\"@type\":\"ReadAction\",\"target\":[\"https:\\\/\\\/www.immobilienbusiness.ch\\\/unternehmen\\\/2015-09-09\\\/zueblin-verschiebt-kapitalerhoehung\\\/\"]}]},{\"@type\":\"ImageObject\",\"inLanguage\":\"fr-FR\",\"@id\":\"https:\\\/\\\/www.immobilienbusiness.ch\\\/unternehmen\\\/2015-09-09\\\/zueblin-verschiebt-kapitalerhoehung\\\/#primaryimage\",\"url\":\"https:\\\/\\\/www.immobilienbusiness.ch\\\/wp-content\\\/uploads\\\/2015\\\/09\\\/Zueblin-verschiebt-Kapitalerhoehung-immobilien-business.jpg\",\"contentUrl\":\"https:\\\/\\\/www.immobilienbusiness.ch\\\/wp-content\\\/uploads\\\/2015\\\/09\\\/Zueblin-verschiebt-Kapitalerhoehung-immobilien-business.jpg\",\"width\":640,\"height\":426},{\"@type\":\"BreadcrumbList\",\"@id\":\"https:\\\/\\\/www.immobilienbusiness.ch\\\/unternehmen\\\/2015-09-09\\\/zueblin-verschiebt-kapitalerhoehung\\\/#breadcrumb\",\"itemListElement\":[{\"@type\":\"ListItem\",\"position\":1,\"name\":\"Home\",\"item\":\"https:\\\/\\\/www.immobilienbusiness.ch\\\/\"},{\"@type\":\"ListItem\",\"position\":2,\"name\":\"Z\u00fcblin verschiebt Kapitalerh\u00f6hung\"}]},{\"@type\":\"WebSite\",\"@id\":\"https:\\\/\\\/www.immobilienbusiness.ch\\\/#website\",\"url\":\"https:\\\/\\\/www.immobilienbusiness.ch\\\/\",\"name\":\"IMMOBILIEN Business\",\"description\":\"Unabh\u00e4ngiges Schweizer Wirtschaftsmagazin mit Fokus auf Immobilien, Architektur- und Bau sowie Investment- und Finanzierung.\",\"publisher\":{\"@id\":\"https:\\\/\\\/www.immobilienbusiness.ch\\\/#organization\"},\"potentialAction\":[{\"@type\":\"SearchAction\",\"target\":{\"@type\":\"EntryPoint\",\"urlTemplate\":\"https:\\\/\\\/www.immobilienbusiness.ch\\\/?s={search_term_string}\"},\"query-input\":{\"@type\":\"PropertyValueSpecification\",\"valueRequired\":true,\"valueName\":\"search_term_string\"}}],\"inLanguage\":\"fr-FR\"},{\"@type\":\"Organization\",\"@id\":\"https:\\\/\\\/www.immobilienbusiness.ch\\\/#organization\",\"name\":\"IMMOBILIEN Business\",\"url\":\"https:\\\/\\\/www.immobilienbusiness.ch\\\/\",\"logo\":{\"@type\":\"ImageObject\",\"inLanguage\":\"fr-FR\",\"@id\":\"https:\\\/\\\/www.immobilienbusiness.ch\\\/#\\\/schema\\\/logo\\\/image\\\/\",\"url\":\"https:\\\/\\\/www.immobilienbusiness.ch\\\/wp-content\\\/uploads\\\/2021\\\/07\\\/logo_ib.png\",\"contentUrl\":\"https:\\\/\\\/www.immobilienbusiness.ch\\\/wp-content\\\/uploads\\\/2021\\\/07\\\/logo_ib.png\",\"width\":800,\"height\":181,\"caption\":\"IMMOBILIEN Business\"},\"image\":{\"@id\":\"https:\\\/\\\/www.immobilienbusiness.ch\\\/#\\\/schema\\\/logo\\\/image\\\/\"},\"sameAs\":[\"https:\\\/\\\/www.facebook.com\\\/immobilienbusiness\\\/\"]},{\"@type\":\"Person\",\"@id\":\"https:\\\/\\\/www.immobilienbusiness.ch\\\/#\\\/schema\\\/person\\\/aa2bace6c5c5aad60102004a50c4eb1c\",\"name\":\"Redaktion\",\"image\":{\"@type\":\"ImageObject\",\"inLanguage\":\"fr-FR\",\"@id\":\"https:\\\/\\\/secure.gravatar.com\\\/avatar\\\/ae2f4d718e6c49043e314ce431e7e645d646302a24a5ef5a8bc8e3f5a032e319?s=96&d=mm&r=g\",\"url\":\"https:\\\/\\\/secure.gravatar.com\\\/avatar\\\/ae2f4d718e6c49043e314ce431e7e645d646302a24a5ef5a8bc8e3f5a032e319?s=96&d=mm&r=g\",\"contentUrl\":\"https:\\\/\\\/secure.gravatar.com\\\/avatar\\\/ae2f4d718e6c49043e314ce431e7e645d646302a24a5ef5a8bc8e3f5a032e319?s=96&d=mm&r=g\",\"caption\":\"Redaktion\"},\"sameAs\":[\"http:\\\/\\\/develop.organisator.galledia.ch\"],\"url\":\"https:\\\/\\\/www.immobilienbusiness.ch\\\/fr\\\/author\\\/admin\\\/\"}]}<\/script>\n<!-- \/ Yoast SEO plugin. -->","yoast_head_json":{"title":"Zuueblin Kapitalerhohung: Verschiebung der Umsetzung angek\u00fcndigt","description":"Angesichts der Verschiebung der Kapitalerhohung bleibt Zuueblin aktiv bei der St\u00e4rkung der Kapitalbasis. Aktion\u00e4re best\u00e4tigen erneut die Massnahmen.","robots":{"index":"index","follow":"follow","max-snippet":"max-snippet:-1","max-image-preview":"max-image-preview:large","max-video-preview":"max-video-preview:-1"},"canonical":"https:\/\/www.immobilienbusiness.ch\/fr\/unternehmen\/2015-09-09\/zueblin-verschiebt-kapitalerhoehung\/","og_locale":"fr_FR","og_type":"article","og_title":"Z\u00fcblin verschiebt Kapitalerh\u00f6hung","og_description":"Die Z\u00fcblin Immobilien Holding verschiebt ihre Kapitalerh\u00f6hung, welche die Generalversammlung am 30. Juni 2015 beschlossen hat. Der Verwaltungsrat habe sich f\u00fcr diesen Schritt entschieden, nachdem er von der Hauptaktion\u00e4rin Lamesa mit Hinweis auf die aktuellen Finanzmarktturbulenzen und die damit einhergehende Volatilit\u00e4t informiert worden war, dass Lamesa die geplante Kapitalmarkttransaktion innerhalb der vorgegebenen Dreimonatsfrist nicht fest \u00fcbernehmen werde, schreibt Z\u00fcblin in einer Mitteilung.","og_url":"https:\/\/www.immobilienbusiness.ch\/fr\/unternehmen\/2015-09-09\/zueblin-verschiebt-kapitalerhoehung\/","og_site_name":"IMMOBILIEN Business","article_publisher":"https:\/\/www.facebook.com\/immobilienbusiness\/","article_published_time":"2015-09-09T05:21:44+00:00","author":"Redaktion","twitter_card":"summary_large_image","twitter_image":"https:\/\/www.immobilienbusiness.ch\/wp-content\/uploads\/2015\/09\/Zueblin-verschiebt-Kapitalerhoehung-immobilien-business.jpg","schema":{"@context":"https:\/\/schema.org","@graph":[{"@type":"Article","@id":"https:\/\/www.immobilienbusiness.ch\/unternehmen\/2015-09-09\/zueblin-verschiebt-kapitalerhoehung\/#article","isPartOf":{"@id":"https:\/\/www.immobilienbusiness.ch\/unternehmen\/2015-09-09\/zueblin-verschiebt-kapitalerhoehung\/"},"author":{"name":"Redaktion","@id":"https:\/\/www.immobilienbusiness.ch\/#\/schema\/person\/aa2bace6c5c5aad60102004a50c4eb1c"},"headline":"Z\u00fcblin verschiebt Kapitalerh\u00f6hung","datePublished":"2015-09-09T05:21:44+00:00","mainEntityOfPage":{"@id":"https:\/\/www.immobilienbusiness.ch\/unternehmen\/2015-09-09\/zueblin-verschiebt-kapitalerhoehung\/"},"wordCount":165,"commentCount":0,"publisher":{"@id":"https:\/\/www.immobilienbusiness.ch\/#organization"},"image":{"@id":"https:\/\/www.immobilienbusiness.ch\/unternehmen\/2015-09-09\/zueblin-verschiebt-kapitalerhoehung\/#primaryimage"},"thumbnailUrl":"https:\/\/www.immobilienbusiness.ch\/wp-content\/uploads\/2015\/09\/Zueblin-verschiebt-Kapitalerhoehung-immobilien-business.jpg","keywords":["Unternehmen"],"articleSection":["UNTERNEHMEN"],"inLanguage":"fr-FR"},{"@type":"WebPage","@id":"https:\/\/www.immobilienbusiness.ch\/unternehmen\/2015-09-09\/zueblin-verschiebt-kapitalerhoehung\/","url":"https:\/\/www.immobilienbusiness.ch\/unternehmen\/2015-09-09\/zueblin-verschiebt-kapitalerhoehung\/","name":"Zuueblin Kapitalerhohung: Verschiebung der Umsetzung angek\u00fcndigt","isPartOf":{"@id":"https:\/\/www.immobilienbusiness.ch\/#website"},"primaryImageOfPage":{"@id":"https:\/\/www.immobilienbusiness.ch\/unternehmen\/2015-09-09\/zueblin-verschiebt-kapitalerhoehung\/#primaryimage"},"image":{"@id":"https:\/\/www.immobilienbusiness.ch\/unternehmen\/2015-09-09\/zueblin-verschiebt-kapitalerhoehung\/#primaryimage"},"thumbnailUrl":"https:\/\/www.immobilienbusiness.ch\/wp-content\/uploads\/2015\/09\/Zueblin-verschiebt-Kapitalerhoehung-immobilien-business.jpg","datePublished":"2015-09-09T05:21:44+00:00","description":"Angesichts der Verschiebung der Kapitalerhohung bleibt Zuueblin aktiv bei der St\u00e4rkung der Kapitalbasis. Aktion\u00e4re best\u00e4tigen erneut die Massnahmen.","breadcrumb":{"@id":"https:\/\/www.immobilienbusiness.ch\/unternehmen\/2015-09-09\/zueblin-verschiebt-kapitalerhoehung\/#breadcrumb"},"inLanguage":"fr-FR","potentialAction":[{"@type":"ReadAction","target":["https:\/\/www.immobilienbusiness.ch\/unternehmen\/2015-09-09\/zueblin-verschiebt-kapitalerhoehung\/"]}]},{"@type":"ImageObject","inLanguage":"fr-FR","@id":"https:\/\/www.immobilienbusiness.ch\/unternehmen\/2015-09-09\/zueblin-verschiebt-kapitalerhoehung\/#primaryimage","url":"https:\/\/www.immobilienbusiness.ch\/wp-content\/uploads\/2015\/09\/Zueblin-verschiebt-Kapitalerhoehung-immobilien-business.jpg","contentUrl":"https:\/\/www.immobilienbusiness.ch\/wp-content\/uploads\/2015\/09\/Zueblin-verschiebt-Kapitalerhoehung-immobilien-business.jpg","width":640,"height":426},{"@type":"BreadcrumbList","@id":"https:\/\/www.immobilienbusiness.ch\/unternehmen\/2015-09-09\/zueblin-verschiebt-kapitalerhoehung\/#breadcrumb","itemListElement":[{"@type":"ListItem","position":1,"name":"Home","item":"https:\/\/www.immobilienbusiness.ch\/"},{"@type":"ListItem","position":2,"name":"Z\u00fcblin verschiebt Kapitalerh\u00f6hung"}]},{"@type":"WebSite","@id":"https:\/\/www.immobilienbusiness.ch\/#website","url":"https:\/\/www.immobilienbusiness.ch\/","name":"IMMOBILIER Business","description":"Magazine \u00e9conomique suisse ind\u00e9pendant ax\u00e9 sur l'immobilier, l'architecture et la construction ainsi que sur les investissements et le financement.","publisher":{"@id":"https:\/\/www.immobilienbusiness.ch\/#organization"},"potentialAction":[{"@type":"SearchAction","target":{"@type":"EntryPoint","urlTemplate":"https:\/\/www.immobilienbusiness.ch\/?s={search_term_string}"},"query-input":{"@type":"PropertyValueSpecification","valueRequired":true,"valueName":"search_term_string"}}],"inLanguage":"fr-FR"},{"@type":"Organization","@id":"https:\/\/www.immobilienbusiness.ch\/#organization","name":"IMMOBILIER Business","url":"https:\/\/www.immobilienbusiness.ch\/","logo":{"@type":"ImageObject","inLanguage":"fr-FR","@id":"https:\/\/www.immobilienbusiness.ch\/#\/schema\/logo\/image\/","url":"https:\/\/www.immobilienbusiness.ch\/wp-content\/uploads\/2021\/07\/logo_ib.png","contentUrl":"https:\/\/www.immobilienbusiness.ch\/wp-content\/uploads\/2021\/07\/logo_ib.png","width":800,"height":181,"caption":"IMMOBILIEN Business"},"image":{"@id":"https:\/\/www.immobilienbusiness.ch\/#\/schema\/logo\/image\/"},"sameAs":["https:\/\/www.facebook.com\/immobilienbusiness\/"]},{"@type":"Person","@id":"https:\/\/www.immobilienbusiness.ch\/#\/schema\/person\/aa2bace6c5c5aad60102004a50c4eb1c","name":"Editorial","image":{"@type":"ImageObject","inLanguage":"fr-FR","@id":"https:\/\/secure.gravatar.com\/avatar\/ae2f4d718e6c49043e314ce431e7e645d646302a24a5ef5a8bc8e3f5a032e319?s=96&d=mm&r=g","url":"https:\/\/secure.gravatar.com\/avatar\/ae2f4d718e6c49043e314ce431e7e645d646302a24a5ef5a8bc8e3f5a032e319?s=96&d=mm&r=g","contentUrl":"https:\/\/secure.gravatar.com\/avatar\/ae2f4d718e6c49043e314ce431e7e645d646302a24a5ef5a8bc8e3f5a032e319?s=96&d=mm&r=g","caption":"Redaktion"},"sameAs":["http:\/\/develop.organisator.galledia.ch"],"url":"https:\/\/www.immobilienbusiness.ch\/fr\/author\/admin\/"}]}},"_links":{"self":[{"href":"https:\/\/www.immobilienbusiness.ch\/fr\/wp-json\/wp\/v2\/posts\/746","targetHints":{"allow":["GET"]}}],"collection":[{"href":"https:\/\/www.immobilienbusiness.ch\/fr\/wp-json\/wp\/v2\/posts"}],"about":[{"href":"https:\/\/www.immobilienbusiness.ch\/fr\/wp-json\/wp\/v2\/types\/post"}],"author":[{"embeddable":true,"href":"https:\/\/www.immobilienbusiness.ch\/fr\/wp-json\/wp\/v2\/users\/1"}],"replies":[{"embeddable":true,"href":"https:\/\/www.immobilienbusiness.ch\/fr\/wp-json\/wp\/v2\/comments?post=746"}],"version-history":[{"count":0,"href":"https:\/\/www.immobilienbusiness.ch\/fr\/wp-json\/wp\/v2\/posts\/746\/revisions"}],"wp:featuredmedia":[{"embeddable":true,"href":"https:\/\/www.immobilienbusiness.ch\/fr\/wp-json\/wp\/v2\/media\/4647"}],"wp:attachment":[{"href":"https:\/\/www.immobilienbusiness.ch\/fr\/wp-json\/wp\/v2\/media?parent=746"}],"wp:term":[{"taxonomy":"category","embeddable":true,"href":"https:\/\/www.immobilienbusiness.ch\/fr\/wp-json\/wp\/v2\/categories?post=746"},{"taxonomy":"post_tag","embeddable":true,"href":"https:\/\/www.immobilienbusiness.ch\/fr\/wp-json\/wp\/v2\/tags?post=746"}],"curies":[{"name":"wp","href":"https:\/\/api.w.org\/{rel}","templated":true}]}}