{"id":745,"date":"2020-09-01T09:14:19","date_gmt":"2020-09-01T07:14:19","guid":{"rendered":"https:\/\/develop.immobilienbusiness.ch\/de\/allgemein\/2020-09-01\/covid-19-trifft-credit-suisse-fonds-unterschiedlich-stark\/"},"modified":"2023-07-15T12:18:59","modified_gmt":"2023-07-15T10:18:59","slug":"covid-19-trifft-credit-suisse-fonds-unterschiedlich-stark-2","status":"publish","type":"post","link":"https:\/\/www.immobilienbusiness.ch\/fr\/ib\/2020-09-01\/covid-19-trifft-credit-suisse-fonds-unterschiedlich-stark-2\/","title":{"rendered":"Le Covid-19 touche les fonds du Credit Suisse \u00e0 des degr\u00e9s divers"},"content":{"rendered":"<div class=\"swpm-post-not-logged-in-msg\">Vous devez \u00eatre connect\u00e9 pour voir ce contenu. Veuillez consulter <a class=\"swpm-login-link\" href=\"https:\/\/www.immobilienbusiness.ch\/fr\/login\/?swpm_redirect_to=https%3A%2F%2Fwww.immobilienbusiness.ch%2Ffr%2Fwp-json%2Fwp%2Fv2%2Fposts%2F745\">Connexion<\/a>. Vous n'\u00eates pas membre ? <a href=\"https:\/\/www.immobilienbusiness.ch\/fr\/registrieren\/\">Nous Rejoindre<\/a><\/div>","protected":false},"excerpt":{"rendered":"<p>Les fonds immobiliers du Credit Suisse ont r\u00e9alis\u00e9 \"en majorit\u00e9 des r\u00e9sultats solides\" au premier semestre 2020, annonce la soci\u00e9t\u00e9. La pand\u00e9mie de Corona influence les revenus locatifs et l'\u00e9volution de la fortune des diff\u00e9rents fonds dans des proportions variables.<\/p>","protected":false},"author":3,"featured_media":0,"comment_status":"closed","ping_status":"closed","sticky":false,"template":"","format":"standard","meta":{"_acf_changed":false,"_yoast_wpseo_focuskw":"Covid-19","_yoast_wpseo_title":"","_yoast_wpseo_metadesc":"Die Immobilienfonds der Credit Suisse haben im ersten Halbjahr 2020 \u00abmehrheitlich solide Ergebnisse\u00bb erzielt, teilt die Gesellschaft mit. Die Corona-Pandemie beeinflusse die Mietzinseinnahmen und die Verm\u00f6gensentwicklung der einzelnen Fonds in unterschiedlichem Mass.","_yoast_wpseo_linkdex":58,"pgc_sgb_lightbox_settings":"","footnotes":""},"categories":[1951],"tags":[1344],"class_list":["post-745","post","type-post","status-publish","format-standard","hentry","category-ib","tag-immobilienfonds"],"acf":[],"yoast_head":"<!-- This site is optimized with the Yoast SEO plugin v27.5 - https:\/\/yoast.com\/product\/yoast-seo-wordpress\/ -->\n<title>Covid-19 trifft Credit-Suisse-Fonds unterschiedlich stark - IMMOBILIEN Business<\/title>\n<meta name=\"description\" content=\"Die Immobilienfonds der Credit Suisse haben im ersten Halbjahr 2020 \u00abmehrheitlich solide Ergebnisse\u00bb erzielt, teilt die Gesellschaft mit. Die Corona-Pandemie beeinflusse die Mietzinseinnahmen und die Verm\u00f6gensentwicklung der einzelnen Fonds in unterschiedlichem Mass.\" \/>\n<meta name=\"robots\" content=\"index, follow, max-snippet:-1, max-image-preview:large, max-video-preview:-1\" \/>\n<link rel=\"canonical\" href=\"https:\/\/www.immobilienbusiness.ch\/fr\/ib\/2020-09-01\/covid-19-trifft-credit-suisse-fonds-unterschiedlich-stark-2\/\" \/>\n<meta property=\"og:locale\" content=\"fr_FR\" \/>\n<meta property=\"og:type\" content=\"article\" \/>\n<meta property=\"og:title\" content=\"Covid-19 trifft Credit-Suisse-Fonds unterschiedlich stark - IMMOBILIEN Business\" \/>\n<meta property=\"og:description\" content=\"Die Immobilienfonds der Credit Suisse haben im ersten Halbjahr 2020 \u00abmehrheitlich solide Ergebnisse\u00bb erzielt, teilt die Gesellschaft mit. Die Corona-Pandemie beeinflusse die Mietzinseinnahmen und die Verm\u00f6gensentwicklung der einzelnen Fonds in unterschiedlichem Mass.\" \/>\n<meta property=\"og:url\" content=\"https:\/\/www.immobilienbusiness.ch\/fr\/ib\/2020-09-01\/covid-19-trifft-credit-suisse-fonds-unterschiedlich-stark-2\/\" \/>\n<meta property=\"og:site_name\" content=\"IMMOBILIEN Business\" \/>\n<meta property=\"article:publisher\" content=\"https:\/\/www.facebook.com\/immobilienbusiness\/\" \/>\n<meta property=\"article:published_time\" content=\"2020-09-01T07:14:19+00:00\" \/>\n<meta property=\"article:modified_time\" content=\"2023-07-15T10:18:59+00:00\" \/>\n<meta name=\"author\" content=\"anja.hall\" \/>\n<meta name=\"twitter:card\" content=\"summary_large_image\" \/>\n<script type=\"application\/ld+json\" class=\"yoast-schema-graph\">{\"@context\":\"https:\\\/\\\/schema.org\",\"@graph\":[{\"@type\":\"Article\",\"@id\":\"https:\\\/\\\/www.immobilienbusiness.ch\\\/ib\\\/2020-09-01\\\/covid-19-trifft-credit-suisse-fonds-unterschiedlich-stark-2\\\/#article\",\"isPartOf\":{\"@id\":\"https:\\\/\\\/www.immobilienbusiness.ch\\\/ib\\\/2020-09-01\\\/covid-19-trifft-credit-suisse-fonds-unterschiedlich-stark-2\\\/\"},\"author\":{\"name\":\"anja.hall\",\"@id\":\"https:\\\/\\\/www.immobilienbusiness.ch\\\/#\\\/schema\\\/person\\\/3fc036297b10b9f42d6db5ee932af8c8\"},\"headline\":\"Covid-19 trifft Credit-Suisse-Fonds unterschiedlich stark\",\"datePublished\":\"2020-09-01T07:14:19+00:00\",\"dateModified\":\"2023-07-15T10:18:59+00:00\",\"mainEntityOfPage\":{\"@id\":\"https:\\\/\\\/www.immobilienbusiness.ch\\\/ib\\\/2020-09-01\\\/covid-19-trifft-credit-suisse-fonds-unterschiedlich-stark-2\\\/\"},\"wordCount\":395,\"publisher\":{\"@id\":\"https:\\\/\\\/www.immobilienbusiness.ch\\\/#organization\"},\"keywords\":[\"Immobilienfonds\"],\"articleSection\":[\"IB+\"],\"inLanguage\":\"fr-FR\"},{\"@type\":\"WebPage\",\"@id\":\"https:\\\/\\\/www.immobilienbusiness.ch\\\/ib\\\/2020-09-01\\\/covid-19-trifft-credit-suisse-fonds-unterschiedlich-stark-2\\\/\",\"url\":\"https:\\\/\\\/www.immobilienbusiness.ch\\\/ib\\\/2020-09-01\\\/covid-19-trifft-credit-suisse-fonds-unterschiedlich-stark-2\\\/\",\"name\":\"Covid-19 trifft Credit-Suisse-Fonds unterschiedlich stark - IMMOBILIEN Business\",\"isPartOf\":{\"@id\":\"https:\\\/\\\/www.immobilienbusiness.ch\\\/#website\"},\"datePublished\":\"2020-09-01T07:14:19+00:00\",\"dateModified\":\"2023-07-15T10:18:59+00:00\",\"description\":\"Die Immobilienfonds der Credit Suisse haben im ersten Halbjahr 2020 \u00abmehrheitlich solide Ergebnisse\u00bb erzielt, teilt die Gesellschaft mit. Die Corona-Pandemie beeinflusse die Mietzinseinnahmen und die Verm\u00f6gensentwicklung der einzelnen Fonds in unterschiedlichem Mass.\",\"breadcrumb\":{\"@id\":\"https:\\\/\\\/www.immobilienbusiness.ch\\\/ib\\\/2020-09-01\\\/covid-19-trifft-credit-suisse-fonds-unterschiedlich-stark-2\\\/#breadcrumb\"},\"inLanguage\":\"fr-FR\",\"potentialAction\":[{\"@type\":\"ReadAction\",\"target\":[\"https:\\\/\\\/www.immobilienbusiness.ch\\\/ib\\\/2020-09-01\\\/covid-19-trifft-credit-suisse-fonds-unterschiedlich-stark-2\\\/\"]}]},{\"@type\":\"BreadcrumbList\",\"@id\":\"https:\\\/\\\/www.immobilienbusiness.ch\\\/ib\\\/2020-09-01\\\/covid-19-trifft-credit-suisse-fonds-unterschiedlich-stark-2\\\/#breadcrumb\",\"itemListElement\":[{\"@type\":\"ListItem\",\"position\":1,\"name\":\"Home\",\"item\":\"https:\\\/\\\/www.immobilienbusiness.ch\\\/\"},{\"@type\":\"ListItem\",\"position\":2,\"name\":\"Covid-19 trifft Credit-Suisse-Fonds unterschiedlich stark\"}]},{\"@type\":\"WebSite\",\"@id\":\"https:\\\/\\\/www.immobilienbusiness.ch\\\/#website\",\"url\":\"https:\\\/\\\/www.immobilienbusiness.ch\\\/\",\"name\":\"IMMOBILIEN Business\",\"description\":\"Unabh\u00e4ngiges Schweizer Wirtschaftsmagazin mit Fokus auf Immobilien, Architektur- und Bau sowie Investment- und Finanzierung.\",\"publisher\":{\"@id\":\"https:\\\/\\\/www.immobilienbusiness.ch\\\/#organization\"},\"potentialAction\":[{\"@type\":\"SearchAction\",\"target\":{\"@type\":\"EntryPoint\",\"urlTemplate\":\"https:\\\/\\\/www.immobilienbusiness.ch\\\/?s={search_term_string}\"},\"query-input\":{\"@type\":\"PropertyValueSpecification\",\"valueRequired\":true,\"valueName\":\"search_term_string\"}}],\"inLanguage\":\"fr-FR\"},{\"@type\":\"Organization\",\"@id\":\"https:\\\/\\\/www.immobilienbusiness.ch\\\/#organization\",\"name\":\"IMMOBILIEN Business\",\"url\":\"https:\\\/\\\/www.immobilienbusiness.ch\\\/\",\"logo\":{\"@type\":\"ImageObject\",\"inLanguage\":\"fr-FR\",\"@id\":\"https:\\\/\\\/www.immobilienbusiness.ch\\\/#\\\/schema\\\/logo\\\/image\\\/\",\"url\":\"https:\\\/\\\/www.immobilienbusiness.ch\\\/wp-content\\\/uploads\\\/2021\\\/07\\\/logo_ib.png\",\"contentUrl\":\"https:\\\/\\\/www.immobilienbusiness.ch\\\/wp-content\\\/uploads\\\/2021\\\/07\\\/logo_ib.png\",\"width\":800,\"height\":181,\"caption\":\"IMMOBILIEN Business\"},\"image\":{\"@id\":\"https:\\\/\\\/www.immobilienbusiness.ch\\\/#\\\/schema\\\/logo\\\/image\\\/\"},\"sameAs\":[\"https:\\\/\\\/www.facebook.com\\\/immobilienbusiness\\\/\"]},{\"@type\":\"Person\",\"@id\":\"https:\\\/\\\/www.immobilienbusiness.ch\\\/#\\\/schema\\\/person\\\/3fc036297b10b9f42d6db5ee932af8c8\",\"name\":\"anja.hall\",\"image\":{\"@type\":\"ImageObject\",\"inLanguage\":\"fr-FR\",\"@id\":\"https:\\\/\\\/secure.gravatar.com\\\/avatar\\\/066b5a0d447013502c71a5782f4f3469f03cfe595cc2329fb94652fe47511bfb?s=96&d=mm&r=g\",\"url\":\"https:\\\/\\\/secure.gravatar.com\\\/avatar\\\/066b5a0d447013502c71a5782f4f3469f03cfe595cc2329fb94652fe47511bfb?s=96&d=mm&r=g\",\"contentUrl\":\"https:\\\/\\\/secure.gravatar.com\\\/avatar\\\/066b5a0d447013502c71a5782f4f3469f03cfe595cc2329fb94652fe47511bfb?s=96&d=mm&r=g\",\"caption\":\"anja.hall\"},\"url\":\"https:\\\/\\\/www.immobilienbusiness.ch\\\/fr\\\/author\\\/anja-hall\\\/\"}]}<\/script>\n<!-- \/ Yoast SEO plugin. -->","yoast_head_json":{"title":"Covid-19 trifft Credit-Suisse-Fonds unterschiedlich stark - IMMOBILIEN Business","description":"Les fonds immobiliers du Credit Suisse ont r\u00e9alis\u00e9 \"en majorit\u00e9 des r\u00e9sultats solides\" au premier semestre 2020, annonce la soci\u00e9t\u00e9. La pand\u00e9mie de Corona influence les revenus locatifs et l'\u00e9volution de la fortune des diff\u00e9rents fonds dans des proportions variables.","robots":{"index":"index","follow":"follow","max-snippet":"max-snippet:-1","max-image-preview":"max-image-preview:large","max-video-preview":"max-video-preview:-1"},"canonical":"https:\/\/www.immobilienbusiness.ch\/fr\/ib\/2020-09-01\/covid-19-trifft-credit-suisse-fonds-unterschiedlich-stark-2\/","og_locale":"fr_FR","og_type":"article","og_title":"Covid-19 trifft Credit-Suisse-Fonds unterschiedlich stark - IMMOBILIEN Business","og_description":"Die Immobilienfonds der Credit Suisse haben im ersten Halbjahr 2020 \u00abmehrheitlich solide Ergebnisse\u00bb erzielt, teilt die Gesellschaft mit. Die Corona-Pandemie beeinflusse die Mietzinseinnahmen und die Verm\u00f6gensentwicklung der einzelnen Fonds in unterschiedlichem Mass.","og_url":"https:\/\/www.immobilienbusiness.ch\/fr\/ib\/2020-09-01\/covid-19-trifft-credit-suisse-fonds-unterschiedlich-stark-2\/","og_site_name":"IMMOBILIEN Business","article_publisher":"https:\/\/www.facebook.com\/immobilienbusiness\/","article_published_time":"2020-09-01T07:14:19+00:00","article_modified_time":"2023-07-15T10:18:59+00:00","author":"anja.hall","twitter_card":"summary_large_image","schema":{"@context":"https:\/\/schema.org","@graph":[{"@type":"Article","@id":"https:\/\/www.immobilienbusiness.ch\/ib\/2020-09-01\/covid-19-trifft-credit-suisse-fonds-unterschiedlich-stark-2\/#article","isPartOf":{"@id":"https:\/\/www.immobilienbusiness.ch\/ib\/2020-09-01\/covid-19-trifft-credit-suisse-fonds-unterschiedlich-stark-2\/"},"author":{"name":"anja.hall","@id":"https:\/\/www.immobilienbusiness.ch\/#\/schema\/person\/3fc036297b10b9f42d6db5ee932af8c8"},"headline":"Covid-19 trifft Credit-Suisse-Fonds unterschiedlich stark","datePublished":"2020-09-01T07:14:19+00:00","dateModified":"2023-07-15T10:18:59+00:00","mainEntityOfPage":{"@id":"https:\/\/www.immobilienbusiness.ch\/ib\/2020-09-01\/covid-19-trifft-credit-suisse-fonds-unterschiedlich-stark-2\/"},"wordCount":395,"publisher":{"@id":"https:\/\/www.immobilienbusiness.ch\/#organization"},"keywords":["Immobilienfonds"],"articleSection":["IB+"],"inLanguage":"fr-FR"},{"@type":"WebPage","@id":"https:\/\/www.immobilienbusiness.ch\/ib\/2020-09-01\/covid-19-trifft-credit-suisse-fonds-unterschiedlich-stark-2\/","url":"https:\/\/www.immobilienbusiness.ch\/ib\/2020-09-01\/covid-19-trifft-credit-suisse-fonds-unterschiedlich-stark-2\/","name":"Covid-19 trifft Credit-Suisse-Fonds unterschiedlich stark - IMMOBILIEN Business","isPartOf":{"@id":"https:\/\/www.immobilienbusiness.ch\/#website"},"datePublished":"2020-09-01T07:14:19+00:00","dateModified":"2023-07-15T10:18:59+00:00","description":"Les fonds immobiliers du Credit Suisse ont r\u00e9alis\u00e9 \"en majorit\u00e9 des r\u00e9sultats solides\" au premier semestre 2020, annonce la soci\u00e9t\u00e9. La pand\u00e9mie de Corona influence les revenus locatifs et l'\u00e9volution de la fortune des diff\u00e9rents fonds dans des proportions variables.","breadcrumb":{"@id":"https:\/\/www.immobilienbusiness.ch\/ib\/2020-09-01\/covid-19-trifft-credit-suisse-fonds-unterschiedlich-stark-2\/#breadcrumb"},"inLanguage":"fr-FR","potentialAction":[{"@type":"ReadAction","target":["https:\/\/www.immobilienbusiness.ch\/ib\/2020-09-01\/covid-19-trifft-credit-suisse-fonds-unterschiedlich-stark-2\/"]}]},{"@type":"BreadcrumbList","@id":"https:\/\/www.immobilienbusiness.ch\/ib\/2020-09-01\/covid-19-trifft-credit-suisse-fonds-unterschiedlich-stark-2\/#breadcrumb","itemListElement":[{"@type":"ListItem","position":1,"name":"Home","item":"https:\/\/www.immobilienbusiness.ch\/"},{"@type":"ListItem","position":2,"name":"Covid-19 trifft Credit-Suisse-Fonds unterschiedlich stark"}]},{"@type":"WebSite","@id":"https:\/\/www.immobilienbusiness.ch\/#website","url":"https:\/\/www.immobilienbusiness.ch\/","name":"IMMOBILIER Business","description":"Magazine \u00e9conomique suisse ind\u00e9pendant ax\u00e9 sur l'immobilier, l'architecture et la construction ainsi que sur les investissements et le financement.","publisher":{"@id":"https:\/\/www.immobilienbusiness.ch\/#organization"},"potentialAction":[{"@type":"SearchAction","target":{"@type":"EntryPoint","urlTemplate":"https:\/\/www.immobilienbusiness.ch\/?s={search_term_string}"},"query-input":{"@type":"PropertyValueSpecification","valueRequired":true,"valueName":"search_term_string"}}],"inLanguage":"fr-FR"},{"@type":"Organization","@id":"https:\/\/www.immobilienbusiness.ch\/#organization","name":"IMMOBILIER Business","url":"https:\/\/www.immobilienbusiness.ch\/","logo":{"@type":"ImageObject","inLanguage":"fr-FR","@id":"https:\/\/www.immobilienbusiness.ch\/#\/schema\/logo\/image\/","url":"https:\/\/www.immobilienbusiness.ch\/wp-content\/uploads\/2021\/07\/logo_ib.png","contentUrl":"https:\/\/www.immobilienbusiness.ch\/wp-content\/uploads\/2021\/07\/logo_ib.png","width":800,"height":181,"caption":"IMMOBILIEN Business"},"image":{"@id":"https:\/\/www.immobilienbusiness.ch\/#\/schema\/logo\/image\/"},"sameAs":["https:\/\/www.facebook.com\/immobilienbusiness\/"]},{"@type":"Person","@id":"https:\/\/www.immobilienbusiness.ch\/#\/schema\/person\/3fc036297b10b9f42d6db5ee932af8c8","name":"anja.hall","image":{"@type":"ImageObject","inLanguage":"fr-FR","@id":"https:\/\/secure.gravatar.com\/avatar\/066b5a0d447013502c71a5782f4f3469f03cfe595cc2329fb94652fe47511bfb?s=96&d=mm&r=g","url":"https:\/\/secure.gravatar.com\/avatar\/066b5a0d447013502c71a5782f4f3469f03cfe595cc2329fb94652fe47511bfb?s=96&d=mm&r=g","contentUrl":"https:\/\/secure.gravatar.com\/avatar\/066b5a0d447013502c71a5782f4f3469f03cfe595cc2329fb94652fe47511bfb?s=96&d=mm&r=g","caption":"anja.hall"},"url":"https:\/\/www.immobilienbusiness.ch\/fr\/author\/anja-hall\/"}]}},"_links":{"self":[{"href":"https:\/\/www.immobilienbusiness.ch\/fr\/wp-json\/wp\/v2\/posts\/745","targetHints":{"allow":["GET"]}}],"collection":[{"href":"https:\/\/www.immobilienbusiness.ch\/fr\/wp-json\/wp\/v2\/posts"}],"about":[{"href":"https:\/\/www.immobilienbusiness.ch\/fr\/wp-json\/wp\/v2\/types\/post"}],"author":[{"embeddable":true,"href":"https:\/\/www.immobilienbusiness.ch\/fr\/wp-json\/wp\/v2\/users\/3"}],"replies":[{"embeddable":true,"href":"https:\/\/www.immobilienbusiness.ch\/fr\/wp-json\/wp\/v2\/comments?post=745"}],"version-history":[{"count":1,"href":"https:\/\/www.immobilienbusiness.ch\/fr\/wp-json\/wp\/v2\/posts\/745\/revisions"}],"predecessor-version":[{"id":50462,"href":"https:\/\/www.immobilienbusiness.ch\/fr\/wp-json\/wp\/v2\/posts\/745\/revisions\/50462"}],"wp:attachment":[{"href":"https:\/\/www.immobilienbusiness.ch\/fr\/wp-json\/wp\/v2\/media?parent=745"}],"wp:term":[{"taxonomy":"category","embeddable":true,"href":"https:\/\/www.immobilienbusiness.ch\/fr\/wp-json\/wp\/v2\/categories?post=745"},{"taxonomy":"post_tag","embeddable":true,"href":"https:\/\/www.immobilienbusiness.ch\/fr\/wp-json\/wp\/v2\/tags?post=745"}],"curies":[{"name":"wp","href":"https:\/\/api.w.org\/{rel}","templated":true}]}}