{"id":7445,"date":"2017-05-05T08:55:08","date_gmt":"2017-05-05T06:55:08","guid":{"rendered":"https:\/\/www.immobilienbusiness.ch\/?p=7445"},"modified":"2017-05-05T08:55:08","modified_gmt":"2017-05-05T06:55:08","slug":"swiss-finance-property-stuehleruecken-in-der-geschaeftsleitung","status":"publish","type":"post","link":"https:\/\/www.immobilienbusiness.ch\/fr\/unternehmen\/2017-05-05\/swiss-finance-property-stuehleruecken-in-der-geschaeftsleitung\/","title":{"rendered":"Swiss Finance &amp; Property : Changement au sein de la direction g\u00e9n\u00e9rale"},"content":{"rendered":"<figure id=\"attachment_6721\" aria-describedby=\"caption-attachment-6721\" style=\"width: 680px\" class=\"wp-caption alignnone\"><img loading=\"lazy\" decoding=\"async\" class=\"size-medium wp-image-6721\" src=\"https:\/\/www.immobilienbusiness.ch\/wp-content\/uploads\/2017\/03\/Depositphotos_52453617_l-2015.jpg\" alt=\"\" width=\"680\" height=\"440\" srcset=\"https:\/\/www.immobilienbusiness.ch\/wp-content\/uploads\/2017\/03\/Depositphotos_52453617_l-2015.jpg 2000w, https:\/\/www.immobilienbusiness.ch\/wp-content\/uploads\/2017\/03\/Depositphotos_52453617_l-2015-300x194.jpg 300w, https:\/\/www.immobilienbusiness.ch\/wp-content\/uploads\/2017\/03\/Depositphotos_52453617_l-2015-1024x662.jpg 1024w, https:\/\/www.immobilienbusiness.ch\/wp-content\/uploads\/2017\/03\/Depositphotos_52453617_l-2015-768x497.jpg 768w, https:\/\/www.immobilienbusiness.ch\/wp-content\/uploads\/2017\/03\/Depositphotos_52453617_l-2015-1536x993.jpg 1536w, https:\/\/www.immobilienbusiness.ch\/wp-content\/uploads\/2017\/03\/Depositphotos_52453617_l-2015-16x10.jpg 16w, https:\/\/www.immobilienbusiness.ch\/wp-content\/uploads\/2017\/03\/Depositphotos_52453617_l-2015-271x175.jpg 271w, https:\/\/www.immobilienbusiness.ch\/wp-content\/uploads\/2017\/03\/Depositphotos_52453617_l-2015-541x350.jpg 541w, https:\/\/www.immobilienbusiness.ch\/wp-content\/uploads\/2017\/03\/Depositphotos_52453617_l-2015-1237x800.jpg 1237w, https:\/\/www.immobilienbusiness.ch\/wp-content\/uploads\/2017\/03\/Depositphotos_52453617_l-2015-920x595.jpg 920w, https:\/\/www.immobilienbusiness.ch\/wp-content\/uploads\/2017\/03\/Depositphotos_52453617_l-2015-1400x905.jpg 1400w\" sizes=\"auto, (max-width: 680px) 100vw, 680px\" \/><figcaption id=\"caption-attachment-6721\" class=\"wp-caption-text\">R\u00e9organisation au sein des directions de Swiss Finance &amp; Property et de Swiss Finance &amp; Property Funds (Photo : Rawpixel - depositphotos)<\/figcaption><\/figure>\n<p>Urs Kunz a plus de 20 ans d'exp\u00e9rience professionnelle dans l'industrie financi\u00e8re. Derni\u00e8rement, il a dirig\u00e9 les activit\u00e9s avec les clients institutionnels chez Allianz Global Investors. Auparavant, Urs Kunz a travaill\u00e9 pour Merrill Lynch Capital Markets AG, la Deutsche Bank et le Credit Suisse.<\/p>\n<p>Adrian Schenker prend en charge, en tant que CIO, la direction des secteurs nouvellement cr\u00e9\u00e9s Placements immobiliers indirects et Product &amp; Business Development.<\/p>\n<p>Le CEO Hans-Peter Bauer reste \u00e0 la t\u00eate de la direction. Patrick Dobler, CFO SFP Group, et Thomas Prajer, responsable du secteur des placements immobiliers directs, compl\u00e8tent le comit\u00e9 de direction compos\u00e9 de cinq personnes.<\/p>\n<p>La direction \u00e9largie nouvellement form\u00e9e, compos\u00e9e de Stephan Ehrsam (CFO SFP Funds AG), Sushant Sharma (Head Risk Management) et Nicolas Hatt (Head Capital Markets), compl\u00e8te l'\u00e9quipe de direction.<\/p>\n<p>Swiss Finance &amp; Property AG est une soci\u00e9t\u00e9 d'investissement et de conseil sp\u00e9cialis\u00e9e dans l'immobilier, fond\u00e9e en 2001 et sp\u00e9cialis\u00e9e dans la gestion de fortune. La soci\u00e9t\u00e9 Swiss Finance &amp; Property Funds AG, fond\u00e9e en 2006, agit en tant que soci\u00e9t\u00e9 de gestion de fonds ind\u00e9pendante. Les directions des deux entreprises sont occup\u00e9es par les m\u00eames personnes.<\/p>","protected":false},"excerpt":{"rendered":"<p>Urs Kunz rejoint la direction de Swiss Finance &amp; Property AG et de Swiss Finance &amp; Property Funds AG et sera d\u00e9sormais responsable du secteur Marketing &amp; Sales. Adrian Schenker devient CIO et CEO adjoint.<\/p>","protected":false},"author":3,"featured_media":6721,"comment_status":"open","ping_status":"open","sticky":false,"template":"","format":"standard","meta":{"_acf_changed":false,"_yoast_wpseo_focuskw":"Swiss Finance","_yoast_wpseo_title":"","_yoast_wpseo_metadesc":"In den Gesch\u00e4ftsleitungen der Swiss Finance & Property AG und der Swiss Finance & Property Funds AG kommt es zu einigen personellen Neuerungen.","_yoast_wpseo_linkdex":58,"pgc_sgb_lightbox_settings":"","footnotes":""},"categories":[988],"tags":[1045,1563,1807],"class_list":["post-7445","post","type-post","status-publish","format-standard","has-post-thumbnail","hentry","category-unternehmen","tag-asset-management","tag-personalia","tag-unternehmen"],"acf":[],"yoast_head":"<!-- This site is optimized with the Yoast SEO plugin v27.4 - https:\/\/yoast.com\/product\/yoast-seo-wordpress\/ -->\n<title>Swiss Finance &amp; Property: St\u00fchler\u00fccken in der Gesch\u00e4ftsleitung - IMMOBILIEN Business<\/title>\n<meta name=\"description\" content=\"In den Gesch\u00e4ftsleitungen der Swiss Finance &amp; Property AG und der Swiss Finance &amp; Property Funds AG kommt es zu einigen personellen Neuerungen.\" \/>\n<meta name=\"robots\" content=\"index, follow, max-snippet:-1, max-image-preview:large, max-video-preview:-1\" \/>\n<link rel=\"canonical\" href=\"https:\/\/www.immobilienbusiness.ch\/fr\/unternehmen\/2017-05-05\/swiss-finance-property-stuehleruecken-in-der-geschaeftsleitung\/\" \/>\n<meta property=\"og:locale\" content=\"fr_FR\" \/>\n<meta property=\"og:type\" content=\"article\" \/>\n<meta property=\"og:title\" content=\"Swiss Finance &amp; Property: St\u00fchler\u00fccken in der Gesch\u00e4ftsleitung\" \/>\n<meta property=\"og:description\" content=\"In den Gesch\u00e4ftsleitungen der Swiss Finance &amp; Property AG und der Swiss Finance &amp; Property Funds AG kommt es zu einigen personellen Neuerungen.\" \/>\n<meta property=\"og:url\" content=\"https:\/\/www.immobilienbusiness.ch\/fr\/unternehmen\/2017-05-05\/swiss-finance-property-stuehleruecken-in-der-geschaeftsleitung\/\" \/>\n<meta property=\"og:site_name\" content=\"IMMOBILIEN Business\" \/>\n<meta property=\"article:publisher\" content=\"https:\/\/www.facebook.com\/immobilienbusiness\/\" \/>\n<meta property=\"article:published_time\" content=\"2017-05-05T06:55:08+00:00\" \/>\n<meta property=\"og:image\" content=\"https:\/\/www.immobilienbusiness.ch\/wp-content\/uploads\/2017\/03\/Depositphotos_52453617_l-2015-1024x662.jpg\" \/>\n\t<meta property=\"og:image:width\" content=\"1024\" \/>\n\t<meta property=\"og:image:height\" content=\"662\" \/>\n\t<meta property=\"og:image:type\" content=\"image\/jpeg\" \/>\n<meta name=\"author\" content=\"anja.hall\" \/>\n<meta name=\"twitter:card\" content=\"summary_large_image\" \/>\n<meta name=\"twitter:title\" content=\"Swiss Finance &amp; Property: St\u00fchler\u00fccken in der Gesch\u00e4ftsleitung\" \/>\n<meta name=\"twitter:description\" content=\"In den Gesch\u00e4ftsleitungen der Swiss Finance &amp; Property AG und der Swiss Finance &amp; Property Funds AG kommt es zu einigen personellen Neuerungen.\" \/>\n<meta name=\"twitter:image\" content=\"https:\/\/www.immobilienbusiness.ch\/wp-content\/uploads\/2017\/03\/Depositphotos_52453617_l-2015.jpg\" \/>\n<script type=\"application\/ld+json\" class=\"yoast-schema-graph\">{\"@context\":\"https:\\\/\\\/schema.org\",\"@graph\":[{\"@type\":\"Article\",\"@id\":\"https:\\\/\\\/www.immobilienbusiness.ch\\\/unternehmen\\\/2017-05-05\\\/swiss-finance-property-stuehleruecken-in-der-geschaeftsleitung\\\/#article\",\"isPartOf\":{\"@id\":\"https:\\\/\\\/www.immobilienbusiness.ch\\\/unternehmen\\\/2017-05-05\\\/swiss-finance-property-stuehleruecken-in-der-geschaeftsleitung\\\/\"},\"author\":{\"name\":\"anja.hall\",\"@id\":\"https:\\\/\\\/www.immobilienbusiness.ch\\\/#\\\/schema\\\/person\\\/3fc036297b10b9f42d6db5ee932af8c8\"},\"headline\":\"Swiss Finance &#038; Property: St\u00fchler\u00fccken in der Gesch\u00e4ftsleitung\",\"datePublished\":\"2017-05-05T06:55:08+00:00\",\"mainEntityOfPage\":{\"@id\":\"https:\\\/\\\/www.immobilienbusiness.ch\\\/unternehmen\\\/2017-05-05\\\/swiss-finance-property-stuehleruecken-in-der-geschaeftsleitung\\\/\"},\"wordCount\":200,\"commentCount\":0,\"publisher\":{\"@id\":\"https:\\\/\\\/www.immobilienbusiness.ch\\\/#organization\"},\"image\":{\"@id\":\"https:\\\/\\\/www.immobilienbusiness.ch\\\/unternehmen\\\/2017-05-05\\\/swiss-finance-property-stuehleruecken-in-der-geschaeftsleitung\\\/#primaryimage\"},\"thumbnailUrl\":\"https:\\\/\\\/www.immobilienbusiness.ch\\\/wp-content\\\/uploads\\\/2017\\\/03\\\/Depositphotos_52453617_l-2015.jpg\",\"keywords\":[\"Asset Management\",\"Personalia\",\"Unternehmen\"],\"articleSection\":[\"UNTERNEHMEN\"],\"inLanguage\":\"fr-FR\"},{\"@type\":\"WebPage\",\"@id\":\"https:\\\/\\\/www.immobilienbusiness.ch\\\/unternehmen\\\/2017-05-05\\\/swiss-finance-property-stuehleruecken-in-der-geschaeftsleitung\\\/\",\"url\":\"https:\\\/\\\/www.immobilienbusiness.ch\\\/unternehmen\\\/2017-05-05\\\/swiss-finance-property-stuehleruecken-in-der-geschaeftsleitung\\\/\",\"name\":\"Swiss Finance & Property: St\u00fchler\u00fccken in der Gesch\u00e4ftsleitung - IMMOBILIEN Business\",\"isPartOf\":{\"@id\":\"https:\\\/\\\/www.immobilienbusiness.ch\\\/#website\"},\"primaryImageOfPage\":{\"@id\":\"https:\\\/\\\/www.immobilienbusiness.ch\\\/unternehmen\\\/2017-05-05\\\/swiss-finance-property-stuehleruecken-in-der-geschaeftsleitung\\\/#primaryimage\"},\"image\":{\"@id\":\"https:\\\/\\\/www.immobilienbusiness.ch\\\/unternehmen\\\/2017-05-05\\\/swiss-finance-property-stuehleruecken-in-der-geschaeftsleitung\\\/#primaryimage\"},\"thumbnailUrl\":\"https:\\\/\\\/www.immobilienbusiness.ch\\\/wp-content\\\/uploads\\\/2017\\\/03\\\/Depositphotos_52453617_l-2015.jpg\",\"datePublished\":\"2017-05-05T06:55:08+00:00\",\"description\":\"In den Gesch\u00e4ftsleitungen der Swiss Finance & Property AG und der Swiss Finance & Property Funds AG kommt es zu einigen personellen Neuerungen.\",\"breadcrumb\":{\"@id\":\"https:\\\/\\\/www.immobilienbusiness.ch\\\/unternehmen\\\/2017-05-05\\\/swiss-finance-property-stuehleruecken-in-der-geschaeftsleitung\\\/#breadcrumb\"},\"inLanguage\":\"fr-FR\",\"potentialAction\":[{\"@type\":\"ReadAction\",\"target\":[\"https:\\\/\\\/www.immobilienbusiness.ch\\\/unternehmen\\\/2017-05-05\\\/swiss-finance-property-stuehleruecken-in-der-geschaeftsleitung\\\/\"]}]},{\"@type\":\"ImageObject\",\"inLanguage\":\"fr-FR\",\"@id\":\"https:\\\/\\\/www.immobilienbusiness.ch\\\/unternehmen\\\/2017-05-05\\\/swiss-finance-property-stuehleruecken-in-der-geschaeftsleitung\\\/#primaryimage\",\"url\":\"https:\\\/\\\/www.immobilienbusiness.ch\\\/wp-content\\\/uploads\\\/2017\\\/03\\\/Depositphotos_52453617_l-2015.jpg\",\"contentUrl\":\"https:\\\/\\\/www.immobilienbusiness.ch\\\/wp-content\\\/uploads\\\/2017\\\/03\\\/Depositphotos_52453617_l-2015.jpg\",\"width\":2000,\"height\":1293,\"caption\":\"Dominic\u00e9 vermeldet einen Neuzugang im Immobilienbereich (Foto: Rawpixel - depositphotos)\"},{\"@type\":\"BreadcrumbList\",\"@id\":\"https:\\\/\\\/www.immobilienbusiness.ch\\\/unternehmen\\\/2017-05-05\\\/swiss-finance-property-stuehleruecken-in-der-geschaeftsleitung\\\/#breadcrumb\",\"itemListElement\":[{\"@type\":\"ListItem\",\"position\":1,\"name\":\"Home\",\"item\":\"https:\\\/\\\/www.immobilienbusiness.ch\\\/\"},{\"@type\":\"ListItem\",\"position\":2,\"name\":\"Swiss Finance &#038; Property: St\u00fchler\u00fccken in der Gesch\u00e4ftsleitung\"}]},{\"@type\":\"WebSite\",\"@id\":\"https:\\\/\\\/www.immobilienbusiness.ch\\\/#website\",\"url\":\"https:\\\/\\\/www.immobilienbusiness.ch\\\/\",\"name\":\"IMMOBILIEN Business\",\"description\":\"Unabh\u00e4ngiges Schweizer Wirtschaftsmagazin mit Fokus auf Immobilien, Architektur- und Bau sowie Investment- und Finanzierung.\",\"publisher\":{\"@id\":\"https:\\\/\\\/www.immobilienbusiness.ch\\\/#organization\"},\"potentialAction\":[{\"@type\":\"SearchAction\",\"target\":{\"@type\":\"EntryPoint\",\"urlTemplate\":\"https:\\\/\\\/www.immobilienbusiness.ch\\\/?s={search_term_string}\"},\"query-input\":{\"@type\":\"PropertyValueSpecification\",\"valueRequired\":true,\"valueName\":\"search_term_string\"}}],\"inLanguage\":\"fr-FR\"},{\"@type\":\"Organization\",\"@id\":\"https:\\\/\\\/www.immobilienbusiness.ch\\\/#organization\",\"name\":\"IMMOBILIEN Business\",\"url\":\"https:\\\/\\\/www.immobilienbusiness.ch\\\/\",\"logo\":{\"@type\":\"ImageObject\",\"inLanguage\":\"fr-FR\",\"@id\":\"https:\\\/\\\/www.immobilienbusiness.ch\\\/#\\\/schema\\\/logo\\\/image\\\/\",\"url\":\"https:\\\/\\\/www.immobilienbusiness.ch\\\/wp-content\\\/uploads\\\/2021\\\/07\\\/logo_ib.png\",\"contentUrl\":\"https:\\\/\\\/www.immobilienbusiness.ch\\\/wp-content\\\/uploads\\\/2021\\\/07\\\/logo_ib.png\",\"width\":800,\"height\":181,\"caption\":\"IMMOBILIEN Business\"},\"image\":{\"@id\":\"https:\\\/\\\/www.immobilienbusiness.ch\\\/#\\\/schema\\\/logo\\\/image\\\/\"},\"sameAs\":[\"https:\\\/\\\/www.facebook.com\\\/immobilienbusiness\\\/\"]},{\"@type\":\"Person\",\"@id\":\"https:\\\/\\\/www.immobilienbusiness.ch\\\/#\\\/schema\\\/person\\\/3fc036297b10b9f42d6db5ee932af8c8\",\"name\":\"anja.hall\",\"image\":{\"@type\":\"ImageObject\",\"inLanguage\":\"fr-FR\",\"@id\":\"https:\\\/\\\/secure.gravatar.com\\\/avatar\\\/066b5a0d447013502c71a5782f4f3469f03cfe595cc2329fb94652fe47511bfb?s=96&d=mm&r=g\",\"url\":\"https:\\\/\\\/secure.gravatar.com\\\/avatar\\\/066b5a0d447013502c71a5782f4f3469f03cfe595cc2329fb94652fe47511bfb?s=96&d=mm&r=g\",\"contentUrl\":\"https:\\\/\\\/secure.gravatar.com\\\/avatar\\\/066b5a0d447013502c71a5782f4f3469f03cfe595cc2329fb94652fe47511bfb?s=96&d=mm&r=g\",\"caption\":\"anja.hall\"},\"url\":\"https:\\\/\\\/www.immobilienbusiness.ch\\\/fr\\\/author\\\/anja-hall\\\/\"}]}<\/script>\n<!-- \/ Yoast SEO plugin. -->","yoast_head_json":{"title":"Swiss Finance &amp; Property : changement de direction - IMMOBILIER Business","description":"Quelques changements de personnel interviennent au sein des directions de Swiss Finance &amp; Property AG et de Swiss Finance &amp; Property Funds AG.","robots":{"index":"index","follow":"follow","max-snippet":"max-snippet:-1","max-image-preview":"max-image-preview:large","max-video-preview":"max-video-preview:-1"},"canonical":"https:\/\/www.immobilienbusiness.ch\/fr\/unternehmen\/2017-05-05\/swiss-finance-property-stuehleruecken-in-der-geschaeftsleitung\/","og_locale":"fr_FR","og_type":"article","og_title":"Swiss Finance & Property: St\u00fchler\u00fccken in der Gesch\u00e4ftsleitung","og_description":"In den Gesch\u00e4ftsleitungen der Swiss Finance & Property AG und der Swiss Finance & Property Funds AG kommt es zu einigen personellen Neuerungen.","og_url":"https:\/\/www.immobilienbusiness.ch\/fr\/unternehmen\/2017-05-05\/swiss-finance-property-stuehleruecken-in-der-geschaeftsleitung\/","og_site_name":"IMMOBILIEN Business","article_publisher":"https:\/\/www.facebook.com\/immobilienbusiness\/","article_published_time":"2017-05-05T06:55:08+00:00","og_image":[{"width":1024,"height":662,"url":"https:\/\/www.immobilienbusiness.ch\/wp-content\/uploads\/2017\/03\/Depositphotos_52453617_l-2015-1024x662.jpg","type":"image\/jpeg"}],"author":"anja.hall","twitter_card":"summary_large_image","twitter_title":"Swiss Finance & Property: St\u00fchler\u00fccken in der Gesch\u00e4ftsleitung","twitter_description":"In den Gesch\u00e4ftsleitungen der Swiss Finance & Property AG und der Swiss Finance & Property Funds AG kommt es zu einigen personellen Neuerungen.","twitter_image":"https:\/\/www.immobilienbusiness.ch\/wp-content\/uploads\/2017\/03\/Depositphotos_52453617_l-2015.jpg","schema":{"@context":"https:\/\/schema.org","@graph":[{"@type":"Article","@id":"https:\/\/www.immobilienbusiness.ch\/unternehmen\/2017-05-05\/swiss-finance-property-stuehleruecken-in-der-geschaeftsleitung\/#article","isPartOf":{"@id":"https:\/\/www.immobilienbusiness.ch\/unternehmen\/2017-05-05\/swiss-finance-property-stuehleruecken-in-der-geschaeftsleitung\/"},"author":{"name":"anja.hall","@id":"https:\/\/www.immobilienbusiness.ch\/#\/schema\/person\/3fc036297b10b9f42d6db5ee932af8c8"},"headline":"Swiss Finance &#038; Property: St\u00fchler\u00fccken in der Gesch\u00e4ftsleitung","datePublished":"2017-05-05T06:55:08+00:00","mainEntityOfPage":{"@id":"https:\/\/www.immobilienbusiness.ch\/unternehmen\/2017-05-05\/swiss-finance-property-stuehleruecken-in-der-geschaeftsleitung\/"},"wordCount":200,"commentCount":0,"publisher":{"@id":"https:\/\/www.immobilienbusiness.ch\/#organization"},"image":{"@id":"https:\/\/www.immobilienbusiness.ch\/unternehmen\/2017-05-05\/swiss-finance-property-stuehleruecken-in-der-geschaeftsleitung\/#primaryimage"},"thumbnailUrl":"https:\/\/www.immobilienbusiness.ch\/wp-content\/uploads\/2017\/03\/Depositphotos_52453617_l-2015.jpg","keywords":["Asset Management","Personalia","Unternehmen"],"articleSection":["UNTERNEHMEN"],"inLanguage":"fr-FR"},{"@type":"WebPage","@id":"https:\/\/www.immobilienbusiness.ch\/unternehmen\/2017-05-05\/swiss-finance-property-stuehleruecken-in-der-geschaeftsleitung\/","url":"https:\/\/www.immobilienbusiness.ch\/unternehmen\/2017-05-05\/swiss-finance-property-stuehleruecken-in-der-geschaeftsleitung\/","name":"Swiss Finance &amp; Property : changement de direction - IMMOBILIER Business","isPartOf":{"@id":"https:\/\/www.immobilienbusiness.ch\/#website"},"primaryImageOfPage":{"@id":"https:\/\/www.immobilienbusiness.ch\/unternehmen\/2017-05-05\/swiss-finance-property-stuehleruecken-in-der-geschaeftsleitung\/#primaryimage"},"image":{"@id":"https:\/\/www.immobilienbusiness.ch\/unternehmen\/2017-05-05\/swiss-finance-property-stuehleruecken-in-der-geschaeftsleitung\/#primaryimage"},"thumbnailUrl":"https:\/\/www.immobilienbusiness.ch\/wp-content\/uploads\/2017\/03\/Depositphotos_52453617_l-2015.jpg","datePublished":"2017-05-05T06:55:08+00:00","description":"Quelques changements de personnel interviennent au sein des directions de Swiss Finance &amp; Property AG et de Swiss Finance &amp; Property Funds AG.","breadcrumb":{"@id":"https:\/\/www.immobilienbusiness.ch\/unternehmen\/2017-05-05\/swiss-finance-property-stuehleruecken-in-der-geschaeftsleitung\/#breadcrumb"},"inLanguage":"fr-FR","potentialAction":[{"@type":"ReadAction","target":["https:\/\/www.immobilienbusiness.ch\/unternehmen\/2017-05-05\/swiss-finance-property-stuehleruecken-in-der-geschaeftsleitung\/"]}]},{"@type":"ImageObject","inLanguage":"fr-FR","@id":"https:\/\/www.immobilienbusiness.ch\/unternehmen\/2017-05-05\/swiss-finance-property-stuehleruecken-in-der-geschaeftsleitung\/#primaryimage","url":"https:\/\/www.immobilienbusiness.ch\/wp-content\/uploads\/2017\/03\/Depositphotos_52453617_l-2015.jpg","contentUrl":"https:\/\/www.immobilienbusiness.ch\/wp-content\/uploads\/2017\/03\/Depositphotos_52453617_l-2015.jpg","width":2000,"height":1293,"caption":"Dominic\u00e9 vermeldet einen Neuzugang im Immobilienbereich (Foto: Rawpixel - depositphotos)"},{"@type":"BreadcrumbList","@id":"https:\/\/www.immobilienbusiness.ch\/unternehmen\/2017-05-05\/swiss-finance-property-stuehleruecken-in-der-geschaeftsleitung\/#breadcrumb","itemListElement":[{"@type":"ListItem","position":1,"name":"Home","item":"https:\/\/www.immobilienbusiness.ch\/"},{"@type":"ListItem","position":2,"name":"Swiss Finance &#038; Property: St\u00fchler\u00fccken in der Gesch\u00e4ftsleitung"}]},{"@type":"WebSite","@id":"https:\/\/www.immobilienbusiness.ch\/#website","url":"https:\/\/www.immobilienbusiness.ch\/","name":"IMMOBILIER Business","description":"Magazine \u00e9conomique suisse ind\u00e9pendant ax\u00e9 sur l'immobilier, l'architecture et la construction ainsi que sur les investissements et le financement.","publisher":{"@id":"https:\/\/www.immobilienbusiness.ch\/#organization"},"potentialAction":[{"@type":"SearchAction","target":{"@type":"EntryPoint","urlTemplate":"https:\/\/www.immobilienbusiness.ch\/?s={search_term_string}"},"query-input":{"@type":"PropertyValueSpecification","valueRequired":true,"valueName":"search_term_string"}}],"inLanguage":"fr-FR"},{"@type":"Organization","@id":"https:\/\/www.immobilienbusiness.ch\/#organization","name":"IMMOBILIER Business","url":"https:\/\/www.immobilienbusiness.ch\/","logo":{"@type":"ImageObject","inLanguage":"fr-FR","@id":"https:\/\/www.immobilienbusiness.ch\/#\/schema\/logo\/image\/","url":"https:\/\/www.immobilienbusiness.ch\/wp-content\/uploads\/2021\/07\/logo_ib.png","contentUrl":"https:\/\/www.immobilienbusiness.ch\/wp-content\/uploads\/2021\/07\/logo_ib.png","width":800,"height":181,"caption":"IMMOBILIEN Business"},"image":{"@id":"https:\/\/www.immobilienbusiness.ch\/#\/schema\/logo\/image\/"},"sameAs":["https:\/\/www.facebook.com\/immobilienbusiness\/"]},{"@type":"Person","@id":"https:\/\/www.immobilienbusiness.ch\/#\/schema\/person\/3fc036297b10b9f42d6db5ee932af8c8","name":"anja.hall","image":{"@type":"ImageObject","inLanguage":"fr-FR","@id":"https:\/\/secure.gravatar.com\/avatar\/066b5a0d447013502c71a5782f4f3469f03cfe595cc2329fb94652fe47511bfb?s=96&d=mm&r=g","url":"https:\/\/secure.gravatar.com\/avatar\/066b5a0d447013502c71a5782f4f3469f03cfe595cc2329fb94652fe47511bfb?s=96&d=mm&r=g","contentUrl":"https:\/\/secure.gravatar.com\/avatar\/066b5a0d447013502c71a5782f4f3469f03cfe595cc2329fb94652fe47511bfb?s=96&d=mm&r=g","caption":"anja.hall"},"url":"https:\/\/www.immobilienbusiness.ch\/fr\/author\/anja-hall\/"}]}},"_links":{"self":[{"href":"https:\/\/www.immobilienbusiness.ch\/fr\/wp-json\/wp\/v2\/posts\/7445","targetHints":{"allow":["GET"]}}],"collection":[{"href":"https:\/\/www.immobilienbusiness.ch\/fr\/wp-json\/wp\/v2\/posts"}],"about":[{"href":"https:\/\/www.immobilienbusiness.ch\/fr\/wp-json\/wp\/v2\/types\/post"}],"author":[{"embeddable":true,"href":"https:\/\/www.immobilienbusiness.ch\/fr\/wp-json\/wp\/v2\/users\/3"}],"replies":[{"embeddable":true,"href":"https:\/\/www.immobilienbusiness.ch\/fr\/wp-json\/wp\/v2\/comments?post=7445"}],"version-history":[{"count":0,"href":"https:\/\/www.immobilienbusiness.ch\/fr\/wp-json\/wp\/v2\/posts\/7445\/revisions"}],"wp:featuredmedia":[{"embeddable":true,"href":"https:\/\/www.immobilienbusiness.ch\/fr\/wp-json\/wp\/v2\/media\/6721"}],"wp:attachment":[{"href":"https:\/\/www.immobilienbusiness.ch\/fr\/wp-json\/wp\/v2\/media?parent=7445"}],"wp:term":[{"taxonomy":"category","embeddable":true,"href":"https:\/\/www.immobilienbusiness.ch\/fr\/wp-json\/wp\/v2\/categories?post=7445"},{"taxonomy":"post_tag","embeddable":true,"href":"https:\/\/www.immobilienbusiness.ch\/fr\/wp-json\/wp\/v2\/tags?post=7445"}],"curies":[{"name":"wp","href":"https:\/\/api.w.org\/{rel}","templated":true}]}}