{"id":7327,"date":"2017-04-27T10:01:01","date_gmt":"2017-04-27T08:01:01","guid":{"rendered":"https:\/\/www.immobilienbusiness.ch\/?p=7327"},"modified":"2017-04-27T10:01:01","modified_gmt":"2017-04-27T08:01:01","slug":"basel-soll-eine-trinationale-s-bahn-bekommen","status":"publish","type":"post","link":"https:\/\/www.immobilienbusiness.ch\/fr\/regionen\/2017-04-27\/basel-soll-eine-trinationale-s-bahn-bekommen\/","title":{"rendered":"B\u00e2le se dote d'un S-Bahn trinational"},"content":{"rendered":"<figure id=\"attachment_7328\" aria-describedby=\"caption-attachment-7328\" style=\"width: 680px\" class=\"wp-caption alignnone\"><img loading=\"lazy\" decoding=\"async\" class=\"wp-image-7328 size-medium\" src=\"https:\/\/www.immobilienbusiness.ch\/wp-content\/uploads\/2017\/04\/20170413_HdM_Abb14-Hauptpost_mail.jpg\" alt=\"\" width=\"680\" height=\"607\" srcset=\"https:\/\/www.immobilienbusiness.ch\/wp-content\/uploads\/2017\/04\/20170413_HdM_Abb14-Hauptpost_mail.jpg 2560w, https:\/\/www.immobilienbusiness.ch\/wp-content\/uploads\/2017\/04\/20170413_HdM_Abb14-Hauptpost_mail-300x268.jpg 300w, https:\/\/www.immobilienbusiness.ch\/wp-content\/uploads\/2017\/04\/20170413_HdM_Abb14-Hauptpost_mail-1024x914.jpg 1024w, https:\/\/www.immobilienbusiness.ch\/wp-content\/uploads\/2017\/04\/20170413_HdM_Abb14-Hauptpost_mail-768x685.jpg 768w, https:\/\/www.immobilienbusiness.ch\/wp-content\/uploads\/2017\/04\/20170413_HdM_Abb14-Hauptpost_mail-1536x1370.jpg 1536w, https:\/\/www.immobilienbusiness.ch\/wp-content\/uploads\/2017\/04\/20170413_HdM_Abb14-Hauptpost_mail-2048x1827.jpg 2048w, https:\/\/www.immobilienbusiness.ch\/wp-content\/uploads\/2017\/04\/20170413_HdM_Abb14-Hauptpost_mail-13x12.jpg 13w, https:\/\/www.immobilienbusiness.ch\/wp-content\/uploads\/2017\/04\/20170413_HdM_Abb14-Hauptpost_mail-196x175.jpg 196w, https:\/\/www.immobilienbusiness.ch\/wp-content\/uploads\/2017\/04\/20170413_HdM_Abb14-Hauptpost_mail-392x350.jpg 392w, https:\/\/www.immobilienbusiness.ch\/wp-content\/uploads\/2017\/04\/20170413_HdM_Abb14-Hauptpost_mail-897x800.jpg 897w, https:\/\/www.immobilienbusiness.ch\/wp-content\/uploads\/2017\/04\/20170413_HdM_Abb14-Hauptpost_mail-920x821.jpg 920w, https:\/\/www.immobilienbusiness.ch\/wp-content\/uploads\/2017\/04\/20170413_HdM_Abb14-Hauptpost_mail-1400x1249.jpg 1400w, https:\/\/www.immobilienbusiness.ch\/wp-content\/uploads\/2017\/04\/20170413_HdM_Abb14-Hauptpost_mail-1569x1400.jpg 1569w\" sizes=\"auto, (max-width: 680px) 100vw, 680px\" \/><figcaption id=\"caption-attachment-7328\" class=\"wp-caption-text\">Visualisation de l'arr\u00eat de RER \"Mitte\", sortie Hauptpost (source : Herzog de Meuron)<\/figcaption><\/figure>\n<p>Les cantons de B\u00e2le-Ville et de B\u00e2le-Campagne, les CFF, la Deutsche Bahn (DB) et l'Office f\u00e9d\u00e9ral des transports (OFT) ont pr\u00e9sent\u00e9 le 26 avril les r\u00e9sultats de leurs planifications. Il en ressort qu'une liaison en tunnel entre la gare de B\u00e2le CFF et la gare badoise est la condition sine qua non pour des cadences plus denses, moins de changements de train, des temps de trajet plus courts et un d\u00e9sengorgement des lignes de tram qui traversent le centre-ville de B\u00e2le.<\/p>\n<p>Le tron\u00e7on en tunnel doit \u00eatre reli\u00e9 en surface \u00e0 la gare CFF, \u00e0 la gare badoise et \u00e0 la gare St. Johann. Le trac\u00e9 part de la gare CFF, passe d'abord par le chemin de fer d'Alsace, plonge \u00e0 l'ouest du zoo et atteint en arc de cercle, via la Sch\u00fctzenmatte, une nouvelle station souterraine qui devrait s'appeler \"B\u00e2le Mitte\". La ligne passe ensuite sous le Rhin, dessert le site de Klybeck avec un autre nouvel arr\u00eat et atteint la gare badoise par le nord. A partir de l'arr\u00eat Mitte, une bifurcation sera mise en place pour relier la gare St. Johann et, de l\u00e0, l'EuroAirport au r\u00e9seau RER.<\/p>\n<p>Du point de vue des participants au projet, cette variante est particuli\u00e8rement attrayante du point de vue urbanistique, car elle permet de desservir non seulement le centre-ville, mais aussi le grand p\u00f4le de d\u00e9veloppement de B\u00e2le Nord. La gare CFF offre la possibilit\u00e9 de cr\u00e9er un deuxi\u00e8me acc\u00e8s aux quais en rempla\u00e7ant le pont Margarethenbr\u00fccke par une nouvelle place Margarethenplatz et en la reliant directement aux quais. Il en r\u00e9sulterait un lieu de transbordement urbain attractif entre le tram, le bus et le train, un acc\u00e8s plus direct au centre-ville et un nouveau portail de la gare, expliquent les responsables du projet dans un communiqu\u00e9 de presse.<\/p>\n<p>Le co\u00fbt total du projet s'\u00e9l\u00e8vera \u00e0 environ 2,8 milliards de CHF. A cela s'ajoutent les investissements pr\u00e9vus sur les lignes d'acc\u00e8s en Suisse, en Allemagne et en direction de l'EuroAirport. Selon les estimations actuelles, les co\u00fbts d'investissement totaux pour toutes les mesures en faveur du RER trinational s'\u00e9l\u00e8vent \u00e0 4,25 milliards de CHF.<\/p>","protected":false},"excerpt":{"rendered":"<p>La r\u00e9gion de B\u00e2le doit se doter d'un nouveau RER avec une liaison souterraine entre la gare CFF et la gare badoise, ainsi que la gare St-Jean. Le trac\u00e9 est d\u00e9sormais fix\u00e9. <\/p>","protected":false},"author":3,"featured_media":7328,"comment_status":"open","ping_status":"open","sticky":false,"template":"","format":"standard","meta":{"_acf_changed":false,"_yoast_wpseo_focuskw":"S-Bahn","_yoast_wpseo_title":"","_yoast_wpseo_metadesc":"Die Region Basel soll eine neue S-Bahn erhalten - nun steht die Linienf\u00fchrung fest.","_yoast_wpseo_linkdex":88,"pgc_sgb_lightbox_settings":"","footnotes":""},"categories":[985],"tags":[1069,1365,1529,1629],"class_list":["post-7327","post","type-post","status-publish","format-standard","has-post-thumbnail","hentry","category-regionen","tag-basel","tag-infrastruktur","tag-nord-west-schweiz","tag-regionen"],"acf":[],"yoast_head":"<!-- This site is optimized with the Yoast SEO plugin v27.4 - https:\/\/yoast.com\/product\/yoast-seo-wordpress\/ -->\n<title>Basel soll eine trinationale S-Bahn bekommen - IMMOBILIEN Business<\/title>\n<meta name=\"description\" content=\"Die Region Basel soll eine neue S-Bahn erhalten - nun steht die Linienf\u00fchrung fest.\" \/>\n<meta name=\"robots\" content=\"index, follow, max-snippet:-1, max-image-preview:large, max-video-preview:-1\" \/>\n<link rel=\"canonical\" href=\"https:\/\/www.immobilienbusiness.ch\/fr\/regionen\/2017-04-27\/basel-soll-eine-trinationale-s-bahn-bekommen\/\" \/>\n<meta property=\"og:locale\" content=\"fr_FR\" \/>\n<meta property=\"og:type\" content=\"article\" \/>\n<meta property=\"og:title\" content=\"Basel soll eine trinationale S-Bahn bekommen\" \/>\n<meta property=\"og:description\" content=\"Die Region Basel soll eine neue S-Bahn erhalten - nun steht die Linienf\u00fchrung fest.\" \/>\n<meta property=\"og:url\" content=\"https:\/\/www.immobilienbusiness.ch\/fr\/regionen\/2017-04-27\/basel-soll-eine-trinationale-s-bahn-bekommen\/\" \/>\n<meta property=\"og:site_name\" content=\"IMMOBILIEN Business\" \/>\n<meta property=\"article:publisher\" content=\"https:\/\/www.facebook.com\/immobilienbusiness\/\" \/>\n<meta property=\"article:published_time\" content=\"2017-04-27T08:01:01+00:00\" \/>\n<meta property=\"og:image\" content=\"https:\/\/www.immobilienbusiness.ch\/wp-content\/uploads\/2017\/04\/20170413_HdM_Abb14-Hauptpost_mail-1024x914.jpg\" \/>\n\t<meta property=\"og:image:width\" content=\"1024\" \/>\n\t<meta property=\"og:image:height\" content=\"914\" \/>\n\t<meta property=\"og:image:type\" content=\"image\/jpeg\" \/>\n<meta name=\"author\" content=\"anja.hall\" \/>\n<meta name=\"twitter:card\" content=\"summary_large_image\" \/>\n<meta name=\"twitter:title\" content=\"Basel soll eine trinationale S-Bahn bekommen\" \/>\n<meta name=\"twitter:description\" content=\"Die Region Basel soll eine neue S-Bahn erhalten - nun steht die Linienf\u00fchrung fest.\" \/>\n<meta name=\"twitter:image\" content=\"https:\/\/www.immobilienbusiness.ch\/wp-content\/uploads\/2017\/04\/20170413_HdM_Abb14-Hauptpost_mail.jpg\" \/>\n<script type=\"application\/ld+json\" class=\"yoast-schema-graph\">{\"@context\":\"https:\\\/\\\/schema.org\",\"@graph\":[{\"@type\":\"Article\",\"@id\":\"https:\\\/\\\/www.immobilienbusiness.ch\\\/it\\\/regionen\\\/2017-04-27\\\/basel-soll-eine-trinationale-s-bahn-bekommen\\\/#article\",\"isPartOf\":{\"@id\":\"https:\\\/\\\/www.immobilienbusiness.ch\\\/it\\\/regionen\\\/2017-04-27\\\/basel-soll-eine-trinationale-s-bahn-bekommen\\\/\"},\"author\":{\"name\":\"anja.hall\",\"@id\":\"https:\\\/\\\/www.immobilienbusiness.ch\\\/#\\\/schema\\\/person\\\/3fc036297b10b9f42d6db5ee932af8c8\"},\"headline\":\"Basel soll eine trinationale S-Bahn bekommen\",\"datePublished\":\"2017-04-27T08:01:01+00:00\",\"mainEntityOfPage\":{\"@id\":\"https:\\\/\\\/www.immobilienbusiness.ch\\\/it\\\/regionen\\\/2017-04-27\\\/basel-soll-eine-trinationale-s-bahn-bekommen\\\/\"},\"wordCount\":306,\"commentCount\":0,\"publisher\":{\"@id\":\"https:\\\/\\\/www.immobilienbusiness.ch\\\/#organization\"},\"image\":{\"@id\":\"https:\\\/\\\/www.immobilienbusiness.ch\\\/it\\\/regionen\\\/2017-04-27\\\/basel-soll-eine-trinationale-s-bahn-bekommen\\\/#primaryimage\"},\"thumbnailUrl\":\"https:\\\/\\\/www.immobilienbusiness.ch\\\/wp-content\\\/uploads\\\/2017\\\/04\\\/20170413_HdM_Abb14-Hauptpost_mail.jpg\",\"keywords\":[\"Basel\",\"Infrastruktur\",\"Nord-West-Schweiz\",\"Regionen\"],\"articleSection\":[\"REGIONEN\"],\"inLanguage\":\"fr-FR\"},{\"@type\":\"WebPage\",\"@id\":\"https:\\\/\\\/www.immobilienbusiness.ch\\\/it\\\/regionen\\\/2017-04-27\\\/basel-soll-eine-trinationale-s-bahn-bekommen\\\/\",\"url\":\"https:\\\/\\\/www.immobilienbusiness.ch\\\/it\\\/regionen\\\/2017-04-27\\\/basel-soll-eine-trinationale-s-bahn-bekommen\\\/\",\"name\":\"Basel soll eine trinationale S-Bahn bekommen - IMMOBILIEN Business\",\"isPartOf\":{\"@id\":\"https:\\\/\\\/www.immobilienbusiness.ch\\\/#website\"},\"primaryImageOfPage\":{\"@id\":\"https:\\\/\\\/www.immobilienbusiness.ch\\\/it\\\/regionen\\\/2017-04-27\\\/basel-soll-eine-trinationale-s-bahn-bekommen\\\/#primaryimage\"},\"image\":{\"@id\":\"https:\\\/\\\/www.immobilienbusiness.ch\\\/it\\\/regionen\\\/2017-04-27\\\/basel-soll-eine-trinationale-s-bahn-bekommen\\\/#primaryimage\"},\"thumbnailUrl\":\"https:\\\/\\\/www.immobilienbusiness.ch\\\/wp-content\\\/uploads\\\/2017\\\/04\\\/20170413_HdM_Abb14-Hauptpost_mail.jpg\",\"datePublished\":\"2017-04-27T08:01:01+00:00\",\"description\":\"Die Region Basel soll eine neue S-Bahn erhalten - nun steht die Linienf\u00fchrung fest.\",\"breadcrumb\":{\"@id\":\"https:\\\/\\\/www.immobilienbusiness.ch\\\/it\\\/regionen\\\/2017-04-27\\\/basel-soll-eine-trinationale-s-bahn-bekommen\\\/#breadcrumb\"},\"inLanguage\":\"fr-FR\",\"potentialAction\":[{\"@type\":\"ReadAction\",\"target\":[\"https:\\\/\\\/www.immobilienbusiness.ch\\\/it\\\/regionen\\\/2017-04-27\\\/basel-soll-eine-trinationale-s-bahn-bekommen\\\/\"]}]},{\"@type\":\"ImageObject\",\"inLanguage\":\"fr-FR\",\"@id\":\"https:\\\/\\\/www.immobilienbusiness.ch\\\/it\\\/regionen\\\/2017-04-27\\\/basel-soll-eine-trinationale-s-bahn-bekommen\\\/#primaryimage\",\"url\":\"https:\\\/\\\/www.immobilienbusiness.ch\\\/wp-content\\\/uploads\\\/2017\\\/04\\\/20170413_HdM_Abb14-Hauptpost_mail.jpg\",\"contentUrl\":\"https:\\\/\\\/www.immobilienbusiness.ch\\\/wp-content\\\/uploads\\\/2017\\\/04\\\/20170413_HdM_Abb14-Hauptpost_mail.jpg\",\"width\":2560,\"height\":2284},{\"@type\":\"BreadcrumbList\",\"@id\":\"https:\\\/\\\/www.immobilienbusiness.ch\\\/it\\\/regionen\\\/2017-04-27\\\/basel-soll-eine-trinationale-s-bahn-bekommen\\\/#breadcrumb\",\"itemListElement\":[{\"@type\":\"ListItem\",\"position\":1,\"name\":\"Home\",\"item\":\"https:\\\/\\\/www.immobilienbusiness.ch\\\/\"},{\"@type\":\"ListItem\",\"position\":2,\"name\":\"Basel soll eine trinationale S-Bahn bekommen\"}]},{\"@type\":\"WebSite\",\"@id\":\"https:\\\/\\\/www.immobilienbusiness.ch\\\/#website\",\"url\":\"https:\\\/\\\/www.immobilienbusiness.ch\\\/\",\"name\":\"IMMOBILIEN Business\",\"description\":\"Unabh\u00e4ngiges Schweizer Wirtschaftsmagazin mit Fokus auf Immobilien, Architektur- und Bau sowie Investment- und Finanzierung.\",\"publisher\":{\"@id\":\"https:\\\/\\\/www.immobilienbusiness.ch\\\/#organization\"},\"potentialAction\":[{\"@type\":\"SearchAction\",\"target\":{\"@type\":\"EntryPoint\",\"urlTemplate\":\"https:\\\/\\\/www.immobilienbusiness.ch\\\/?s={search_term_string}\"},\"query-input\":{\"@type\":\"PropertyValueSpecification\",\"valueRequired\":true,\"valueName\":\"search_term_string\"}}],\"inLanguage\":\"fr-FR\"},{\"@type\":\"Organization\",\"@id\":\"https:\\\/\\\/www.immobilienbusiness.ch\\\/#organization\",\"name\":\"IMMOBILIEN Business\",\"url\":\"https:\\\/\\\/www.immobilienbusiness.ch\\\/\",\"logo\":{\"@type\":\"ImageObject\",\"inLanguage\":\"fr-FR\",\"@id\":\"https:\\\/\\\/www.immobilienbusiness.ch\\\/#\\\/schema\\\/logo\\\/image\\\/\",\"url\":\"https:\\\/\\\/www.immobilienbusiness.ch\\\/wp-content\\\/uploads\\\/2021\\\/07\\\/logo_ib.png\",\"contentUrl\":\"https:\\\/\\\/www.immobilienbusiness.ch\\\/wp-content\\\/uploads\\\/2021\\\/07\\\/logo_ib.png\",\"width\":800,\"height\":181,\"caption\":\"IMMOBILIEN Business\"},\"image\":{\"@id\":\"https:\\\/\\\/www.immobilienbusiness.ch\\\/#\\\/schema\\\/logo\\\/image\\\/\"},\"sameAs\":[\"https:\\\/\\\/www.facebook.com\\\/immobilienbusiness\\\/\"]},{\"@type\":\"Person\",\"@id\":\"https:\\\/\\\/www.immobilienbusiness.ch\\\/#\\\/schema\\\/person\\\/3fc036297b10b9f42d6db5ee932af8c8\",\"name\":\"anja.hall\",\"image\":{\"@type\":\"ImageObject\",\"inLanguage\":\"fr-FR\",\"@id\":\"https:\\\/\\\/secure.gravatar.com\\\/avatar\\\/066b5a0d447013502c71a5782f4f3469f03cfe595cc2329fb94652fe47511bfb?s=96&d=mm&r=g\",\"url\":\"https:\\\/\\\/secure.gravatar.com\\\/avatar\\\/066b5a0d447013502c71a5782f4f3469f03cfe595cc2329fb94652fe47511bfb?s=96&d=mm&r=g\",\"contentUrl\":\"https:\\\/\\\/secure.gravatar.com\\\/avatar\\\/066b5a0d447013502c71a5782f4f3469f03cfe595cc2329fb94652fe47511bfb?s=96&d=mm&r=g\",\"caption\":\"anja.hall\"},\"url\":\"https:\\\/\\\/www.immobilienbusiness.ch\\\/fr\\\/author\\\/anja-hall\\\/\"}]}<\/script>\n<!-- \/ Yoast SEO plugin. -->","yoast_head_json":{"title":"B\u00e2le doit se doter d'un RER trinational - IMMOBILIER Business","description":"La r\u00e9gion de B\u00e2le doit se doter d'un nouveau RER - le trac\u00e9 est d\u00e9sormais connu.","robots":{"index":"index","follow":"follow","max-snippet":"max-snippet:-1","max-image-preview":"max-image-preview:large","max-video-preview":"max-video-preview:-1"},"canonical":"https:\/\/www.immobilienbusiness.ch\/fr\/regionen\/2017-04-27\/basel-soll-eine-trinationale-s-bahn-bekommen\/","og_locale":"fr_FR","og_type":"article","og_title":"Basel soll eine trinationale S-Bahn bekommen","og_description":"Die Region Basel soll eine neue S-Bahn erhalten - nun steht die Linienf\u00fchrung fest.","og_url":"https:\/\/www.immobilienbusiness.ch\/fr\/regionen\/2017-04-27\/basel-soll-eine-trinationale-s-bahn-bekommen\/","og_site_name":"IMMOBILIEN Business","article_publisher":"https:\/\/www.facebook.com\/immobilienbusiness\/","article_published_time":"2017-04-27T08:01:01+00:00","og_image":[{"width":1024,"height":914,"url":"https:\/\/www.immobilienbusiness.ch\/wp-content\/uploads\/2017\/04\/20170413_HdM_Abb14-Hauptpost_mail-1024x914.jpg","type":"image\/jpeg"}],"author":"anja.hall","twitter_card":"summary_large_image","twitter_title":"Basel soll eine trinationale S-Bahn bekommen","twitter_description":"Die Region Basel soll eine neue S-Bahn erhalten - nun steht die Linienf\u00fchrung fest.","twitter_image":"https:\/\/www.immobilienbusiness.ch\/wp-content\/uploads\/2017\/04\/20170413_HdM_Abb14-Hauptpost_mail.jpg","schema":{"@context":"https:\/\/schema.org","@graph":[{"@type":"Article","@id":"https:\/\/www.immobilienbusiness.ch\/it\/regionen\/2017-04-27\/basel-soll-eine-trinationale-s-bahn-bekommen\/#article","isPartOf":{"@id":"https:\/\/www.immobilienbusiness.ch\/it\/regionen\/2017-04-27\/basel-soll-eine-trinationale-s-bahn-bekommen\/"},"author":{"name":"anja.hall","@id":"https:\/\/www.immobilienbusiness.ch\/#\/schema\/person\/3fc036297b10b9f42d6db5ee932af8c8"},"headline":"Basel soll eine trinationale S-Bahn bekommen","datePublished":"2017-04-27T08:01:01+00:00","mainEntityOfPage":{"@id":"https:\/\/www.immobilienbusiness.ch\/it\/regionen\/2017-04-27\/basel-soll-eine-trinationale-s-bahn-bekommen\/"},"wordCount":306,"commentCount":0,"publisher":{"@id":"https:\/\/www.immobilienbusiness.ch\/#organization"},"image":{"@id":"https:\/\/www.immobilienbusiness.ch\/it\/regionen\/2017-04-27\/basel-soll-eine-trinationale-s-bahn-bekommen\/#primaryimage"},"thumbnailUrl":"https:\/\/www.immobilienbusiness.ch\/wp-content\/uploads\/2017\/04\/20170413_HdM_Abb14-Hauptpost_mail.jpg","keywords":["Basel","Infrastruktur","Nord-West-Schweiz","Regionen"],"articleSection":["REGIONEN"],"inLanguage":"fr-FR"},{"@type":"WebPage","@id":"https:\/\/www.immobilienbusiness.ch\/it\/regionen\/2017-04-27\/basel-soll-eine-trinationale-s-bahn-bekommen\/","url":"https:\/\/www.immobilienbusiness.ch\/it\/regionen\/2017-04-27\/basel-soll-eine-trinationale-s-bahn-bekommen\/","name":"B\u00e2le doit se doter d'un RER trinational - IMMOBILIER Business","isPartOf":{"@id":"https:\/\/www.immobilienbusiness.ch\/#website"},"primaryImageOfPage":{"@id":"https:\/\/www.immobilienbusiness.ch\/it\/regionen\/2017-04-27\/basel-soll-eine-trinationale-s-bahn-bekommen\/#primaryimage"},"image":{"@id":"https:\/\/www.immobilienbusiness.ch\/it\/regionen\/2017-04-27\/basel-soll-eine-trinationale-s-bahn-bekommen\/#primaryimage"},"thumbnailUrl":"https:\/\/www.immobilienbusiness.ch\/wp-content\/uploads\/2017\/04\/20170413_HdM_Abb14-Hauptpost_mail.jpg","datePublished":"2017-04-27T08:01:01+00:00","description":"La r\u00e9gion de B\u00e2le doit se doter d'un nouveau RER - le trac\u00e9 est d\u00e9sormais connu.","breadcrumb":{"@id":"https:\/\/www.immobilienbusiness.ch\/it\/regionen\/2017-04-27\/basel-soll-eine-trinationale-s-bahn-bekommen\/#breadcrumb"},"inLanguage":"fr-FR","potentialAction":[{"@type":"ReadAction","target":["https:\/\/www.immobilienbusiness.ch\/it\/regionen\/2017-04-27\/basel-soll-eine-trinationale-s-bahn-bekommen\/"]}]},{"@type":"ImageObject","inLanguage":"fr-FR","@id":"https:\/\/www.immobilienbusiness.ch\/it\/regionen\/2017-04-27\/basel-soll-eine-trinationale-s-bahn-bekommen\/#primaryimage","url":"https:\/\/www.immobilienbusiness.ch\/wp-content\/uploads\/2017\/04\/20170413_HdM_Abb14-Hauptpost_mail.jpg","contentUrl":"https:\/\/www.immobilienbusiness.ch\/wp-content\/uploads\/2017\/04\/20170413_HdM_Abb14-Hauptpost_mail.jpg","width":2560,"height":2284},{"@type":"BreadcrumbList","@id":"https:\/\/www.immobilienbusiness.ch\/it\/regionen\/2017-04-27\/basel-soll-eine-trinationale-s-bahn-bekommen\/#breadcrumb","itemListElement":[{"@type":"ListItem","position":1,"name":"Home","item":"https:\/\/www.immobilienbusiness.ch\/"},{"@type":"ListItem","position":2,"name":"Basel soll eine trinationale S-Bahn bekommen"}]},{"@type":"WebSite","@id":"https:\/\/www.immobilienbusiness.ch\/#website","url":"https:\/\/www.immobilienbusiness.ch\/","name":"IMMOBILIER Business","description":"Magazine \u00e9conomique suisse ind\u00e9pendant ax\u00e9 sur l'immobilier, l'architecture et la construction ainsi que sur les investissements et le financement.","publisher":{"@id":"https:\/\/www.immobilienbusiness.ch\/#organization"},"potentialAction":[{"@type":"SearchAction","target":{"@type":"EntryPoint","urlTemplate":"https:\/\/www.immobilienbusiness.ch\/?s={search_term_string}"},"query-input":{"@type":"PropertyValueSpecification","valueRequired":true,"valueName":"search_term_string"}}],"inLanguage":"fr-FR"},{"@type":"Organization","@id":"https:\/\/www.immobilienbusiness.ch\/#organization","name":"IMMOBILIER Business","url":"https:\/\/www.immobilienbusiness.ch\/","logo":{"@type":"ImageObject","inLanguage":"fr-FR","@id":"https:\/\/www.immobilienbusiness.ch\/#\/schema\/logo\/image\/","url":"https:\/\/www.immobilienbusiness.ch\/wp-content\/uploads\/2021\/07\/logo_ib.png","contentUrl":"https:\/\/www.immobilienbusiness.ch\/wp-content\/uploads\/2021\/07\/logo_ib.png","width":800,"height":181,"caption":"IMMOBILIEN Business"},"image":{"@id":"https:\/\/www.immobilienbusiness.ch\/#\/schema\/logo\/image\/"},"sameAs":["https:\/\/www.facebook.com\/immobilienbusiness\/"]},{"@type":"Person","@id":"https:\/\/www.immobilienbusiness.ch\/#\/schema\/person\/3fc036297b10b9f42d6db5ee932af8c8","name":"anja.hall","image":{"@type":"ImageObject","inLanguage":"fr-FR","@id":"https:\/\/secure.gravatar.com\/avatar\/066b5a0d447013502c71a5782f4f3469f03cfe595cc2329fb94652fe47511bfb?s=96&d=mm&r=g","url":"https:\/\/secure.gravatar.com\/avatar\/066b5a0d447013502c71a5782f4f3469f03cfe595cc2329fb94652fe47511bfb?s=96&d=mm&r=g","contentUrl":"https:\/\/secure.gravatar.com\/avatar\/066b5a0d447013502c71a5782f4f3469f03cfe595cc2329fb94652fe47511bfb?s=96&d=mm&r=g","caption":"anja.hall"},"url":"https:\/\/www.immobilienbusiness.ch\/fr\/author\/anja-hall\/"}]}},"_links":{"self":[{"href":"https:\/\/www.immobilienbusiness.ch\/fr\/wp-json\/wp\/v2\/posts\/7327","targetHints":{"allow":["GET"]}}],"collection":[{"href":"https:\/\/www.immobilienbusiness.ch\/fr\/wp-json\/wp\/v2\/posts"}],"about":[{"href":"https:\/\/www.immobilienbusiness.ch\/fr\/wp-json\/wp\/v2\/types\/post"}],"author":[{"embeddable":true,"href":"https:\/\/www.immobilienbusiness.ch\/fr\/wp-json\/wp\/v2\/users\/3"}],"replies":[{"embeddable":true,"href":"https:\/\/www.immobilienbusiness.ch\/fr\/wp-json\/wp\/v2\/comments?post=7327"}],"version-history":[{"count":0,"href":"https:\/\/www.immobilienbusiness.ch\/fr\/wp-json\/wp\/v2\/posts\/7327\/revisions"}],"wp:featuredmedia":[{"embeddable":true,"href":"https:\/\/www.immobilienbusiness.ch\/fr\/wp-json\/wp\/v2\/media\/7328"}],"wp:attachment":[{"href":"https:\/\/www.immobilienbusiness.ch\/fr\/wp-json\/wp\/v2\/media?parent=7327"}],"wp:term":[{"taxonomy":"category","embeddable":true,"href":"https:\/\/www.immobilienbusiness.ch\/fr\/wp-json\/wp\/v2\/categories?post=7327"},{"taxonomy":"post_tag","embeddable":true,"href":"https:\/\/www.immobilienbusiness.ch\/fr\/wp-json\/wp\/v2\/tags?post=7327"}],"curies":[{"name":"wp","href":"https:\/\/api.w.org\/{rel}","templated":true}]}}