{"id":7278,"date":"2017-04-25T08:59:31","date_gmt":"2017-04-25T06:59:31","guid":{"rendered":"https:\/\/www.immobilienbusiness.ch\/?p=7278"},"modified":"2017-04-25T08:59:31","modified_gmt":"2017-04-25T06:59:31","slug":"kapitalerhoehung-fuer-den-swiss-life-fonds-commercial-properties-switzerland","status":"publish","type":"post","link":"https:\/\/www.immobilienbusiness.ch\/fr\/unternehmen\/2017-04-25\/kapitalerhoehung-fuer-den-swiss-life-fonds-commercial-properties-switzerland\/","title":{"rendered":"Augmentation de capital pour le fonds Swiss Life Commercial Properties Switzerland"},"content":{"rendered":"<figure id=\"attachment_7124\" aria-describedby=\"caption-attachment-7124\" style=\"width: 640px\" class=\"wp-caption alignnone\"><img loading=\"lazy\" decoding=\"async\" class=\"size-full wp-image-7124\" src=\"https:\/\/www.immobilienbusiness.ch\/wp-content\/uploads\/2017\/04\/IB-News-10042017-UBS-Kapitalerh\u00f6hung-Fonds-Swissreal.jpg\" alt=\"\" width=\"640\" height=\"426\" \/><figcaption id=\"caption-attachment-7124\" class=\"wp-caption-text\">Le fonds Swiss Life Commercial Properties Switzerland cherche de l'argent frais (Image : Pixabay)<\/figcaption><\/figure>\n<p>Au total, jusqu'\u00e0 77.143 nouvelles parts du fonds Commercial Properties Switzerland seront \u00e9mises, ce qui correspond \u00e0 un produit d'\u00e9mission d'environ 90 millions de CHF. Le produit de l'\u00e9mission doit permettre de r\u00e9duire le taux d'endettement, de sorte que les futurs achats d'immeubles puissent \u00e0 nouveau \u00eatre financ\u00e9s par des emprunts, indique la direction du fonds. Les fonds doivent en outre \u00eatre affect\u00e9s au renouvellement et au d\u00e9veloppement du portefeuille.<\/p>\n<p>Dans le cadre de l'augmentation de capital, sept parts actuelles donnent droit \u00e0 une nouvelle part. Les parts peuvent \u00eatre acquises sur la base de la valeur nette d'inventaire. L'\u00e9mission est r\u00e9alis\u00e9e \u00e0 la commission (best-effort basis) dans le cadre d'une offre de souscription, il n'y a pas de n\u00e9goce de droits de souscription. La direction du fonds se r\u00e9serve le droit de placer, le cas \u00e9ch\u00e9ant, les parts non souscrites sur le march\u00e9 aupr\u00e8s de nouveaux investisseurs.<\/p>\n<p>Le fonds Swiss Life REF (LUX) Commercial Properties Switzerland a \u00e9t\u00e9 lanc\u00e9 le 1er novembre 2012 avec un volume total de 600 millions de francs suisses. Au 31 mars 2017 (date de r\u00e9f\u00e9rence de la r\u00e9\u00e9valuation du portefeuille par W\u00fcest Partner), le portefeuille d'immeubles comprend 30 immeubles d'une valeur de march\u00e9 d'environ 832 millions. Au cours du dernier exercice, le rendement total s'est \u00e9lev\u00e9 \u00e0 6,2 pour cent. Le fonds s'adresse aux investisseurs institutionnels, il investit dans un portefeuille diversifi\u00e9 d'immeubles commerciaux suisses situ\u00e9s dans des endroits centraux.<\/p>\n<p>En vue de l'augmentation de capital \u00e0 venir, les immeubles commerciaux de la Gaiserwaldstrasse 4 \u00e0 Saint-Gall et de l'Industriestrasse 32 \u00e0 Dietlikon ont \u00e9t\u00e9 acquis r\u00e9cemment. Les deux immeubles sont enti\u00e8rement lou\u00e9s dans le cadre de contrats de location \u00e0 long terme.<\/p>","protected":false},"excerpt":{"rendered":"<p>Une augmentation de capital doit \u00eatre r\u00e9alis\u00e9e du 1er au 15 juin de cette ann\u00e9e pour le fonds immobilier Swiss Life REF (LUX) Commercial Properties Switzerland.<\/p>","protected":false},"author":3,"featured_media":7124,"comment_status":"open","ping_status":"open","sticky":false,"template":"","format":"standard","meta":{"_acf_changed":false,"_yoast_wpseo_focuskw":"Commercial Properties Switzerland","_yoast_wpseo_title":"","_yoast_wpseo_metadesc":"Der Immobilienfonds Swiss Life REF (LUX) Commercial Properties Switzerland plant eine Kapitalerh\u00f6hung \u00fcber 90 Millionen CHF.","_yoast_wpseo_linkdex":82,"pgc_sgb_lightbox_settings":"","footnotes":""},"categories":[988],"tags":[1344,1412,1807],"class_list":["post-7278","post","type-post","status-publish","format-standard","has-post-thumbnail","hentry","category-unternehmen","tag-immobilienfonds","tag-kapitalerhoehung","tag-unternehmen"],"acf":[],"yoast_head":"<!-- This site is optimized with the Yoast SEO plugin v27.5 - https:\/\/yoast.com\/product\/yoast-seo-wordpress\/ -->\n<title>Kapitalerh\u00f6hung f\u00fcr den Swiss Life-Fonds Commercial Properties Switzerland - IMMOBILIEN Business<\/title>\n<meta name=\"description\" content=\"Der Immobilienfonds Swiss Life REF (LUX) Commercial Properties Switzerland plant eine Kapitalerh\u00f6hung \u00fcber 90 Millionen CHF.\" \/>\n<meta name=\"robots\" content=\"index, follow, max-snippet:-1, max-image-preview:large, max-video-preview:-1\" \/>\n<link rel=\"canonical\" href=\"https:\/\/www.immobilienbusiness.ch\/fr\/unternehmen\/2017-04-25\/kapitalerhoehung-fuer-den-swiss-life-fonds-commercial-properties-switzerland\/\" \/>\n<meta property=\"og:locale\" content=\"fr_FR\" \/>\n<meta property=\"og:type\" content=\"article\" \/>\n<meta property=\"og:title\" content=\"Kapitalerh\u00f6hung f\u00fcr den Swiss Life-Fonds Commercial Properties Switzerland\" \/>\n<meta property=\"og:description\" content=\"Der Immobilienfonds Swiss Life REF (LUX) Commercial Properties Switzerland plant eine Kapitalerh\u00f6hung \u00fcber 90 Millionen CHF.\" \/>\n<meta property=\"og:url\" content=\"https:\/\/www.immobilienbusiness.ch\/fr\/unternehmen\/2017-04-25\/kapitalerhoehung-fuer-den-swiss-life-fonds-commercial-properties-switzerland\/\" \/>\n<meta property=\"og:site_name\" content=\"IMMOBILIEN Business\" \/>\n<meta property=\"article:publisher\" content=\"https:\/\/www.facebook.com\/immobilienbusiness\/\" \/>\n<meta property=\"article:published_time\" content=\"2017-04-25T06:59:31+00:00\" \/>\n<meta property=\"og:image\" content=\"https:\/\/www.immobilienbusiness.ch\/wp-content\/uploads\/2017\/04\/IB-News-10042017-UBS-Kapitalerhoehung-Fonds-Swissreal.jpg\" \/>\n\t<meta property=\"og:image:width\" content=\"640\" \/>\n\t<meta property=\"og:image:height\" content=\"426\" \/>\n\t<meta property=\"og:image:type\" content=\"image\/jpeg\" \/>\n<meta name=\"author\" content=\"anja.hall\" \/>\n<meta name=\"twitter:card\" content=\"summary_large_image\" \/>\n<meta name=\"twitter:title\" content=\"Kapitalerh\u00f6hung f\u00fcr den Swiss Life-Fonds Commercial Properties Switzerland\" \/>\n<meta name=\"twitter:description\" content=\"Der Immobilienfonds Swiss Life REF (LUX) Commercial Properties Switzerland plant eine Kapitalerh\u00f6hung \u00fcber 90 Millionen CHF.\" \/>\n<meta name=\"twitter:image\" content=\"https:\/\/www.immobilienbusiness.ch\/wp-content\/uploads\/2017\/04\/IB-News-10042017-UBS-Kapitalerh\u00f6hung-Fonds-Swissreal.jpg\" \/>\n<script type=\"application\/ld+json\" class=\"yoast-schema-graph\">{\"@context\":\"https:\\\/\\\/schema.org\",\"@graph\":[{\"@type\":\"Article\",\"@id\":\"https:\\\/\\\/www.immobilienbusiness.ch\\\/it\\\/unternehmen\\\/2017-04-25\\\/kapitalerhoehung-fuer-den-swiss-life-fonds-commercial-properties-switzerland\\\/#article\",\"isPartOf\":{\"@id\":\"https:\\\/\\\/www.immobilienbusiness.ch\\\/it\\\/unternehmen\\\/2017-04-25\\\/kapitalerhoehung-fuer-den-swiss-life-fonds-commercial-properties-switzerland\\\/\"},\"author\":{\"name\":\"anja.hall\",\"@id\":\"https:\\\/\\\/www.immobilienbusiness.ch\\\/#\\\/schema\\\/person\\\/3fc036297b10b9f42d6db5ee932af8c8\"},\"headline\":\"Kapitalerh\u00f6hung f\u00fcr den Swiss Life-Fonds Commercial Properties Switzerland\",\"datePublished\":\"2017-04-25T06:59:31+00:00\",\"mainEntityOfPage\":{\"@id\":\"https:\\\/\\\/www.immobilienbusiness.ch\\\/it\\\/unternehmen\\\/2017-04-25\\\/kapitalerhoehung-fuer-den-swiss-life-fonds-commercial-properties-switzerland\\\/\"},\"wordCount\":249,\"commentCount\":0,\"publisher\":{\"@id\":\"https:\\\/\\\/www.immobilienbusiness.ch\\\/#organization\"},\"image\":{\"@id\":\"https:\\\/\\\/www.immobilienbusiness.ch\\\/it\\\/unternehmen\\\/2017-04-25\\\/kapitalerhoehung-fuer-den-swiss-life-fonds-commercial-properties-switzerland\\\/#primaryimage\"},\"thumbnailUrl\":\"https:\\\/\\\/www.immobilienbusiness.ch\\\/wp-content\\\/uploads\\\/2017\\\/04\\\/IB-News-10042017-UBS-Kapitalerhoehung-Fonds-Swissreal.jpg\",\"keywords\":[\"Immobilienfonds\",\"Kapitalerh\u00f6hung\",\"Unternehmen\"],\"articleSection\":[\"UNTERNEHMEN\"],\"inLanguage\":\"fr-FR\"},{\"@type\":\"WebPage\",\"@id\":\"https:\\\/\\\/www.immobilienbusiness.ch\\\/it\\\/unternehmen\\\/2017-04-25\\\/kapitalerhoehung-fuer-den-swiss-life-fonds-commercial-properties-switzerland\\\/\",\"url\":\"https:\\\/\\\/www.immobilienbusiness.ch\\\/it\\\/unternehmen\\\/2017-04-25\\\/kapitalerhoehung-fuer-den-swiss-life-fonds-commercial-properties-switzerland\\\/\",\"name\":\"Kapitalerh\u00f6hung f\u00fcr den Swiss Life-Fonds Commercial Properties Switzerland - IMMOBILIEN Business\",\"isPartOf\":{\"@id\":\"https:\\\/\\\/www.immobilienbusiness.ch\\\/#website\"},\"primaryImageOfPage\":{\"@id\":\"https:\\\/\\\/www.immobilienbusiness.ch\\\/it\\\/unternehmen\\\/2017-04-25\\\/kapitalerhoehung-fuer-den-swiss-life-fonds-commercial-properties-switzerland\\\/#primaryimage\"},\"image\":{\"@id\":\"https:\\\/\\\/www.immobilienbusiness.ch\\\/it\\\/unternehmen\\\/2017-04-25\\\/kapitalerhoehung-fuer-den-swiss-life-fonds-commercial-properties-switzerland\\\/#primaryimage\"},\"thumbnailUrl\":\"https:\\\/\\\/www.immobilienbusiness.ch\\\/wp-content\\\/uploads\\\/2017\\\/04\\\/IB-News-10042017-UBS-Kapitalerhoehung-Fonds-Swissreal.jpg\",\"datePublished\":\"2017-04-25T06:59:31+00:00\",\"description\":\"Der Immobilienfonds Swiss Life REF (LUX) Commercial Properties Switzerland plant eine Kapitalerh\u00f6hung \u00fcber 90 Millionen CHF.\",\"breadcrumb\":{\"@id\":\"https:\\\/\\\/www.immobilienbusiness.ch\\\/it\\\/unternehmen\\\/2017-04-25\\\/kapitalerhoehung-fuer-den-swiss-life-fonds-commercial-properties-switzerland\\\/#breadcrumb\"},\"inLanguage\":\"fr-FR\",\"potentialAction\":[{\"@type\":\"ReadAction\",\"target\":[\"https:\\\/\\\/www.immobilienbusiness.ch\\\/it\\\/unternehmen\\\/2017-04-25\\\/kapitalerhoehung-fuer-den-swiss-life-fonds-commercial-properties-switzerland\\\/\"]}]},{\"@type\":\"ImageObject\",\"inLanguage\":\"fr-FR\",\"@id\":\"https:\\\/\\\/www.immobilienbusiness.ch\\\/it\\\/unternehmen\\\/2017-04-25\\\/kapitalerhoehung-fuer-den-swiss-life-fonds-commercial-properties-switzerland\\\/#primaryimage\",\"url\":\"https:\\\/\\\/www.immobilienbusiness.ch\\\/wp-content\\\/uploads\\\/2017\\\/04\\\/IB-News-10042017-UBS-Kapitalerhoehung-Fonds-Swissreal.jpg\",\"contentUrl\":\"https:\\\/\\\/www.immobilienbusiness.ch\\\/wp-content\\\/uploads\\\/2017\\\/04\\\/IB-News-10042017-UBS-Kapitalerhoehung-Fonds-Swissreal.jpg\",\"width\":640,\"height\":426,\"caption\":\"Der auf Gewerbeimmobilien spezialisierte Fonds ERRES-CI von Edmond de Rothschild kann zukaufen (Bild: Pixabay)\"},{\"@type\":\"BreadcrumbList\",\"@id\":\"https:\\\/\\\/www.immobilienbusiness.ch\\\/it\\\/unternehmen\\\/2017-04-25\\\/kapitalerhoehung-fuer-den-swiss-life-fonds-commercial-properties-switzerland\\\/#breadcrumb\",\"itemListElement\":[{\"@type\":\"ListItem\",\"position\":1,\"name\":\"Home\",\"item\":\"https:\\\/\\\/www.immobilienbusiness.ch\\\/\"},{\"@type\":\"ListItem\",\"position\":2,\"name\":\"Kapitalerh\u00f6hung f\u00fcr den Swiss Life-Fonds Commercial Properties Switzerland\"}]},{\"@type\":\"WebSite\",\"@id\":\"https:\\\/\\\/www.immobilienbusiness.ch\\\/#website\",\"url\":\"https:\\\/\\\/www.immobilienbusiness.ch\\\/\",\"name\":\"IMMOBILIEN Business\",\"description\":\"Unabh\u00e4ngiges Schweizer Wirtschaftsmagazin mit Fokus auf Immobilien, Architektur- und Bau sowie Investment- und Finanzierung.\",\"publisher\":{\"@id\":\"https:\\\/\\\/www.immobilienbusiness.ch\\\/#organization\"},\"potentialAction\":[{\"@type\":\"SearchAction\",\"target\":{\"@type\":\"EntryPoint\",\"urlTemplate\":\"https:\\\/\\\/www.immobilienbusiness.ch\\\/?s={search_term_string}\"},\"query-input\":{\"@type\":\"PropertyValueSpecification\",\"valueRequired\":true,\"valueName\":\"search_term_string\"}}],\"inLanguage\":\"fr-FR\"},{\"@type\":\"Organization\",\"@id\":\"https:\\\/\\\/www.immobilienbusiness.ch\\\/#organization\",\"name\":\"IMMOBILIEN Business\",\"url\":\"https:\\\/\\\/www.immobilienbusiness.ch\\\/\",\"logo\":{\"@type\":\"ImageObject\",\"inLanguage\":\"fr-FR\",\"@id\":\"https:\\\/\\\/www.immobilienbusiness.ch\\\/#\\\/schema\\\/logo\\\/image\\\/\",\"url\":\"https:\\\/\\\/www.immobilienbusiness.ch\\\/wp-content\\\/uploads\\\/2021\\\/07\\\/logo_ib.png\",\"contentUrl\":\"https:\\\/\\\/www.immobilienbusiness.ch\\\/wp-content\\\/uploads\\\/2021\\\/07\\\/logo_ib.png\",\"width\":800,\"height\":181,\"caption\":\"IMMOBILIEN Business\"},\"image\":{\"@id\":\"https:\\\/\\\/www.immobilienbusiness.ch\\\/#\\\/schema\\\/logo\\\/image\\\/\"},\"sameAs\":[\"https:\\\/\\\/www.facebook.com\\\/immobilienbusiness\\\/\"]},{\"@type\":\"Person\",\"@id\":\"https:\\\/\\\/www.immobilienbusiness.ch\\\/#\\\/schema\\\/person\\\/3fc036297b10b9f42d6db5ee932af8c8\",\"name\":\"anja.hall\",\"image\":{\"@type\":\"ImageObject\",\"inLanguage\":\"fr-FR\",\"@id\":\"https:\\\/\\\/secure.gravatar.com\\\/avatar\\\/066b5a0d447013502c71a5782f4f3469f03cfe595cc2329fb94652fe47511bfb?s=96&d=mm&r=g\",\"url\":\"https:\\\/\\\/secure.gravatar.com\\\/avatar\\\/066b5a0d447013502c71a5782f4f3469f03cfe595cc2329fb94652fe47511bfb?s=96&d=mm&r=g\",\"contentUrl\":\"https:\\\/\\\/secure.gravatar.com\\\/avatar\\\/066b5a0d447013502c71a5782f4f3469f03cfe595cc2329fb94652fe47511bfb?s=96&d=mm&r=g\",\"caption\":\"anja.hall\"},\"url\":\"https:\\\/\\\/www.immobilienbusiness.ch\\\/fr\\\/author\\\/anja-hall\\\/\"}]}<\/script>\n<!-- \/ Yoast SEO plugin. -->","yoast_head_json":{"title":"Kapitalerh\u00f6hung f\u00fcr den Swiss Life-Fonds Commercial Properties Switzerland - IMMOBILIEN Business","description":"Der Immobilienfonds Swiss Life REF (LUX) Commercial Properties Switzerland plant eine Kapitalerh\u00f6hung \u00fcber 90 Millionen CHF.","robots":{"index":"index","follow":"follow","max-snippet":"max-snippet:-1","max-image-preview":"max-image-preview:large","max-video-preview":"max-video-preview:-1"},"canonical":"https:\/\/www.immobilienbusiness.ch\/fr\/unternehmen\/2017-04-25\/kapitalerhoehung-fuer-den-swiss-life-fonds-commercial-properties-switzerland\/","og_locale":"fr_FR","og_type":"article","og_title":"Kapitalerh\u00f6hung f\u00fcr den Swiss Life-Fonds Commercial Properties Switzerland","og_description":"Der Immobilienfonds Swiss Life REF (LUX) Commercial Properties Switzerland plant eine Kapitalerh\u00f6hung \u00fcber 90 Millionen CHF.","og_url":"https:\/\/www.immobilienbusiness.ch\/fr\/unternehmen\/2017-04-25\/kapitalerhoehung-fuer-den-swiss-life-fonds-commercial-properties-switzerland\/","og_site_name":"IMMOBILIEN Business","article_publisher":"https:\/\/www.facebook.com\/immobilienbusiness\/","article_published_time":"2017-04-25T06:59:31+00:00","og_image":[{"width":640,"height":426,"url":"https:\/\/www.immobilienbusiness.ch\/wp-content\/uploads\/2017\/04\/IB-News-10042017-UBS-Kapitalerhoehung-Fonds-Swissreal.jpg","type":"image\/jpeg"}],"author":"anja.hall","twitter_card":"summary_large_image","twitter_title":"Kapitalerh\u00f6hung f\u00fcr den Swiss Life-Fonds Commercial Properties Switzerland","twitter_description":"Der Immobilienfonds Swiss Life REF (LUX) Commercial Properties Switzerland plant eine Kapitalerh\u00f6hung \u00fcber 90 Millionen CHF.","twitter_image":"https:\/\/www.immobilienbusiness.ch\/wp-content\/uploads\/2017\/04\/IB-News-10042017-UBS-Kapitalerh\u00f6hung-Fonds-Swissreal.jpg","schema":{"@context":"https:\/\/schema.org","@graph":[{"@type":"Article","@id":"https:\/\/www.immobilienbusiness.ch\/it\/unternehmen\/2017-04-25\/kapitalerhoehung-fuer-den-swiss-life-fonds-commercial-properties-switzerland\/#article","isPartOf":{"@id":"https:\/\/www.immobilienbusiness.ch\/it\/unternehmen\/2017-04-25\/kapitalerhoehung-fuer-den-swiss-life-fonds-commercial-properties-switzerland\/"},"author":{"name":"anja.hall","@id":"https:\/\/www.immobilienbusiness.ch\/#\/schema\/person\/3fc036297b10b9f42d6db5ee932af8c8"},"headline":"Kapitalerh\u00f6hung f\u00fcr den Swiss Life-Fonds Commercial Properties Switzerland","datePublished":"2017-04-25T06:59:31+00:00","mainEntityOfPage":{"@id":"https:\/\/www.immobilienbusiness.ch\/it\/unternehmen\/2017-04-25\/kapitalerhoehung-fuer-den-swiss-life-fonds-commercial-properties-switzerland\/"},"wordCount":249,"commentCount":0,"publisher":{"@id":"https:\/\/www.immobilienbusiness.ch\/#organization"},"image":{"@id":"https:\/\/www.immobilienbusiness.ch\/it\/unternehmen\/2017-04-25\/kapitalerhoehung-fuer-den-swiss-life-fonds-commercial-properties-switzerland\/#primaryimage"},"thumbnailUrl":"https:\/\/www.immobilienbusiness.ch\/wp-content\/uploads\/2017\/04\/IB-News-10042017-UBS-Kapitalerhoehung-Fonds-Swissreal.jpg","keywords":["Immobilienfonds","Kapitalerh\u00f6hung","Unternehmen"],"articleSection":["UNTERNEHMEN"],"inLanguage":"fr-FR"},{"@type":"WebPage","@id":"https:\/\/www.immobilienbusiness.ch\/it\/unternehmen\/2017-04-25\/kapitalerhoehung-fuer-den-swiss-life-fonds-commercial-properties-switzerland\/","url":"https:\/\/www.immobilienbusiness.ch\/it\/unternehmen\/2017-04-25\/kapitalerhoehung-fuer-den-swiss-life-fonds-commercial-properties-switzerland\/","name":"Kapitalerh\u00f6hung f\u00fcr den Swiss Life-Fonds Commercial Properties Switzerland - IMMOBILIEN Business","isPartOf":{"@id":"https:\/\/www.immobilienbusiness.ch\/#website"},"primaryImageOfPage":{"@id":"https:\/\/www.immobilienbusiness.ch\/it\/unternehmen\/2017-04-25\/kapitalerhoehung-fuer-den-swiss-life-fonds-commercial-properties-switzerland\/#primaryimage"},"image":{"@id":"https:\/\/www.immobilienbusiness.ch\/it\/unternehmen\/2017-04-25\/kapitalerhoehung-fuer-den-swiss-life-fonds-commercial-properties-switzerland\/#primaryimage"},"thumbnailUrl":"https:\/\/www.immobilienbusiness.ch\/wp-content\/uploads\/2017\/04\/IB-News-10042017-UBS-Kapitalerhoehung-Fonds-Swissreal.jpg","datePublished":"2017-04-25T06:59:31+00:00","description":"Der Immobilienfonds Swiss Life REF (LUX) Commercial Properties Switzerland plant eine Kapitalerh\u00f6hung \u00fcber 90 Millionen CHF.","breadcrumb":{"@id":"https:\/\/www.immobilienbusiness.ch\/it\/unternehmen\/2017-04-25\/kapitalerhoehung-fuer-den-swiss-life-fonds-commercial-properties-switzerland\/#breadcrumb"},"inLanguage":"fr-FR","potentialAction":[{"@type":"ReadAction","target":["https:\/\/www.immobilienbusiness.ch\/it\/unternehmen\/2017-04-25\/kapitalerhoehung-fuer-den-swiss-life-fonds-commercial-properties-switzerland\/"]}]},{"@type":"ImageObject","inLanguage":"fr-FR","@id":"https:\/\/www.immobilienbusiness.ch\/it\/unternehmen\/2017-04-25\/kapitalerhoehung-fuer-den-swiss-life-fonds-commercial-properties-switzerland\/#primaryimage","url":"https:\/\/www.immobilienbusiness.ch\/wp-content\/uploads\/2017\/04\/IB-News-10042017-UBS-Kapitalerhoehung-Fonds-Swissreal.jpg","contentUrl":"https:\/\/www.immobilienbusiness.ch\/wp-content\/uploads\/2017\/04\/IB-News-10042017-UBS-Kapitalerhoehung-Fonds-Swissreal.jpg","width":640,"height":426,"caption":"Der auf Gewerbeimmobilien spezialisierte Fonds ERRES-CI von Edmond de Rothschild kann zukaufen (Bild: Pixabay)"},{"@type":"BreadcrumbList","@id":"https:\/\/www.immobilienbusiness.ch\/it\/unternehmen\/2017-04-25\/kapitalerhoehung-fuer-den-swiss-life-fonds-commercial-properties-switzerland\/#breadcrumb","itemListElement":[{"@type":"ListItem","position":1,"name":"Home","item":"https:\/\/www.immobilienbusiness.ch\/"},{"@type":"ListItem","position":2,"name":"Kapitalerh\u00f6hung f\u00fcr den Swiss Life-Fonds Commercial Properties Switzerland"}]},{"@type":"WebSite","@id":"https:\/\/www.immobilienbusiness.ch\/#website","url":"https:\/\/www.immobilienbusiness.ch\/","name":"IMMOBILIER Business","description":"Magazine \u00e9conomique suisse ind\u00e9pendant ax\u00e9 sur l'immobilier, l'architecture et la construction ainsi que sur les investissements et le financement.","publisher":{"@id":"https:\/\/www.immobilienbusiness.ch\/#organization"},"potentialAction":[{"@type":"SearchAction","target":{"@type":"EntryPoint","urlTemplate":"https:\/\/www.immobilienbusiness.ch\/?s={search_term_string}"},"query-input":{"@type":"PropertyValueSpecification","valueRequired":true,"valueName":"search_term_string"}}],"inLanguage":"fr-FR"},{"@type":"Organization","@id":"https:\/\/www.immobilienbusiness.ch\/#organization","name":"IMMOBILIER Business","url":"https:\/\/www.immobilienbusiness.ch\/","logo":{"@type":"ImageObject","inLanguage":"fr-FR","@id":"https:\/\/www.immobilienbusiness.ch\/#\/schema\/logo\/image\/","url":"https:\/\/www.immobilienbusiness.ch\/wp-content\/uploads\/2021\/07\/logo_ib.png","contentUrl":"https:\/\/www.immobilienbusiness.ch\/wp-content\/uploads\/2021\/07\/logo_ib.png","width":800,"height":181,"caption":"IMMOBILIEN Business"},"image":{"@id":"https:\/\/www.immobilienbusiness.ch\/#\/schema\/logo\/image\/"},"sameAs":["https:\/\/www.facebook.com\/immobilienbusiness\/"]},{"@type":"Person","@id":"https:\/\/www.immobilienbusiness.ch\/#\/schema\/person\/3fc036297b10b9f42d6db5ee932af8c8","name":"anja.hall","image":{"@type":"ImageObject","inLanguage":"fr-FR","@id":"https:\/\/secure.gravatar.com\/avatar\/066b5a0d447013502c71a5782f4f3469f03cfe595cc2329fb94652fe47511bfb?s=96&d=mm&r=g","url":"https:\/\/secure.gravatar.com\/avatar\/066b5a0d447013502c71a5782f4f3469f03cfe595cc2329fb94652fe47511bfb?s=96&d=mm&r=g","contentUrl":"https:\/\/secure.gravatar.com\/avatar\/066b5a0d447013502c71a5782f4f3469f03cfe595cc2329fb94652fe47511bfb?s=96&d=mm&r=g","caption":"anja.hall"},"url":"https:\/\/www.immobilienbusiness.ch\/fr\/author\/anja-hall\/"}]}},"_links":{"self":[{"href":"https:\/\/www.immobilienbusiness.ch\/fr\/wp-json\/wp\/v2\/posts\/7278","targetHints":{"allow":["GET"]}}],"collection":[{"href":"https:\/\/www.immobilienbusiness.ch\/fr\/wp-json\/wp\/v2\/posts"}],"about":[{"href":"https:\/\/www.immobilienbusiness.ch\/fr\/wp-json\/wp\/v2\/types\/post"}],"author":[{"embeddable":true,"href":"https:\/\/www.immobilienbusiness.ch\/fr\/wp-json\/wp\/v2\/users\/3"}],"replies":[{"embeddable":true,"href":"https:\/\/www.immobilienbusiness.ch\/fr\/wp-json\/wp\/v2\/comments?post=7278"}],"version-history":[{"count":0,"href":"https:\/\/www.immobilienbusiness.ch\/fr\/wp-json\/wp\/v2\/posts\/7278\/revisions"}],"wp:featuredmedia":[{"embeddable":true,"href":"https:\/\/www.immobilienbusiness.ch\/fr\/wp-json\/wp\/v2\/media\/7124"}],"wp:attachment":[{"href":"https:\/\/www.immobilienbusiness.ch\/fr\/wp-json\/wp\/v2\/media?parent=7278"}],"wp:term":[{"taxonomy":"category","embeddable":true,"href":"https:\/\/www.immobilienbusiness.ch\/fr\/wp-json\/wp\/v2\/categories?post=7278"},{"taxonomy":"post_tag","embeddable":true,"href":"https:\/\/www.immobilienbusiness.ch\/fr\/wp-json\/wp\/v2\/tags?post=7278"}],"curies":[{"name":"wp","href":"https:\/\/api.w.org\/{rel}","templated":true}]}}