{"id":7258,"date":"2017-04-24T09:15:55","date_gmt":"2017-04-24T07:15:55","guid":{"rendered":"https:\/\/www.immobilienbusiness.ch\/?p=7258"},"modified":"2017-04-24T09:15:55","modified_gmt":"2017-04-24T07:15:55","slug":"basel-kanton-wohnquartier-dreispitz","status":"publish","type":"post","link":"https:\/\/www.immobilienbusiness.ch\/fr\/regionen\/2017-04-24\/basel-kanton-wohnquartier-dreispitz\/","title":{"rendered":"B\u00e2le : le canton pr\u00e9voit un quartier r\u00e9sidentiel pr\u00e8s de Dreispitz"},"content":{"rendered":"<figure id=\"attachment_5802\" aria-describedby=\"caption-attachment-5802\" style=\"width: 680px\" class=\"wp-caption alignnone\"><img loading=\"lazy\" decoding=\"async\" class=\"size-medium wp-image-5802\" src=\"https:\/\/www.immobilienbusiness.ch\/wp-content\/uploads\/2017\/01\/Depositphotos_6695177_l-2015.jpg\" alt=\"\" width=\"680\" height=\"453\" srcset=\"https:\/\/www.immobilienbusiness.ch\/wp-content\/uploads\/2017\/01\/Depositphotos_6695177_l-2015.jpg 2000w, https:\/\/www.immobilienbusiness.ch\/wp-content\/uploads\/2017\/01\/Depositphotos_6695177_l-2015-300x200.jpg 300w, https:\/\/www.immobilienbusiness.ch\/wp-content\/uploads\/2017\/01\/Depositphotos_6695177_l-2015-1024x682.jpg 1024w, https:\/\/www.immobilienbusiness.ch\/wp-content\/uploads\/2017\/01\/Depositphotos_6695177_l-2015-768x512.jpg 768w, https:\/\/www.immobilienbusiness.ch\/wp-content\/uploads\/2017\/01\/Depositphotos_6695177_l-2015-1536x1024.jpg 1536w, https:\/\/www.immobilienbusiness.ch\/wp-content\/uploads\/2017\/01\/Depositphotos_6695177_l-2015-16x12.jpg 16w, https:\/\/www.immobilienbusiness.ch\/wp-content\/uploads\/2017\/01\/Depositphotos_6695177_l-2015-263x175.jpg 263w, https:\/\/www.immobilienbusiness.ch\/wp-content\/uploads\/2017\/01\/Depositphotos_6695177_l-2015-525x350.jpg 525w, https:\/\/www.immobilienbusiness.ch\/wp-content\/uploads\/2017\/01\/Depositphotos_6695177_l-2015-1200x800.jpg 1200w, https:\/\/www.immobilienbusiness.ch\/wp-content\/uploads\/2017\/01\/Depositphotos_6695177_l-2015-920x613.jpg 920w, https:\/\/www.immobilienbusiness.ch\/wp-content\/uploads\/2017\/01\/Depositphotos_6695177_l-2015-1400x933.jpg 1400w\" sizes=\"auto, (max-width: 680px) 100vw, 680px\" \/><figcaption id=\"caption-attachment-5802\" class=\"wp-caption-text\">Un nouveau quartier r\u00e9sidentiel doit \u00eatre construit pr\u00e8s de Dreispitz \u00e0 B\u00e2le (Photo : .shock - depositphotos)<\/figcaption><\/figure>\n<p>Comment, entre autres, le <em>Basler Zeitung<\/em> \u00e9crit que le projet Walkeweg, pr\u00e8s de Dreispitz, permettra de cr\u00e9er environ 400 appartements \u00e0 prix abordable. Le site abrite actuellement des jardins familiaux.<\/p>\n<p>Selon le journal, le canton a lanc\u00e9 un appel d'offres pour la r\u00e9alisation d'une \u00e9tude de planification qui guidera ensuite le plan de d\u00e9veloppement du site. Selon le rapport, le minist\u00e8re de la construction et des transports souhaite construire environ 400 appartements selon le principe \"low-cost-low-energy\".  Les loyers artificiellement bas ou les co\u00fbts de construction subventionn\u00e9s sont toutefois exclus. La part du lion reviendra aux appartements de 2,5 et 4,5 pi\u00e8ces.<\/p>\n<p>Une \u00e9cole primaire avec un double gymnase doit \u00e9galement \u00eatre construite sur le site. Le d\u00e9p\u00f4t de tramways, construit en 1915 selon les plans de Hans Bernoulli, ne sera pas d\u00e9moli, mais une utilisation culturelle est envisageable.<\/p>\n<p>Les bureaux de planification peuvent soumettre leurs propositions jusqu'en septembre ; dans un deuxi\u00e8me temps, une \u00e9tude de d\u00e9veloppement du site sera pr\u00e9par\u00e9e. La construction commencera en 2020 au plus t\u00f4t.<\/p>","protected":false},"excerpt":{"rendered":"<p>Selon les m\u00e9dias, le canton de B\u00e2le-Ville envisage de construire un nouveau quartier r\u00e9sidentiel au Walkeweg, \u00e0 c\u00f4t\u00e9 du site de Dreispitz.<\/p>","protected":false},"author":3,"featured_media":5802,"comment_status":"open","ping_status":"open","sticky":false,"template":"","format":"standard","meta":{"_acf_changed":false,"_yoast_wpseo_focuskw":"Dreispitz","_yoast_wpseo_title":"","_yoast_wpseo_metadesc":"Der Kanton Basel-Stadt plant laut Medienberichten ein neues Quartier mit 400 preisg\u00fcnstigen Wohnungen am Walkeweg neben dem Dreispitz-Areal.","_yoast_wpseo_linkdex":62,"pgc_sgb_lightbox_settings":"","footnotes":""},"categories":[985],"tags":[1069,1600,1862],"class_list":["post-7258","post","type-post","status-publish","format-standard","has-post-thumbnail","hentry","category-regionen","tag-basel","tag-projekt-in-planung","tag-wohnen"],"acf":[],"yoast_head":"<!-- This site is optimized with the Yoast SEO plugin v27.4 - https:\/\/yoast.com\/product\/yoast-seo-wordpress\/ -->\n<title>Basel: Kanton plant Wohnquartier beim Dreispitz - IMMOBILIEN Business<\/title>\n<meta name=\"description\" content=\"Der Kanton Basel-Stadt plant laut Medienberichten ein neues Quartier mit 400 preisg\u00fcnstigen Wohnungen am Walkeweg neben dem Dreispitz-Areal.\" \/>\n<meta name=\"robots\" content=\"index, follow, max-snippet:-1, max-image-preview:large, max-video-preview:-1\" \/>\n<link rel=\"canonical\" href=\"https:\/\/www.immobilienbusiness.ch\/fr\/regionen\/2017-04-24\/basel-kanton-wohnquartier-dreispitz\/\" \/>\n<meta property=\"og:locale\" content=\"fr_FR\" \/>\n<meta property=\"og:type\" content=\"article\" \/>\n<meta property=\"og:title\" content=\"Basel: Kanton plant Wohnquartier beim Dreispitz\" \/>\n<meta property=\"og:description\" content=\"Der Kanton Basel-Stadt plant laut Medienberichten ein neues Quartier mit 400 preisg\u00fcnstigen Wohnungen am Walkeweg neben dem Dreispitz-Areal.\" \/>\n<meta property=\"og:url\" content=\"https:\/\/www.immobilienbusiness.ch\/fr\/regionen\/2017-04-24\/basel-kanton-wohnquartier-dreispitz\/\" \/>\n<meta property=\"og:site_name\" content=\"IMMOBILIEN Business\" \/>\n<meta property=\"article:publisher\" content=\"https:\/\/www.facebook.com\/immobilienbusiness\/\" \/>\n<meta property=\"article:published_time\" content=\"2017-04-24T07:15:55+00:00\" \/>\n<meta property=\"og:image\" content=\"https:\/\/www.immobilienbusiness.ch\/wp-content\/uploads\/2017\/01\/Depositphotos_6695177_l-2015-1024x682.jpg\" \/>\n\t<meta property=\"og:image:width\" content=\"1024\" \/>\n\t<meta property=\"og:image:height\" content=\"682\" \/>\n\t<meta property=\"og:image:type\" content=\"image\/jpeg\" \/>\n<meta name=\"author\" content=\"anja.hall\" \/>\n<meta name=\"twitter:card\" content=\"summary_large_image\" \/>\n<meta name=\"twitter:title\" content=\"Basel: Kanton plant Wohnquartier beim Dreispitz\" \/>\n<meta name=\"twitter:description\" content=\"Der Kanton Basel-Stadt plant laut Medienberichten ein neues Quartier mit 400 preisg\u00fcnstigen Wohnungen am Walkeweg neben dem Dreispitz-Areal.\" \/>\n<meta name=\"twitter:image\" content=\"https:\/\/www.immobilienbusiness.ch\/wp-content\/uploads\/2017\/01\/Depositphotos_6695177_l-2015.jpg\" \/>\n<script type=\"application\/ld+json\" class=\"yoast-schema-graph\">{\"@context\":\"https:\\\/\\\/schema.org\",\"@graph\":[{\"@type\":\"Article\",\"@id\":\"https:\\\/\\\/www.immobilienbusiness.ch\\\/regionen\\\/2017-04-24\\\/basel-kanton-wohnquartier-dreispitz\\\/#article\",\"isPartOf\":{\"@id\":\"https:\\\/\\\/www.immobilienbusiness.ch\\\/regionen\\\/2017-04-24\\\/basel-kanton-wohnquartier-dreispitz\\\/\"},\"author\":{\"name\":\"anja.hall\",\"@id\":\"https:\\\/\\\/www.immobilienbusiness.ch\\\/#\\\/schema\\\/person\\\/3fc036297b10b9f42d6db5ee932af8c8\"},\"headline\":\"Basel: Kanton plant Wohnquartier beim Dreispitz\",\"datePublished\":\"2017-04-24T07:15:55+00:00\",\"mainEntityOfPage\":{\"@id\":\"https:\\\/\\\/www.immobilienbusiness.ch\\\/regionen\\\/2017-04-24\\\/basel-kanton-wohnquartier-dreispitz\\\/\"},\"wordCount\":166,\"commentCount\":0,\"publisher\":{\"@id\":\"https:\\\/\\\/www.immobilienbusiness.ch\\\/#organization\"},\"image\":{\"@id\":\"https:\\\/\\\/www.immobilienbusiness.ch\\\/regionen\\\/2017-04-24\\\/basel-kanton-wohnquartier-dreispitz\\\/#primaryimage\"},\"thumbnailUrl\":\"https:\\\/\\\/www.immobilienbusiness.ch\\\/wp-content\\\/uploads\\\/2017\\\/01\\\/Depositphotos_6695177_l-2015.jpg\",\"keywords\":[\"Basel\",\"Projekt in Planung\",\"Wohnen\"],\"articleSection\":[\"REGIONEN\"],\"inLanguage\":\"fr-FR\"},{\"@type\":\"WebPage\",\"@id\":\"https:\\\/\\\/www.immobilienbusiness.ch\\\/regionen\\\/2017-04-24\\\/basel-kanton-wohnquartier-dreispitz\\\/\",\"url\":\"https:\\\/\\\/www.immobilienbusiness.ch\\\/regionen\\\/2017-04-24\\\/basel-kanton-wohnquartier-dreispitz\\\/\",\"name\":\"Basel: Kanton plant Wohnquartier beim Dreispitz - IMMOBILIEN Business\",\"isPartOf\":{\"@id\":\"https:\\\/\\\/www.immobilienbusiness.ch\\\/#website\"},\"primaryImageOfPage\":{\"@id\":\"https:\\\/\\\/www.immobilienbusiness.ch\\\/regionen\\\/2017-04-24\\\/basel-kanton-wohnquartier-dreispitz\\\/#primaryimage\"},\"image\":{\"@id\":\"https:\\\/\\\/www.immobilienbusiness.ch\\\/regionen\\\/2017-04-24\\\/basel-kanton-wohnquartier-dreispitz\\\/#primaryimage\"},\"thumbnailUrl\":\"https:\\\/\\\/www.immobilienbusiness.ch\\\/wp-content\\\/uploads\\\/2017\\\/01\\\/Depositphotos_6695177_l-2015.jpg\",\"datePublished\":\"2017-04-24T07:15:55+00:00\",\"description\":\"Der Kanton Basel-Stadt plant laut Medienberichten ein neues Quartier mit 400 preisg\u00fcnstigen Wohnungen am Walkeweg neben dem Dreispitz-Areal.\",\"breadcrumb\":{\"@id\":\"https:\\\/\\\/www.immobilienbusiness.ch\\\/regionen\\\/2017-04-24\\\/basel-kanton-wohnquartier-dreispitz\\\/#breadcrumb\"},\"inLanguage\":\"fr-FR\",\"potentialAction\":[{\"@type\":\"ReadAction\",\"target\":[\"https:\\\/\\\/www.immobilienbusiness.ch\\\/regionen\\\/2017-04-24\\\/basel-kanton-wohnquartier-dreispitz\\\/\"]}]},{\"@type\":\"ImageObject\",\"inLanguage\":\"fr-FR\",\"@id\":\"https:\\\/\\\/www.immobilienbusiness.ch\\\/regionen\\\/2017-04-24\\\/basel-kanton-wohnquartier-dreispitz\\\/#primaryimage\",\"url\":\"https:\\\/\\\/www.immobilienbusiness.ch\\\/wp-content\\\/uploads\\\/2017\\\/01\\\/Depositphotos_6695177_l-2015.jpg\",\"contentUrl\":\"https:\\\/\\\/www.immobilienbusiness.ch\\\/wp-content\\\/uploads\\\/2017\\\/01\\\/Depositphotos_6695177_l-2015.jpg\",\"width\":2000,\"height\":1333,\"caption\":\"In Thun ist eine \u00dcberbaung mit Wohnungen und Alterswohnen geplant (Foto: .shock - depositphotos)\"},{\"@type\":\"BreadcrumbList\",\"@id\":\"https:\\\/\\\/www.immobilienbusiness.ch\\\/regionen\\\/2017-04-24\\\/basel-kanton-wohnquartier-dreispitz\\\/#breadcrumb\",\"itemListElement\":[{\"@type\":\"ListItem\",\"position\":1,\"name\":\"Home\",\"item\":\"https:\\\/\\\/www.immobilienbusiness.ch\\\/\"},{\"@type\":\"ListItem\",\"position\":2,\"name\":\"Basel: Kanton plant Wohnquartier beim Dreispitz\"}]},{\"@type\":\"WebSite\",\"@id\":\"https:\\\/\\\/www.immobilienbusiness.ch\\\/#website\",\"url\":\"https:\\\/\\\/www.immobilienbusiness.ch\\\/\",\"name\":\"IMMOBILIEN Business\",\"description\":\"Unabh\u00e4ngiges Schweizer Wirtschaftsmagazin mit Fokus auf Immobilien, Architektur- und Bau sowie Investment- und Finanzierung.\",\"publisher\":{\"@id\":\"https:\\\/\\\/www.immobilienbusiness.ch\\\/#organization\"},\"potentialAction\":[{\"@type\":\"SearchAction\",\"target\":{\"@type\":\"EntryPoint\",\"urlTemplate\":\"https:\\\/\\\/www.immobilienbusiness.ch\\\/?s={search_term_string}\"},\"query-input\":{\"@type\":\"PropertyValueSpecification\",\"valueRequired\":true,\"valueName\":\"search_term_string\"}}],\"inLanguage\":\"fr-FR\"},{\"@type\":\"Organization\",\"@id\":\"https:\\\/\\\/www.immobilienbusiness.ch\\\/#organization\",\"name\":\"IMMOBILIEN Business\",\"url\":\"https:\\\/\\\/www.immobilienbusiness.ch\\\/\",\"logo\":{\"@type\":\"ImageObject\",\"inLanguage\":\"fr-FR\",\"@id\":\"https:\\\/\\\/www.immobilienbusiness.ch\\\/#\\\/schema\\\/logo\\\/image\\\/\",\"url\":\"https:\\\/\\\/www.immobilienbusiness.ch\\\/wp-content\\\/uploads\\\/2021\\\/07\\\/logo_ib.png\",\"contentUrl\":\"https:\\\/\\\/www.immobilienbusiness.ch\\\/wp-content\\\/uploads\\\/2021\\\/07\\\/logo_ib.png\",\"width\":800,\"height\":181,\"caption\":\"IMMOBILIEN Business\"},\"image\":{\"@id\":\"https:\\\/\\\/www.immobilienbusiness.ch\\\/#\\\/schema\\\/logo\\\/image\\\/\"},\"sameAs\":[\"https:\\\/\\\/www.facebook.com\\\/immobilienbusiness\\\/\"]},{\"@type\":\"Person\",\"@id\":\"https:\\\/\\\/www.immobilienbusiness.ch\\\/#\\\/schema\\\/person\\\/3fc036297b10b9f42d6db5ee932af8c8\",\"name\":\"anja.hall\",\"image\":{\"@type\":\"ImageObject\",\"inLanguage\":\"fr-FR\",\"@id\":\"https:\\\/\\\/secure.gravatar.com\\\/avatar\\\/066b5a0d447013502c71a5782f4f3469f03cfe595cc2329fb94652fe47511bfb?s=96&d=mm&r=g\",\"url\":\"https:\\\/\\\/secure.gravatar.com\\\/avatar\\\/066b5a0d447013502c71a5782f4f3469f03cfe595cc2329fb94652fe47511bfb?s=96&d=mm&r=g\",\"contentUrl\":\"https:\\\/\\\/secure.gravatar.com\\\/avatar\\\/066b5a0d447013502c71a5782f4f3469f03cfe595cc2329fb94652fe47511bfb?s=96&d=mm&r=g\",\"caption\":\"anja.hall\"},\"url\":\"https:\\\/\\\/www.immobilienbusiness.ch\\\/fr\\\/author\\\/anja-hall\\\/\"}]}<\/script>\n<!-- \/ Yoast SEO plugin. -->","yoast_head_json":{"title":"B\u00e2le : le canton pr\u00e9voit un quartier r\u00e9sidentiel pr\u00e8s du Dreispitz - IMMOBILIER Business","description":"Selon les m\u00e9dias, le canton de B\u00e2le-Ville pr\u00e9voit de construire un nouveau quartier de 400 logements \u00e0 loyer mod\u00e9r\u00e9 au Walkeweg, \u00e0 c\u00f4t\u00e9 du site de Dreispitz.","robots":{"index":"index","follow":"follow","max-snippet":"max-snippet:-1","max-image-preview":"max-image-preview:large","max-video-preview":"max-video-preview:-1"},"canonical":"https:\/\/www.immobilienbusiness.ch\/fr\/regionen\/2017-04-24\/basel-kanton-wohnquartier-dreispitz\/","og_locale":"fr_FR","og_type":"article","og_title":"Basel: Kanton plant Wohnquartier beim Dreispitz","og_description":"Der Kanton Basel-Stadt plant laut Medienberichten ein neues Quartier mit 400 preisg\u00fcnstigen Wohnungen am Walkeweg neben dem Dreispitz-Areal.","og_url":"https:\/\/www.immobilienbusiness.ch\/fr\/regionen\/2017-04-24\/basel-kanton-wohnquartier-dreispitz\/","og_site_name":"IMMOBILIEN Business","article_publisher":"https:\/\/www.facebook.com\/immobilienbusiness\/","article_published_time":"2017-04-24T07:15:55+00:00","og_image":[{"width":1024,"height":682,"url":"https:\/\/www.immobilienbusiness.ch\/wp-content\/uploads\/2017\/01\/Depositphotos_6695177_l-2015-1024x682.jpg","type":"image\/jpeg"}],"author":"anja.hall","twitter_card":"summary_large_image","twitter_title":"Basel: Kanton plant Wohnquartier beim Dreispitz","twitter_description":"Der Kanton Basel-Stadt plant laut Medienberichten ein neues Quartier mit 400 preisg\u00fcnstigen Wohnungen am Walkeweg neben dem Dreispitz-Areal.","twitter_image":"https:\/\/www.immobilienbusiness.ch\/wp-content\/uploads\/2017\/01\/Depositphotos_6695177_l-2015.jpg","schema":{"@context":"https:\/\/schema.org","@graph":[{"@type":"Article","@id":"https:\/\/www.immobilienbusiness.ch\/regionen\/2017-04-24\/basel-kanton-wohnquartier-dreispitz\/#article","isPartOf":{"@id":"https:\/\/www.immobilienbusiness.ch\/regionen\/2017-04-24\/basel-kanton-wohnquartier-dreispitz\/"},"author":{"name":"anja.hall","@id":"https:\/\/www.immobilienbusiness.ch\/#\/schema\/person\/3fc036297b10b9f42d6db5ee932af8c8"},"headline":"Basel: Kanton plant Wohnquartier beim Dreispitz","datePublished":"2017-04-24T07:15:55+00:00","mainEntityOfPage":{"@id":"https:\/\/www.immobilienbusiness.ch\/regionen\/2017-04-24\/basel-kanton-wohnquartier-dreispitz\/"},"wordCount":166,"commentCount":0,"publisher":{"@id":"https:\/\/www.immobilienbusiness.ch\/#organization"},"image":{"@id":"https:\/\/www.immobilienbusiness.ch\/regionen\/2017-04-24\/basel-kanton-wohnquartier-dreispitz\/#primaryimage"},"thumbnailUrl":"https:\/\/www.immobilienbusiness.ch\/wp-content\/uploads\/2017\/01\/Depositphotos_6695177_l-2015.jpg","keywords":["Basel","Projekt in Planung","Wohnen"],"articleSection":["REGIONEN"],"inLanguage":"fr-FR"},{"@type":"WebPage","@id":"https:\/\/www.immobilienbusiness.ch\/regionen\/2017-04-24\/basel-kanton-wohnquartier-dreispitz\/","url":"https:\/\/www.immobilienbusiness.ch\/regionen\/2017-04-24\/basel-kanton-wohnquartier-dreispitz\/","name":"B\u00e2le : le canton pr\u00e9voit un quartier r\u00e9sidentiel pr\u00e8s du Dreispitz - IMMOBILIER Business","isPartOf":{"@id":"https:\/\/www.immobilienbusiness.ch\/#website"},"primaryImageOfPage":{"@id":"https:\/\/www.immobilienbusiness.ch\/regionen\/2017-04-24\/basel-kanton-wohnquartier-dreispitz\/#primaryimage"},"image":{"@id":"https:\/\/www.immobilienbusiness.ch\/regionen\/2017-04-24\/basel-kanton-wohnquartier-dreispitz\/#primaryimage"},"thumbnailUrl":"https:\/\/www.immobilienbusiness.ch\/wp-content\/uploads\/2017\/01\/Depositphotos_6695177_l-2015.jpg","datePublished":"2017-04-24T07:15:55+00:00","description":"Selon les m\u00e9dias, le canton de B\u00e2le-Ville pr\u00e9voit de construire un nouveau quartier de 400 logements \u00e0 loyer mod\u00e9r\u00e9 au Walkeweg, \u00e0 c\u00f4t\u00e9 du site de Dreispitz.","breadcrumb":{"@id":"https:\/\/www.immobilienbusiness.ch\/regionen\/2017-04-24\/basel-kanton-wohnquartier-dreispitz\/#breadcrumb"},"inLanguage":"fr-FR","potentialAction":[{"@type":"ReadAction","target":["https:\/\/www.immobilienbusiness.ch\/regionen\/2017-04-24\/basel-kanton-wohnquartier-dreispitz\/"]}]},{"@type":"ImageObject","inLanguage":"fr-FR","@id":"https:\/\/www.immobilienbusiness.ch\/regionen\/2017-04-24\/basel-kanton-wohnquartier-dreispitz\/#primaryimage","url":"https:\/\/www.immobilienbusiness.ch\/wp-content\/uploads\/2017\/01\/Depositphotos_6695177_l-2015.jpg","contentUrl":"https:\/\/www.immobilienbusiness.ch\/wp-content\/uploads\/2017\/01\/Depositphotos_6695177_l-2015.jpg","width":2000,"height":1333,"caption":"In Thun ist eine \u00dcberbaung mit Wohnungen und Alterswohnen geplant (Foto: .shock - depositphotos)"},{"@type":"BreadcrumbList","@id":"https:\/\/www.immobilienbusiness.ch\/regionen\/2017-04-24\/basel-kanton-wohnquartier-dreispitz\/#breadcrumb","itemListElement":[{"@type":"ListItem","position":1,"name":"Home","item":"https:\/\/www.immobilienbusiness.ch\/"},{"@type":"ListItem","position":2,"name":"Basel: Kanton plant Wohnquartier beim Dreispitz"}]},{"@type":"WebSite","@id":"https:\/\/www.immobilienbusiness.ch\/#website","url":"https:\/\/www.immobilienbusiness.ch\/","name":"IMMOBILIER Business","description":"Magazine \u00e9conomique suisse ind\u00e9pendant ax\u00e9 sur l'immobilier, l'architecture et la construction ainsi que sur les investissements et le financement.","publisher":{"@id":"https:\/\/www.immobilienbusiness.ch\/#organization"},"potentialAction":[{"@type":"SearchAction","target":{"@type":"EntryPoint","urlTemplate":"https:\/\/www.immobilienbusiness.ch\/?s={search_term_string}"},"query-input":{"@type":"PropertyValueSpecification","valueRequired":true,"valueName":"search_term_string"}}],"inLanguage":"fr-FR"},{"@type":"Organization","@id":"https:\/\/www.immobilienbusiness.ch\/#organization","name":"IMMOBILIER Business","url":"https:\/\/www.immobilienbusiness.ch\/","logo":{"@type":"ImageObject","inLanguage":"fr-FR","@id":"https:\/\/www.immobilienbusiness.ch\/#\/schema\/logo\/image\/","url":"https:\/\/www.immobilienbusiness.ch\/wp-content\/uploads\/2021\/07\/logo_ib.png","contentUrl":"https:\/\/www.immobilienbusiness.ch\/wp-content\/uploads\/2021\/07\/logo_ib.png","width":800,"height":181,"caption":"IMMOBILIEN Business"},"image":{"@id":"https:\/\/www.immobilienbusiness.ch\/#\/schema\/logo\/image\/"},"sameAs":["https:\/\/www.facebook.com\/immobilienbusiness\/"]},{"@type":"Person","@id":"https:\/\/www.immobilienbusiness.ch\/#\/schema\/person\/3fc036297b10b9f42d6db5ee932af8c8","name":"anja.hall","image":{"@type":"ImageObject","inLanguage":"fr-FR","@id":"https:\/\/secure.gravatar.com\/avatar\/066b5a0d447013502c71a5782f4f3469f03cfe595cc2329fb94652fe47511bfb?s=96&d=mm&r=g","url":"https:\/\/secure.gravatar.com\/avatar\/066b5a0d447013502c71a5782f4f3469f03cfe595cc2329fb94652fe47511bfb?s=96&d=mm&r=g","contentUrl":"https:\/\/secure.gravatar.com\/avatar\/066b5a0d447013502c71a5782f4f3469f03cfe595cc2329fb94652fe47511bfb?s=96&d=mm&r=g","caption":"anja.hall"},"url":"https:\/\/www.immobilienbusiness.ch\/fr\/author\/anja-hall\/"}]}},"_links":{"self":[{"href":"https:\/\/www.immobilienbusiness.ch\/fr\/wp-json\/wp\/v2\/posts\/7258","targetHints":{"allow":["GET"]}}],"collection":[{"href":"https:\/\/www.immobilienbusiness.ch\/fr\/wp-json\/wp\/v2\/posts"}],"about":[{"href":"https:\/\/www.immobilienbusiness.ch\/fr\/wp-json\/wp\/v2\/types\/post"}],"author":[{"embeddable":true,"href":"https:\/\/www.immobilienbusiness.ch\/fr\/wp-json\/wp\/v2\/users\/3"}],"replies":[{"embeddable":true,"href":"https:\/\/www.immobilienbusiness.ch\/fr\/wp-json\/wp\/v2\/comments?post=7258"}],"version-history":[{"count":0,"href":"https:\/\/www.immobilienbusiness.ch\/fr\/wp-json\/wp\/v2\/posts\/7258\/revisions"}],"wp:featuredmedia":[{"embeddable":true,"href":"https:\/\/www.immobilienbusiness.ch\/fr\/wp-json\/wp\/v2\/media\/5802"}],"wp:attachment":[{"href":"https:\/\/www.immobilienbusiness.ch\/fr\/wp-json\/wp\/v2\/media?parent=7258"}],"wp:term":[{"taxonomy":"category","embeddable":true,"href":"https:\/\/www.immobilienbusiness.ch\/fr\/wp-json\/wp\/v2\/categories?post=7258"},{"taxonomy":"post_tag","embeddable":true,"href":"https:\/\/www.immobilienbusiness.ch\/fr\/wp-json\/wp\/v2\/tags?post=7258"}],"curies":[{"name":"wp","href":"https:\/\/api.w.org\/{rel}","templated":true}]}}