{"id":7224,"date":"2017-04-20T10:06:54","date_gmt":"2017-04-20T08:06:54","guid":{"rendered":"https:\/\/www.immobilienbusiness.ch\/?p=7224"},"modified":"2017-04-20T10:06:54","modified_gmt":"2017-04-20T08:06:54","slug":"uri-gruenes-licht-fuer-groesstes-hochbauprojekt-des-kantons","status":"publish","type":"post","link":"https:\/\/www.immobilienbusiness.ch\/fr\/regionen\/2017-04-20\/uri-gruenes-licht-fuer-groesstes-hochbauprojekt-des-kantons\/","title":{"rendered":"Uri : feu vert pour le plus grand projet de construction de b\u00e2timents du canton"},"content":{"rendered":"<figure id=\"attachment_7225\" aria-describedby=\"caption-attachment-7225\" style=\"width: 680px\" class=\"wp-caption alignnone\"><img loading=\"lazy\" decoding=\"async\" class=\"size-medium wp-image-7225\" src=\"https:\/\/www.immobilienbusiness.ch\/wp-content\/uploads\/2017\/04\/Uri.jpg\" alt=\"\" width=\"680\" height=\"453\" srcset=\"https:\/\/www.immobilienbusiness.ch\/wp-content\/uploads\/2017\/04\/Uri.jpg 2560w, https:\/\/www.immobilienbusiness.ch\/wp-content\/uploads\/2017\/04\/Uri-300x200.jpg 300w, https:\/\/www.immobilienbusiness.ch\/wp-content\/uploads\/2017\/04\/Uri-1024x683.jpg 1024w, https:\/\/www.immobilienbusiness.ch\/wp-content\/uploads\/2017\/04\/Uri-768x512.jpg 768w, https:\/\/www.immobilienbusiness.ch\/wp-content\/uploads\/2017\/04\/Uri-1536x1024.jpg 1536w, https:\/\/www.immobilienbusiness.ch\/wp-content\/uploads\/2017\/04\/Uri-2048x1365.jpg 2048w, https:\/\/www.immobilienbusiness.ch\/wp-content\/uploads\/2017\/04\/Uri-16x12.jpg 16w, https:\/\/www.immobilienbusiness.ch\/wp-content\/uploads\/2017\/04\/Uri-263x175.jpg 263w, https:\/\/www.immobilienbusiness.ch\/wp-content\/uploads\/2017\/04\/Uri-525x350.jpg 525w, https:\/\/www.immobilienbusiness.ch\/wp-content\/uploads\/2017\/04\/Uri-1200x800.jpg 1200w, https:\/\/www.immobilienbusiness.ch\/wp-content\/uploads\/2017\/04\/Uri-920x613.jpg 920w, https:\/\/www.immobilienbusiness.ch\/wp-content\/uploads\/2017\/04\/Uri-1400x933.jpg 1400w\" sizes=\"auto, (max-width: 680px) 100vw, 680px\" \/><figcaption id=\"caption-attachment-7225\" class=\"wp-caption-text\">L'h\u00f4pital cantonal d'Uri doit \u00eatre transform\u00e9 et agrandi (Rendering : Kantonsspital Uri)<\/figcaption><\/figure>\n<p>Les d\u00e9penses, support\u00e9es dans un premier temps par le canton, seront r\u00e9mun\u00e9r\u00e9es et rembours\u00e9es par l'h\u00f4pital cantonal au moyen d'une taxe d'utilisation annuelle d'environ 4,5 millions de CHF. Au cr\u00e9dit de construction s'ajoutent pour le canton des d\u00e9penses suppl\u00e9mentaires de neuf millions de CHF, qui comprennent des mesures d'assainissement de l'annexe ainsi que des travaux de d\u00e9construction et de transformation de l'actuelle aile de lits et du b\u00e2timent de liaison.<\/p>\n<p>Au total, le projet de transformation et de construction appel\u00e9 \"William\", con\u00e7u par Darlington Meier Architekten avec GMS Partner AG, co\u00fbte donc environ 124 millions de CHF.<\/p>\n<p>La votation populaire sur le cr\u00e9dit de construction est pr\u00e9vue pour le 24 septembre 2017. Les travaux de construction devraient d\u00e9buter au printemps 2019 et l'emm\u00e9nagement dans le nouveau b\u00e2timent devrait avoir lieu fin 2022. L'ensemble de la transformation pourrait alors \u00eatre achev\u00e9 fin 2024.<\/p>","protected":false},"excerpt":{"rendered":"<p>Le parlement d'Uri a ouvert la voie \u00e0 la r\u00e9alisation du plus grand projet de construction immobili\u00e8re du canton. Le Landrat a approuv\u00e9 un cr\u00e9dit de 115 millions de CHF pour la transformation et l'extension de l'h\u00f4pital cantonal d'Altdorf.<\/p>","protected":false},"author":3,"featured_media":7225,"comment_status":"open","ping_status":"open","sticky":false,"template":"","format":"standard","meta":{"_acf_changed":false,"_yoast_wpseo_focuskw":"Uri","_yoast_wpseo_title":"","_yoast_wpseo_metadesc":"Das Parlament von Uri hat den Weg frei gemacht f\u00fcr die Realisierung des gr\u00f6ssten Hochbauprojekts des Kantons, den Um- und Ausbau des Kantonsspitals.","_yoast_wpseo_linkdex":67,"pgc_sgb_lightbox_settings":"","footnotes":""},"categories":[985],"tags":[1269,1600,1874],"class_list":["post-7224","post","type-post","status-publish","format-standard","has-post-thumbnail","hentry","category-regionen","tag-gesundheitsimmobilien","tag-projekt-in-planung","tag-zentralschweiz"],"acf":[],"yoast_head":"<!-- This site is optimized with the Yoast SEO plugin v27.4 - https:\/\/yoast.com\/product\/yoast-seo-wordpress\/ -->\n<title>Uri: Gr\u00fcnes Licht f\u00fcr gr\u00f6sstes Hochbauprojekt des Kantons - IMMOBILIEN Business<\/title>\n<meta name=\"description\" content=\"Das Parlament von Uri hat den Weg frei gemacht f\u00fcr die Realisierung des gr\u00f6ssten Hochbauprojekts des Kantons, den Um- und Ausbau des Kantonsspitals.\" \/>\n<meta name=\"robots\" content=\"index, follow, max-snippet:-1, max-image-preview:large, max-video-preview:-1\" \/>\n<link rel=\"canonical\" href=\"https:\/\/www.immobilienbusiness.ch\/fr\/regionen\/2017-04-20\/uri-gruenes-licht-fuer-groesstes-hochbauprojekt-des-kantons\/\" \/>\n<meta property=\"og:locale\" content=\"fr_FR\" \/>\n<meta property=\"og:type\" content=\"article\" \/>\n<meta property=\"og:title\" content=\"Uri: Gr\u00fcnes Licht f\u00fcr gr\u00f6sstes Hochbauprojekt des Kantons\" \/>\n<meta property=\"og:description\" content=\"Das Parlament von Uri hat den Weg frei gemacht f\u00fcr die Realisierung des gr\u00f6ssten Hochbauprojekts des Kantons, den Um- und Ausbau des Kantonsspitals.\" \/>\n<meta property=\"og:url\" content=\"https:\/\/www.immobilienbusiness.ch\/fr\/regionen\/2017-04-20\/uri-gruenes-licht-fuer-groesstes-hochbauprojekt-des-kantons\/\" \/>\n<meta property=\"og:site_name\" content=\"IMMOBILIEN Business\" \/>\n<meta property=\"article:publisher\" content=\"https:\/\/www.facebook.com\/immobilienbusiness\/\" \/>\n<meta property=\"article:published_time\" content=\"2017-04-20T08:06:54+00:00\" \/>\n<meta property=\"og:image\" content=\"https:\/\/www.immobilienbusiness.ch\/wp-content\/uploads\/2017\/04\/Uri-1024x683.jpg\" \/>\n\t<meta property=\"og:image:width\" content=\"1024\" \/>\n\t<meta property=\"og:image:height\" content=\"683\" \/>\n\t<meta property=\"og:image:type\" content=\"image\/jpeg\" \/>\n<meta name=\"author\" content=\"anja.hall\" \/>\n<meta name=\"twitter:card\" content=\"summary_large_image\" \/>\n<meta name=\"twitter:title\" content=\"Uri: Gr\u00fcnes Licht f\u00fcr gr\u00f6sstes Hochbauprojekt des Kantons\" \/>\n<meta name=\"twitter:description\" content=\"Das Parlament von Uri hat den Weg frei gemacht f\u00fcr die Realisierung des gr\u00f6ssten Hochbauprojekts des Kantons, den Um- und Ausbau des Kantonsspitals.\" \/>\n<script type=\"application\/ld+json\" class=\"yoast-schema-graph\">{\"@context\":\"https:\\\/\\\/schema.org\",\"@graph\":[{\"@type\":\"Article\",\"@id\":\"https:\\\/\\\/www.immobilienbusiness.ch\\\/en\\\/regionen\\\/2017-04-20\\\/uri-gruenes-licht-fuer-groesstes-hochbauprojekt-des-kantons\\\/#article\",\"isPartOf\":{\"@id\":\"https:\\\/\\\/www.immobilienbusiness.ch\\\/en\\\/regionen\\\/2017-04-20\\\/uri-gruenes-licht-fuer-groesstes-hochbauprojekt-des-kantons\\\/\"},\"author\":{\"name\":\"anja.hall\",\"@id\":\"https:\\\/\\\/www.immobilienbusiness.ch\\\/#\\\/schema\\\/person\\\/3fc036297b10b9f42d6db5ee932af8c8\"},\"headline\":\"Uri: Gr\u00fcnes Licht f\u00fcr gr\u00f6sstes Hochbauprojekt des Kantons\",\"datePublished\":\"2017-04-20T08:06:54+00:00\",\"mainEntityOfPage\":{\"@id\":\"https:\\\/\\\/www.immobilienbusiness.ch\\\/en\\\/regionen\\\/2017-04-20\\\/uri-gruenes-licht-fuer-groesstes-hochbauprojekt-des-kantons\\\/\"},\"wordCount\":142,\"commentCount\":0,\"publisher\":{\"@id\":\"https:\\\/\\\/www.immobilienbusiness.ch\\\/#organization\"},\"image\":{\"@id\":\"https:\\\/\\\/www.immobilienbusiness.ch\\\/en\\\/regionen\\\/2017-04-20\\\/uri-gruenes-licht-fuer-groesstes-hochbauprojekt-des-kantons\\\/#primaryimage\"},\"thumbnailUrl\":\"https:\\\/\\\/www.immobilienbusiness.ch\\\/wp-content\\\/uploads\\\/2017\\\/04\\\/Uri.jpg\",\"keywords\":[\"Gesundheitsimmobilien\",\"Projekt in Planung\",\"Zentralschweiz\"],\"articleSection\":[\"REGIONEN\"],\"inLanguage\":\"fr-FR\"},{\"@type\":\"WebPage\",\"@id\":\"https:\\\/\\\/www.immobilienbusiness.ch\\\/en\\\/regionen\\\/2017-04-20\\\/uri-gruenes-licht-fuer-groesstes-hochbauprojekt-des-kantons\\\/\",\"url\":\"https:\\\/\\\/www.immobilienbusiness.ch\\\/en\\\/regionen\\\/2017-04-20\\\/uri-gruenes-licht-fuer-groesstes-hochbauprojekt-des-kantons\\\/\",\"name\":\"Uri: Gr\u00fcnes Licht f\u00fcr gr\u00f6sstes Hochbauprojekt des Kantons - IMMOBILIEN Business\",\"isPartOf\":{\"@id\":\"https:\\\/\\\/www.immobilienbusiness.ch\\\/#website\"},\"primaryImageOfPage\":{\"@id\":\"https:\\\/\\\/www.immobilienbusiness.ch\\\/en\\\/regionen\\\/2017-04-20\\\/uri-gruenes-licht-fuer-groesstes-hochbauprojekt-des-kantons\\\/#primaryimage\"},\"image\":{\"@id\":\"https:\\\/\\\/www.immobilienbusiness.ch\\\/en\\\/regionen\\\/2017-04-20\\\/uri-gruenes-licht-fuer-groesstes-hochbauprojekt-des-kantons\\\/#primaryimage\"},\"thumbnailUrl\":\"https:\\\/\\\/www.immobilienbusiness.ch\\\/wp-content\\\/uploads\\\/2017\\\/04\\\/Uri.jpg\",\"datePublished\":\"2017-04-20T08:06:54+00:00\",\"description\":\"Das Parlament von Uri hat den Weg frei gemacht f\u00fcr die Realisierung des gr\u00f6ssten Hochbauprojekts des Kantons, den Um- und Ausbau des Kantonsspitals.\",\"breadcrumb\":{\"@id\":\"https:\\\/\\\/www.immobilienbusiness.ch\\\/en\\\/regionen\\\/2017-04-20\\\/uri-gruenes-licht-fuer-groesstes-hochbauprojekt-des-kantons\\\/#breadcrumb\"},\"inLanguage\":\"fr-FR\",\"potentialAction\":[{\"@type\":\"ReadAction\",\"target\":[\"https:\\\/\\\/www.immobilienbusiness.ch\\\/en\\\/regionen\\\/2017-04-20\\\/uri-gruenes-licht-fuer-groesstes-hochbauprojekt-des-kantons\\\/\"]}]},{\"@type\":\"ImageObject\",\"inLanguage\":\"fr-FR\",\"@id\":\"https:\\\/\\\/www.immobilienbusiness.ch\\\/en\\\/regionen\\\/2017-04-20\\\/uri-gruenes-licht-fuer-groesstes-hochbauprojekt-des-kantons\\\/#primaryimage\",\"url\":\"https:\\\/\\\/www.immobilienbusiness.ch\\\/wp-content\\\/uploads\\\/2017\\\/04\\\/Uri.jpg\",\"contentUrl\":\"https:\\\/\\\/www.immobilienbusiness.ch\\\/wp-content\\\/uploads\\\/2017\\\/04\\\/Uri.jpg\",\"width\":2560,\"height\":1707,\"caption\":\"Das Kantonsspital von Uri soll um- und ausgebaut werden (Rendering: Kantonsspital Uri)\"},{\"@type\":\"BreadcrumbList\",\"@id\":\"https:\\\/\\\/www.immobilienbusiness.ch\\\/en\\\/regionen\\\/2017-04-20\\\/uri-gruenes-licht-fuer-groesstes-hochbauprojekt-des-kantons\\\/#breadcrumb\",\"itemListElement\":[{\"@type\":\"ListItem\",\"position\":1,\"name\":\"Home\",\"item\":\"https:\\\/\\\/www.immobilienbusiness.ch\\\/\"},{\"@type\":\"ListItem\",\"position\":2,\"name\":\"Uri: Gr\u00fcnes Licht f\u00fcr gr\u00f6sstes Hochbauprojekt des Kantons\"}]},{\"@type\":\"WebSite\",\"@id\":\"https:\\\/\\\/www.immobilienbusiness.ch\\\/#website\",\"url\":\"https:\\\/\\\/www.immobilienbusiness.ch\\\/\",\"name\":\"IMMOBILIEN Business\",\"description\":\"Unabh\u00e4ngiges Schweizer Wirtschaftsmagazin mit Fokus auf Immobilien, Architektur- und Bau sowie Investment- und Finanzierung.\",\"publisher\":{\"@id\":\"https:\\\/\\\/www.immobilienbusiness.ch\\\/#organization\"},\"potentialAction\":[{\"@type\":\"SearchAction\",\"target\":{\"@type\":\"EntryPoint\",\"urlTemplate\":\"https:\\\/\\\/www.immobilienbusiness.ch\\\/?s={search_term_string}\"},\"query-input\":{\"@type\":\"PropertyValueSpecification\",\"valueRequired\":true,\"valueName\":\"search_term_string\"}}],\"inLanguage\":\"fr-FR\"},{\"@type\":\"Organization\",\"@id\":\"https:\\\/\\\/www.immobilienbusiness.ch\\\/#organization\",\"name\":\"IMMOBILIEN Business\",\"url\":\"https:\\\/\\\/www.immobilienbusiness.ch\\\/\",\"logo\":{\"@type\":\"ImageObject\",\"inLanguage\":\"fr-FR\",\"@id\":\"https:\\\/\\\/www.immobilienbusiness.ch\\\/#\\\/schema\\\/logo\\\/image\\\/\",\"url\":\"https:\\\/\\\/www.immobilienbusiness.ch\\\/wp-content\\\/uploads\\\/2021\\\/07\\\/logo_ib.png\",\"contentUrl\":\"https:\\\/\\\/www.immobilienbusiness.ch\\\/wp-content\\\/uploads\\\/2021\\\/07\\\/logo_ib.png\",\"width\":800,\"height\":181,\"caption\":\"IMMOBILIEN Business\"},\"image\":{\"@id\":\"https:\\\/\\\/www.immobilienbusiness.ch\\\/#\\\/schema\\\/logo\\\/image\\\/\"},\"sameAs\":[\"https:\\\/\\\/www.facebook.com\\\/immobilienbusiness\\\/\"]},{\"@type\":\"Person\",\"@id\":\"https:\\\/\\\/www.immobilienbusiness.ch\\\/#\\\/schema\\\/person\\\/3fc036297b10b9f42d6db5ee932af8c8\",\"name\":\"anja.hall\",\"image\":{\"@type\":\"ImageObject\",\"inLanguage\":\"fr-FR\",\"@id\":\"https:\\\/\\\/secure.gravatar.com\\\/avatar\\\/066b5a0d447013502c71a5782f4f3469f03cfe595cc2329fb94652fe47511bfb?s=96&d=mm&r=g\",\"url\":\"https:\\\/\\\/secure.gravatar.com\\\/avatar\\\/066b5a0d447013502c71a5782f4f3469f03cfe595cc2329fb94652fe47511bfb?s=96&d=mm&r=g\",\"contentUrl\":\"https:\\\/\\\/secure.gravatar.com\\\/avatar\\\/066b5a0d447013502c71a5782f4f3469f03cfe595cc2329fb94652fe47511bfb?s=96&d=mm&r=g\",\"caption\":\"anja.hall\"},\"url\":\"https:\\\/\\\/www.immobilienbusiness.ch\\\/fr\\\/author\\\/anja-hall\\\/\"}]}<\/script>\n<!-- \/ Yoast SEO plugin. -->","yoast_head_json":{"title":"Uri: Gr\u00fcnes Licht f\u00fcr gr\u00f6sstes Hochbauprojekt des Kantons - IMMOBILIEN Business","description":"Das Parlament von Uri hat den Weg frei gemacht f\u00fcr die Realisierung des gr\u00f6ssten Hochbauprojekts des Kantons, den Um- und Ausbau des Kantonsspitals.","robots":{"index":"index","follow":"follow","max-snippet":"max-snippet:-1","max-image-preview":"max-image-preview:large","max-video-preview":"max-video-preview:-1"},"canonical":"https:\/\/www.immobilienbusiness.ch\/fr\/regionen\/2017-04-20\/uri-gruenes-licht-fuer-groesstes-hochbauprojekt-des-kantons\/","og_locale":"fr_FR","og_type":"article","og_title":"Uri: Gr\u00fcnes Licht f\u00fcr gr\u00f6sstes Hochbauprojekt des Kantons","og_description":"Das Parlament von Uri hat den Weg frei gemacht f\u00fcr die Realisierung des gr\u00f6ssten Hochbauprojekts des Kantons, den Um- und Ausbau des Kantonsspitals.","og_url":"https:\/\/www.immobilienbusiness.ch\/fr\/regionen\/2017-04-20\/uri-gruenes-licht-fuer-groesstes-hochbauprojekt-des-kantons\/","og_site_name":"IMMOBILIEN Business","article_publisher":"https:\/\/www.facebook.com\/immobilienbusiness\/","article_published_time":"2017-04-20T08:06:54+00:00","og_image":[{"width":1024,"height":683,"url":"https:\/\/www.immobilienbusiness.ch\/wp-content\/uploads\/2017\/04\/Uri-1024x683.jpg","type":"image\/jpeg"}],"author":"anja.hall","twitter_card":"summary_large_image","twitter_title":"Uri: Gr\u00fcnes Licht f\u00fcr gr\u00f6sstes Hochbauprojekt des Kantons","twitter_description":"Das Parlament von Uri hat den Weg frei gemacht f\u00fcr die Realisierung des gr\u00f6ssten Hochbauprojekts des Kantons, den Um- und Ausbau des Kantonsspitals.","schema":{"@context":"https:\/\/schema.org","@graph":[{"@type":"Article","@id":"https:\/\/www.immobilienbusiness.ch\/en\/regionen\/2017-04-20\/uri-gruenes-licht-fuer-groesstes-hochbauprojekt-des-kantons\/#article","isPartOf":{"@id":"https:\/\/www.immobilienbusiness.ch\/en\/regionen\/2017-04-20\/uri-gruenes-licht-fuer-groesstes-hochbauprojekt-des-kantons\/"},"author":{"name":"anja.hall","@id":"https:\/\/www.immobilienbusiness.ch\/#\/schema\/person\/3fc036297b10b9f42d6db5ee932af8c8"},"headline":"Uri: Gr\u00fcnes Licht f\u00fcr gr\u00f6sstes Hochbauprojekt des Kantons","datePublished":"2017-04-20T08:06:54+00:00","mainEntityOfPage":{"@id":"https:\/\/www.immobilienbusiness.ch\/en\/regionen\/2017-04-20\/uri-gruenes-licht-fuer-groesstes-hochbauprojekt-des-kantons\/"},"wordCount":142,"commentCount":0,"publisher":{"@id":"https:\/\/www.immobilienbusiness.ch\/#organization"},"image":{"@id":"https:\/\/www.immobilienbusiness.ch\/en\/regionen\/2017-04-20\/uri-gruenes-licht-fuer-groesstes-hochbauprojekt-des-kantons\/#primaryimage"},"thumbnailUrl":"https:\/\/www.immobilienbusiness.ch\/wp-content\/uploads\/2017\/04\/Uri.jpg","keywords":["Gesundheitsimmobilien","Projekt in Planung","Zentralschweiz"],"articleSection":["REGIONEN"],"inLanguage":"fr-FR"},{"@type":"WebPage","@id":"https:\/\/www.immobilienbusiness.ch\/en\/regionen\/2017-04-20\/uri-gruenes-licht-fuer-groesstes-hochbauprojekt-des-kantons\/","url":"https:\/\/www.immobilienbusiness.ch\/en\/regionen\/2017-04-20\/uri-gruenes-licht-fuer-groesstes-hochbauprojekt-des-kantons\/","name":"Uri: Gr\u00fcnes Licht f\u00fcr gr\u00f6sstes Hochbauprojekt des Kantons - IMMOBILIEN Business","isPartOf":{"@id":"https:\/\/www.immobilienbusiness.ch\/#website"},"primaryImageOfPage":{"@id":"https:\/\/www.immobilienbusiness.ch\/en\/regionen\/2017-04-20\/uri-gruenes-licht-fuer-groesstes-hochbauprojekt-des-kantons\/#primaryimage"},"image":{"@id":"https:\/\/www.immobilienbusiness.ch\/en\/regionen\/2017-04-20\/uri-gruenes-licht-fuer-groesstes-hochbauprojekt-des-kantons\/#primaryimage"},"thumbnailUrl":"https:\/\/www.immobilienbusiness.ch\/wp-content\/uploads\/2017\/04\/Uri.jpg","datePublished":"2017-04-20T08:06:54+00:00","description":"Das Parlament von Uri hat den Weg frei gemacht f\u00fcr die Realisierung des gr\u00f6ssten Hochbauprojekts des Kantons, den Um- und Ausbau des Kantonsspitals.","breadcrumb":{"@id":"https:\/\/www.immobilienbusiness.ch\/en\/regionen\/2017-04-20\/uri-gruenes-licht-fuer-groesstes-hochbauprojekt-des-kantons\/#breadcrumb"},"inLanguage":"fr-FR","potentialAction":[{"@type":"ReadAction","target":["https:\/\/www.immobilienbusiness.ch\/en\/regionen\/2017-04-20\/uri-gruenes-licht-fuer-groesstes-hochbauprojekt-des-kantons\/"]}]},{"@type":"ImageObject","inLanguage":"fr-FR","@id":"https:\/\/www.immobilienbusiness.ch\/en\/regionen\/2017-04-20\/uri-gruenes-licht-fuer-groesstes-hochbauprojekt-des-kantons\/#primaryimage","url":"https:\/\/www.immobilienbusiness.ch\/wp-content\/uploads\/2017\/04\/Uri.jpg","contentUrl":"https:\/\/www.immobilienbusiness.ch\/wp-content\/uploads\/2017\/04\/Uri.jpg","width":2560,"height":1707,"caption":"Das Kantonsspital von Uri soll um- und ausgebaut werden (Rendering: Kantonsspital Uri)"},{"@type":"BreadcrumbList","@id":"https:\/\/www.immobilienbusiness.ch\/en\/regionen\/2017-04-20\/uri-gruenes-licht-fuer-groesstes-hochbauprojekt-des-kantons\/#breadcrumb","itemListElement":[{"@type":"ListItem","position":1,"name":"Home","item":"https:\/\/www.immobilienbusiness.ch\/"},{"@type":"ListItem","position":2,"name":"Uri: Gr\u00fcnes Licht f\u00fcr gr\u00f6sstes Hochbauprojekt des Kantons"}]},{"@type":"WebSite","@id":"https:\/\/www.immobilienbusiness.ch\/#website","url":"https:\/\/www.immobilienbusiness.ch\/","name":"IMMOBILIER Business","description":"Magazine \u00e9conomique suisse ind\u00e9pendant ax\u00e9 sur l'immobilier, l'architecture et la construction ainsi que sur les investissements et le financement.","publisher":{"@id":"https:\/\/www.immobilienbusiness.ch\/#organization"},"potentialAction":[{"@type":"SearchAction","target":{"@type":"EntryPoint","urlTemplate":"https:\/\/www.immobilienbusiness.ch\/?s={search_term_string}"},"query-input":{"@type":"PropertyValueSpecification","valueRequired":true,"valueName":"search_term_string"}}],"inLanguage":"fr-FR"},{"@type":"Organization","@id":"https:\/\/www.immobilienbusiness.ch\/#organization","name":"IMMOBILIER Business","url":"https:\/\/www.immobilienbusiness.ch\/","logo":{"@type":"ImageObject","inLanguage":"fr-FR","@id":"https:\/\/www.immobilienbusiness.ch\/#\/schema\/logo\/image\/","url":"https:\/\/www.immobilienbusiness.ch\/wp-content\/uploads\/2021\/07\/logo_ib.png","contentUrl":"https:\/\/www.immobilienbusiness.ch\/wp-content\/uploads\/2021\/07\/logo_ib.png","width":800,"height":181,"caption":"IMMOBILIEN Business"},"image":{"@id":"https:\/\/www.immobilienbusiness.ch\/#\/schema\/logo\/image\/"},"sameAs":["https:\/\/www.facebook.com\/immobilienbusiness\/"]},{"@type":"Person","@id":"https:\/\/www.immobilienbusiness.ch\/#\/schema\/person\/3fc036297b10b9f42d6db5ee932af8c8","name":"anja.hall","image":{"@type":"ImageObject","inLanguage":"fr-FR","@id":"https:\/\/secure.gravatar.com\/avatar\/066b5a0d447013502c71a5782f4f3469f03cfe595cc2329fb94652fe47511bfb?s=96&d=mm&r=g","url":"https:\/\/secure.gravatar.com\/avatar\/066b5a0d447013502c71a5782f4f3469f03cfe595cc2329fb94652fe47511bfb?s=96&d=mm&r=g","contentUrl":"https:\/\/secure.gravatar.com\/avatar\/066b5a0d447013502c71a5782f4f3469f03cfe595cc2329fb94652fe47511bfb?s=96&d=mm&r=g","caption":"anja.hall"},"url":"https:\/\/www.immobilienbusiness.ch\/fr\/author\/anja-hall\/"}]}},"_links":{"self":[{"href":"https:\/\/www.immobilienbusiness.ch\/fr\/wp-json\/wp\/v2\/posts\/7224","targetHints":{"allow":["GET"]}}],"collection":[{"href":"https:\/\/www.immobilienbusiness.ch\/fr\/wp-json\/wp\/v2\/posts"}],"about":[{"href":"https:\/\/www.immobilienbusiness.ch\/fr\/wp-json\/wp\/v2\/types\/post"}],"author":[{"embeddable":true,"href":"https:\/\/www.immobilienbusiness.ch\/fr\/wp-json\/wp\/v2\/users\/3"}],"replies":[{"embeddable":true,"href":"https:\/\/www.immobilienbusiness.ch\/fr\/wp-json\/wp\/v2\/comments?post=7224"}],"version-history":[{"count":0,"href":"https:\/\/www.immobilienbusiness.ch\/fr\/wp-json\/wp\/v2\/posts\/7224\/revisions"}],"wp:featuredmedia":[{"embeddable":true,"href":"https:\/\/www.immobilienbusiness.ch\/fr\/wp-json\/wp\/v2\/media\/7225"}],"wp:attachment":[{"href":"https:\/\/www.immobilienbusiness.ch\/fr\/wp-json\/wp\/v2\/media?parent=7224"}],"wp:term":[{"taxonomy":"category","embeddable":true,"href":"https:\/\/www.immobilienbusiness.ch\/fr\/wp-json\/wp\/v2\/categories?post=7224"},{"taxonomy":"post_tag","embeddable":true,"href":"https:\/\/www.immobilienbusiness.ch\/fr\/wp-json\/wp\/v2\/tags?post=7224"}],"curies":[{"name":"wp","href":"https:\/\/api.w.org\/{rel}","templated":true}]}}