{"id":7146,"date":"2017-04-11T13:48:50","date_gmt":"2017-04-11T11:48:50","guid":{"rendered":"https:\/\/www.immobilienbusiness.ch\/?p=7146"},"modified":"2017-04-11T13:48:50","modified_gmt":"2017-04-11T11:48:50","slug":"helvetica-swiss-commercial-kauft-weiter-zu","status":"publish","type":"post","link":"https:\/\/www.immobilienbusiness.ch\/fr\/allgemein\/2017-04-11\/helvetica-swiss-commercial-kauft-weiter-zu\/","title":{"rendered":"Helvetica Swiss Commercial continue d'acheter"},"content":{"rendered":"<figure id=\"attachment_7147\" aria-describedby=\"caption-attachment-7147\" style=\"width: 680px\" class=\"wp-caption alignnone\"><img loading=\"lazy\" decoding=\"async\" class=\"size-medium wp-image-7147\" src=\"https:\/\/www.immobilienbusiness.ch\/wp-content\/uploads\/2017\/04\/Helvetica-Swiss-Commercial-kauft-weiter-zu_1_IMMOBILIEN-Business.jpg\" alt=\"Helvetica Swiss Commercial\" width=\"680\" height=\"452\" srcset=\"https:\/\/www.immobilienbusiness.ch\/wp-content\/uploads\/2017\/04\/Helvetica-Swiss-Commercial-kauft-weiter-zu_1_IMMOBILIEN-Business.jpg 2560w, https:\/\/www.immobilienbusiness.ch\/wp-content\/uploads\/2017\/04\/Helvetica-Swiss-Commercial-kauft-weiter-zu_1_IMMOBILIEN-Business-300x200.jpg 300w, https:\/\/www.immobilienbusiness.ch\/wp-content\/uploads\/2017\/04\/Helvetica-Swiss-Commercial-kauft-weiter-zu_1_IMMOBILIEN-Business-1024x681.jpg 1024w, https:\/\/www.immobilienbusiness.ch\/wp-content\/uploads\/2017\/04\/Helvetica-Swiss-Commercial-kauft-weiter-zu_1_IMMOBILIEN-Business-768x511.jpg 768w, https:\/\/www.immobilienbusiness.ch\/wp-content\/uploads\/2017\/04\/Helvetica-Swiss-Commercial-kauft-weiter-zu_1_IMMOBILIEN-Business-1536x1022.jpg 1536w, https:\/\/www.immobilienbusiness.ch\/wp-content\/uploads\/2017\/04\/Helvetica-Swiss-Commercial-kauft-weiter-zu_1_IMMOBILIEN-Business-2048x1363.jpg 2048w, https:\/\/www.immobilienbusiness.ch\/wp-content\/uploads\/2017\/04\/Helvetica-Swiss-Commercial-kauft-weiter-zu_1_IMMOBILIEN-Business-16x12.jpg 16w, https:\/\/www.immobilienbusiness.ch\/wp-content\/uploads\/2017\/04\/Helvetica-Swiss-Commercial-kauft-weiter-zu_1_IMMOBILIEN-Business-263x175.jpg 263w, https:\/\/www.immobilienbusiness.ch\/wp-content\/uploads\/2017\/04\/Helvetica-Swiss-Commercial-kauft-weiter-zu_1_IMMOBILIEN-Business-526x350.jpg 526w, https:\/\/www.immobilienbusiness.ch\/wp-content\/uploads\/2017\/04\/Helvetica-Swiss-Commercial-kauft-weiter-zu_1_IMMOBILIEN-Business-1202x800.jpg 1202w, https:\/\/www.immobilienbusiness.ch\/wp-content\/uploads\/2017\/04\/Helvetica-Swiss-Commercial-kauft-weiter-zu_1_IMMOBILIEN-Business-920x612.jpg 920w, https:\/\/www.immobilienbusiness.ch\/wp-content\/uploads\/2017\/04\/Helvetica-Swiss-Commercial-kauft-weiter-zu_1_IMMOBILIEN-Business-1400x932.jpg 1400w\" sizes=\"auto, (max-width: 680px) 100vw, 680px\" \/><figcaption id=\"caption-attachment-7147\" class=\"wp-caption-text\">Le nouvel immeuble acquis \u00e0 Zurich Altstetten se trouve dans la Max-H\u00f6gger-Strasse (photo : HSC)<\/figcaption><\/figure>\n<p>Dans le cadre d'off-market-deals, on a acquis deux immeubles bien situ\u00e9s en ville de Zurich et \u00e0 proximit\u00e9 de l'a\u00e9roport de Zurich pour un total de pr\u00e8s de 38 millions de CHF. Comme l'indique la gestion du fonds, le rendement brut pond\u00e9r\u00e9 des nouvelles acquisitions s'\u00e9l\u00e8ve \u00e0 6,2 pour cent.<\/p>\n<p>L'objet lou\u00e9 \u00e0 divers utilisateurs \u00e0 Zurich se trouve dans un endroit tr\u00e8s bien desservi pour les bureaux, \u00e0 distance de marche de la gare RER d'Altstetten. Helvetica Property Investors chiffre le rendement brut r\u00e9el de cette acquisition \u00e0 6,75%. \"Nous avons pu acqu\u00e9rir ce bien immobilier \u00e0 un prix nettement inf\u00e9rieur \u00e0 celui de la construction d'un objet comparable situ\u00e9 au m\u00eame endroit\", d\u00e9clare Hans R. Holdener. Pour le CEO et Managing Partner d'Helvetica Property Investors, Zurich-Altstetten compte parmi les march\u00e9s de croissance et les sites de bureaux les plus attractifs de la ville de Zurich.<\/p>\n<p>Le deuxi\u00e8me immeuble multitenant est situ\u00e9 \u00e0 proximit\u00e9 imm\u00e9diate de l'autoroute reliant Zurich \u00e0 l'a\u00e9roport et, selon les informations fournies, il est lou\u00e9 \u00e0 une entreprise locale et solide pour cinq ans \u00e0 des loyers attractifs ; le locataire dispose d'une option pour prolonger le contrat de cinq ans suppl\u00e9mentaires apr\u00e8s 2022, est-il pr\u00e9cis\u00e9.<\/p>\n<p>D\u00e9but 2017 d\u00e9j\u00e0, Helvetica Property Investors annon\u00e7ait l'achat d'un immeuble d'une valeur d'environ 16 millions de CHF dans la ville de Saint-Gall pour le fonds. Fin 2016 et compte tenu des gains d'\u00e9valuation positifs, le rendement brut r\u00e9el s'\u00e9levait \u00e0 5,66 pour cent, indique la soci\u00e9t\u00e9. Avec les deux acquisitions \u00e0 Zurich et dans ses environs, le rendement r\u00e9el brut du fonds passe \u00e0 5,8 pour cent ; le volume du fonds augmente \u00e0 140 millions de CHF. Les revenus locatifs courants sont chiffr\u00e9s \u00e0 8,13 millions de CHF par an.<\/p>\n<p>La direction du fonds n\u00e9gocie encore actuellement d'autres achats qui devraient d\u00e9boucher sur de nouvelles acquisitions d\u00e8s les prochaines semaines.<\/p>","protected":false},"excerpt":{"rendered":"<p>Helvetica Property Investors annonce deux acquisitions pour le fonds immobilier Helvetica Swiss Commercial (HSC), qui proc\u00e8de actuellement \u00e0 une augmentation de capital. <\/p>","protected":false},"author":102,"featured_media":7147,"comment_status":"open","ping_status":"open","sticky":false,"template":"","format":"standard","meta":{"_acf_changed":false,"_yoast_wpseo_focuskw":"Helvetica Swiss Commercial","_yoast_wpseo_title":"Helvetica Swiss Commercial kauft im Raum Z\u00fcrich weiter zu","_yoast_wpseo_metadesc":"Im Rahmen von Off-market-Deals habe man zwei Immobilien an gut vernetzten Lagen in der Stadt Z\u00fcrich und in der N\u00e4he des Flughafens Z\u00fcrich zugekauft.","_yoast_wpseo_linkdex":67,"pgc_sgb_lightbox_settings":"","footnotes":""},"categories":[1],"tags":[1119,1298,1344,1355,1888],"class_list":["post-7146","post","type-post","status-publish","format-standard","has-post-thumbnail","hentry","category-allgemein","tag-bueroimmobilien","tag-helvetica-property-investors","tag-immobilienfonds","tag-immobilienverkauf","tag-zuerich"],"acf":[],"yoast_head":"<!-- This site is optimized with the Yoast SEO plugin v27.4 - https:\/\/yoast.com\/product\/yoast-seo-wordpress\/ -->\n<title>Helvetica Swiss Commercial kauft im Raum Z\u00fcrich weiter zu<\/title>\n<meta name=\"description\" content=\"Im Rahmen von Off-market-Deals habe man zwei Immobilien an gut vernetzten Lagen in der Stadt Z\u00fcrich und in der N\u00e4he des Flughafens Z\u00fcrich zugekauft.\" \/>\n<meta name=\"robots\" content=\"index, follow, max-snippet:-1, max-image-preview:large, max-video-preview:-1\" \/>\n<link rel=\"canonical\" href=\"https:\/\/www.immobilienbusiness.ch\/fr\/allgemein\/2017-04-11\/helvetica-swiss-commercial-kauft-weiter-zu\/\" \/>\n<meta property=\"og:locale\" content=\"fr_FR\" \/>\n<meta property=\"og:type\" content=\"article\" \/>\n<meta property=\"og:title\" content=\"Helvetica Swiss Commercial kauft im Raum Z\u00fcrich weiter zu\" \/>\n<meta property=\"og:description\" content=\"Im Rahmen von Off-market-Deals habe man zwei Immobilien an gut vernetzten Lagen in der Stadt Z\u00fcrich und in der N\u00e4he des Flughafens Z\u00fcrich zugekauft.\" \/>\n<meta property=\"og:url\" content=\"https:\/\/www.immobilienbusiness.ch\/fr\/allgemein\/2017-04-11\/helvetica-swiss-commercial-kauft-weiter-zu\/\" \/>\n<meta property=\"og:site_name\" content=\"IMMOBILIEN Business\" \/>\n<meta property=\"article:publisher\" content=\"https:\/\/www.facebook.com\/immobilienbusiness\/\" \/>\n<meta property=\"article:published_time\" content=\"2017-04-11T11:48:50+00:00\" \/>\n<meta property=\"og:image\" content=\"https:\/\/www.immobilienbusiness.ch\/wp-content\/uploads\/2017\/04\/Helvetica-Swiss-Commercial-kauft-weiter-zu_1_IMMOBILIEN-Business-1024x681.jpg\" \/>\n\t<meta property=\"og:image:width\" content=\"1024\" \/>\n\t<meta property=\"og:image:height\" content=\"681\" \/>\n\t<meta property=\"og:image:type\" content=\"image\/jpeg\" \/>\n<meta name=\"author\" content=\"Alexander Wachter\" \/>\n<meta name=\"twitter:card\" content=\"summary_large_image\" \/>\n<script type=\"application\/ld+json\" class=\"yoast-schema-graph\">{\"@context\":\"https:\\\/\\\/schema.org\",\"@graph\":[{\"@type\":\"Article\",\"@id\":\"https:\\\/\\\/www.immobilienbusiness.ch\\\/allgemein\\\/2017-04-11\\\/helvetica-swiss-commercial-kauft-weiter-zu\\\/#article\",\"isPartOf\":{\"@id\":\"https:\\\/\\\/www.immobilienbusiness.ch\\\/allgemein\\\/2017-04-11\\\/helvetica-swiss-commercial-kauft-weiter-zu\\\/\"},\"author\":{\"name\":\"Alexander Wachter\",\"@id\":\"https:\\\/\\\/www.immobilienbusiness.ch\\\/#\\\/schema\\\/person\\\/aba8bea2db926aa0c24c08c43fe1fcd5\"},\"headline\":\"Helvetica Swiss Commercial kauft weiter zu\",\"datePublished\":\"2017-04-11T11:48:50+00:00\",\"mainEntityOfPage\":{\"@id\":\"https:\\\/\\\/www.immobilienbusiness.ch\\\/allgemein\\\/2017-04-11\\\/helvetica-swiss-commercial-kauft-weiter-zu\\\/\"},\"wordCount\":311,\"commentCount\":0,\"publisher\":{\"@id\":\"https:\\\/\\\/www.immobilienbusiness.ch\\\/#organization\"},\"image\":{\"@id\":\"https:\\\/\\\/www.immobilienbusiness.ch\\\/allgemein\\\/2017-04-11\\\/helvetica-swiss-commercial-kauft-weiter-zu\\\/#primaryimage\"},\"thumbnailUrl\":\"https:\\\/\\\/www.immobilienbusiness.ch\\\/wp-content\\\/uploads\\\/2017\\\/04\\\/Helvetica-Swiss-Commercial-kauft-weiter-zu_1_IMMOBILIEN-Business.jpg\",\"keywords\":[\"B\u00fcroimmobilien\",\"Helvetica Property Investors\",\"Immobilienfonds\",\"Immobilienverkauf\",\"Z\u00fcrich\"],\"articleSection\":[\"Allgemein\"],\"inLanguage\":\"fr-FR\"},{\"@type\":\"WebPage\",\"@id\":\"https:\\\/\\\/www.immobilienbusiness.ch\\\/allgemein\\\/2017-04-11\\\/helvetica-swiss-commercial-kauft-weiter-zu\\\/\",\"url\":\"https:\\\/\\\/www.immobilienbusiness.ch\\\/allgemein\\\/2017-04-11\\\/helvetica-swiss-commercial-kauft-weiter-zu\\\/\",\"name\":\"Helvetica Swiss Commercial kauft im Raum Z\u00fcrich weiter zu\",\"isPartOf\":{\"@id\":\"https:\\\/\\\/www.immobilienbusiness.ch\\\/#website\"},\"primaryImageOfPage\":{\"@id\":\"https:\\\/\\\/www.immobilienbusiness.ch\\\/allgemein\\\/2017-04-11\\\/helvetica-swiss-commercial-kauft-weiter-zu\\\/#primaryimage\"},\"image\":{\"@id\":\"https:\\\/\\\/www.immobilienbusiness.ch\\\/allgemein\\\/2017-04-11\\\/helvetica-swiss-commercial-kauft-weiter-zu\\\/#primaryimage\"},\"thumbnailUrl\":\"https:\\\/\\\/www.immobilienbusiness.ch\\\/wp-content\\\/uploads\\\/2017\\\/04\\\/Helvetica-Swiss-Commercial-kauft-weiter-zu_1_IMMOBILIEN-Business.jpg\",\"datePublished\":\"2017-04-11T11:48:50+00:00\",\"description\":\"Im Rahmen von Off-market-Deals habe man zwei Immobilien an gut vernetzten Lagen in der Stadt Z\u00fcrich und in der N\u00e4he des Flughafens Z\u00fcrich zugekauft.\",\"breadcrumb\":{\"@id\":\"https:\\\/\\\/www.immobilienbusiness.ch\\\/allgemein\\\/2017-04-11\\\/helvetica-swiss-commercial-kauft-weiter-zu\\\/#breadcrumb\"},\"inLanguage\":\"fr-FR\",\"potentialAction\":[{\"@type\":\"ReadAction\",\"target\":[\"https:\\\/\\\/www.immobilienbusiness.ch\\\/allgemein\\\/2017-04-11\\\/helvetica-swiss-commercial-kauft-weiter-zu\\\/\"]}]},{\"@type\":\"ImageObject\",\"inLanguage\":\"fr-FR\",\"@id\":\"https:\\\/\\\/www.immobilienbusiness.ch\\\/allgemein\\\/2017-04-11\\\/helvetica-swiss-commercial-kauft-weiter-zu\\\/#primaryimage\",\"url\":\"https:\\\/\\\/www.immobilienbusiness.ch\\\/wp-content\\\/uploads\\\/2017\\\/04\\\/Helvetica-Swiss-Commercial-kauft-weiter-zu_1_IMMOBILIEN-Business.jpg\",\"contentUrl\":\"https:\\\/\\\/www.immobilienbusiness.ch\\\/wp-content\\\/uploads\\\/2017\\\/04\\\/Helvetica-Swiss-Commercial-kauft-weiter-zu_1_IMMOBILIEN-Business.jpg\",\"width\":2560,\"height\":1703,\"caption\":\"Die neu erworbene Liegenschaft in Z\u00fcrich Altstetten befindet sich an der Max-H\u00f6gger-Strasse\"},{\"@type\":\"BreadcrumbList\",\"@id\":\"https:\\\/\\\/www.immobilienbusiness.ch\\\/allgemein\\\/2017-04-11\\\/helvetica-swiss-commercial-kauft-weiter-zu\\\/#breadcrumb\",\"itemListElement\":[{\"@type\":\"ListItem\",\"position\":1,\"name\":\"Home\",\"item\":\"https:\\\/\\\/www.immobilienbusiness.ch\\\/\"},{\"@type\":\"ListItem\",\"position\":2,\"name\":\"Helvetica Swiss Commercial kauft weiter zu\"}]},{\"@type\":\"WebSite\",\"@id\":\"https:\\\/\\\/www.immobilienbusiness.ch\\\/#website\",\"url\":\"https:\\\/\\\/www.immobilienbusiness.ch\\\/\",\"name\":\"IMMOBILIEN Business\",\"description\":\"Unabh\u00e4ngiges Schweizer Wirtschaftsmagazin mit Fokus auf Immobilien, Architektur- und Bau sowie Investment- und Finanzierung.\",\"publisher\":{\"@id\":\"https:\\\/\\\/www.immobilienbusiness.ch\\\/#organization\"},\"potentialAction\":[{\"@type\":\"SearchAction\",\"target\":{\"@type\":\"EntryPoint\",\"urlTemplate\":\"https:\\\/\\\/www.immobilienbusiness.ch\\\/?s={search_term_string}\"},\"query-input\":{\"@type\":\"PropertyValueSpecification\",\"valueRequired\":true,\"valueName\":\"search_term_string\"}}],\"inLanguage\":\"fr-FR\"},{\"@type\":\"Organization\",\"@id\":\"https:\\\/\\\/www.immobilienbusiness.ch\\\/#organization\",\"name\":\"IMMOBILIEN Business\",\"url\":\"https:\\\/\\\/www.immobilienbusiness.ch\\\/\",\"logo\":{\"@type\":\"ImageObject\",\"inLanguage\":\"fr-FR\",\"@id\":\"https:\\\/\\\/www.immobilienbusiness.ch\\\/#\\\/schema\\\/logo\\\/image\\\/\",\"url\":\"https:\\\/\\\/www.immobilienbusiness.ch\\\/wp-content\\\/uploads\\\/2021\\\/07\\\/logo_ib.png\",\"contentUrl\":\"https:\\\/\\\/www.immobilienbusiness.ch\\\/wp-content\\\/uploads\\\/2021\\\/07\\\/logo_ib.png\",\"width\":800,\"height\":181,\"caption\":\"IMMOBILIEN Business\"},\"image\":{\"@id\":\"https:\\\/\\\/www.immobilienbusiness.ch\\\/#\\\/schema\\\/logo\\\/image\\\/\"},\"sameAs\":[\"https:\\\/\\\/www.facebook.com\\\/immobilienbusiness\\\/\"]},{\"@type\":\"Person\",\"@id\":\"https:\\\/\\\/www.immobilienbusiness.ch\\\/#\\\/schema\\\/person\\\/aba8bea2db926aa0c24c08c43fe1fcd5\",\"name\":\"Alexander Wachter\",\"image\":{\"@type\":\"ImageObject\",\"inLanguage\":\"fr-FR\",\"@id\":\"https:\\\/\\\/secure.gravatar.com\\\/avatar\\\/1a09e471f5389b0e0a6416eac287e0927c7c97a7b77f9e787eba3af7aee281dd?s=96&d=mm&r=g\",\"url\":\"https:\\\/\\\/secure.gravatar.com\\\/avatar\\\/1a09e471f5389b0e0a6416eac287e0927c7c97a7b77f9e787eba3af7aee281dd?s=96&d=mm&r=g\",\"contentUrl\":\"https:\\\/\\\/secure.gravatar.com\\\/avatar\\\/1a09e471f5389b0e0a6416eac287e0927c7c97a7b77f9e787eba3af7aee281dd?s=96&d=mm&r=g\",\"caption\":\"Alexander Wachter\"},\"url\":\"https:\\\/\\\/www.immobilienbusiness.ch\\\/fr\\\/author\\\/alexander-wachter\\\/\"}]}<\/script>\n<!-- \/ Yoast SEO plugin. -->","yoast_head_json":{"title":"Helvetica Swiss Commercial poursuit ses achats dans la r\u00e9gion de Zurich","description":"Dans le cadre de transactions hors march\u00e9, deux biens immobiliers situ\u00e9s dans des endroits bien connect\u00e9s de la ville de Zurich et \u00e0 proximit\u00e9 de l'a\u00e9roport de Zurich ont \u00e9t\u00e9 achet\u00e9s.","robots":{"index":"index","follow":"follow","max-snippet":"max-snippet:-1","max-image-preview":"max-image-preview:large","max-video-preview":"max-video-preview:-1"},"canonical":"https:\/\/www.immobilienbusiness.ch\/fr\/allgemein\/2017-04-11\/helvetica-swiss-commercial-kauft-weiter-zu\/","og_locale":"fr_FR","og_type":"article","og_title":"Helvetica Swiss Commercial kauft im Raum Z\u00fcrich weiter zu","og_description":"Im Rahmen von Off-market-Deals habe man zwei Immobilien an gut vernetzten Lagen in der Stadt Z\u00fcrich und in der N\u00e4he des Flughafens Z\u00fcrich zugekauft.","og_url":"https:\/\/www.immobilienbusiness.ch\/fr\/allgemein\/2017-04-11\/helvetica-swiss-commercial-kauft-weiter-zu\/","og_site_name":"IMMOBILIEN Business","article_publisher":"https:\/\/www.facebook.com\/immobilienbusiness\/","article_published_time":"2017-04-11T11:48:50+00:00","og_image":[{"width":1024,"height":681,"url":"https:\/\/www.immobilienbusiness.ch\/wp-content\/uploads\/2017\/04\/Helvetica-Swiss-Commercial-kauft-weiter-zu_1_IMMOBILIEN-Business-1024x681.jpg","type":"image\/jpeg"}],"author":"Alexander Wachter","twitter_card":"summary_large_image","schema":{"@context":"https:\/\/schema.org","@graph":[{"@type":"Article","@id":"https:\/\/www.immobilienbusiness.ch\/allgemein\/2017-04-11\/helvetica-swiss-commercial-kauft-weiter-zu\/#article","isPartOf":{"@id":"https:\/\/www.immobilienbusiness.ch\/allgemein\/2017-04-11\/helvetica-swiss-commercial-kauft-weiter-zu\/"},"author":{"name":"Alexander Wachter","@id":"https:\/\/www.immobilienbusiness.ch\/#\/schema\/person\/aba8bea2db926aa0c24c08c43fe1fcd5"},"headline":"Helvetica Swiss Commercial kauft weiter zu","datePublished":"2017-04-11T11:48:50+00:00","mainEntityOfPage":{"@id":"https:\/\/www.immobilienbusiness.ch\/allgemein\/2017-04-11\/helvetica-swiss-commercial-kauft-weiter-zu\/"},"wordCount":311,"commentCount":0,"publisher":{"@id":"https:\/\/www.immobilienbusiness.ch\/#organization"},"image":{"@id":"https:\/\/www.immobilienbusiness.ch\/allgemein\/2017-04-11\/helvetica-swiss-commercial-kauft-weiter-zu\/#primaryimage"},"thumbnailUrl":"https:\/\/www.immobilienbusiness.ch\/wp-content\/uploads\/2017\/04\/Helvetica-Swiss-Commercial-kauft-weiter-zu_1_IMMOBILIEN-Business.jpg","keywords":["B\u00fcroimmobilien","Helvetica Property Investors","Immobilienfonds","Immobilienverkauf","Z\u00fcrich"],"articleSection":["Allgemein"],"inLanguage":"fr-FR"},{"@type":"WebPage","@id":"https:\/\/www.immobilienbusiness.ch\/allgemein\/2017-04-11\/helvetica-swiss-commercial-kauft-weiter-zu\/","url":"https:\/\/www.immobilienbusiness.ch\/allgemein\/2017-04-11\/helvetica-swiss-commercial-kauft-weiter-zu\/","name":"Helvetica Swiss Commercial poursuit ses achats dans la r\u00e9gion de Zurich","isPartOf":{"@id":"https:\/\/www.immobilienbusiness.ch\/#website"},"primaryImageOfPage":{"@id":"https:\/\/www.immobilienbusiness.ch\/allgemein\/2017-04-11\/helvetica-swiss-commercial-kauft-weiter-zu\/#primaryimage"},"image":{"@id":"https:\/\/www.immobilienbusiness.ch\/allgemein\/2017-04-11\/helvetica-swiss-commercial-kauft-weiter-zu\/#primaryimage"},"thumbnailUrl":"https:\/\/www.immobilienbusiness.ch\/wp-content\/uploads\/2017\/04\/Helvetica-Swiss-Commercial-kauft-weiter-zu_1_IMMOBILIEN-Business.jpg","datePublished":"2017-04-11T11:48:50+00:00","description":"Dans le cadre de transactions hors march\u00e9, deux biens immobiliers situ\u00e9s dans des endroits bien connect\u00e9s de la ville de Zurich et \u00e0 proximit\u00e9 de l'a\u00e9roport de Zurich ont \u00e9t\u00e9 achet\u00e9s.","breadcrumb":{"@id":"https:\/\/www.immobilienbusiness.ch\/allgemein\/2017-04-11\/helvetica-swiss-commercial-kauft-weiter-zu\/#breadcrumb"},"inLanguage":"fr-FR","potentialAction":[{"@type":"ReadAction","target":["https:\/\/www.immobilienbusiness.ch\/allgemein\/2017-04-11\/helvetica-swiss-commercial-kauft-weiter-zu\/"]}]},{"@type":"ImageObject","inLanguage":"fr-FR","@id":"https:\/\/www.immobilienbusiness.ch\/allgemein\/2017-04-11\/helvetica-swiss-commercial-kauft-weiter-zu\/#primaryimage","url":"https:\/\/www.immobilienbusiness.ch\/wp-content\/uploads\/2017\/04\/Helvetica-Swiss-Commercial-kauft-weiter-zu_1_IMMOBILIEN-Business.jpg","contentUrl":"https:\/\/www.immobilienbusiness.ch\/wp-content\/uploads\/2017\/04\/Helvetica-Swiss-Commercial-kauft-weiter-zu_1_IMMOBILIEN-Business.jpg","width":2560,"height":1703,"caption":"Die neu erworbene Liegenschaft in Z\u00fcrich Altstetten befindet sich an der Max-H\u00f6gger-Strasse"},{"@type":"BreadcrumbList","@id":"https:\/\/www.immobilienbusiness.ch\/allgemein\/2017-04-11\/helvetica-swiss-commercial-kauft-weiter-zu\/#breadcrumb","itemListElement":[{"@type":"ListItem","position":1,"name":"Home","item":"https:\/\/www.immobilienbusiness.ch\/"},{"@type":"ListItem","position":2,"name":"Helvetica Swiss Commercial kauft weiter zu"}]},{"@type":"WebSite","@id":"https:\/\/www.immobilienbusiness.ch\/#website","url":"https:\/\/www.immobilienbusiness.ch\/","name":"IMMOBILIER Business","description":"Magazine \u00e9conomique suisse ind\u00e9pendant ax\u00e9 sur l'immobilier, l'architecture et la construction ainsi que sur les investissements et le financement.","publisher":{"@id":"https:\/\/www.immobilienbusiness.ch\/#organization"},"potentialAction":[{"@type":"SearchAction","target":{"@type":"EntryPoint","urlTemplate":"https:\/\/www.immobilienbusiness.ch\/?s={search_term_string}"},"query-input":{"@type":"PropertyValueSpecification","valueRequired":true,"valueName":"search_term_string"}}],"inLanguage":"fr-FR"},{"@type":"Organization","@id":"https:\/\/www.immobilienbusiness.ch\/#organization","name":"IMMOBILIER Business","url":"https:\/\/www.immobilienbusiness.ch\/","logo":{"@type":"ImageObject","inLanguage":"fr-FR","@id":"https:\/\/www.immobilienbusiness.ch\/#\/schema\/logo\/image\/","url":"https:\/\/www.immobilienbusiness.ch\/wp-content\/uploads\/2021\/07\/logo_ib.png","contentUrl":"https:\/\/www.immobilienbusiness.ch\/wp-content\/uploads\/2021\/07\/logo_ib.png","width":800,"height":181,"caption":"IMMOBILIEN Business"},"image":{"@id":"https:\/\/www.immobilienbusiness.ch\/#\/schema\/logo\/image\/"},"sameAs":["https:\/\/www.facebook.com\/immobilienbusiness\/"]},{"@type":"Person","@id":"https:\/\/www.immobilienbusiness.ch\/#\/schema\/person\/aba8bea2db926aa0c24c08c43fe1fcd5","name":"Alexander Wachter","image":{"@type":"ImageObject","inLanguage":"fr-FR","@id":"https:\/\/secure.gravatar.com\/avatar\/1a09e471f5389b0e0a6416eac287e0927c7c97a7b77f9e787eba3af7aee281dd?s=96&d=mm&r=g","url":"https:\/\/secure.gravatar.com\/avatar\/1a09e471f5389b0e0a6416eac287e0927c7c97a7b77f9e787eba3af7aee281dd?s=96&d=mm&r=g","contentUrl":"https:\/\/secure.gravatar.com\/avatar\/1a09e471f5389b0e0a6416eac287e0927c7c97a7b77f9e787eba3af7aee281dd?s=96&d=mm&r=g","caption":"Alexander Wachter"},"url":"https:\/\/www.immobilienbusiness.ch\/fr\/author\/alexander-wachter\/"}]}},"_links":{"self":[{"href":"https:\/\/www.immobilienbusiness.ch\/fr\/wp-json\/wp\/v2\/posts\/7146","targetHints":{"allow":["GET"]}}],"collection":[{"href":"https:\/\/www.immobilienbusiness.ch\/fr\/wp-json\/wp\/v2\/posts"}],"about":[{"href":"https:\/\/www.immobilienbusiness.ch\/fr\/wp-json\/wp\/v2\/types\/post"}],"author":[{"embeddable":true,"href":"https:\/\/www.immobilienbusiness.ch\/fr\/wp-json\/wp\/v2\/users\/102"}],"replies":[{"embeddable":true,"href":"https:\/\/www.immobilienbusiness.ch\/fr\/wp-json\/wp\/v2\/comments?post=7146"}],"version-history":[{"count":0,"href":"https:\/\/www.immobilienbusiness.ch\/fr\/wp-json\/wp\/v2\/posts\/7146\/revisions"}],"wp:featuredmedia":[{"embeddable":true,"href":"https:\/\/www.immobilienbusiness.ch\/fr\/wp-json\/wp\/v2\/media\/7147"}],"wp:attachment":[{"href":"https:\/\/www.immobilienbusiness.ch\/fr\/wp-json\/wp\/v2\/media?parent=7146"}],"wp:term":[{"taxonomy":"category","embeddable":true,"href":"https:\/\/www.immobilienbusiness.ch\/fr\/wp-json\/wp\/v2\/categories?post=7146"},{"taxonomy":"post_tag","embeddable":true,"href":"https:\/\/www.immobilienbusiness.ch\/fr\/wp-json\/wp\/v2\/tags?post=7146"}],"curies":[{"name":"wp","href":"https:\/\/api.w.org\/{rel}","templated":true}]}}