{"id":7129,"date":"2017-04-11T08:00:25","date_gmt":"2017-04-11T06:00:25","guid":{"rendered":"https:\/\/www.immobilienbusiness.ch\/?p=7129"},"modified":"2017-04-11T08:00:25","modified_gmt":"2017-04-11T06:00:25","slug":"zuerich-weiterer-mieter-fuer-medien-park","status":"publish","type":"post","link":"https:\/\/www.immobilienbusiness.ch\/fr\/allgemein\/2017-04-11\/zuerich-weiterer-mieter-fuer-medien-park\/","title":{"rendered":"Zurich : Un nouveau locataire pour Medien Park"},"content":{"rendered":"<figure id=\"attachment_7130\" aria-describedby=\"caption-attachment-7130\" style=\"width: 4032px\" class=\"wp-caption alignnone\"><img loading=\"lazy\" decoding=\"async\" class=\"size-full wp-image-7130\" src=\"https:\/\/www.immobilienbusiness.ch\/wp-content\/uploads\/2017\/04\/Medienpark-Zuerich-Altstetten-c-Mathias-Rinka.jpg\" alt=\"\" width=\"4032\" height=\"3024\" srcset=\"https:\/\/www.immobilienbusiness.ch\/wp-content\/uploads\/2017\/04\/Medienpark-Zuerich-Altstetten-c-Mathias-Rinka.jpg 2560w, https:\/\/www.immobilienbusiness.ch\/wp-content\/uploads\/2017\/04\/Medienpark-Zuerich-Altstetten-c-Mathias-Rinka-300x225.jpg 300w, https:\/\/www.immobilienbusiness.ch\/wp-content\/uploads\/2017\/04\/Medienpark-Zuerich-Altstetten-c-Mathias-Rinka-1024x768.jpg 1024w, https:\/\/www.immobilienbusiness.ch\/wp-content\/uploads\/2017\/04\/Medienpark-Zuerich-Altstetten-c-Mathias-Rinka-768x576.jpg 768w, https:\/\/www.immobilienbusiness.ch\/wp-content\/uploads\/2017\/04\/Medienpark-Zuerich-Altstetten-c-Mathias-Rinka-1536x1152.jpg 1536w, https:\/\/www.immobilienbusiness.ch\/wp-content\/uploads\/2017\/04\/Medienpark-Zuerich-Altstetten-c-Mathias-Rinka-2048x1536.jpg 2048w, https:\/\/www.immobilienbusiness.ch\/wp-content\/uploads\/2017\/04\/Medienpark-Zuerich-Altstetten-c-Mathias-Rinka-16x12.jpg 16w, https:\/\/www.immobilienbusiness.ch\/wp-content\/uploads\/2017\/04\/Medienpark-Zuerich-Altstetten-c-Mathias-Rinka-233x175.jpg 233w, https:\/\/www.immobilienbusiness.ch\/wp-content\/uploads\/2017\/04\/Medienpark-Zuerich-Altstetten-c-Mathias-Rinka-467x350.jpg 467w, https:\/\/www.immobilienbusiness.ch\/wp-content\/uploads\/2017\/04\/Medienpark-Zuerich-Altstetten-c-Mathias-Rinka-1067x800.jpg 1067w, https:\/\/www.immobilienbusiness.ch\/wp-content\/uploads\/2017\/04\/Medienpark-Zuerich-Altstetten-c-Mathias-Rinka-920x690.jpg 920w, https:\/\/www.immobilienbusiness.ch\/wp-content\/uploads\/2017\/04\/Medienpark-Zuerich-Altstetten-c-Mathias-Rinka-1400x1050.jpg 1400w, https:\/\/www.immobilienbusiness.ch\/wp-content\/uploads\/2017\/04\/Medienpark-Zuerich-Altstetten-c-Mathias-Rinka-1867x1400.jpg 1867w\" sizes=\"auto, (max-width: 4032px) 100vw, 4032px\" \/><figcaption id=\"caption-attachment-7130\" class=\"wp-caption-text\">Intergraph AG devient un nouveau locataire de bureaux dans le Medien Park \u00e0 Zurich-Altstetten (photo : Mathias Rinka)<\/figcaption><\/figure>\n<p>Intergraph AG, fournisseur de logiciels d'ing\u00e9nierie, loue un bureau penthouse de 750 m\u00e8tres carr\u00e9s dans le nouveau Medien Park de la Flurstrasse \u00e0 Zurich-Altstetten. L'entreprise, dont le si\u00e8ge se trouve \u00e0 Dietikon, va y regrouper deux de ses sites existants, explique-t-on. Les bureaux \"au caract\u00e8re de loft industriel\", qui s'\u00e9tendent sur deux \u00e9tages, devraient \u00eatre occup\u00e9s au quatri\u00e8me trimestre 2017. Dans sa recherche de nouvelles surfaces de bureaux, Intergraph a \u00e9t\u00e9 conseill\u00e9 en exclusivit\u00e9 par Abakus Strategische Immobilienl\u00f6sungen (Munich).<\/p>\n<p>Le nouveau bureau penthouse offre \"un concept de bureau hautement flexible et moderne, qui cr\u00e9e un environnement de travail cr\u00e9atif et motivant pour les collaborateurs\", selon Abakus. Eva Menne d'Abakus pr\u00e9cise qu'Intergraph avait d\u00e9j\u00e0 \u00e9t\u00e9 conseill\u00e9 avec succ\u00e8s fin 2014 lors d'une location \u00e0 Bonn (Carre S\u00fcd). Le fait d'avoir pu \u00e0 nouveau soutenir Intergraph \u00e0 Zurich montre que l'ajout des sites de Vienne et de Zurich aux donn\u00e9es de bureau compl\u00e8tes d\u00e9j\u00e0 disponibles pour l'Allemagne dans le programme de conseil bas\u00e9 sur le web AbaScore a \u00e9t\u00e9 la \"bonne d\u00e9cision strat\u00e9gique\", selon Menne.<\/p>\n<p>Ces jours-ci, Ringier Axel Springer Schweiz AG, le principal locataire, emm\u00e9nage avec plus de 600 collaborateurs sur 10 000 m\u00b2 de surface de services dans le Medien Park (anciennement \"Flurpark\") \u00e0 Zurich-Altstetten. <a href=\"https:\/\/www.immobilienbusiness.ch\/fr\/zuerich-ringier-axel-springer-schweiz-mietet-im-flurpark-der-sps\/\">Cette location avait d\u00e9j\u00e0 \u00e9t\u00e9 rendue publique en d\u00e9cembre 2015.<\/a> L'immeuble commercial, qui a fait l'objet d'une vaste r\u00e9novation, est la propri\u00e9t\u00e9 de Swiss Prime Site (SPS) SA, soci\u00e9t\u00e9 cot\u00e9e en bourse, depuis 2005.<\/p>","protected":false},"excerpt":{"rendered":"<p>La soci\u00e9t\u00e9 Intergraph AG, qui fait partie du groupe Hexagon, devient l'un des principaux locataires du Medien Park de Zurich-Altstetten, aux c\u00f4t\u00e9s des \u00e9ditions Ringier.<\/p>","protected":false},"author":4,"featured_media":7130,"comment_status":"open","ping_status":"open","sticky":false,"template":"","format":"standard","meta":{"_acf_changed":false,"_yoast_wpseo_focuskw":"Medien Park","_yoast_wpseo_title":"","_yoast_wpseo_metadesc":"Die Intergraph AG, Engineering-Software-Anbieter, mietet im Medien Park in Z\u00fcrich-Altstetten 750 qm B\u00fcrofl\u00e4che. Abakus war f\u00fcr den Mieter beratend t\u00e4tig.","_yoast_wpseo_linkdex":90,"pgc_sgb_lightbox_settings":"","footnotes":""},"categories":[1],"tags":[994,1119,1373,1477,1760,1888],"class_list":["post-7129","post","type-post","status-publish","format-standard","has-post-thumbnail","hentry","category-allgemein","tag-abakus","tag-bueroimmobilien","tag-intergraph","tag-medien-park","tag-swiss-prime-site","tag-zuerich"],"acf":[],"yoast_head":"<!-- This site is optimized with the Yoast SEO plugin v27.4 - https:\/\/yoast.com\/product\/yoast-seo-wordpress\/ -->\n<title>Z\u00fcrich: Weiterer Mieter f\u00fcr Medien Park - IMMOBILIEN Business<\/title>\n<meta name=\"description\" content=\"Die Intergraph AG, Engineering-Software-Anbieter, mietet im Medien Park in Z\u00fcrich-Altstetten 750 qm B\u00fcrofl\u00e4che. Abakus war f\u00fcr den Mieter beratend t\u00e4tig.\" \/>\n<meta name=\"robots\" content=\"index, follow, max-snippet:-1, max-image-preview:large, max-video-preview:-1\" \/>\n<link rel=\"canonical\" href=\"https:\/\/www.immobilienbusiness.ch\/fr\/allgemein\/2017-04-11\/zuerich-weiterer-mieter-fuer-medien-park\/\" \/>\n<meta property=\"og:locale\" content=\"fr_FR\" \/>\n<meta property=\"og:type\" content=\"article\" \/>\n<meta property=\"og:title\" content=\"Z\u00fcrich: Weiterer Mieter f\u00fcr Medien Park - IMMOBILIEN Business\" \/>\n<meta property=\"og:description\" content=\"Die Intergraph AG, Engineering-Software-Anbieter, mietet im Medien Park in Z\u00fcrich-Altstetten 750 qm B\u00fcrofl\u00e4che. Abakus war f\u00fcr den Mieter beratend t\u00e4tig.\" \/>\n<meta property=\"og:url\" content=\"https:\/\/www.immobilienbusiness.ch\/fr\/allgemein\/2017-04-11\/zuerich-weiterer-mieter-fuer-medien-park\/\" \/>\n<meta property=\"og:site_name\" content=\"IMMOBILIEN Business\" \/>\n<meta property=\"article:publisher\" content=\"https:\/\/www.facebook.com\/immobilienbusiness\/\" \/>\n<meta property=\"article:published_time\" content=\"2017-04-11T06:00:25+00:00\" \/>\n<meta property=\"og:image\" content=\"https:\/\/www.immobilienbusiness.ch\/wp-content\/uploads\/2017\/04\/Medienpark-Zuerich-Altstetten-c-Mathias-Rinka.jpg\" \/>\n\t<meta property=\"og:image:width\" content=\"2560\" \/>\n\t<meta property=\"og:image:height\" content=\"1920\" \/>\n\t<meta property=\"og:image:type\" content=\"image\/jpeg\" \/>\n<meta name=\"author\" content=\"mathias.rinka\" \/>\n<meta name=\"twitter:card\" content=\"summary_large_image\" \/>\n<script type=\"application\/ld+json\" class=\"yoast-schema-graph\">{\"@context\":\"https:\\\/\\\/schema.org\",\"@graph\":[{\"@type\":\"Article\",\"@id\":\"https:\\\/\\\/www.immobilienbusiness.ch\\\/en\\\/allgemein\\\/2017-04-11\\\/zuerich-weiterer-mieter-fuer-medien-park\\\/#article\",\"isPartOf\":{\"@id\":\"https:\\\/\\\/www.immobilienbusiness.ch\\\/en\\\/allgemein\\\/2017-04-11\\\/zuerich-weiterer-mieter-fuer-medien-park\\\/\"},\"author\":{\"name\":\"mathias.rinka\",\"@id\":\"https:\\\/\\\/www.immobilienbusiness.ch\\\/#\\\/schema\\\/person\\\/31be7383261ea656cfe52cad71fdc211\"},\"headline\":\"Z\u00fcrich: Weiterer Mieter f\u00fcr Medien Park\",\"datePublished\":\"2017-04-11T06:00:25+00:00\",\"mainEntityOfPage\":{\"@id\":\"https:\\\/\\\/www.immobilienbusiness.ch\\\/en\\\/allgemein\\\/2017-04-11\\\/zuerich-weiterer-mieter-fuer-medien-park\\\/\"},\"wordCount\":253,\"commentCount\":0,\"publisher\":{\"@id\":\"https:\\\/\\\/www.immobilienbusiness.ch\\\/#organization\"},\"image\":{\"@id\":\"https:\\\/\\\/www.immobilienbusiness.ch\\\/en\\\/allgemein\\\/2017-04-11\\\/zuerich-weiterer-mieter-fuer-medien-park\\\/#primaryimage\"},\"thumbnailUrl\":\"https:\\\/\\\/www.immobilienbusiness.ch\\\/wp-content\\\/uploads\\\/2017\\\/04\\\/Medienpark-Zuerich-Altstetten-c-Mathias-Rinka.jpg\",\"keywords\":[\"Abakus\",\"B\u00fcroimmobilien\",\"Intergraph\",\"Medien Park\",\"Swiss Prime Site\",\"Z\u00fcrich\"],\"articleSection\":[\"Allgemein\"],\"inLanguage\":\"fr-FR\"},{\"@type\":\"WebPage\",\"@id\":\"https:\\\/\\\/www.immobilienbusiness.ch\\\/en\\\/allgemein\\\/2017-04-11\\\/zuerich-weiterer-mieter-fuer-medien-park\\\/\",\"url\":\"https:\\\/\\\/www.immobilienbusiness.ch\\\/en\\\/allgemein\\\/2017-04-11\\\/zuerich-weiterer-mieter-fuer-medien-park\\\/\",\"name\":\"Z\u00fcrich: Weiterer Mieter f\u00fcr Medien Park - IMMOBILIEN Business\",\"isPartOf\":{\"@id\":\"https:\\\/\\\/www.immobilienbusiness.ch\\\/#website\"},\"primaryImageOfPage\":{\"@id\":\"https:\\\/\\\/www.immobilienbusiness.ch\\\/en\\\/allgemein\\\/2017-04-11\\\/zuerich-weiterer-mieter-fuer-medien-park\\\/#primaryimage\"},\"image\":{\"@id\":\"https:\\\/\\\/www.immobilienbusiness.ch\\\/en\\\/allgemein\\\/2017-04-11\\\/zuerich-weiterer-mieter-fuer-medien-park\\\/#primaryimage\"},\"thumbnailUrl\":\"https:\\\/\\\/www.immobilienbusiness.ch\\\/wp-content\\\/uploads\\\/2017\\\/04\\\/Medienpark-Zuerich-Altstetten-c-Mathias-Rinka.jpg\",\"datePublished\":\"2017-04-11T06:00:25+00:00\",\"description\":\"Die Intergraph AG, Engineering-Software-Anbieter, mietet im Medien Park in Z\u00fcrich-Altstetten 750 qm B\u00fcrofl\u00e4che. Abakus war f\u00fcr den Mieter beratend t\u00e4tig.\",\"breadcrumb\":{\"@id\":\"https:\\\/\\\/www.immobilienbusiness.ch\\\/en\\\/allgemein\\\/2017-04-11\\\/zuerich-weiterer-mieter-fuer-medien-park\\\/#breadcrumb\"},\"inLanguage\":\"fr-FR\",\"potentialAction\":[{\"@type\":\"ReadAction\",\"target\":[\"https:\\\/\\\/www.immobilienbusiness.ch\\\/en\\\/allgemein\\\/2017-04-11\\\/zuerich-weiterer-mieter-fuer-medien-park\\\/\"]}]},{\"@type\":\"ImageObject\",\"inLanguage\":\"fr-FR\",\"@id\":\"https:\\\/\\\/www.immobilienbusiness.ch\\\/en\\\/allgemein\\\/2017-04-11\\\/zuerich-weiterer-mieter-fuer-medien-park\\\/#primaryimage\",\"url\":\"https:\\\/\\\/www.immobilienbusiness.ch\\\/wp-content\\\/uploads\\\/2017\\\/04\\\/Medienpark-Zuerich-Altstetten-c-Mathias-Rinka.jpg\",\"contentUrl\":\"https:\\\/\\\/www.immobilienbusiness.ch\\\/wp-content\\\/uploads\\\/2017\\\/04\\\/Medienpark-Zuerich-Altstetten-c-Mathias-Rinka.jpg\",\"width\":2560,\"height\":1920,\"caption\":\"Die Intergraph AG wird weiterer B\u00fcromieter im Medien Park in Z\u00fcrich-Altstetten (Bild: Mathias Rinka)\"},{\"@type\":\"BreadcrumbList\",\"@id\":\"https:\\\/\\\/www.immobilienbusiness.ch\\\/en\\\/allgemein\\\/2017-04-11\\\/zuerich-weiterer-mieter-fuer-medien-park\\\/#breadcrumb\",\"itemListElement\":[{\"@type\":\"ListItem\",\"position\":1,\"name\":\"Home\",\"item\":\"https:\\\/\\\/www.immobilienbusiness.ch\\\/\"},{\"@type\":\"ListItem\",\"position\":2,\"name\":\"Z\u00fcrich: Weiterer Mieter f\u00fcr Medien Park\"}]},{\"@type\":\"WebSite\",\"@id\":\"https:\\\/\\\/www.immobilienbusiness.ch\\\/#website\",\"url\":\"https:\\\/\\\/www.immobilienbusiness.ch\\\/\",\"name\":\"IMMOBILIEN Business\",\"description\":\"Unabh\u00e4ngiges Schweizer Wirtschaftsmagazin mit Fokus auf Immobilien, Architektur- und Bau sowie Investment- und Finanzierung.\",\"publisher\":{\"@id\":\"https:\\\/\\\/www.immobilienbusiness.ch\\\/#organization\"},\"potentialAction\":[{\"@type\":\"SearchAction\",\"target\":{\"@type\":\"EntryPoint\",\"urlTemplate\":\"https:\\\/\\\/www.immobilienbusiness.ch\\\/?s={search_term_string}\"},\"query-input\":{\"@type\":\"PropertyValueSpecification\",\"valueRequired\":true,\"valueName\":\"search_term_string\"}}],\"inLanguage\":\"fr-FR\"},{\"@type\":\"Organization\",\"@id\":\"https:\\\/\\\/www.immobilienbusiness.ch\\\/#organization\",\"name\":\"IMMOBILIEN Business\",\"url\":\"https:\\\/\\\/www.immobilienbusiness.ch\\\/\",\"logo\":{\"@type\":\"ImageObject\",\"inLanguage\":\"fr-FR\",\"@id\":\"https:\\\/\\\/www.immobilienbusiness.ch\\\/#\\\/schema\\\/logo\\\/image\\\/\",\"url\":\"https:\\\/\\\/www.immobilienbusiness.ch\\\/wp-content\\\/uploads\\\/2021\\\/07\\\/logo_ib.png\",\"contentUrl\":\"https:\\\/\\\/www.immobilienbusiness.ch\\\/wp-content\\\/uploads\\\/2021\\\/07\\\/logo_ib.png\",\"width\":800,\"height\":181,\"caption\":\"IMMOBILIEN Business\"},\"image\":{\"@id\":\"https:\\\/\\\/www.immobilienbusiness.ch\\\/#\\\/schema\\\/logo\\\/image\\\/\"},\"sameAs\":[\"https:\\\/\\\/www.facebook.com\\\/immobilienbusiness\\\/\"]},{\"@type\":\"Person\",\"@id\":\"https:\\\/\\\/www.immobilienbusiness.ch\\\/#\\\/schema\\\/person\\\/31be7383261ea656cfe52cad71fdc211\",\"name\":\"mathias.rinka\",\"image\":{\"@type\":\"ImageObject\",\"inLanguage\":\"fr-FR\",\"@id\":\"https:\\\/\\\/secure.gravatar.com\\\/avatar\\\/?s=96&d=mm&r=g\",\"url\":\"https:\\\/\\\/secure.gravatar.com\\\/avatar\\\/?s=96&d=mm&r=g\",\"contentUrl\":\"https:\\\/\\\/secure.gravatar.com\\\/avatar\\\/?s=96&d=mm&r=g\",\"caption\":\"mathias.rinka\"},\"url\":\"https:\\\/\\\/www.immobilienbusiness.ch\\\/fr\\\/author\\\/mathias-rinka\\\/\"}]}<\/script>\n<!-- \/ Yoast SEO plugin. -->","yoast_head_json":{"title":"Z\u00fcrich: Weiterer Mieter f\u00fcr Medien Park - IMMOBILIEN Business","description":"Die Intergraph AG, Engineering-Software-Anbieter, mietet im Medien Park in Z\u00fcrich-Altstetten 750 qm B\u00fcrofl\u00e4che. Abakus war f\u00fcr den Mieter beratend t\u00e4tig.","robots":{"index":"index","follow":"follow","max-snippet":"max-snippet:-1","max-image-preview":"max-image-preview:large","max-video-preview":"max-video-preview:-1"},"canonical":"https:\/\/www.immobilienbusiness.ch\/fr\/allgemein\/2017-04-11\/zuerich-weiterer-mieter-fuer-medien-park\/","og_locale":"fr_FR","og_type":"article","og_title":"Z\u00fcrich: Weiterer Mieter f\u00fcr Medien Park - IMMOBILIEN Business","og_description":"Die Intergraph AG, Engineering-Software-Anbieter, mietet im Medien Park in Z\u00fcrich-Altstetten 750 qm B\u00fcrofl\u00e4che. Abakus war f\u00fcr den Mieter beratend t\u00e4tig.","og_url":"https:\/\/www.immobilienbusiness.ch\/fr\/allgemein\/2017-04-11\/zuerich-weiterer-mieter-fuer-medien-park\/","og_site_name":"IMMOBILIEN Business","article_publisher":"https:\/\/www.facebook.com\/immobilienbusiness\/","article_published_time":"2017-04-11T06:00:25+00:00","og_image":[{"width":2560,"height":1920,"url":"https:\/\/www.immobilienbusiness.ch\/wp-content\/uploads\/2017\/04\/Medienpark-Zuerich-Altstetten-c-Mathias-Rinka.jpg","type":"image\/jpeg"}],"author":"mathias.rinka","twitter_card":"summary_large_image","schema":{"@context":"https:\/\/schema.org","@graph":[{"@type":"Article","@id":"https:\/\/www.immobilienbusiness.ch\/en\/allgemein\/2017-04-11\/zuerich-weiterer-mieter-fuer-medien-park\/#article","isPartOf":{"@id":"https:\/\/www.immobilienbusiness.ch\/en\/allgemein\/2017-04-11\/zuerich-weiterer-mieter-fuer-medien-park\/"},"author":{"name":"mathias.rinka","@id":"https:\/\/www.immobilienbusiness.ch\/#\/schema\/person\/31be7383261ea656cfe52cad71fdc211"},"headline":"Z\u00fcrich: Weiterer Mieter f\u00fcr Medien Park","datePublished":"2017-04-11T06:00:25+00:00","mainEntityOfPage":{"@id":"https:\/\/www.immobilienbusiness.ch\/en\/allgemein\/2017-04-11\/zuerich-weiterer-mieter-fuer-medien-park\/"},"wordCount":253,"commentCount":0,"publisher":{"@id":"https:\/\/www.immobilienbusiness.ch\/#organization"},"image":{"@id":"https:\/\/www.immobilienbusiness.ch\/en\/allgemein\/2017-04-11\/zuerich-weiterer-mieter-fuer-medien-park\/#primaryimage"},"thumbnailUrl":"https:\/\/www.immobilienbusiness.ch\/wp-content\/uploads\/2017\/04\/Medienpark-Zuerich-Altstetten-c-Mathias-Rinka.jpg","keywords":["Abakus","B\u00fcroimmobilien","Intergraph","Medien Park","Swiss Prime Site","Z\u00fcrich"],"articleSection":["Allgemein"],"inLanguage":"fr-FR"},{"@type":"WebPage","@id":"https:\/\/www.immobilienbusiness.ch\/en\/allgemein\/2017-04-11\/zuerich-weiterer-mieter-fuer-medien-park\/","url":"https:\/\/www.immobilienbusiness.ch\/en\/allgemein\/2017-04-11\/zuerich-weiterer-mieter-fuer-medien-park\/","name":"Z\u00fcrich: Weiterer Mieter f\u00fcr Medien Park - IMMOBILIEN Business","isPartOf":{"@id":"https:\/\/www.immobilienbusiness.ch\/#website"},"primaryImageOfPage":{"@id":"https:\/\/www.immobilienbusiness.ch\/en\/allgemein\/2017-04-11\/zuerich-weiterer-mieter-fuer-medien-park\/#primaryimage"},"image":{"@id":"https:\/\/www.immobilienbusiness.ch\/en\/allgemein\/2017-04-11\/zuerich-weiterer-mieter-fuer-medien-park\/#primaryimage"},"thumbnailUrl":"https:\/\/www.immobilienbusiness.ch\/wp-content\/uploads\/2017\/04\/Medienpark-Zuerich-Altstetten-c-Mathias-Rinka.jpg","datePublished":"2017-04-11T06:00:25+00:00","description":"Die Intergraph AG, Engineering-Software-Anbieter, mietet im Medien Park in Z\u00fcrich-Altstetten 750 qm B\u00fcrofl\u00e4che. Abakus war f\u00fcr den Mieter beratend t\u00e4tig.","breadcrumb":{"@id":"https:\/\/www.immobilienbusiness.ch\/en\/allgemein\/2017-04-11\/zuerich-weiterer-mieter-fuer-medien-park\/#breadcrumb"},"inLanguage":"fr-FR","potentialAction":[{"@type":"ReadAction","target":["https:\/\/www.immobilienbusiness.ch\/en\/allgemein\/2017-04-11\/zuerich-weiterer-mieter-fuer-medien-park\/"]}]},{"@type":"ImageObject","inLanguage":"fr-FR","@id":"https:\/\/www.immobilienbusiness.ch\/en\/allgemein\/2017-04-11\/zuerich-weiterer-mieter-fuer-medien-park\/#primaryimage","url":"https:\/\/www.immobilienbusiness.ch\/wp-content\/uploads\/2017\/04\/Medienpark-Zuerich-Altstetten-c-Mathias-Rinka.jpg","contentUrl":"https:\/\/www.immobilienbusiness.ch\/wp-content\/uploads\/2017\/04\/Medienpark-Zuerich-Altstetten-c-Mathias-Rinka.jpg","width":2560,"height":1920,"caption":"Die Intergraph AG wird weiterer B\u00fcromieter im Medien Park in Z\u00fcrich-Altstetten (Bild: Mathias Rinka)"},{"@type":"BreadcrumbList","@id":"https:\/\/www.immobilienbusiness.ch\/en\/allgemein\/2017-04-11\/zuerich-weiterer-mieter-fuer-medien-park\/#breadcrumb","itemListElement":[{"@type":"ListItem","position":1,"name":"Home","item":"https:\/\/www.immobilienbusiness.ch\/"},{"@type":"ListItem","position":2,"name":"Z\u00fcrich: Weiterer Mieter f\u00fcr Medien Park"}]},{"@type":"WebSite","@id":"https:\/\/www.immobilienbusiness.ch\/#website","url":"https:\/\/www.immobilienbusiness.ch\/","name":"IMMOBILIER Business","description":"Magazine \u00e9conomique suisse ind\u00e9pendant ax\u00e9 sur l'immobilier, l'architecture et la construction ainsi que sur les investissements et le financement.","publisher":{"@id":"https:\/\/www.immobilienbusiness.ch\/#organization"},"potentialAction":[{"@type":"SearchAction","target":{"@type":"EntryPoint","urlTemplate":"https:\/\/www.immobilienbusiness.ch\/?s={search_term_string}"},"query-input":{"@type":"PropertyValueSpecification","valueRequired":true,"valueName":"search_term_string"}}],"inLanguage":"fr-FR"},{"@type":"Organization","@id":"https:\/\/www.immobilienbusiness.ch\/#organization","name":"IMMOBILIER Business","url":"https:\/\/www.immobilienbusiness.ch\/","logo":{"@type":"ImageObject","inLanguage":"fr-FR","@id":"https:\/\/www.immobilienbusiness.ch\/#\/schema\/logo\/image\/","url":"https:\/\/www.immobilienbusiness.ch\/wp-content\/uploads\/2021\/07\/logo_ib.png","contentUrl":"https:\/\/www.immobilienbusiness.ch\/wp-content\/uploads\/2021\/07\/logo_ib.png","width":800,"height":181,"caption":"IMMOBILIEN Business"},"image":{"@id":"https:\/\/www.immobilienbusiness.ch\/#\/schema\/logo\/image\/"},"sameAs":["https:\/\/www.facebook.com\/immobilienbusiness\/"]},{"@type":"Person","@id":"https:\/\/www.immobilienbusiness.ch\/#\/schema\/person\/31be7383261ea656cfe52cad71fdc211","name":"mathias.rinka","image":{"@type":"ImageObject","inLanguage":"fr-FR","@id":"https:\/\/secure.gravatar.com\/avatar\/?s=96&d=mm&r=g","url":"https:\/\/secure.gravatar.com\/avatar\/?s=96&d=mm&r=g","contentUrl":"https:\/\/secure.gravatar.com\/avatar\/?s=96&d=mm&r=g","caption":"mathias.rinka"},"url":"https:\/\/www.immobilienbusiness.ch\/fr\/author\/mathias-rinka\/"}]}},"_links":{"self":[{"href":"https:\/\/www.immobilienbusiness.ch\/fr\/wp-json\/wp\/v2\/posts\/7129","targetHints":{"allow":["GET"]}}],"collection":[{"href":"https:\/\/www.immobilienbusiness.ch\/fr\/wp-json\/wp\/v2\/posts"}],"about":[{"href":"https:\/\/www.immobilienbusiness.ch\/fr\/wp-json\/wp\/v2\/types\/post"}],"author":[{"embeddable":true,"href":"https:\/\/www.immobilienbusiness.ch\/fr\/wp-json\/wp\/v2\/users\/4"}],"replies":[{"embeddable":true,"href":"https:\/\/www.immobilienbusiness.ch\/fr\/wp-json\/wp\/v2\/comments?post=7129"}],"version-history":[{"count":0,"href":"https:\/\/www.immobilienbusiness.ch\/fr\/wp-json\/wp\/v2\/posts\/7129\/revisions"}],"wp:featuredmedia":[{"embeddable":true,"href":"https:\/\/www.immobilienbusiness.ch\/fr\/wp-json\/wp\/v2\/media\/7130"}],"wp:attachment":[{"href":"https:\/\/www.immobilienbusiness.ch\/fr\/wp-json\/wp\/v2\/media?parent=7129"}],"wp:term":[{"taxonomy":"category","embeddable":true,"href":"https:\/\/www.immobilienbusiness.ch\/fr\/wp-json\/wp\/v2\/categories?post=7129"},{"taxonomy":"post_tag","embeddable":true,"href":"https:\/\/www.immobilienbusiness.ch\/fr\/wp-json\/wp\/v2\/tags?post=7129"}],"curies":[{"name":"wp","href":"https:\/\/api.w.org\/{rel}","templated":true}]}}