{"id":7047,"date":"2017-04-05T09:32:52","date_gmt":"2017-04-05T07:32:52","guid":{"rendered":"https:\/\/www.immobilienbusiness.ch\/?p=7047"},"modified":"2017-04-05T09:32:52","modified_gmt":"2017-04-05T07:32:52","slug":"cham-amag-ankermieter-helix-alfred-mueller","status":"publish","type":"post","link":"https:\/\/www.immobilienbusiness.ch\/fr\/regionen\/2017-04-05\/cham-amag-ankermieter-helix-alfred-mueller\/","title":{"rendered":"Cham : AMAG devient locataire d'ancrage de l'\"Helix"},"content":{"rendered":"<figure id=\"attachment_7048\" aria-describedby=\"caption-attachment-7048\" style=\"width: 680px\" class=\"wp-caption alignnone\"><img loading=\"lazy\" decoding=\"async\" class=\"wp-image-7048 size-medium\" src=\"https:\/\/www.immobilienbusiness.ch\/wp-content\/uploads\/2017\/04\/Visualisierung-Helix.jpg\" width=\"680\" height=\"374\" srcset=\"https:\/\/www.immobilienbusiness.ch\/wp-content\/uploads\/2017\/04\/Visualisierung-Helix.jpg 2560w, https:\/\/www.immobilienbusiness.ch\/wp-content\/uploads\/2017\/04\/Visualisierung-Helix-300x165.jpg 300w, https:\/\/www.immobilienbusiness.ch\/wp-content\/uploads\/2017\/04\/Visualisierung-Helix-1024x562.jpg 1024w, https:\/\/www.immobilienbusiness.ch\/wp-content\/uploads\/2017\/04\/Visualisierung-Helix-768x422.jpg 768w, https:\/\/www.immobilienbusiness.ch\/wp-content\/uploads\/2017\/04\/Visualisierung-Helix-1536x844.jpg 1536w, https:\/\/www.immobilienbusiness.ch\/wp-content\/uploads\/2017\/04\/Visualisierung-Helix-2048x1125.jpg 2048w, https:\/\/www.immobilienbusiness.ch\/wp-content\/uploads\/2017\/04\/Visualisierung-Helix-16x9.jpg 16w, https:\/\/www.immobilienbusiness.ch\/wp-content\/uploads\/2017\/04\/Visualisierung-Helix-319x175.jpg 319w, https:\/\/www.immobilienbusiness.ch\/wp-content\/uploads\/2017\/04\/Visualisierung-Helix-637x350.jpg 637w, https:\/\/www.immobilienbusiness.ch\/wp-content\/uploads\/2017\/04\/Visualisierung-Helix-1456x800.jpg 1456w, https:\/\/www.immobilienbusiness.ch\/wp-content\/uploads\/2017\/04\/Visualisierung-Helix-920x505.jpg 920w, https:\/\/www.immobilienbusiness.ch\/wp-content\/uploads\/2017\/04\/Visualisierung-Helix-1400x769.jpg 1400w\" sizes=\"auto, (max-width: 680px) 100vw, 680px\" \/><figcaption id=\"caption-attachment-7048\" class=\"wp-caption-text\">Le nouveau b\u00e2timent administratif d'AMAG dans le lotissement Helix \u00e0 Cham (Visualisation : Alfred M\u00fcller AG)<\/figcaption><\/figure>\n<p>A Cham, la soci\u00e9t\u00e9 Alfred M\u00fcller AG pr\u00e9voit de construire le lotissement \"Helix\" dans la Alte Steinhauserstrasse. Il se compose de quatre b\u00e2timents totalisant pr\u00e8s de 23 000 m\u00b2 de surfaces de services, qui seront r\u00e9alis\u00e9s en deux \u00e9tapes. AMAG louera \u00e0 long terme les immeubles de bureaux de la premi\u00e8re \u00e9tape de construction, qui comprennent 11 500 m\u00b2. L'entreprise souhaite regrouper dans les nouveaux bureaux divers domaines et d\u00e9partements employant environ 850 collaborateurs.<\/p>\n<p>\"Nous \u00e9tions d\u00e9j\u00e0 en contact avec le groupe AMAG depuis fin 2014 et, apr\u00e8s d'intenses n\u00e9gociations, nous sommes tr\u00e8s heureux que l'entreprise ait opt\u00e9 pour le site de Cham et notre projet\", d\u00e9clare Christoph M\u00fcller, pr\u00e9sident du conseil d'administration d'Alfred M\u00fcller AG. Selon lui, il s'agit de l'un des plus grands contrats de location conclus dans l'histoire de l'entreprise.<\/p>\n<p>Les travaux de construction devraient d\u00e9buter en avril. La premi\u00e8re \u00e9tape consistera \u00e0 construire les deux immeubles de bureaux au 12 et 16 de la Alte Steinhauserstrasse, qui devraient \u00eatre pr\u00eats \u00e0 \u00eatre occup\u00e9s fin 2019. La soci\u00e9t\u00e9 Alfred M\u00fcller AG investit 110 millions de CHF dans le projet \"Helix\".<\/p>","protected":false},"excerpt":{"rendered":"<p>AMAG sera le grand locataire de l'ensemble immobilier \"Helix\" que la soci\u00e9t\u00e9 Alfred M\u00fcller AG veut construire \u00e0 Cham. L'entreprise loue environ la moiti\u00e9 des surfaces de bureaux.<\/p>","protected":false},"author":3,"featured_media":7048,"comment_status":"open","ping_status":"open","sticky":false,"template":"","format":"standard","meta":{"_acf_changed":false,"_yoast_wpseo_focuskw":"Helix","_yoast_wpseo_title":"","_yoast_wpseo_metadesc":"AMAG wird Grossmieter in der \u00dcberbauung \u00abHelix\u00bb der Alfred M\u00fcller AG in Cham. Das Unternehmen mietet rund die H\u00e4lfte der B\u00fcrofl\u00e4chen an.","_yoast_wpseo_linkdex":70,"pgc_sgb_lightbox_settings":"","footnotes":""},"categories":[985],"tags":[1119,1601,1832,1874,1884],"class_list":["post-7047","post","type-post","status-publish","format-standard","has-post-thumbnail","hentry","category-regionen","tag-bueroimmobilien","tag-projektentwicklung","tag-vermietung","tag-zentralschweiz","tag-zug"],"acf":[],"yoast_head":"<!-- This site is optimized with the Yoast SEO plugin v27.4 - https:\/\/yoast.com\/product\/yoast-seo-wordpress\/ -->\n<title>Cham: AMAG wird Ankermieter der \u00abHelix\u00bb - IMMOBILIEN Business<\/title>\n<meta name=\"description\" content=\"AMAG wird Grossmieter in der \u00dcberbauung \u00abHelix\u00bb der Alfred M\u00fcller AG in Cham. Das Unternehmen mietet rund die H\u00e4lfte der B\u00fcrofl\u00e4chen an.\" \/>\n<meta name=\"robots\" content=\"index, follow, max-snippet:-1, max-image-preview:large, max-video-preview:-1\" \/>\n<link rel=\"canonical\" href=\"https:\/\/www.immobilienbusiness.ch\/fr\/regionen\/2017-04-05\/cham-amag-ankermieter-helix-alfred-mueller\/\" \/>\n<meta property=\"og:locale\" content=\"fr_FR\" \/>\n<meta property=\"og:type\" content=\"article\" \/>\n<meta property=\"og:title\" content=\"Cham: AMAG wird Ankermieter der \u00abHelix\u00bb\" \/>\n<meta property=\"og:description\" content=\"AMAG wird Grossmieter in der \u00dcberbauung \u00abHelix\u00bb der Alfred M\u00fcller AG in Cham. Das Unternehmen mietet rund die H\u00e4lfte der B\u00fcrofl\u00e4chen an.\" \/>\n<meta property=\"og:url\" content=\"https:\/\/www.immobilienbusiness.ch\/fr\/regionen\/2017-04-05\/cham-amag-ankermieter-helix-alfred-mueller\/\" \/>\n<meta property=\"og:site_name\" content=\"IMMOBILIEN Business\" \/>\n<meta property=\"article:publisher\" content=\"https:\/\/www.facebook.com\/immobilienbusiness\/\" \/>\n<meta property=\"article:published_time\" content=\"2017-04-05T07:32:52+00:00\" \/>\n<meta property=\"og:image\" content=\"https:\/\/www.immobilienbusiness.ch\/wp-content\/uploads\/2017\/04\/Visualisierung-Helix-1024x562.jpg\" \/>\n\t<meta property=\"og:image:width\" content=\"1024\" \/>\n\t<meta property=\"og:image:height\" content=\"562\" \/>\n\t<meta property=\"og:image:type\" content=\"image\/jpeg\" \/>\n<meta name=\"author\" content=\"anja.hall\" \/>\n<meta name=\"twitter:card\" content=\"summary_large_image\" \/>\n<meta name=\"twitter:title\" content=\"Cham: AMAG wird Ankermieter der \u00abHelix\u00bb\" \/>\n<meta name=\"twitter:description\" content=\"AMAG wird Grossmieter in der \u00dcberbauung \u00abHelix\u00bb der Alfred M\u00fcller AG in Cham. Das Unternehmen mietet rund die H\u00e4lfte der B\u00fcrofl\u00e4chen an.\" \/>\n<meta name=\"twitter:image\" content=\"https:\/\/www.immobilienbusiness.ch\/wp-content\/uploads\/2017\/04\/Visualisierung-Helix.jpg\" \/>\n<script type=\"application\/ld+json\" class=\"yoast-schema-graph\">{\"@context\":\"https:\\\/\\\/schema.org\",\"@graph\":[{\"@type\":\"Article\",\"@id\":\"https:\\\/\\\/www.immobilienbusiness.ch\\\/de\\\/regionen\\\/2017-04-05\\\/cham-amag-ankermieter-helix-alfred-mueller\\\/#article\",\"isPartOf\":{\"@id\":\"https:\\\/\\\/www.immobilienbusiness.ch\\\/de\\\/regionen\\\/2017-04-05\\\/cham-amag-ankermieter-helix-alfred-mueller\\\/\"},\"author\":{\"name\":\"anja.hall\",\"@id\":\"https:\\\/\\\/www.immobilienbusiness.ch\\\/#\\\/schema\\\/person\\\/3fc036297b10b9f42d6db5ee932af8c8\"},\"headline\":\"Cham: AMAG wird Ankermieter der \u00abHelix\u00bb\",\"datePublished\":\"2017-04-05T07:32:52+00:00\",\"mainEntityOfPage\":{\"@id\":\"https:\\\/\\\/www.immobilienbusiness.ch\\\/de\\\/regionen\\\/2017-04-05\\\/cham-amag-ankermieter-helix-alfred-mueller\\\/\"},\"wordCount\":195,\"commentCount\":0,\"publisher\":{\"@id\":\"https:\\\/\\\/www.immobilienbusiness.ch\\\/#organization\"},\"image\":{\"@id\":\"https:\\\/\\\/www.immobilienbusiness.ch\\\/de\\\/regionen\\\/2017-04-05\\\/cham-amag-ankermieter-helix-alfred-mueller\\\/#primaryimage\"},\"thumbnailUrl\":\"https:\\\/\\\/www.immobilienbusiness.ch\\\/wp-content\\\/uploads\\\/2017\\\/04\\\/Visualisierung-Helix.jpg\",\"keywords\":[\"B\u00fcroimmobilien\",\"Projektentwicklung\",\"Vermietung\",\"Zentralschweiz\",\"Zug\"],\"articleSection\":[\"REGIONEN\"],\"inLanguage\":\"fr-FR\"},{\"@type\":\"WebPage\",\"@id\":\"https:\\\/\\\/www.immobilienbusiness.ch\\\/de\\\/regionen\\\/2017-04-05\\\/cham-amag-ankermieter-helix-alfred-mueller\\\/\",\"url\":\"https:\\\/\\\/www.immobilienbusiness.ch\\\/de\\\/regionen\\\/2017-04-05\\\/cham-amag-ankermieter-helix-alfred-mueller\\\/\",\"name\":\"Cham: AMAG wird Ankermieter der \u00abHelix\u00bb - IMMOBILIEN Business\",\"isPartOf\":{\"@id\":\"https:\\\/\\\/www.immobilienbusiness.ch\\\/#website\"},\"primaryImageOfPage\":{\"@id\":\"https:\\\/\\\/www.immobilienbusiness.ch\\\/de\\\/regionen\\\/2017-04-05\\\/cham-amag-ankermieter-helix-alfred-mueller\\\/#primaryimage\"},\"image\":{\"@id\":\"https:\\\/\\\/www.immobilienbusiness.ch\\\/de\\\/regionen\\\/2017-04-05\\\/cham-amag-ankermieter-helix-alfred-mueller\\\/#primaryimage\"},\"thumbnailUrl\":\"https:\\\/\\\/www.immobilienbusiness.ch\\\/wp-content\\\/uploads\\\/2017\\\/04\\\/Visualisierung-Helix.jpg\",\"datePublished\":\"2017-04-05T07:32:52+00:00\",\"description\":\"AMAG wird Grossmieter in der \u00dcberbauung \u00abHelix\u00bb der Alfred M\u00fcller AG in Cham. Das Unternehmen mietet rund die H\u00e4lfte der B\u00fcrofl\u00e4chen an.\",\"breadcrumb\":{\"@id\":\"https:\\\/\\\/www.immobilienbusiness.ch\\\/de\\\/regionen\\\/2017-04-05\\\/cham-amag-ankermieter-helix-alfred-mueller\\\/#breadcrumb\"},\"inLanguage\":\"fr-FR\",\"potentialAction\":[{\"@type\":\"ReadAction\",\"target\":[\"https:\\\/\\\/www.immobilienbusiness.ch\\\/de\\\/regionen\\\/2017-04-05\\\/cham-amag-ankermieter-helix-alfred-mueller\\\/\"]}]},{\"@type\":\"ImageObject\",\"inLanguage\":\"fr-FR\",\"@id\":\"https:\\\/\\\/www.immobilienbusiness.ch\\\/de\\\/regionen\\\/2017-04-05\\\/cham-amag-ankermieter-helix-alfred-mueller\\\/#primaryimage\",\"url\":\"https:\\\/\\\/www.immobilienbusiness.ch\\\/wp-content\\\/uploads\\\/2017\\\/04\\\/Visualisierung-Helix.jpg\",\"contentUrl\":\"https:\\\/\\\/www.immobilienbusiness.ch\\\/wp-content\\\/uploads\\\/2017\\\/04\\\/Visualisierung-Helix.jpg\",\"width\":2560,\"height\":1406,\"caption\":\"Visualisierung Helix\"},{\"@type\":\"BreadcrumbList\",\"@id\":\"https:\\\/\\\/www.immobilienbusiness.ch\\\/de\\\/regionen\\\/2017-04-05\\\/cham-amag-ankermieter-helix-alfred-mueller\\\/#breadcrumb\",\"itemListElement\":[{\"@type\":\"ListItem\",\"position\":1,\"name\":\"Home\",\"item\":\"https:\\\/\\\/www.immobilienbusiness.ch\\\/\"},{\"@type\":\"ListItem\",\"position\":2,\"name\":\"Cham: AMAG wird Ankermieter der \u00abHelix\u00bb\"}]},{\"@type\":\"WebSite\",\"@id\":\"https:\\\/\\\/www.immobilienbusiness.ch\\\/#website\",\"url\":\"https:\\\/\\\/www.immobilienbusiness.ch\\\/\",\"name\":\"IMMOBILIEN Business\",\"description\":\"Unabh\u00e4ngiges Schweizer Wirtschaftsmagazin mit Fokus auf Immobilien, Architektur- und Bau sowie Investment- und Finanzierung.\",\"publisher\":{\"@id\":\"https:\\\/\\\/www.immobilienbusiness.ch\\\/#organization\"},\"potentialAction\":[{\"@type\":\"SearchAction\",\"target\":{\"@type\":\"EntryPoint\",\"urlTemplate\":\"https:\\\/\\\/www.immobilienbusiness.ch\\\/?s={search_term_string}\"},\"query-input\":{\"@type\":\"PropertyValueSpecification\",\"valueRequired\":true,\"valueName\":\"search_term_string\"}}],\"inLanguage\":\"fr-FR\"},{\"@type\":\"Organization\",\"@id\":\"https:\\\/\\\/www.immobilienbusiness.ch\\\/#organization\",\"name\":\"IMMOBILIEN Business\",\"url\":\"https:\\\/\\\/www.immobilienbusiness.ch\\\/\",\"logo\":{\"@type\":\"ImageObject\",\"inLanguage\":\"fr-FR\",\"@id\":\"https:\\\/\\\/www.immobilienbusiness.ch\\\/#\\\/schema\\\/logo\\\/image\\\/\",\"url\":\"https:\\\/\\\/www.immobilienbusiness.ch\\\/wp-content\\\/uploads\\\/2021\\\/07\\\/logo_ib.png\",\"contentUrl\":\"https:\\\/\\\/www.immobilienbusiness.ch\\\/wp-content\\\/uploads\\\/2021\\\/07\\\/logo_ib.png\",\"width\":800,\"height\":181,\"caption\":\"IMMOBILIEN Business\"},\"image\":{\"@id\":\"https:\\\/\\\/www.immobilienbusiness.ch\\\/#\\\/schema\\\/logo\\\/image\\\/\"},\"sameAs\":[\"https:\\\/\\\/www.facebook.com\\\/immobilienbusiness\\\/\"]},{\"@type\":\"Person\",\"@id\":\"https:\\\/\\\/www.immobilienbusiness.ch\\\/#\\\/schema\\\/person\\\/3fc036297b10b9f42d6db5ee932af8c8\",\"name\":\"anja.hall\",\"image\":{\"@type\":\"ImageObject\",\"inLanguage\":\"fr-FR\",\"@id\":\"https:\\\/\\\/secure.gravatar.com\\\/avatar\\\/066b5a0d447013502c71a5782f4f3469f03cfe595cc2329fb94652fe47511bfb?s=96&d=mm&r=g\",\"url\":\"https:\\\/\\\/secure.gravatar.com\\\/avatar\\\/066b5a0d447013502c71a5782f4f3469f03cfe595cc2329fb94652fe47511bfb?s=96&d=mm&r=g\",\"contentUrl\":\"https:\\\/\\\/secure.gravatar.com\\\/avatar\\\/066b5a0d447013502c71a5782f4f3469f03cfe595cc2329fb94652fe47511bfb?s=96&d=mm&r=g\",\"caption\":\"anja.hall\"},\"url\":\"https:\\\/\\\/www.immobilienbusiness.ch\\\/fr\\\/author\\\/anja-hall\\\/\"}]}<\/script>\n<!-- \/ Yoast SEO plugin. -->","yoast_head_json":{"title":"Cham : AMAG devient locataire d'ancrage de l\u00ab\u00bbHelix\" - IMMOBILIER Business","description":"AMAG devient un grand locataire dans le lotissement \u00abHelix\u00bb d'Alfred M\u00fcller AG \u00e0 Cham. L'entreprise loue environ la moiti\u00e9 des surfaces de bureaux.","robots":{"index":"index","follow":"follow","max-snippet":"max-snippet:-1","max-image-preview":"max-image-preview:large","max-video-preview":"max-video-preview:-1"},"canonical":"https:\/\/www.immobilienbusiness.ch\/fr\/regionen\/2017-04-05\/cham-amag-ankermieter-helix-alfred-mueller\/","og_locale":"fr_FR","og_type":"article","og_title":"Cham: AMAG wird Ankermieter der \u00abHelix\u00bb","og_description":"AMAG wird Grossmieter in der \u00dcberbauung \u00abHelix\u00bb der Alfred M\u00fcller AG in Cham. Das Unternehmen mietet rund die H\u00e4lfte der B\u00fcrofl\u00e4chen an.","og_url":"https:\/\/www.immobilienbusiness.ch\/fr\/regionen\/2017-04-05\/cham-amag-ankermieter-helix-alfred-mueller\/","og_site_name":"IMMOBILIEN Business","article_publisher":"https:\/\/www.facebook.com\/immobilienbusiness\/","article_published_time":"2017-04-05T07:32:52+00:00","og_image":[{"width":1024,"height":562,"url":"https:\/\/www.immobilienbusiness.ch\/wp-content\/uploads\/2017\/04\/Visualisierung-Helix-1024x562.jpg","type":"image\/jpeg"}],"author":"anja.hall","twitter_card":"summary_large_image","twitter_title":"Cham: AMAG wird Ankermieter der \u00abHelix\u00bb","twitter_description":"AMAG wird Grossmieter in der \u00dcberbauung \u00abHelix\u00bb der Alfred M\u00fcller AG in Cham. Das Unternehmen mietet rund die H\u00e4lfte der B\u00fcrofl\u00e4chen an.","twitter_image":"https:\/\/www.immobilienbusiness.ch\/wp-content\/uploads\/2017\/04\/Visualisierung-Helix.jpg","schema":{"@context":"https:\/\/schema.org","@graph":[{"@type":"Article","@id":"https:\/\/www.immobilienbusiness.ch\/de\/regionen\/2017-04-05\/cham-amag-ankermieter-helix-alfred-mueller\/#article","isPartOf":{"@id":"https:\/\/www.immobilienbusiness.ch\/de\/regionen\/2017-04-05\/cham-amag-ankermieter-helix-alfred-mueller\/"},"author":{"name":"anja.hall","@id":"https:\/\/www.immobilienbusiness.ch\/#\/schema\/person\/3fc036297b10b9f42d6db5ee932af8c8"},"headline":"Cham: AMAG wird Ankermieter der \u00abHelix\u00bb","datePublished":"2017-04-05T07:32:52+00:00","mainEntityOfPage":{"@id":"https:\/\/www.immobilienbusiness.ch\/de\/regionen\/2017-04-05\/cham-amag-ankermieter-helix-alfred-mueller\/"},"wordCount":195,"commentCount":0,"publisher":{"@id":"https:\/\/www.immobilienbusiness.ch\/#organization"},"image":{"@id":"https:\/\/www.immobilienbusiness.ch\/de\/regionen\/2017-04-05\/cham-amag-ankermieter-helix-alfred-mueller\/#primaryimage"},"thumbnailUrl":"https:\/\/www.immobilienbusiness.ch\/wp-content\/uploads\/2017\/04\/Visualisierung-Helix.jpg","keywords":["B\u00fcroimmobilien","Projektentwicklung","Vermietung","Zentralschweiz","Zug"],"articleSection":["REGIONEN"],"inLanguage":"fr-FR"},{"@type":"WebPage","@id":"https:\/\/www.immobilienbusiness.ch\/de\/regionen\/2017-04-05\/cham-amag-ankermieter-helix-alfred-mueller\/","url":"https:\/\/www.immobilienbusiness.ch\/de\/regionen\/2017-04-05\/cham-amag-ankermieter-helix-alfred-mueller\/","name":"Cham : AMAG devient locataire d'ancrage de l\u00ab\u00bbHelix\" - IMMOBILIER Business","isPartOf":{"@id":"https:\/\/www.immobilienbusiness.ch\/#website"},"primaryImageOfPage":{"@id":"https:\/\/www.immobilienbusiness.ch\/de\/regionen\/2017-04-05\/cham-amag-ankermieter-helix-alfred-mueller\/#primaryimage"},"image":{"@id":"https:\/\/www.immobilienbusiness.ch\/de\/regionen\/2017-04-05\/cham-amag-ankermieter-helix-alfred-mueller\/#primaryimage"},"thumbnailUrl":"https:\/\/www.immobilienbusiness.ch\/wp-content\/uploads\/2017\/04\/Visualisierung-Helix.jpg","datePublished":"2017-04-05T07:32:52+00:00","description":"AMAG devient un grand locataire dans le lotissement \u00abHelix\u00bb d'Alfred M\u00fcller AG \u00e0 Cham. L'entreprise loue environ la moiti\u00e9 des surfaces de bureaux.","breadcrumb":{"@id":"https:\/\/www.immobilienbusiness.ch\/de\/regionen\/2017-04-05\/cham-amag-ankermieter-helix-alfred-mueller\/#breadcrumb"},"inLanguage":"fr-FR","potentialAction":[{"@type":"ReadAction","target":["https:\/\/www.immobilienbusiness.ch\/de\/regionen\/2017-04-05\/cham-amag-ankermieter-helix-alfred-mueller\/"]}]},{"@type":"ImageObject","inLanguage":"fr-FR","@id":"https:\/\/www.immobilienbusiness.ch\/de\/regionen\/2017-04-05\/cham-amag-ankermieter-helix-alfred-mueller\/#primaryimage","url":"https:\/\/www.immobilienbusiness.ch\/wp-content\/uploads\/2017\/04\/Visualisierung-Helix.jpg","contentUrl":"https:\/\/www.immobilienbusiness.ch\/wp-content\/uploads\/2017\/04\/Visualisierung-Helix.jpg","width":2560,"height":1406,"caption":"Visualisierung Helix"},{"@type":"BreadcrumbList","@id":"https:\/\/www.immobilienbusiness.ch\/de\/regionen\/2017-04-05\/cham-amag-ankermieter-helix-alfred-mueller\/#breadcrumb","itemListElement":[{"@type":"ListItem","position":1,"name":"Home","item":"https:\/\/www.immobilienbusiness.ch\/"},{"@type":"ListItem","position":2,"name":"Cham: AMAG wird Ankermieter der \u00abHelix\u00bb"}]},{"@type":"WebSite","@id":"https:\/\/www.immobilienbusiness.ch\/#website","url":"https:\/\/www.immobilienbusiness.ch\/","name":"IMMOBILIER Business","description":"Magazine \u00e9conomique suisse ind\u00e9pendant ax\u00e9 sur l'immobilier, l'architecture et la construction ainsi que sur les investissements et le financement.","publisher":{"@id":"https:\/\/www.immobilienbusiness.ch\/#organization"},"potentialAction":[{"@type":"SearchAction","target":{"@type":"EntryPoint","urlTemplate":"https:\/\/www.immobilienbusiness.ch\/?s={search_term_string}"},"query-input":{"@type":"PropertyValueSpecification","valueRequired":true,"valueName":"search_term_string"}}],"inLanguage":"fr-FR"},{"@type":"Organization","@id":"https:\/\/www.immobilienbusiness.ch\/#organization","name":"IMMOBILIER Business","url":"https:\/\/www.immobilienbusiness.ch\/","logo":{"@type":"ImageObject","inLanguage":"fr-FR","@id":"https:\/\/www.immobilienbusiness.ch\/#\/schema\/logo\/image\/","url":"https:\/\/www.immobilienbusiness.ch\/wp-content\/uploads\/2021\/07\/logo_ib.png","contentUrl":"https:\/\/www.immobilienbusiness.ch\/wp-content\/uploads\/2021\/07\/logo_ib.png","width":800,"height":181,"caption":"IMMOBILIEN Business"},"image":{"@id":"https:\/\/www.immobilienbusiness.ch\/#\/schema\/logo\/image\/"},"sameAs":["https:\/\/www.facebook.com\/immobilienbusiness\/"]},{"@type":"Person","@id":"https:\/\/www.immobilienbusiness.ch\/#\/schema\/person\/3fc036297b10b9f42d6db5ee932af8c8","name":"anja.hall","image":{"@type":"ImageObject","inLanguage":"fr-FR","@id":"https:\/\/secure.gravatar.com\/avatar\/066b5a0d447013502c71a5782f4f3469f03cfe595cc2329fb94652fe47511bfb?s=96&d=mm&r=g","url":"https:\/\/secure.gravatar.com\/avatar\/066b5a0d447013502c71a5782f4f3469f03cfe595cc2329fb94652fe47511bfb?s=96&d=mm&r=g","contentUrl":"https:\/\/secure.gravatar.com\/avatar\/066b5a0d447013502c71a5782f4f3469f03cfe595cc2329fb94652fe47511bfb?s=96&d=mm&r=g","caption":"anja.hall"},"url":"https:\/\/www.immobilienbusiness.ch\/fr\/author\/anja-hall\/"}]}},"_links":{"self":[{"href":"https:\/\/www.immobilienbusiness.ch\/fr\/wp-json\/wp\/v2\/posts\/7047","targetHints":{"allow":["GET"]}}],"collection":[{"href":"https:\/\/www.immobilienbusiness.ch\/fr\/wp-json\/wp\/v2\/posts"}],"about":[{"href":"https:\/\/www.immobilienbusiness.ch\/fr\/wp-json\/wp\/v2\/types\/post"}],"author":[{"embeddable":true,"href":"https:\/\/www.immobilienbusiness.ch\/fr\/wp-json\/wp\/v2\/users\/3"}],"replies":[{"embeddable":true,"href":"https:\/\/www.immobilienbusiness.ch\/fr\/wp-json\/wp\/v2\/comments?post=7047"}],"version-history":[{"count":0,"href":"https:\/\/www.immobilienbusiness.ch\/fr\/wp-json\/wp\/v2\/posts\/7047\/revisions"}],"wp:featuredmedia":[{"embeddable":true,"href":"https:\/\/www.immobilienbusiness.ch\/fr\/wp-json\/wp\/v2\/media\/7048"}],"wp:attachment":[{"href":"https:\/\/www.immobilienbusiness.ch\/fr\/wp-json\/wp\/v2\/media?parent=7047"}],"wp:term":[{"taxonomy":"category","embeddable":true,"href":"https:\/\/www.immobilienbusiness.ch\/fr\/wp-json\/wp\/v2\/categories?post=7047"},{"taxonomy":"post_tag","embeddable":true,"href":"https:\/\/www.immobilienbusiness.ch\/fr\/wp-json\/wp\/v2\/tags?post=7047"}],"curies":[{"name":"wp","href":"https:\/\/api.w.org\/{rel}","templated":true}]}}