{"id":6848,"date":"2017-03-24T09:18:40","date_gmt":"2017-03-24T08:18:40","guid":{"rendered":"https:\/\/www.immobilienbusiness.ch\/?p=6848"},"modified":"2017-03-24T09:18:40","modified_gmt":"2017-03-24T08:18:40","slug":"cs-ref-fonds-wechsel-im-fondsmanagement","status":"publish","type":"post","link":"https:\/\/www.immobilienbusiness.ch\/fr\/unternehmen\/2017-03-24\/cs-ref-fonds-wechsel-im-fondsmanagement\/","title":{"rendered":"Changement dans la gestion des fonds au Credit Suisse"},"content":{"rendered":"<figure id=\"attachment_6166\" aria-describedby=\"caption-attachment-6166\" style=\"width: 680px\" class=\"wp-caption alignnone\"><img loading=\"lazy\" decoding=\"async\" class=\"wp-image-6166 size-medium\" src=\"https:\/\/www.immobilienbusiness.ch\/wp-content\/uploads\/2017\/02\/Depositphotos_52470619_l-2015.jpg\" width=\"680\" height=\"527\" srcset=\"https:\/\/www.immobilienbusiness.ch\/wp-content\/uploads\/2017\/02\/Depositphotos_52470619_l-2015.jpg 2000w, https:\/\/www.immobilienbusiness.ch\/wp-content\/uploads\/2017\/02\/Depositphotos_52470619_l-2015-300x232.jpg 300w, https:\/\/www.immobilienbusiness.ch\/wp-content\/uploads\/2017\/02\/Depositphotos_52470619_l-2015-1024x793.jpg 1024w, https:\/\/www.immobilienbusiness.ch\/wp-content\/uploads\/2017\/02\/Depositphotos_52470619_l-2015-768x595.jpg 768w, https:\/\/www.immobilienbusiness.ch\/wp-content\/uploads\/2017\/02\/Depositphotos_52470619_l-2015-1536x1190.jpg 1536w, https:\/\/www.immobilienbusiness.ch\/wp-content\/uploads\/2017\/02\/Depositphotos_52470619_l-2015-16x12.jpg 16w, https:\/\/www.immobilienbusiness.ch\/wp-content\/uploads\/2017\/02\/Depositphotos_52470619_l-2015-226x175.jpg 226w, https:\/\/www.immobilienbusiness.ch\/wp-content\/uploads\/2017\/02\/Depositphotos_52470619_l-2015-452x350.jpg 452w, https:\/\/www.immobilienbusiness.ch\/wp-content\/uploads\/2017\/02\/Depositphotos_52470619_l-2015-1033x800.jpg 1033w, https:\/\/www.immobilienbusiness.ch\/wp-content\/uploads\/2017\/02\/Depositphotos_52470619_l-2015-920x713.jpg 920w, https:\/\/www.immobilienbusiness.ch\/wp-content\/uploads\/2017\/02\/Depositphotos_52470619_l-2015-1400x1084.jpg 1400w, https:\/\/www.immobilienbusiness.ch\/wp-content\/uploads\/2017\/02\/Depositphotos_52470619_l-2015-1808x1400.jpg 1808w\" sizes=\"auto, (max-width: 680px) 100vw, 680px\" \/><figcaption id=\"caption-attachment-6166\" class=\"wp-caption-text\">Nouveaux gestionnaires de fonds pour CS REF Global et CS REF International (Photo : Rawpixel - depositphotos)<\/figcaption><\/figure>\n<p class=\"text\">Francisca Fari\u00f1a Fischer transmettra la direction de CS REF Global \u00e0 Ruth Schmeing le 1er avril et prendra d\u00e9sormais la direction du secteur Real Estate International. Rainer Scherwey, qui dirigeait ce secteur jusqu'\u00e0 pr\u00e9sent, quitte cette fonction ainsi que son poste de gestionnaire du fonds CS REF International pour des raisons de sant\u00e9.<\/p>\n<p>Schmeing, la nouvelle g\u00e9rante du fonds CS REF Global, travaille depuis avril 2014 au sein du Real Estate Investment Management du Credit Suisse. Auparavant, elle a occup\u00e9 pendant plus de sept ans diff\u00e9rents postes au sein d'un conseiller immobilier international \u00e0 Francfort.<\/p>\n<p>Marc-Oliver Tschabold, le futur gestionnaire du fonds CS REF International, travaille depuis 2008 au sein du Real Estate Investment Management du Credit Suisse et dirige depuis juillet 2015 le groupe de placement CSA Real Estate Germany.<\/p>\n<p><strong>Des acquisitions et une augmentation de capital<\/strong><\/p>\n<p>Les deux fonds immobiliers ont cl\u00f4tur\u00e9 l'exercice 2016 avec succ\u00e8s, annonce le Credit Suisse. La valeur v\u00e9nale du portefeuille immobilier de CS REF Global a augment\u00e9 de 16,4% pour atteindre 358,9 millions de CHF (ann\u00e9e pr\u00e9c\u00e9dente : 308,3 millions), tandis que les revenus locatifs ont progress\u00e9 d'environ 17%.<\/p>\n<p>Le CS REF International a lui aussi \u00e9largi son portefeuille et pr\u00e9sente, avec 39 objets, une valeur v\u00e9nale de 2,83 milliards (ann\u00e9e pr\u00e9c\u00e9dente : 2,48 milliards). Les investissements ont surtout \u00e9t\u00e9 r\u00e9alis\u00e9s dans la r\u00e9gion Asie-Pacifique. Une augmentation de capital pour le fonds est pr\u00e9vue pour le deuxi\u00e8me trimestre. Les fonds devraient permettre de poursuivre le d\u00e9veloppement du portefeuille.<\/p>","protected":false},"excerpt":{"rendered":"<p>Des changements interviennent dans la gestion des fonds immobiliers CS REF Global et CS REF International. Ruth Schmeing et Marc-Oliver Tschabold succ\u00e8dent respectivement \u00e0 Francisca Fari\u00f1a Fischer et Rainer Scherwey.<\/p>","protected":false},"author":3,"featured_media":6166,"comment_status":"open","ping_status":"open","sticky":false,"template":"","format":"standard","meta":{"_acf_changed":false,"_yoast_wpseo_focuskw":"CS REF","_yoast_wpseo_title":"","_yoast_wpseo_metadesc":"Bei den Immobilienfonds CS REF Global und CS REF International kommt es zu Wechseln im Fondsmanagement.","_yoast_wpseo_linkdex":57,"pgc_sgb_lightbox_settings":"","footnotes":""},"categories":[988],"tags":[1344,1563],"class_list":["post-6848","post","type-post","status-publish","format-standard","has-post-thumbnail","hentry","category-unternehmen","tag-immobilienfonds","tag-personalia"],"acf":[],"yoast_head":"<!-- This site is optimized with the Yoast SEO plugin v27.5 - https:\/\/yoast.com\/product\/yoast-seo-wordpress\/ -->\n<title>Wechsel im Fondsmanagement bei der Credit Suisse - IMMOBILIEN Business<\/title>\n<meta name=\"description\" content=\"Bei den Immobilienfonds CS REF Global und CS REF International kommt es zu Wechseln im Fondsmanagement.\" \/>\n<meta name=\"robots\" content=\"index, follow, max-snippet:-1, max-image-preview:large, max-video-preview:-1\" \/>\n<link rel=\"canonical\" href=\"https:\/\/www.immobilienbusiness.ch\/fr\/unternehmen\/2017-03-24\/cs-ref-fonds-wechsel-im-fondsmanagement\/\" \/>\n<meta property=\"og:locale\" content=\"fr_FR\" \/>\n<meta property=\"og:type\" content=\"article\" \/>\n<meta property=\"og:title\" content=\"Wechsel im Fondsmanagement bei der Credit Suisse\" \/>\n<meta property=\"og:description\" content=\"Bei den Immobilienfonds CS REF Global und CS REF International kommt es zu Wechseln im Fondsmanagement.\" \/>\n<meta property=\"og:url\" content=\"https:\/\/www.immobilienbusiness.ch\/fr\/unternehmen\/2017-03-24\/cs-ref-fonds-wechsel-im-fondsmanagement\/\" \/>\n<meta property=\"og:site_name\" content=\"IMMOBILIEN Business\" \/>\n<meta property=\"article:publisher\" content=\"https:\/\/www.facebook.com\/immobilienbusiness\/\" \/>\n<meta property=\"article:published_time\" content=\"2017-03-24T08:18:40+00:00\" \/>\n<meta property=\"og:image\" content=\"https:\/\/www.immobilienbusiness.ch\/wp-content\/uploads\/2017\/02\/Depositphotos_52470619_l-2015-1024x793.jpg\" \/>\n\t<meta property=\"og:image:width\" content=\"1024\" \/>\n\t<meta property=\"og:image:height\" content=\"793\" \/>\n\t<meta property=\"og:image:type\" content=\"image\/jpeg\" \/>\n<meta name=\"author\" content=\"anja.hall\" \/>\n<meta name=\"twitter:card\" content=\"summary_large_image\" \/>\n<meta name=\"twitter:title\" content=\"Bei den Immobilienfonds CS REF Global und CS REF International kommt es zu Wechseln im Fondsmanagement.\" \/>\n<meta name=\"twitter:description\" content=\"Bei den Immobilienfonds CS REF Global und CS REF International kommt es zu Wechseln im Fondsmanagement.\" \/>\n<meta name=\"twitter:image\" content=\"https:\/\/www.immobilienbusiness.ch\/wp-content\/uploads\/2017\/02\/Depositphotos_52470619_l-2015.jpg\" \/>\n<script type=\"application\/ld+json\" class=\"yoast-schema-graph\">{\"@context\":\"https:\\\/\\\/schema.org\",\"@graph\":[{\"@type\":\"Article\",\"@id\":\"https:\\\/\\\/www.immobilienbusiness.ch\\\/en\\\/unternehmen\\\/2017-03-24\\\/cs-ref-fonds-wechsel-im-fondsmanagement\\\/#article\",\"isPartOf\":{\"@id\":\"https:\\\/\\\/www.immobilienbusiness.ch\\\/en\\\/unternehmen\\\/2017-03-24\\\/cs-ref-fonds-wechsel-im-fondsmanagement\\\/\"},\"author\":{\"name\":\"anja.hall\",\"@id\":\"https:\\\/\\\/www.immobilienbusiness.ch\\\/#\\\/schema\\\/person\\\/3fc036297b10b9f42d6db5ee932af8c8\"},\"headline\":\"Wechsel im Fondsmanagement bei der Credit Suisse\",\"datePublished\":\"2017-03-24T08:18:40+00:00\",\"mainEntityOfPage\":{\"@id\":\"https:\\\/\\\/www.immobilienbusiness.ch\\\/en\\\/unternehmen\\\/2017-03-24\\\/cs-ref-fonds-wechsel-im-fondsmanagement\\\/\"},\"wordCount\":246,\"commentCount\":0,\"publisher\":{\"@id\":\"https:\\\/\\\/www.immobilienbusiness.ch\\\/#organization\"},\"image\":{\"@id\":\"https:\\\/\\\/www.immobilienbusiness.ch\\\/en\\\/unternehmen\\\/2017-03-24\\\/cs-ref-fonds-wechsel-im-fondsmanagement\\\/#primaryimage\"},\"thumbnailUrl\":\"https:\\\/\\\/www.immobilienbusiness.ch\\\/wp-content\\\/uploads\\\/2017\\\/02\\\/Depositphotos_52470619_l-2015.jpg\",\"keywords\":[\"Immobilienfonds\",\"Personalia\"],\"articleSection\":[\"UNTERNEHMEN\"],\"inLanguage\":\"fr-FR\"},{\"@type\":\"WebPage\",\"@id\":\"https:\\\/\\\/www.immobilienbusiness.ch\\\/en\\\/unternehmen\\\/2017-03-24\\\/cs-ref-fonds-wechsel-im-fondsmanagement\\\/\",\"url\":\"https:\\\/\\\/www.immobilienbusiness.ch\\\/en\\\/unternehmen\\\/2017-03-24\\\/cs-ref-fonds-wechsel-im-fondsmanagement\\\/\",\"name\":\"Wechsel im Fondsmanagement bei der Credit Suisse - IMMOBILIEN Business\",\"isPartOf\":{\"@id\":\"https:\\\/\\\/www.immobilienbusiness.ch\\\/#website\"},\"primaryImageOfPage\":{\"@id\":\"https:\\\/\\\/www.immobilienbusiness.ch\\\/en\\\/unternehmen\\\/2017-03-24\\\/cs-ref-fonds-wechsel-im-fondsmanagement\\\/#primaryimage\"},\"image\":{\"@id\":\"https:\\\/\\\/www.immobilienbusiness.ch\\\/en\\\/unternehmen\\\/2017-03-24\\\/cs-ref-fonds-wechsel-im-fondsmanagement\\\/#primaryimage\"},\"thumbnailUrl\":\"https:\\\/\\\/www.immobilienbusiness.ch\\\/wp-content\\\/uploads\\\/2017\\\/02\\\/Depositphotos_52470619_l-2015.jpg\",\"datePublished\":\"2017-03-24T08:18:40+00:00\",\"description\":\"Bei den Immobilienfonds CS REF Global und CS REF International kommt es zu Wechseln im Fondsmanagement.\",\"breadcrumb\":{\"@id\":\"https:\\\/\\\/www.immobilienbusiness.ch\\\/en\\\/unternehmen\\\/2017-03-24\\\/cs-ref-fonds-wechsel-im-fondsmanagement\\\/#breadcrumb\"},\"inLanguage\":\"fr-FR\",\"potentialAction\":[{\"@type\":\"ReadAction\",\"target\":[\"https:\\\/\\\/www.immobilienbusiness.ch\\\/en\\\/unternehmen\\\/2017-03-24\\\/cs-ref-fonds-wechsel-im-fondsmanagement\\\/\"]}]},{\"@type\":\"ImageObject\",\"inLanguage\":\"fr-FR\",\"@id\":\"https:\\\/\\\/www.immobilienbusiness.ch\\\/en\\\/unternehmen\\\/2017-03-24\\\/cs-ref-fonds-wechsel-im-fondsmanagement\\\/#primaryimage\",\"url\":\"https:\\\/\\\/www.immobilienbusiness.ch\\\/wp-content\\\/uploads\\\/2017\\\/02\\\/Depositphotos_52470619_l-2015.jpg\",\"contentUrl\":\"https:\\\/\\\/www.immobilienbusiness.ch\\\/wp-content\\\/uploads\\\/2017\\\/02\\\/Depositphotos_52470619_l-2015.jpg\",\"width\":2000,\"height\":1549,\"caption\":\"HRS stellt den Bereich Kommunikation und Marketing neu auf (Foto: Rawpixel - depositphotos)\"},{\"@type\":\"BreadcrumbList\",\"@id\":\"https:\\\/\\\/www.immobilienbusiness.ch\\\/en\\\/unternehmen\\\/2017-03-24\\\/cs-ref-fonds-wechsel-im-fondsmanagement\\\/#breadcrumb\",\"itemListElement\":[{\"@type\":\"ListItem\",\"position\":1,\"name\":\"Home\",\"item\":\"https:\\\/\\\/www.immobilienbusiness.ch\\\/\"},{\"@type\":\"ListItem\",\"position\":2,\"name\":\"Wechsel im Fondsmanagement bei der Credit Suisse\"}]},{\"@type\":\"WebSite\",\"@id\":\"https:\\\/\\\/www.immobilienbusiness.ch\\\/#website\",\"url\":\"https:\\\/\\\/www.immobilienbusiness.ch\\\/\",\"name\":\"IMMOBILIEN Business\",\"description\":\"Unabh\u00e4ngiges Schweizer Wirtschaftsmagazin mit Fokus auf Immobilien, Architektur- und Bau sowie Investment- und Finanzierung.\",\"publisher\":{\"@id\":\"https:\\\/\\\/www.immobilienbusiness.ch\\\/#organization\"},\"potentialAction\":[{\"@type\":\"SearchAction\",\"target\":{\"@type\":\"EntryPoint\",\"urlTemplate\":\"https:\\\/\\\/www.immobilienbusiness.ch\\\/?s={search_term_string}\"},\"query-input\":{\"@type\":\"PropertyValueSpecification\",\"valueRequired\":true,\"valueName\":\"search_term_string\"}}],\"inLanguage\":\"fr-FR\"},{\"@type\":\"Organization\",\"@id\":\"https:\\\/\\\/www.immobilienbusiness.ch\\\/#organization\",\"name\":\"IMMOBILIEN Business\",\"url\":\"https:\\\/\\\/www.immobilienbusiness.ch\\\/\",\"logo\":{\"@type\":\"ImageObject\",\"inLanguage\":\"fr-FR\",\"@id\":\"https:\\\/\\\/www.immobilienbusiness.ch\\\/#\\\/schema\\\/logo\\\/image\\\/\",\"url\":\"https:\\\/\\\/www.immobilienbusiness.ch\\\/wp-content\\\/uploads\\\/2021\\\/07\\\/logo_ib.png\",\"contentUrl\":\"https:\\\/\\\/www.immobilienbusiness.ch\\\/wp-content\\\/uploads\\\/2021\\\/07\\\/logo_ib.png\",\"width\":800,\"height\":181,\"caption\":\"IMMOBILIEN Business\"},\"image\":{\"@id\":\"https:\\\/\\\/www.immobilienbusiness.ch\\\/#\\\/schema\\\/logo\\\/image\\\/\"},\"sameAs\":[\"https:\\\/\\\/www.facebook.com\\\/immobilienbusiness\\\/\"]},{\"@type\":\"Person\",\"@id\":\"https:\\\/\\\/www.immobilienbusiness.ch\\\/#\\\/schema\\\/person\\\/3fc036297b10b9f42d6db5ee932af8c8\",\"name\":\"anja.hall\",\"image\":{\"@type\":\"ImageObject\",\"inLanguage\":\"fr-FR\",\"@id\":\"https:\\\/\\\/secure.gravatar.com\\\/avatar\\\/066b5a0d447013502c71a5782f4f3469f03cfe595cc2329fb94652fe47511bfb?s=96&d=mm&r=g\",\"url\":\"https:\\\/\\\/secure.gravatar.com\\\/avatar\\\/066b5a0d447013502c71a5782f4f3469f03cfe595cc2329fb94652fe47511bfb?s=96&d=mm&r=g\",\"contentUrl\":\"https:\\\/\\\/secure.gravatar.com\\\/avatar\\\/066b5a0d447013502c71a5782f4f3469f03cfe595cc2329fb94652fe47511bfb?s=96&d=mm&r=g\",\"caption\":\"anja.hall\"},\"url\":\"https:\\\/\\\/www.immobilienbusiness.ch\\\/fr\\\/author\\\/anja-hall\\\/\"}]}<\/script>\n<!-- \/ Yoast SEO plugin. -->","yoast_head_json":{"title":"Changement dans la gestion des fonds au Credit Suisse - IMMOBILIER Business","description":"Des changements interviennent dans la gestion des fonds immobiliers CS REF Global et CS REF International.","robots":{"index":"index","follow":"follow","max-snippet":"max-snippet:-1","max-image-preview":"max-image-preview:large","max-video-preview":"max-video-preview:-1"},"canonical":"https:\/\/www.immobilienbusiness.ch\/fr\/unternehmen\/2017-03-24\/cs-ref-fonds-wechsel-im-fondsmanagement\/","og_locale":"fr_FR","og_type":"article","og_title":"Wechsel im Fondsmanagement bei der Credit Suisse","og_description":"Bei den Immobilienfonds CS REF Global und CS REF International kommt es zu Wechseln im Fondsmanagement.","og_url":"https:\/\/www.immobilienbusiness.ch\/fr\/unternehmen\/2017-03-24\/cs-ref-fonds-wechsel-im-fondsmanagement\/","og_site_name":"IMMOBILIEN Business","article_publisher":"https:\/\/www.facebook.com\/immobilienbusiness\/","article_published_time":"2017-03-24T08:18:40+00:00","og_image":[{"width":1024,"height":793,"url":"https:\/\/www.immobilienbusiness.ch\/wp-content\/uploads\/2017\/02\/Depositphotos_52470619_l-2015-1024x793.jpg","type":"image\/jpeg"}],"author":"anja.hall","twitter_card":"summary_large_image","twitter_title":"Bei den Immobilienfonds CS REF Global und CS REF International kommt es zu Wechseln im Fondsmanagement.","twitter_description":"Bei den Immobilienfonds CS REF Global und CS REF International kommt es zu Wechseln im Fondsmanagement.","twitter_image":"https:\/\/www.immobilienbusiness.ch\/wp-content\/uploads\/2017\/02\/Depositphotos_52470619_l-2015.jpg","schema":{"@context":"https:\/\/schema.org","@graph":[{"@type":"Article","@id":"https:\/\/www.immobilienbusiness.ch\/en\/unternehmen\/2017-03-24\/cs-ref-fonds-wechsel-im-fondsmanagement\/#article","isPartOf":{"@id":"https:\/\/www.immobilienbusiness.ch\/en\/unternehmen\/2017-03-24\/cs-ref-fonds-wechsel-im-fondsmanagement\/"},"author":{"name":"anja.hall","@id":"https:\/\/www.immobilienbusiness.ch\/#\/schema\/person\/3fc036297b10b9f42d6db5ee932af8c8"},"headline":"Wechsel im Fondsmanagement bei der Credit Suisse","datePublished":"2017-03-24T08:18:40+00:00","mainEntityOfPage":{"@id":"https:\/\/www.immobilienbusiness.ch\/en\/unternehmen\/2017-03-24\/cs-ref-fonds-wechsel-im-fondsmanagement\/"},"wordCount":246,"commentCount":0,"publisher":{"@id":"https:\/\/www.immobilienbusiness.ch\/#organization"},"image":{"@id":"https:\/\/www.immobilienbusiness.ch\/en\/unternehmen\/2017-03-24\/cs-ref-fonds-wechsel-im-fondsmanagement\/#primaryimage"},"thumbnailUrl":"https:\/\/www.immobilienbusiness.ch\/wp-content\/uploads\/2017\/02\/Depositphotos_52470619_l-2015.jpg","keywords":["Immobilienfonds","Personalia"],"articleSection":["UNTERNEHMEN"],"inLanguage":"fr-FR"},{"@type":"WebPage","@id":"https:\/\/www.immobilienbusiness.ch\/en\/unternehmen\/2017-03-24\/cs-ref-fonds-wechsel-im-fondsmanagement\/","url":"https:\/\/www.immobilienbusiness.ch\/en\/unternehmen\/2017-03-24\/cs-ref-fonds-wechsel-im-fondsmanagement\/","name":"Changement dans la gestion des fonds au Credit Suisse - IMMOBILIER Business","isPartOf":{"@id":"https:\/\/www.immobilienbusiness.ch\/#website"},"primaryImageOfPage":{"@id":"https:\/\/www.immobilienbusiness.ch\/en\/unternehmen\/2017-03-24\/cs-ref-fonds-wechsel-im-fondsmanagement\/#primaryimage"},"image":{"@id":"https:\/\/www.immobilienbusiness.ch\/en\/unternehmen\/2017-03-24\/cs-ref-fonds-wechsel-im-fondsmanagement\/#primaryimage"},"thumbnailUrl":"https:\/\/www.immobilienbusiness.ch\/wp-content\/uploads\/2017\/02\/Depositphotos_52470619_l-2015.jpg","datePublished":"2017-03-24T08:18:40+00:00","description":"Des changements interviennent dans la gestion des fonds immobiliers CS REF Global et CS REF International.","breadcrumb":{"@id":"https:\/\/www.immobilienbusiness.ch\/en\/unternehmen\/2017-03-24\/cs-ref-fonds-wechsel-im-fondsmanagement\/#breadcrumb"},"inLanguage":"fr-FR","potentialAction":[{"@type":"ReadAction","target":["https:\/\/www.immobilienbusiness.ch\/en\/unternehmen\/2017-03-24\/cs-ref-fonds-wechsel-im-fondsmanagement\/"]}]},{"@type":"ImageObject","inLanguage":"fr-FR","@id":"https:\/\/www.immobilienbusiness.ch\/en\/unternehmen\/2017-03-24\/cs-ref-fonds-wechsel-im-fondsmanagement\/#primaryimage","url":"https:\/\/www.immobilienbusiness.ch\/wp-content\/uploads\/2017\/02\/Depositphotos_52470619_l-2015.jpg","contentUrl":"https:\/\/www.immobilienbusiness.ch\/wp-content\/uploads\/2017\/02\/Depositphotos_52470619_l-2015.jpg","width":2000,"height":1549,"caption":"HRS stellt den Bereich Kommunikation und Marketing neu auf (Foto: Rawpixel - depositphotos)"},{"@type":"BreadcrumbList","@id":"https:\/\/www.immobilienbusiness.ch\/en\/unternehmen\/2017-03-24\/cs-ref-fonds-wechsel-im-fondsmanagement\/#breadcrumb","itemListElement":[{"@type":"ListItem","position":1,"name":"Home","item":"https:\/\/www.immobilienbusiness.ch\/"},{"@type":"ListItem","position":2,"name":"Wechsel im Fondsmanagement bei der Credit Suisse"}]},{"@type":"WebSite","@id":"https:\/\/www.immobilienbusiness.ch\/#website","url":"https:\/\/www.immobilienbusiness.ch\/","name":"IMMOBILIER Business","description":"Magazine \u00e9conomique suisse ind\u00e9pendant ax\u00e9 sur l'immobilier, l'architecture et la construction ainsi que sur les investissements et le financement.","publisher":{"@id":"https:\/\/www.immobilienbusiness.ch\/#organization"},"potentialAction":[{"@type":"SearchAction","target":{"@type":"EntryPoint","urlTemplate":"https:\/\/www.immobilienbusiness.ch\/?s={search_term_string}"},"query-input":{"@type":"PropertyValueSpecification","valueRequired":true,"valueName":"search_term_string"}}],"inLanguage":"fr-FR"},{"@type":"Organization","@id":"https:\/\/www.immobilienbusiness.ch\/#organization","name":"IMMOBILIER Business","url":"https:\/\/www.immobilienbusiness.ch\/","logo":{"@type":"ImageObject","inLanguage":"fr-FR","@id":"https:\/\/www.immobilienbusiness.ch\/#\/schema\/logo\/image\/","url":"https:\/\/www.immobilienbusiness.ch\/wp-content\/uploads\/2021\/07\/logo_ib.png","contentUrl":"https:\/\/www.immobilienbusiness.ch\/wp-content\/uploads\/2021\/07\/logo_ib.png","width":800,"height":181,"caption":"IMMOBILIEN Business"},"image":{"@id":"https:\/\/www.immobilienbusiness.ch\/#\/schema\/logo\/image\/"},"sameAs":["https:\/\/www.facebook.com\/immobilienbusiness\/"]},{"@type":"Person","@id":"https:\/\/www.immobilienbusiness.ch\/#\/schema\/person\/3fc036297b10b9f42d6db5ee932af8c8","name":"anja.hall","image":{"@type":"ImageObject","inLanguage":"fr-FR","@id":"https:\/\/secure.gravatar.com\/avatar\/066b5a0d447013502c71a5782f4f3469f03cfe595cc2329fb94652fe47511bfb?s=96&d=mm&r=g","url":"https:\/\/secure.gravatar.com\/avatar\/066b5a0d447013502c71a5782f4f3469f03cfe595cc2329fb94652fe47511bfb?s=96&d=mm&r=g","contentUrl":"https:\/\/secure.gravatar.com\/avatar\/066b5a0d447013502c71a5782f4f3469f03cfe595cc2329fb94652fe47511bfb?s=96&d=mm&r=g","caption":"anja.hall"},"url":"https:\/\/www.immobilienbusiness.ch\/fr\/author\/anja-hall\/"}]}},"_links":{"self":[{"href":"https:\/\/www.immobilienbusiness.ch\/fr\/wp-json\/wp\/v2\/posts\/6848","targetHints":{"allow":["GET"]}}],"collection":[{"href":"https:\/\/www.immobilienbusiness.ch\/fr\/wp-json\/wp\/v2\/posts"}],"about":[{"href":"https:\/\/www.immobilienbusiness.ch\/fr\/wp-json\/wp\/v2\/types\/post"}],"author":[{"embeddable":true,"href":"https:\/\/www.immobilienbusiness.ch\/fr\/wp-json\/wp\/v2\/users\/3"}],"replies":[{"embeddable":true,"href":"https:\/\/www.immobilienbusiness.ch\/fr\/wp-json\/wp\/v2\/comments?post=6848"}],"version-history":[{"count":0,"href":"https:\/\/www.immobilienbusiness.ch\/fr\/wp-json\/wp\/v2\/posts\/6848\/revisions"}],"wp:featuredmedia":[{"embeddable":true,"href":"https:\/\/www.immobilienbusiness.ch\/fr\/wp-json\/wp\/v2\/media\/6166"}],"wp:attachment":[{"href":"https:\/\/www.immobilienbusiness.ch\/fr\/wp-json\/wp\/v2\/media?parent=6848"}],"wp:term":[{"taxonomy":"category","embeddable":true,"href":"https:\/\/www.immobilienbusiness.ch\/fr\/wp-json\/wp\/v2\/categories?post=6848"},{"taxonomy":"post_tag","embeddable":true,"href":"https:\/\/www.immobilienbusiness.ch\/fr\/wp-json\/wp\/v2\/tags?post=6848"}],"curies":[{"name":"wp","href":"https:\/\/api.w.org\/{rel}","templated":true}]}}