{"id":68389,"date":"2026-04-30T10:42:56","date_gmt":"2026-04-30T08:42:56","guid":{"rendered":"https:\/\/www.immobilienbusiness.ch\/?p=68389"},"modified":"2026-04-30T13:47:36","modified_gmt":"2026-04-30T11:47:36","slug":"iss-schweiz-neuer-coo-kommt-von-schindler","status":"publish","type":"post","link":"https:\/\/www.immobilienbusiness.ch\/fr\/unternehmen\/2026-04-30\/iss-schweiz-neuer-coo-kommt-von-schindler\/","title":{"rendered":"ISS Suisse : Le nouveau COO vient de Schindler"},"content":{"rendered":"<figure id=\"attachment_68390\" aria-describedby=\"caption-attachment-68390\" style=\"width: 768px\" class=\"wp-caption alignnone\"><a href=\"https:\/\/www.immobilienbusiness.ch\/wp-content\/uploads\/2026\/04\/Matthias_Mueller-scaled.jpg\"><img loading=\"lazy\" decoding=\"async\" class=\"size-large wp-image-68390\" src=\"https:\/\/www.immobilienbusiness.ch\/wp-content\/uploads\/2026\/04\/Matthias_Mueller-1024x1024.jpg\" alt=\"\" width=\"768\" height=\"768\" srcset=\"https:\/\/www.immobilienbusiness.ch\/wp-content\/uploads\/2026\/04\/Matthias_Mueller-1024x1024.jpg 1024w, https:\/\/www.immobilienbusiness.ch\/wp-content\/uploads\/2026\/04\/Matthias_Mueller-300x300.jpg 300w, https:\/\/www.immobilienbusiness.ch\/wp-content\/uploads\/2026\/04\/Matthias_Mueller-150x150.jpg 150w, https:\/\/www.immobilienbusiness.ch\/wp-content\/uploads\/2026\/04\/Matthias_Mueller-768x768.jpg 768w, https:\/\/www.immobilienbusiness.ch\/wp-content\/uploads\/2026\/04\/Matthias_Mueller-1536x1536.jpg 1536w, https:\/\/www.immobilienbusiness.ch\/wp-content\/uploads\/2026\/04\/Matthias_Mueller-2048x2048.jpg 2048w, https:\/\/www.immobilienbusiness.ch\/wp-content\/uploads\/2026\/04\/Matthias_Mueller-12x12.jpg 12w, https:\/\/www.immobilienbusiness.ch\/wp-content\/uploads\/2026\/04\/Matthias_Mueller-350x350.jpg 350w, https:\/\/www.immobilienbusiness.ch\/wp-content\/uploads\/2026\/04\/Matthias_Mueller-800x800.jpg 800w, https:\/\/www.immobilienbusiness.ch\/wp-content\/uploads\/2026\/04\/Matthias_Mueller-250x250.jpg 250w, https:\/\/www.immobilienbusiness.ch\/wp-content\/uploads\/2026\/04\/Matthias_Mueller-scaled.jpg 1200w\" sizes=\"auto, (max-width: 768px) 100vw, 768px\" \/><\/a><figcaption id=\"caption-attachment-68390\" class=\"wp-caption-text\">Matthias M\u00fcller (Image : ISS Suisse)<\/figcaption><\/figure>\n<p>Matthias M\u00fcller reprend le 11 mai le r\u00f4le de Chief Commercial Officer chez ISS Suisse et devient membre de la Direction. Il succ\u00e8de \u00e0 Giuseppe Cristofaro qui quitte l'entreprise apr\u00e8s environ huit ans. M\u00fcller \u00e9tait derni\u00e8rement membre de la Direction et Director Business Management chez Schinler Ascenseurs Suisse. Parmi ses anciens employeurs figurent AS Ascenseurs et Siemens Switzerland.<\/p>\n<p>Dans son nouveau r\u00f4le, M\u00fcller sera responsable de la croissance organique d'ISS Suisse, \u00aben mettant l'accent sur les nouvelles affaires par le biais d'appels d'offres et le renforcement de la fid\u00e9lisation de la client\u00e8le\u00bb. Il continuera \u00e0 \u00abd\u00e9velopper l'organisation commerciale et \u00e0 assurer l'imbrication de la vente, du Key Account Management, du marketing et des op\u00e9rations\u00bb, d\u00e9crit ISS sa mission.<\/p>\n<p>ISS Suisse a r\u00e9alis\u00e9 en 2025 un chiffre d'affaires de 914 millions de CHF avec 14.000 collaborateurs. L'entreprise fait partie du Groupe ISS, cot\u00e9 au Nasdaq Nordic, dont le si\u00e8ge est \u00e0 Copenhague et qui est actif dans 32 pays.<\/p>","protected":false},"excerpt":{"rendered":"<p>Matthias M\u00fcller succ\u00e9dera le 11 mai \u00e0 Giuseppe Cristofaro, qui quitte ISS Suisse apr\u00e8s environ huit ans.<\/p>","protected":false},"author":102,"featured_media":68390,"comment_status":"closed","ping_status":"closed","sticky":false,"template":"","format":"standard","meta":{"_acf_changed":false,"_yoast_wpseo_focuskw":"Schindler","_yoast_wpseo_title":"","_yoast_wpseo_metadesc":"Matthias M\u00fcller tritt per 11. Mai die Nachfolge von Giuseppe Cristofaro an, der ISS Schweiz nach rund acht Jahren verl\u00e4sst.","_yoast_wpseo_linkdex":62,"pgc_sgb_lightbox_settings":"","footnotes":""},"categories":[988],"tags":[2096,1385,2140],"class_list":["post-68389","post","type-post","status-publish","format-standard","has-post-thumbnail","hentry","category-unternehmen","tag-fm","tag-iss","tag-personalie"],"acf":[],"yoast_head":"<!-- This site is optimized with the Yoast SEO plugin v27.5 - https:\/\/yoast.com\/product\/yoast-seo-wordpress\/ -->\n<title>ISS Schweiz: Neuer COO kommt von Schindler - IMMOBILIEN Business<\/title>\n<meta name=\"description\" content=\"Matthias M\u00fcller tritt per 11. Mai die Nachfolge von Giuseppe Cristofaro an, der ISS Schweiz nach rund acht Jahren verl\u00e4sst.\" \/>\n<meta name=\"robots\" content=\"index, follow, max-snippet:-1, max-image-preview:large, max-video-preview:-1\" \/>\n<link rel=\"canonical\" href=\"https:\/\/www.immobilienbusiness.ch\/fr\/unternehmen\/2026-04-30\/iss-schweiz-neuer-coo-kommt-von-schindler\/\" \/>\n<meta property=\"og:locale\" content=\"fr_FR\" \/>\n<meta property=\"og:type\" content=\"article\" \/>\n<meta property=\"og:title\" content=\"ISS Schweiz: Neuer COO kommt von Schindler - IMMOBILIEN Business\" \/>\n<meta property=\"og:description\" content=\"Matthias M\u00fcller tritt per 11. Mai die Nachfolge von Giuseppe Cristofaro an, der ISS Schweiz nach rund acht Jahren verl\u00e4sst.\" \/>\n<meta property=\"og:url\" content=\"https:\/\/www.immobilienbusiness.ch\/fr\/unternehmen\/2026-04-30\/iss-schweiz-neuer-coo-kommt-von-schindler\/\" \/>\n<meta property=\"og:site_name\" content=\"IMMOBILIEN Business\" \/>\n<meta property=\"article:publisher\" content=\"https:\/\/www.facebook.com\/immobilienbusiness\/\" \/>\n<meta property=\"article:published_time\" content=\"2026-04-30T08:42:56+00:00\" \/>\n<meta property=\"article:modified_time\" content=\"2026-04-30T11:47:36+00:00\" \/>\n<meta property=\"og:image\" content=\"https:\/\/www.immobilienbusiness.ch\/wp-content\/uploads\/2026\/04\/Matthias_Mueller-scaled.jpg\" \/>\n\t<meta property=\"og:image:width\" content=\"1200\" \/>\n\t<meta property=\"og:image:height\" content=\"1200\" \/>\n\t<meta property=\"og:image:type\" content=\"image\/jpeg\" \/>\n<meta name=\"author\" content=\"Alexander Wachter\" \/>\n<meta name=\"twitter:card\" content=\"summary_large_image\" \/>\n<script type=\"application\/ld+json\" class=\"yoast-schema-graph\">{\"@context\":\"https:\\\/\\\/schema.org\",\"@graph\":[{\"@type\":\"Article\",\"@id\":\"https:\\\/\\\/www.immobilienbusiness.ch\\\/unternehmen\\\/2026-04-30\\\/iss-schweiz-neuer-coo-kommt-von-schindler\\\/#article\",\"isPartOf\":{\"@id\":\"https:\\\/\\\/www.immobilienbusiness.ch\\\/unternehmen\\\/2026-04-30\\\/iss-schweiz-neuer-coo-kommt-von-schindler\\\/\"},\"author\":{\"name\":\"Alexander Wachter\",\"@id\":\"https:\\\/\\\/www.immobilienbusiness.ch\\\/#\\\/schema\\\/person\\\/aba8bea2db926aa0c24c08c43fe1fcd5\"},\"headline\":\"ISS Schweiz: Neuer COO kommt von Schindler\",\"datePublished\":\"2026-04-30T08:42:56+00:00\",\"dateModified\":\"2026-04-30T11:47:36+00:00\",\"mainEntityOfPage\":{\"@id\":\"https:\\\/\\\/www.immobilienbusiness.ch\\\/unternehmen\\\/2026-04-30\\\/iss-schweiz-neuer-coo-kommt-von-schindler\\\/\"},\"wordCount\":166,\"publisher\":{\"@id\":\"https:\\\/\\\/www.immobilienbusiness.ch\\\/#organization\"},\"image\":{\"@id\":\"https:\\\/\\\/www.immobilienbusiness.ch\\\/unternehmen\\\/2026-04-30\\\/iss-schweiz-neuer-coo-kommt-von-schindler\\\/#primaryimage\"},\"thumbnailUrl\":\"https:\\\/\\\/www.immobilienbusiness.ch\\\/wp-content\\\/uploads\\\/2026\\\/04\\\/Matthias_Mueller-scaled.jpg\",\"keywords\":[\"FM\",\"ISS\",\"Personalie\"],\"articleSection\":[\"UNTERNEHMEN\"],\"inLanguage\":\"fr-FR\"},{\"@type\":\"WebPage\",\"@id\":\"https:\\\/\\\/www.immobilienbusiness.ch\\\/unternehmen\\\/2026-04-30\\\/iss-schweiz-neuer-coo-kommt-von-schindler\\\/\",\"url\":\"https:\\\/\\\/www.immobilienbusiness.ch\\\/unternehmen\\\/2026-04-30\\\/iss-schweiz-neuer-coo-kommt-von-schindler\\\/\",\"name\":\"ISS Schweiz: Neuer COO kommt von Schindler - IMMOBILIEN Business\",\"isPartOf\":{\"@id\":\"https:\\\/\\\/www.immobilienbusiness.ch\\\/#website\"},\"primaryImageOfPage\":{\"@id\":\"https:\\\/\\\/www.immobilienbusiness.ch\\\/unternehmen\\\/2026-04-30\\\/iss-schweiz-neuer-coo-kommt-von-schindler\\\/#primaryimage\"},\"image\":{\"@id\":\"https:\\\/\\\/www.immobilienbusiness.ch\\\/unternehmen\\\/2026-04-30\\\/iss-schweiz-neuer-coo-kommt-von-schindler\\\/#primaryimage\"},\"thumbnailUrl\":\"https:\\\/\\\/www.immobilienbusiness.ch\\\/wp-content\\\/uploads\\\/2026\\\/04\\\/Matthias_Mueller-scaled.jpg\",\"datePublished\":\"2026-04-30T08:42:56+00:00\",\"dateModified\":\"2026-04-30T11:47:36+00:00\",\"description\":\"Matthias M\u00fcller tritt per 11. Mai die Nachfolge von Giuseppe Cristofaro an, der ISS Schweiz nach rund acht Jahren verl\u00e4sst.\",\"breadcrumb\":{\"@id\":\"https:\\\/\\\/www.immobilienbusiness.ch\\\/unternehmen\\\/2026-04-30\\\/iss-schweiz-neuer-coo-kommt-von-schindler\\\/#breadcrumb\"},\"inLanguage\":\"fr-FR\",\"potentialAction\":[{\"@type\":\"ReadAction\",\"target\":[\"https:\\\/\\\/www.immobilienbusiness.ch\\\/unternehmen\\\/2026-04-30\\\/iss-schweiz-neuer-coo-kommt-von-schindler\\\/\"]}]},{\"@type\":\"ImageObject\",\"inLanguage\":\"fr-FR\",\"@id\":\"https:\\\/\\\/www.immobilienbusiness.ch\\\/unternehmen\\\/2026-04-30\\\/iss-schweiz-neuer-coo-kommt-von-schindler\\\/#primaryimage\",\"url\":\"https:\\\/\\\/www.immobilienbusiness.ch\\\/wp-content\\\/uploads\\\/2026\\\/04\\\/Matthias_Mueller-scaled.jpg\",\"contentUrl\":\"https:\\\/\\\/www.immobilienbusiness.ch\\\/wp-content\\\/uploads\\\/2026\\\/04\\\/Matthias_Mueller-scaled.jpg\",\"width\":1200,\"height\":1200,\"caption\":\"Matthias M\u00fcller (Bild: ISS Schweiz)\"},{\"@type\":\"BreadcrumbList\",\"@id\":\"https:\\\/\\\/www.immobilienbusiness.ch\\\/unternehmen\\\/2026-04-30\\\/iss-schweiz-neuer-coo-kommt-von-schindler\\\/#breadcrumb\",\"itemListElement\":[{\"@type\":\"ListItem\",\"position\":1,\"name\":\"Home\",\"item\":\"https:\\\/\\\/www.immobilienbusiness.ch\\\/\"},{\"@type\":\"ListItem\",\"position\":2,\"name\":\"ISS Schweiz: Neuer COO kommt von Schindler\"}]},{\"@type\":\"WebSite\",\"@id\":\"https:\\\/\\\/www.immobilienbusiness.ch\\\/#website\",\"url\":\"https:\\\/\\\/www.immobilienbusiness.ch\\\/\",\"name\":\"IMMOBILIEN Business\",\"description\":\"Unabh\u00e4ngiges Schweizer Wirtschaftsmagazin mit Fokus auf Immobilien, Architektur- und Bau sowie Investment- und Finanzierung.\",\"publisher\":{\"@id\":\"https:\\\/\\\/www.immobilienbusiness.ch\\\/#organization\"},\"potentialAction\":[{\"@type\":\"SearchAction\",\"target\":{\"@type\":\"EntryPoint\",\"urlTemplate\":\"https:\\\/\\\/www.immobilienbusiness.ch\\\/?s={search_term_string}\"},\"query-input\":{\"@type\":\"PropertyValueSpecification\",\"valueRequired\":true,\"valueName\":\"search_term_string\"}}],\"inLanguage\":\"fr-FR\"},{\"@type\":\"Organization\",\"@id\":\"https:\\\/\\\/www.immobilienbusiness.ch\\\/#organization\",\"name\":\"IMMOBILIEN Business\",\"url\":\"https:\\\/\\\/www.immobilienbusiness.ch\\\/\",\"logo\":{\"@type\":\"ImageObject\",\"inLanguage\":\"fr-FR\",\"@id\":\"https:\\\/\\\/www.immobilienbusiness.ch\\\/#\\\/schema\\\/logo\\\/image\\\/\",\"url\":\"https:\\\/\\\/www.immobilienbusiness.ch\\\/wp-content\\\/uploads\\\/2021\\\/07\\\/logo_ib.png\",\"contentUrl\":\"https:\\\/\\\/www.immobilienbusiness.ch\\\/wp-content\\\/uploads\\\/2021\\\/07\\\/logo_ib.png\",\"width\":800,\"height\":181,\"caption\":\"IMMOBILIEN Business\"},\"image\":{\"@id\":\"https:\\\/\\\/www.immobilienbusiness.ch\\\/#\\\/schema\\\/logo\\\/image\\\/\"},\"sameAs\":[\"https:\\\/\\\/www.facebook.com\\\/immobilienbusiness\\\/\"]},{\"@type\":\"Person\",\"@id\":\"https:\\\/\\\/www.immobilienbusiness.ch\\\/#\\\/schema\\\/person\\\/aba8bea2db926aa0c24c08c43fe1fcd5\",\"name\":\"Alexander Wachter\",\"image\":{\"@type\":\"ImageObject\",\"inLanguage\":\"fr-FR\",\"@id\":\"https:\\\/\\\/secure.gravatar.com\\\/avatar\\\/1a09e471f5389b0e0a6416eac287e0927c7c97a7b77f9e787eba3af7aee281dd?s=96&d=mm&r=g\",\"url\":\"https:\\\/\\\/secure.gravatar.com\\\/avatar\\\/1a09e471f5389b0e0a6416eac287e0927c7c97a7b77f9e787eba3af7aee281dd?s=96&d=mm&r=g\",\"contentUrl\":\"https:\\\/\\\/secure.gravatar.com\\\/avatar\\\/1a09e471f5389b0e0a6416eac287e0927c7c97a7b77f9e787eba3af7aee281dd?s=96&d=mm&r=g\",\"caption\":\"Alexander Wachter\"},\"url\":\"https:\\\/\\\/www.immobilienbusiness.ch\\\/fr\\\/author\\\/alexander-wachter\\\/\"}]}<\/script>\n<!-- \/ Yoast SEO plugin. -->","yoast_head_json":{"title":"ISS Schweiz: Neuer COO kommt von Schindler - IMMOBILIEN Business","description":"Matthias M\u00fcller succ\u00e9dera le 11 mai \u00e0 Giuseppe Cristofaro, qui quitte ISS Suisse apr\u00e8s environ huit ans.","robots":{"index":"index","follow":"follow","max-snippet":"max-snippet:-1","max-image-preview":"max-image-preview:large","max-video-preview":"max-video-preview:-1"},"canonical":"https:\/\/www.immobilienbusiness.ch\/fr\/unternehmen\/2026-04-30\/iss-schweiz-neuer-coo-kommt-von-schindler\/","og_locale":"fr_FR","og_type":"article","og_title":"ISS Schweiz: Neuer COO kommt von Schindler - IMMOBILIEN Business","og_description":"Matthias M\u00fcller tritt per 11. Mai die Nachfolge von Giuseppe Cristofaro an, der ISS Schweiz nach rund acht Jahren verl\u00e4sst.","og_url":"https:\/\/www.immobilienbusiness.ch\/fr\/unternehmen\/2026-04-30\/iss-schweiz-neuer-coo-kommt-von-schindler\/","og_site_name":"IMMOBILIEN Business","article_publisher":"https:\/\/www.facebook.com\/immobilienbusiness\/","article_published_time":"2026-04-30T08:42:56+00:00","article_modified_time":"2026-04-30T11:47:36+00:00","og_image":[{"width":1200,"height":1200,"url":"https:\/\/www.immobilienbusiness.ch\/wp-content\/uploads\/2026\/04\/Matthias_Mueller-scaled.jpg","type":"image\/jpeg"}],"author":"Alexander Wachter","twitter_card":"summary_large_image","schema":{"@context":"https:\/\/schema.org","@graph":[{"@type":"Article","@id":"https:\/\/www.immobilienbusiness.ch\/unternehmen\/2026-04-30\/iss-schweiz-neuer-coo-kommt-von-schindler\/#article","isPartOf":{"@id":"https:\/\/www.immobilienbusiness.ch\/unternehmen\/2026-04-30\/iss-schweiz-neuer-coo-kommt-von-schindler\/"},"author":{"name":"Alexander Wachter","@id":"https:\/\/www.immobilienbusiness.ch\/#\/schema\/person\/aba8bea2db926aa0c24c08c43fe1fcd5"},"headline":"ISS Schweiz: Neuer COO kommt von Schindler","datePublished":"2026-04-30T08:42:56+00:00","dateModified":"2026-04-30T11:47:36+00:00","mainEntityOfPage":{"@id":"https:\/\/www.immobilienbusiness.ch\/unternehmen\/2026-04-30\/iss-schweiz-neuer-coo-kommt-von-schindler\/"},"wordCount":166,"publisher":{"@id":"https:\/\/www.immobilienbusiness.ch\/#organization"},"image":{"@id":"https:\/\/www.immobilienbusiness.ch\/unternehmen\/2026-04-30\/iss-schweiz-neuer-coo-kommt-von-schindler\/#primaryimage"},"thumbnailUrl":"https:\/\/www.immobilienbusiness.ch\/wp-content\/uploads\/2026\/04\/Matthias_Mueller-scaled.jpg","keywords":["FM","ISS","Personalie"],"articleSection":["UNTERNEHMEN"],"inLanguage":"fr-FR"},{"@type":"WebPage","@id":"https:\/\/www.immobilienbusiness.ch\/unternehmen\/2026-04-30\/iss-schweiz-neuer-coo-kommt-von-schindler\/","url":"https:\/\/www.immobilienbusiness.ch\/unternehmen\/2026-04-30\/iss-schweiz-neuer-coo-kommt-von-schindler\/","name":"ISS Schweiz: Neuer COO kommt von Schindler - IMMOBILIEN Business","isPartOf":{"@id":"https:\/\/www.immobilienbusiness.ch\/#website"},"primaryImageOfPage":{"@id":"https:\/\/www.immobilienbusiness.ch\/unternehmen\/2026-04-30\/iss-schweiz-neuer-coo-kommt-von-schindler\/#primaryimage"},"image":{"@id":"https:\/\/www.immobilienbusiness.ch\/unternehmen\/2026-04-30\/iss-schweiz-neuer-coo-kommt-von-schindler\/#primaryimage"},"thumbnailUrl":"https:\/\/www.immobilienbusiness.ch\/wp-content\/uploads\/2026\/04\/Matthias_Mueller-scaled.jpg","datePublished":"2026-04-30T08:42:56+00:00","dateModified":"2026-04-30T11:47:36+00:00","description":"Matthias M\u00fcller succ\u00e9dera le 11 mai \u00e0 Giuseppe Cristofaro, qui quitte ISS Suisse apr\u00e8s environ huit ans.","breadcrumb":{"@id":"https:\/\/www.immobilienbusiness.ch\/unternehmen\/2026-04-30\/iss-schweiz-neuer-coo-kommt-von-schindler\/#breadcrumb"},"inLanguage":"fr-FR","potentialAction":[{"@type":"ReadAction","target":["https:\/\/www.immobilienbusiness.ch\/unternehmen\/2026-04-30\/iss-schweiz-neuer-coo-kommt-von-schindler\/"]}]},{"@type":"ImageObject","inLanguage":"fr-FR","@id":"https:\/\/www.immobilienbusiness.ch\/unternehmen\/2026-04-30\/iss-schweiz-neuer-coo-kommt-von-schindler\/#primaryimage","url":"https:\/\/www.immobilienbusiness.ch\/wp-content\/uploads\/2026\/04\/Matthias_Mueller-scaled.jpg","contentUrl":"https:\/\/www.immobilienbusiness.ch\/wp-content\/uploads\/2026\/04\/Matthias_Mueller-scaled.jpg","width":1200,"height":1200,"caption":"Matthias M\u00fcller (Bild: ISS Schweiz)"},{"@type":"BreadcrumbList","@id":"https:\/\/www.immobilienbusiness.ch\/unternehmen\/2026-04-30\/iss-schweiz-neuer-coo-kommt-von-schindler\/#breadcrumb","itemListElement":[{"@type":"ListItem","position":1,"name":"Home","item":"https:\/\/www.immobilienbusiness.ch\/"},{"@type":"ListItem","position":2,"name":"ISS Schweiz: Neuer COO kommt von Schindler"}]},{"@type":"WebSite","@id":"https:\/\/www.immobilienbusiness.ch\/#website","url":"https:\/\/www.immobilienbusiness.ch\/","name":"IMMOBILIER Business","description":"Magazine \u00e9conomique suisse ind\u00e9pendant ax\u00e9 sur l'immobilier, l'architecture et la construction ainsi que sur les investissements et le financement.","publisher":{"@id":"https:\/\/www.immobilienbusiness.ch\/#organization"},"potentialAction":[{"@type":"SearchAction","target":{"@type":"EntryPoint","urlTemplate":"https:\/\/www.immobilienbusiness.ch\/?s={search_term_string}"},"query-input":{"@type":"PropertyValueSpecification","valueRequired":true,"valueName":"search_term_string"}}],"inLanguage":"fr-FR"},{"@type":"Organization","@id":"https:\/\/www.immobilienbusiness.ch\/#organization","name":"IMMOBILIER Business","url":"https:\/\/www.immobilienbusiness.ch\/","logo":{"@type":"ImageObject","inLanguage":"fr-FR","@id":"https:\/\/www.immobilienbusiness.ch\/#\/schema\/logo\/image\/","url":"https:\/\/www.immobilienbusiness.ch\/wp-content\/uploads\/2021\/07\/logo_ib.png","contentUrl":"https:\/\/www.immobilienbusiness.ch\/wp-content\/uploads\/2021\/07\/logo_ib.png","width":800,"height":181,"caption":"IMMOBILIEN Business"},"image":{"@id":"https:\/\/www.immobilienbusiness.ch\/#\/schema\/logo\/image\/"},"sameAs":["https:\/\/www.facebook.com\/immobilienbusiness\/"]},{"@type":"Person","@id":"https:\/\/www.immobilienbusiness.ch\/#\/schema\/person\/aba8bea2db926aa0c24c08c43fe1fcd5","name":"Alexander Wachter","image":{"@type":"ImageObject","inLanguage":"fr-FR","@id":"https:\/\/secure.gravatar.com\/avatar\/1a09e471f5389b0e0a6416eac287e0927c7c97a7b77f9e787eba3af7aee281dd?s=96&d=mm&r=g","url":"https:\/\/secure.gravatar.com\/avatar\/1a09e471f5389b0e0a6416eac287e0927c7c97a7b77f9e787eba3af7aee281dd?s=96&d=mm&r=g","contentUrl":"https:\/\/secure.gravatar.com\/avatar\/1a09e471f5389b0e0a6416eac287e0927c7c97a7b77f9e787eba3af7aee281dd?s=96&d=mm&r=g","caption":"Alexander Wachter"},"url":"https:\/\/www.immobilienbusiness.ch\/fr\/author\/alexander-wachter\/"}]}},"_links":{"self":[{"href":"https:\/\/www.immobilienbusiness.ch\/fr\/wp-json\/wp\/v2\/posts\/68389","targetHints":{"allow":["GET"]}}],"collection":[{"href":"https:\/\/www.immobilienbusiness.ch\/fr\/wp-json\/wp\/v2\/posts"}],"about":[{"href":"https:\/\/www.immobilienbusiness.ch\/fr\/wp-json\/wp\/v2\/types\/post"}],"author":[{"embeddable":true,"href":"https:\/\/www.immobilienbusiness.ch\/fr\/wp-json\/wp\/v2\/users\/102"}],"replies":[{"embeddable":true,"href":"https:\/\/www.immobilienbusiness.ch\/fr\/wp-json\/wp\/v2\/comments?post=68389"}],"version-history":[{"count":1,"href":"https:\/\/www.immobilienbusiness.ch\/fr\/wp-json\/wp\/v2\/posts\/68389\/revisions"}],"predecessor-version":[{"id":68391,"href":"https:\/\/www.immobilienbusiness.ch\/fr\/wp-json\/wp\/v2\/posts\/68389\/revisions\/68391"}],"wp:featuredmedia":[{"embeddable":true,"href":"https:\/\/www.immobilienbusiness.ch\/fr\/wp-json\/wp\/v2\/media\/68390"}],"wp:attachment":[{"href":"https:\/\/www.immobilienbusiness.ch\/fr\/wp-json\/wp\/v2\/media?parent=68389"}],"wp:term":[{"taxonomy":"category","embeddable":true,"href":"https:\/\/www.immobilienbusiness.ch\/fr\/wp-json\/wp\/v2\/categories?post=68389"},{"taxonomy":"post_tag","embeddable":true,"href":"https:\/\/www.immobilienbusiness.ch\/fr\/wp-json\/wp\/v2\/tags?post=68389"}],"curies":[{"name":"wp","href":"https:\/\/api.w.org\/{rel}","templated":true}]}}