{"id":68338,"date":"2026-04-29T08:39:14","date_gmt":"2026-04-29T06:39:14","guid":{"rendered":"https:\/\/www.immobilienbusiness.ch\/?p=68338"},"modified":"2026-04-29T08:39:14","modified_gmt":"2026-04-29T06:39:14","slug":"luzern-neue-plaene-fuer-hermitage-areal","status":"publish","type":"post","link":"https:\/\/www.immobilienbusiness.ch\/fr\/regionen\/2026-04-29\/luzern-neue-plaene-fuer-hermitage-areal\/","title":{"rendered":"Lucerne : nouveaux plans pour le site de l'Hermitage"},"content":{"rendered":"<figure id=\"attachment_68339\" aria-describedby=\"caption-attachment-68339\" style=\"width: 768px\" class=\"wp-caption alignnone\"><a href=\"https:\/\/www.immobilienbusiness.ch\/wp-content\/uploads\/2026\/04\/Hermitage-scaled.png\"><img loading=\"lazy\" decoding=\"async\" class=\"size-large wp-image-68339\" src=\"https:\/\/www.immobilienbusiness.ch\/wp-content\/uploads\/2026\/04\/Hermitage-1024x608.png\" alt=\"\" width=\"768\" height=\"456\" srcset=\"https:\/\/www.immobilienbusiness.ch\/wp-content\/uploads\/2026\/04\/Hermitage-1024x608.png 1024w, https:\/\/www.immobilienbusiness.ch\/wp-content\/uploads\/2026\/04\/Hermitage-300x178.png 300w, https:\/\/www.immobilienbusiness.ch\/wp-content\/uploads\/2026\/04\/Hermitage-768x456.png 768w, https:\/\/www.immobilienbusiness.ch\/wp-content\/uploads\/2026\/04\/Hermitage-18x12.png 18w, https:\/\/www.immobilienbusiness.ch\/wp-content\/uploads\/2026\/04\/Hermitage-375x222.png 375w, https:\/\/www.immobilienbusiness.ch\/wp-content\/uploads\/2026\/04\/Hermitage-590x350.png 590w, https:\/\/www.immobilienbusiness.ch\/wp-content\/uploads\/2026\/04\/Hermitage-1000x593.png 1000w, https:\/\/www.immobilienbusiness.ch\/wp-content\/uploads\/2026\/04\/Hermitage-scaled.png 1200w\" sizes=\"auto, (max-width: 768px) 100vw, 768px\" \/><\/a><figcaption id=\"caption-attachment-68339\" class=\"wp-caption-text\">Un nouveau plan d'am\u00e9nagement est disponible pour le projet \u00abNew Hermitage\u00bb (Visualisation : Hermitage Lake Lucerne AG).<\/figcaption><\/figure>\n<p>L'Hermitage Lake Lucerne AG a pr\u00e9sent\u00e9 publiquement un plan d'am\u00e9nagement r\u00e9vis\u00e9 pour son site de pr\u00e8s de 20 000 m\u00e8tres carr\u00e9s situ\u00e9 au 72 de la Seeburgstrasse \u00e0 Lucerne. Sur ce terrain situ\u00e9 directement au bord du lac des Quatre-Cantons, les plans d'Herzog &amp; de Meuron pr\u00e9voient d'agrandir l'h\u00f4tel de 90 chambres environ aujourd'hui \u00e0 une centaine et de r\u00e9aliser pour la premi\u00e8re fois des appartements. Il est pr\u00e9vu de construire environ 36 unit\u00e9s au total.<\/p>\n<p>L'utilisation r\u00e9sidentielle se r\u00e9partit sur deux zones : Environ deux tiers du site se trouvent dans la zone touristique et permettent, en compl\u00e9ment de l'exploitation h\u00f4teli\u00e8re, une utilisation r\u00e9sidentielle limit\u00e9e \u00e0 environ douze logements. Le tiers restant - l'actuel Bellevue de l'autre c\u00f4t\u00e9 de la rue - se trouve en zone r\u00e9sidentielle et doit \u00eatre d\u00e9velopp\u00e9 avec environ 24 logements. En \u00e9largissant l'utilisation, les propri\u00e9taires veulent r\u00e9duire la d\u00e9pendance au tourisme et \u00e9largir la base \u00e9conomique de l'\u00e9tablissement, qui est en mains familiales depuis plus de 70 ans.<\/p>\n<h3>Six volumes au lieu de deux<\/h3>\n<p>Le plan d'am\u00e9nagement actuel est une version fondamentalement remani\u00e9e du projet mis \u00e0 l'enqu\u00eate publique pour la premi\u00e8re fois en 2022. Suite \u00e0 des oppositions, notamment de l'association de protection du paysage du lac des Quatre-Cantons, et en accord avec la Commission f\u00e9d\u00e9rale pour la protection de la nature et du paysage, les deux grands corps de b\u00e2timent initialement pr\u00e9vus ont \u00e9t\u00e9 transform\u00e9s en six volumes nettement plus petits. Les constructions s'articulent en trois groupes de b\u00e2timents, int\u00e9gr\u00e9s dans un paysage de parc coh\u00e9rent. Une partie des nouveaux b\u00e2timents est con\u00e7ue comme un petit ensemble s'inspirant d'une ferme de Suisse centrale. Les b\u00e2timents existants de l'h\u00f4tel - tous \u00e2g\u00e9s de 35 \u00e0 70 ans - seront sur\u00e9lev\u00e9s et r\u00e9nov\u00e9s, une nouvelle entr\u00e9e centrale devant renforcer la cr\u00e9ation d'adresses. Les places de parking seront d\u00e9plac\u00e9es dans des parkings souterrains afin d'augmenter la part de verdure, et les bains historiques resteront accessibles au public.<\/p>\n<h3>R\u00e9alisation au plus t\u00f4t au d\u00e9but de la prochaine d\u00e9cennie<\/h3>\n<p>Apr\u00e8s le d\u00e9lai d'opposition en cours, le ma\u00eetre d'ouvrage s'attend \u00e0 une phase de mise au point de plusieurs ann\u00e9es et \u00e0 une autorisation du plan d'am\u00e9nagement dans les trois prochaines ann\u00e9es environ. La mise en \u0153uvre se fera par \u00e9tapes ; le premier b\u00e2timent sera le nouveau Bellevue, car c'est celui qui a le plus besoin d'\u00eatre r\u00e9nov\u00e9 et qui n'entrave pas l'exploitation courante de l'h\u00f4tel. Selon les indications du ma\u00eetre d'ouvrage, les premi\u00e8res \u00e9tapes de la r\u00e9alisation sont attendues au plus t\u00f4t au d\u00e9but de la prochaine d\u00e9cennie, les \u00e9tapes suivantes d\u00e9pendant de l'\u00e9volution \u00e9conomique et des besoins de r\u00e9novation.<br \/>\nLe communiqu\u00e9 de Hermitage Lake Lucerne AG ne mentionne pas de montant d'investissement concret. Le \u00abBlick\u00bb et le \u00abBilanz\u00bb chiffrent le co\u00fbt total \u00e0 plus de 100 millions de CHF en se r\u00e9f\u00e9rant aux propri\u00e9taires. Patrick D\u00f6\u00f6s, de la famille propri\u00e9taire, est cit\u00e9 dans le communiqu\u00e9 comme disant que l'h\u00f4tel doit \u00abrester \u00e9conomiquement viable et pouvoir s'assurer \u00e0 long terme par ses propres moyens\u00bb.<\/p>\n<p>Le ma\u00eetre d'ouvrage est la soci\u00e9t\u00e9 Hermitage Lake Lucerne AG (anciennement Hotel Hermitage Luzern AG) ; le bureau Vogt est responsable de l'architecture paysag\u00e8re.<\/p>","protected":false},"excerpt":{"rendered":"<p>Herzog &amp; de Meuron pr\u00e9voient de construire 100 chambres d'h\u00f4tel, 36 appartements et un parc au bord du lac des Quatre-Cantons. R\u00e9alisation au plus t\u00f4t au d\u00e9but de la prochaine d\u00e9cennie.<\/p>","protected":false},"author":102,"featured_media":68339,"comment_status":"closed","ping_status":"closed","sticky":false,"template":"","format":"standard","meta":{"_acf_changed":false,"_yoast_wpseo_focuskw":"","_yoast_wpseo_title":"","_yoast_wpseo_metadesc":"Herzog & de Meuron planen am Vierwaldst\u00e4ttersee 100 Hotelzimmer, 36 Wohnungen und einen Park. Realisierung fr\u00fchestens Anfang n\u00e4chsten Jahrzehnts.","_yoast_wpseo_linkdex":0,"pgc_sgb_lightbox_settings":"","footnotes":""},"categories":[985],"tags":[],"class_list":["post-68338","post","type-post","status-publish","format-standard","has-post-thumbnail","hentry","category-regionen"],"acf":[],"yoast_head":"<!-- This site is optimized with the Yoast SEO plugin v27.5 - https:\/\/yoast.com\/product\/yoast-seo-wordpress\/ -->\n<title>Luzern: Neue Pl\u00e4ne f\u00fcr Hermitage-Areal - IMMOBILIEN Business<\/title>\n<meta name=\"description\" content=\"Herzog &amp; de Meuron planen am Vierwaldst\u00e4ttersee 100 Hotelzimmer, 36 Wohnungen und einen Park. Realisierung fr\u00fchestens Anfang n\u00e4chsten Jahrzehnts.\" \/>\n<meta name=\"robots\" content=\"index, follow, max-snippet:-1, max-image-preview:large, max-video-preview:-1\" \/>\n<link rel=\"canonical\" href=\"https:\/\/www.immobilienbusiness.ch\/fr\/regionen\/2026-04-29\/luzern-neue-plaene-fuer-hermitage-areal\/\" \/>\n<meta property=\"og:locale\" content=\"fr_FR\" \/>\n<meta property=\"og:type\" content=\"article\" \/>\n<meta property=\"og:title\" content=\"Luzern: Neue Pl\u00e4ne f\u00fcr Hermitage-Areal - IMMOBILIEN Business\" \/>\n<meta property=\"og:description\" content=\"Herzog &amp; de Meuron planen am Vierwaldst\u00e4ttersee 100 Hotelzimmer, 36 Wohnungen und einen Park. Realisierung fr\u00fchestens Anfang n\u00e4chsten Jahrzehnts.\" \/>\n<meta property=\"og:url\" content=\"https:\/\/www.immobilienbusiness.ch\/fr\/regionen\/2026-04-29\/luzern-neue-plaene-fuer-hermitage-areal\/\" \/>\n<meta property=\"og:site_name\" content=\"IMMOBILIEN Business\" \/>\n<meta property=\"article:publisher\" content=\"https:\/\/www.facebook.com\/immobilienbusiness\/\" \/>\n<meta property=\"article:published_time\" content=\"2026-04-29T06:39:14+00:00\" \/>\n<meta property=\"og:image\" content=\"https:\/\/www.immobilienbusiness.ch\/wp-content\/uploads\/2026\/04\/Hermitage-scaled.png\" \/>\n\t<meta property=\"og:image:width\" content=\"1200\" \/>\n\t<meta property=\"og:image:height\" content=\"712\" \/>\n\t<meta property=\"og:image:type\" content=\"image\/png\" \/>\n<meta name=\"author\" content=\"Alexander Wachter\" \/>\n<meta name=\"twitter:card\" content=\"summary_large_image\" \/>\n<script type=\"application\/ld+json\" class=\"yoast-schema-graph\">{\"@context\":\"https:\\\/\\\/schema.org\",\"@graph\":[{\"@type\":\"Article\",\"@id\":\"https:\\\/\\\/www.immobilienbusiness.ch\\\/regionen\\\/2026-04-29\\\/luzern-neue-plaene-fuer-hermitage-areal\\\/#article\",\"isPartOf\":{\"@id\":\"https:\\\/\\\/www.immobilienbusiness.ch\\\/regionen\\\/2026-04-29\\\/luzern-neue-plaene-fuer-hermitage-areal\\\/\"},\"author\":{\"name\":\"Alexander Wachter\",\"@id\":\"https:\\\/\\\/www.immobilienbusiness.ch\\\/#\\\/schema\\\/person\\\/aba8bea2db926aa0c24c08c43fe1fcd5\"},\"headline\":\"Luzern: Neue Pl\u00e4ne f\u00fcr Hermitage-Areal\",\"datePublished\":\"2026-04-29T06:39:14+00:00\",\"mainEntityOfPage\":{\"@id\":\"https:\\\/\\\/www.immobilienbusiness.ch\\\/regionen\\\/2026-04-29\\\/luzern-neue-plaene-fuer-hermitage-areal\\\/\"},\"wordCount\":465,\"publisher\":{\"@id\":\"https:\\\/\\\/www.immobilienbusiness.ch\\\/#organization\"},\"image\":{\"@id\":\"https:\\\/\\\/www.immobilienbusiness.ch\\\/regionen\\\/2026-04-29\\\/luzern-neue-plaene-fuer-hermitage-areal\\\/#primaryimage\"},\"thumbnailUrl\":\"https:\\\/\\\/www.immobilienbusiness.ch\\\/wp-content\\\/uploads\\\/2026\\\/04\\\/Hermitage-scaled.png\",\"articleSection\":[\"REGIONEN\"],\"inLanguage\":\"fr-FR\"},{\"@type\":\"WebPage\",\"@id\":\"https:\\\/\\\/www.immobilienbusiness.ch\\\/regionen\\\/2026-04-29\\\/luzern-neue-plaene-fuer-hermitage-areal\\\/\",\"url\":\"https:\\\/\\\/www.immobilienbusiness.ch\\\/regionen\\\/2026-04-29\\\/luzern-neue-plaene-fuer-hermitage-areal\\\/\",\"name\":\"Luzern: Neue Pl\u00e4ne f\u00fcr Hermitage-Areal - IMMOBILIEN Business\",\"isPartOf\":{\"@id\":\"https:\\\/\\\/www.immobilienbusiness.ch\\\/#website\"},\"primaryImageOfPage\":{\"@id\":\"https:\\\/\\\/www.immobilienbusiness.ch\\\/regionen\\\/2026-04-29\\\/luzern-neue-plaene-fuer-hermitage-areal\\\/#primaryimage\"},\"image\":{\"@id\":\"https:\\\/\\\/www.immobilienbusiness.ch\\\/regionen\\\/2026-04-29\\\/luzern-neue-plaene-fuer-hermitage-areal\\\/#primaryimage\"},\"thumbnailUrl\":\"https:\\\/\\\/www.immobilienbusiness.ch\\\/wp-content\\\/uploads\\\/2026\\\/04\\\/Hermitage-scaled.png\",\"datePublished\":\"2026-04-29T06:39:14+00:00\",\"description\":\"Herzog & de Meuron planen am Vierwaldst\u00e4ttersee 100 Hotelzimmer, 36 Wohnungen und einen Park. Realisierung fr\u00fchestens Anfang n\u00e4chsten Jahrzehnts.\",\"breadcrumb\":{\"@id\":\"https:\\\/\\\/www.immobilienbusiness.ch\\\/regionen\\\/2026-04-29\\\/luzern-neue-plaene-fuer-hermitage-areal\\\/#breadcrumb\"},\"inLanguage\":\"fr-FR\",\"potentialAction\":[{\"@type\":\"ReadAction\",\"target\":[\"https:\\\/\\\/www.immobilienbusiness.ch\\\/regionen\\\/2026-04-29\\\/luzern-neue-plaene-fuer-hermitage-areal\\\/\"]}]},{\"@type\":\"ImageObject\",\"inLanguage\":\"fr-FR\",\"@id\":\"https:\\\/\\\/www.immobilienbusiness.ch\\\/regionen\\\/2026-04-29\\\/luzern-neue-plaene-fuer-hermitage-areal\\\/#primaryimage\",\"url\":\"https:\\\/\\\/www.immobilienbusiness.ch\\\/wp-content\\\/uploads\\\/2026\\\/04\\\/Hermitage-scaled.png\",\"contentUrl\":\"https:\\\/\\\/www.immobilienbusiness.ch\\\/wp-content\\\/uploads\\\/2026\\\/04\\\/Hermitage-scaled.png\",\"width\":1200,\"height\":712,\"caption\":\"Es liegt ein neuer Gestaltungsplan f\u00fcr das Projekt \u00abNew Hermitage\u00bb vor (Visualisierung: Hermitage Lake Lucerne AG)\"},{\"@type\":\"BreadcrumbList\",\"@id\":\"https:\\\/\\\/www.immobilienbusiness.ch\\\/regionen\\\/2026-04-29\\\/luzern-neue-plaene-fuer-hermitage-areal\\\/#breadcrumb\",\"itemListElement\":[{\"@type\":\"ListItem\",\"position\":1,\"name\":\"Home\",\"item\":\"https:\\\/\\\/www.immobilienbusiness.ch\\\/\"},{\"@type\":\"ListItem\",\"position\":2,\"name\":\"Luzern: Neue Pl\u00e4ne f\u00fcr Hermitage-Areal\"}]},{\"@type\":\"WebSite\",\"@id\":\"https:\\\/\\\/www.immobilienbusiness.ch\\\/#website\",\"url\":\"https:\\\/\\\/www.immobilienbusiness.ch\\\/\",\"name\":\"IMMOBILIEN Business\",\"description\":\"Unabh\u00e4ngiges Schweizer Wirtschaftsmagazin mit Fokus auf Immobilien, Architektur- und Bau sowie Investment- und Finanzierung.\",\"publisher\":{\"@id\":\"https:\\\/\\\/www.immobilienbusiness.ch\\\/#organization\"},\"potentialAction\":[{\"@type\":\"SearchAction\",\"target\":{\"@type\":\"EntryPoint\",\"urlTemplate\":\"https:\\\/\\\/www.immobilienbusiness.ch\\\/?s={search_term_string}\"},\"query-input\":{\"@type\":\"PropertyValueSpecification\",\"valueRequired\":true,\"valueName\":\"search_term_string\"}}],\"inLanguage\":\"fr-FR\"},{\"@type\":\"Organization\",\"@id\":\"https:\\\/\\\/www.immobilienbusiness.ch\\\/#organization\",\"name\":\"IMMOBILIEN Business\",\"url\":\"https:\\\/\\\/www.immobilienbusiness.ch\\\/\",\"logo\":{\"@type\":\"ImageObject\",\"inLanguage\":\"fr-FR\",\"@id\":\"https:\\\/\\\/www.immobilienbusiness.ch\\\/#\\\/schema\\\/logo\\\/image\\\/\",\"url\":\"https:\\\/\\\/www.immobilienbusiness.ch\\\/wp-content\\\/uploads\\\/2021\\\/07\\\/logo_ib.png\",\"contentUrl\":\"https:\\\/\\\/www.immobilienbusiness.ch\\\/wp-content\\\/uploads\\\/2021\\\/07\\\/logo_ib.png\",\"width\":800,\"height\":181,\"caption\":\"IMMOBILIEN Business\"},\"image\":{\"@id\":\"https:\\\/\\\/www.immobilienbusiness.ch\\\/#\\\/schema\\\/logo\\\/image\\\/\"},\"sameAs\":[\"https:\\\/\\\/www.facebook.com\\\/immobilienbusiness\\\/\"]},{\"@type\":\"Person\",\"@id\":\"https:\\\/\\\/www.immobilienbusiness.ch\\\/#\\\/schema\\\/person\\\/aba8bea2db926aa0c24c08c43fe1fcd5\",\"name\":\"Alexander Wachter\",\"image\":{\"@type\":\"ImageObject\",\"inLanguage\":\"fr-FR\",\"@id\":\"https:\\\/\\\/secure.gravatar.com\\\/avatar\\\/1a09e471f5389b0e0a6416eac287e0927c7c97a7b77f9e787eba3af7aee281dd?s=96&d=mm&r=g\",\"url\":\"https:\\\/\\\/secure.gravatar.com\\\/avatar\\\/1a09e471f5389b0e0a6416eac287e0927c7c97a7b77f9e787eba3af7aee281dd?s=96&d=mm&r=g\",\"contentUrl\":\"https:\\\/\\\/secure.gravatar.com\\\/avatar\\\/1a09e471f5389b0e0a6416eac287e0927c7c97a7b77f9e787eba3af7aee281dd?s=96&d=mm&r=g\",\"caption\":\"Alexander Wachter\"},\"url\":\"https:\\\/\\\/www.immobilienbusiness.ch\\\/fr\\\/author\\\/alexander-wachter\\\/\"}]}<\/script>\n<!-- \/ Yoast SEO plugin. -->","yoast_head_json":{"title":"Luzern: Neue Pl\u00e4ne f\u00fcr Hermitage-Areal - IMMOBILIEN Business","description":"Herzog & de Meuron planen am Vierwaldst\u00e4ttersee 100 Hotelzimmer, 36 Wohnungen und einen Park. Realisierung fr\u00fchestens Anfang n\u00e4chsten Jahrzehnts.","robots":{"index":"index","follow":"follow","max-snippet":"max-snippet:-1","max-image-preview":"max-image-preview:large","max-video-preview":"max-video-preview:-1"},"canonical":"https:\/\/www.immobilienbusiness.ch\/fr\/regionen\/2026-04-29\/luzern-neue-plaene-fuer-hermitage-areal\/","og_locale":"fr_FR","og_type":"article","og_title":"Luzern: Neue Pl\u00e4ne f\u00fcr Hermitage-Areal - IMMOBILIEN Business","og_description":"Herzog & de Meuron planen am Vierwaldst\u00e4ttersee 100 Hotelzimmer, 36 Wohnungen und einen Park. Realisierung fr\u00fchestens Anfang n\u00e4chsten Jahrzehnts.","og_url":"https:\/\/www.immobilienbusiness.ch\/fr\/regionen\/2026-04-29\/luzern-neue-plaene-fuer-hermitage-areal\/","og_site_name":"IMMOBILIEN Business","article_publisher":"https:\/\/www.facebook.com\/immobilienbusiness\/","article_published_time":"2026-04-29T06:39:14+00:00","og_image":[{"width":1200,"height":712,"url":"https:\/\/www.immobilienbusiness.ch\/wp-content\/uploads\/2026\/04\/Hermitage-scaled.png","type":"image\/png"}],"author":"Alexander Wachter","twitter_card":"summary_large_image","schema":{"@context":"https:\/\/schema.org","@graph":[{"@type":"Article","@id":"https:\/\/www.immobilienbusiness.ch\/regionen\/2026-04-29\/luzern-neue-plaene-fuer-hermitage-areal\/#article","isPartOf":{"@id":"https:\/\/www.immobilienbusiness.ch\/regionen\/2026-04-29\/luzern-neue-plaene-fuer-hermitage-areal\/"},"author":{"name":"Alexander Wachter","@id":"https:\/\/www.immobilienbusiness.ch\/#\/schema\/person\/aba8bea2db926aa0c24c08c43fe1fcd5"},"headline":"Luzern: Neue Pl\u00e4ne f\u00fcr Hermitage-Areal","datePublished":"2026-04-29T06:39:14+00:00","mainEntityOfPage":{"@id":"https:\/\/www.immobilienbusiness.ch\/regionen\/2026-04-29\/luzern-neue-plaene-fuer-hermitage-areal\/"},"wordCount":465,"publisher":{"@id":"https:\/\/www.immobilienbusiness.ch\/#organization"},"image":{"@id":"https:\/\/www.immobilienbusiness.ch\/regionen\/2026-04-29\/luzern-neue-plaene-fuer-hermitage-areal\/#primaryimage"},"thumbnailUrl":"https:\/\/www.immobilienbusiness.ch\/wp-content\/uploads\/2026\/04\/Hermitage-scaled.png","articleSection":["REGIONEN"],"inLanguage":"fr-FR"},{"@type":"WebPage","@id":"https:\/\/www.immobilienbusiness.ch\/regionen\/2026-04-29\/luzern-neue-plaene-fuer-hermitage-areal\/","url":"https:\/\/www.immobilienbusiness.ch\/regionen\/2026-04-29\/luzern-neue-plaene-fuer-hermitage-areal\/","name":"Luzern: Neue Pl\u00e4ne f\u00fcr Hermitage-Areal - IMMOBILIEN Business","isPartOf":{"@id":"https:\/\/www.immobilienbusiness.ch\/#website"},"primaryImageOfPage":{"@id":"https:\/\/www.immobilienbusiness.ch\/regionen\/2026-04-29\/luzern-neue-plaene-fuer-hermitage-areal\/#primaryimage"},"image":{"@id":"https:\/\/www.immobilienbusiness.ch\/regionen\/2026-04-29\/luzern-neue-plaene-fuer-hermitage-areal\/#primaryimage"},"thumbnailUrl":"https:\/\/www.immobilienbusiness.ch\/wp-content\/uploads\/2026\/04\/Hermitage-scaled.png","datePublished":"2026-04-29T06:39:14+00:00","description":"Herzog & de Meuron planen am Vierwaldst\u00e4ttersee 100 Hotelzimmer, 36 Wohnungen und einen Park. Realisierung fr\u00fchestens Anfang n\u00e4chsten Jahrzehnts.","breadcrumb":{"@id":"https:\/\/www.immobilienbusiness.ch\/regionen\/2026-04-29\/luzern-neue-plaene-fuer-hermitage-areal\/#breadcrumb"},"inLanguage":"fr-FR","potentialAction":[{"@type":"ReadAction","target":["https:\/\/www.immobilienbusiness.ch\/regionen\/2026-04-29\/luzern-neue-plaene-fuer-hermitage-areal\/"]}]},{"@type":"ImageObject","inLanguage":"fr-FR","@id":"https:\/\/www.immobilienbusiness.ch\/regionen\/2026-04-29\/luzern-neue-plaene-fuer-hermitage-areal\/#primaryimage","url":"https:\/\/www.immobilienbusiness.ch\/wp-content\/uploads\/2026\/04\/Hermitage-scaled.png","contentUrl":"https:\/\/www.immobilienbusiness.ch\/wp-content\/uploads\/2026\/04\/Hermitage-scaled.png","width":1200,"height":712,"caption":"Es liegt ein neuer Gestaltungsplan f\u00fcr das Projekt \u00abNew Hermitage\u00bb vor (Visualisierung: Hermitage Lake Lucerne AG)"},{"@type":"BreadcrumbList","@id":"https:\/\/www.immobilienbusiness.ch\/regionen\/2026-04-29\/luzern-neue-plaene-fuer-hermitage-areal\/#breadcrumb","itemListElement":[{"@type":"ListItem","position":1,"name":"Home","item":"https:\/\/www.immobilienbusiness.ch\/"},{"@type":"ListItem","position":2,"name":"Luzern: Neue Pl\u00e4ne f\u00fcr Hermitage-Areal"}]},{"@type":"WebSite","@id":"https:\/\/www.immobilienbusiness.ch\/#website","url":"https:\/\/www.immobilienbusiness.ch\/","name":"IMMOBILIER Business","description":"Magazine \u00e9conomique suisse ind\u00e9pendant ax\u00e9 sur l'immobilier, l'architecture et la construction ainsi que sur les investissements et le financement.","publisher":{"@id":"https:\/\/www.immobilienbusiness.ch\/#organization"},"potentialAction":[{"@type":"SearchAction","target":{"@type":"EntryPoint","urlTemplate":"https:\/\/www.immobilienbusiness.ch\/?s={search_term_string}"},"query-input":{"@type":"PropertyValueSpecification","valueRequired":true,"valueName":"search_term_string"}}],"inLanguage":"fr-FR"},{"@type":"Organization","@id":"https:\/\/www.immobilienbusiness.ch\/#organization","name":"IMMOBILIER Business","url":"https:\/\/www.immobilienbusiness.ch\/","logo":{"@type":"ImageObject","inLanguage":"fr-FR","@id":"https:\/\/www.immobilienbusiness.ch\/#\/schema\/logo\/image\/","url":"https:\/\/www.immobilienbusiness.ch\/wp-content\/uploads\/2021\/07\/logo_ib.png","contentUrl":"https:\/\/www.immobilienbusiness.ch\/wp-content\/uploads\/2021\/07\/logo_ib.png","width":800,"height":181,"caption":"IMMOBILIEN Business"},"image":{"@id":"https:\/\/www.immobilienbusiness.ch\/#\/schema\/logo\/image\/"},"sameAs":["https:\/\/www.facebook.com\/immobilienbusiness\/"]},{"@type":"Person","@id":"https:\/\/www.immobilienbusiness.ch\/#\/schema\/person\/aba8bea2db926aa0c24c08c43fe1fcd5","name":"Alexander Wachter","image":{"@type":"ImageObject","inLanguage":"fr-FR","@id":"https:\/\/secure.gravatar.com\/avatar\/1a09e471f5389b0e0a6416eac287e0927c7c97a7b77f9e787eba3af7aee281dd?s=96&d=mm&r=g","url":"https:\/\/secure.gravatar.com\/avatar\/1a09e471f5389b0e0a6416eac287e0927c7c97a7b77f9e787eba3af7aee281dd?s=96&d=mm&r=g","contentUrl":"https:\/\/secure.gravatar.com\/avatar\/1a09e471f5389b0e0a6416eac287e0927c7c97a7b77f9e787eba3af7aee281dd?s=96&d=mm&r=g","caption":"Alexander Wachter"},"url":"https:\/\/www.immobilienbusiness.ch\/fr\/author\/alexander-wachter\/"}]}},"_links":{"self":[{"href":"https:\/\/www.immobilienbusiness.ch\/fr\/wp-json\/wp\/v2\/posts\/68338","targetHints":{"allow":["GET"]}}],"collection":[{"href":"https:\/\/www.immobilienbusiness.ch\/fr\/wp-json\/wp\/v2\/posts"}],"about":[{"href":"https:\/\/www.immobilienbusiness.ch\/fr\/wp-json\/wp\/v2\/types\/post"}],"author":[{"embeddable":true,"href":"https:\/\/www.immobilienbusiness.ch\/fr\/wp-json\/wp\/v2\/users\/102"}],"replies":[{"embeddable":true,"href":"https:\/\/www.immobilienbusiness.ch\/fr\/wp-json\/wp\/v2\/comments?post=68338"}],"version-history":[{"count":1,"href":"https:\/\/www.immobilienbusiness.ch\/fr\/wp-json\/wp\/v2\/posts\/68338\/revisions"}],"predecessor-version":[{"id":68340,"href":"https:\/\/www.immobilienbusiness.ch\/fr\/wp-json\/wp\/v2\/posts\/68338\/revisions\/68340"}],"wp:featuredmedia":[{"embeddable":true,"href":"https:\/\/www.immobilienbusiness.ch\/fr\/wp-json\/wp\/v2\/media\/68339"}],"wp:attachment":[{"href":"https:\/\/www.immobilienbusiness.ch\/fr\/wp-json\/wp\/v2\/media?parent=68338"}],"wp:term":[{"taxonomy":"category","embeddable":true,"href":"https:\/\/www.immobilienbusiness.ch\/fr\/wp-json\/wp\/v2\/categories?post=68338"},{"taxonomy":"post_tag","embeddable":true,"href":"https:\/\/www.immobilienbusiness.ch\/fr\/wp-json\/wp\/v2\/tags?post=68338"}],"curies":[{"name":"wp","href":"https:\/\/api.w.org\/{rel}","templated":true}]}}