{"id":68300,"date":"2026-04-27T08:15:45","date_gmt":"2026-04-27T06:15:45","guid":{"rendered":"https:\/\/www.immobilienbusiness.ch\/?p=68300"},"modified":"2026-04-30T10:25:52","modified_gmt":"2026-04-30T08:25:52","slug":"buchrain-patrimonium-ast-kauft-seniorenwohn-projekt","status":"publish","type":"post","link":"https:\/\/www.immobilienbusiness.ch\/fr\/regionen\/2026-04-27\/buchrain-patrimonium-ast-kauft-seniorenwohn-projekt\/","title":{"rendered":"Buchrain : Patrimonium AST ach\u00e8te un projet de r\u00e9sidence pour seniors"},"content":{"rendered":"<figure id=\"attachment_68304\" aria-describedby=\"caption-attachment-68304\" style=\"width: 768px\" class=\"wp-caption alignnone\"><a href=\"https:\/\/www.immobilienbusiness.ch\/wp-content\/uploads\/2026\/04\/Patrimonium-Buchrain.png\"><img loading=\"lazy\" decoding=\"async\" class=\"size-large wp-image-68304\" src=\"https:\/\/www.immobilienbusiness.ch\/wp-content\/uploads\/2026\/04\/Patrimonium-Buchrain-1024x563.png\" alt=\"\" width=\"768\" height=\"422\" srcset=\"https:\/\/www.immobilienbusiness.ch\/wp-content\/uploads\/2026\/04\/Patrimonium-Buchrain-1024x563.png 1024w, https:\/\/www.immobilienbusiness.ch\/wp-content\/uploads\/2026\/04\/Patrimonium-Buchrain-300x165.png 300w, https:\/\/www.immobilienbusiness.ch\/wp-content\/uploads\/2026\/04\/Patrimonium-Buchrain-768x422.png 768w, https:\/\/www.immobilienbusiness.ch\/wp-content\/uploads\/2026\/04\/Patrimonium-Buchrain-18x10.png 18w, https:\/\/www.immobilienbusiness.ch\/wp-content\/uploads\/2026\/04\/Patrimonium-Buchrain-375x206.png 375w, https:\/\/www.immobilienbusiness.ch\/wp-content\/uploads\/2026\/04\/Patrimonium-Buchrain-637x350.png 637w, https:\/\/www.immobilienbusiness.ch\/wp-content\/uploads\/2026\/04\/Patrimonium-Buchrain-1000x550.png 1000w, https:\/\/www.immobilienbusiness.ch\/wp-content\/uploads\/2026\/04\/Patrimonium-Buchrain.png 1039w\" sizes=\"auto, (max-width: 768px) 100vw, 768px\" \/><\/a><figcaption id=\"caption-attachment-68304\" class=\"wp-caption-text\">Patrimonium AST a acquis un immeuble de sant\u00e9 \u00e0 Buchrain (Visualisation : zVg)<\/figcaption><\/figure>\n<p>Le groupe de placement Immobilier de sant\u00e9 Suisse de la fondation de placement Patrimonium a r\u00e9alis\u00e9 un investissement d'un volume d'environ 33,1 millions de CHF dans le d\u00e9veloppement d'un centre pour seniors au centre de Buchrain (LU). Sur l'ancienne Tschannwiese, Oase Buchrain est un centre pour personnes \u00e2g\u00e9es avec des logements accompagn\u00e9s et des offres de soins, qui doit combler une lacune existante dans la r\u00e9gion en mati\u00e8re de soins.<\/p>\n<p>Le projet comprend 48 places de soins ainsi que 40 appartements pour seniors accessibles avec des unit\u00e9s de 1,5, 2,5 et 3,5 pi\u00e8ces. Le concept d'habitat et d'accompagnement combine une vie autonome avec des services de soins et d'aide \u00e0 domicile disponibles 24 heures sur 24. L'offre est compl\u00e9t\u00e9e par un restaurant public, des salles communes et de fitness, de la physioth\u00e9rapie ainsi que d'autres services li\u00e9s \u00e0 la sant\u00e9.<\/p>\n<h3>En construction depuis mars<\/h3>\n<p>La construction a officiellement commenc\u00e9 le 20 mars. La mise en service du centre pour personnes \u00e2g\u00e9es est pr\u00e9vue pour le printemps 2028. \u00abLe projet est r\u00e9alis\u00e9 en droit de superficie sur une parcelle situ\u00e9e au centre de la ville et profite d'une tr\u00e8s bonne accessibilit\u00e9 ainsi que d'une forte demande d'offres d'habitat et de soins adapt\u00e9s aux personnes \u00e2g\u00e9es dans la r\u00e9gion de Lucerne\u00bb, \u00e9crit la fondation de placement. \u00abNous nous r\u00e9jouissons de la livraison de ce projet qui marque le d\u00e9but d'une collaboration entre la fondation de placement Patrimonium et l'exploitant Oase Group\u00bb, d\u00e9clare Vivian Moreau, gestionnaire de portefeuille.<\/p>\n<p>Apr\u00e8s cette acquisition, la valeur v\u00e9nale du portefeuille du groupe de placement s'\u00e9l\u00e8ve \u00e0 plus de 600 millions de CHF.<\/p>","protected":false},"excerpt":{"rendered":"<p>Un projet comprenant 40 appartements pour seniors et 48 places de soins est en cours de r\u00e9alisation \u00e0 Buchrain (LU). L'exploitant est le groupe Oase.<\/p>","protected":false},"author":102,"featured_media":68304,"comment_status":"closed","ping_status":"closed","sticky":false,"template":"","format":"standard","meta":{"_acf_changed":false,"_yoast_wpseo_focuskw":"Buchrain","_yoast_wpseo_title":"","_yoast_wpseo_metadesc":"In Buchrain (LU) entsteht ein Projekt mit 40 Seniorenwohnungen und 48 Pflegepl\u00e4tzen. Betreiberin ist die Oase-Gruppe.","_yoast_wpseo_linkdex":75,"pgc_sgb_lightbox_settings":"","footnotes":""},"categories":[985],"tags":[1028,2848,1269,1414,1958,4436,2472,2106,1690],"class_list":["post-68300","post","type-post","status-publish","format-standard","has-post-thumbnail","hentry","category-regionen","tag-anlagegruppe","tag-buchrain","tag-gesundheitsimmobilien","tag-kauf","tag-lu","tag-patrimonium-ast","tag-pflege","tag-seniorenimmobilie","tag-serviced-apartments"],"acf":[],"yoast_head":"<!-- This site is optimized with the Yoast SEO plugin v27.5 - https:\/\/yoast.com\/product\/yoast-seo-wordpress\/ -->\n<title>Buchrain: Patrimonium AST kauft Seniorenwohn-Projekt - IMMOBILIEN Business<\/title>\n<meta name=\"description\" content=\"In Buchrain (LU) entsteht ein Projekt mit 40 Seniorenwohnungen und 48 Pflegepl\u00e4tzen. Betreiberin ist die Oase-Gruppe.\" \/>\n<meta name=\"robots\" content=\"index, follow, max-snippet:-1, max-image-preview:large, max-video-preview:-1\" \/>\n<link rel=\"canonical\" href=\"https:\/\/www.immobilienbusiness.ch\/fr\/regionen\/2026-04-27\/buchrain-patrimonium-ast-kauft-seniorenwohn-projekt\/\" \/>\n<meta property=\"og:locale\" content=\"fr_FR\" \/>\n<meta property=\"og:type\" content=\"article\" \/>\n<meta property=\"og:title\" content=\"Buchrain: Patrimonium AST kauft Seniorenwohn-Projekt - IMMOBILIEN Business\" \/>\n<meta property=\"og:description\" content=\"In Buchrain (LU) entsteht ein Projekt mit 40 Seniorenwohnungen und 48 Pflegepl\u00e4tzen. Betreiberin ist die Oase-Gruppe.\" \/>\n<meta property=\"og:url\" content=\"https:\/\/www.immobilienbusiness.ch\/fr\/regionen\/2026-04-27\/buchrain-patrimonium-ast-kauft-seniorenwohn-projekt\/\" \/>\n<meta property=\"og:site_name\" content=\"IMMOBILIEN Business\" \/>\n<meta property=\"article:publisher\" content=\"https:\/\/www.facebook.com\/immobilienbusiness\/\" \/>\n<meta property=\"article:published_time\" content=\"2026-04-27T06:15:45+00:00\" \/>\n<meta property=\"article:modified_time\" content=\"2026-04-30T08:25:52+00:00\" \/>\n<meta property=\"og:image\" content=\"https:\/\/www.immobilienbusiness.ch\/wp-content\/uploads\/2026\/04\/Patrimonium-Buchrain.png\" \/>\n\t<meta property=\"og:image:width\" content=\"1039\" \/>\n\t<meta property=\"og:image:height\" content=\"571\" \/>\n\t<meta property=\"og:image:type\" content=\"image\/png\" \/>\n<meta name=\"author\" content=\"Alexander Wachter\" \/>\n<meta name=\"twitter:card\" content=\"summary_large_image\" \/>\n<script type=\"application\/ld+json\" class=\"yoast-schema-graph\">{\"@context\":\"https:\\\/\\\/schema.org\",\"@graph\":[{\"@type\":\"Article\",\"@id\":\"https:\\\/\\\/www.immobilienbusiness.ch\\\/regionen\\\/2026-04-27\\\/buchrain-patrimonium-ast-kauft-seniorenwohn-projekt\\\/#article\",\"isPartOf\":{\"@id\":\"https:\\\/\\\/www.immobilienbusiness.ch\\\/regionen\\\/2026-04-27\\\/buchrain-patrimonium-ast-kauft-seniorenwohn-projekt\\\/\"},\"author\":{\"name\":\"Alexander Wachter\",\"@id\":\"https:\\\/\\\/www.immobilienbusiness.ch\\\/#\\\/schema\\\/person\\\/aba8bea2db926aa0c24c08c43fe1fcd5\"},\"headline\":\"Buchrain: Patrimonium AST kauft Seniorenwohn-Projekt\",\"datePublished\":\"2026-04-27T06:15:45+00:00\",\"dateModified\":\"2026-04-30T08:25:52+00:00\",\"mainEntityOfPage\":{\"@id\":\"https:\\\/\\\/www.immobilienbusiness.ch\\\/regionen\\\/2026-04-27\\\/buchrain-patrimonium-ast-kauft-seniorenwohn-projekt\\\/\"},\"wordCount\":227,\"publisher\":{\"@id\":\"https:\\\/\\\/www.immobilienbusiness.ch\\\/#organization\"},\"image\":{\"@id\":\"https:\\\/\\\/www.immobilienbusiness.ch\\\/regionen\\\/2026-04-27\\\/buchrain-patrimonium-ast-kauft-seniorenwohn-projekt\\\/#primaryimage\"},\"thumbnailUrl\":\"https:\\\/\\\/www.immobilienbusiness.ch\\\/wp-content\\\/uploads\\\/2026\\\/04\\\/Patrimonium-Buchrain.png\",\"keywords\":[\"Anlagegruppe\",\"Buchrain\",\"Gesundheitsimmobilien\",\"Kauf\",\"LU\",\"Patrimonium AST\",\"Pflege\",\"Seniorenimmobilie\",\"Serviced Apartments\"],\"articleSection\":[\"REGIONEN\"],\"inLanguage\":\"fr-FR\"},{\"@type\":\"WebPage\",\"@id\":\"https:\\\/\\\/www.immobilienbusiness.ch\\\/regionen\\\/2026-04-27\\\/buchrain-patrimonium-ast-kauft-seniorenwohn-projekt\\\/\",\"url\":\"https:\\\/\\\/www.immobilienbusiness.ch\\\/regionen\\\/2026-04-27\\\/buchrain-patrimonium-ast-kauft-seniorenwohn-projekt\\\/\",\"name\":\"Buchrain: Patrimonium AST kauft Seniorenwohn-Projekt - IMMOBILIEN Business\",\"isPartOf\":{\"@id\":\"https:\\\/\\\/www.immobilienbusiness.ch\\\/#website\"},\"primaryImageOfPage\":{\"@id\":\"https:\\\/\\\/www.immobilienbusiness.ch\\\/regionen\\\/2026-04-27\\\/buchrain-patrimonium-ast-kauft-seniorenwohn-projekt\\\/#primaryimage\"},\"image\":{\"@id\":\"https:\\\/\\\/www.immobilienbusiness.ch\\\/regionen\\\/2026-04-27\\\/buchrain-patrimonium-ast-kauft-seniorenwohn-projekt\\\/#primaryimage\"},\"thumbnailUrl\":\"https:\\\/\\\/www.immobilienbusiness.ch\\\/wp-content\\\/uploads\\\/2026\\\/04\\\/Patrimonium-Buchrain.png\",\"datePublished\":\"2026-04-27T06:15:45+00:00\",\"dateModified\":\"2026-04-30T08:25:52+00:00\",\"description\":\"In Buchrain (LU) entsteht ein Projekt mit 40 Seniorenwohnungen und 48 Pflegepl\u00e4tzen. Betreiberin ist die Oase-Gruppe.\",\"breadcrumb\":{\"@id\":\"https:\\\/\\\/www.immobilienbusiness.ch\\\/regionen\\\/2026-04-27\\\/buchrain-patrimonium-ast-kauft-seniorenwohn-projekt\\\/#breadcrumb\"},\"inLanguage\":\"fr-FR\",\"potentialAction\":[{\"@type\":\"ReadAction\",\"target\":[\"https:\\\/\\\/www.immobilienbusiness.ch\\\/regionen\\\/2026-04-27\\\/buchrain-patrimonium-ast-kauft-seniorenwohn-projekt\\\/\"]}]},{\"@type\":\"ImageObject\",\"inLanguage\":\"fr-FR\",\"@id\":\"https:\\\/\\\/www.immobilienbusiness.ch\\\/regionen\\\/2026-04-27\\\/buchrain-patrimonium-ast-kauft-seniorenwohn-projekt\\\/#primaryimage\",\"url\":\"https:\\\/\\\/www.immobilienbusiness.ch\\\/wp-content\\\/uploads\\\/2026\\\/04\\\/Patrimonium-Buchrain.png\",\"contentUrl\":\"https:\\\/\\\/www.immobilienbusiness.ch\\\/wp-content\\\/uploads\\\/2026\\\/04\\\/Patrimonium-Buchrain.png\",\"width\":1039,\"height\":571,\"caption\":\"Die Patrimonium AST hat eine Gesundheitsimmobilie in Buchrain erworben (Visualisierung: zVg)\"},{\"@type\":\"BreadcrumbList\",\"@id\":\"https:\\\/\\\/www.immobilienbusiness.ch\\\/regionen\\\/2026-04-27\\\/buchrain-patrimonium-ast-kauft-seniorenwohn-projekt\\\/#breadcrumb\",\"itemListElement\":[{\"@type\":\"ListItem\",\"position\":1,\"name\":\"Home\",\"item\":\"https:\\\/\\\/www.immobilienbusiness.ch\\\/\"},{\"@type\":\"ListItem\",\"position\":2,\"name\":\"Buchrain: Patrimonium AST kauft Seniorenwohn-Projekt\"}]},{\"@type\":\"WebSite\",\"@id\":\"https:\\\/\\\/www.immobilienbusiness.ch\\\/#website\",\"url\":\"https:\\\/\\\/www.immobilienbusiness.ch\\\/\",\"name\":\"IMMOBILIEN Business\",\"description\":\"Unabh\u00e4ngiges Schweizer Wirtschaftsmagazin mit Fokus auf Immobilien, Architektur- und Bau sowie Investment- und Finanzierung.\",\"publisher\":{\"@id\":\"https:\\\/\\\/www.immobilienbusiness.ch\\\/#organization\"},\"potentialAction\":[{\"@type\":\"SearchAction\",\"target\":{\"@type\":\"EntryPoint\",\"urlTemplate\":\"https:\\\/\\\/www.immobilienbusiness.ch\\\/?s={search_term_string}\"},\"query-input\":{\"@type\":\"PropertyValueSpecification\",\"valueRequired\":true,\"valueName\":\"search_term_string\"}}],\"inLanguage\":\"fr-FR\"},{\"@type\":\"Organization\",\"@id\":\"https:\\\/\\\/www.immobilienbusiness.ch\\\/#organization\",\"name\":\"IMMOBILIEN Business\",\"url\":\"https:\\\/\\\/www.immobilienbusiness.ch\\\/\",\"logo\":{\"@type\":\"ImageObject\",\"inLanguage\":\"fr-FR\",\"@id\":\"https:\\\/\\\/www.immobilienbusiness.ch\\\/#\\\/schema\\\/logo\\\/image\\\/\",\"url\":\"https:\\\/\\\/www.immobilienbusiness.ch\\\/wp-content\\\/uploads\\\/2021\\\/07\\\/logo_ib.png\",\"contentUrl\":\"https:\\\/\\\/www.immobilienbusiness.ch\\\/wp-content\\\/uploads\\\/2021\\\/07\\\/logo_ib.png\",\"width\":800,\"height\":181,\"caption\":\"IMMOBILIEN Business\"},\"image\":{\"@id\":\"https:\\\/\\\/www.immobilienbusiness.ch\\\/#\\\/schema\\\/logo\\\/image\\\/\"},\"sameAs\":[\"https:\\\/\\\/www.facebook.com\\\/immobilienbusiness\\\/\"]},{\"@type\":\"Person\",\"@id\":\"https:\\\/\\\/www.immobilienbusiness.ch\\\/#\\\/schema\\\/person\\\/aba8bea2db926aa0c24c08c43fe1fcd5\",\"name\":\"Alexander Wachter\",\"image\":{\"@type\":\"ImageObject\",\"inLanguage\":\"fr-FR\",\"@id\":\"https:\\\/\\\/secure.gravatar.com\\\/avatar\\\/1a09e471f5389b0e0a6416eac287e0927c7c97a7b77f9e787eba3af7aee281dd?s=96&d=mm&r=g\",\"url\":\"https:\\\/\\\/secure.gravatar.com\\\/avatar\\\/1a09e471f5389b0e0a6416eac287e0927c7c97a7b77f9e787eba3af7aee281dd?s=96&d=mm&r=g\",\"contentUrl\":\"https:\\\/\\\/secure.gravatar.com\\\/avatar\\\/1a09e471f5389b0e0a6416eac287e0927c7c97a7b77f9e787eba3af7aee281dd?s=96&d=mm&r=g\",\"caption\":\"Alexander Wachter\"},\"url\":\"https:\\\/\\\/www.immobilienbusiness.ch\\\/fr\\\/author\\\/alexander-wachter\\\/\"}]}<\/script>\n<!-- \/ Yoast SEO plugin. -->","yoast_head_json":{"title":"Buchrain: Patrimonium AST kauft Seniorenwohn-Projekt - IMMOBILIEN Business","description":"Un projet comprenant 40 appartements pour seniors et 48 places de soins est en cours de r\u00e9alisation \u00e0 Buchrain (LU). L'exploitant est le groupe Oase.","robots":{"index":"index","follow":"follow","max-snippet":"max-snippet:-1","max-image-preview":"max-image-preview:large","max-video-preview":"max-video-preview:-1"},"canonical":"https:\/\/www.immobilienbusiness.ch\/fr\/regionen\/2026-04-27\/buchrain-patrimonium-ast-kauft-seniorenwohn-projekt\/","og_locale":"fr_FR","og_type":"article","og_title":"Buchrain: Patrimonium AST kauft Seniorenwohn-Projekt - IMMOBILIEN Business","og_description":"In Buchrain (LU) entsteht ein Projekt mit 40 Seniorenwohnungen und 48 Pflegepl\u00e4tzen. Betreiberin ist die Oase-Gruppe.","og_url":"https:\/\/www.immobilienbusiness.ch\/fr\/regionen\/2026-04-27\/buchrain-patrimonium-ast-kauft-seniorenwohn-projekt\/","og_site_name":"IMMOBILIEN Business","article_publisher":"https:\/\/www.facebook.com\/immobilienbusiness\/","article_published_time":"2026-04-27T06:15:45+00:00","article_modified_time":"2026-04-30T08:25:52+00:00","og_image":[{"width":1039,"height":571,"url":"https:\/\/www.immobilienbusiness.ch\/wp-content\/uploads\/2026\/04\/Patrimonium-Buchrain.png","type":"image\/png"}],"author":"Alexander Wachter","twitter_card":"summary_large_image","schema":{"@context":"https:\/\/schema.org","@graph":[{"@type":"Article","@id":"https:\/\/www.immobilienbusiness.ch\/regionen\/2026-04-27\/buchrain-patrimonium-ast-kauft-seniorenwohn-projekt\/#article","isPartOf":{"@id":"https:\/\/www.immobilienbusiness.ch\/regionen\/2026-04-27\/buchrain-patrimonium-ast-kauft-seniorenwohn-projekt\/"},"author":{"name":"Alexander Wachter","@id":"https:\/\/www.immobilienbusiness.ch\/#\/schema\/person\/aba8bea2db926aa0c24c08c43fe1fcd5"},"headline":"Buchrain: Patrimonium AST kauft Seniorenwohn-Projekt","datePublished":"2026-04-27T06:15:45+00:00","dateModified":"2026-04-30T08:25:52+00:00","mainEntityOfPage":{"@id":"https:\/\/www.immobilienbusiness.ch\/regionen\/2026-04-27\/buchrain-patrimonium-ast-kauft-seniorenwohn-projekt\/"},"wordCount":227,"publisher":{"@id":"https:\/\/www.immobilienbusiness.ch\/#organization"},"image":{"@id":"https:\/\/www.immobilienbusiness.ch\/regionen\/2026-04-27\/buchrain-patrimonium-ast-kauft-seniorenwohn-projekt\/#primaryimage"},"thumbnailUrl":"https:\/\/www.immobilienbusiness.ch\/wp-content\/uploads\/2026\/04\/Patrimonium-Buchrain.png","keywords":["Anlagegruppe","Buchrain","Gesundheitsimmobilien","Kauf","LU","Patrimonium AST","Pflege","Seniorenimmobilie","Serviced Apartments"],"articleSection":["REGIONEN"],"inLanguage":"fr-FR"},{"@type":"WebPage","@id":"https:\/\/www.immobilienbusiness.ch\/regionen\/2026-04-27\/buchrain-patrimonium-ast-kauft-seniorenwohn-projekt\/","url":"https:\/\/www.immobilienbusiness.ch\/regionen\/2026-04-27\/buchrain-patrimonium-ast-kauft-seniorenwohn-projekt\/","name":"Buchrain: Patrimonium AST kauft Seniorenwohn-Projekt - IMMOBILIEN Business","isPartOf":{"@id":"https:\/\/www.immobilienbusiness.ch\/#website"},"primaryImageOfPage":{"@id":"https:\/\/www.immobilienbusiness.ch\/regionen\/2026-04-27\/buchrain-patrimonium-ast-kauft-seniorenwohn-projekt\/#primaryimage"},"image":{"@id":"https:\/\/www.immobilienbusiness.ch\/regionen\/2026-04-27\/buchrain-patrimonium-ast-kauft-seniorenwohn-projekt\/#primaryimage"},"thumbnailUrl":"https:\/\/www.immobilienbusiness.ch\/wp-content\/uploads\/2026\/04\/Patrimonium-Buchrain.png","datePublished":"2026-04-27T06:15:45+00:00","dateModified":"2026-04-30T08:25:52+00:00","description":"Un projet comprenant 40 appartements pour seniors et 48 places de soins est en cours de r\u00e9alisation \u00e0 Buchrain (LU). L'exploitant est le groupe Oase.","breadcrumb":{"@id":"https:\/\/www.immobilienbusiness.ch\/regionen\/2026-04-27\/buchrain-patrimonium-ast-kauft-seniorenwohn-projekt\/#breadcrumb"},"inLanguage":"fr-FR","potentialAction":[{"@type":"ReadAction","target":["https:\/\/www.immobilienbusiness.ch\/regionen\/2026-04-27\/buchrain-patrimonium-ast-kauft-seniorenwohn-projekt\/"]}]},{"@type":"ImageObject","inLanguage":"fr-FR","@id":"https:\/\/www.immobilienbusiness.ch\/regionen\/2026-04-27\/buchrain-patrimonium-ast-kauft-seniorenwohn-projekt\/#primaryimage","url":"https:\/\/www.immobilienbusiness.ch\/wp-content\/uploads\/2026\/04\/Patrimonium-Buchrain.png","contentUrl":"https:\/\/www.immobilienbusiness.ch\/wp-content\/uploads\/2026\/04\/Patrimonium-Buchrain.png","width":1039,"height":571,"caption":"Die Patrimonium AST hat eine Gesundheitsimmobilie in Buchrain erworben (Visualisierung: zVg)"},{"@type":"BreadcrumbList","@id":"https:\/\/www.immobilienbusiness.ch\/regionen\/2026-04-27\/buchrain-patrimonium-ast-kauft-seniorenwohn-projekt\/#breadcrumb","itemListElement":[{"@type":"ListItem","position":1,"name":"Home","item":"https:\/\/www.immobilienbusiness.ch\/"},{"@type":"ListItem","position":2,"name":"Buchrain: Patrimonium AST kauft Seniorenwohn-Projekt"}]},{"@type":"WebSite","@id":"https:\/\/www.immobilienbusiness.ch\/#website","url":"https:\/\/www.immobilienbusiness.ch\/","name":"IMMOBILIER Business","description":"Magazine \u00e9conomique suisse ind\u00e9pendant ax\u00e9 sur l'immobilier, l'architecture et la construction ainsi que sur les investissements et le financement.","publisher":{"@id":"https:\/\/www.immobilienbusiness.ch\/#organization"},"potentialAction":[{"@type":"SearchAction","target":{"@type":"EntryPoint","urlTemplate":"https:\/\/www.immobilienbusiness.ch\/?s={search_term_string}"},"query-input":{"@type":"PropertyValueSpecification","valueRequired":true,"valueName":"search_term_string"}}],"inLanguage":"fr-FR"},{"@type":"Organization","@id":"https:\/\/www.immobilienbusiness.ch\/#organization","name":"IMMOBILIER Business","url":"https:\/\/www.immobilienbusiness.ch\/","logo":{"@type":"ImageObject","inLanguage":"fr-FR","@id":"https:\/\/www.immobilienbusiness.ch\/#\/schema\/logo\/image\/","url":"https:\/\/www.immobilienbusiness.ch\/wp-content\/uploads\/2021\/07\/logo_ib.png","contentUrl":"https:\/\/www.immobilienbusiness.ch\/wp-content\/uploads\/2021\/07\/logo_ib.png","width":800,"height":181,"caption":"IMMOBILIEN Business"},"image":{"@id":"https:\/\/www.immobilienbusiness.ch\/#\/schema\/logo\/image\/"},"sameAs":["https:\/\/www.facebook.com\/immobilienbusiness\/"]},{"@type":"Person","@id":"https:\/\/www.immobilienbusiness.ch\/#\/schema\/person\/aba8bea2db926aa0c24c08c43fe1fcd5","name":"Alexander Wachter","image":{"@type":"ImageObject","inLanguage":"fr-FR","@id":"https:\/\/secure.gravatar.com\/avatar\/1a09e471f5389b0e0a6416eac287e0927c7c97a7b77f9e787eba3af7aee281dd?s=96&d=mm&r=g","url":"https:\/\/secure.gravatar.com\/avatar\/1a09e471f5389b0e0a6416eac287e0927c7c97a7b77f9e787eba3af7aee281dd?s=96&d=mm&r=g","contentUrl":"https:\/\/secure.gravatar.com\/avatar\/1a09e471f5389b0e0a6416eac287e0927c7c97a7b77f9e787eba3af7aee281dd?s=96&d=mm&r=g","caption":"Alexander Wachter"},"url":"https:\/\/www.immobilienbusiness.ch\/fr\/author\/alexander-wachter\/"}]}},"_links":{"self":[{"href":"https:\/\/www.immobilienbusiness.ch\/fr\/wp-json\/wp\/v2\/posts\/68300","targetHints":{"allow":["GET"]}}],"collection":[{"href":"https:\/\/www.immobilienbusiness.ch\/fr\/wp-json\/wp\/v2\/posts"}],"about":[{"href":"https:\/\/www.immobilienbusiness.ch\/fr\/wp-json\/wp\/v2\/types\/post"}],"author":[{"embeddable":true,"href":"https:\/\/www.immobilienbusiness.ch\/fr\/wp-json\/wp\/v2\/users\/102"}],"replies":[{"embeddable":true,"href":"https:\/\/www.immobilienbusiness.ch\/fr\/wp-json\/wp\/v2\/comments?post=68300"}],"version-history":[{"count":5,"href":"https:\/\/www.immobilienbusiness.ch\/fr\/wp-json\/wp\/v2\/posts\/68300\/revisions"}],"predecessor-version":[{"id":68376,"href":"https:\/\/www.immobilienbusiness.ch\/fr\/wp-json\/wp\/v2\/posts\/68300\/revisions\/68376"}],"wp:featuredmedia":[{"embeddable":true,"href":"https:\/\/www.immobilienbusiness.ch\/fr\/wp-json\/wp\/v2\/media\/68304"}],"wp:attachment":[{"href":"https:\/\/www.immobilienbusiness.ch\/fr\/wp-json\/wp\/v2\/media?parent=68300"}],"wp:term":[{"taxonomy":"category","embeddable":true,"href":"https:\/\/www.immobilienbusiness.ch\/fr\/wp-json\/wp\/v2\/categories?post=68300"},{"taxonomy":"post_tag","embeddable":true,"href":"https:\/\/www.immobilienbusiness.ch\/fr\/wp-json\/wp\/v2\/tags?post=68300"}],"curies":[{"name":"wp","href":"https:\/\/api.w.org\/{rel}","templated":true}]}}