{"id":68297,"date":"2026-04-28T06:41:02","date_gmt":"2026-04-28T04:41:02","guid":{"rendered":"https:\/\/www.immobilienbusiness.ch\/?p=68297"},"modified":"2026-04-30T10:23:46","modified_gmt":"2026-04-30T08:23:46","slug":"au-sg-fortimo-kauft-grundstueck-fuer-wohnquartier","status":"publish","type":"post","link":"https:\/\/www.immobilienbusiness.ch\/fr\/regionen\/2026-04-28\/au-sg-fortimo-kauft-grundstueck-fuer-wohnquartier\/","title":{"rendered":"Au (SG) : Fortimo ach\u00e8te un terrain pour un quartier r\u00e9sidentiel"},"content":{"rendered":"<p>&nbsp;<\/p>\n<figure id=\"attachment_68298\" aria-describedby=\"caption-attachment-68298\" style=\"width: 649px\" class=\"wp-caption alignnone\"><a href=\"https:\/\/www.immobilienbusiness.ch\/wp-content\/uploads\/2026\/04\/Fortimo-Heerbrugg-SG-zVg.png\"><img loading=\"lazy\" decoding=\"async\" class=\"size-full wp-image-68298\" src=\"https:\/\/www.immobilienbusiness.ch\/wp-content\/uploads\/2026\/04\/Fortimo-Heerbrugg-SG-zVg.png\" alt=\"\" width=\"649\" height=\"322\" srcset=\"https:\/\/www.immobilienbusiness.ch\/wp-content\/uploads\/2026\/04\/Fortimo-Heerbrugg-SG-zVg.png 649w, https:\/\/www.immobilienbusiness.ch\/wp-content\/uploads\/2026\/04\/Fortimo-Heerbrugg-SG-zVg-300x149.png 300w, https:\/\/www.immobilienbusiness.ch\/wp-content\/uploads\/2026\/04\/Fortimo-Heerbrugg-SG-zVg-18x9.png 18w, https:\/\/www.immobilienbusiness.ch\/wp-content\/uploads\/2026\/04\/Fortimo-Heerbrugg-SG-zVg-375x186.png 375w\" sizes=\"auto, (max-width: 649px) 100vw, 649px\" \/><\/a><figcaption id=\"caption-attachment-68298\" class=\"wp-caption-text\">Un lotissement doit voir le jour \u00e0 Heerbrugg, un quartier d'Au (photo : Fortimo)<\/figcaption><\/figure>\n<p>Sterngarage.ch AG a vendu un terrain de plus de 14 400 m\u00b2 \u00e0 la Auerstrasse \u00e0 Au-Heerbrugg (SG) \u00e0 Fortimo Invest AG. Le concessionnaire automobile restera locataire du site actuel jusqu'\u00e0 l'ach\u00e8vement de son nouveau b\u00e2timent fin 2028. Ensuite, le site, compos\u00e9 de plusieurs parcelles individuelles, sera d\u00e9velopp\u00e9 en un quartier r\u00e9sidentiel moderne, selon Fortimo.<\/p>","protected":false},"excerpt":{"rendered":"<p>\u00c0 Heerbrugg, un quartier de la commune d'Au (SG), Fortimo veut d\u00e9velopper des immeubles d'habitation sur un terrain d'un peu plus de 14.000 m\u00b2 \u00e0 partir de 2028.<\/p>","protected":false},"author":102,"featured_media":68298,"comment_status":"closed","ping_status":"closed","sticky":false,"template":"","format":"standard","meta":{"_acf_changed":false,"_yoast_wpseo_focuskw":"Fortimo","_yoast_wpseo_title":"","_yoast_wpseo_metadesc":"In Heerbrugg, einem Gemeindeteil von Au (SG) will Fortimo von 2028 an Wohngeb\u00e4ude auf einem gut 14.000 qm grossen Areal entwickeln.","_yoast_wpseo_linkdex":51,"pgc_sgb_lightbox_settings":"","footnotes":""},"categories":[985],"tags":[2547,2186,2135,1600,1987,1830,1863],"class_list":["post-68297","post","type-post","status-publish","format-standard","has-post-thumbnail","hentry","category-regionen","tag-au","tag-fortimo","tag-grundstueck","tag-projekt-in-planung","tag-sg","tag-verkauf","tag-wohnimmobilien"],"acf":[],"yoast_head":"<!-- This site is optimized with the Yoast SEO plugin v27.5 - https:\/\/yoast.com\/product\/yoast-seo-wordpress\/ -->\n<title>Au (SG): Fortimo kauft Grundst\u00fcck f\u00fcr Wohnquartier - IMMOBILIEN Business<\/title>\n<meta name=\"description\" content=\"In Heerbrugg, einem Gemeindeteil von Au (SG) will Fortimo von 2028 an Wohngeb\u00e4ude auf einem gut 14.000 qm grossen Areal entwickeln.\" \/>\n<meta name=\"robots\" content=\"index, follow, max-snippet:-1, max-image-preview:large, max-video-preview:-1\" \/>\n<link rel=\"canonical\" href=\"https:\/\/www.immobilienbusiness.ch\/fr\/regionen\/2026-04-28\/au-sg-fortimo-kauft-grundstueck-fuer-wohnquartier\/\" \/>\n<meta property=\"og:locale\" content=\"fr_FR\" \/>\n<meta property=\"og:type\" content=\"article\" \/>\n<meta property=\"og:title\" content=\"Au (SG): Fortimo kauft Grundst\u00fcck f\u00fcr Wohnquartier - IMMOBILIEN Business\" \/>\n<meta property=\"og:description\" content=\"In Heerbrugg, einem Gemeindeteil von Au (SG) will Fortimo von 2028 an Wohngeb\u00e4ude auf einem gut 14.000 qm grossen Areal entwickeln.\" \/>\n<meta property=\"og:url\" content=\"https:\/\/www.immobilienbusiness.ch\/fr\/regionen\/2026-04-28\/au-sg-fortimo-kauft-grundstueck-fuer-wohnquartier\/\" \/>\n<meta property=\"og:site_name\" content=\"IMMOBILIEN Business\" \/>\n<meta property=\"article:publisher\" content=\"https:\/\/www.facebook.com\/immobilienbusiness\/\" \/>\n<meta property=\"article:published_time\" content=\"2026-04-28T04:41:02+00:00\" \/>\n<meta property=\"article:modified_time\" content=\"2026-04-30T08:23:46+00:00\" \/>\n<meta property=\"og:image\" content=\"https:\/\/www.immobilienbusiness.ch\/wp-content\/uploads\/2026\/04\/Fortimo-Heerbrugg-SG-zVg.png\" \/>\n\t<meta property=\"og:image:width\" content=\"649\" \/>\n\t<meta property=\"og:image:height\" content=\"322\" \/>\n\t<meta property=\"og:image:type\" content=\"image\/png\" \/>\n<meta name=\"author\" content=\"Alexander Wachter\" \/>\n<meta name=\"twitter:card\" content=\"summary_large_image\" \/>\n<script type=\"application\/ld+json\" class=\"yoast-schema-graph\">{\"@context\":\"https:\\\/\\\/schema.org\",\"@graph\":[{\"@type\":\"Article\",\"@id\":\"https:\\\/\\\/www.immobilienbusiness.ch\\\/regionen\\\/2026-04-28\\\/au-sg-fortimo-kauft-grundstueck-fuer-wohnquartier\\\/#article\",\"isPartOf\":{\"@id\":\"https:\\\/\\\/www.immobilienbusiness.ch\\\/regionen\\\/2026-04-28\\\/au-sg-fortimo-kauft-grundstueck-fuer-wohnquartier\\\/\"},\"author\":{\"name\":\"Alexander Wachter\",\"@id\":\"https:\\\/\\\/www.immobilienbusiness.ch\\\/#\\\/schema\\\/person\\\/aba8bea2db926aa0c24c08c43fe1fcd5\"},\"headline\":\"Au (SG): Fortimo kauft Grundst\u00fcck f\u00fcr Wohnquartier\",\"datePublished\":\"2026-04-28T04:41:02+00:00\",\"dateModified\":\"2026-04-30T08:23:46+00:00\",\"mainEntityOfPage\":{\"@id\":\"https:\\\/\\\/www.immobilienbusiness.ch\\\/regionen\\\/2026-04-28\\\/au-sg-fortimo-kauft-grundstueck-fuer-wohnquartier\\\/\"},\"wordCount\":83,\"publisher\":{\"@id\":\"https:\\\/\\\/www.immobilienbusiness.ch\\\/#organization\"},\"image\":{\"@id\":\"https:\\\/\\\/www.immobilienbusiness.ch\\\/regionen\\\/2026-04-28\\\/au-sg-fortimo-kauft-grundstueck-fuer-wohnquartier\\\/#primaryimage\"},\"thumbnailUrl\":\"https:\\\/\\\/www.immobilienbusiness.ch\\\/wp-content\\\/uploads\\\/2026\\\/04\\\/Fortimo-Heerbrugg-SG-zVg.png\",\"keywords\":[\"Au\",\"Fortimo\",\"Grundst\u00fcck\",\"Projekt in Planung\",\"SG\",\"Verkauf\",\"Wohnimmobilien\"],\"articleSection\":[\"REGIONEN\"],\"inLanguage\":\"fr-FR\"},{\"@type\":\"WebPage\",\"@id\":\"https:\\\/\\\/www.immobilienbusiness.ch\\\/regionen\\\/2026-04-28\\\/au-sg-fortimo-kauft-grundstueck-fuer-wohnquartier\\\/\",\"url\":\"https:\\\/\\\/www.immobilienbusiness.ch\\\/regionen\\\/2026-04-28\\\/au-sg-fortimo-kauft-grundstueck-fuer-wohnquartier\\\/\",\"name\":\"Au (SG): Fortimo kauft Grundst\u00fcck f\u00fcr Wohnquartier - IMMOBILIEN Business\",\"isPartOf\":{\"@id\":\"https:\\\/\\\/www.immobilienbusiness.ch\\\/#website\"},\"primaryImageOfPage\":{\"@id\":\"https:\\\/\\\/www.immobilienbusiness.ch\\\/regionen\\\/2026-04-28\\\/au-sg-fortimo-kauft-grundstueck-fuer-wohnquartier\\\/#primaryimage\"},\"image\":{\"@id\":\"https:\\\/\\\/www.immobilienbusiness.ch\\\/regionen\\\/2026-04-28\\\/au-sg-fortimo-kauft-grundstueck-fuer-wohnquartier\\\/#primaryimage\"},\"thumbnailUrl\":\"https:\\\/\\\/www.immobilienbusiness.ch\\\/wp-content\\\/uploads\\\/2026\\\/04\\\/Fortimo-Heerbrugg-SG-zVg.png\",\"datePublished\":\"2026-04-28T04:41:02+00:00\",\"dateModified\":\"2026-04-30T08:23:46+00:00\",\"description\":\"In Heerbrugg, einem Gemeindeteil von Au (SG) will Fortimo von 2028 an Wohngeb\u00e4ude auf einem gut 14.000 qm grossen Areal entwickeln.\",\"breadcrumb\":{\"@id\":\"https:\\\/\\\/www.immobilienbusiness.ch\\\/regionen\\\/2026-04-28\\\/au-sg-fortimo-kauft-grundstueck-fuer-wohnquartier\\\/#breadcrumb\"},\"inLanguage\":\"fr-FR\",\"potentialAction\":[{\"@type\":\"ReadAction\",\"target\":[\"https:\\\/\\\/www.immobilienbusiness.ch\\\/regionen\\\/2026-04-28\\\/au-sg-fortimo-kauft-grundstueck-fuer-wohnquartier\\\/\"]}]},{\"@type\":\"ImageObject\",\"inLanguage\":\"fr-FR\",\"@id\":\"https:\\\/\\\/www.immobilienbusiness.ch\\\/regionen\\\/2026-04-28\\\/au-sg-fortimo-kauft-grundstueck-fuer-wohnquartier\\\/#primaryimage\",\"url\":\"https:\\\/\\\/www.immobilienbusiness.ch\\\/wp-content\\\/uploads\\\/2026\\\/04\\\/Fortimo-Heerbrugg-SG-zVg.png\",\"contentUrl\":\"https:\\\/\\\/www.immobilienbusiness.ch\\\/wp-content\\\/uploads\\\/2026\\\/04\\\/Fortimo-Heerbrugg-SG-zVg.png\",\"width\":649,\"height\":322,\"caption\":\"In Heerbrugg, einem Ortsteil von Au, soll eine Wohn\u00fcberbauung entstehen (Bild: Fortimo)\"},{\"@type\":\"BreadcrumbList\",\"@id\":\"https:\\\/\\\/www.immobilienbusiness.ch\\\/regionen\\\/2026-04-28\\\/au-sg-fortimo-kauft-grundstueck-fuer-wohnquartier\\\/#breadcrumb\",\"itemListElement\":[{\"@type\":\"ListItem\",\"position\":1,\"name\":\"Home\",\"item\":\"https:\\\/\\\/www.immobilienbusiness.ch\\\/\"},{\"@type\":\"ListItem\",\"position\":2,\"name\":\"Au (SG): Fortimo kauft Grundst\u00fcck f\u00fcr Wohnquartier\"}]},{\"@type\":\"WebSite\",\"@id\":\"https:\\\/\\\/www.immobilienbusiness.ch\\\/#website\",\"url\":\"https:\\\/\\\/www.immobilienbusiness.ch\\\/\",\"name\":\"IMMOBILIEN Business\",\"description\":\"Unabh\u00e4ngiges Schweizer Wirtschaftsmagazin mit Fokus auf Immobilien, Architektur- und Bau sowie Investment- und Finanzierung.\",\"publisher\":{\"@id\":\"https:\\\/\\\/www.immobilienbusiness.ch\\\/#organization\"},\"potentialAction\":[{\"@type\":\"SearchAction\",\"target\":{\"@type\":\"EntryPoint\",\"urlTemplate\":\"https:\\\/\\\/www.immobilienbusiness.ch\\\/?s={search_term_string}\"},\"query-input\":{\"@type\":\"PropertyValueSpecification\",\"valueRequired\":true,\"valueName\":\"search_term_string\"}}],\"inLanguage\":\"fr-FR\"},{\"@type\":\"Organization\",\"@id\":\"https:\\\/\\\/www.immobilienbusiness.ch\\\/#organization\",\"name\":\"IMMOBILIEN Business\",\"url\":\"https:\\\/\\\/www.immobilienbusiness.ch\\\/\",\"logo\":{\"@type\":\"ImageObject\",\"inLanguage\":\"fr-FR\",\"@id\":\"https:\\\/\\\/www.immobilienbusiness.ch\\\/#\\\/schema\\\/logo\\\/image\\\/\",\"url\":\"https:\\\/\\\/www.immobilienbusiness.ch\\\/wp-content\\\/uploads\\\/2021\\\/07\\\/logo_ib.png\",\"contentUrl\":\"https:\\\/\\\/www.immobilienbusiness.ch\\\/wp-content\\\/uploads\\\/2021\\\/07\\\/logo_ib.png\",\"width\":800,\"height\":181,\"caption\":\"IMMOBILIEN Business\"},\"image\":{\"@id\":\"https:\\\/\\\/www.immobilienbusiness.ch\\\/#\\\/schema\\\/logo\\\/image\\\/\"},\"sameAs\":[\"https:\\\/\\\/www.facebook.com\\\/immobilienbusiness\\\/\"]},{\"@type\":\"Person\",\"@id\":\"https:\\\/\\\/www.immobilienbusiness.ch\\\/#\\\/schema\\\/person\\\/aba8bea2db926aa0c24c08c43fe1fcd5\",\"name\":\"Alexander Wachter\",\"image\":{\"@type\":\"ImageObject\",\"inLanguage\":\"fr-FR\",\"@id\":\"https:\\\/\\\/secure.gravatar.com\\\/avatar\\\/1a09e471f5389b0e0a6416eac287e0927c7c97a7b77f9e787eba3af7aee281dd?s=96&d=mm&r=g\",\"url\":\"https:\\\/\\\/secure.gravatar.com\\\/avatar\\\/1a09e471f5389b0e0a6416eac287e0927c7c97a7b77f9e787eba3af7aee281dd?s=96&d=mm&r=g\",\"contentUrl\":\"https:\\\/\\\/secure.gravatar.com\\\/avatar\\\/1a09e471f5389b0e0a6416eac287e0927c7c97a7b77f9e787eba3af7aee281dd?s=96&d=mm&r=g\",\"caption\":\"Alexander Wachter\"},\"url\":\"https:\\\/\\\/www.immobilienbusiness.ch\\\/fr\\\/author\\\/alexander-wachter\\\/\"}]}<\/script>\n<!-- \/ Yoast SEO plugin. -->","yoast_head_json":{"title":"Au (SG): Fortimo kauft Grundst\u00fcck f\u00fcr Wohnquartier - IMMOBILIEN Business","description":"\u00c0 Heerbrugg, un quartier de la commune d'Au (SG), Fortimo veut d\u00e9velopper des immeubles d'habitation sur un terrain d'un peu plus de 14.000 m\u00b2 \u00e0 partir de 2028.","robots":{"index":"index","follow":"follow","max-snippet":"max-snippet:-1","max-image-preview":"max-image-preview:large","max-video-preview":"max-video-preview:-1"},"canonical":"https:\/\/www.immobilienbusiness.ch\/fr\/regionen\/2026-04-28\/au-sg-fortimo-kauft-grundstueck-fuer-wohnquartier\/","og_locale":"fr_FR","og_type":"article","og_title":"Au (SG): Fortimo kauft Grundst\u00fcck f\u00fcr Wohnquartier - IMMOBILIEN Business","og_description":"In Heerbrugg, einem Gemeindeteil von Au (SG) will Fortimo von 2028 an Wohngeb\u00e4ude auf einem gut 14.000 qm grossen Areal entwickeln.","og_url":"https:\/\/www.immobilienbusiness.ch\/fr\/regionen\/2026-04-28\/au-sg-fortimo-kauft-grundstueck-fuer-wohnquartier\/","og_site_name":"IMMOBILIEN Business","article_publisher":"https:\/\/www.facebook.com\/immobilienbusiness\/","article_published_time":"2026-04-28T04:41:02+00:00","article_modified_time":"2026-04-30T08:23:46+00:00","og_image":[{"width":649,"height":322,"url":"https:\/\/www.immobilienbusiness.ch\/wp-content\/uploads\/2026\/04\/Fortimo-Heerbrugg-SG-zVg.png","type":"image\/png"}],"author":"Alexander Wachter","twitter_card":"summary_large_image","schema":{"@context":"https:\/\/schema.org","@graph":[{"@type":"Article","@id":"https:\/\/www.immobilienbusiness.ch\/regionen\/2026-04-28\/au-sg-fortimo-kauft-grundstueck-fuer-wohnquartier\/#article","isPartOf":{"@id":"https:\/\/www.immobilienbusiness.ch\/regionen\/2026-04-28\/au-sg-fortimo-kauft-grundstueck-fuer-wohnquartier\/"},"author":{"name":"Alexander Wachter","@id":"https:\/\/www.immobilienbusiness.ch\/#\/schema\/person\/aba8bea2db926aa0c24c08c43fe1fcd5"},"headline":"Au (SG): Fortimo kauft Grundst\u00fcck f\u00fcr Wohnquartier","datePublished":"2026-04-28T04:41:02+00:00","dateModified":"2026-04-30T08:23:46+00:00","mainEntityOfPage":{"@id":"https:\/\/www.immobilienbusiness.ch\/regionen\/2026-04-28\/au-sg-fortimo-kauft-grundstueck-fuer-wohnquartier\/"},"wordCount":83,"publisher":{"@id":"https:\/\/www.immobilienbusiness.ch\/#organization"},"image":{"@id":"https:\/\/www.immobilienbusiness.ch\/regionen\/2026-04-28\/au-sg-fortimo-kauft-grundstueck-fuer-wohnquartier\/#primaryimage"},"thumbnailUrl":"https:\/\/www.immobilienbusiness.ch\/wp-content\/uploads\/2026\/04\/Fortimo-Heerbrugg-SG-zVg.png","keywords":["Au","Fortimo","Grundst\u00fcck","Projekt in Planung","SG","Verkauf","Wohnimmobilien"],"articleSection":["REGIONEN"],"inLanguage":"fr-FR"},{"@type":"WebPage","@id":"https:\/\/www.immobilienbusiness.ch\/regionen\/2026-04-28\/au-sg-fortimo-kauft-grundstueck-fuer-wohnquartier\/","url":"https:\/\/www.immobilienbusiness.ch\/regionen\/2026-04-28\/au-sg-fortimo-kauft-grundstueck-fuer-wohnquartier\/","name":"Au (SG): Fortimo kauft Grundst\u00fcck f\u00fcr Wohnquartier - IMMOBILIEN Business","isPartOf":{"@id":"https:\/\/www.immobilienbusiness.ch\/#website"},"primaryImageOfPage":{"@id":"https:\/\/www.immobilienbusiness.ch\/regionen\/2026-04-28\/au-sg-fortimo-kauft-grundstueck-fuer-wohnquartier\/#primaryimage"},"image":{"@id":"https:\/\/www.immobilienbusiness.ch\/regionen\/2026-04-28\/au-sg-fortimo-kauft-grundstueck-fuer-wohnquartier\/#primaryimage"},"thumbnailUrl":"https:\/\/www.immobilienbusiness.ch\/wp-content\/uploads\/2026\/04\/Fortimo-Heerbrugg-SG-zVg.png","datePublished":"2026-04-28T04:41:02+00:00","dateModified":"2026-04-30T08:23:46+00:00","description":"\u00c0 Heerbrugg, un quartier de la commune d'Au (SG), Fortimo veut d\u00e9velopper des immeubles d'habitation sur un terrain d'un peu plus de 14.000 m\u00b2 \u00e0 partir de 2028.","breadcrumb":{"@id":"https:\/\/www.immobilienbusiness.ch\/regionen\/2026-04-28\/au-sg-fortimo-kauft-grundstueck-fuer-wohnquartier\/#breadcrumb"},"inLanguage":"fr-FR","potentialAction":[{"@type":"ReadAction","target":["https:\/\/www.immobilienbusiness.ch\/regionen\/2026-04-28\/au-sg-fortimo-kauft-grundstueck-fuer-wohnquartier\/"]}]},{"@type":"ImageObject","inLanguage":"fr-FR","@id":"https:\/\/www.immobilienbusiness.ch\/regionen\/2026-04-28\/au-sg-fortimo-kauft-grundstueck-fuer-wohnquartier\/#primaryimage","url":"https:\/\/www.immobilienbusiness.ch\/wp-content\/uploads\/2026\/04\/Fortimo-Heerbrugg-SG-zVg.png","contentUrl":"https:\/\/www.immobilienbusiness.ch\/wp-content\/uploads\/2026\/04\/Fortimo-Heerbrugg-SG-zVg.png","width":649,"height":322,"caption":"In Heerbrugg, einem Ortsteil von Au, soll eine Wohn\u00fcberbauung entstehen (Bild: Fortimo)"},{"@type":"BreadcrumbList","@id":"https:\/\/www.immobilienbusiness.ch\/regionen\/2026-04-28\/au-sg-fortimo-kauft-grundstueck-fuer-wohnquartier\/#breadcrumb","itemListElement":[{"@type":"ListItem","position":1,"name":"Home","item":"https:\/\/www.immobilienbusiness.ch\/"},{"@type":"ListItem","position":2,"name":"Au (SG): Fortimo kauft Grundst\u00fcck f\u00fcr Wohnquartier"}]},{"@type":"WebSite","@id":"https:\/\/www.immobilienbusiness.ch\/#website","url":"https:\/\/www.immobilienbusiness.ch\/","name":"IMMOBILIER Business","description":"Magazine \u00e9conomique suisse ind\u00e9pendant ax\u00e9 sur l'immobilier, l'architecture et la construction ainsi que sur les investissements et le financement.","publisher":{"@id":"https:\/\/www.immobilienbusiness.ch\/#organization"},"potentialAction":[{"@type":"SearchAction","target":{"@type":"EntryPoint","urlTemplate":"https:\/\/www.immobilienbusiness.ch\/?s={search_term_string}"},"query-input":{"@type":"PropertyValueSpecification","valueRequired":true,"valueName":"search_term_string"}}],"inLanguage":"fr-FR"},{"@type":"Organization","@id":"https:\/\/www.immobilienbusiness.ch\/#organization","name":"IMMOBILIER Business","url":"https:\/\/www.immobilienbusiness.ch\/","logo":{"@type":"ImageObject","inLanguage":"fr-FR","@id":"https:\/\/www.immobilienbusiness.ch\/#\/schema\/logo\/image\/","url":"https:\/\/www.immobilienbusiness.ch\/wp-content\/uploads\/2021\/07\/logo_ib.png","contentUrl":"https:\/\/www.immobilienbusiness.ch\/wp-content\/uploads\/2021\/07\/logo_ib.png","width":800,"height":181,"caption":"IMMOBILIEN Business"},"image":{"@id":"https:\/\/www.immobilienbusiness.ch\/#\/schema\/logo\/image\/"},"sameAs":["https:\/\/www.facebook.com\/immobilienbusiness\/"]},{"@type":"Person","@id":"https:\/\/www.immobilienbusiness.ch\/#\/schema\/person\/aba8bea2db926aa0c24c08c43fe1fcd5","name":"Alexander Wachter","image":{"@type":"ImageObject","inLanguage":"fr-FR","@id":"https:\/\/secure.gravatar.com\/avatar\/1a09e471f5389b0e0a6416eac287e0927c7c97a7b77f9e787eba3af7aee281dd?s=96&d=mm&r=g","url":"https:\/\/secure.gravatar.com\/avatar\/1a09e471f5389b0e0a6416eac287e0927c7c97a7b77f9e787eba3af7aee281dd?s=96&d=mm&r=g","contentUrl":"https:\/\/secure.gravatar.com\/avatar\/1a09e471f5389b0e0a6416eac287e0927c7c97a7b77f9e787eba3af7aee281dd?s=96&d=mm&r=g","caption":"Alexander Wachter"},"url":"https:\/\/www.immobilienbusiness.ch\/fr\/author\/alexander-wachter\/"}]}},"_links":{"self":[{"href":"https:\/\/www.immobilienbusiness.ch\/fr\/wp-json\/wp\/v2\/posts\/68297","targetHints":{"allow":["GET"]}}],"collection":[{"href":"https:\/\/www.immobilienbusiness.ch\/fr\/wp-json\/wp\/v2\/posts"}],"about":[{"href":"https:\/\/www.immobilienbusiness.ch\/fr\/wp-json\/wp\/v2\/types\/post"}],"author":[{"embeddable":true,"href":"https:\/\/www.immobilienbusiness.ch\/fr\/wp-json\/wp\/v2\/users\/102"}],"replies":[{"embeddable":true,"href":"https:\/\/www.immobilienbusiness.ch\/fr\/wp-json\/wp\/v2\/comments?post=68297"}],"version-history":[{"count":2,"href":"https:\/\/www.immobilienbusiness.ch\/fr\/wp-json\/wp\/v2\/posts\/68297\/revisions"}],"predecessor-version":[{"id":68375,"href":"https:\/\/www.immobilienbusiness.ch\/fr\/wp-json\/wp\/v2\/posts\/68297\/revisions\/68375"}],"wp:featuredmedia":[{"embeddable":true,"href":"https:\/\/www.immobilienbusiness.ch\/fr\/wp-json\/wp\/v2\/media\/68298"}],"wp:attachment":[{"href":"https:\/\/www.immobilienbusiness.ch\/fr\/wp-json\/wp\/v2\/media?parent=68297"}],"wp:term":[{"taxonomy":"category","embeddable":true,"href":"https:\/\/www.immobilienbusiness.ch\/fr\/wp-json\/wp\/v2\/categories?post=68297"},{"taxonomy":"post_tag","embeddable":true,"href":"https:\/\/www.immobilienbusiness.ch\/fr\/wp-json\/wp\/v2\/tags?post=68297"}],"curies":[{"name":"wp","href":"https:\/\/api.w.org\/{rel}","templated":true}]}}