{"id":6829,"date":"2017-03-22T09:09:57","date_gmt":"2017-03-22T08:09:57","guid":{"rendered":"https:\/\/www.immobilienbusiness.ch\/?p=6829"},"modified":"2017-03-22T09:09:57","modified_gmt":"2017-03-22T08:09:57","slug":"investis-ebit-steigt","status":"publish","type":"post","link":"https:\/\/www.immobilienbusiness.ch\/fr\/unternehmen\/2017-03-22\/investis-ebit-steigt\/","title":{"rendered":"Investis : chiffre d'affaires et EBIT en hausse"},"content":{"rendered":"<figure id=\"attachment_6749\" aria-describedby=\"caption-attachment-6749\" style=\"width: 680px\" class=\"wp-caption alignnone\"><img loading=\"lazy\" decoding=\"async\" class=\"size-medium wp-image-6749\" src=\"https:\/\/www.immobilienbusiness.ch\/wp-content\/uploads\/2017\/03\/Depositphotos_14941895_m-2015.jpg\" alt=\"\" width=\"680\" height=\"428\" srcset=\"https:\/\/www.immobilienbusiness.ch\/wp-content\/uploads\/2017\/03\/Depositphotos_14941895_m-2015.jpg 1000w, https:\/\/www.immobilienbusiness.ch\/wp-content\/uploads\/2017\/03\/Depositphotos_14941895_m-2015-300x189.jpg 300w, https:\/\/www.immobilienbusiness.ch\/wp-content\/uploads\/2017\/03\/Depositphotos_14941895_m-2015-768x483.jpg 768w, https:\/\/www.immobilienbusiness.ch\/wp-content\/uploads\/2017\/03\/Depositphotos_14941895_m-2015-16x10.jpg 16w, https:\/\/www.immobilienbusiness.ch\/wp-content\/uploads\/2017\/03\/Depositphotos_14941895_m-2015-278x175.jpg 278w, https:\/\/www.immobilienbusiness.ch\/wp-content\/uploads\/2017\/03\/Depositphotos_14941895_m-2015-556x350.jpg 556w, https:\/\/www.immobilienbusiness.ch\/wp-content\/uploads\/2017\/03\/Depositphotos_14941895_m-2015-920x579.jpg 920w\" sizes=\"auto, (max-width: 680px) 100vw, 680px\" \/><figcaption id=\"caption-attachment-6749\" class=\"wp-caption-text\">Investis augmente son chiffre d'affaires, son EBIT et son b\u00e9n\u00e9fice net (Image : Alexmit - depositphotos)<\/figcaption><\/figure>\n<p>Comme l'indique Investis, les deux secteurs d'activit\u00e9 - Properties et Real Estate Services - ont contribu\u00e9 \u00e0 la croissance du chiffre d'affaires. Sur le portefeuille existant, l'entreprise a enregistr\u00e9 des gains d'\u00e9valuation de 46,6 millions. Investis voit ainsi confirm\u00e9e sa strat\u00e9gie qui consiste \u00e0 mettre l'accent sur les immeubles d'habitation les mieux situ\u00e9s de la r\u00e9gion l\u00e9manique.<\/p>\n<p>Au total, Investis a augment\u00e9 son r\u00e9sultat d'exploitation (EBIT) de 27 pour cent, passant de 60,2 \u00e0 76,4 millions. Avec 45,1 millions, le b\u00e9n\u00e9fice net \u00e9tait l\u00e9g\u00e8rement sup\u00e9rieur \u00e0 celui de l'ann\u00e9e pr\u00e9c\u00e9dente (44,6 millions). La valeur nette comptable (VNC) par action, hors imp\u00f4ts diff\u00e9r\u00e9s li\u00e9s aux immeubles de placement, est pass\u00e9e de 52,93 CHF l'ann\u00e9e pr\u00e9c\u00e9dente \u00e0 54,85 CHF.<\/p>\n<p>Les acquisitions et les gains de r\u00e9\u00e9valuation ont entra\u00een\u00e9 une augmentation du portefeuille immobilier \u00e0 981 millions (ann\u00e9e pr\u00e9c\u00e9dente : 857 millions). Fin 2016, le portefeuille comprenait 136 immeubles avec 2.334 unit\u00e9s d'habitation.<\/p>\n<h2>La direction du groupe s'\u00e9largit<\/h2>\n<p>Investis a en m\u00eame temps annonc\u00e9 l'\u00e9largissement de la direction du groupe au 1er avril : Dieter Sommer, CEO de Privera depuis 2014, et Walter Eberle (CEO de Hauswartprofis depuis 2009 et CEO de Treos depuis janvier 2017) rejoindront le comit\u00e9.<\/p>\n<p>La direction du segment Real Estate Services sera ainsi r\u00e9partie entre les deux activit\u00e9s Property Management et Facility Management. Dieter Sommer prendra la direction du secteur Property Management et Walter Eberle sera responsable du secteur Facility Management.<\/p>\n<p>Catherine Dubey, qui a \u00e9t\u00e9 responsable du d\u00e9veloppement du segment Real Estate Services au cours des derni\u00e8res ann\u00e9es, doit d\u00e9sormais se concentrer sur les activit\u00e9s de d\u00e9veloppement du segment Properties et quittera la direction du groupe.<\/p>","protected":false},"excerpt":{"rendered":"<p>Au cours de l'exercice 2016, la soci\u00e9t\u00e9 anonyme immobili\u00e8re Investis a augment\u00e9 son chiffre d'affaires de trois pour cent \u00e0 162 millions de CHF, et l'EBIT a m\u00eame progress\u00e9 de 27 pour cent \u00e0 76,4 millions. <\/p>","protected":false},"author":3,"featured_media":6749,"comment_status":"open","ping_status":"open","sticky":false,"template":"","format":"standard","meta":{"_acf_changed":false,"_yoast_wpseo_focuskw":"Investis","_yoast_wpseo_title":"","_yoast_wpseo_metadesc":"Die Immobilien-AG Investis hat im Gesch\u00e4ftsjahr 2016 den Umsatz um drei Prozent auf 162 Millionen CHF gesteigert, das EBIT erh\u00f6hte sich sogar um 27 Prozent.","_yoast_wpseo_linkdex":78,"pgc_sgb_lightbox_settings":"","footnotes":""},"categories":[988],"tags":[1329,1389,1807],"class_list":["post-6829","post","type-post","status-publish","format-standard","has-post-thumbnail","hentry","category-unternehmen","tag-immobilien-ag","tag-jahresergebnis","tag-unternehmen"],"acf":[],"yoast_head":"<!-- This site is optimized with the Yoast SEO plugin v27.4 - https:\/\/yoast.com\/product\/yoast-seo-wordpress\/ -->\n<title>Investis: Umsatz und EBIT steigen - IMMOBILIEN Business<\/title>\n<meta name=\"description\" content=\"Die Immobilien-AG Investis hat im Gesch\u00e4ftsjahr 2016 den Umsatz um drei Prozent auf 162 Millionen CHF gesteigert, das EBIT erh\u00f6hte sich sogar um 27 Prozent.\" \/>\n<meta name=\"robots\" content=\"index, follow, max-snippet:-1, max-image-preview:large, max-video-preview:-1\" \/>\n<link rel=\"canonical\" href=\"https:\/\/www.immobilienbusiness.ch\/fr\/unternehmen\/2017-03-22\/investis-ebit-steigt\/\" \/>\n<meta property=\"og:locale\" content=\"fr_FR\" \/>\n<meta property=\"og:type\" content=\"article\" \/>\n<meta property=\"og:title\" content=\"Investis: Umsatz und EBIT steigen\" \/>\n<meta property=\"og:description\" content=\"Die Immobilien-AG Investis hat im Gesch\u00e4ftsjahr 2016 den Umsatz um drei Prozent auf 162 Millionen CHF gesteigert, das EBIT erh\u00f6hte sich sogar um 27 Prozent.\" \/>\n<meta property=\"og:url\" content=\"https:\/\/www.immobilienbusiness.ch\/fr\/unternehmen\/2017-03-22\/investis-ebit-steigt\/\" \/>\n<meta property=\"og:site_name\" content=\"IMMOBILIEN Business\" \/>\n<meta property=\"article:publisher\" content=\"https:\/\/www.facebook.com\/immobilienbusiness\/\" \/>\n<meta property=\"article:published_time\" content=\"2017-03-22T08:09:57+00:00\" \/>\n<meta property=\"og:image\" content=\"https:\/\/www.immobilienbusiness.ch\/wp-content\/uploads\/2017\/03\/Depositphotos_14941895_m-2015.jpg\" \/>\n\t<meta property=\"og:image:width\" content=\"1000\" \/>\n\t<meta property=\"og:image:height\" content=\"629\" \/>\n\t<meta property=\"og:image:type\" content=\"image\/jpeg\" \/>\n<meta name=\"author\" content=\"anja.hall\" \/>\n<meta name=\"twitter:card\" content=\"summary_large_image\" \/>\n<meta name=\"twitter:title\" content=\"Die Immobilien-AG Investis hat im Gesch\u00e4ftsjahr 2016 den Umsatz um drei Prozent auf 162 Millionen CHF gesteigert, das EBIT erh\u00f6hte sich sogar um 27 Prozent.\" \/>\n<meta name=\"twitter:description\" content=\"Die Immobilien-AG Investis hat im Gesch\u00e4ftsjahr 2016 den Umsatz um drei Prozent auf 162 Millionen CHF gesteigert, das EBIT erh\u00f6hte sich sogar um 27 Prozent.\" \/>\n<meta name=\"twitter:image\" content=\"https:\/\/www.immobilienbusiness.ch\/wp-content\/uploads\/2017\/03\/Depositphotos_14941895_m-2015.jpg\" \/>\n<script type=\"application\/ld+json\" class=\"yoast-schema-graph\">{\"@context\":\"https:\\\/\\\/schema.org\",\"@graph\":[{\"@type\":\"Article\",\"@id\":\"https:\\\/\\\/www.immobilienbusiness.ch\\\/unternehmen\\\/2017-03-22\\\/investis-ebit-steigt\\\/#article\",\"isPartOf\":{\"@id\":\"https:\\\/\\\/www.immobilienbusiness.ch\\\/unternehmen\\\/2017-03-22\\\/investis-ebit-steigt\\\/\"},\"author\":{\"name\":\"anja.hall\",\"@id\":\"https:\\\/\\\/www.immobilienbusiness.ch\\\/#\\\/schema\\\/person\\\/3fc036297b10b9f42d6db5ee932af8c8\"},\"headline\":\"Investis: Umsatz und EBIT steigen\",\"datePublished\":\"2017-03-22T08:09:57+00:00\",\"mainEntityOfPage\":{\"@id\":\"https:\\\/\\\/www.immobilienbusiness.ch\\\/unternehmen\\\/2017-03-22\\\/investis-ebit-steigt\\\/\"},\"wordCount\":245,\"commentCount\":0,\"publisher\":{\"@id\":\"https:\\\/\\\/www.immobilienbusiness.ch\\\/#organization\"},\"image\":{\"@id\":\"https:\\\/\\\/www.immobilienbusiness.ch\\\/unternehmen\\\/2017-03-22\\\/investis-ebit-steigt\\\/#primaryimage\"},\"thumbnailUrl\":\"https:\\\/\\\/www.immobilienbusiness.ch\\\/wp-content\\\/uploads\\\/2017\\\/03\\\/Depositphotos_14941895_m-2015.jpg\",\"keywords\":[\"Immobilien-AG\",\"Jahresergebnis\",\"Unternehmen\"],\"articleSection\":[\"UNTERNEHMEN\"],\"inLanguage\":\"fr-FR\"},{\"@type\":\"WebPage\",\"@id\":\"https:\\\/\\\/www.immobilienbusiness.ch\\\/unternehmen\\\/2017-03-22\\\/investis-ebit-steigt\\\/\",\"url\":\"https:\\\/\\\/www.immobilienbusiness.ch\\\/unternehmen\\\/2017-03-22\\\/investis-ebit-steigt\\\/\",\"name\":\"Investis: Umsatz und EBIT steigen - IMMOBILIEN Business\",\"isPartOf\":{\"@id\":\"https:\\\/\\\/www.immobilienbusiness.ch\\\/#website\"},\"primaryImageOfPage\":{\"@id\":\"https:\\\/\\\/www.immobilienbusiness.ch\\\/unternehmen\\\/2017-03-22\\\/investis-ebit-steigt\\\/#primaryimage\"},\"image\":{\"@id\":\"https:\\\/\\\/www.immobilienbusiness.ch\\\/unternehmen\\\/2017-03-22\\\/investis-ebit-steigt\\\/#primaryimage\"},\"thumbnailUrl\":\"https:\\\/\\\/www.immobilienbusiness.ch\\\/wp-content\\\/uploads\\\/2017\\\/03\\\/Depositphotos_14941895_m-2015.jpg\",\"datePublished\":\"2017-03-22T08:09:57+00:00\",\"description\":\"Die Immobilien-AG Investis hat im Gesch\u00e4ftsjahr 2016 den Umsatz um drei Prozent auf 162 Millionen CHF gesteigert, das EBIT erh\u00f6hte sich sogar um 27 Prozent.\",\"breadcrumb\":{\"@id\":\"https:\\\/\\\/www.immobilienbusiness.ch\\\/unternehmen\\\/2017-03-22\\\/investis-ebit-steigt\\\/#breadcrumb\"},\"inLanguage\":\"fr-FR\",\"potentialAction\":[{\"@type\":\"ReadAction\",\"target\":[\"https:\\\/\\\/www.immobilienbusiness.ch\\\/unternehmen\\\/2017-03-22\\\/investis-ebit-steigt\\\/\"]}]},{\"@type\":\"ImageObject\",\"inLanguage\":\"fr-FR\",\"@id\":\"https:\\\/\\\/www.immobilienbusiness.ch\\\/unternehmen\\\/2017-03-22\\\/investis-ebit-steigt\\\/#primaryimage\",\"url\":\"https:\\\/\\\/www.immobilienbusiness.ch\\\/wp-content\\\/uploads\\\/2017\\\/03\\\/Depositphotos_14941895_m-2015.jpg\",\"contentUrl\":\"https:\\\/\\\/www.immobilienbusiness.ch\\\/wp-content\\\/uploads\\\/2017\\\/03\\\/Depositphotos_14941895_m-2015.jpg\",\"width\":1000,\"height\":629,\"caption\":\"Die Swiss Prime AST hat Halbjahreszahlen f\u00fcr ihre Anlagegruppen vorgelegt (Bild: Alexmit - depositphotos)\"},{\"@type\":\"BreadcrumbList\",\"@id\":\"https:\\\/\\\/www.immobilienbusiness.ch\\\/unternehmen\\\/2017-03-22\\\/investis-ebit-steigt\\\/#breadcrumb\",\"itemListElement\":[{\"@type\":\"ListItem\",\"position\":1,\"name\":\"Home\",\"item\":\"https:\\\/\\\/www.immobilienbusiness.ch\\\/\"},{\"@type\":\"ListItem\",\"position\":2,\"name\":\"Investis: Umsatz und EBIT steigen\"}]},{\"@type\":\"WebSite\",\"@id\":\"https:\\\/\\\/www.immobilienbusiness.ch\\\/#website\",\"url\":\"https:\\\/\\\/www.immobilienbusiness.ch\\\/\",\"name\":\"IMMOBILIEN Business\",\"description\":\"Unabh\u00e4ngiges Schweizer Wirtschaftsmagazin mit Fokus auf Immobilien, Architektur- und Bau sowie Investment- und Finanzierung.\",\"publisher\":{\"@id\":\"https:\\\/\\\/www.immobilienbusiness.ch\\\/#organization\"},\"potentialAction\":[{\"@type\":\"SearchAction\",\"target\":{\"@type\":\"EntryPoint\",\"urlTemplate\":\"https:\\\/\\\/www.immobilienbusiness.ch\\\/?s={search_term_string}\"},\"query-input\":{\"@type\":\"PropertyValueSpecification\",\"valueRequired\":true,\"valueName\":\"search_term_string\"}}],\"inLanguage\":\"fr-FR\"},{\"@type\":\"Organization\",\"@id\":\"https:\\\/\\\/www.immobilienbusiness.ch\\\/#organization\",\"name\":\"IMMOBILIEN Business\",\"url\":\"https:\\\/\\\/www.immobilienbusiness.ch\\\/\",\"logo\":{\"@type\":\"ImageObject\",\"inLanguage\":\"fr-FR\",\"@id\":\"https:\\\/\\\/www.immobilienbusiness.ch\\\/#\\\/schema\\\/logo\\\/image\\\/\",\"url\":\"https:\\\/\\\/www.immobilienbusiness.ch\\\/wp-content\\\/uploads\\\/2021\\\/07\\\/logo_ib.png\",\"contentUrl\":\"https:\\\/\\\/www.immobilienbusiness.ch\\\/wp-content\\\/uploads\\\/2021\\\/07\\\/logo_ib.png\",\"width\":800,\"height\":181,\"caption\":\"IMMOBILIEN Business\"},\"image\":{\"@id\":\"https:\\\/\\\/www.immobilienbusiness.ch\\\/#\\\/schema\\\/logo\\\/image\\\/\"},\"sameAs\":[\"https:\\\/\\\/www.facebook.com\\\/immobilienbusiness\\\/\"]},{\"@type\":\"Person\",\"@id\":\"https:\\\/\\\/www.immobilienbusiness.ch\\\/#\\\/schema\\\/person\\\/3fc036297b10b9f42d6db5ee932af8c8\",\"name\":\"anja.hall\",\"image\":{\"@type\":\"ImageObject\",\"inLanguage\":\"fr-FR\",\"@id\":\"https:\\\/\\\/secure.gravatar.com\\\/avatar\\\/066b5a0d447013502c71a5782f4f3469f03cfe595cc2329fb94652fe47511bfb?s=96&d=mm&r=g\",\"url\":\"https:\\\/\\\/secure.gravatar.com\\\/avatar\\\/066b5a0d447013502c71a5782f4f3469f03cfe595cc2329fb94652fe47511bfb?s=96&d=mm&r=g\",\"contentUrl\":\"https:\\\/\\\/secure.gravatar.com\\\/avatar\\\/066b5a0d447013502c71a5782f4f3469f03cfe595cc2329fb94652fe47511bfb?s=96&d=mm&r=g\",\"caption\":\"anja.hall\"},\"url\":\"https:\\\/\\\/www.immobilienbusiness.ch\\\/fr\\\/author\\\/anja-hall\\\/\"}]}<\/script>\n<!-- \/ Yoast SEO plugin. -->","yoast_head_json":{"title":"Investis: Umsatz und EBIT steigen - IMMOBILIEN Business","description":"Die Immobilien-AG Investis hat im Gesch\u00e4ftsjahr 2016 den Umsatz um drei Prozent auf 162 Millionen CHF gesteigert, das EBIT erh\u00f6hte sich sogar um 27 Prozent.","robots":{"index":"index","follow":"follow","max-snippet":"max-snippet:-1","max-image-preview":"max-image-preview:large","max-video-preview":"max-video-preview:-1"},"canonical":"https:\/\/www.immobilienbusiness.ch\/fr\/unternehmen\/2017-03-22\/investis-ebit-steigt\/","og_locale":"fr_FR","og_type":"article","og_title":"Investis: Umsatz und EBIT steigen","og_description":"Die Immobilien-AG Investis hat im Gesch\u00e4ftsjahr 2016 den Umsatz um drei Prozent auf 162 Millionen CHF gesteigert, das EBIT erh\u00f6hte sich sogar um 27 Prozent.","og_url":"https:\/\/www.immobilienbusiness.ch\/fr\/unternehmen\/2017-03-22\/investis-ebit-steigt\/","og_site_name":"IMMOBILIEN Business","article_publisher":"https:\/\/www.facebook.com\/immobilienbusiness\/","article_published_time":"2017-03-22T08:09:57+00:00","og_image":[{"width":1000,"height":629,"url":"https:\/\/www.immobilienbusiness.ch\/wp-content\/uploads\/2017\/03\/Depositphotos_14941895_m-2015.jpg","type":"image\/jpeg"}],"author":"anja.hall","twitter_card":"summary_large_image","twitter_title":"Die Immobilien-AG Investis hat im Gesch\u00e4ftsjahr 2016 den Umsatz um drei Prozent auf 162 Millionen CHF gesteigert, das EBIT erh\u00f6hte sich sogar um 27 Prozent.","twitter_description":"Die Immobilien-AG Investis hat im Gesch\u00e4ftsjahr 2016 den Umsatz um drei Prozent auf 162 Millionen CHF gesteigert, das EBIT erh\u00f6hte sich sogar um 27 Prozent.","twitter_image":"https:\/\/www.immobilienbusiness.ch\/wp-content\/uploads\/2017\/03\/Depositphotos_14941895_m-2015.jpg","schema":{"@context":"https:\/\/schema.org","@graph":[{"@type":"Article","@id":"https:\/\/www.immobilienbusiness.ch\/unternehmen\/2017-03-22\/investis-ebit-steigt\/#article","isPartOf":{"@id":"https:\/\/www.immobilienbusiness.ch\/unternehmen\/2017-03-22\/investis-ebit-steigt\/"},"author":{"name":"anja.hall","@id":"https:\/\/www.immobilienbusiness.ch\/#\/schema\/person\/3fc036297b10b9f42d6db5ee932af8c8"},"headline":"Investis: Umsatz und EBIT steigen","datePublished":"2017-03-22T08:09:57+00:00","mainEntityOfPage":{"@id":"https:\/\/www.immobilienbusiness.ch\/unternehmen\/2017-03-22\/investis-ebit-steigt\/"},"wordCount":245,"commentCount":0,"publisher":{"@id":"https:\/\/www.immobilienbusiness.ch\/#organization"},"image":{"@id":"https:\/\/www.immobilienbusiness.ch\/unternehmen\/2017-03-22\/investis-ebit-steigt\/#primaryimage"},"thumbnailUrl":"https:\/\/www.immobilienbusiness.ch\/wp-content\/uploads\/2017\/03\/Depositphotos_14941895_m-2015.jpg","keywords":["Immobilien-AG","Jahresergebnis","Unternehmen"],"articleSection":["UNTERNEHMEN"],"inLanguage":"fr-FR"},{"@type":"WebPage","@id":"https:\/\/www.immobilienbusiness.ch\/unternehmen\/2017-03-22\/investis-ebit-steigt\/","url":"https:\/\/www.immobilienbusiness.ch\/unternehmen\/2017-03-22\/investis-ebit-steigt\/","name":"Investis: Umsatz und EBIT steigen - IMMOBILIEN Business","isPartOf":{"@id":"https:\/\/www.immobilienbusiness.ch\/#website"},"primaryImageOfPage":{"@id":"https:\/\/www.immobilienbusiness.ch\/unternehmen\/2017-03-22\/investis-ebit-steigt\/#primaryimage"},"image":{"@id":"https:\/\/www.immobilienbusiness.ch\/unternehmen\/2017-03-22\/investis-ebit-steigt\/#primaryimage"},"thumbnailUrl":"https:\/\/www.immobilienbusiness.ch\/wp-content\/uploads\/2017\/03\/Depositphotos_14941895_m-2015.jpg","datePublished":"2017-03-22T08:09:57+00:00","description":"Die Immobilien-AG Investis hat im Gesch\u00e4ftsjahr 2016 den Umsatz um drei Prozent auf 162 Millionen CHF gesteigert, das EBIT erh\u00f6hte sich sogar um 27 Prozent.","breadcrumb":{"@id":"https:\/\/www.immobilienbusiness.ch\/unternehmen\/2017-03-22\/investis-ebit-steigt\/#breadcrumb"},"inLanguage":"fr-FR","potentialAction":[{"@type":"ReadAction","target":["https:\/\/www.immobilienbusiness.ch\/unternehmen\/2017-03-22\/investis-ebit-steigt\/"]}]},{"@type":"ImageObject","inLanguage":"fr-FR","@id":"https:\/\/www.immobilienbusiness.ch\/unternehmen\/2017-03-22\/investis-ebit-steigt\/#primaryimage","url":"https:\/\/www.immobilienbusiness.ch\/wp-content\/uploads\/2017\/03\/Depositphotos_14941895_m-2015.jpg","contentUrl":"https:\/\/www.immobilienbusiness.ch\/wp-content\/uploads\/2017\/03\/Depositphotos_14941895_m-2015.jpg","width":1000,"height":629,"caption":"Die Swiss Prime AST hat Halbjahreszahlen f\u00fcr ihre Anlagegruppen vorgelegt (Bild: Alexmit - depositphotos)"},{"@type":"BreadcrumbList","@id":"https:\/\/www.immobilienbusiness.ch\/unternehmen\/2017-03-22\/investis-ebit-steigt\/#breadcrumb","itemListElement":[{"@type":"ListItem","position":1,"name":"Home","item":"https:\/\/www.immobilienbusiness.ch\/"},{"@type":"ListItem","position":2,"name":"Investis: Umsatz und EBIT steigen"}]},{"@type":"WebSite","@id":"https:\/\/www.immobilienbusiness.ch\/#website","url":"https:\/\/www.immobilienbusiness.ch\/","name":"IMMOBILIER Business","description":"Magazine \u00e9conomique suisse ind\u00e9pendant ax\u00e9 sur l'immobilier, l'architecture et la construction ainsi que sur les investissements et le financement.","publisher":{"@id":"https:\/\/www.immobilienbusiness.ch\/#organization"},"potentialAction":[{"@type":"SearchAction","target":{"@type":"EntryPoint","urlTemplate":"https:\/\/www.immobilienbusiness.ch\/?s={search_term_string}"},"query-input":{"@type":"PropertyValueSpecification","valueRequired":true,"valueName":"search_term_string"}}],"inLanguage":"fr-FR"},{"@type":"Organization","@id":"https:\/\/www.immobilienbusiness.ch\/#organization","name":"IMMOBILIER Business","url":"https:\/\/www.immobilienbusiness.ch\/","logo":{"@type":"ImageObject","inLanguage":"fr-FR","@id":"https:\/\/www.immobilienbusiness.ch\/#\/schema\/logo\/image\/","url":"https:\/\/www.immobilienbusiness.ch\/wp-content\/uploads\/2021\/07\/logo_ib.png","contentUrl":"https:\/\/www.immobilienbusiness.ch\/wp-content\/uploads\/2021\/07\/logo_ib.png","width":800,"height":181,"caption":"IMMOBILIEN Business"},"image":{"@id":"https:\/\/www.immobilienbusiness.ch\/#\/schema\/logo\/image\/"},"sameAs":["https:\/\/www.facebook.com\/immobilienbusiness\/"]},{"@type":"Person","@id":"https:\/\/www.immobilienbusiness.ch\/#\/schema\/person\/3fc036297b10b9f42d6db5ee932af8c8","name":"anja.hall","image":{"@type":"ImageObject","inLanguage":"fr-FR","@id":"https:\/\/secure.gravatar.com\/avatar\/066b5a0d447013502c71a5782f4f3469f03cfe595cc2329fb94652fe47511bfb?s=96&d=mm&r=g","url":"https:\/\/secure.gravatar.com\/avatar\/066b5a0d447013502c71a5782f4f3469f03cfe595cc2329fb94652fe47511bfb?s=96&d=mm&r=g","contentUrl":"https:\/\/secure.gravatar.com\/avatar\/066b5a0d447013502c71a5782f4f3469f03cfe595cc2329fb94652fe47511bfb?s=96&d=mm&r=g","caption":"anja.hall"},"url":"https:\/\/www.immobilienbusiness.ch\/fr\/author\/anja-hall\/"}]}},"_links":{"self":[{"href":"https:\/\/www.immobilienbusiness.ch\/fr\/wp-json\/wp\/v2\/posts\/6829","targetHints":{"allow":["GET"]}}],"collection":[{"href":"https:\/\/www.immobilienbusiness.ch\/fr\/wp-json\/wp\/v2\/posts"}],"about":[{"href":"https:\/\/www.immobilienbusiness.ch\/fr\/wp-json\/wp\/v2\/types\/post"}],"author":[{"embeddable":true,"href":"https:\/\/www.immobilienbusiness.ch\/fr\/wp-json\/wp\/v2\/users\/3"}],"replies":[{"embeddable":true,"href":"https:\/\/www.immobilienbusiness.ch\/fr\/wp-json\/wp\/v2\/comments?post=6829"}],"version-history":[{"count":0,"href":"https:\/\/www.immobilienbusiness.ch\/fr\/wp-json\/wp\/v2\/posts\/6829\/revisions"}],"wp:featuredmedia":[{"embeddable":true,"href":"https:\/\/www.immobilienbusiness.ch\/fr\/wp-json\/wp\/v2\/media\/6749"}],"wp:attachment":[{"href":"https:\/\/www.immobilienbusiness.ch\/fr\/wp-json\/wp\/v2\/media?parent=6829"}],"wp:term":[{"taxonomy":"category","embeddable":true,"href":"https:\/\/www.immobilienbusiness.ch\/fr\/wp-json\/wp\/v2\/categories?post=6829"},{"taxonomy":"post_tag","embeddable":true,"href":"https:\/\/www.immobilienbusiness.ch\/fr\/wp-json\/wp\/v2\/tags?post=6829"}],"curies":[{"name":"wp","href":"https:\/\/api.w.org\/{rel}","templated":true}]}}