{"id":68209,"date":"2026-04-21T11:12:06","date_gmt":"2026-04-21T09:12:06","guid":{"rendered":"https:\/\/www.immobilienbusiness.ch\/?p=68209"},"modified":"2026-04-23T10:19:02","modified_gmt":"2026-04-23T08:19:02","slug":"winterthur-axa-ast-erweitert-siedlung-unteres-buehl-um-80-wohnungen","status":"publish","type":"post","link":"https:\/\/www.immobilienbusiness.ch\/fr\/unternehmen\/2026-04-21\/winterthur-axa-ast-erweitert-siedlung-unteres-buehl-um-80-wohnungen\/","title":{"rendered":"Winterthur : Axa AST agrandit le lotissement \u00abUnteres B\u00fchl\u00bb de 80 appartements"},"content":{"rendered":"<figure id=\"attachment_68210\" aria-describedby=\"caption-attachment-68210\" style=\"width: 540px\" class=\"wp-caption alignnone\"><a href=\"https:\/\/www.immobilienbusiness.ch\/wp-content\/uploads\/2026\/04\/Axa-Winterthru-Buehl-zVg.jpg\"><img loading=\"lazy\" decoding=\"async\" class=\"size-full wp-image-68210\" src=\"https:\/\/www.immobilienbusiness.ch\/wp-content\/uploads\/2026\/04\/Axa-Winterthru-Buehl-zVg.jpg\" alt=\"\" width=\"540\" height=\"291\" srcset=\"https:\/\/www.immobilienbusiness.ch\/wp-content\/uploads\/2026\/04\/Axa-Winterthru-Buehl-zVg.jpg 540w, https:\/\/www.immobilienbusiness.ch\/wp-content\/uploads\/2026\/04\/Axa-Winterthru-Buehl-zVg-300x162.jpg 300w, https:\/\/www.immobilienbusiness.ch\/wp-content\/uploads\/2026\/04\/Axa-Winterthru-Buehl-zVg-18x10.jpg 18w, https:\/\/www.immobilienbusiness.ch\/wp-content\/uploads\/2026\/04\/Axa-Winterthru-Buehl-zVg-375x202.jpg 375w\" sizes=\"auto, (max-width: 540px) 100vw, 540px\" \/><\/a><figcaption id=\"caption-attachment-68210\" class=\"wp-caption-text\">Axa AST agrandit le lotissement \u00abUnteres B\u00fchl\u00bb \u00e0 Oberwinterthur (photo : zVg)<\/figcaption><\/figure>\n<p>Le lotissement \u00abUnteres B\u00fchl\u00bb, situ\u00e9 dans la Talackerstrasse et la R\u00f6merstrasse \u00e0 Oberwinterthur, sera r\u00e9nov\u00e9 et agrandi. Le ma\u00eetre d'ouvrage est la fondation de placement Axa, le projet est men\u00e9 par BNP Paribas Asset Management. L'office comp\u00e9tent a approuv\u00e9 la demande de permis de construire ; la r\u00e9alisation devrait commencer d\u00e9but 2027. Selon le site Internet du projet, la construction durera environ quatre ans et se fera par \u00e9tapes.<\/p>\n<p>La cit\u00e9, construite en trois \u00e9tapes entre 1974 et 1990, comprend environ 300 logements. Une partie des immeubles a \u00e9t\u00e9 r\u00e9nov\u00e9e en 2015, d'autres se trouvent encore en grande partie dans leur \u00e9tat d'origine - la profondeur de l'intervention varie donc d'un b\u00e2timent \u00e0 l'autre. Le conseil municipal de Winterthur a plac\u00e9 le lotissement sous protection en novembre 2025 ; l'objet de la protection est l'ensemble de l'installation avec l'am\u00e9nagement des espaces ext\u00e9rieurs de l'\u00e9poque de construction ainsi que les fa\u00e7ades, les toits et les structures des immeubles, des b\u00e2timents \u00e0 doigts et des maisonnettes de portier. La r\u00e9novation a lieu alors que le b\u00e2timent est encore habit\u00e9, et les locataires ont \u00e9t\u00e9 impliqu\u00e9s tr\u00e8s t\u00f4t dans le processus.<\/p>\n<h3>Deux nouvelles constructions et extensions<\/h3>\n<p>Outre la r\u00e9novation, 80 logements suppl\u00e9mentaires seront construits, principalement des petits appartements accessibles de 1,5 \u00e0 2,5 pi\u00e8ces. Le lotissement sera ponctuellement compl\u00e9t\u00e9 par des annexes, et deux nouveaux b\u00e2timents seront \u00e9galement construits. Selon le site web du projet, le plus frappant d'entre eux est un b\u00e2timent de six \u00e9tages situ\u00e9 \u00e0 l'angle de la Talackerstrasse et de la R\u00f6merstrasse, qui accueillera des usages publics au rez-de-chauss\u00e9e et une surface commerciale vers le nord ; dans les \u00e9tages sup\u00e9rieurs, il est pr\u00e9vu de construire principalement des appartements de 1,5 pi\u00e8ce avec des plans flexibles ainsi que des appartements de 3,5 pi\u00e8ces. Le rez-de-chauss\u00e9e des nouveaux b\u00e2timents doit en outre accueillir des ateliers d'habitation et d'autres utilisations communes. Le pavillon d'un \u00e9tage situ\u00e9 au centre du lotissement est destin\u00e9 \u00e0 un usage public, par exemple comme cr\u00e8che.<\/p>\n<h3>Renouer avec le concept d'espace libre des ann\u00e9es 1970<\/h3>\n<p>L'architecte est Bernath+Widmer de Zurich, dont le projet \u00abContinuum\u00bb est sorti vainqueur d'une proc\u00e9dure coop\u00e9rative en 2022, le projet indicatif datant de 2023. L'espace ext\u00e9rieur est con\u00e7u par le bureau zurichois ghiggi paesaggi. Le principe directeur est le concept d'espace libre existant de Fred Eicher des ann\u00e9es 1970 avec ses espaces verts fluides ; le parc avec ses niches, ses aires de jeux et ses zones de d\u00e9tente est conserv\u00e9, une plus grande diversit\u00e9 de plantes doit renforcer la biodiversit\u00e9. Les locataires ont pu faire part de leurs id\u00e9es sur l'am\u00e9nagement des espaces ext\u00e9rieurs lors d'un atelier.<\/p>\n<p>BNP Paribas Asset Management g\u00e8re d\u00e9sormais en Suisse les portefeuilles immobiliers d'Axa Vie, d'Axa Assurances, d'Axa Fondation de placement ainsi que d'Axa Real Estate Fund Switzerland. En Suisse, BNPP AM continuera d'op\u00e9rer jusqu'\u00e0 mi-2026 sous le nom d'Axa Investment Managers Schweiz AG, qu'elle a r\u00e9cemment rachet\u00e9. <em>(aw)<\/em><\/p>","protected":false},"excerpt":{"rendered":"<p>Le permis de construire pour la r\u00e9novation et l'extension du lotissement de 300 logements \u00e0 Oberwinterthur a \u00e9t\u00e9 d\u00e9livr\u00e9. Le d\u00e9but des travaux de r\u00e9alisation par \u00e9tapes est pr\u00e9vu pour d\u00e9but 2027, les locataires resteront dans les appartements pendant les travaux.<\/p>","protected":false},"author":102,"featured_media":68210,"comment_status":"closed","ping_status":"closed","sticky":false,"template":"","format":"standard","meta":{"_acf_changed":false,"_yoast_wpseo_focuskw":"Winterthur","_yoast_wpseo_title":"","_yoast_wpseo_metadesc":"Die Baubewilligung f\u00fcr die Sanierung und Erweiterung der 300-Wohnungen-Siedlung in Oberwinterthur liegt vor. Baustart f\u00fcr die etappierte Umsetzung soll Anfang 2027 sein, die Mieterschaft bleibt w\u00e4hrend der Arbeiten in den Wohnungen.","_yoast_wpseo_linkdex":63,"pgc_sgb_lightbox_settings":"","footnotes":""},"categories":[988],"tags":[1039,2052,1492,1600,1643,1662,1858],"class_list":["post-68209","post","type-post","status-publish","format-standard","has-post-thumbnail","hentry","category-unternehmen","tag-architektur","tag-axa-anlagestiftung","tag-mietwohnungen","tag-projekt-in-planung","tag-retail","tag-sanierung","tag-winterthur"],"acf":[],"yoast_head":"<!-- This site is optimized with the Yoast SEO plugin v27.5 - https:\/\/yoast.com\/product\/yoast-seo-wordpress\/ -->\n<title>Winterthur: Axa AST erweitert Siedlung \u00abUnteres B\u00fchl\u00bb um 80 Wohnungen - IMMOBILIEN Business<\/title>\n<meta name=\"description\" content=\"Die Baubewilligung f\u00fcr die Sanierung und Erweiterung der 300-Wohnungen-Siedlung in Oberwinterthur liegt vor. Baustart f\u00fcr die etappierte Umsetzung soll Anfang 2027 sein, die Mieterschaft bleibt w\u00e4hrend der Arbeiten in den Wohnungen.\" \/>\n<meta name=\"robots\" content=\"index, follow, max-snippet:-1, max-image-preview:large, max-video-preview:-1\" \/>\n<link rel=\"canonical\" href=\"https:\/\/www.immobilienbusiness.ch\/fr\/unternehmen\/2026-04-21\/winterthur-axa-ast-erweitert-siedlung-unteres-buehl-um-80-wohnungen\/\" \/>\n<meta property=\"og:locale\" content=\"fr_FR\" \/>\n<meta property=\"og:type\" content=\"article\" \/>\n<meta property=\"og:title\" content=\"Winterthur: Axa AST erweitert Siedlung \u00abUnteres B\u00fchl\u00bb um 80 Wohnungen - IMMOBILIEN Business\" \/>\n<meta property=\"og:description\" content=\"Die Baubewilligung f\u00fcr die Sanierung und Erweiterung der 300-Wohnungen-Siedlung in Oberwinterthur liegt vor. Baustart f\u00fcr die etappierte Umsetzung soll Anfang 2027 sein, die Mieterschaft bleibt w\u00e4hrend der Arbeiten in den Wohnungen.\" \/>\n<meta property=\"og:url\" content=\"https:\/\/www.immobilienbusiness.ch\/fr\/unternehmen\/2026-04-21\/winterthur-axa-ast-erweitert-siedlung-unteres-buehl-um-80-wohnungen\/\" \/>\n<meta property=\"og:site_name\" content=\"IMMOBILIEN Business\" \/>\n<meta property=\"article:publisher\" content=\"https:\/\/www.facebook.com\/immobilienbusiness\/\" \/>\n<meta property=\"article:published_time\" content=\"2026-04-21T09:12:06+00:00\" \/>\n<meta property=\"article:modified_time\" content=\"2026-04-23T08:19:02+00:00\" \/>\n<meta property=\"og:image\" content=\"https:\/\/www.immobilienbusiness.ch\/wp-content\/uploads\/2026\/04\/Axa-Winterthru-Buehl-zVg.jpg\" \/>\n\t<meta property=\"og:image:width\" content=\"540\" \/>\n\t<meta property=\"og:image:height\" content=\"291\" \/>\n\t<meta property=\"og:image:type\" content=\"image\/jpeg\" \/>\n<meta name=\"author\" content=\"Alexander Wachter\" \/>\n<meta name=\"twitter:card\" content=\"summary_large_image\" \/>\n<script type=\"application\/ld+json\" class=\"yoast-schema-graph\">{\"@context\":\"https:\\\/\\\/schema.org\",\"@graph\":[{\"@type\":\"Article\",\"@id\":\"https:\\\/\\\/www.immobilienbusiness.ch\\\/unternehmen\\\/2026-04-21\\\/winterthur-axa-ast-erweitert-siedlung-unteres-buehl-um-80-wohnungen\\\/#article\",\"isPartOf\":{\"@id\":\"https:\\\/\\\/www.immobilienbusiness.ch\\\/unternehmen\\\/2026-04-21\\\/winterthur-axa-ast-erweitert-siedlung-unteres-buehl-um-80-wohnungen\\\/\"},\"author\":{\"name\":\"Alexander Wachter\",\"@id\":\"https:\\\/\\\/www.immobilienbusiness.ch\\\/#\\\/schema\\\/person\\\/aba8bea2db926aa0c24c08c43fe1fcd5\"},\"headline\":\"Winterthur: Axa AST erweitert Siedlung \u00abUnteres B\u00fchl\u00bb um 80 Wohnungen\",\"datePublished\":\"2026-04-21T09:12:06+00:00\",\"dateModified\":\"2026-04-23T08:19:02+00:00\",\"mainEntityOfPage\":{\"@id\":\"https:\\\/\\\/www.immobilienbusiness.ch\\\/unternehmen\\\/2026-04-21\\\/winterthur-axa-ast-erweitert-siedlung-unteres-buehl-um-80-wohnungen\\\/\"},\"wordCount\":403,\"publisher\":{\"@id\":\"https:\\\/\\\/www.immobilienbusiness.ch\\\/#organization\"},\"image\":{\"@id\":\"https:\\\/\\\/www.immobilienbusiness.ch\\\/unternehmen\\\/2026-04-21\\\/winterthur-axa-ast-erweitert-siedlung-unteres-buehl-um-80-wohnungen\\\/#primaryimage\"},\"thumbnailUrl\":\"https:\\\/\\\/www.immobilienbusiness.ch\\\/wp-content\\\/uploads\\\/2026\\\/04\\\/Axa-Winterthru-Buehl-zVg.jpg\",\"keywords\":[\"Architektur\",\"Axa Anlagestiftung\",\"Mietwohnungen\",\"Projekt in Planung\",\"Retail\",\"Sanierung\",\"Winterthur\"],\"articleSection\":[\"UNTERNEHMEN\"],\"inLanguage\":\"fr-FR\"},{\"@type\":\"WebPage\",\"@id\":\"https:\\\/\\\/www.immobilienbusiness.ch\\\/unternehmen\\\/2026-04-21\\\/winterthur-axa-ast-erweitert-siedlung-unteres-buehl-um-80-wohnungen\\\/\",\"url\":\"https:\\\/\\\/www.immobilienbusiness.ch\\\/unternehmen\\\/2026-04-21\\\/winterthur-axa-ast-erweitert-siedlung-unteres-buehl-um-80-wohnungen\\\/\",\"name\":\"Winterthur: Axa AST erweitert Siedlung \u00abUnteres B\u00fchl\u00bb um 80 Wohnungen - IMMOBILIEN Business\",\"isPartOf\":{\"@id\":\"https:\\\/\\\/www.immobilienbusiness.ch\\\/#website\"},\"primaryImageOfPage\":{\"@id\":\"https:\\\/\\\/www.immobilienbusiness.ch\\\/unternehmen\\\/2026-04-21\\\/winterthur-axa-ast-erweitert-siedlung-unteres-buehl-um-80-wohnungen\\\/#primaryimage\"},\"image\":{\"@id\":\"https:\\\/\\\/www.immobilienbusiness.ch\\\/unternehmen\\\/2026-04-21\\\/winterthur-axa-ast-erweitert-siedlung-unteres-buehl-um-80-wohnungen\\\/#primaryimage\"},\"thumbnailUrl\":\"https:\\\/\\\/www.immobilienbusiness.ch\\\/wp-content\\\/uploads\\\/2026\\\/04\\\/Axa-Winterthru-Buehl-zVg.jpg\",\"datePublished\":\"2026-04-21T09:12:06+00:00\",\"dateModified\":\"2026-04-23T08:19:02+00:00\",\"description\":\"Die Baubewilligung f\u00fcr die Sanierung und Erweiterung der 300-Wohnungen-Siedlung in Oberwinterthur liegt vor. Baustart f\u00fcr die etappierte Umsetzung soll Anfang 2027 sein, die Mieterschaft bleibt w\u00e4hrend der Arbeiten in den Wohnungen.\",\"breadcrumb\":{\"@id\":\"https:\\\/\\\/www.immobilienbusiness.ch\\\/unternehmen\\\/2026-04-21\\\/winterthur-axa-ast-erweitert-siedlung-unteres-buehl-um-80-wohnungen\\\/#breadcrumb\"},\"inLanguage\":\"fr-FR\",\"potentialAction\":[{\"@type\":\"ReadAction\",\"target\":[\"https:\\\/\\\/www.immobilienbusiness.ch\\\/unternehmen\\\/2026-04-21\\\/winterthur-axa-ast-erweitert-siedlung-unteres-buehl-um-80-wohnungen\\\/\"]}]},{\"@type\":\"ImageObject\",\"inLanguage\":\"fr-FR\",\"@id\":\"https:\\\/\\\/www.immobilienbusiness.ch\\\/unternehmen\\\/2026-04-21\\\/winterthur-axa-ast-erweitert-siedlung-unteres-buehl-um-80-wohnungen\\\/#primaryimage\",\"url\":\"https:\\\/\\\/www.immobilienbusiness.ch\\\/wp-content\\\/uploads\\\/2026\\\/04\\\/Axa-Winterthru-Buehl-zVg.jpg\",\"contentUrl\":\"https:\\\/\\\/www.immobilienbusiness.ch\\\/wp-content\\\/uploads\\\/2026\\\/04\\\/Axa-Winterthru-Buehl-zVg.jpg\",\"width\":540,\"height\":291,\"caption\":\"Die Axa AST erweitert die Wohnsiedlung\u00abUnteres B\u00fchl\u00bb in Oberwinterthur (Bild: zVg)\"},{\"@type\":\"BreadcrumbList\",\"@id\":\"https:\\\/\\\/www.immobilienbusiness.ch\\\/unternehmen\\\/2026-04-21\\\/winterthur-axa-ast-erweitert-siedlung-unteres-buehl-um-80-wohnungen\\\/#breadcrumb\",\"itemListElement\":[{\"@type\":\"ListItem\",\"position\":1,\"name\":\"Home\",\"item\":\"https:\\\/\\\/www.immobilienbusiness.ch\\\/\"},{\"@type\":\"ListItem\",\"position\":2,\"name\":\"Winterthur: Axa AST erweitert Siedlung \u00abUnteres B\u00fchl\u00bb um 80 Wohnungen\"}]},{\"@type\":\"WebSite\",\"@id\":\"https:\\\/\\\/www.immobilienbusiness.ch\\\/#website\",\"url\":\"https:\\\/\\\/www.immobilienbusiness.ch\\\/\",\"name\":\"IMMOBILIEN Business\",\"description\":\"Unabh\u00e4ngiges Schweizer Wirtschaftsmagazin mit Fokus auf Immobilien, Architektur- und Bau sowie Investment- und Finanzierung.\",\"publisher\":{\"@id\":\"https:\\\/\\\/www.immobilienbusiness.ch\\\/#organization\"},\"potentialAction\":[{\"@type\":\"SearchAction\",\"target\":{\"@type\":\"EntryPoint\",\"urlTemplate\":\"https:\\\/\\\/www.immobilienbusiness.ch\\\/?s={search_term_string}\"},\"query-input\":{\"@type\":\"PropertyValueSpecification\",\"valueRequired\":true,\"valueName\":\"search_term_string\"}}],\"inLanguage\":\"fr-FR\"},{\"@type\":\"Organization\",\"@id\":\"https:\\\/\\\/www.immobilienbusiness.ch\\\/#organization\",\"name\":\"IMMOBILIEN Business\",\"url\":\"https:\\\/\\\/www.immobilienbusiness.ch\\\/\",\"logo\":{\"@type\":\"ImageObject\",\"inLanguage\":\"fr-FR\",\"@id\":\"https:\\\/\\\/www.immobilienbusiness.ch\\\/#\\\/schema\\\/logo\\\/image\\\/\",\"url\":\"https:\\\/\\\/www.immobilienbusiness.ch\\\/wp-content\\\/uploads\\\/2021\\\/07\\\/logo_ib.png\",\"contentUrl\":\"https:\\\/\\\/www.immobilienbusiness.ch\\\/wp-content\\\/uploads\\\/2021\\\/07\\\/logo_ib.png\",\"width\":800,\"height\":181,\"caption\":\"IMMOBILIEN Business\"},\"image\":{\"@id\":\"https:\\\/\\\/www.immobilienbusiness.ch\\\/#\\\/schema\\\/logo\\\/image\\\/\"},\"sameAs\":[\"https:\\\/\\\/www.facebook.com\\\/immobilienbusiness\\\/\"]},{\"@type\":\"Person\",\"@id\":\"https:\\\/\\\/www.immobilienbusiness.ch\\\/#\\\/schema\\\/person\\\/aba8bea2db926aa0c24c08c43fe1fcd5\",\"name\":\"Alexander Wachter\",\"image\":{\"@type\":\"ImageObject\",\"inLanguage\":\"fr-FR\",\"@id\":\"https:\\\/\\\/secure.gravatar.com\\\/avatar\\\/1a09e471f5389b0e0a6416eac287e0927c7c97a7b77f9e787eba3af7aee281dd?s=96&d=mm&r=g\",\"url\":\"https:\\\/\\\/secure.gravatar.com\\\/avatar\\\/1a09e471f5389b0e0a6416eac287e0927c7c97a7b77f9e787eba3af7aee281dd?s=96&d=mm&r=g\",\"contentUrl\":\"https:\\\/\\\/secure.gravatar.com\\\/avatar\\\/1a09e471f5389b0e0a6416eac287e0927c7c97a7b77f9e787eba3af7aee281dd?s=96&d=mm&r=g\",\"caption\":\"Alexander Wachter\"},\"url\":\"https:\\\/\\\/www.immobilienbusiness.ch\\\/fr\\\/author\\\/alexander-wachter\\\/\"}]}<\/script>\n<!-- \/ Yoast SEO plugin. -->","yoast_head_json":{"title":"Winterthur : Axa AST agrandit le lotissement \u00abUnteres B\u00fchl\u00bb de 80 appartements - IMMOBILIER Business","description":"Le permis de construire pour la r\u00e9novation et l'extension du lotissement de 300 logements \u00e0 Oberwinterthur a \u00e9t\u00e9 d\u00e9livr\u00e9. Le d\u00e9but des travaux de r\u00e9alisation par \u00e9tapes est pr\u00e9vu pour d\u00e9but 2027, les locataires resteront dans les appartements pendant les travaux.","robots":{"index":"index","follow":"follow","max-snippet":"max-snippet:-1","max-image-preview":"max-image-preview:large","max-video-preview":"max-video-preview:-1"},"canonical":"https:\/\/www.immobilienbusiness.ch\/fr\/unternehmen\/2026-04-21\/winterthur-axa-ast-erweitert-siedlung-unteres-buehl-um-80-wohnungen\/","og_locale":"fr_FR","og_type":"article","og_title":"Winterthur: Axa AST erweitert Siedlung \u00abUnteres B\u00fchl\u00bb um 80 Wohnungen - IMMOBILIEN Business","og_description":"Die Baubewilligung f\u00fcr die Sanierung und Erweiterung der 300-Wohnungen-Siedlung in Oberwinterthur liegt vor. Baustart f\u00fcr die etappierte Umsetzung soll Anfang 2027 sein, die Mieterschaft bleibt w\u00e4hrend der Arbeiten in den Wohnungen.","og_url":"https:\/\/www.immobilienbusiness.ch\/fr\/unternehmen\/2026-04-21\/winterthur-axa-ast-erweitert-siedlung-unteres-buehl-um-80-wohnungen\/","og_site_name":"IMMOBILIEN Business","article_publisher":"https:\/\/www.facebook.com\/immobilienbusiness\/","article_published_time":"2026-04-21T09:12:06+00:00","article_modified_time":"2026-04-23T08:19:02+00:00","og_image":[{"width":540,"height":291,"url":"https:\/\/www.immobilienbusiness.ch\/wp-content\/uploads\/2026\/04\/Axa-Winterthru-Buehl-zVg.jpg","type":"image\/jpeg"}],"author":"Alexander Wachter","twitter_card":"summary_large_image","schema":{"@context":"https:\/\/schema.org","@graph":[{"@type":"Article","@id":"https:\/\/www.immobilienbusiness.ch\/unternehmen\/2026-04-21\/winterthur-axa-ast-erweitert-siedlung-unteres-buehl-um-80-wohnungen\/#article","isPartOf":{"@id":"https:\/\/www.immobilienbusiness.ch\/unternehmen\/2026-04-21\/winterthur-axa-ast-erweitert-siedlung-unteres-buehl-um-80-wohnungen\/"},"author":{"name":"Alexander Wachter","@id":"https:\/\/www.immobilienbusiness.ch\/#\/schema\/person\/aba8bea2db926aa0c24c08c43fe1fcd5"},"headline":"Winterthur: Axa AST erweitert Siedlung \u00abUnteres B\u00fchl\u00bb um 80 Wohnungen","datePublished":"2026-04-21T09:12:06+00:00","dateModified":"2026-04-23T08:19:02+00:00","mainEntityOfPage":{"@id":"https:\/\/www.immobilienbusiness.ch\/unternehmen\/2026-04-21\/winterthur-axa-ast-erweitert-siedlung-unteres-buehl-um-80-wohnungen\/"},"wordCount":403,"publisher":{"@id":"https:\/\/www.immobilienbusiness.ch\/#organization"},"image":{"@id":"https:\/\/www.immobilienbusiness.ch\/unternehmen\/2026-04-21\/winterthur-axa-ast-erweitert-siedlung-unteres-buehl-um-80-wohnungen\/#primaryimage"},"thumbnailUrl":"https:\/\/www.immobilienbusiness.ch\/wp-content\/uploads\/2026\/04\/Axa-Winterthru-Buehl-zVg.jpg","keywords":["Architektur","Axa Anlagestiftung","Mietwohnungen","Projekt in Planung","Retail","Sanierung","Winterthur"],"articleSection":["UNTERNEHMEN"],"inLanguage":"fr-FR"},{"@type":"WebPage","@id":"https:\/\/www.immobilienbusiness.ch\/unternehmen\/2026-04-21\/winterthur-axa-ast-erweitert-siedlung-unteres-buehl-um-80-wohnungen\/","url":"https:\/\/www.immobilienbusiness.ch\/unternehmen\/2026-04-21\/winterthur-axa-ast-erweitert-siedlung-unteres-buehl-um-80-wohnungen\/","name":"Winterthur : Axa AST agrandit le lotissement \u00abUnteres B\u00fchl\u00bb de 80 appartements - IMMOBILIER Business","isPartOf":{"@id":"https:\/\/www.immobilienbusiness.ch\/#website"},"primaryImageOfPage":{"@id":"https:\/\/www.immobilienbusiness.ch\/unternehmen\/2026-04-21\/winterthur-axa-ast-erweitert-siedlung-unteres-buehl-um-80-wohnungen\/#primaryimage"},"image":{"@id":"https:\/\/www.immobilienbusiness.ch\/unternehmen\/2026-04-21\/winterthur-axa-ast-erweitert-siedlung-unteres-buehl-um-80-wohnungen\/#primaryimage"},"thumbnailUrl":"https:\/\/www.immobilienbusiness.ch\/wp-content\/uploads\/2026\/04\/Axa-Winterthru-Buehl-zVg.jpg","datePublished":"2026-04-21T09:12:06+00:00","dateModified":"2026-04-23T08:19:02+00:00","description":"Le permis de construire pour la r\u00e9novation et l'extension du lotissement de 300 logements \u00e0 Oberwinterthur a \u00e9t\u00e9 d\u00e9livr\u00e9. Le d\u00e9but des travaux de r\u00e9alisation par \u00e9tapes est pr\u00e9vu pour d\u00e9but 2027, les locataires resteront dans les appartements pendant les travaux.","breadcrumb":{"@id":"https:\/\/www.immobilienbusiness.ch\/unternehmen\/2026-04-21\/winterthur-axa-ast-erweitert-siedlung-unteres-buehl-um-80-wohnungen\/#breadcrumb"},"inLanguage":"fr-FR","potentialAction":[{"@type":"ReadAction","target":["https:\/\/www.immobilienbusiness.ch\/unternehmen\/2026-04-21\/winterthur-axa-ast-erweitert-siedlung-unteres-buehl-um-80-wohnungen\/"]}]},{"@type":"ImageObject","inLanguage":"fr-FR","@id":"https:\/\/www.immobilienbusiness.ch\/unternehmen\/2026-04-21\/winterthur-axa-ast-erweitert-siedlung-unteres-buehl-um-80-wohnungen\/#primaryimage","url":"https:\/\/www.immobilienbusiness.ch\/wp-content\/uploads\/2026\/04\/Axa-Winterthru-Buehl-zVg.jpg","contentUrl":"https:\/\/www.immobilienbusiness.ch\/wp-content\/uploads\/2026\/04\/Axa-Winterthru-Buehl-zVg.jpg","width":540,"height":291,"caption":"Die Axa AST erweitert die Wohnsiedlung\u00abUnteres B\u00fchl\u00bb in Oberwinterthur (Bild: zVg)"},{"@type":"BreadcrumbList","@id":"https:\/\/www.immobilienbusiness.ch\/unternehmen\/2026-04-21\/winterthur-axa-ast-erweitert-siedlung-unteres-buehl-um-80-wohnungen\/#breadcrumb","itemListElement":[{"@type":"ListItem","position":1,"name":"Home","item":"https:\/\/www.immobilienbusiness.ch\/"},{"@type":"ListItem","position":2,"name":"Winterthur: Axa AST erweitert Siedlung \u00abUnteres B\u00fchl\u00bb um 80 Wohnungen"}]},{"@type":"WebSite","@id":"https:\/\/www.immobilienbusiness.ch\/#website","url":"https:\/\/www.immobilienbusiness.ch\/","name":"IMMOBILIER Business","description":"Magazine \u00e9conomique suisse ind\u00e9pendant ax\u00e9 sur l'immobilier, l'architecture et la construction ainsi que sur les investissements et le financement.","publisher":{"@id":"https:\/\/www.immobilienbusiness.ch\/#organization"},"potentialAction":[{"@type":"SearchAction","target":{"@type":"EntryPoint","urlTemplate":"https:\/\/www.immobilienbusiness.ch\/?s={search_term_string}"},"query-input":{"@type":"PropertyValueSpecification","valueRequired":true,"valueName":"search_term_string"}}],"inLanguage":"fr-FR"},{"@type":"Organization","@id":"https:\/\/www.immobilienbusiness.ch\/#organization","name":"IMMOBILIER Business","url":"https:\/\/www.immobilienbusiness.ch\/","logo":{"@type":"ImageObject","inLanguage":"fr-FR","@id":"https:\/\/www.immobilienbusiness.ch\/#\/schema\/logo\/image\/","url":"https:\/\/www.immobilienbusiness.ch\/wp-content\/uploads\/2021\/07\/logo_ib.png","contentUrl":"https:\/\/www.immobilienbusiness.ch\/wp-content\/uploads\/2021\/07\/logo_ib.png","width":800,"height":181,"caption":"IMMOBILIEN Business"},"image":{"@id":"https:\/\/www.immobilienbusiness.ch\/#\/schema\/logo\/image\/"},"sameAs":["https:\/\/www.facebook.com\/immobilienbusiness\/"]},{"@type":"Person","@id":"https:\/\/www.immobilienbusiness.ch\/#\/schema\/person\/aba8bea2db926aa0c24c08c43fe1fcd5","name":"Alexander Wachter","image":{"@type":"ImageObject","inLanguage":"fr-FR","@id":"https:\/\/secure.gravatar.com\/avatar\/1a09e471f5389b0e0a6416eac287e0927c7c97a7b77f9e787eba3af7aee281dd?s=96&d=mm&r=g","url":"https:\/\/secure.gravatar.com\/avatar\/1a09e471f5389b0e0a6416eac287e0927c7c97a7b77f9e787eba3af7aee281dd?s=96&d=mm&r=g","contentUrl":"https:\/\/secure.gravatar.com\/avatar\/1a09e471f5389b0e0a6416eac287e0927c7c97a7b77f9e787eba3af7aee281dd?s=96&d=mm&r=g","caption":"Alexander Wachter"},"url":"https:\/\/www.immobilienbusiness.ch\/fr\/author\/alexander-wachter\/"}]}},"_links":{"self":[{"href":"https:\/\/www.immobilienbusiness.ch\/fr\/wp-json\/wp\/v2\/posts\/68209","targetHints":{"allow":["GET"]}}],"collection":[{"href":"https:\/\/www.immobilienbusiness.ch\/fr\/wp-json\/wp\/v2\/posts"}],"about":[{"href":"https:\/\/www.immobilienbusiness.ch\/fr\/wp-json\/wp\/v2\/types\/post"}],"author":[{"embeddable":true,"href":"https:\/\/www.immobilienbusiness.ch\/fr\/wp-json\/wp\/v2\/users\/102"}],"replies":[{"embeddable":true,"href":"https:\/\/www.immobilienbusiness.ch\/fr\/wp-json\/wp\/v2\/comments?post=68209"}],"version-history":[{"count":5,"href":"https:\/\/www.immobilienbusiness.ch\/fr\/wp-json\/wp\/v2\/posts\/68209\/revisions"}],"predecessor-version":[{"id":68270,"href":"https:\/\/www.immobilienbusiness.ch\/fr\/wp-json\/wp\/v2\/posts\/68209\/revisions\/68270"}],"wp:featuredmedia":[{"embeddable":true,"href":"https:\/\/www.immobilienbusiness.ch\/fr\/wp-json\/wp\/v2\/media\/68210"}],"wp:attachment":[{"href":"https:\/\/www.immobilienbusiness.ch\/fr\/wp-json\/wp\/v2\/media?parent=68209"}],"wp:term":[{"taxonomy":"category","embeddable":true,"href":"https:\/\/www.immobilienbusiness.ch\/fr\/wp-json\/wp\/v2\/categories?post=68209"},{"taxonomy":"post_tag","embeddable":true,"href":"https:\/\/www.immobilienbusiness.ch\/fr\/wp-json\/wp\/v2\/tags?post=68209"}],"curies":[{"name":"wp","href":"https:\/\/api.w.org\/{rel}","templated":true}]}}