{"id":68189,"date":"2026-04-20T07:01:07","date_gmt":"2026-04-20T05:01:07","guid":{"rendered":"https:\/\/www.immobilienbusiness.ch\/?p=68189"},"modified":"2026-04-23T10:23:02","modified_gmt":"2026-04-23T08:23:02","slug":"zuerich-globusprovisorium-soll-oeffentlicher-ort-werden","status":"publish","type":"post","link":"https:\/\/www.immobilienbusiness.ch\/fr\/regionen\/2026-04-20\/zuerich-globusprovisorium-soll-oeffentlicher-ort-werden\/","title":{"rendered":"Zurich : le Globus provisoire doit devenir un lieu public"},"content":{"rendered":"<figure id=\"attachment_68192\" aria-describedby=\"caption-attachment-68192\" style=\"width: 859px\" class=\"wp-caption alignnone\"><a href=\"https:\/\/www.immobilienbusiness.ch\/wp-content\/uploads\/2026\/04\/Papierwerd-2-Visualiisierung-zVg.png\"><img loading=\"lazy\" decoding=\"async\" class=\"size-full wp-image-68192\" src=\"https:\/\/www.immobilienbusiness.ch\/wp-content\/uploads\/2026\/04\/Papierwerd-2-Visualiisierung-zVg.png\" alt=\"\" width=\"859\" height=\"463\" srcset=\"https:\/\/www.immobilienbusiness.ch\/wp-content\/uploads\/2026\/04\/Papierwerd-2-Visualiisierung-zVg.png 859w, https:\/\/www.immobilienbusiness.ch\/wp-content\/uploads\/2026\/04\/Papierwerd-2-Visualiisierung-zVg-300x162.png 300w, https:\/\/www.immobilienbusiness.ch\/wp-content\/uploads\/2026\/04\/Papierwerd-2-Visualiisierung-zVg-768x414.png 768w, https:\/\/www.immobilienbusiness.ch\/wp-content\/uploads\/2026\/04\/Papierwerd-2-Visualiisierung-zVg-18x10.png 18w, https:\/\/www.immobilienbusiness.ch\/wp-content\/uploads\/2026\/04\/Papierwerd-2-Visualiisierung-zVg-375x202.png 375w, https:\/\/www.immobilienbusiness.ch\/wp-content\/uploads\/2026\/04\/Papierwerd-2-Visualiisierung-zVg-649x350.png 649w\" sizes=\"auto, (max-width: 859px) 100vw, 859px\" \/><\/a><figcaption id=\"caption-attachment-68192\" class=\"wp-caption-text\">L'un des points forts du projet est le toit-terrasse accessible au public. (Illustration : zVg)<\/figcaption><\/figure>\n<p>Le Globus provisoire situ\u00e9 sur le pont de la gare de Zurich, entre la gare centrale et le Central, a \u00e9t\u00e9 construit en 1961 comme emplacement provisoire du grand magasin Globus - \u00e0 l'origine pour une dur\u00e9e de huit ans. Le b\u00e2timent sur le site de Papierwerd est aujourd'hui consid\u00e9r\u00e9 comme ayant une valeur historique - et selon la ville, le renouvellement de la concession de droit d'eau est li\u00e9 au fait qu'il propose \u00e0 l'avenir des utilisations publiques avec une valeur ajout\u00e9e pour la population.<\/p>\n<h3>Les surfaces de vente sont r\u00e9inscrites<\/h3>\n<p>La structure porteuse, la fa\u00e7ade, l'isolation et les installations techniques doivent \u00eatre r\u00e9nov\u00e9es. Des mesures de protection contre les incendies et les tremblements de terre sont \u00e9galement n\u00e9cessaires. Dans le cadre de la modernisation, le b\u00e2timent doit maintenant \u00eatre r\u00e9orient\u00e9 en tant qu'\u00e9tablissement public. La surface de vente au d\u00e9tail doit d\u00e9m\u00e9nager au sous-sol, lib\u00e9rant ainsi le rez-de-chauss\u00e9e. L'utilisateur actuel, Coop, restera dans le b\u00e2timent jusqu'au d\u00e9but des travaux ; ensuite, la surface de vente sera mise au concours public. La ville souhaite cr\u00e9er au rez-de-chauss\u00e9e et au premier \u00e9tage des surfaces accessibles au public pour \u00abla culture urbaine, la formation, les manifestations, les formats temporaires et la gastronomie\u00bb. En outre, la r\u00e9alisation d'une station de v\u00e9los sera examin\u00e9e dans la suite de la planification. Les utilisations concr\u00e8tes ne sont pas encore d\u00e9finies ; elles vont maintenant \u00eatre \u00e9labor\u00e9es et feront ensuite l'objet d'un appel d'offres public. Les bureaux municipaux situ\u00e9s dans le b\u00e2timent seront d\u00e9plac\u00e9s vers d'autres sites. Une terrasse accessible au public et accessible de l'ext\u00e9rieur sera cr\u00e9\u00e9e sur le toit. \u00abA l'avenir, le b\u00e2timent sera \u00e9troitement li\u00e9 au nouvel espace libre au M\u00fchlesteg et \u00e0 la Limmat - un \u00e9l\u00e9ment central de la strat\u00e9gie globale\u00bb.\u00bb<\/p>\n<h3>Ach\u00e8vement au milieu de la prochaine d\u00e9cennie<\/h3>\n<p>Le conseil de ville demande au conseil municipal un cr\u00e9dit d'\u00e9tude de 7,21 millions de CHF pour le concours de projet, le projet de construction avec devis, la proc\u00e9dure de permis de construire ainsi que la pr\u00e9paration de la r\u00e9alisation. Le r\u00e9sultat du concours devrait \u00eatre disponible \u00e0 l'\u00e9t\u00e9 2028. L'ach\u00e8vement aura lieu au plus t\u00f4t en 2035.<\/p>","protected":false},"excerpt":{"rendered":"<p>La surface de vente actuellement utilis\u00e9e par Coop dans le b\u00e2timent situ\u00e9 entre la gare centrale et Central doit migrer vers le sous-sol et faire l'objet d'un nouvel appel d'offres, tandis que les bureaux de la ville d\u00e9m\u00e9nagent.<\/p>","protected":false},"author":102,"featured_media":68192,"comment_status":"closed","ping_status":"closed","sticky":false,"template":"","format":"standard","meta":{"_acf_changed":false,"_yoast_wpseo_focuskw":"Z\u00fcrich","_yoast_wpseo_title":"","_yoast_wpseo_metadesc":"Die derzeit von Coop genutzte Verkaufsfl\u00e4che des Geb\u00e4udes zwischen Hauptbahnhof und Central soll ins Untergeschoss wandern und neu ausgeschrieben werden, die st\u00e4dtischen B\u00fcros ziehen um.","_yoast_wpseo_linkdex":65,"pgc_sgb_lightbox_settings":"","footnotes":""},"categories":[985],"tags":[2081,1426,2320,1600,1643,1888],"class_list":["post-68189","post","type-post","status-publish","format-standard","has-post-thumbnail","hentry","category-regionen","tag-bueros","tag-kultur","tag-oeffentliche-hand","tag-projekt-in-planung","tag-retail","tag-zuerich"],"acf":[],"yoast_head":"<!-- This site is optimized with the Yoast SEO plugin v27.4 - https:\/\/yoast.com\/product\/yoast-seo-wordpress\/ -->\n<title>Z\u00fcrich: Globusprovisorium soll \u00f6ffentlicher Ort werden - IMMOBILIEN Business<\/title>\n<meta name=\"description\" content=\"Die derzeit von Coop genutzte Verkaufsfl\u00e4che des Geb\u00e4udes zwischen Hauptbahnhof und Central soll ins Untergeschoss wandern und neu ausgeschrieben werden, die st\u00e4dtischen B\u00fcros ziehen um.\" \/>\n<meta name=\"robots\" content=\"index, follow, max-snippet:-1, max-image-preview:large, max-video-preview:-1\" \/>\n<link rel=\"canonical\" href=\"https:\/\/www.immobilienbusiness.ch\/fr\/regionen\/2026-04-20\/zuerich-globusprovisorium-soll-oeffentlicher-ort-werden\/\" \/>\n<meta property=\"og:locale\" content=\"fr_FR\" \/>\n<meta property=\"og:type\" content=\"article\" \/>\n<meta property=\"og:title\" content=\"Z\u00fcrich: Globusprovisorium soll \u00f6ffentlicher Ort werden - IMMOBILIEN Business\" \/>\n<meta property=\"og:description\" content=\"Die derzeit von Coop genutzte Verkaufsfl\u00e4che des Geb\u00e4udes zwischen Hauptbahnhof und Central soll ins Untergeschoss wandern und neu ausgeschrieben werden, die st\u00e4dtischen B\u00fcros ziehen um.\" \/>\n<meta property=\"og:url\" content=\"https:\/\/www.immobilienbusiness.ch\/fr\/regionen\/2026-04-20\/zuerich-globusprovisorium-soll-oeffentlicher-ort-werden\/\" \/>\n<meta property=\"og:site_name\" content=\"IMMOBILIEN Business\" \/>\n<meta property=\"article:publisher\" content=\"https:\/\/www.facebook.com\/immobilienbusiness\/\" \/>\n<meta property=\"article:published_time\" content=\"2026-04-20T05:01:07+00:00\" \/>\n<meta property=\"article:modified_time\" content=\"2026-04-23T08:23:02+00:00\" \/>\n<meta property=\"og:image\" content=\"https:\/\/www.immobilienbusiness.ch\/wp-content\/uploads\/2026\/04\/Papierwerd-2-Visualiisierung-zVg.png\" \/>\n\t<meta property=\"og:image:width\" content=\"859\" \/>\n\t<meta property=\"og:image:height\" content=\"463\" \/>\n\t<meta property=\"og:image:type\" content=\"image\/png\" \/>\n<meta name=\"author\" content=\"Alexander Wachter\" \/>\n<meta name=\"twitter:card\" content=\"summary_large_image\" \/>\n<script type=\"application\/ld+json\" class=\"yoast-schema-graph\">{\"@context\":\"https:\\\/\\\/schema.org\",\"@graph\":[{\"@type\":\"Article\",\"@id\":\"https:\\\/\\\/www.immobilienbusiness.ch\\\/regionen\\\/2026-04-20\\\/zuerich-globusprovisorium-soll-oeffentlicher-ort-werden\\\/#article\",\"isPartOf\":{\"@id\":\"https:\\\/\\\/www.immobilienbusiness.ch\\\/regionen\\\/2026-04-20\\\/zuerich-globusprovisorium-soll-oeffentlicher-ort-werden\\\/\"},\"author\":{\"name\":\"Alexander Wachter\",\"@id\":\"https:\\\/\\\/www.immobilienbusiness.ch\\\/#\\\/schema\\\/person\\\/aba8bea2db926aa0c24c08c43fe1fcd5\"},\"headline\":\"Z\u00fcrich: Globusprovisorium soll \u00f6ffentlicher Ort werden\",\"datePublished\":\"2026-04-20T05:01:07+00:00\",\"dateModified\":\"2026-04-23T08:23:02+00:00\",\"mainEntityOfPage\":{\"@id\":\"https:\\\/\\\/www.immobilienbusiness.ch\\\/regionen\\\/2026-04-20\\\/zuerich-globusprovisorium-soll-oeffentlicher-ort-werden\\\/\"},\"wordCount\":310,\"publisher\":{\"@id\":\"https:\\\/\\\/www.immobilienbusiness.ch\\\/#organization\"},\"image\":{\"@id\":\"https:\\\/\\\/www.immobilienbusiness.ch\\\/regionen\\\/2026-04-20\\\/zuerich-globusprovisorium-soll-oeffentlicher-ort-werden\\\/#primaryimage\"},\"thumbnailUrl\":\"https:\\\/\\\/www.immobilienbusiness.ch\\\/wp-content\\\/uploads\\\/2026\\\/04\\\/Papierwerd-2-Visualiisierung-zVg.png\",\"keywords\":[\"B\u00fcros\",\"Kultur\",\"\u00d6ffentliche Hand\",\"Projekt in Planung\",\"Retail\",\"Z\u00fcrich\"],\"articleSection\":[\"REGIONEN\"],\"inLanguage\":\"fr-FR\"},{\"@type\":\"WebPage\",\"@id\":\"https:\\\/\\\/www.immobilienbusiness.ch\\\/regionen\\\/2026-04-20\\\/zuerich-globusprovisorium-soll-oeffentlicher-ort-werden\\\/\",\"url\":\"https:\\\/\\\/www.immobilienbusiness.ch\\\/regionen\\\/2026-04-20\\\/zuerich-globusprovisorium-soll-oeffentlicher-ort-werden\\\/\",\"name\":\"Z\u00fcrich: Globusprovisorium soll \u00f6ffentlicher Ort werden - IMMOBILIEN Business\",\"isPartOf\":{\"@id\":\"https:\\\/\\\/www.immobilienbusiness.ch\\\/#website\"},\"primaryImageOfPage\":{\"@id\":\"https:\\\/\\\/www.immobilienbusiness.ch\\\/regionen\\\/2026-04-20\\\/zuerich-globusprovisorium-soll-oeffentlicher-ort-werden\\\/#primaryimage\"},\"image\":{\"@id\":\"https:\\\/\\\/www.immobilienbusiness.ch\\\/regionen\\\/2026-04-20\\\/zuerich-globusprovisorium-soll-oeffentlicher-ort-werden\\\/#primaryimage\"},\"thumbnailUrl\":\"https:\\\/\\\/www.immobilienbusiness.ch\\\/wp-content\\\/uploads\\\/2026\\\/04\\\/Papierwerd-2-Visualiisierung-zVg.png\",\"datePublished\":\"2026-04-20T05:01:07+00:00\",\"dateModified\":\"2026-04-23T08:23:02+00:00\",\"description\":\"Die derzeit von Coop genutzte Verkaufsfl\u00e4che des Geb\u00e4udes zwischen Hauptbahnhof und Central soll ins Untergeschoss wandern und neu ausgeschrieben werden, die st\u00e4dtischen B\u00fcros ziehen um.\",\"breadcrumb\":{\"@id\":\"https:\\\/\\\/www.immobilienbusiness.ch\\\/regionen\\\/2026-04-20\\\/zuerich-globusprovisorium-soll-oeffentlicher-ort-werden\\\/#breadcrumb\"},\"inLanguage\":\"fr-FR\",\"potentialAction\":[{\"@type\":\"ReadAction\",\"target\":[\"https:\\\/\\\/www.immobilienbusiness.ch\\\/regionen\\\/2026-04-20\\\/zuerich-globusprovisorium-soll-oeffentlicher-ort-werden\\\/\"]}]},{\"@type\":\"ImageObject\",\"inLanguage\":\"fr-FR\",\"@id\":\"https:\\\/\\\/www.immobilienbusiness.ch\\\/regionen\\\/2026-04-20\\\/zuerich-globusprovisorium-soll-oeffentlicher-ort-werden\\\/#primaryimage\",\"url\":\"https:\\\/\\\/www.immobilienbusiness.ch\\\/wp-content\\\/uploads\\\/2026\\\/04\\\/Papierwerd-2-Visualiisierung-zVg.png\",\"contentUrl\":\"https:\\\/\\\/www.immobilienbusiness.ch\\\/wp-content\\\/uploads\\\/2026\\\/04\\\/Papierwerd-2-Visualiisierung-zVg.png\",\"width\":859,\"height\":463,\"caption\":\"Ein Hightlight des Projekts ist die \u00f6ffentliche zug\u00e4ngliche Dachterrasse. (Illustration: zVg)\"},{\"@type\":\"BreadcrumbList\",\"@id\":\"https:\\\/\\\/www.immobilienbusiness.ch\\\/regionen\\\/2026-04-20\\\/zuerich-globusprovisorium-soll-oeffentlicher-ort-werden\\\/#breadcrumb\",\"itemListElement\":[{\"@type\":\"ListItem\",\"position\":1,\"name\":\"Home\",\"item\":\"https:\\\/\\\/www.immobilienbusiness.ch\\\/\"},{\"@type\":\"ListItem\",\"position\":2,\"name\":\"Z\u00fcrich: Globusprovisorium soll \u00f6ffentlicher Ort werden\"}]},{\"@type\":\"WebSite\",\"@id\":\"https:\\\/\\\/www.immobilienbusiness.ch\\\/#website\",\"url\":\"https:\\\/\\\/www.immobilienbusiness.ch\\\/\",\"name\":\"IMMOBILIEN Business\",\"description\":\"Unabh\u00e4ngiges Schweizer Wirtschaftsmagazin mit Fokus auf Immobilien, Architektur- und Bau sowie Investment- und Finanzierung.\",\"publisher\":{\"@id\":\"https:\\\/\\\/www.immobilienbusiness.ch\\\/#organization\"},\"potentialAction\":[{\"@type\":\"SearchAction\",\"target\":{\"@type\":\"EntryPoint\",\"urlTemplate\":\"https:\\\/\\\/www.immobilienbusiness.ch\\\/?s={search_term_string}\"},\"query-input\":{\"@type\":\"PropertyValueSpecification\",\"valueRequired\":true,\"valueName\":\"search_term_string\"}}],\"inLanguage\":\"fr-FR\"},{\"@type\":\"Organization\",\"@id\":\"https:\\\/\\\/www.immobilienbusiness.ch\\\/#organization\",\"name\":\"IMMOBILIEN Business\",\"url\":\"https:\\\/\\\/www.immobilienbusiness.ch\\\/\",\"logo\":{\"@type\":\"ImageObject\",\"inLanguage\":\"fr-FR\",\"@id\":\"https:\\\/\\\/www.immobilienbusiness.ch\\\/#\\\/schema\\\/logo\\\/image\\\/\",\"url\":\"https:\\\/\\\/www.immobilienbusiness.ch\\\/wp-content\\\/uploads\\\/2021\\\/07\\\/logo_ib.png\",\"contentUrl\":\"https:\\\/\\\/www.immobilienbusiness.ch\\\/wp-content\\\/uploads\\\/2021\\\/07\\\/logo_ib.png\",\"width\":800,\"height\":181,\"caption\":\"IMMOBILIEN Business\"},\"image\":{\"@id\":\"https:\\\/\\\/www.immobilienbusiness.ch\\\/#\\\/schema\\\/logo\\\/image\\\/\"},\"sameAs\":[\"https:\\\/\\\/www.facebook.com\\\/immobilienbusiness\\\/\"]},{\"@type\":\"Person\",\"@id\":\"https:\\\/\\\/www.immobilienbusiness.ch\\\/#\\\/schema\\\/person\\\/aba8bea2db926aa0c24c08c43fe1fcd5\",\"name\":\"Alexander Wachter\",\"image\":{\"@type\":\"ImageObject\",\"inLanguage\":\"fr-FR\",\"@id\":\"https:\\\/\\\/secure.gravatar.com\\\/avatar\\\/1a09e471f5389b0e0a6416eac287e0927c7c97a7b77f9e787eba3af7aee281dd?s=96&d=mm&r=g\",\"url\":\"https:\\\/\\\/secure.gravatar.com\\\/avatar\\\/1a09e471f5389b0e0a6416eac287e0927c7c97a7b77f9e787eba3af7aee281dd?s=96&d=mm&r=g\",\"contentUrl\":\"https:\\\/\\\/secure.gravatar.com\\\/avatar\\\/1a09e471f5389b0e0a6416eac287e0927c7c97a7b77f9e787eba3af7aee281dd?s=96&d=mm&r=g\",\"caption\":\"Alexander Wachter\"},\"url\":\"https:\\\/\\\/www.immobilienbusiness.ch\\\/fr\\\/author\\\/alexander-wachter\\\/\"}]}<\/script>\n<!-- \/ Yoast SEO plugin. -->","yoast_head_json":{"title":"Zurich : le b\u00e2timent provisoire Globus doit devenir un lieu public - IMMOBILIER Business","description":"La surface de vente actuellement utilis\u00e9e par Coop dans le b\u00e2timent situ\u00e9 entre la gare centrale et Central doit migrer vers le sous-sol et faire l'objet d'un nouvel appel d'offres, tandis que les bureaux de la ville d\u00e9m\u00e9nagent.","robots":{"index":"index","follow":"follow","max-snippet":"max-snippet:-1","max-image-preview":"max-image-preview:large","max-video-preview":"max-video-preview:-1"},"canonical":"https:\/\/www.immobilienbusiness.ch\/fr\/regionen\/2026-04-20\/zuerich-globusprovisorium-soll-oeffentlicher-ort-werden\/","og_locale":"fr_FR","og_type":"article","og_title":"Z\u00fcrich: Globusprovisorium soll \u00f6ffentlicher Ort werden - IMMOBILIEN Business","og_description":"Die derzeit von Coop genutzte Verkaufsfl\u00e4che des Geb\u00e4udes zwischen Hauptbahnhof und Central soll ins Untergeschoss wandern und neu ausgeschrieben werden, die st\u00e4dtischen B\u00fcros ziehen um.","og_url":"https:\/\/www.immobilienbusiness.ch\/fr\/regionen\/2026-04-20\/zuerich-globusprovisorium-soll-oeffentlicher-ort-werden\/","og_site_name":"IMMOBILIEN Business","article_publisher":"https:\/\/www.facebook.com\/immobilienbusiness\/","article_published_time":"2026-04-20T05:01:07+00:00","article_modified_time":"2026-04-23T08:23:02+00:00","og_image":[{"width":859,"height":463,"url":"https:\/\/www.immobilienbusiness.ch\/wp-content\/uploads\/2026\/04\/Papierwerd-2-Visualiisierung-zVg.png","type":"image\/png"}],"author":"Alexander Wachter","twitter_card":"summary_large_image","schema":{"@context":"https:\/\/schema.org","@graph":[{"@type":"Article","@id":"https:\/\/www.immobilienbusiness.ch\/regionen\/2026-04-20\/zuerich-globusprovisorium-soll-oeffentlicher-ort-werden\/#article","isPartOf":{"@id":"https:\/\/www.immobilienbusiness.ch\/regionen\/2026-04-20\/zuerich-globusprovisorium-soll-oeffentlicher-ort-werden\/"},"author":{"name":"Alexander Wachter","@id":"https:\/\/www.immobilienbusiness.ch\/#\/schema\/person\/aba8bea2db926aa0c24c08c43fe1fcd5"},"headline":"Z\u00fcrich: Globusprovisorium soll \u00f6ffentlicher Ort werden","datePublished":"2026-04-20T05:01:07+00:00","dateModified":"2026-04-23T08:23:02+00:00","mainEntityOfPage":{"@id":"https:\/\/www.immobilienbusiness.ch\/regionen\/2026-04-20\/zuerich-globusprovisorium-soll-oeffentlicher-ort-werden\/"},"wordCount":310,"publisher":{"@id":"https:\/\/www.immobilienbusiness.ch\/#organization"},"image":{"@id":"https:\/\/www.immobilienbusiness.ch\/regionen\/2026-04-20\/zuerich-globusprovisorium-soll-oeffentlicher-ort-werden\/#primaryimage"},"thumbnailUrl":"https:\/\/www.immobilienbusiness.ch\/wp-content\/uploads\/2026\/04\/Papierwerd-2-Visualiisierung-zVg.png","keywords":["B\u00fcros","Kultur","\u00d6ffentliche Hand","Projekt in Planung","Retail","Z\u00fcrich"],"articleSection":["REGIONEN"],"inLanguage":"fr-FR"},{"@type":"WebPage","@id":"https:\/\/www.immobilienbusiness.ch\/regionen\/2026-04-20\/zuerich-globusprovisorium-soll-oeffentlicher-ort-werden\/","url":"https:\/\/www.immobilienbusiness.ch\/regionen\/2026-04-20\/zuerich-globusprovisorium-soll-oeffentlicher-ort-werden\/","name":"Zurich : le b\u00e2timent provisoire Globus doit devenir un lieu public - IMMOBILIER Business","isPartOf":{"@id":"https:\/\/www.immobilienbusiness.ch\/#website"},"primaryImageOfPage":{"@id":"https:\/\/www.immobilienbusiness.ch\/regionen\/2026-04-20\/zuerich-globusprovisorium-soll-oeffentlicher-ort-werden\/#primaryimage"},"image":{"@id":"https:\/\/www.immobilienbusiness.ch\/regionen\/2026-04-20\/zuerich-globusprovisorium-soll-oeffentlicher-ort-werden\/#primaryimage"},"thumbnailUrl":"https:\/\/www.immobilienbusiness.ch\/wp-content\/uploads\/2026\/04\/Papierwerd-2-Visualiisierung-zVg.png","datePublished":"2026-04-20T05:01:07+00:00","dateModified":"2026-04-23T08:23:02+00:00","description":"La surface de vente actuellement utilis\u00e9e par Coop dans le b\u00e2timent situ\u00e9 entre la gare centrale et Central doit migrer vers le sous-sol et faire l'objet d'un nouvel appel d'offres, tandis que les bureaux de la ville d\u00e9m\u00e9nagent.","breadcrumb":{"@id":"https:\/\/www.immobilienbusiness.ch\/regionen\/2026-04-20\/zuerich-globusprovisorium-soll-oeffentlicher-ort-werden\/#breadcrumb"},"inLanguage":"fr-FR","potentialAction":[{"@type":"ReadAction","target":["https:\/\/www.immobilienbusiness.ch\/regionen\/2026-04-20\/zuerich-globusprovisorium-soll-oeffentlicher-ort-werden\/"]}]},{"@type":"ImageObject","inLanguage":"fr-FR","@id":"https:\/\/www.immobilienbusiness.ch\/regionen\/2026-04-20\/zuerich-globusprovisorium-soll-oeffentlicher-ort-werden\/#primaryimage","url":"https:\/\/www.immobilienbusiness.ch\/wp-content\/uploads\/2026\/04\/Papierwerd-2-Visualiisierung-zVg.png","contentUrl":"https:\/\/www.immobilienbusiness.ch\/wp-content\/uploads\/2026\/04\/Papierwerd-2-Visualiisierung-zVg.png","width":859,"height":463,"caption":"Ein Hightlight des Projekts ist die \u00f6ffentliche zug\u00e4ngliche Dachterrasse. (Illustration: zVg)"},{"@type":"BreadcrumbList","@id":"https:\/\/www.immobilienbusiness.ch\/regionen\/2026-04-20\/zuerich-globusprovisorium-soll-oeffentlicher-ort-werden\/#breadcrumb","itemListElement":[{"@type":"ListItem","position":1,"name":"Home","item":"https:\/\/www.immobilienbusiness.ch\/"},{"@type":"ListItem","position":2,"name":"Z\u00fcrich: Globusprovisorium soll \u00f6ffentlicher Ort werden"}]},{"@type":"WebSite","@id":"https:\/\/www.immobilienbusiness.ch\/#website","url":"https:\/\/www.immobilienbusiness.ch\/","name":"IMMOBILIER Business","description":"Magazine \u00e9conomique suisse ind\u00e9pendant ax\u00e9 sur l'immobilier, l'architecture et la construction ainsi que sur les investissements et le financement.","publisher":{"@id":"https:\/\/www.immobilienbusiness.ch\/#organization"},"potentialAction":[{"@type":"SearchAction","target":{"@type":"EntryPoint","urlTemplate":"https:\/\/www.immobilienbusiness.ch\/?s={search_term_string}"},"query-input":{"@type":"PropertyValueSpecification","valueRequired":true,"valueName":"search_term_string"}}],"inLanguage":"fr-FR"},{"@type":"Organization","@id":"https:\/\/www.immobilienbusiness.ch\/#organization","name":"IMMOBILIER Business","url":"https:\/\/www.immobilienbusiness.ch\/","logo":{"@type":"ImageObject","inLanguage":"fr-FR","@id":"https:\/\/www.immobilienbusiness.ch\/#\/schema\/logo\/image\/","url":"https:\/\/www.immobilienbusiness.ch\/wp-content\/uploads\/2021\/07\/logo_ib.png","contentUrl":"https:\/\/www.immobilienbusiness.ch\/wp-content\/uploads\/2021\/07\/logo_ib.png","width":800,"height":181,"caption":"IMMOBILIEN Business"},"image":{"@id":"https:\/\/www.immobilienbusiness.ch\/#\/schema\/logo\/image\/"},"sameAs":["https:\/\/www.facebook.com\/immobilienbusiness\/"]},{"@type":"Person","@id":"https:\/\/www.immobilienbusiness.ch\/#\/schema\/person\/aba8bea2db926aa0c24c08c43fe1fcd5","name":"Alexander Wachter","image":{"@type":"ImageObject","inLanguage":"fr-FR","@id":"https:\/\/secure.gravatar.com\/avatar\/1a09e471f5389b0e0a6416eac287e0927c7c97a7b77f9e787eba3af7aee281dd?s=96&d=mm&r=g","url":"https:\/\/secure.gravatar.com\/avatar\/1a09e471f5389b0e0a6416eac287e0927c7c97a7b77f9e787eba3af7aee281dd?s=96&d=mm&r=g","contentUrl":"https:\/\/secure.gravatar.com\/avatar\/1a09e471f5389b0e0a6416eac287e0927c7c97a7b77f9e787eba3af7aee281dd?s=96&d=mm&r=g","caption":"Alexander Wachter"},"url":"https:\/\/www.immobilienbusiness.ch\/fr\/author\/alexander-wachter\/"}]}},"_links":{"self":[{"href":"https:\/\/www.immobilienbusiness.ch\/fr\/wp-json\/wp\/v2\/posts\/68189","targetHints":{"allow":["GET"]}}],"collection":[{"href":"https:\/\/www.immobilienbusiness.ch\/fr\/wp-json\/wp\/v2\/posts"}],"about":[{"href":"https:\/\/www.immobilienbusiness.ch\/fr\/wp-json\/wp\/v2\/types\/post"}],"author":[{"embeddable":true,"href":"https:\/\/www.immobilienbusiness.ch\/fr\/wp-json\/wp\/v2\/users\/102"}],"replies":[{"embeddable":true,"href":"https:\/\/www.immobilienbusiness.ch\/fr\/wp-json\/wp\/v2\/comments?post=68189"}],"version-history":[{"count":1,"href":"https:\/\/www.immobilienbusiness.ch\/fr\/wp-json\/wp\/v2\/posts\/68189\/revisions"}],"predecessor-version":[{"id":68193,"href":"https:\/\/www.immobilienbusiness.ch\/fr\/wp-json\/wp\/v2\/posts\/68189\/revisions\/68193"}],"wp:featuredmedia":[{"embeddable":true,"href":"https:\/\/www.immobilienbusiness.ch\/fr\/wp-json\/wp\/v2\/media\/68192"}],"wp:attachment":[{"href":"https:\/\/www.immobilienbusiness.ch\/fr\/wp-json\/wp\/v2\/media?parent=68189"}],"wp:term":[{"taxonomy":"category","embeddable":true,"href":"https:\/\/www.immobilienbusiness.ch\/fr\/wp-json\/wp\/v2\/categories?post=68189"},{"taxonomy":"post_tag","embeddable":true,"href":"https:\/\/www.immobilienbusiness.ch\/fr\/wp-json\/wp\/v2\/tags?post=68189"}],"curies":[{"name":"wp","href":"https:\/\/api.w.org\/{rel}","templated":true}]}}