{"id":67948,"date":"2026-04-02T09:05:27","date_gmt":"2026-04-02T07:05:27","guid":{"rendered":"https:\/\/www.immobilienbusiness.ch\/?p=67948"},"modified":"2026-04-02T09:28:27","modified_gmt":"2026-04-02T07:28:27","slug":"swiss-life-neuer-commercial-fonds-kotiert","status":"publish","type":"post","link":"https:\/\/www.immobilienbusiness.ch\/fr\/unternehmen\/2026-04-02\/swiss-life-neuer-commercial-fonds-kotiert\/","title":{"rendered":"Swiss Life : Cotation d'un nouveau fonds commercial"},"content":{"rendered":"<figure id=\"attachment_67949\" aria-describedby=\"caption-attachment-67949\" style=\"width: 768px\" class=\"wp-caption alignnone\"><a href=\"https:\/\/www.immobilienbusiness.ch\/wp-content\/uploads\/2026\/04\/Zuerich-Binzstrasse-scaled.png\"><img loading=\"lazy\" decoding=\"async\" class=\"size-large wp-image-67949\" src=\"https:\/\/www.immobilienbusiness.ch\/wp-content\/uploads\/2026\/04\/Zuerich-Binzstrasse-1024x400.png\" alt=\"\" width=\"768\" height=\"300\" srcset=\"https:\/\/www.immobilienbusiness.ch\/wp-content\/uploads\/2026\/04\/Zuerich-Binzstrasse-1024x400.png 1024w, https:\/\/www.immobilienbusiness.ch\/wp-content\/uploads\/2026\/04\/Zuerich-Binzstrasse-300x117.png 300w, https:\/\/www.immobilienbusiness.ch\/wp-content\/uploads\/2026\/04\/Zuerich-Binzstrasse-768x300.png 768w, https:\/\/www.immobilienbusiness.ch\/wp-content\/uploads\/2026\/04\/Zuerich-Binzstrasse-1536x600.png 1536w, https:\/\/www.immobilienbusiness.ch\/wp-content\/uploads\/2026\/04\/Zuerich-Binzstrasse-2048x800.png 2048w, https:\/\/www.immobilienbusiness.ch\/wp-content\/uploads\/2026\/04\/Zuerich-Binzstrasse-18x7.png 18w, https:\/\/www.immobilienbusiness.ch\/wp-content\/uploads\/2026\/04\/Zuerich-Binzstrasse-375x146.png 375w, https:\/\/www.immobilienbusiness.ch\/wp-content\/uploads\/2026\/04\/Zuerich-Binzstrasse-760x297.png 760w, https:\/\/www.immobilienbusiness.ch\/wp-content\/uploads\/2026\/04\/Zuerich-Binzstrasse-1000x391.png 1000w, https:\/\/www.immobilienbusiness.ch\/wp-content\/uploads\/2026\/04\/Zuerich-Binzstrasse-scaled.png 1200w\" sizes=\"auto, (max-width: 768px) 100vw, 768px\" \/><\/a><figcaption id=\"caption-attachment-67949\" class=\"wp-caption-text\">L'immeuble Binzstrasse 29 \u00e0 Zurich (photo : Swiss Life Asset Managers)<\/figcaption><\/figure>\n<p>Comme annonc\u00e9, le fonds immobilier Swiss Life REF (CH) ESG Diversified Commercial Switzerland a \u00e9t\u00e9 introduit en bourse le 1er avril. Le fonds d\u00e9sormais cot\u00e9 est ouvert aux investisseurs qualifi\u00e9s et non qualifi\u00e9s et sera int\u00e9gr\u00e9 \u00e0 l'indice \u00abSXI Real Estate Funds Broad\u00bb (SWIIT) en trois tranches au cours des trois premiers jours de n\u00e9goce.<\/p>\n<p>Quelques jours auparavant, le fonds avait cl\u00f4tur\u00e9 sa premi\u00e8re \u00e9mission. Avec un volume de 500 millions de francs, il s'agissait de la plus grande augmentation de capital d'un fonds immobilier suisse jusqu'\u00e0 pr\u00e9sent cette ann\u00e9e. Elle a servi \u00e0 acheter un portefeuille commercial de Swiss Life d'une valeur de 640 millions de francs suisses. Selon Swiss Life, les souscriptions re\u00e7ues ont d\u00e9pass\u00e9 le volume d'\u00e9mission disponible.<\/p>\n<p>Le portefeuille de d\u00e9part comprend des immeubles de bureaux, de vente et \u00e0 usage mixte, entre autres \u00e0 Zurich, Gen\u00e8ve, B\u00e2le, Lucerne, Saint-Gall et Lugano, notamment les objets suivants<\/p>\n<ul>\n<li>Gen\u00e8ve, Rue de la Coulouvr\u00e9ni\u00e8re 27-29<\/li>\n<li>Lugano, Via Guglielmo Marconi 2 et<\/li>\n<li>Zurich, Binzstrasse 29. <em>(aw)<\/em><\/li>\n<\/ul>\n<p>&nbsp;<\/p>","protected":false},"excerpt":{"rendered":"<p>Apr\u00e8s une premi\u00e8re \u00e9mission d'un volume de 500 millions de francs, le nouveau fonds ax\u00e9 sur les immeubles commerciaux a \u00e9t\u00e9 introduit en bourse comme pr\u00e9vu.<\/p>","protected":false},"author":102,"featured_media":67949,"comment_status":"closed","ping_status":"closed","sticky":false,"template":"","format":"standard","meta":{"_acf_changed":false,"_yoast_wpseo_focuskw":"Swiss Life","_yoast_wpseo_title":"","_yoast_wpseo_metadesc":"Nach der Erstemission mit einem Volumen von 500 Millionen Franken ist der neue, auf kommerzielle Liegenschaften fokussierte Fonds plangem\u00e4ss an die B\u00f6rse gegangen.","_yoast_wpseo_linkdex":54,"pgc_sgb_lightbox_settings":"","footnotes":""},"categories":[988],"tags":[1069,1118,1260,1344,4061,1412,1414,1438,1456,1459,3785,1643,1758,1888],"class_list":["post-67948","post","type-post","status-publish","format-standard","has-post-thumbnail","hentry","category-unternehmen","tag-basel","tag-buero","tag-genf","tag-immobilienfonds","tag-ipo","tag-kapitalerhoehung","tag-kauf","tag-lausanne","tag-lugano","tag-luzern","tag-potenzieller-kaeufer","tag-retail","tag-swiss-life-asset-managers","tag-zuerich"],"acf":[],"yoast_head":"<!-- This site is optimized with the Yoast SEO plugin v27.4 - https:\/\/yoast.com\/product\/yoast-seo-wordpress\/ -->\n<title>Swiss Life: Neuer Commercial-Fonds kotiert - IMMOBILIEN Business<\/title>\n<meta name=\"description\" content=\"Nach der Erstemission mit einem Volumen von 500 Millionen Franken ist der neue, auf kommerzielle Liegenschaften fokussierte Fonds plangem\u00e4ss an die B\u00f6rse gegangen.\" \/>\n<meta name=\"robots\" content=\"index, follow, max-snippet:-1, max-image-preview:large, max-video-preview:-1\" \/>\n<link rel=\"canonical\" href=\"https:\/\/www.immobilienbusiness.ch\/fr\/unternehmen\/2026-04-02\/swiss-life-neuer-commercial-fonds-kotiert\/\" \/>\n<meta property=\"og:locale\" content=\"fr_FR\" \/>\n<meta property=\"og:type\" content=\"article\" \/>\n<meta property=\"og:title\" content=\"Swiss Life: Neuer Commercial-Fonds kotiert - IMMOBILIEN Business\" \/>\n<meta property=\"og:description\" content=\"Nach der Erstemission mit einem Volumen von 500 Millionen Franken ist der neue, auf kommerzielle Liegenschaften fokussierte Fonds plangem\u00e4ss an die B\u00f6rse gegangen.\" \/>\n<meta property=\"og:url\" content=\"https:\/\/www.immobilienbusiness.ch\/fr\/unternehmen\/2026-04-02\/swiss-life-neuer-commercial-fonds-kotiert\/\" \/>\n<meta property=\"og:site_name\" content=\"IMMOBILIEN Business\" \/>\n<meta property=\"article:publisher\" content=\"https:\/\/www.facebook.com\/immobilienbusiness\/\" \/>\n<meta property=\"article:published_time\" content=\"2026-04-02T07:05:27+00:00\" \/>\n<meta property=\"article:modified_time\" content=\"2026-04-02T07:28:27+00:00\" \/>\n<meta property=\"og:image\" content=\"https:\/\/www.immobilienbusiness.ch\/wp-content\/uploads\/2026\/04\/Zuerich-Binzstrasse-scaled.png\" \/>\n\t<meta property=\"og:image:width\" content=\"1200\" \/>\n\t<meta property=\"og:image:height\" content=\"469\" \/>\n\t<meta property=\"og:image:type\" content=\"image\/png\" \/>\n<meta name=\"author\" content=\"Alexander Wachter\" \/>\n<meta name=\"twitter:card\" content=\"summary_large_image\" \/>\n<script type=\"application\/ld+json\" class=\"yoast-schema-graph\">{\"@context\":\"https:\\\/\\\/schema.org\",\"@graph\":[{\"@type\":\"Article\",\"@id\":\"https:\\\/\\\/www.immobilienbusiness.ch\\\/unternehmen\\\/2026-04-02\\\/swiss-life-neuer-commercial-fonds-kotiert\\\/#article\",\"isPartOf\":{\"@id\":\"https:\\\/\\\/www.immobilienbusiness.ch\\\/unternehmen\\\/2026-04-02\\\/swiss-life-neuer-commercial-fonds-kotiert\\\/\"},\"author\":{\"name\":\"Alexander Wachter\",\"@id\":\"https:\\\/\\\/www.immobilienbusiness.ch\\\/#\\\/schema\\\/person\\\/aba8bea2db926aa0c24c08c43fe1fcd5\"},\"headline\":\"Swiss Life: Neuer Commercial-Fonds kotiert\",\"datePublished\":\"2026-04-02T07:05:27+00:00\",\"dateModified\":\"2026-04-02T07:28:27+00:00\",\"mainEntityOfPage\":{\"@id\":\"https:\\\/\\\/www.immobilienbusiness.ch\\\/unternehmen\\\/2026-04-02\\\/swiss-life-neuer-commercial-fonds-kotiert\\\/\"},\"wordCount\":176,\"publisher\":{\"@id\":\"https:\\\/\\\/www.immobilienbusiness.ch\\\/#organization\"},\"image\":{\"@id\":\"https:\\\/\\\/www.immobilienbusiness.ch\\\/unternehmen\\\/2026-04-02\\\/swiss-life-neuer-commercial-fonds-kotiert\\\/#primaryimage\"},\"thumbnailUrl\":\"https:\\\/\\\/www.immobilienbusiness.ch\\\/wp-content\\\/uploads\\\/2026\\\/04\\\/Zuerich-Binzstrasse-scaled.png\",\"keywords\":[\"Basel\",\"B\u00fcro\",\"Genf\",\"Immobilienfonds\",\"IPO\",\"Kapitalerh\u00f6hung\",\"Kauf\",\"Lausanne\",\"Lugano\",\"Luzern\",\"potenzieller K\u00e4ufer\",\"Retail\",\"Swiss Life Asset Managers\",\"Z\u00fcrich\"],\"articleSection\":[\"UNTERNEHMEN\"],\"inLanguage\":\"fr-FR\"},{\"@type\":\"WebPage\",\"@id\":\"https:\\\/\\\/www.immobilienbusiness.ch\\\/unternehmen\\\/2026-04-02\\\/swiss-life-neuer-commercial-fonds-kotiert\\\/\",\"url\":\"https:\\\/\\\/www.immobilienbusiness.ch\\\/unternehmen\\\/2026-04-02\\\/swiss-life-neuer-commercial-fonds-kotiert\\\/\",\"name\":\"Swiss Life: Neuer Commercial-Fonds kotiert - IMMOBILIEN Business\",\"isPartOf\":{\"@id\":\"https:\\\/\\\/www.immobilienbusiness.ch\\\/#website\"},\"primaryImageOfPage\":{\"@id\":\"https:\\\/\\\/www.immobilienbusiness.ch\\\/unternehmen\\\/2026-04-02\\\/swiss-life-neuer-commercial-fonds-kotiert\\\/#primaryimage\"},\"image\":{\"@id\":\"https:\\\/\\\/www.immobilienbusiness.ch\\\/unternehmen\\\/2026-04-02\\\/swiss-life-neuer-commercial-fonds-kotiert\\\/#primaryimage\"},\"thumbnailUrl\":\"https:\\\/\\\/www.immobilienbusiness.ch\\\/wp-content\\\/uploads\\\/2026\\\/04\\\/Zuerich-Binzstrasse-scaled.png\",\"datePublished\":\"2026-04-02T07:05:27+00:00\",\"dateModified\":\"2026-04-02T07:28:27+00:00\",\"description\":\"Nach der Erstemission mit einem Volumen von 500 Millionen Franken ist der neue, auf kommerzielle Liegenschaften fokussierte Fonds plangem\u00e4ss an die B\u00f6rse gegangen.\",\"breadcrumb\":{\"@id\":\"https:\\\/\\\/www.immobilienbusiness.ch\\\/unternehmen\\\/2026-04-02\\\/swiss-life-neuer-commercial-fonds-kotiert\\\/#breadcrumb\"},\"inLanguage\":\"fr-FR\",\"potentialAction\":[{\"@type\":\"ReadAction\",\"target\":[\"https:\\\/\\\/www.immobilienbusiness.ch\\\/unternehmen\\\/2026-04-02\\\/swiss-life-neuer-commercial-fonds-kotiert\\\/\"]}]},{\"@type\":\"ImageObject\",\"inLanguage\":\"fr-FR\",\"@id\":\"https:\\\/\\\/www.immobilienbusiness.ch\\\/unternehmen\\\/2026-04-02\\\/swiss-life-neuer-commercial-fonds-kotiert\\\/#primaryimage\",\"url\":\"https:\\\/\\\/www.immobilienbusiness.ch\\\/wp-content\\\/uploads\\\/2026\\\/04\\\/Zuerich-Binzstrasse-scaled.png\",\"contentUrl\":\"https:\\\/\\\/www.immobilienbusiness.ch\\\/wp-content\\\/uploads\\\/2026\\\/04\\\/Zuerich-Binzstrasse-scaled.png\",\"width\":1200,\"height\":469,\"caption\":\"Die Liegenschaft Binzstrasse 29 in Z\u00fcrich (Bild: Swiss Life Asset Managers)\"},{\"@type\":\"BreadcrumbList\",\"@id\":\"https:\\\/\\\/www.immobilienbusiness.ch\\\/unternehmen\\\/2026-04-02\\\/swiss-life-neuer-commercial-fonds-kotiert\\\/#breadcrumb\",\"itemListElement\":[{\"@type\":\"ListItem\",\"position\":1,\"name\":\"Home\",\"item\":\"https:\\\/\\\/www.immobilienbusiness.ch\\\/\"},{\"@type\":\"ListItem\",\"position\":2,\"name\":\"Swiss Life: Neuer Commercial-Fonds kotiert\"}]},{\"@type\":\"WebSite\",\"@id\":\"https:\\\/\\\/www.immobilienbusiness.ch\\\/#website\",\"url\":\"https:\\\/\\\/www.immobilienbusiness.ch\\\/\",\"name\":\"IMMOBILIEN Business\",\"description\":\"Unabh\u00e4ngiges Schweizer Wirtschaftsmagazin mit Fokus auf Immobilien, Architektur- und Bau sowie Investment- und Finanzierung.\",\"publisher\":{\"@id\":\"https:\\\/\\\/www.immobilienbusiness.ch\\\/#organization\"},\"potentialAction\":[{\"@type\":\"SearchAction\",\"target\":{\"@type\":\"EntryPoint\",\"urlTemplate\":\"https:\\\/\\\/www.immobilienbusiness.ch\\\/?s={search_term_string}\"},\"query-input\":{\"@type\":\"PropertyValueSpecification\",\"valueRequired\":true,\"valueName\":\"search_term_string\"}}],\"inLanguage\":\"fr-FR\"},{\"@type\":\"Organization\",\"@id\":\"https:\\\/\\\/www.immobilienbusiness.ch\\\/#organization\",\"name\":\"IMMOBILIEN Business\",\"url\":\"https:\\\/\\\/www.immobilienbusiness.ch\\\/\",\"logo\":{\"@type\":\"ImageObject\",\"inLanguage\":\"fr-FR\",\"@id\":\"https:\\\/\\\/www.immobilienbusiness.ch\\\/#\\\/schema\\\/logo\\\/image\\\/\",\"url\":\"https:\\\/\\\/www.immobilienbusiness.ch\\\/wp-content\\\/uploads\\\/2021\\\/07\\\/logo_ib.png\",\"contentUrl\":\"https:\\\/\\\/www.immobilienbusiness.ch\\\/wp-content\\\/uploads\\\/2021\\\/07\\\/logo_ib.png\",\"width\":800,\"height\":181,\"caption\":\"IMMOBILIEN Business\"},\"image\":{\"@id\":\"https:\\\/\\\/www.immobilienbusiness.ch\\\/#\\\/schema\\\/logo\\\/image\\\/\"},\"sameAs\":[\"https:\\\/\\\/www.facebook.com\\\/immobilienbusiness\\\/\"]},{\"@type\":\"Person\",\"@id\":\"https:\\\/\\\/www.immobilienbusiness.ch\\\/#\\\/schema\\\/person\\\/aba8bea2db926aa0c24c08c43fe1fcd5\",\"name\":\"Alexander Wachter\",\"image\":{\"@type\":\"ImageObject\",\"inLanguage\":\"fr-FR\",\"@id\":\"https:\\\/\\\/secure.gravatar.com\\\/avatar\\\/1a09e471f5389b0e0a6416eac287e0927c7c97a7b77f9e787eba3af7aee281dd?s=96&d=mm&r=g\",\"url\":\"https:\\\/\\\/secure.gravatar.com\\\/avatar\\\/1a09e471f5389b0e0a6416eac287e0927c7c97a7b77f9e787eba3af7aee281dd?s=96&d=mm&r=g\",\"contentUrl\":\"https:\\\/\\\/secure.gravatar.com\\\/avatar\\\/1a09e471f5389b0e0a6416eac287e0927c7c97a7b77f9e787eba3af7aee281dd?s=96&d=mm&r=g\",\"caption\":\"Alexander Wachter\"},\"url\":\"https:\\\/\\\/www.immobilienbusiness.ch\\\/fr\\\/author\\\/alexander-wachter\\\/\"}]}<\/script>\n<!-- \/ Yoast SEO plugin. -->","yoast_head_json":{"title":"Swiss Life: Neuer Commercial-Fonds kotiert - IMMOBILIEN Business","description":"Apr\u00e8s une premi\u00e8re \u00e9mission d'un volume de 500 millions de francs, le nouveau fonds ax\u00e9 sur les immeubles commerciaux a \u00e9t\u00e9 introduit en bourse comme pr\u00e9vu.","robots":{"index":"index","follow":"follow","max-snippet":"max-snippet:-1","max-image-preview":"max-image-preview:large","max-video-preview":"max-video-preview:-1"},"canonical":"https:\/\/www.immobilienbusiness.ch\/fr\/unternehmen\/2026-04-02\/swiss-life-neuer-commercial-fonds-kotiert\/","og_locale":"fr_FR","og_type":"article","og_title":"Swiss Life: Neuer Commercial-Fonds kotiert - IMMOBILIEN Business","og_description":"Nach der Erstemission mit einem Volumen von 500 Millionen Franken ist der neue, auf kommerzielle Liegenschaften fokussierte Fonds plangem\u00e4ss an die B\u00f6rse gegangen.","og_url":"https:\/\/www.immobilienbusiness.ch\/fr\/unternehmen\/2026-04-02\/swiss-life-neuer-commercial-fonds-kotiert\/","og_site_name":"IMMOBILIEN Business","article_publisher":"https:\/\/www.facebook.com\/immobilienbusiness\/","article_published_time":"2026-04-02T07:05:27+00:00","article_modified_time":"2026-04-02T07:28:27+00:00","og_image":[{"width":1200,"height":469,"url":"https:\/\/www.immobilienbusiness.ch\/wp-content\/uploads\/2026\/04\/Zuerich-Binzstrasse-scaled.png","type":"image\/png"}],"author":"Alexander Wachter","twitter_card":"summary_large_image","schema":{"@context":"https:\/\/schema.org","@graph":[{"@type":"Article","@id":"https:\/\/www.immobilienbusiness.ch\/unternehmen\/2026-04-02\/swiss-life-neuer-commercial-fonds-kotiert\/#article","isPartOf":{"@id":"https:\/\/www.immobilienbusiness.ch\/unternehmen\/2026-04-02\/swiss-life-neuer-commercial-fonds-kotiert\/"},"author":{"name":"Alexander Wachter","@id":"https:\/\/www.immobilienbusiness.ch\/#\/schema\/person\/aba8bea2db926aa0c24c08c43fe1fcd5"},"headline":"Swiss Life: Neuer Commercial-Fonds kotiert","datePublished":"2026-04-02T07:05:27+00:00","dateModified":"2026-04-02T07:28:27+00:00","mainEntityOfPage":{"@id":"https:\/\/www.immobilienbusiness.ch\/unternehmen\/2026-04-02\/swiss-life-neuer-commercial-fonds-kotiert\/"},"wordCount":176,"publisher":{"@id":"https:\/\/www.immobilienbusiness.ch\/#organization"},"image":{"@id":"https:\/\/www.immobilienbusiness.ch\/unternehmen\/2026-04-02\/swiss-life-neuer-commercial-fonds-kotiert\/#primaryimage"},"thumbnailUrl":"https:\/\/www.immobilienbusiness.ch\/wp-content\/uploads\/2026\/04\/Zuerich-Binzstrasse-scaled.png","keywords":["Basel","B\u00fcro","Genf","Immobilienfonds","IPO","Kapitalerh\u00f6hung","Kauf","Lausanne","Lugano","Luzern","potenzieller K\u00e4ufer","Retail","Swiss Life Asset Managers","Z\u00fcrich"],"articleSection":["UNTERNEHMEN"],"inLanguage":"fr-FR"},{"@type":"WebPage","@id":"https:\/\/www.immobilienbusiness.ch\/unternehmen\/2026-04-02\/swiss-life-neuer-commercial-fonds-kotiert\/","url":"https:\/\/www.immobilienbusiness.ch\/unternehmen\/2026-04-02\/swiss-life-neuer-commercial-fonds-kotiert\/","name":"Swiss Life: Neuer Commercial-Fonds kotiert - IMMOBILIEN Business","isPartOf":{"@id":"https:\/\/www.immobilienbusiness.ch\/#website"},"primaryImageOfPage":{"@id":"https:\/\/www.immobilienbusiness.ch\/unternehmen\/2026-04-02\/swiss-life-neuer-commercial-fonds-kotiert\/#primaryimage"},"image":{"@id":"https:\/\/www.immobilienbusiness.ch\/unternehmen\/2026-04-02\/swiss-life-neuer-commercial-fonds-kotiert\/#primaryimage"},"thumbnailUrl":"https:\/\/www.immobilienbusiness.ch\/wp-content\/uploads\/2026\/04\/Zuerich-Binzstrasse-scaled.png","datePublished":"2026-04-02T07:05:27+00:00","dateModified":"2026-04-02T07:28:27+00:00","description":"Apr\u00e8s une premi\u00e8re \u00e9mission d'un volume de 500 millions de francs, le nouveau fonds ax\u00e9 sur les immeubles commerciaux a \u00e9t\u00e9 introduit en bourse comme pr\u00e9vu.","breadcrumb":{"@id":"https:\/\/www.immobilienbusiness.ch\/unternehmen\/2026-04-02\/swiss-life-neuer-commercial-fonds-kotiert\/#breadcrumb"},"inLanguage":"fr-FR","potentialAction":[{"@type":"ReadAction","target":["https:\/\/www.immobilienbusiness.ch\/unternehmen\/2026-04-02\/swiss-life-neuer-commercial-fonds-kotiert\/"]}]},{"@type":"ImageObject","inLanguage":"fr-FR","@id":"https:\/\/www.immobilienbusiness.ch\/unternehmen\/2026-04-02\/swiss-life-neuer-commercial-fonds-kotiert\/#primaryimage","url":"https:\/\/www.immobilienbusiness.ch\/wp-content\/uploads\/2026\/04\/Zuerich-Binzstrasse-scaled.png","contentUrl":"https:\/\/www.immobilienbusiness.ch\/wp-content\/uploads\/2026\/04\/Zuerich-Binzstrasse-scaled.png","width":1200,"height":469,"caption":"Die Liegenschaft Binzstrasse 29 in Z\u00fcrich (Bild: Swiss Life Asset Managers)"},{"@type":"BreadcrumbList","@id":"https:\/\/www.immobilienbusiness.ch\/unternehmen\/2026-04-02\/swiss-life-neuer-commercial-fonds-kotiert\/#breadcrumb","itemListElement":[{"@type":"ListItem","position":1,"name":"Home","item":"https:\/\/www.immobilienbusiness.ch\/"},{"@type":"ListItem","position":2,"name":"Swiss Life: Neuer Commercial-Fonds kotiert"}]},{"@type":"WebSite","@id":"https:\/\/www.immobilienbusiness.ch\/#website","url":"https:\/\/www.immobilienbusiness.ch\/","name":"IMMOBILIER Business","description":"Magazine \u00e9conomique suisse ind\u00e9pendant ax\u00e9 sur l'immobilier, l'architecture et la construction ainsi que sur les investissements et le financement.","publisher":{"@id":"https:\/\/www.immobilienbusiness.ch\/#organization"},"potentialAction":[{"@type":"SearchAction","target":{"@type":"EntryPoint","urlTemplate":"https:\/\/www.immobilienbusiness.ch\/?s={search_term_string}"},"query-input":{"@type":"PropertyValueSpecification","valueRequired":true,"valueName":"search_term_string"}}],"inLanguage":"fr-FR"},{"@type":"Organization","@id":"https:\/\/www.immobilienbusiness.ch\/#organization","name":"IMMOBILIER Business","url":"https:\/\/www.immobilienbusiness.ch\/","logo":{"@type":"ImageObject","inLanguage":"fr-FR","@id":"https:\/\/www.immobilienbusiness.ch\/#\/schema\/logo\/image\/","url":"https:\/\/www.immobilienbusiness.ch\/wp-content\/uploads\/2021\/07\/logo_ib.png","contentUrl":"https:\/\/www.immobilienbusiness.ch\/wp-content\/uploads\/2021\/07\/logo_ib.png","width":800,"height":181,"caption":"IMMOBILIEN Business"},"image":{"@id":"https:\/\/www.immobilienbusiness.ch\/#\/schema\/logo\/image\/"},"sameAs":["https:\/\/www.facebook.com\/immobilienbusiness\/"]},{"@type":"Person","@id":"https:\/\/www.immobilienbusiness.ch\/#\/schema\/person\/aba8bea2db926aa0c24c08c43fe1fcd5","name":"Alexander Wachter","image":{"@type":"ImageObject","inLanguage":"fr-FR","@id":"https:\/\/secure.gravatar.com\/avatar\/1a09e471f5389b0e0a6416eac287e0927c7c97a7b77f9e787eba3af7aee281dd?s=96&d=mm&r=g","url":"https:\/\/secure.gravatar.com\/avatar\/1a09e471f5389b0e0a6416eac287e0927c7c97a7b77f9e787eba3af7aee281dd?s=96&d=mm&r=g","contentUrl":"https:\/\/secure.gravatar.com\/avatar\/1a09e471f5389b0e0a6416eac287e0927c7c97a7b77f9e787eba3af7aee281dd?s=96&d=mm&r=g","caption":"Alexander Wachter"},"url":"https:\/\/www.immobilienbusiness.ch\/fr\/author\/alexander-wachter\/"}]}},"_links":{"self":[{"href":"https:\/\/www.immobilienbusiness.ch\/fr\/wp-json\/wp\/v2\/posts\/67948","targetHints":{"allow":["GET"]}}],"collection":[{"href":"https:\/\/www.immobilienbusiness.ch\/fr\/wp-json\/wp\/v2\/posts"}],"about":[{"href":"https:\/\/www.immobilienbusiness.ch\/fr\/wp-json\/wp\/v2\/types\/post"}],"author":[{"embeddable":true,"href":"https:\/\/www.immobilienbusiness.ch\/fr\/wp-json\/wp\/v2\/users\/102"}],"replies":[{"embeddable":true,"href":"https:\/\/www.immobilienbusiness.ch\/fr\/wp-json\/wp\/v2\/comments?post=67948"}],"version-history":[{"count":3,"href":"https:\/\/www.immobilienbusiness.ch\/fr\/wp-json\/wp\/v2\/posts\/67948\/revisions"}],"predecessor-version":[{"id":67954,"href":"https:\/\/www.immobilienbusiness.ch\/fr\/wp-json\/wp\/v2\/posts\/67948\/revisions\/67954"}],"wp:featuredmedia":[{"embeddable":true,"href":"https:\/\/www.immobilienbusiness.ch\/fr\/wp-json\/wp\/v2\/media\/67949"}],"wp:attachment":[{"href":"https:\/\/www.immobilienbusiness.ch\/fr\/wp-json\/wp\/v2\/media?parent=67948"}],"wp:term":[{"taxonomy":"category","embeddable":true,"href":"https:\/\/www.immobilienbusiness.ch\/fr\/wp-json\/wp\/v2\/categories?post=67948"},{"taxonomy":"post_tag","embeddable":true,"href":"https:\/\/www.immobilienbusiness.ch\/fr\/wp-json\/wp\/v2\/tags?post=67948"}],"curies":[{"name":"wp","href":"https:\/\/api.w.org\/{rel}","templated":true}]}}