{"id":67341,"date":"2026-02-19T07:07:53","date_gmt":"2026-02-19T06:07:53","guid":{"rendered":"https:\/\/www.immobilienbusiness.ch\/?p=67341"},"modified":"2026-02-19T09:16:22","modified_gmt":"2026-02-19T08:16:22","slug":"dominice-dspf-kauft-vier-liegenschaften-in-der-westschweiz","status":"publish","type":"post","link":"https:\/\/www.immobilienbusiness.ch\/fr\/unternehmen\/2026-02-19\/dominice-dspf-kauft-vier-liegenschaften-in-der-westschweiz\/","title":{"rendered":"Dominic\u00e9 : DSPF ach\u00e8te quatre immeubles en Suisse romande"},"content":{"rendered":"<figure id=\"attachment_67342\" aria-describedby=\"caption-attachment-67342\" style=\"width: 1004px\" class=\"wp-caption alignnone\"><a href=\"https:\/\/www.immobilienbusiness.ch\/wp-content\/uploads\/2026\/02\/Dominice_Genf.png\"><img loading=\"lazy\" decoding=\"async\" class=\"size-full wp-image-67342\" src=\"https:\/\/www.immobilienbusiness.ch\/wp-content\/uploads\/2026\/02\/Dominice_Genf.png\" alt=\"\" width=\"1004\" height=\"670\" srcset=\"https:\/\/www.immobilienbusiness.ch\/wp-content\/uploads\/2026\/02\/Dominice_Genf.png 1004w, https:\/\/www.immobilienbusiness.ch\/wp-content\/uploads\/2026\/02\/Dominice_Genf-300x200.png 300w, https:\/\/www.immobilienbusiness.ch\/wp-content\/uploads\/2026\/02\/Dominice_Genf-768x513.png 768w, https:\/\/www.immobilienbusiness.ch\/wp-content\/uploads\/2026\/02\/Dominice_Genf-18x12.png 18w, https:\/\/www.immobilienbusiness.ch\/wp-content\/uploads\/2026\/02\/Dominice_Genf-375x250.png 375w, https:\/\/www.immobilienbusiness.ch\/wp-content\/uploads\/2026\/02\/Dominice_Genf-524x350.png 524w, https:\/\/www.immobilienbusiness.ch\/wp-content\/uploads\/2026\/02\/Dominice_Genf-1000x667.png 1000w\" sizes=\"auto, (max-width: 1004px) 100vw, 1004px\" \/><\/a><figcaption id=\"caption-attachment-67342\" class=\"wp-caption-text\">L'immeuble de la rue Jean-Dassier 16 \u00e0 Gen\u00e8ve (photo : Dominic\u00e9)<\/figcaption><\/figure>\n<p>DSPF annonce l'acquisition de quatre immeubles r\u00e9sidentiels d'une valeur de march\u00e9 de plus de 40 millions de CHF. \u00abCette transaction finalise l'investissement des 99 millions de CHF lev\u00e9s en octobre 2025 dans le cadre de l'augmentation de capital et permet de maintenir un ratio d'endettement de 29 %, en ligne avec nos pr\u00e9visions\u00bb, \u00e9crit la soci\u00e9t\u00e9. Les immeubles en question, situ\u00e9s au centre-ville de Gen\u00e8ve ainsi que sur la Riviera vaudoise, sont les suivants :<\/p>\n<ul>\n<li>Le Grand-Saconnex, chemin Alfred-B\u00e9tems 7. L'immeuble comprend 16 appartements de quatre \u00e0 six pi\u00e8ces, am\u00e9nag\u00e9s en propri\u00e9t\u00e9 par \u00e9tage (PPE). Deux appartements suppl\u00e9mentaires pourraient \u00eatre cr\u00e9\u00e9s dans le cadre d'un projet d'am\u00e9nagement des combles.<\/li>\n<li>Gen\u00e8ve, rue Jean-Dassier 16. Le b\u00e2timent, construit en 1919 et class\u00e9 monument historique, est situ\u00e9 entre les quartiers des Grottes et de Saint-Gervais et \u00e0 distance de marche de la gare.<\/li>\n<li>Th\u00f4nex, Chemin des Deux-Communes 19. L'immeuble comprend 21 appartements avec une structure de locataires diversifi\u00e9e. \u00abLa r\u00e9serve locative estim\u00e9e \u00e0 34,6 % offre un potentiel d'optimisation des revenus \u00e0 court et moyen terme en lien avec la rotation naturelle des baux, tandis qu'un projet de sur\u00e9l\u00e9vation (1 \u00e0 1+A \u00e9tage) actuellement \u00e0 l'\u00e9tude permettra d'augmenter la surface louable \u00e0 moyen terme\u00bb, \u00e9crit Dominic\u00e9.<\/li>\n<li>Corsier-sur-Vevey, rue de Carlo-Hemmerling 11. Dominic\u00e9 indique que la r\u00e9serve locative de l'immeuble, situ\u00e9 \u00e0 15 minutes de la gare de Vevey, est de 39,5 %.<\/li>\n<\/ul>","protected":false},"excerpt":{"rendered":"<p>Les acquisitions, d'un montant total de 40 millions de francs, se situent dans les cantons de Gen\u00e8ve et de Vaud.<\/p>","protected":false},"author":102,"featured_media":67342,"comment_status":"closed","ping_status":"closed","sticky":false,"template":"","format":"standard","meta":{"_acf_changed":false,"_yoast_wpseo_focuskw":"Dominic\u00e9","_yoast_wpseo_title":"","_yoast_wpseo_metadesc":"Die Zuk\u00e4ufe von zusammen mit 40 Millionen Franken liegen in den Kantonen Genf und Waadt.","_yoast_wpseo_linkdex":70,"pgc_sgb_lightbox_settings":"","footnotes":""},"categories":[988],"tags":[4238,2159,1260,1344,1414,1492,3643,2637],"class_list":["post-67341","post","type-post","status-publish","format-standard","has-post-thumbnail","hentry","category-unternehmen","tag-corsier-sur-vevey","tag-dominice-swiss-property","tag-genf","tag-immobilienfonds","tag-kauf","tag-mietwohnungen","tag-petit-saconnet","tag-thonex"],"acf":[],"yoast_head":"<!-- This site is optimized with the Yoast SEO plugin v27.4 - https:\/\/yoast.com\/product\/yoast-seo-wordpress\/ -->\n<title>Dominic\u00e9: DSPF kauft vier Liegenschaften in der Westschweiz - IMMOBILIEN Business<\/title>\n<meta name=\"description\" content=\"Die Zuk\u00e4ufe von zusammen mit 40 Millionen Franken liegen in den Kantonen Genf und Waadt.\" \/>\n<meta name=\"robots\" content=\"index, follow, max-snippet:-1, max-image-preview:large, max-video-preview:-1\" \/>\n<link rel=\"canonical\" href=\"https:\/\/www.immobilienbusiness.ch\/fr\/unternehmen\/2026-02-19\/dominice-dspf-kauft-vier-liegenschaften-in-der-westschweiz\/\" \/>\n<meta property=\"og:locale\" content=\"fr_FR\" \/>\n<meta property=\"og:type\" content=\"article\" \/>\n<meta property=\"og:title\" content=\"Dominic\u00e9: DSPF kauft vier Liegenschaften in der Westschweiz - IMMOBILIEN Business\" \/>\n<meta property=\"og:description\" content=\"Die Zuk\u00e4ufe von zusammen mit 40 Millionen Franken liegen in den Kantonen Genf und Waadt.\" \/>\n<meta property=\"og:url\" content=\"https:\/\/www.immobilienbusiness.ch\/fr\/unternehmen\/2026-02-19\/dominice-dspf-kauft-vier-liegenschaften-in-der-westschweiz\/\" \/>\n<meta property=\"og:site_name\" content=\"IMMOBILIEN Business\" \/>\n<meta property=\"article:publisher\" content=\"https:\/\/www.facebook.com\/immobilienbusiness\/\" \/>\n<meta property=\"article:published_time\" content=\"2026-02-19T06:07:53+00:00\" \/>\n<meta property=\"article:modified_time\" content=\"2026-02-19T08:16:22+00:00\" \/>\n<meta property=\"og:image\" content=\"https:\/\/www.immobilienbusiness.ch\/wp-content\/uploads\/2026\/02\/Dominice_Genf.png\" \/>\n\t<meta property=\"og:image:width\" content=\"1004\" \/>\n\t<meta property=\"og:image:height\" content=\"670\" \/>\n\t<meta property=\"og:image:type\" content=\"image\/png\" \/>\n<meta name=\"author\" content=\"Alexander Wachter\" \/>\n<meta name=\"twitter:card\" content=\"summary_large_image\" \/>\n<script type=\"application\/ld+json\" class=\"yoast-schema-graph\">{\"@context\":\"https:\\\/\\\/schema.org\",\"@graph\":[{\"@type\":\"Article\",\"@id\":\"https:\\\/\\\/www.immobilienbusiness.ch\\\/unternehmen\\\/2026-02-19\\\/dominice-dspf-kauft-vier-liegenschaften-in-der-westschweiz\\\/#article\",\"isPartOf\":{\"@id\":\"https:\\\/\\\/www.immobilienbusiness.ch\\\/unternehmen\\\/2026-02-19\\\/dominice-dspf-kauft-vier-liegenschaften-in-der-westschweiz\\\/\"},\"author\":{\"name\":\"Alexander Wachter\",\"@id\":\"https:\\\/\\\/www.immobilienbusiness.ch\\\/#\\\/schema\\\/person\\\/aba8bea2db926aa0c24c08c43fe1fcd5\"},\"headline\":\"Dominic\u00e9: DSPF kauft vier Liegenschaften in der Westschweiz\",\"datePublished\":\"2026-02-19T06:07:53+00:00\",\"dateModified\":\"2026-02-19T08:16:22+00:00\",\"mainEntityOfPage\":{\"@id\":\"https:\\\/\\\/www.immobilienbusiness.ch\\\/unternehmen\\\/2026-02-19\\\/dominice-dspf-kauft-vier-liegenschaften-in-der-westschweiz\\\/\"},\"wordCount\":228,\"publisher\":{\"@id\":\"https:\\\/\\\/www.immobilienbusiness.ch\\\/#organization\"},\"image\":{\"@id\":\"https:\\\/\\\/www.immobilienbusiness.ch\\\/unternehmen\\\/2026-02-19\\\/dominice-dspf-kauft-vier-liegenschaften-in-der-westschweiz\\\/#primaryimage\"},\"thumbnailUrl\":\"https:\\\/\\\/www.immobilienbusiness.ch\\\/wp-content\\\/uploads\\\/2026\\\/02\\\/Dominice_Genf.png\",\"keywords\":[\"Corsier-sur-Vevey\",\"Dominic\u00e9 Swiss Property\",\"Genf\",\"Immobilienfonds\",\"Kauf\",\"Mietwohnungen\",\"Petit-Saconnet\",\"Th\u00f4nex\"],\"articleSection\":[\"UNTERNEHMEN\"],\"inLanguage\":\"fr-FR\"},{\"@type\":\"WebPage\",\"@id\":\"https:\\\/\\\/www.immobilienbusiness.ch\\\/unternehmen\\\/2026-02-19\\\/dominice-dspf-kauft-vier-liegenschaften-in-der-westschweiz\\\/\",\"url\":\"https:\\\/\\\/www.immobilienbusiness.ch\\\/unternehmen\\\/2026-02-19\\\/dominice-dspf-kauft-vier-liegenschaften-in-der-westschweiz\\\/\",\"name\":\"Dominic\u00e9: DSPF kauft vier Liegenschaften in der Westschweiz - IMMOBILIEN Business\",\"isPartOf\":{\"@id\":\"https:\\\/\\\/www.immobilienbusiness.ch\\\/#website\"},\"primaryImageOfPage\":{\"@id\":\"https:\\\/\\\/www.immobilienbusiness.ch\\\/unternehmen\\\/2026-02-19\\\/dominice-dspf-kauft-vier-liegenschaften-in-der-westschweiz\\\/#primaryimage\"},\"image\":{\"@id\":\"https:\\\/\\\/www.immobilienbusiness.ch\\\/unternehmen\\\/2026-02-19\\\/dominice-dspf-kauft-vier-liegenschaften-in-der-westschweiz\\\/#primaryimage\"},\"thumbnailUrl\":\"https:\\\/\\\/www.immobilienbusiness.ch\\\/wp-content\\\/uploads\\\/2026\\\/02\\\/Dominice_Genf.png\",\"datePublished\":\"2026-02-19T06:07:53+00:00\",\"dateModified\":\"2026-02-19T08:16:22+00:00\",\"description\":\"Die Zuk\u00e4ufe von zusammen mit 40 Millionen Franken liegen in den Kantonen Genf und Waadt.\",\"breadcrumb\":{\"@id\":\"https:\\\/\\\/www.immobilienbusiness.ch\\\/unternehmen\\\/2026-02-19\\\/dominice-dspf-kauft-vier-liegenschaften-in-der-westschweiz\\\/#breadcrumb\"},\"inLanguage\":\"fr-FR\",\"potentialAction\":[{\"@type\":\"ReadAction\",\"target\":[\"https:\\\/\\\/www.immobilienbusiness.ch\\\/unternehmen\\\/2026-02-19\\\/dominice-dspf-kauft-vier-liegenschaften-in-der-westschweiz\\\/\"]}]},{\"@type\":\"ImageObject\",\"inLanguage\":\"fr-FR\",\"@id\":\"https:\\\/\\\/www.immobilienbusiness.ch\\\/unternehmen\\\/2026-02-19\\\/dominice-dspf-kauft-vier-liegenschaften-in-der-westschweiz\\\/#primaryimage\",\"url\":\"https:\\\/\\\/www.immobilienbusiness.ch\\\/wp-content\\\/uploads\\\/2026\\\/02\\\/Dominice_Genf.png\",\"contentUrl\":\"https:\\\/\\\/www.immobilienbusiness.ch\\\/wp-content\\\/uploads\\\/2026\\\/02\\\/Dominice_Genf.png\",\"width\":1004,\"height\":670,\"caption\":\"Die Liegenschaft Rue Jean-Dassier 16 in Genf (Bild: Dominic\u00e9)\"},{\"@type\":\"BreadcrumbList\",\"@id\":\"https:\\\/\\\/www.immobilienbusiness.ch\\\/unternehmen\\\/2026-02-19\\\/dominice-dspf-kauft-vier-liegenschaften-in-der-westschweiz\\\/#breadcrumb\",\"itemListElement\":[{\"@type\":\"ListItem\",\"position\":1,\"name\":\"Home\",\"item\":\"https:\\\/\\\/www.immobilienbusiness.ch\\\/\"},{\"@type\":\"ListItem\",\"position\":2,\"name\":\"Dominic\u00e9: DSPF kauft vier Liegenschaften in der Westschweiz\"}]},{\"@type\":\"WebSite\",\"@id\":\"https:\\\/\\\/www.immobilienbusiness.ch\\\/#website\",\"url\":\"https:\\\/\\\/www.immobilienbusiness.ch\\\/\",\"name\":\"IMMOBILIEN Business\",\"description\":\"Unabh\u00e4ngiges Schweizer Wirtschaftsmagazin mit Fokus auf Immobilien, Architektur- und Bau sowie Investment- und Finanzierung.\",\"publisher\":{\"@id\":\"https:\\\/\\\/www.immobilienbusiness.ch\\\/#organization\"},\"potentialAction\":[{\"@type\":\"SearchAction\",\"target\":{\"@type\":\"EntryPoint\",\"urlTemplate\":\"https:\\\/\\\/www.immobilienbusiness.ch\\\/?s={search_term_string}\"},\"query-input\":{\"@type\":\"PropertyValueSpecification\",\"valueRequired\":true,\"valueName\":\"search_term_string\"}}],\"inLanguage\":\"fr-FR\"},{\"@type\":\"Organization\",\"@id\":\"https:\\\/\\\/www.immobilienbusiness.ch\\\/#organization\",\"name\":\"IMMOBILIEN Business\",\"url\":\"https:\\\/\\\/www.immobilienbusiness.ch\\\/\",\"logo\":{\"@type\":\"ImageObject\",\"inLanguage\":\"fr-FR\",\"@id\":\"https:\\\/\\\/www.immobilienbusiness.ch\\\/#\\\/schema\\\/logo\\\/image\\\/\",\"url\":\"https:\\\/\\\/www.immobilienbusiness.ch\\\/wp-content\\\/uploads\\\/2021\\\/07\\\/logo_ib.png\",\"contentUrl\":\"https:\\\/\\\/www.immobilienbusiness.ch\\\/wp-content\\\/uploads\\\/2021\\\/07\\\/logo_ib.png\",\"width\":800,\"height\":181,\"caption\":\"IMMOBILIEN Business\"},\"image\":{\"@id\":\"https:\\\/\\\/www.immobilienbusiness.ch\\\/#\\\/schema\\\/logo\\\/image\\\/\"},\"sameAs\":[\"https:\\\/\\\/www.facebook.com\\\/immobilienbusiness\\\/\"]},{\"@type\":\"Person\",\"@id\":\"https:\\\/\\\/www.immobilienbusiness.ch\\\/#\\\/schema\\\/person\\\/aba8bea2db926aa0c24c08c43fe1fcd5\",\"name\":\"Alexander Wachter\",\"image\":{\"@type\":\"ImageObject\",\"inLanguage\":\"fr-FR\",\"@id\":\"https:\\\/\\\/secure.gravatar.com\\\/avatar\\\/1a09e471f5389b0e0a6416eac287e0927c7c97a7b77f9e787eba3af7aee281dd?s=96&d=mm&r=g\",\"url\":\"https:\\\/\\\/secure.gravatar.com\\\/avatar\\\/1a09e471f5389b0e0a6416eac287e0927c7c97a7b77f9e787eba3af7aee281dd?s=96&d=mm&r=g\",\"contentUrl\":\"https:\\\/\\\/secure.gravatar.com\\\/avatar\\\/1a09e471f5389b0e0a6416eac287e0927c7c97a7b77f9e787eba3af7aee281dd?s=96&d=mm&r=g\",\"caption\":\"Alexander Wachter\"},\"url\":\"https:\\\/\\\/www.immobilienbusiness.ch\\\/fr\\\/author\\\/alexander-wachter\\\/\"}]}<\/script>\n<!-- \/ Yoast SEO plugin. -->","yoast_head_json":{"title":"Dominic\u00e9: DSPF kauft vier Liegenschaften in der Westschweiz - IMMOBILIEN Business","description":"Les acquisitions, d'un montant total de 40 millions de francs, se situent dans les cantons de Gen\u00e8ve et de Vaud.","robots":{"index":"index","follow":"follow","max-snippet":"max-snippet:-1","max-image-preview":"max-image-preview:large","max-video-preview":"max-video-preview:-1"},"canonical":"https:\/\/www.immobilienbusiness.ch\/fr\/unternehmen\/2026-02-19\/dominice-dspf-kauft-vier-liegenschaften-in-der-westschweiz\/","og_locale":"fr_FR","og_type":"article","og_title":"Dominic\u00e9: DSPF kauft vier Liegenschaften in der Westschweiz - IMMOBILIEN Business","og_description":"Die Zuk\u00e4ufe von zusammen mit 40 Millionen Franken liegen in den Kantonen Genf und Waadt.","og_url":"https:\/\/www.immobilienbusiness.ch\/fr\/unternehmen\/2026-02-19\/dominice-dspf-kauft-vier-liegenschaften-in-der-westschweiz\/","og_site_name":"IMMOBILIEN Business","article_publisher":"https:\/\/www.facebook.com\/immobilienbusiness\/","article_published_time":"2026-02-19T06:07:53+00:00","article_modified_time":"2026-02-19T08:16:22+00:00","og_image":[{"width":1004,"height":670,"url":"https:\/\/www.immobilienbusiness.ch\/wp-content\/uploads\/2026\/02\/Dominice_Genf.png","type":"image\/png"}],"author":"Alexander Wachter","twitter_card":"summary_large_image","schema":{"@context":"https:\/\/schema.org","@graph":[{"@type":"Article","@id":"https:\/\/www.immobilienbusiness.ch\/unternehmen\/2026-02-19\/dominice-dspf-kauft-vier-liegenschaften-in-der-westschweiz\/#article","isPartOf":{"@id":"https:\/\/www.immobilienbusiness.ch\/unternehmen\/2026-02-19\/dominice-dspf-kauft-vier-liegenschaften-in-der-westschweiz\/"},"author":{"name":"Alexander Wachter","@id":"https:\/\/www.immobilienbusiness.ch\/#\/schema\/person\/aba8bea2db926aa0c24c08c43fe1fcd5"},"headline":"Dominic\u00e9: DSPF kauft vier Liegenschaften in der Westschweiz","datePublished":"2026-02-19T06:07:53+00:00","dateModified":"2026-02-19T08:16:22+00:00","mainEntityOfPage":{"@id":"https:\/\/www.immobilienbusiness.ch\/unternehmen\/2026-02-19\/dominice-dspf-kauft-vier-liegenschaften-in-der-westschweiz\/"},"wordCount":228,"publisher":{"@id":"https:\/\/www.immobilienbusiness.ch\/#organization"},"image":{"@id":"https:\/\/www.immobilienbusiness.ch\/unternehmen\/2026-02-19\/dominice-dspf-kauft-vier-liegenschaften-in-der-westschweiz\/#primaryimage"},"thumbnailUrl":"https:\/\/www.immobilienbusiness.ch\/wp-content\/uploads\/2026\/02\/Dominice_Genf.png","keywords":["Corsier-sur-Vevey","Dominic\u00e9 Swiss Property","Genf","Immobilienfonds","Kauf","Mietwohnungen","Petit-Saconnet","Th\u00f4nex"],"articleSection":["UNTERNEHMEN"],"inLanguage":"fr-FR"},{"@type":"WebPage","@id":"https:\/\/www.immobilienbusiness.ch\/unternehmen\/2026-02-19\/dominice-dspf-kauft-vier-liegenschaften-in-der-westschweiz\/","url":"https:\/\/www.immobilienbusiness.ch\/unternehmen\/2026-02-19\/dominice-dspf-kauft-vier-liegenschaften-in-der-westschweiz\/","name":"Dominic\u00e9: DSPF kauft vier Liegenschaften in der Westschweiz - IMMOBILIEN Business","isPartOf":{"@id":"https:\/\/www.immobilienbusiness.ch\/#website"},"primaryImageOfPage":{"@id":"https:\/\/www.immobilienbusiness.ch\/unternehmen\/2026-02-19\/dominice-dspf-kauft-vier-liegenschaften-in-der-westschweiz\/#primaryimage"},"image":{"@id":"https:\/\/www.immobilienbusiness.ch\/unternehmen\/2026-02-19\/dominice-dspf-kauft-vier-liegenschaften-in-der-westschweiz\/#primaryimage"},"thumbnailUrl":"https:\/\/www.immobilienbusiness.ch\/wp-content\/uploads\/2026\/02\/Dominice_Genf.png","datePublished":"2026-02-19T06:07:53+00:00","dateModified":"2026-02-19T08:16:22+00:00","description":"Les acquisitions, d'un montant total de 40 millions de francs, se situent dans les cantons de Gen\u00e8ve et de Vaud.","breadcrumb":{"@id":"https:\/\/www.immobilienbusiness.ch\/unternehmen\/2026-02-19\/dominice-dspf-kauft-vier-liegenschaften-in-der-westschweiz\/#breadcrumb"},"inLanguage":"fr-FR","potentialAction":[{"@type":"ReadAction","target":["https:\/\/www.immobilienbusiness.ch\/unternehmen\/2026-02-19\/dominice-dspf-kauft-vier-liegenschaften-in-der-westschweiz\/"]}]},{"@type":"ImageObject","inLanguage":"fr-FR","@id":"https:\/\/www.immobilienbusiness.ch\/unternehmen\/2026-02-19\/dominice-dspf-kauft-vier-liegenschaften-in-der-westschweiz\/#primaryimage","url":"https:\/\/www.immobilienbusiness.ch\/wp-content\/uploads\/2026\/02\/Dominice_Genf.png","contentUrl":"https:\/\/www.immobilienbusiness.ch\/wp-content\/uploads\/2026\/02\/Dominice_Genf.png","width":1004,"height":670,"caption":"Die Liegenschaft Rue Jean-Dassier 16 in Genf (Bild: Dominic\u00e9)"},{"@type":"BreadcrumbList","@id":"https:\/\/www.immobilienbusiness.ch\/unternehmen\/2026-02-19\/dominice-dspf-kauft-vier-liegenschaften-in-der-westschweiz\/#breadcrumb","itemListElement":[{"@type":"ListItem","position":1,"name":"Home","item":"https:\/\/www.immobilienbusiness.ch\/"},{"@type":"ListItem","position":2,"name":"Dominic\u00e9: DSPF kauft vier Liegenschaften in der Westschweiz"}]},{"@type":"WebSite","@id":"https:\/\/www.immobilienbusiness.ch\/#website","url":"https:\/\/www.immobilienbusiness.ch\/","name":"IMMOBILIER Business","description":"Magazine \u00e9conomique suisse ind\u00e9pendant ax\u00e9 sur l'immobilier, l'architecture et la construction ainsi que sur les investissements et le financement.","publisher":{"@id":"https:\/\/www.immobilienbusiness.ch\/#organization"},"potentialAction":[{"@type":"SearchAction","target":{"@type":"EntryPoint","urlTemplate":"https:\/\/www.immobilienbusiness.ch\/?s={search_term_string}"},"query-input":{"@type":"PropertyValueSpecification","valueRequired":true,"valueName":"search_term_string"}}],"inLanguage":"fr-FR"},{"@type":"Organization","@id":"https:\/\/www.immobilienbusiness.ch\/#organization","name":"IMMOBILIER Business","url":"https:\/\/www.immobilienbusiness.ch\/","logo":{"@type":"ImageObject","inLanguage":"fr-FR","@id":"https:\/\/www.immobilienbusiness.ch\/#\/schema\/logo\/image\/","url":"https:\/\/www.immobilienbusiness.ch\/wp-content\/uploads\/2021\/07\/logo_ib.png","contentUrl":"https:\/\/www.immobilienbusiness.ch\/wp-content\/uploads\/2021\/07\/logo_ib.png","width":800,"height":181,"caption":"IMMOBILIEN Business"},"image":{"@id":"https:\/\/www.immobilienbusiness.ch\/#\/schema\/logo\/image\/"},"sameAs":["https:\/\/www.facebook.com\/immobilienbusiness\/"]},{"@type":"Person","@id":"https:\/\/www.immobilienbusiness.ch\/#\/schema\/person\/aba8bea2db926aa0c24c08c43fe1fcd5","name":"Alexander Wachter","image":{"@type":"ImageObject","inLanguage":"fr-FR","@id":"https:\/\/secure.gravatar.com\/avatar\/1a09e471f5389b0e0a6416eac287e0927c7c97a7b77f9e787eba3af7aee281dd?s=96&d=mm&r=g","url":"https:\/\/secure.gravatar.com\/avatar\/1a09e471f5389b0e0a6416eac287e0927c7c97a7b77f9e787eba3af7aee281dd?s=96&d=mm&r=g","contentUrl":"https:\/\/secure.gravatar.com\/avatar\/1a09e471f5389b0e0a6416eac287e0927c7c97a7b77f9e787eba3af7aee281dd?s=96&d=mm&r=g","caption":"Alexander Wachter"},"url":"https:\/\/www.immobilienbusiness.ch\/fr\/author\/alexander-wachter\/"}]}},"_links":{"self":[{"href":"https:\/\/www.immobilienbusiness.ch\/fr\/wp-json\/wp\/v2\/posts\/67341","targetHints":{"allow":["GET"]}}],"collection":[{"href":"https:\/\/www.immobilienbusiness.ch\/fr\/wp-json\/wp\/v2\/posts"}],"about":[{"href":"https:\/\/www.immobilienbusiness.ch\/fr\/wp-json\/wp\/v2\/types\/post"}],"author":[{"embeddable":true,"href":"https:\/\/www.immobilienbusiness.ch\/fr\/wp-json\/wp\/v2\/users\/102"}],"replies":[{"embeddable":true,"href":"https:\/\/www.immobilienbusiness.ch\/fr\/wp-json\/wp\/v2\/comments?post=67341"}],"version-history":[{"count":3,"href":"https:\/\/www.immobilienbusiness.ch\/fr\/wp-json\/wp\/v2\/posts\/67341\/revisions"}],"predecessor-version":[{"id":67352,"href":"https:\/\/www.immobilienbusiness.ch\/fr\/wp-json\/wp\/v2\/posts\/67341\/revisions\/67352"}],"wp:featuredmedia":[{"embeddable":true,"href":"https:\/\/www.immobilienbusiness.ch\/fr\/wp-json\/wp\/v2\/media\/67342"}],"wp:attachment":[{"href":"https:\/\/www.immobilienbusiness.ch\/fr\/wp-json\/wp\/v2\/media?parent=67341"}],"wp:term":[{"taxonomy":"category","embeddable":true,"href":"https:\/\/www.immobilienbusiness.ch\/fr\/wp-json\/wp\/v2\/categories?post=67341"},{"taxonomy":"post_tag","embeddable":true,"href":"https:\/\/www.immobilienbusiness.ch\/fr\/wp-json\/wp\/v2\/tags?post=67341"}],"curies":[{"name":"wp","href":"https:\/\/api.w.org\/{rel}","templated":true}]}}