{"id":67015,"date":"2026-01-28T07:00:20","date_gmt":"2026-01-28T06:00:20","guid":{"rendered":"https:\/\/www.immobilienbusiness.ch\/?p=67015"},"modified":"2026-01-29T12:17:27","modified_gmt":"2026-01-29T11:17:27","slug":"decathlon-zuegelt-auf-1-500-qm-im-zuercher-letzipark","status":"publish","type":"post","link":"https:\/\/www.immobilienbusiness.ch\/fr\/retail\/2026-01-28\/decathlon-zuegelt-auf-1-500-qm-im-zuercher-letzipark\/","title":{"rendered":"Decathlon s'installe sur 1.500 m\u00b2 au Letzipark"},"content":{"rendered":"<figure id=\"attachment_67017\" aria-describedby=\"caption-attachment-67017\" style=\"width: 768px\" class=\"wp-caption alignnone\"><a href=\"https:\/\/www.immobilienbusiness.ch\/wp-content\/uploads\/2026\/01\/Decathlon-scaled.jpg\"><img loading=\"lazy\" decoding=\"async\" class=\"size-large wp-image-67017\" src=\"https:\/\/www.immobilienbusiness.ch\/wp-content\/uploads\/2026\/01\/Decathlon-1024x683.jpg\" alt=\"\" width=\"768\" height=\"512\" srcset=\"https:\/\/www.immobilienbusiness.ch\/wp-content\/uploads\/2026\/01\/Decathlon-1024x683.jpg 1024w, https:\/\/www.immobilienbusiness.ch\/wp-content\/uploads\/2026\/01\/Decathlon-300x200.jpg 300w, https:\/\/www.immobilienbusiness.ch\/wp-content\/uploads\/2026\/01\/Decathlon-768x512.jpg 768w, https:\/\/www.immobilienbusiness.ch\/wp-content\/uploads\/2026\/01\/Decathlon-1536x1024.jpg 1536w, https:\/\/www.immobilienbusiness.ch\/wp-content\/uploads\/2026\/01\/Decathlon-2048x1365.jpg 2048w, https:\/\/www.immobilienbusiness.ch\/wp-content\/uploads\/2026\/01\/Decathlon-18x12.jpg 18w, https:\/\/www.immobilienbusiness.ch\/wp-content\/uploads\/2026\/01\/Decathlon-375x250.jpg 375w, https:\/\/www.immobilienbusiness.ch\/wp-content\/uploads\/2026\/01\/Decathlon-525x350.jpg 525w, https:\/\/www.immobilienbusiness.ch\/wp-content\/uploads\/2026\/01\/Decathlon-1000x667.jpg 1000w, https:\/\/www.immobilienbusiness.ch\/wp-content\/uploads\/2026\/01\/Decathlon-scaled.jpg 1200w\" sizes=\"auto, (max-width: 768px) 100vw, 768px\" \/><\/a><figcaption id=\"caption-attachment-67017\" class=\"wp-caption-text\">La cha\u00eene affiche actuellement un rythme d'expansion \u00e9lev\u00e9 dans plusieurs pays (photo : \u00a9 Decathlon)<\/figcaption><\/figure>\n<p>Le distributeur fran\u00e7ais d'articles de sport Decathlon a annonc\u00e9 l'ouverture de quatre autres magasins \u00e0 Zurich, Gen\u00e8ve et B\u00e2le. En outre, un magasin de Collombey (VS) sera transf\u00e9r\u00e9 vers un nouveau site. Avec ces quatre nouveaux magasins, Decathlon \u00e9tend sa pr\u00e9sence dans toute la Suisse \u00e0 53 sites au total. D'ici fin 2026, il est en outre pr\u00e9vu d'ouvrir jusqu'\u00e0 dix nouveaux magasins Decathlon en Suisse. L'objectif d'expansion \u00e0 long terme de Decathlon est d'atteindre 100 magasins dans le pays.<\/p>\n<h3>La plus grande ouverture \u00e0 Zurich-Altstetten<\/h3>\n<p>Le 8 avril, une succursale Decathlon devrait ouvrir ses portes dans le centre commercial Letzipark \u00e0 Zurich-Altstetten. La surface de vente lou\u00e9e s'\u00e9l\u00e8ve \u00e0 1 500 m\u00b2. Le centre est actuellement en cours de modernisation compl\u00e8te \u00e0 tous les niveaux et devrait f\u00eater officiellement son ach\u00e8vement \u00e0 l'automne. Decathlon ouvrira ensuite son cinqui\u00e8me magasin \u00e0 Gen\u00e8ve le 15 avril. Dans le centre commercial Plan\u00e8te Charmilles, l'entreprise mise sur son concept compact de \u00abCity-Store\u00bb sur 450 m\u00b2. Une semaine plus tard, la filiale de la Greifengasse 23 \u00e0 B\u00e2le ouvrira ses portes. L\u00e0 aussi, le concept \u00abCity-Store\u00bb sera appliqu\u00e9, mais sur trois \u00e9tages et plus de 800 m\u00b2. Enfin, le 6 mai, Decathlon mettra en service un autre \u00abCity-Store\u00bb de 150 m\u00b2 \u00e0 l'a\u00e9roport de Gen\u00e8ve.<\/p>\n<h3>Collombey : transfert sur le m\u00eame site<\/h3>\n<p>Le d\u00e9m\u00e9nagement \u00e0 Collombey, d\u00e9j\u00e0 mentionn\u00e9, aura lieu le 1er avril. Decathlon y d\u00e9place l'emplacement de son magasin de quelques m\u00e8tres. Le magasin quittera le b\u00e2timent du \u00abCollombey Centre\u00bb, mais restera dans la m\u00eame zone. Le nouveau site, situ\u00e9 juste \u00e0 c\u00f4t\u00e9 de Kentucky Fried Chicken (KFC), sera nettement plus accessible, fait savoir l'entreprise. Il y aura un acc\u00e8s direct depuis la rue principale et une cinquantaine de places de parking directement devant le magasin.<\/p>\n<p>En 2025, Decathlon a ouvert neuf nouveaux magasins au total. Le 49e et dernier \u00e0 ce jour a \u00e9t\u00e9 ouvert fin novembre \u00e0 Interlaken.<\/p>","protected":false},"excerpt":{"rendered":"<p>La cha\u00eene fran\u00e7aise pr\u00e9voit en outre de mettre en service trois autres magasins suisses au cours des prochains mois et jusqu'\u00e0 dix nouveaux sites sur l'ensemble de l'ann\u00e9e.<\/p>","protected":false},"author":102,"featured_media":67017,"comment_status":"closed","ping_status":"closed","sticky":false,"template":"","format":"standard","meta":{"_acf_changed":false,"_yoast_wpseo_focuskw":"Decathlon","_yoast_wpseo_title":"","_yoast_wpseo_metadesc":"Der franz\u00f6sische Filialist will in den n\u00e4chsten Monaten zudem drei weitere Schweizer Stores und im Gesamtjahr bis zu zehn neue Standorte in Betrieb nehmen.","_yoast_wpseo_linkdex":62,"pgc_sgb_lightbox_settings":"","footnotes":""},"categories":[987],"tags":[1069,4427,2473,1260,1643,1832,1888],"class_list":["post-67015","post","type-post","status-publish","format-standard","has-post-thumbnail","hentry","category-retail","tag-basel","tag-collombey","tag-decathlon","tag-genf","tag-retail","tag-vermietung","tag-zuerich"],"acf":[],"yoast_head":"<!-- This site is optimized with the Yoast SEO plugin v27.4 - https:\/\/yoast.com\/product\/yoast-seo-wordpress\/ -->\n<title>Decathlon z\u00fcgelt auf 1.500 qm im Letzipark - IMMOBILIEN Business<\/title>\n<meta name=\"description\" content=\"Der franz\u00f6sische Filialist will in den n\u00e4chsten Monaten zudem drei weitere Schweizer Stores und im Gesamtjahr bis zu zehn neue Standorte in Betrieb nehmen.\" \/>\n<meta name=\"robots\" content=\"index, follow, max-snippet:-1, max-image-preview:large, max-video-preview:-1\" \/>\n<link rel=\"canonical\" href=\"https:\/\/www.immobilienbusiness.ch\/fr\/retail\/2026-01-28\/decathlon-zuegelt-auf-1-500-qm-im-zuercher-letzipark\/\" \/>\n<meta property=\"og:locale\" content=\"fr_FR\" \/>\n<meta property=\"og:type\" content=\"article\" \/>\n<meta property=\"og:title\" content=\"Decathlon z\u00fcgelt auf 1.500 qm im Letzipark - IMMOBILIEN Business\" \/>\n<meta property=\"og:description\" content=\"Der franz\u00f6sische Filialist will in den n\u00e4chsten Monaten zudem drei weitere Schweizer Stores und im Gesamtjahr bis zu zehn neue Standorte in Betrieb nehmen.\" \/>\n<meta property=\"og:url\" content=\"https:\/\/www.immobilienbusiness.ch\/fr\/retail\/2026-01-28\/decathlon-zuegelt-auf-1-500-qm-im-zuercher-letzipark\/\" \/>\n<meta property=\"og:site_name\" content=\"IMMOBILIEN Business\" \/>\n<meta property=\"article:publisher\" content=\"https:\/\/www.facebook.com\/immobilienbusiness\/\" \/>\n<meta property=\"article:published_time\" content=\"2026-01-28T06:00:20+00:00\" \/>\n<meta property=\"article:modified_time\" content=\"2026-01-29T11:17:27+00:00\" \/>\n<meta property=\"og:image\" content=\"https:\/\/www.immobilienbusiness.ch\/wp-content\/uploads\/2026\/01\/Decathlon-scaled.jpg\" \/>\n\t<meta property=\"og:image:width\" content=\"1200\" \/>\n\t<meta property=\"og:image:height\" content=\"800\" \/>\n\t<meta property=\"og:image:type\" content=\"image\/jpeg\" \/>\n<meta name=\"author\" content=\"Alexander Wachter\" \/>\n<meta name=\"twitter:card\" content=\"summary_large_image\" \/>\n<script type=\"application\/ld+json\" class=\"yoast-schema-graph\">{\"@context\":\"https:\\\/\\\/schema.org\",\"@graph\":[{\"@type\":\"Article\",\"@id\":\"https:\\\/\\\/www.immobilienbusiness.ch\\\/retail\\\/2026-01-28\\\/decathlon-zuegelt-auf-1-500-qm-im-zuercher-letzipark\\\/#article\",\"isPartOf\":{\"@id\":\"https:\\\/\\\/www.immobilienbusiness.ch\\\/retail\\\/2026-01-28\\\/decathlon-zuegelt-auf-1-500-qm-im-zuercher-letzipark\\\/\"},\"author\":{\"name\":\"Alexander Wachter\",\"@id\":\"https:\\\/\\\/www.immobilienbusiness.ch\\\/#\\\/schema\\\/person\\\/aba8bea2db926aa0c24c08c43fe1fcd5\"},\"headline\":\"Decathlon z\u00fcgelt auf 1.500 qm im Letzipark\",\"datePublished\":\"2026-01-28T06:00:20+00:00\",\"dateModified\":\"2026-01-29T11:17:27+00:00\",\"mainEntityOfPage\":{\"@id\":\"https:\\\/\\\/www.immobilienbusiness.ch\\\/retail\\\/2026-01-28\\\/decathlon-zuegelt-auf-1-500-qm-im-zuercher-letzipark\\\/\"},\"wordCount\":331,\"publisher\":{\"@id\":\"https:\\\/\\\/www.immobilienbusiness.ch\\\/#organization\"},\"image\":{\"@id\":\"https:\\\/\\\/www.immobilienbusiness.ch\\\/retail\\\/2026-01-28\\\/decathlon-zuegelt-auf-1-500-qm-im-zuercher-letzipark\\\/#primaryimage\"},\"thumbnailUrl\":\"https:\\\/\\\/www.immobilienbusiness.ch\\\/wp-content\\\/uploads\\\/2026\\\/01\\\/Decathlon-scaled.jpg\",\"keywords\":[\"Basel\",\"Collombey\",\"Decathlon\",\"Genf\",\"Retail\",\"Vermietung\",\"Z\u00fcrich\"],\"articleSection\":[\"RETAIL\"],\"inLanguage\":\"fr-FR\"},{\"@type\":\"WebPage\",\"@id\":\"https:\\\/\\\/www.immobilienbusiness.ch\\\/retail\\\/2026-01-28\\\/decathlon-zuegelt-auf-1-500-qm-im-zuercher-letzipark\\\/\",\"url\":\"https:\\\/\\\/www.immobilienbusiness.ch\\\/retail\\\/2026-01-28\\\/decathlon-zuegelt-auf-1-500-qm-im-zuercher-letzipark\\\/\",\"name\":\"Decathlon z\u00fcgelt auf 1.500 qm im Letzipark - IMMOBILIEN Business\",\"isPartOf\":{\"@id\":\"https:\\\/\\\/www.immobilienbusiness.ch\\\/#website\"},\"primaryImageOfPage\":{\"@id\":\"https:\\\/\\\/www.immobilienbusiness.ch\\\/retail\\\/2026-01-28\\\/decathlon-zuegelt-auf-1-500-qm-im-zuercher-letzipark\\\/#primaryimage\"},\"image\":{\"@id\":\"https:\\\/\\\/www.immobilienbusiness.ch\\\/retail\\\/2026-01-28\\\/decathlon-zuegelt-auf-1-500-qm-im-zuercher-letzipark\\\/#primaryimage\"},\"thumbnailUrl\":\"https:\\\/\\\/www.immobilienbusiness.ch\\\/wp-content\\\/uploads\\\/2026\\\/01\\\/Decathlon-scaled.jpg\",\"datePublished\":\"2026-01-28T06:00:20+00:00\",\"dateModified\":\"2026-01-29T11:17:27+00:00\",\"description\":\"Der franz\u00f6sische Filialist will in den n\u00e4chsten Monaten zudem drei weitere Schweizer Stores und im Gesamtjahr bis zu zehn neue Standorte in Betrieb nehmen.\",\"breadcrumb\":{\"@id\":\"https:\\\/\\\/www.immobilienbusiness.ch\\\/retail\\\/2026-01-28\\\/decathlon-zuegelt-auf-1-500-qm-im-zuercher-letzipark\\\/#breadcrumb\"},\"inLanguage\":\"fr-FR\",\"potentialAction\":[{\"@type\":\"ReadAction\",\"target\":[\"https:\\\/\\\/www.immobilienbusiness.ch\\\/retail\\\/2026-01-28\\\/decathlon-zuegelt-auf-1-500-qm-im-zuercher-letzipark\\\/\"]}]},{\"@type\":\"ImageObject\",\"inLanguage\":\"fr-FR\",\"@id\":\"https:\\\/\\\/www.immobilienbusiness.ch\\\/retail\\\/2026-01-28\\\/decathlon-zuegelt-auf-1-500-qm-im-zuercher-letzipark\\\/#primaryimage\",\"url\":\"https:\\\/\\\/www.immobilienbusiness.ch\\\/wp-content\\\/uploads\\\/2026\\\/01\\\/Decathlon-scaled.jpg\",\"contentUrl\":\"https:\\\/\\\/www.immobilienbusiness.ch\\\/wp-content\\\/uploads\\\/2026\\\/01\\\/Decathlon-scaled.jpg\",\"width\":1200,\"height\":800,\"caption\":\"Die Kette weist derzeit in mehreren L\u00e4ndern ein hohes Expansionstempo auf (Bild: \u00a9 Decathlon)\"},{\"@type\":\"BreadcrumbList\",\"@id\":\"https:\\\/\\\/www.immobilienbusiness.ch\\\/retail\\\/2026-01-28\\\/decathlon-zuegelt-auf-1-500-qm-im-zuercher-letzipark\\\/#breadcrumb\",\"itemListElement\":[{\"@type\":\"ListItem\",\"position\":1,\"name\":\"Home\",\"item\":\"https:\\\/\\\/www.immobilienbusiness.ch\\\/\"},{\"@type\":\"ListItem\",\"position\":2,\"name\":\"Decathlon z\u00fcgelt auf 1.500 qm im Letzipark\"}]},{\"@type\":\"WebSite\",\"@id\":\"https:\\\/\\\/www.immobilienbusiness.ch\\\/#website\",\"url\":\"https:\\\/\\\/www.immobilienbusiness.ch\\\/\",\"name\":\"IMMOBILIEN Business\",\"description\":\"Unabh\u00e4ngiges Schweizer Wirtschaftsmagazin mit Fokus auf Immobilien, Architektur- und Bau sowie Investment- und Finanzierung.\",\"publisher\":{\"@id\":\"https:\\\/\\\/www.immobilienbusiness.ch\\\/#organization\"},\"potentialAction\":[{\"@type\":\"SearchAction\",\"target\":{\"@type\":\"EntryPoint\",\"urlTemplate\":\"https:\\\/\\\/www.immobilienbusiness.ch\\\/?s={search_term_string}\"},\"query-input\":{\"@type\":\"PropertyValueSpecification\",\"valueRequired\":true,\"valueName\":\"search_term_string\"}}],\"inLanguage\":\"fr-FR\"},{\"@type\":\"Organization\",\"@id\":\"https:\\\/\\\/www.immobilienbusiness.ch\\\/#organization\",\"name\":\"IMMOBILIEN Business\",\"url\":\"https:\\\/\\\/www.immobilienbusiness.ch\\\/\",\"logo\":{\"@type\":\"ImageObject\",\"inLanguage\":\"fr-FR\",\"@id\":\"https:\\\/\\\/www.immobilienbusiness.ch\\\/#\\\/schema\\\/logo\\\/image\\\/\",\"url\":\"https:\\\/\\\/www.immobilienbusiness.ch\\\/wp-content\\\/uploads\\\/2021\\\/07\\\/logo_ib.png\",\"contentUrl\":\"https:\\\/\\\/www.immobilienbusiness.ch\\\/wp-content\\\/uploads\\\/2021\\\/07\\\/logo_ib.png\",\"width\":800,\"height\":181,\"caption\":\"IMMOBILIEN Business\"},\"image\":{\"@id\":\"https:\\\/\\\/www.immobilienbusiness.ch\\\/#\\\/schema\\\/logo\\\/image\\\/\"},\"sameAs\":[\"https:\\\/\\\/www.facebook.com\\\/immobilienbusiness\\\/\"]},{\"@type\":\"Person\",\"@id\":\"https:\\\/\\\/www.immobilienbusiness.ch\\\/#\\\/schema\\\/person\\\/aba8bea2db926aa0c24c08c43fe1fcd5\",\"name\":\"Alexander Wachter\",\"image\":{\"@type\":\"ImageObject\",\"inLanguage\":\"fr-FR\",\"@id\":\"https:\\\/\\\/secure.gravatar.com\\\/avatar\\\/1a09e471f5389b0e0a6416eac287e0927c7c97a7b77f9e787eba3af7aee281dd?s=96&d=mm&r=g\",\"url\":\"https:\\\/\\\/secure.gravatar.com\\\/avatar\\\/1a09e471f5389b0e0a6416eac287e0927c7c97a7b77f9e787eba3af7aee281dd?s=96&d=mm&r=g\",\"contentUrl\":\"https:\\\/\\\/secure.gravatar.com\\\/avatar\\\/1a09e471f5389b0e0a6416eac287e0927c7c97a7b77f9e787eba3af7aee281dd?s=96&d=mm&r=g\",\"caption\":\"Alexander Wachter\"},\"url\":\"https:\\\/\\\/www.immobilienbusiness.ch\\\/fr\\\/author\\\/alexander-wachter\\\/\"}]}<\/script>\n<!-- \/ Yoast SEO plugin. -->","yoast_head_json":{"title":"Decathlon z\u00fcgelt auf 1.500 qm im Letzipark - IMMOBILIEN Business","description":"La cha\u00eene fran\u00e7aise pr\u00e9voit en outre de mettre en service trois autres magasins suisses au cours des prochains mois et jusqu'\u00e0 dix nouveaux sites sur l'ensemble de l'ann\u00e9e.","robots":{"index":"index","follow":"follow","max-snippet":"max-snippet:-1","max-image-preview":"max-image-preview:large","max-video-preview":"max-video-preview:-1"},"canonical":"https:\/\/www.immobilienbusiness.ch\/fr\/retail\/2026-01-28\/decathlon-zuegelt-auf-1-500-qm-im-zuercher-letzipark\/","og_locale":"fr_FR","og_type":"article","og_title":"Decathlon z\u00fcgelt auf 1.500 qm im Letzipark - IMMOBILIEN Business","og_description":"Der franz\u00f6sische Filialist will in den n\u00e4chsten Monaten zudem drei weitere Schweizer Stores und im Gesamtjahr bis zu zehn neue Standorte in Betrieb nehmen.","og_url":"https:\/\/www.immobilienbusiness.ch\/fr\/retail\/2026-01-28\/decathlon-zuegelt-auf-1-500-qm-im-zuercher-letzipark\/","og_site_name":"IMMOBILIEN Business","article_publisher":"https:\/\/www.facebook.com\/immobilienbusiness\/","article_published_time":"2026-01-28T06:00:20+00:00","article_modified_time":"2026-01-29T11:17:27+00:00","og_image":[{"width":1200,"height":800,"url":"https:\/\/www.immobilienbusiness.ch\/wp-content\/uploads\/2026\/01\/Decathlon-scaled.jpg","type":"image\/jpeg"}],"author":"Alexander Wachter","twitter_card":"summary_large_image","schema":{"@context":"https:\/\/schema.org","@graph":[{"@type":"Article","@id":"https:\/\/www.immobilienbusiness.ch\/retail\/2026-01-28\/decathlon-zuegelt-auf-1-500-qm-im-zuercher-letzipark\/#article","isPartOf":{"@id":"https:\/\/www.immobilienbusiness.ch\/retail\/2026-01-28\/decathlon-zuegelt-auf-1-500-qm-im-zuercher-letzipark\/"},"author":{"name":"Alexander Wachter","@id":"https:\/\/www.immobilienbusiness.ch\/#\/schema\/person\/aba8bea2db926aa0c24c08c43fe1fcd5"},"headline":"Decathlon z\u00fcgelt auf 1.500 qm im Letzipark","datePublished":"2026-01-28T06:00:20+00:00","dateModified":"2026-01-29T11:17:27+00:00","mainEntityOfPage":{"@id":"https:\/\/www.immobilienbusiness.ch\/retail\/2026-01-28\/decathlon-zuegelt-auf-1-500-qm-im-zuercher-letzipark\/"},"wordCount":331,"publisher":{"@id":"https:\/\/www.immobilienbusiness.ch\/#organization"},"image":{"@id":"https:\/\/www.immobilienbusiness.ch\/retail\/2026-01-28\/decathlon-zuegelt-auf-1-500-qm-im-zuercher-letzipark\/#primaryimage"},"thumbnailUrl":"https:\/\/www.immobilienbusiness.ch\/wp-content\/uploads\/2026\/01\/Decathlon-scaled.jpg","keywords":["Basel","Collombey","Decathlon","Genf","Retail","Vermietung","Z\u00fcrich"],"articleSection":["RETAIL"],"inLanguage":"fr-FR"},{"@type":"WebPage","@id":"https:\/\/www.immobilienbusiness.ch\/retail\/2026-01-28\/decathlon-zuegelt-auf-1-500-qm-im-zuercher-letzipark\/","url":"https:\/\/www.immobilienbusiness.ch\/retail\/2026-01-28\/decathlon-zuegelt-auf-1-500-qm-im-zuercher-letzipark\/","name":"Decathlon z\u00fcgelt auf 1.500 qm im Letzipark - IMMOBILIEN Business","isPartOf":{"@id":"https:\/\/www.immobilienbusiness.ch\/#website"},"primaryImageOfPage":{"@id":"https:\/\/www.immobilienbusiness.ch\/retail\/2026-01-28\/decathlon-zuegelt-auf-1-500-qm-im-zuercher-letzipark\/#primaryimage"},"image":{"@id":"https:\/\/www.immobilienbusiness.ch\/retail\/2026-01-28\/decathlon-zuegelt-auf-1-500-qm-im-zuercher-letzipark\/#primaryimage"},"thumbnailUrl":"https:\/\/www.immobilienbusiness.ch\/wp-content\/uploads\/2026\/01\/Decathlon-scaled.jpg","datePublished":"2026-01-28T06:00:20+00:00","dateModified":"2026-01-29T11:17:27+00:00","description":"La cha\u00eene fran\u00e7aise pr\u00e9voit en outre de mettre en service trois autres magasins suisses au cours des prochains mois et jusqu'\u00e0 dix nouveaux sites sur l'ensemble de l'ann\u00e9e.","breadcrumb":{"@id":"https:\/\/www.immobilienbusiness.ch\/retail\/2026-01-28\/decathlon-zuegelt-auf-1-500-qm-im-zuercher-letzipark\/#breadcrumb"},"inLanguage":"fr-FR","potentialAction":[{"@type":"ReadAction","target":["https:\/\/www.immobilienbusiness.ch\/retail\/2026-01-28\/decathlon-zuegelt-auf-1-500-qm-im-zuercher-letzipark\/"]}]},{"@type":"ImageObject","inLanguage":"fr-FR","@id":"https:\/\/www.immobilienbusiness.ch\/retail\/2026-01-28\/decathlon-zuegelt-auf-1-500-qm-im-zuercher-letzipark\/#primaryimage","url":"https:\/\/www.immobilienbusiness.ch\/wp-content\/uploads\/2026\/01\/Decathlon-scaled.jpg","contentUrl":"https:\/\/www.immobilienbusiness.ch\/wp-content\/uploads\/2026\/01\/Decathlon-scaled.jpg","width":1200,"height":800,"caption":"Die Kette weist derzeit in mehreren L\u00e4ndern ein hohes Expansionstempo auf (Bild: \u00a9 Decathlon)"},{"@type":"BreadcrumbList","@id":"https:\/\/www.immobilienbusiness.ch\/retail\/2026-01-28\/decathlon-zuegelt-auf-1-500-qm-im-zuercher-letzipark\/#breadcrumb","itemListElement":[{"@type":"ListItem","position":1,"name":"Home","item":"https:\/\/www.immobilienbusiness.ch\/"},{"@type":"ListItem","position":2,"name":"Decathlon z\u00fcgelt auf 1.500 qm im Letzipark"}]},{"@type":"WebSite","@id":"https:\/\/www.immobilienbusiness.ch\/#website","url":"https:\/\/www.immobilienbusiness.ch\/","name":"IMMOBILIER Business","description":"Magazine \u00e9conomique suisse ind\u00e9pendant ax\u00e9 sur l'immobilier, l'architecture et la construction ainsi que sur les investissements et le financement.","publisher":{"@id":"https:\/\/www.immobilienbusiness.ch\/#organization"},"potentialAction":[{"@type":"SearchAction","target":{"@type":"EntryPoint","urlTemplate":"https:\/\/www.immobilienbusiness.ch\/?s={search_term_string}"},"query-input":{"@type":"PropertyValueSpecification","valueRequired":true,"valueName":"search_term_string"}}],"inLanguage":"fr-FR"},{"@type":"Organization","@id":"https:\/\/www.immobilienbusiness.ch\/#organization","name":"IMMOBILIER Business","url":"https:\/\/www.immobilienbusiness.ch\/","logo":{"@type":"ImageObject","inLanguage":"fr-FR","@id":"https:\/\/www.immobilienbusiness.ch\/#\/schema\/logo\/image\/","url":"https:\/\/www.immobilienbusiness.ch\/wp-content\/uploads\/2021\/07\/logo_ib.png","contentUrl":"https:\/\/www.immobilienbusiness.ch\/wp-content\/uploads\/2021\/07\/logo_ib.png","width":800,"height":181,"caption":"IMMOBILIEN Business"},"image":{"@id":"https:\/\/www.immobilienbusiness.ch\/#\/schema\/logo\/image\/"},"sameAs":["https:\/\/www.facebook.com\/immobilienbusiness\/"]},{"@type":"Person","@id":"https:\/\/www.immobilienbusiness.ch\/#\/schema\/person\/aba8bea2db926aa0c24c08c43fe1fcd5","name":"Alexander Wachter","image":{"@type":"ImageObject","inLanguage":"fr-FR","@id":"https:\/\/secure.gravatar.com\/avatar\/1a09e471f5389b0e0a6416eac287e0927c7c97a7b77f9e787eba3af7aee281dd?s=96&d=mm&r=g","url":"https:\/\/secure.gravatar.com\/avatar\/1a09e471f5389b0e0a6416eac287e0927c7c97a7b77f9e787eba3af7aee281dd?s=96&d=mm&r=g","contentUrl":"https:\/\/secure.gravatar.com\/avatar\/1a09e471f5389b0e0a6416eac287e0927c7c97a7b77f9e787eba3af7aee281dd?s=96&d=mm&r=g","caption":"Alexander Wachter"},"url":"https:\/\/www.immobilienbusiness.ch\/fr\/author\/alexander-wachter\/"}]}},"_links":{"self":[{"href":"https:\/\/www.immobilienbusiness.ch\/fr\/wp-json\/wp\/v2\/posts\/67015","targetHints":{"allow":["GET"]}}],"collection":[{"href":"https:\/\/www.immobilienbusiness.ch\/fr\/wp-json\/wp\/v2\/posts"}],"about":[{"href":"https:\/\/www.immobilienbusiness.ch\/fr\/wp-json\/wp\/v2\/types\/post"}],"author":[{"embeddable":true,"href":"https:\/\/www.immobilienbusiness.ch\/fr\/wp-json\/wp\/v2\/users\/102"}],"replies":[{"embeddable":true,"href":"https:\/\/www.immobilienbusiness.ch\/fr\/wp-json\/wp\/v2\/comments?post=67015"}],"version-history":[{"count":4,"href":"https:\/\/www.immobilienbusiness.ch\/fr\/wp-json\/wp\/v2\/posts\/67015\/revisions"}],"predecessor-version":[{"id":67068,"href":"https:\/\/www.immobilienbusiness.ch\/fr\/wp-json\/wp\/v2\/posts\/67015\/revisions\/67068"}],"wp:featuredmedia":[{"embeddable":true,"href":"https:\/\/www.immobilienbusiness.ch\/fr\/wp-json\/wp\/v2\/media\/67017"}],"wp:attachment":[{"href":"https:\/\/www.immobilienbusiness.ch\/fr\/wp-json\/wp\/v2\/media?parent=67015"}],"wp:term":[{"taxonomy":"category","embeddable":true,"href":"https:\/\/www.immobilienbusiness.ch\/fr\/wp-json\/wp\/v2\/categories?post=67015"},{"taxonomy":"post_tag","embeddable":true,"href":"https:\/\/www.immobilienbusiness.ch\/fr\/wp-json\/wp\/v2\/tags?post=67015"}],"curies":[{"name":"wp","href":"https:\/\/api.w.org\/{rel}","templated":true}]}}