{"id":67013,"date":"2026-01-30T06:59:19","date_gmt":"2026-01-30T05:59:19","guid":{"rendered":"https:\/\/www.immobilienbusiness.ch\/?p=67013"},"modified":"2026-01-29T16:03:47","modified_gmt":"2026-01-29T15:03:47","slug":"truststone-fonds-plant-kapitalerhoehung","status":"publish","type":"post","link":"https:\/\/www.immobilienbusiness.ch\/fr\/unternehmen\/2026-01-30\/truststone-fonds-plant-kapitalerhoehung\/","title":{"rendered":"Truststone : le fonds pr\u00e9voit une augmentation de capital"},"content":{"rendered":"<figure id=\"attachment_46598\" aria-describedby=\"caption-attachment-46598\" style=\"width: 768px\" class=\"wp-caption alignnone\"><a href=\"https:\/\/www.immobilienbusiness.ch\/wp-content\/uploads\/2023\/04\/Franken-neue-Serie.png\"><img loading=\"lazy\" decoding=\"async\" class=\"size-large wp-image-46598\" src=\"https:\/\/www.immobilienbusiness.ch\/wp-content\/uploads\/2023\/04\/Franken-neue-Serie-1024x774.png\" alt=\"SNB\" width=\"768\" height=\"581\" srcset=\"https:\/\/www.immobilienbusiness.ch\/wp-content\/uploads\/2023\/04\/Franken-neue-Serie-1024x774.png 1024w, https:\/\/www.immobilienbusiness.ch\/wp-content\/uploads\/2023\/04\/Franken-neue-Serie-300x227.png 300w, https:\/\/www.immobilienbusiness.ch\/wp-content\/uploads\/2023\/04\/Franken-neue-Serie-768x580.png 768w, https:\/\/www.immobilienbusiness.ch\/wp-content\/uploads\/2023\/04\/Franken-neue-Serie-16x12.png 16w, https:\/\/www.immobilienbusiness.ch\/wp-content\/uploads\/2023\/04\/Franken-neue-Serie-375x283.png 375w, https:\/\/www.immobilienbusiness.ch\/wp-content\/uploads\/2023\/04\/Franken-neue-Serie-463x350.png 463w, https:\/\/www.immobilienbusiness.ch\/wp-content\/uploads\/2023\/04\/Franken-neue-Serie-1000x756.png 1000w, https:\/\/www.immobilienbusiness.ch\/wp-content\/uploads\/2023\/04\/Franken-neue-Serie.png 1175w\" sizes=\"auto, (max-width: 768px) 100vw, 768px\" \/><\/a><figcaption id=\"caption-attachment-46598\" class=\"wp-caption-text\">Le fonds immobilier Truststone a re\u00e7u des capitaux suppl\u00e9mentaires (Photo : Banque nationale suisse)<\/figcaption><\/figure>\n<p>La SICAV Truststone Real Estate annonce une augmentation de capital pour le mois de mars. Elle est soumise aux conditions du march\u00e9 et r\u00e9serv\u00e9e exclusivement \u00e0 des investisseurs qualifi\u00e9s, indique la direction du fonds. Le produit de l'op\u00e9ration doit \u00eatre affect\u00e9 \u00e0 des projets de d\u00e9veloppement ainsi qu'\u00e0 des acquisitions garanties. \u00abCes transactions devraient contribuer \u00e0 renforcer les principaux indicateurs de performance du fonds d\u00e8s le prochain exercice\u00bb, pr\u00e9cise le communiqu\u00e9. En tant que direction du fonds, Solutions &amp; Funds n'a pas encore communiqu\u00e9 d'informations plus d\u00e9taill\u00e9es sur le volume pr\u00e9vu \u00e0 ce stade. <em><span style=\"text-decoration: underline;\">(aw)<\/span><\/em><\/p>\n<p>&nbsp;<\/p>","protected":false},"excerpt":{"rendered":"<p>Des acquisitions sont pr\u00e9vues avec les fonds de la prochaine \u00e9mission, qui devrait avoir lieu en mars.<\/p>","protected":false},"author":102,"featured_media":46598,"comment_status":"closed","ping_status":"closed","sticky":false,"template":"","format":"standard","meta":{"_acf_changed":false,"_yoast_wpseo_focuskw":"Truststone","_yoast_wpseo_title":"","_yoast_wpseo_metadesc":"Mit den Mitteln der n\u00e4chsten Emission, die im M\u00e4rz \u00fcber die B\u00fchne gehen soll, sind Zuk\u00e4ufe geplant.","_yoast_wpseo_linkdex":59,"pgc_sgb_lightbox_settings":"","footnotes":""},"categories":[988],"tags":[1344,1412,2254],"class_list":["post-67013","post","type-post","status-publish","format-standard","has-post-thumbnail","hentry","category-unternehmen","tag-immobilienfonds","tag-kapitalerhoehung","tag-truststone"],"acf":[],"yoast_head":"<!-- This site is optimized with the Yoast SEO plugin v27.4 - https:\/\/yoast.com\/product\/yoast-seo-wordpress\/ -->\n<title>Truststone: Fonds plant Kapitalerh\u00f6hung - IMMOBILIEN Business<\/title>\n<meta name=\"description\" content=\"Mit den Mitteln der n\u00e4chsten Emission, die im M\u00e4rz \u00fcber die B\u00fchne gehen soll, sind Zuk\u00e4ufe geplant.\" \/>\n<meta name=\"robots\" content=\"index, follow, max-snippet:-1, max-image-preview:large, max-video-preview:-1\" \/>\n<link rel=\"canonical\" href=\"https:\/\/www.immobilienbusiness.ch\/fr\/unternehmen\/2026-01-30\/truststone-fonds-plant-kapitalerhoehung\/\" \/>\n<meta property=\"og:locale\" content=\"fr_FR\" \/>\n<meta property=\"og:type\" content=\"article\" \/>\n<meta property=\"og:title\" content=\"Truststone: Fonds plant Kapitalerh\u00f6hung - IMMOBILIEN Business\" \/>\n<meta property=\"og:description\" content=\"Mit den Mitteln der n\u00e4chsten Emission, die im M\u00e4rz \u00fcber die B\u00fchne gehen soll, sind Zuk\u00e4ufe geplant.\" \/>\n<meta property=\"og:url\" content=\"https:\/\/www.immobilienbusiness.ch\/fr\/unternehmen\/2026-01-30\/truststone-fonds-plant-kapitalerhoehung\/\" \/>\n<meta property=\"og:site_name\" content=\"IMMOBILIEN Business\" \/>\n<meta property=\"article:publisher\" content=\"https:\/\/www.facebook.com\/immobilienbusiness\/\" \/>\n<meta property=\"article:published_time\" content=\"2026-01-30T05:59:19+00:00\" \/>\n<meta property=\"og:image\" content=\"https:\/\/www.immobilienbusiness.ch\/wp-content\/uploads\/2023\/04\/Franken-neue-Serie-1024x774.png\" \/>\n\t<meta property=\"og:image:width\" content=\"1024\" \/>\n\t<meta property=\"og:image:height\" content=\"774\" \/>\n\t<meta property=\"og:image:type\" content=\"image\/png\" \/>\n<meta name=\"author\" content=\"Alexander Wachter\" \/>\n<meta name=\"twitter:card\" content=\"summary_large_image\" \/>\n<script type=\"application\/ld+json\" class=\"yoast-schema-graph\">{\"@context\":\"https:\\\/\\\/schema.org\",\"@graph\":[{\"@type\":\"Article\",\"@id\":\"https:\\\/\\\/www.immobilienbusiness.ch\\\/unternehmen\\\/2026-01-30\\\/truststone-fonds-plant-kapitalerhoehung\\\/#article\",\"isPartOf\":{\"@id\":\"https:\\\/\\\/www.immobilienbusiness.ch\\\/unternehmen\\\/2026-01-30\\\/truststone-fonds-plant-kapitalerhoehung\\\/\"},\"author\":{\"name\":\"Alexander Wachter\",\"@id\":\"https:\\\/\\\/www.immobilienbusiness.ch\\\/#\\\/schema\\\/person\\\/aba8bea2db926aa0c24c08c43fe1fcd5\"},\"headline\":\"Truststone: Fonds plant Kapitalerh\u00f6hung\",\"datePublished\":\"2026-01-30T05:59:19+00:00\",\"mainEntityOfPage\":{\"@id\":\"https:\\\/\\\/www.immobilienbusiness.ch\\\/unternehmen\\\/2026-01-30\\\/truststone-fonds-plant-kapitalerhoehung\\\/\"},\"wordCount\":112,\"publisher\":{\"@id\":\"https:\\\/\\\/www.immobilienbusiness.ch\\\/#organization\"},\"image\":{\"@id\":\"https:\\\/\\\/www.immobilienbusiness.ch\\\/unternehmen\\\/2026-01-30\\\/truststone-fonds-plant-kapitalerhoehung\\\/#primaryimage\"},\"thumbnailUrl\":\"https:\\\/\\\/www.immobilienbusiness.ch\\\/wp-content\\\/uploads\\\/2023\\\/04\\\/Franken-neue-Serie.png\",\"keywords\":[\"Immobilienfonds\",\"Kapitalerh\u00f6hung\",\"Truststone\"],\"articleSection\":[\"UNTERNEHMEN\"],\"inLanguage\":\"fr-FR\"},{\"@type\":\"WebPage\",\"@id\":\"https:\\\/\\\/www.immobilienbusiness.ch\\\/unternehmen\\\/2026-01-30\\\/truststone-fonds-plant-kapitalerhoehung\\\/\",\"url\":\"https:\\\/\\\/www.immobilienbusiness.ch\\\/unternehmen\\\/2026-01-30\\\/truststone-fonds-plant-kapitalerhoehung\\\/\",\"name\":\"Truststone: Fonds plant Kapitalerh\u00f6hung - IMMOBILIEN Business\",\"isPartOf\":{\"@id\":\"https:\\\/\\\/www.immobilienbusiness.ch\\\/#website\"},\"primaryImageOfPage\":{\"@id\":\"https:\\\/\\\/www.immobilienbusiness.ch\\\/unternehmen\\\/2026-01-30\\\/truststone-fonds-plant-kapitalerhoehung\\\/#primaryimage\"},\"image\":{\"@id\":\"https:\\\/\\\/www.immobilienbusiness.ch\\\/unternehmen\\\/2026-01-30\\\/truststone-fonds-plant-kapitalerhoehung\\\/#primaryimage\"},\"thumbnailUrl\":\"https:\\\/\\\/www.immobilienbusiness.ch\\\/wp-content\\\/uploads\\\/2023\\\/04\\\/Franken-neue-Serie.png\",\"datePublished\":\"2026-01-30T05:59:19+00:00\",\"description\":\"Mit den Mitteln der n\u00e4chsten Emission, die im M\u00e4rz \u00fcber die B\u00fchne gehen soll, sind Zuk\u00e4ufe geplant.\",\"breadcrumb\":{\"@id\":\"https:\\\/\\\/www.immobilienbusiness.ch\\\/unternehmen\\\/2026-01-30\\\/truststone-fonds-plant-kapitalerhoehung\\\/#breadcrumb\"},\"inLanguage\":\"fr-FR\",\"potentialAction\":[{\"@type\":\"ReadAction\",\"target\":[\"https:\\\/\\\/www.immobilienbusiness.ch\\\/unternehmen\\\/2026-01-30\\\/truststone-fonds-plant-kapitalerhoehung\\\/\"]}]},{\"@type\":\"ImageObject\",\"inLanguage\":\"fr-FR\",\"@id\":\"https:\\\/\\\/www.immobilienbusiness.ch\\\/unternehmen\\\/2026-01-30\\\/truststone-fonds-plant-kapitalerhoehung\\\/#primaryimage\",\"url\":\"https:\\\/\\\/www.immobilienbusiness.ch\\\/wp-content\\\/uploads\\\/2023\\\/04\\\/Franken-neue-Serie.png\",\"contentUrl\":\"https:\\\/\\\/www.immobilienbusiness.ch\\\/wp-content\\\/uploads\\\/2023\\\/04\\\/Franken-neue-Serie.png\",\"width\":1175,\"height\":888,\"caption\":\"Die Truststone Sicav sucht frisches Kapital (Foto: Schweizerische Nationalbank)\"},{\"@type\":\"BreadcrumbList\",\"@id\":\"https:\\\/\\\/www.immobilienbusiness.ch\\\/unternehmen\\\/2026-01-30\\\/truststone-fonds-plant-kapitalerhoehung\\\/#breadcrumb\",\"itemListElement\":[{\"@type\":\"ListItem\",\"position\":1,\"name\":\"Home\",\"item\":\"https:\\\/\\\/www.immobilienbusiness.ch\\\/\"},{\"@type\":\"ListItem\",\"position\":2,\"name\":\"Truststone: Fonds plant Kapitalerh\u00f6hung\"}]},{\"@type\":\"WebSite\",\"@id\":\"https:\\\/\\\/www.immobilienbusiness.ch\\\/#website\",\"url\":\"https:\\\/\\\/www.immobilienbusiness.ch\\\/\",\"name\":\"IMMOBILIEN Business\",\"description\":\"Unabh\u00e4ngiges Schweizer Wirtschaftsmagazin mit Fokus auf Immobilien, Architektur- und Bau sowie Investment- und Finanzierung.\",\"publisher\":{\"@id\":\"https:\\\/\\\/www.immobilienbusiness.ch\\\/#organization\"},\"potentialAction\":[{\"@type\":\"SearchAction\",\"target\":{\"@type\":\"EntryPoint\",\"urlTemplate\":\"https:\\\/\\\/www.immobilienbusiness.ch\\\/?s={search_term_string}\"},\"query-input\":{\"@type\":\"PropertyValueSpecification\",\"valueRequired\":true,\"valueName\":\"search_term_string\"}}],\"inLanguage\":\"fr-FR\"},{\"@type\":\"Organization\",\"@id\":\"https:\\\/\\\/www.immobilienbusiness.ch\\\/#organization\",\"name\":\"IMMOBILIEN Business\",\"url\":\"https:\\\/\\\/www.immobilienbusiness.ch\\\/\",\"logo\":{\"@type\":\"ImageObject\",\"inLanguage\":\"fr-FR\",\"@id\":\"https:\\\/\\\/www.immobilienbusiness.ch\\\/#\\\/schema\\\/logo\\\/image\\\/\",\"url\":\"https:\\\/\\\/www.immobilienbusiness.ch\\\/wp-content\\\/uploads\\\/2021\\\/07\\\/logo_ib.png\",\"contentUrl\":\"https:\\\/\\\/www.immobilienbusiness.ch\\\/wp-content\\\/uploads\\\/2021\\\/07\\\/logo_ib.png\",\"width\":800,\"height\":181,\"caption\":\"IMMOBILIEN Business\"},\"image\":{\"@id\":\"https:\\\/\\\/www.immobilienbusiness.ch\\\/#\\\/schema\\\/logo\\\/image\\\/\"},\"sameAs\":[\"https:\\\/\\\/www.facebook.com\\\/immobilienbusiness\\\/\"]},{\"@type\":\"Person\",\"@id\":\"https:\\\/\\\/www.immobilienbusiness.ch\\\/#\\\/schema\\\/person\\\/aba8bea2db926aa0c24c08c43fe1fcd5\",\"name\":\"Alexander Wachter\",\"image\":{\"@type\":\"ImageObject\",\"inLanguage\":\"fr-FR\",\"@id\":\"https:\\\/\\\/secure.gravatar.com\\\/avatar\\\/1a09e471f5389b0e0a6416eac287e0927c7c97a7b77f9e787eba3af7aee281dd?s=96&d=mm&r=g\",\"url\":\"https:\\\/\\\/secure.gravatar.com\\\/avatar\\\/1a09e471f5389b0e0a6416eac287e0927c7c97a7b77f9e787eba3af7aee281dd?s=96&d=mm&r=g\",\"contentUrl\":\"https:\\\/\\\/secure.gravatar.com\\\/avatar\\\/1a09e471f5389b0e0a6416eac287e0927c7c97a7b77f9e787eba3af7aee281dd?s=96&d=mm&r=g\",\"caption\":\"Alexander Wachter\"},\"url\":\"https:\\\/\\\/www.immobilienbusiness.ch\\\/fr\\\/author\\\/alexander-wachter\\\/\"}]}<\/script>\n<!-- \/ Yoast SEO plugin. -->","yoast_head_json":{"title":"Truststone: Fonds plant Kapitalerh\u00f6hung - IMMOBILIEN Business","description":"Des acquisitions sont pr\u00e9vues avec les fonds de la prochaine \u00e9mission, qui devrait avoir lieu en mars.","robots":{"index":"index","follow":"follow","max-snippet":"max-snippet:-1","max-image-preview":"max-image-preview:large","max-video-preview":"max-video-preview:-1"},"canonical":"https:\/\/www.immobilienbusiness.ch\/fr\/unternehmen\/2026-01-30\/truststone-fonds-plant-kapitalerhoehung\/","og_locale":"fr_FR","og_type":"article","og_title":"Truststone: Fonds plant Kapitalerh\u00f6hung - IMMOBILIEN Business","og_description":"Mit den Mitteln der n\u00e4chsten Emission, die im M\u00e4rz \u00fcber die B\u00fchne gehen soll, sind Zuk\u00e4ufe geplant.","og_url":"https:\/\/www.immobilienbusiness.ch\/fr\/unternehmen\/2026-01-30\/truststone-fonds-plant-kapitalerhoehung\/","og_site_name":"IMMOBILIEN Business","article_publisher":"https:\/\/www.facebook.com\/immobilienbusiness\/","article_published_time":"2026-01-30T05:59:19+00:00","og_image":[{"width":1024,"height":774,"url":"https:\/\/www.immobilienbusiness.ch\/wp-content\/uploads\/2023\/04\/Franken-neue-Serie-1024x774.png","type":"image\/png"}],"author":"Alexander Wachter","twitter_card":"summary_large_image","schema":{"@context":"https:\/\/schema.org","@graph":[{"@type":"Article","@id":"https:\/\/www.immobilienbusiness.ch\/unternehmen\/2026-01-30\/truststone-fonds-plant-kapitalerhoehung\/#article","isPartOf":{"@id":"https:\/\/www.immobilienbusiness.ch\/unternehmen\/2026-01-30\/truststone-fonds-plant-kapitalerhoehung\/"},"author":{"name":"Alexander Wachter","@id":"https:\/\/www.immobilienbusiness.ch\/#\/schema\/person\/aba8bea2db926aa0c24c08c43fe1fcd5"},"headline":"Truststone: Fonds plant Kapitalerh\u00f6hung","datePublished":"2026-01-30T05:59:19+00:00","mainEntityOfPage":{"@id":"https:\/\/www.immobilienbusiness.ch\/unternehmen\/2026-01-30\/truststone-fonds-plant-kapitalerhoehung\/"},"wordCount":112,"publisher":{"@id":"https:\/\/www.immobilienbusiness.ch\/#organization"},"image":{"@id":"https:\/\/www.immobilienbusiness.ch\/unternehmen\/2026-01-30\/truststone-fonds-plant-kapitalerhoehung\/#primaryimage"},"thumbnailUrl":"https:\/\/www.immobilienbusiness.ch\/wp-content\/uploads\/2023\/04\/Franken-neue-Serie.png","keywords":["Immobilienfonds","Kapitalerh\u00f6hung","Truststone"],"articleSection":["UNTERNEHMEN"],"inLanguage":"fr-FR"},{"@type":"WebPage","@id":"https:\/\/www.immobilienbusiness.ch\/unternehmen\/2026-01-30\/truststone-fonds-plant-kapitalerhoehung\/","url":"https:\/\/www.immobilienbusiness.ch\/unternehmen\/2026-01-30\/truststone-fonds-plant-kapitalerhoehung\/","name":"Truststone: Fonds plant Kapitalerh\u00f6hung - IMMOBILIEN Business","isPartOf":{"@id":"https:\/\/www.immobilienbusiness.ch\/#website"},"primaryImageOfPage":{"@id":"https:\/\/www.immobilienbusiness.ch\/unternehmen\/2026-01-30\/truststone-fonds-plant-kapitalerhoehung\/#primaryimage"},"image":{"@id":"https:\/\/www.immobilienbusiness.ch\/unternehmen\/2026-01-30\/truststone-fonds-plant-kapitalerhoehung\/#primaryimage"},"thumbnailUrl":"https:\/\/www.immobilienbusiness.ch\/wp-content\/uploads\/2023\/04\/Franken-neue-Serie.png","datePublished":"2026-01-30T05:59:19+00:00","description":"Des acquisitions sont pr\u00e9vues avec les fonds de la prochaine \u00e9mission, qui devrait avoir lieu en mars.","breadcrumb":{"@id":"https:\/\/www.immobilienbusiness.ch\/unternehmen\/2026-01-30\/truststone-fonds-plant-kapitalerhoehung\/#breadcrumb"},"inLanguage":"fr-FR","potentialAction":[{"@type":"ReadAction","target":["https:\/\/www.immobilienbusiness.ch\/unternehmen\/2026-01-30\/truststone-fonds-plant-kapitalerhoehung\/"]}]},{"@type":"ImageObject","inLanguage":"fr-FR","@id":"https:\/\/www.immobilienbusiness.ch\/unternehmen\/2026-01-30\/truststone-fonds-plant-kapitalerhoehung\/#primaryimage","url":"https:\/\/www.immobilienbusiness.ch\/wp-content\/uploads\/2023\/04\/Franken-neue-Serie.png","contentUrl":"https:\/\/www.immobilienbusiness.ch\/wp-content\/uploads\/2023\/04\/Franken-neue-Serie.png","width":1175,"height":888,"caption":"Die Truststone Sicav sucht frisches Kapital (Foto: Schweizerische Nationalbank)"},{"@type":"BreadcrumbList","@id":"https:\/\/www.immobilienbusiness.ch\/unternehmen\/2026-01-30\/truststone-fonds-plant-kapitalerhoehung\/#breadcrumb","itemListElement":[{"@type":"ListItem","position":1,"name":"Home","item":"https:\/\/www.immobilienbusiness.ch\/"},{"@type":"ListItem","position":2,"name":"Truststone: Fonds plant Kapitalerh\u00f6hung"}]},{"@type":"WebSite","@id":"https:\/\/www.immobilienbusiness.ch\/#website","url":"https:\/\/www.immobilienbusiness.ch\/","name":"IMMOBILIER Business","description":"Magazine \u00e9conomique suisse ind\u00e9pendant ax\u00e9 sur l'immobilier, l'architecture et la construction ainsi que sur les investissements et le financement.","publisher":{"@id":"https:\/\/www.immobilienbusiness.ch\/#organization"},"potentialAction":[{"@type":"SearchAction","target":{"@type":"EntryPoint","urlTemplate":"https:\/\/www.immobilienbusiness.ch\/?s={search_term_string}"},"query-input":{"@type":"PropertyValueSpecification","valueRequired":true,"valueName":"search_term_string"}}],"inLanguage":"fr-FR"},{"@type":"Organization","@id":"https:\/\/www.immobilienbusiness.ch\/#organization","name":"IMMOBILIER Business","url":"https:\/\/www.immobilienbusiness.ch\/","logo":{"@type":"ImageObject","inLanguage":"fr-FR","@id":"https:\/\/www.immobilienbusiness.ch\/#\/schema\/logo\/image\/","url":"https:\/\/www.immobilienbusiness.ch\/wp-content\/uploads\/2021\/07\/logo_ib.png","contentUrl":"https:\/\/www.immobilienbusiness.ch\/wp-content\/uploads\/2021\/07\/logo_ib.png","width":800,"height":181,"caption":"IMMOBILIEN Business"},"image":{"@id":"https:\/\/www.immobilienbusiness.ch\/#\/schema\/logo\/image\/"},"sameAs":["https:\/\/www.facebook.com\/immobilienbusiness\/"]},{"@type":"Person","@id":"https:\/\/www.immobilienbusiness.ch\/#\/schema\/person\/aba8bea2db926aa0c24c08c43fe1fcd5","name":"Alexander Wachter","image":{"@type":"ImageObject","inLanguage":"fr-FR","@id":"https:\/\/secure.gravatar.com\/avatar\/1a09e471f5389b0e0a6416eac287e0927c7c97a7b77f9e787eba3af7aee281dd?s=96&d=mm&r=g","url":"https:\/\/secure.gravatar.com\/avatar\/1a09e471f5389b0e0a6416eac287e0927c7c97a7b77f9e787eba3af7aee281dd?s=96&d=mm&r=g","contentUrl":"https:\/\/secure.gravatar.com\/avatar\/1a09e471f5389b0e0a6416eac287e0927c7c97a7b77f9e787eba3af7aee281dd?s=96&d=mm&r=g","caption":"Alexander Wachter"},"url":"https:\/\/www.immobilienbusiness.ch\/fr\/author\/alexander-wachter\/"}]}},"_links":{"self":[{"href":"https:\/\/www.immobilienbusiness.ch\/fr\/wp-json\/wp\/v2\/posts\/67013","targetHints":{"allow":["GET"]}}],"collection":[{"href":"https:\/\/www.immobilienbusiness.ch\/fr\/wp-json\/wp\/v2\/posts"}],"about":[{"href":"https:\/\/www.immobilienbusiness.ch\/fr\/wp-json\/wp\/v2\/types\/post"}],"author":[{"embeddable":true,"href":"https:\/\/www.immobilienbusiness.ch\/fr\/wp-json\/wp\/v2\/users\/102"}],"replies":[{"embeddable":true,"href":"https:\/\/www.immobilienbusiness.ch\/fr\/wp-json\/wp\/v2\/comments?post=67013"}],"version-history":[{"count":1,"href":"https:\/\/www.immobilienbusiness.ch\/fr\/wp-json\/wp\/v2\/posts\/67013\/revisions"}],"predecessor-version":[{"id":67014,"href":"https:\/\/www.immobilienbusiness.ch\/fr\/wp-json\/wp\/v2\/posts\/67013\/revisions\/67014"}],"wp:featuredmedia":[{"embeddable":true,"href":"https:\/\/www.immobilienbusiness.ch\/fr\/wp-json\/wp\/v2\/media\/46598"}],"wp:attachment":[{"href":"https:\/\/www.immobilienbusiness.ch\/fr\/wp-json\/wp\/v2\/media?parent=67013"}],"wp:term":[{"taxonomy":"category","embeddable":true,"href":"https:\/\/www.immobilienbusiness.ch\/fr\/wp-json\/wp\/v2\/categories?post=67013"},{"taxonomy":"post_tag","embeddable":true,"href":"https:\/\/www.immobilienbusiness.ch\/fr\/wp-json\/wp\/v2\/tags?post=67013"}],"curies":[{"name":"wp","href":"https:\/\/api.w.org\/{rel}","templated":true}]}}