{"id":66941,"date":"2026-01-21T07:00:56","date_gmt":"2026-01-21T06:00:56","guid":{"rendered":"https:\/\/www.immobilienbusiness.ch\/?p=66941"},"modified":"2026-01-21T15:38:32","modified_gmt":"2026-01-21T14:38:32","slug":"niederer-ag-drei-neue-verwaltungsraete","status":"publish","type":"post","link":"https:\/\/www.immobilienbusiness.ch\/fr\/personalia\/2026-01-21\/niederer-ag-drei-neue-verwaltungsraete\/","title":{"rendered":"Niederer AG : Trois nouveaux membres du conseil d'administration"},"content":{"rendered":"<figure id=\"attachment_66942\" aria-describedby=\"caption-attachment-66942\" style=\"width: 768px\" class=\"wp-caption alignnone\"><a href=\"https:\/\/www.immobilienbusiness.ch\/wp-content\/uploads\/2026\/01\/VR_Niederer_2026-scaled.png\"><img loading=\"lazy\" decoding=\"async\" class=\"size-large wp-image-66942\" src=\"https:\/\/www.immobilienbusiness.ch\/wp-content\/uploads\/2026\/01\/VR_Niederer_2026-1024x683.png\" alt=\"\" width=\"768\" height=\"512\" srcset=\"https:\/\/www.immobilienbusiness.ch\/wp-content\/uploads\/2026\/01\/VR_Niederer_2026-1024x683.png 1024w, https:\/\/www.immobilienbusiness.ch\/wp-content\/uploads\/2026\/01\/VR_Niederer_2026-300x200.png 300w, https:\/\/www.immobilienbusiness.ch\/wp-content\/uploads\/2026\/01\/VR_Niederer_2026-768x512.png 768w, https:\/\/www.immobilienbusiness.ch\/wp-content\/uploads\/2026\/01\/VR_Niederer_2026-18x12.png 18w, https:\/\/www.immobilienbusiness.ch\/wp-content\/uploads\/2026\/01\/VR_Niederer_2026-375x250.png 375w, https:\/\/www.immobilienbusiness.ch\/wp-content\/uploads\/2026\/01\/VR_Niederer_2026-525x350.png 525w, https:\/\/www.immobilienbusiness.ch\/wp-content\/uploads\/2026\/01\/VR_Niederer_2026-1000x667.png 1000w, https:\/\/www.immobilienbusiness.ch\/wp-content\/uploads\/2026\/01\/VR_Niederer_2026-scaled.png 1200w\" sizes=\"auto, (max-width: 768px) 100vw, 768px\" \/><\/a><figcaption id=\"caption-attachment-66942\" class=\"wp-caption-text\">Raphael Pfister, Sabrina Hauser et Markus Troxler (photo : Niederer AG)<\/figcaption><\/figure>\n<p>La soci\u00e9t\u00e9 Niederer AG annonce un \u00e9largissement de son conseil d'administration. Raphael Pfister de la soci\u00e9t\u00e9 Rechnungswerk Treuhand AG, Sabrina Hauser de la soci\u00e9t\u00e9 Circum Real Estate AG et Markus Troxler de la soci\u00e9t\u00e9 Garaio AG ont \u00e9t\u00e9 nouvellement \u00e9lus en son sein. L'entreprise immobili\u00e8re ancr\u00e9e dans l'Espace Mittelland emploie environ 120 collaborateurs sur huit sites. Le si\u00e8ge principal est \u00e0 Ostermundingen (BE). Avec cette nouvelle nomination au conseil d'administration, Niederer AG souligne, selon le communiqu\u00e9, \u00abson ambition d'associer des prestations immobili\u00e8res de haute qualit\u00e9 \u00e0 une vision d'entreprise, au progr\u00e8s technologique et au d\u00e9veloppement durable\u00bb.<\/p>","protected":false},"excerpt":{"rendered":"<p>Le prestataire de services immobiliers d'Ostermundingen, qui emploie 120 personnes et poss\u00e8de 8 succursales, a \u00e9largi son conseil d'administration \u00e0 Raphael Pfister, Sabrina Hauser et Markus Troxler.<\/p>","protected":false},"author":102,"featured_media":66942,"comment_status":"closed","ping_status":"closed","sticky":false,"template":"","format":"standard","meta":{"_acf_changed":false,"_yoast_wpseo_focuskw":"Ostermundingen","_yoast_wpseo_title":"","_yoast_wpseo_metadesc":"Das Unternehmen aus Ostermundingen mit 120 Besch\u00e4ftigten und 8 Niederlassungen hat den Verwaltungsrat um Raphael Pfister, Sabrina Hauser und Markus Troxler erweitert.","_yoast_wpseo_linkdex":62,"pgc_sgb_lightbox_settings":"","footnotes":""},"categories":[1912],"tags":[1340,4416,1563],"class_list":["post-66941","post","type-post","status-publish","format-standard","has-post-thumbnail","hentry","category-personalia","tag-immobiliendienstleister","tag-niederer-ag","tag-personalia"],"acf":[],"yoast_head":"<!-- This site is optimized with the Yoast SEO plugin v27.4 - https:\/\/yoast.com\/product\/yoast-seo-wordpress\/ -->\n<title>Niederer AG: Drei neue Verwaltungsr\u00e4te - IMMOBILIEN Business<\/title>\n<meta name=\"description\" content=\"Das Unternehmen aus Ostermundingen mit 120 Besch\u00e4ftigten und 8 Niederlassungen hat den Verwaltungsrat um Raphael Pfister, Sabrina Hauser und Markus Troxler erweitert.\" \/>\n<meta name=\"robots\" content=\"index, follow, max-snippet:-1, max-image-preview:large, max-video-preview:-1\" \/>\n<link rel=\"canonical\" href=\"https:\/\/www.immobilienbusiness.ch\/fr\/personalia\/2026-01-21\/niederer-ag-drei-neue-verwaltungsraete\/\" \/>\n<meta property=\"og:locale\" content=\"fr_FR\" \/>\n<meta property=\"og:type\" content=\"article\" \/>\n<meta property=\"og:title\" content=\"Niederer AG: Drei neue Verwaltungsr\u00e4te - IMMOBILIEN Business\" \/>\n<meta property=\"og:description\" content=\"Das Unternehmen aus Ostermundingen mit 120 Besch\u00e4ftigten und 8 Niederlassungen hat den Verwaltungsrat um Raphael Pfister, Sabrina Hauser und Markus Troxler erweitert.\" \/>\n<meta property=\"og:url\" content=\"https:\/\/www.immobilienbusiness.ch\/fr\/personalia\/2026-01-21\/niederer-ag-drei-neue-verwaltungsraete\/\" \/>\n<meta property=\"og:site_name\" content=\"IMMOBILIEN Business\" \/>\n<meta property=\"article:publisher\" content=\"https:\/\/www.facebook.com\/immobilienbusiness\/\" \/>\n<meta property=\"article:published_time\" content=\"2026-01-21T06:00:56+00:00\" \/>\n<meta property=\"article:modified_time\" content=\"2026-01-21T14:38:32+00:00\" \/>\n<meta property=\"og:image\" content=\"https:\/\/www.immobilienbusiness.ch\/wp-content\/uploads\/2026\/01\/VR_Niederer_2026-scaled.png\" \/>\n\t<meta property=\"og:image:width\" content=\"1200\" \/>\n\t<meta property=\"og:image:height\" content=\"800\" \/>\n\t<meta property=\"og:image:type\" content=\"image\/png\" \/>\n<meta name=\"author\" content=\"Alexander Wachter\" \/>\n<meta name=\"twitter:card\" content=\"summary_large_image\" \/>\n<script type=\"application\/ld+json\" class=\"yoast-schema-graph\">{\"@context\":\"https:\\\/\\\/schema.org\",\"@graph\":[{\"@type\":\"Article\",\"@id\":\"https:\\\/\\\/www.immobilienbusiness.ch\\\/personalia\\\/2026-01-21\\\/niederer-ag-drei-neue-verwaltungsraete\\\/#article\",\"isPartOf\":{\"@id\":\"https:\\\/\\\/www.immobilienbusiness.ch\\\/personalia\\\/2026-01-21\\\/niederer-ag-drei-neue-verwaltungsraete\\\/\"},\"author\":{\"name\":\"Alexander Wachter\",\"@id\":\"https:\\\/\\\/www.immobilienbusiness.ch\\\/#\\\/schema\\\/person\\\/aba8bea2db926aa0c24c08c43fe1fcd5\"},\"headline\":\"Niederer AG: Drei neue Verwaltungsr\u00e4te\",\"datePublished\":\"2026-01-21T06:00:56+00:00\",\"dateModified\":\"2026-01-21T14:38:32+00:00\",\"mainEntityOfPage\":{\"@id\":\"https:\\\/\\\/www.immobilienbusiness.ch\\\/personalia\\\/2026-01-21\\\/niederer-ag-drei-neue-verwaltungsraete\\\/\"},\"wordCount\":104,\"publisher\":{\"@id\":\"https:\\\/\\\/www.immobilienbusiness.ch\\\/#organization\"},\"image\":{\"@id\":\"https:\\\/\\\/www.immobilienbusiness.ch\\\/personalia\\\/2026-01-21\\\/niederer-ag-drei-neue-verwaltungsraete\\\/#primaryimage\"},\"thumbnailUrl\":\"https:\\\/\\\/www.immobilienbusiness.ch\\\/wp-content\\\/uploads\\\/2026\\\/01\\\/VR_Niederer_2026-scaled.png\",\"keywords\":[\"Immobiliendienstleister\",\"Niederer AG\",\"Personalia\"],\"articleSection\":[\"PERSONALIA\"],\"inLanguage\":\"fr-FR\"},{\"@type\":\"WebPage\",\"@id\":\"https:\\\/\\\/www.immobilienbusiness.ch\\\/personalia\\\/2026-01-21\\\/niederer-ag-drei-neue-verwaltungsraete\\\/\",\"url\":\"https:\\\/\\\/www.immobilienbusiness.ch\\\/personalia\\\/2026-01-21\\\/niederer-ag-drei-neue-verwaltungsraete\\\/\",\"name\":\"Niederer AG: Drei neue Verwaltungsr\u00e4te - IMMOBILIEN Business\",\"isPartOf\":{\"@id\":\"https:\\\/\\\/www.immobilienbusiness.ch\\\/#website\"},\"primaryImageOfPage\":{\"@id\":\"https:\\\/\\\/www.immobilienbusiness.ch\\\/personalia\\\/2026-01-21\\\/niederer-ag-drei-neue-verwaltungsraete\\\/#primaryimage\"},\"image\":{\"@id\":\"https:\\\/\\\/www.immobilienbusiness.ch\\\/personalia\\\/2026-01-21\\\/niederer-ag-drei-neue-verwaltungsraete\\\/#primaryimage\"},\"thumbnailUrl\":\"https:\\\/\\\/www.immobilienbusiness.ch\\\/wp-content\\\/uploads\\\/2026\\\/01\\\/VR_Niederer_2026-scaled.png\",\"datePublished\":\"2026-01-21T06:00:56+00:00\",\"dateModified\":\"2026-01-21T14:38:32+00:00\",\"description\":\"Das Unternehmen aus Ostermundingen mit 120 Besch\u00e4ftigten und 8 Niederlassungen hat den Verwaltungsrat um Raphael Pfister, Sabrina Hauser und Markus Troxler erweitert.\",\"breadcrumb\":{\"@id\":\"https:\\\/\\\/www.immobilienbusiness.ch\\\/personalia\\\/2026-01-21\\\/niederer-ag-drei-neue-verwaltungsraete\\\/#breadcrumb\"},\"inLanguage\":\"fr-FR\",\"potentialAction\":[{\"@type\":\"ReadAction\",\"target\":[\"https:\\\/\\\/www.immobilienbusiness.ch\\\/personalia\\\/2026-01-21\\\/niederer-ag-drei-neue-verwaltungsraete\\\/\"]}]},{\"@type\":\"ImageObject\",\"inLanguage\":\"fr-FR\",\"@id\":\"https:\\\/\\\/www.immobilienbusiness.ch\\\/personalia\\\/2026-01-21\\\/niederer-ag-drei-neue-verwaltungsraete\\\/#primaryimage\",\"url\":\"https:\\\/\\\/www.immobilienbusiness.ch\\\/wp-content\\\/uploads\\\/2026\\\/01\\\/VR_Niederer_2026-scaled.png\",\"contentUrl\":\"https:\\\/\\\/www.immobilienbusiness.ch\\\/wp-content\\\/uploads\\\/2026\\\/01\\\/VR_Niederer_2026-scaled.png\",\"width\":1200,\"height\":800,\"caption\":\"Raphael Pfister, Sabrina Hauser und Markus Troxler (Bild: Niederer AG)\"},{\"@type\":\"BreadcrumbList\",\"@id\":\"https:\\\/\\\/www.immobilienbusiness.ch\\\/personalia\\\/2026-01-21\\\/niederer-ag-drei-neue-verwaltungsraete\\\/#breadcrumb\",\"itemListElement\":[{\"@type\":\"ListItem\",\"position\":1,\"name\":\"Home\",\"item\":\"https:\\\/\\\/www.immobilienbusiness.ch\\\/\"},{\"@type\":\"ListItem\",\"position\":2,\"name\":\"Niederer AG: Drei neue Verwaltungsr\u00e4te\"}]},{\"@type\":\"WebSite\",\"@id\":\"https:\\\/\\\/www.immobilienbusiness.ch\\\/#website\",\"url\":\"https:\\\/\\\/www.immobilienbusiness.ch\\\/\",\"name\":\"IMMOBILIEN Business\",\"description\":\"Unabh\u00e4ngiges Schweizer Wirtschaftsmagazin mit Fokus auf Immobilien, Architektur- und Bau sowie Investment- und Finanzierung.\",\"publisher\":{\"@id\":\"https:\\\/\\\/www.immobilienbusiness.ch\\\/#organization\"},\"potentialAction\":[{\"@type\":\"SearchAction\",\"target\":{\"@type\":\"EntryPoint\",\"urlTemplate\":\"https:\\\/\\\/www.immobilienbusiness.ch\\\/?s={search_term_string}\"},\"query-input\":{\"@type\":\"PropertyValueSpecification\",\"valueRequired\":true,\"valueName\":\"search_term_string\"}}],\"inLanguage\":\"fr-FR\"},{\"@type\":\"Organization\",\"@id\":\"https:\\\/\\\/www.immobilienbusiness.ch\\\/#organization\",\"name\":\"IMMOBILIEN Business\",\"url\":\"https:\\\/\\\/www.immobilienbusiness.ch\\\/\",\"logo\":{\"@type\":\"ImageObject\",\"inLanguage\":\"fr-FR\",\"@id\":\"https:\\\/\\\/www.immobilienbusiness.ch\\\/#\\\/schema\\\/logo\\\/image\\\/\",\"url\":\"https:\\\/\\\/www.immobilienbusiness.ch\\\/wp-content\\\/uploads\\\/2021\\\/07\\\/logo_ib.png\",\"contentUrl\":\"https:\\\/\\\/www.immobilienbusiness.ch\\\/wp-content\\\/uploads\\\/2021\\\/07\\\/logo_ib.png\",\"width\":800,\"height\":181,\"caption\":\"IMMOBILIEN Business\"},\"image\":{\"@id\":\"https:\\\/\\\/www.immobilienbusiness.ch\\\/#\\\/schema\\\/logo\\\/image\\\/\"},\"sameAs\":[\"https:\\\/\\\/www.facebook.com\\\/immobilienbusiness\\\/\"]},{\"@type\":\"Person\",\"@id\":\"https:\\\/\\\/www.immobilienbusiness.ch\\\/#\\\/schema\\\/person\\\/aba8bea2db926aa0c24c08c43fe1fcd5\",\"name\":\"Alexander Wachter\",\"image\":{\"@type\":\"ImageObject\",\"inLanguage\":\"fr-FR\",\"@id\":\"https:\\\/\\\/secure.gravatar.com\\\/avatar\\\/1a09e471f5389b0e0a6416eac287e0927c7c97a7b77f9e787eba3af7aee281dd?s=96&d=mm&r=g\",\"url\":\"https:\\\/\\\/secure.gravatar.com\\\/avatar\\\/1a09e471f5389b0e0a6416eac287e0927c7c97a7b77f9e787eba3af7aee281dd?s=96&d=mm&r=g\",\"contentUrl\":\"https:\\\/\\\/secure.gravatar.com\\\/avatar\\\/1a09e471f5389b0e0a6416eac287e0927c7c97a7b77f9e787eba3af7aee281dd?s=96&d=mm&r=g\",\"caption\":\"Alexander Wachter\"},\"url\":\"https:\\\/\\\/www.immobilienbusiness.ch\\\/fr\\\/author\\\/alexander-wachter\\\/\"}]}<\/script>\n<!-- \/ Yoast SEO plugin. -->","yoast_head_json":{"title":"Niederer AG : trois nouveaux membres du conseil d'administration - IMMOBILIER Business","description":"L'entreprise d'Ostermundingen, qui emploie 120 personnes et compte 8 succursales, a \u00e9largi son conseil d'administration \u00e0 Raphael Pfister, Sabrina Hauser et Markus Troxler.","robots":{"index":"index","follow":"follow","max-snippet":"max-snippet:-1","max-image-preview":"max-image-preview:large","max-video-preview":"max-video-preview:-1"},"canonical":"https:\/\/www.immobilienbusiness.ch\/fr\/personalia\/2026-01-21\/niederer-ag-drei-neue-verwaltungsraete\/","og_locale":"fr_FR","og_type":"article","og_title":"Niederer AG: Drei neue Verwaltungsr\u00e4te - IMMOBILIEN Business","og_description":"Das Unternehmen aus Ostermundingen mit 120 Besch\u00e4ftigten und 8 Niederlassungen hat den Verwaltungsrat um Raphael Pfister, Sabrina Hauser und Markus Troxler erweitert.","og_url":"https:\/\/www.immobilienbusiness.ch\/fr\/personalia\/2026-01-21\/niederer-ag-drei-neue-verwaltungsraete\/","og_site_name":"IMMOBILIEN Business","article_publisher":"https:\/\/www.facebook.com\/immobilienbusiness\/","article_published_time":"2026-01-21T06:00:56+00:00","article_modified_time":"2026-01-21T14:38:32+00:00","og_image":[{"width":1200,"height":800,"url":"https:\/\/www.immobilienbusiness.ch\/wp-content\/uploads\/2026\/01\/VR_Niederer_2026-scaled.png","type":"image\/png"}],"author":"Alexander Wachter","twitter_card":"summary_large_image","schema":{"@context":"https:\/\/schema.org","@graph":[{"@type":"Article","@id":"https:\/\/www.immobilienbusiness.ch\/personalia\/2026-01-21\/niederer-ag-drei-neue-verwaltungsraete\/#article","isPartOf":{"@id":"https:\/\/www.immobilienbusiness.ch\/personalia\/2026-01-21\/niederer-ag-drei-neue-verwaltungsraete\/"},"author":{"name":"Alexander Wachter","@id":"https:\/\/www.immobilienbusiness.ch\/#\/schema\/person\/aba8bea2db926aa0c24c08c43fe1fcd5"},"headline":"Niederer AG: Drei neue Verwaltungsr\u00e4te","datePublished":"2026-01-21T06:00:56+00:00","dateModified":"2026-01-21T14:38:32+00:00","mainEntityOfPage":{"@id":"https:\/\/www.immobilienbusiness.ch\/personalia\/2026-01-21\/niederer-ag-drei-neue-verwaltungsraete\/"},"wordCount":104,"publisher":{"@id":"https:\/\/www.immobilienbusiness.ch\/#organization"},"image":{"@id":"https:\/\/www.immobilienbusiness.ch\/personalia\/2026-01-21\/niederer-ag-drei-neue-verwaltungsraete\/#primaryimage"},"thumbnailUrl":"https:\/\/www.immobilienbusiness.ch\/wp-content\/uploads\/2026\/01\/VR_Niederer_2026-scaled.png","keywords":["Immobiliendienstleister","Niederer AG","Personalia"],"articleSection":["PERSONALIA"],"inLanguage":"fr-FR"},{"@type":"WebPage","@id":"https:\/\/www.immobilienbusiness.ch\/personalia\/2026-01-21\/niederer-ag-drei-neue-verwaltungsraete\/","url":"https:\/\/www.immobilienbusiness.ch\/personalia\/2026-01-21\/niederer-ag-drei-neue-verwaltungsraete\/","name":"Niederer AG : trois nouveaux membres du conseil d'administration - IMMOBILIER Business","isPartOf":{"@id":"https:\/\/www.immobilienbusiness.ch\/#website"},"primaryImageOfPage":{"@id":"https:\/\/www.immobilienbusiness.ch\/personalia\/2026-01-21\/niederer-ag-drei-neue-verwaltungsraete\/#primaryimage"},"image":{"@id":"https:\/\/www.immobilienbusiness.ch\/personalia\/2026-01-21\/niederer-ag-drei-neue-verwaltungsraete\/#primaryimage"},"thumbnailUrl":"https:\/\/www.immobilienbusiness.ch\/wp-content\/uploads\/2026\/01\/VR_Niederer_2026-scaled.png","datePublished":"2026-01-21T06:00:56+00:00","dateModified":"2026-01-21T14:38:32+00:00","description":"L'entreprise d'Ostermundingen, qui emploie 120 personnes et compte 8 succursales, a \u00e9largi son conseil d'administration \u00e0 Raphael Pfister, Sabrina Hauser et Markus Troxler.","breadcrumb":{"@id":"https:\/\/www.immobilienbusiness.ch\/personalia\/2026-01-21\/niederer-ag-drei-neue-verwaltungsraete\/#breadcrumb"},"inLanguage":"fr-FR","potentialAction":[{"@type":"ReadAction","target":["https:\/\/www.immobilienbusiness.ch\/personalia\/2026-01-21\/niederer-ag-drei-neue-verwaltungsraete\/"]}]},{"@type":"ImageObject","inLanguage":"fr-FR","@id":"https:\/\/www.immobilienbusiness.ch\/personalia\/2026-01-21\/niederer-ag-drei-neue-verwaltungsraete\/#primaryimage","url":"https:\/\/www.immobilienbusiness.ch\/wp-content\/uploads\/2026\/01\/VR_Niederer_2026-scaled.png","contentUrl":"https:\/\/www.immobilienbusiness.ch\/wp-content\/uploads\/2026\/01\/VR_Niederer_2026-scaled.png","width":1200,"height":800,"caption":"Raphael Pfister, Sabrina Hauser und Markus Troxler (Bild: Niederer AG)"},{"@type":"BreadcrumbList","@id":"https:\/\/www.immobilienbusiness.ch\/personalia\/2026-01-21\/niederer-ag-drei-neue-verwaltungsraete\/#breadcrumb","itemListElement":[{"@type":"ListItem","position":1,"name":"Home","item":"https:\/\/www.immobilienbusiness.ch\/"},{"@type":"ListItem","position":2,"name":"Niederer AG: Drei neue Verwaltungsr\u00e4te"}]},{"@type":"WebSite","@id":"https:\/\/www.immobilienbusiness.ch\/#website","url":"https:\/\/www.immobilienbusiness.ch\/","name":"IMMOBILIER Business","description":"Magazine \u00e9conomique suisse ind\u00e9pendant ax\u00e9 sur l'immobilier, l'architecture et la construction ainsi que sur les investissements et le financement.","publisher":{"@id":"https:\/\/www.immobilienbusiness.ch\/#organization"},"potentialAction":[{"@type":"SearchAction","target":{"@type":"EntryPoint","urlTemplate":"https:\/\/www.immobilienbusiness.ch\/?s={search_term_string}"},"query-input":{"@type":"PropertyValueSpecification","valueRequired":true,"valueName":"search_term_string"}}],"inLanguage":"fr-FR"},{"@type":"Organization","@id":"https:\/\/www.immobilienbusiness.ch\/#organization","name":"IMMOBILIER Business","url":"https:\/\/www.immobilienbusiness.ch\/","logo":{"@type":"ImageObject","inLanguage":"fr-FR","@id":"https:\/\/www.immobilienbusiness.ch\/#\/schema\/logo\/image\/","url":"https:\/\/www.immobilienbusiness.ch\/wp-content\/uploads\/2021\/07\/logo_ib.png","contentUrl":"https:\/\/www.immobilienbusiness.ch\/wp-content\/uploads\/2021\/07\/logo_ib.png","width":800,"height":181,"caption":"IMMOBILIEN Business"},"image":{"@id":"https:\/\/www.immobilienbusiness.ch\/#\/schema\/logo\/image\/"},"sameAs":["https:\/\/www.facebook.com\/immobilienbusiness\/"]},{"@type":"Person","@id":"https:\/\/www.immobilienbusiness.ch\/#\/schema\/person\/aba8bea2db926aa0c24c08c43fe1fcd5","name":"Alexander Wachter","image":{"@type":"ImageObject","inLanguage":"fr-FR","@id":"https:\/\/secure.gravatar.com\/avatar\/1a09e471f5389b0e0a6416eac287e0927c7c97a7b77f9e787eba3af7aee281dd?s=96&d=mm&r=g","url":"https:\/\/secure.gravatar.com\/avatar\/1a09e471f5389b0e0a6416eac287e0927c7c97a7b77f9e787eba3af7aee281dd?s=96&d=mm&r=g","contentUrl":"https:\/\/secure.gravatar.com\/avatar\/1a09e471f5389b0e0a6416eac287e0927c7c97a7b77f9e787eba3af7aee281dd?s=96&d=mm&r=g","caption":"Alexander Wachter"},"url":"https:\/\/www.immobilienbusiness.ch\/fr\/author\/alexander-wachter\/"}]}},"_links":{"self":[{"href":"https:\/\/www.immobilienbusiness.ch\/fr\/wp-json\/wp\/v2\/posts\/66941","targetHints":{"allow":["GET"]}}],"collection":[{"href":"https:\/\/www.immobilienbusiness.ch\/fr\/wp-json\/wp\/v2\/posts"}],"about":[{"href":"https:\/\/www.immobilienbusiness.ch\/fr\/wp-json\/wp\/v2\/types\/post"}],"author":[{"embeddable":true,"href":"https:\/\/www.immobilienbusiness.ch\/fr\/wp-json\/wp\/v2\/users\/102"}],"replies":[{"embeddable":true,"href":"https:\/\/www.immobilienbusiness.ch\/fr\/wp-json\/wp\/v2\/comments?post=66941"}],"version-history":[{"count":3,"href":"https:\/\/www.immobilienbusiness.ch\/fr\/wp-json\/wp\/v2\/posts\/66941\/revisions"}],"predecessor-version":[{"id":66949,"href":"https:\/\/www.immobilienbusiness.ch\/fr\/wp-json\/wp\/v2\/posts\/66941\/revisions\/66949"}],"wp:featuredmedia":[{"embeddable":true,"href":"https:\/\/www.immobilienbusiness.ch\/fr\/wp-json\/wp\/v2\/media\/66942"}],"wp:attachment":[{"href":"https:\/\/www.immobilienbusiness.ch\/fr\/wp-json\/wp\/v2\/media?parent=66941"}],"wp:term":[{"taxonomy":"category","embeddable":true,"href":"https:\/\/www.immobilienbusiness.ch\/fr\/wp-json\/wp\/v2\/categories?post=66941"},{"taxonomy":"post_tag","embeddable":true,"href":"https:\/\/www.immobilienbusiness.ch\/fr\/wp-json\/wp\/v2\/tags?post=66941"}],"curies":[{"name":"wp","href":"https:\/\/api.w.org\/{rel}","templated":true}]}}