{"id":66761,"date":"2026-01-12T15:44:57","date_gmt":"2026-01-12T14:44:57","guid":{"rendered":"https:\/\/www.immobilienbusiness.ch\/?p=66761"},"modified":"2026-02-18T15:45:20","modified_gmt":"2026-02-18T14:45:20","slug":"kemptthal-convenience-store-in-the-valley-eroeffnet","status":"publish","type":"post","link":"https:\/\/www.immobilienbusiness.ch\/fr\/regionen\/2026-01-12\/kemptthal-convenience-store-in-the-valley-eroeffnet\/","title":{"rendered":"Kemptthal : ouverture d'un magasin de proximit\u00e9 dans \u00abThe Valley"},"content":{"rendered":"<figure id=\"attachment_66762\" aria-describedby=\"caption-attachment-66762\" style=\"width: 964px\" class=\"wp-caption alignnone\"><a href=\"https:\/\/www.immobilienbusiness.ch\/wp-content\/uploads\/2026\/01\/Migros-Kemptthal-zVg.png\"><img loading=\"lazy\" decoding=\"async\" class=\"size-full wp-image-66762\" src=\"https:\/\/www.immobilienbusiness.ch\/wp-content\/uploads\/2026\/01\/Migros-Kemptthal-zVg.png\" alt=\"\" width=\"964\" height=\"690\" srcset=\"https:\/\/www.immobilienbusiness.ch\/wp-content\/uploads\/2026\/01\/Migros-Kemptthal-zVg.png 964w, https:\/\/www.immobilienbusiness.ch\/wp-content\/uploads\/2026\/01\/Migros-Kemptthal-zVg-300x215.png 300w, https:\/\/www.immobilienbusiness.ch\/wp-content\/uploads\/2026\/01\/Migros-Kemptthal-zVg-768x550.png 768w, https:\/\/www.immobilienbusiness.ch\/wp-content\/uploads\/2026\/01\/Migros-Kemptthal-zVg-18x12.png 18w, https:\/\/www.immobilienbusiness.ch\/wp-content\/uploads\/2026\/01\/Migros-Kemptthal-zVg-375x268.png 375w, https:\/\/www.immobilienbusiness.ch\/wp-content\/uploads\/2026\/01\/Migros-Kemptthal-zVg-489x350.png 489w\" sizes=\"auto, (max-width: 964px) 100vw, 964px\" \/><\/a><figcaption id=\"caption-attachment-66762\" class=\"wp-caption-text\">Le magasin ouvre \u00e0 l'adresse Kemptpark 4 (photo : \u00a9 Migros Suisse orientale)<\/figcaption><\/figure>\n<p>Sur l'ancien site Maggi \u00e0 Kemptthal - aujourd'hui \u00abThe Valley\u00bb - Migros exploite depuis la mi-novembre un magasin du format \u00abTeo\u00bb. Le magasin, ouvert 24 heures sur 24 et sans personnel de vente, se trouve au rez-de-chauss\u00e9e de l'immeuble commercial existant au Kemptpark 4. Selon les indications de Migros, sa surface est de 85 m\u00b2. \u00abL'emplacement sur ce site anim\u00e9 par des entreprises et de nombreuses manifestations est id\u00e9al pour un Migros Teo en raison de sa proximit\u00e9 avec la gare et la route cantonale\u00bb, explique Stefan Isenrich, responsable des M-Outlet et Smart Stores chez Migros Suisse orientale. Kemptthal fait partie de la commune de Lindau (ZH). Le site est d\u00e9velopp\u00e9 par Mettler.<\/p>\n<p>Il s'agit du septi\u00e8me \u00abTeo\u00bb que Migros Suisse orientale a ouvert dans sa zone \u00e9conomique. Il a \u00e9t\u00e9 suivi d'un magasin du concept pr\u00e9vu \u00e0 Wetzikon.<\/p>","protected":false},"excerpt":{"rendered":"<p>Un concept Migros sans personnel de vente a lou\u00e9 une surface de 85 m\u00b2 sur l'ancien site Maggi.<\/p>","protected":false},"author":102,"featured_media":66762,"comment_status":"closed","ping_status":"closed","sticky":false,"template":"","format":"standard","meta":{"_acf_changed":false,"_yoast_wpseo_focuskw":"Kemptthal","_yoast_wpseo_title":"","_yoast_wpseo_metadesc":"Ein Migros-Konzept ohne Verkaufspersonal hat auf dem ehemaligen Maggi-Areal eine 85 qm grosse Fl\u00e4che anmietet.","_yoast_wpseo_linkdex":67,"pgc_sgb_lightbox_settings":"","footnotes":""},"categories":[985],"tags":[3293,3294,4404,3530,1643,1832],"class_list":["post-66761","post","type-post","status-publish","format-standard","has-post-thumbnail","hentry","category-regionen","tag-kemptthal","tag-lindau","tag-mettler","tag-migros-ostschweiz","tag-retail","tag-vermietung"],"acf":[],"yoast_head":"<!-- This site is optimized with the Yoast SEO plugin v27.5 - https:\/\/yoast.com\/product\/yoast-seo-wordpress\/ -->\n<title>Kemptthal: Convenience-Store in \u00abThe Valley\u00bb er\u00f6ffnet - IMMOBILIEN Business<\/title>\n<meta name=\"description\" content=\"Ein Migros-Konzept ohne Verkaufspersonal hat auf dem ehemaligen Maggi-Areal eine 85 qm grosse Fl\u00e4che anmietet.\" \/>\n<meta name=\"robots\" content=\"index, follow, max-snippet:-1, max-image-preview:large, max-video-preview:-1\" \/>\n<link rel=\"canonical\" href=\"https:\/\/www.immobilienbusiness.ch\/fr\/regionen\/2026-01-12\/kemptthal-convenience-store-in-the-valley-eroeffnet\/\" \/>\n<meta property=\"og:locale\" content=\"fr_FR\" \/>\n<meta property=\"og:type\" content=\"article\" \/>\n<meta property=\"og:title\" content=\"Kemptthal: Convenience-Store in \u00abThe Valley\u00bb er\u00f6ffnet - IMMOBILIEN Business\" \/>\n<meta property=\"og:description\" content=\"Ein Migros-Konzept ohne Verkaufspersonal hat auf dem ehemaligen Maggi-Areal eine 85 qm grosse Fl\u00e4che anmietet.\" \/>\n<meta property=\"og:url\" content=\"https:\/\/www.immobilienbusiness.ch\/fr\/regionen\/2026-01-12\/kemptthal-convenience-store-in-the-valley-eroeffnet\/\" \/>\n<meta property=\"og:site_name\" content=\"IMMOBILIEN Business\" \/>\n<meta property=\"article:publisher\" content=\"https:\/\/www.facebook.com\/immobilienbusiness\/\" \/>\n<meta property=\"article:published_time\" content=\"2026-01-12T14:44:57+00:00\" \/>\n<meta property=\"article:modified_time\" content=\"2026-02-18T14:45:20+00:00\" \/>\n<meta property=\"og:image\" content=\"https:\/\/www.immobilienbusiness.ch\/wp-content\/uploads\/2026\/01\/Migros-Kemptthal-zVg.png\" \/>\n\t<meta property=\"og:image:width\" content=\"964\" \/>\n\t<meta property=\"og:image:height\" content=\"690\" \/>\n\t<meta property=\"og:image:type\" content=\"image\/png\" \/>\n<meta name=\"author\" content=\"Alexander Wachter\" \/>\n<meta name=\"twitter:card\" content=\"summary_large_image\" \/>\n<script type=\"application\/ld+json\" class=\"yoast-schema-graph\">{\"@context\":\"https:\\\/\\\/schema.org\",\"@graph\":[{\"@type\":\"Article\",\"@id\":\"https:\\\/\\\/www.immobilienbusiness.ch\\\/regionen\\\/2026-01-12\\\/kemptthal-convenience-store-in-the-valley-eroeffnet\\\/#article\",\"isPartOf\":{\"@id\":\"https:\\\/\\\/www.immobilienbusiness.ch\\\/regionen\\\/2026-01-12\\\/kemptthal-convenience-store-in-the-valley-eroeffnet\\\/\"},\"author\":{\"name\":\"Alexander Wachter\",\"@id\":\"https:\\\/\\\/www.immobilienbusiness.ch\\\/#\\\/schema\\\/person\\\/aba8bea2db926aa0c24c08c43fe1fcd5\"},\"headline\":\"Kemptthal: Convenience-Store in \u00abThe Valley\u00bb er\u00f6ffnet\",\"datePublished\":\"2026-01-12T14:44:57+00:00\",\"dateModified\":\"2026-02-18T14:45:20+00:00\",\"mainEntityOfPage\":{\"@id\":\"https:\\\/\\\/www.immobilienbusiness.ch\\\/regionen\\\/2026-01-12\\\/kemptthal-convenience-store-in-the-valley-eroeffnet\\\/\"},\"wordCount\":153,\"publisher\":{\"@id\":\"https:\\\/\\\/www.immobilienbusiness.ch\\\/#organization\"},\"image\":{\"@id\":\"https:\\\/\\\/www.immobilienbusiness.ch\\\/regionen\\\/2026-01-12\\\/kemptthal-convenience-store-in-the-valley-eroeffnet\\\/#primaryimage\"},\"thumbnailUrl\":\"https:\\\/\\\/www.immobilienbusiness.ch\\\/wp-content\\\/uploads\\\/2026\\\/01\\\/Migros-Kemptthal-zVg.png\",\"keywords\":[\"Kemptthal\",\"Lindau\",\"Mettler\",\"Migros Ostschweiz\",\"Retail\",\"Vermietung\"],\"articleSection\":[\"REGIONEN\"],\"inLanguage\":\"fr-FR\"},{\"@type\":\"WebPage\",\"@id\":\"https:\\\/\\\/www.immobilienbusiness.ch\\\/regionen\\\/2026-01-12\\\/kemptthal-convenience-store-in-the-valley-eroeffnet\\\/\",\"url\":\"https:\\\/\\\/www.immobilienbusiness.ch\\\/regionen\\\/2026-01-12\\\/kemptthal-convenience-store-in-the-valley-eroeffnet\\\/\",\"name\":\"Kemptthal: Convenience-Store in \u00abThe Valley\u00bb er\u00f6ffnet - IMMOBILIEN Business\",\"isPartOf\":{\"@id\":\"https:\\\/\\\/www.immobilienbusiness.ch\\\/#website\"},\"primaryImageOfPage\":{\"@id\":\"https:\\\/\\\/www.immobilienbusiness.ch\\\/regionen\\\/2026-01-12\\\/kemptthal-convenience-store-in-the-valley-eroeffnet\\\/#primaryimage\"},\"image\":{\"@id\":\"https:\\\/\\\/www.immobilienbusiness.ch\\\/regionen\\\/2026-01-12\\\/kemptthal-convenience-store-in-the-valley-eroeffnet\\\/#primaryimage\"},\"thumbnailUrl\":\"https:\\\/\\\/www.immobilienbusiness.ch\\\/wp-content\\\/uploads\\\/2026\\\/01\\\/Migros-Kemptthal-zVg.png\",\"datePublished\":\"2026-01-12T14:44:57+00:00\",\"dateModified\":\"2026-02-18T14:45:20+00:00\",\"description\":\"Ein Migros-Konzept ohne Verkaufspersonal hat auf dem ehemaligen Maggi-Areal eine 85 qm grosse Fl\u00e4che anmietet.\",\"breadcrumb\":{\"@id\":\"https:\\\/\\\/www.immobilienbusiness.ch\\\/regionen\\\/2026-01-12\\\/kemptthal-convenience-store-in-the-valley-eroeffnet\\\/#breadcrumb\"},\"inLanguage\":\"fr-FR\",\"potentialAction\":[{\"@type\":\"ReadAction\",\"target\":[\"https:\\\/\\\/www.immobilienbusiness.ch\\\/regionen\\\/2026-01-12\\\/kemptthal-convenience-store-in-the-valley-eroeffnet\\\/\"]}]},{\"@type\":\"ImageObject\",\"inLanguage\":\"fr-FR\",\"@id\":\"https:\\\/\\\/www.immobilienbusiness.ch\\\/regionen\\\/2026-01-12\\\/kemptthal-convenience-store-in-the-valley-eroeffnet\\\/#primaryimage\",\"url\":\"https:\\\/\\\/www.immobilienbusiness.ch\\\/wp-content\\\/uploads\\\/2026\\\/01\\\/Migros-Kemptthal-zVg.png\",\"contentUrl\":\"https:\\\/\\\/www.immobilienbusiness.ch\\\/wp-content\\\/uploads\\\/2026\\\/01\\\/Migros-Kemptthal-zVg.png\",\"width\":964,\"height\":690,\"caption\":\"Der Laden er\u00f6ffnet an der Adresse Kemptpark 4 (Bild: \u00a9 Migros Ostschweiz)\"},{\"@type\":\"BreadcrumbList\",\"@id\":\"https:\\\/\\\/www.immobilienbusiness.ch\\\/regionen\\\/2026-01-12\\\/kemptthal-convenience-store-in-the-valley-eroeffnet\\\/#breadcrumb\",\"itemListElement\":[{\"@type\":\"ListItem\",\"position\":1,\"name\":\"Home\",\"item\":\"https:\\\/\\\/www.immobilienbusiness.ch\\\/\"},{\"@type\":\"ListItem\",\"position\":2,\"name\":\"Kemptthal: Convenience-Store in \u00abThe Valley\u00bb er\u00f6ffnet\"}]},{\"@type\":\"WebSite\",\"@id\":\"https:\\\/\\\/www.immobilienbusiness.ch\\\/#website\",\"url\":\"https:\\\/\\\/www.immobilienbusiness.ch\\\/\",\"name\":\"IMMOBILIEN Business\",\"description\":\"Unabh\u00e4ngiges Schweizer Wirtschaftsmagazin mit Fokus auf Immobilien, Architektur- und Bau sowie Investment- und Finanzierung.\",\"publisher\":{\"@id\":\"https:\\\/\\\/www.immobilienbusiness.ch\\\/#organization\"},\"potentialAction\":[{\"@type\":\"SearchAction\",\"target\":{\"@type\":\"EntryPoint\",\"urlTemplate\":\"https:\\\/\\\/www.immobilienbusiness.ch\\\/?s={search_term_string}\"},\"query-input\":{\"@type\":\"PropertyValueSpecification\",\"valueRequired\":true,\"valueName\":\"search_term_string\"}}],\"inLanguage\":\"fr-FR\"},{\"@type\":\"Organization\",\"@id\":\"https:\\\/\\\/www.immobilienbusiness.ch\\\/#organization\",\"name\":\"IMMOBILIEN Business\",\"url\":\"https:\\\/\\\/www.immobilienbusiness.ch\\\/\",\"logo\":{\"@type\":\"ImageObject\",\"inLanguage\":\"fr-FR\",\"@id\":\"https:\\\/\\\/www.immobilienbusiness.ch\\\/#\\\/schema\\\/logo\\\/image\\\/\",\"url\":\"https:\\\/\\\/www.immobilienbusiness.ch\\\/wp-content\\\/uploads\\\/2021\\\/07\\\/logo_ib.png\",\"contentUrl\":\"https:\\\/\\\/www.immobilienbusiness.ch\\\/wp-content\\\/uploads\\\/2021\\\/07\\\/logo_ib.png\",\"width\":800,\"height\":181,\"caption\":\"IMMOBILIEN Business\"},\"image\":{\"@id\":\"https:\\\/\\\/www.immobilienbusiness.ch\\\/#\\\/schema\\\/logo\\\/image\\\/\"},\"sameAs\":[\"https:\\\/\\\/www.facebook.com\\\/immobilienbusiness\\\/\"]},{\"@type\":\"Person\",\"@id\":\"https:\\\/\\\/www.immobilienbusiness.ch\\\/#\\\/schema\\\/person\\\/aba8bea2db926aa0c24c08c43fe1fcd5\",\"name\":\"Alexander Wachter\",\"image\":{\"@type\":\"ImageObject\",\"inLanguage\":\"fr-FR\",\"@id\":\"https:\\\/\\\/secure.gravatar.com\\\/avatar\\\/1a09e471f5389b0e0a6416eac287e0927c7c97a7b77f9e787eba3af7aee281dd?s=96&d=mm&r=g\",\"url\":\"https:\\\/\\\/secure.gravatar.com\\\/avatar\\\/1a09e471f5389b0e0a6416eac287e0927c7c97a7b77f9e787eba3af7aee281dd?s=96&d=mm&r=g\",\"contentUrl\":\"https:\\\/\\\/secure.gravatar.com\\\/avatar\\\/1a09e471f5389b0e0a6416eac287e0927c7c97a7b77f9e787eba3af7aee281dd?s=96&d=mm&r=g\",\"caption\":\"Alexander Wachter\"},\"url\":\"https:\\\/\\\/www.immobilienbusiness.ch\\\/fr\\\/author\\\/alexander-wachter\\\/\"}]}<\/script>\n<!-- \/ Yoast SEO plugin. -->","yoast_head_json":{"title":"Kemptthal: Convenience-Store in \u00abThe Valley\u00bb er\u00f6ffnet - IMMOBILIEN Business","description":"Un concept Migros sans personnel de vente a lou\u00e9 une surface de 85 m\u00b2 sur l'ancien site Maggi.","robots":{"index":"index","follow":"follow","max-snippet":"max-snippet:-1","max-image-preview":"max-image-preview:large","max-video-preview":"max-video-preview:-1"},"canonical":"https:\/\/www.immobilienbusiness.ch\/fr\/regionen\/2026-01-12\/kemptthal-convenience-store-in-the-valley-eroeffnet\/","og_locale":"fr_FR","og_type":"article","og_title":"Kemptthal: Convenience-Store in \u00abThe Valley\u00bb er\u00f6ffnet - IMMOBILIEN Business","og_description":"Ein Migros-Konzept ohne Verkaufspersonal hat auf dem ehemaligen Maggi-Areal eine 85 qm grosse Fl\u00e4che anmietet.","og_url":"https:\/\/www.immobilienbusiness.ch\/fr\/regionen\/2026-01-12\/kemptthal-convenience-store-in-the-valley-eroeffnet\/","og_site_name":"IMMOBILIEN Business","article_publisher":"https:\/\/www.facebook.com\/immobilienbusiness\/","article_published_time":"2026-01-12T14:44:57+00:00","article_modified_time":"2026-02-18T14:45:20+00:00","og_image":[{"width":964,"height":690,"url":"https:\/\/www.immobilienbusiness.ch\/wp-content\/uploads\/2026\/01\/Migros-Kemptthal-zVg.png","type":"image\/png"}],"author":"Alexander Wachter","twitter_card":"summary_large_image","schema":{"@context":"https:\/\/schema.org","@graph":[{"@type":"Article","@id":"https:\/\/www.immobilienbusiness.ch\/regionen\/2026-01-12\/kemptthal-convenience-store-in-the-valley-eroeffnet\/#article","isPartOf":{"@id":"https:\/\/www.immobilienbusiness.ch\/regionen\/2026-01-12\/kemptthal-convenience-store-in-the-valley-eroeffnet\/"},"author":{"name":"Alexander Wachter","@id":"https:\/\/www.immobilienbusiness.ch\/#\/schema\/person\/aba8bea2db926aa0c24c08c43fe1fcd5"},"headline":"Kemptthal: Convenience-Store in \u00abThe Valley\u00bb er\u00f6ffnet","datePublished":"2026-01-12T14:44:57+00:00","dateModified":"2026-02-18T14:45:20+00:00","mainEntityOfPage":{"@id":"https:\/\/www.immobilienbusiness.ch\/regionen\/2026-01-12\/kemptthal-convenience-store-in-the-valley-eroeffnet\/"},"wordCount":153,"publisher":{"@id":"https:\/\/www.immobilienbusiness.ch\/#organization"},"image":{"@id":"https:\/\/www.immobilienbusiness.ch\/regionen\/2026-01-12\/kemptthal-convenience-store-in-the-valley-eroeffnet\/#primaryimage"},"thumbnailUrl":"https:\/\/www.immobilienbusiness.ch\/wp-content\/uploads\/2026\/01\/Migros-Kemptthal-zVg.png","keywords":["Kemptthal","Lindau","Mettler","Migros Ostschweiz","Retail","Vermietung"],"articleSection":["REGIONEN"],"inLanguage":"fr-FR"},{"@type":"WebPage","@id":"https:\/\/www.immobilienbusiness.ch\/regionen\/2026-01-12\/kemptthal-convenience-store-in-the-valley-eroeffnet\/","url":"https:\/\/www.immobilienbusiness.ch\/regionen\/2026-01-12\/kemptthal-convenience-store-in-the-valley-eroeffnet\/","name":"Kemptthal: Convenience-Store in \u00abThe Valley\u00bb er\u00f6ffnet - IMMOBILIEN Business","isPartOf":{"@id":"https:\/\/www.immobilienbusiness.ch\/#website"},"primaryImageOfPage":{"@id":"https:\/\/www.immobilienbusiness.ch\/regionen\/2026-01-12\/kemptthal-convenience-store-in-the-valley-eroeffnet\/#primaryimage"},"image":{"@id":"https:\/\/www.immobilienbusiness.ch\/regionen\/2026-01-12\/kemptthal-convenience-store-in-the-valley-eroeffnet\/#primaryimage"},"thumbnailUrl":"https:\/\/www.immobilienbusiness.ch\/wp-content\/uploads\/2026\/01\/Migros-Kemptthal-zVg.png","datePublished":"2026-01-12T14:44:57+00:00","dateModified":"2026-02-18T14:45:20+00:00","description":"Un concept Migros sans personnel de vente a lou\u00e9 une surface de 85 m\u00b2 sur l'ancien site Maggi.","breadcrumb":{"@id":"https:\/\/www.immobilienbusiness.ch\/regionen\/2026-01-12\/kemptthal-convenience-store-in-the-valley-eroeffnet\/#breadcrumb"},"inLanguage":"fr-FR","potentialAction":[{"@type":"ReadAction","target":["https:\/\/www.immobilienbusiness.ch\/regionen\/2026-01-12\/kemptthal-convenience-store-in-the-valley-eroeffnet\/"]}]},{"@type":"ImageObject","inLanguage":"fr-FR","@id":"https:\/\/www.immobilienbusiness.ch\/regionen\/2026-01-12\/kemptthal-convenience-store-in-the-valley-eroeffnet\/#primaryimage","url":"https:\/\/www.immobilienbusiness.ch\/wp-content\/uploads\/2026\/01\/Migros-Kemptthal-zVg.png","contentUrl":"https:\/\/www.immobilienbusiness.ch\/wp-content\/uploads\/2026\/01\/Migros-Kemptthal-zVg.png","width":964,"height":690,"caption":"Der Laden er\u00f6ffnet an der Adresse Kemptpark 4 (Bild: \u00a9 Migros Ostschweiz)"},{"@type":"BreadcrumbList","@id":"https:\/\/www.immobilienbusiness.ch\/regionen\/2026-01-12\/kemptthal-convenience-store-in-the-valley-eroeffnet\/#breadcrumb","itemListElement":[{"@type":"ListItem","position":1,"name":"Home","item":"https:\/\/www.immobilienbusiness.ch\/"},{"@type":"ListItem","position":2,"name":"Kemptthal: Convenience-Store in \u00abThe Valley\u00bb er\u00f6ffnet"}]},{"@type":"WebSite","@id":"https:\/\/www.immobilienbusiness.ch\/#website","url":"https:\/\/www.immobilienbusiness.ch\/","name":"IMMOBILIER Business","description":"Magazine \u00e9conomique suisse ind\u00e9pendant ax\u00e9 sur l'immobilier, l'architecture et la construction ainsi que sur les investissements et le financement.","publisher":{"@id":"https:\/\/www.immobilienbusiness.ch\/#organization"},"potentialAction":[{"@type":"SearchAction","target":{"@type":"EntryPoint","urlTemplate":"https:\/\/www.immobilienbusiness.ch\/?s={search_term_string}"},"query-input":{"@type":"PropertyValueSpecification","valueRequired":true,"valueName":"search_term_string"}}],"inLanguage":"fr-FR"},{"@type":"Organization","@id":"https:\/\/www.immobilienbusiness.ch\/#organization","name":"IMMOBILIER Business","url":"https:\/\/www.immobilienbusiness.ch\/","logo":{"@type":"ImageObject","inLanguage":"fr-FR","@id":"https:\/\/www.immobilienbusiness.ch\/#\/schema\/logo\/image\/","url":"https:\/\/www.immobilienbusiness.ch\/wp-content\/uploads\/2021\/07\/logo_ib.png","contentUrl":"https:\/\/www.immobilienbusiness.ch\/wp-content\/uploads\/2021\/07\/logo_ib.png","width":800,"height":181,"caption":"IMMOBILIEN Business"},"image":{"@id":"https:\/\/www.immobilienbusiness.ch\/#\/schema\/logo\/image\/"},"sameAs":["https:\/\/www.facebook.com\/immobilienbusiness\/"]},{"@type":"Person","@id":"https:\/\/www.immobilienbusiness.ch\/#\/schema\/person\/aba8bea2db926aa0c24c08c43fe1fcd5","name":"Alexander Wachter","image":{"@type":"ImageObject","inLanguage":"fr-FR","@id":"https:\/\/secure.gravatar.com\/avatar\/1a09e471f5389b0e0a6416eac287e0927c7c97a7b77f9e787eba3af7aee281dd?s=96&d=mm&r=g","url":"https:\/\/secure.gravatar.com\/avatar\/1a09e471f5389b0e0a6416eac287e0927c7c97a7b77f9e787eba3af7aee281dd?s=96&d=mm&r=g","contentUrl":"https:\/\/secure.gravatar.com\/avatar\/1a09e471f5389b0e0a6416eac287e0927c7c97a7b77f9e787eba3af7aee281dd?s=96&d=mm&r=g","caption":"Alexander Wachter"},"url":"https:\/\/www.immobilienbusiness.ch\/fr\/author\/alexander-wachter\/"}]}},"_links":{"self":[{"href":"https:\/\/www.immobilienbusiness.ch\/fr\/wp-json\/wp\/v2\/posts\/66761","targetHints":{"allow":["GET"]}}],"collection":[{"href":"https:\/\/www.immobilienbusiness.ch\/fr\/wp-json\/wp\/v2\/posts"}],"about":[{"href":"https:\/\/www.immobilienbusiness.ch\/fr\/wp-json\/wp\/v2\/types\/post"}],"author":[{"embeddable":true,"href":"https:\/\/www.immobilienbusiness.ch\/fr\/wp-json\/wp\/v2\/users\/102"}],"replies":[{"embeddable":true,"href":"https:\/\/www.immobilienbusiness.ch\/fr\/wp-json\/wp\/v2\/comments?post=66761"}],"version-history":[{"count":2,"href":"https:\/\/www.immobilienbusiness.ch\/fr\/wp-json\/wp\/v2\/posts\/66761\/revisions"}],"predecessor-version":[{"id":66765,"href":"https:\/\/www.immobilienbusiness.ch\/fr\/wp-json\/wp\/v2\/posts\/66761\/revisions\/66765"}],"wp:featuredmedia":[{"embeddable":true,"href":"https:\/\/www.immobilienbusiness.ch\/fr\/wp-json\/wp\/v2\/media\/66762"}],"wp:attachment":[{"href":"https:\/\/www.immobilienbusiness.ch\/fr\/wp-json\/wp\/v2\/media?parent=66761"}],"wp:term":[{"taxonomy":"category","embeddable":true,"href":"https:\/\/www.immobilienbusiness.ch\/fr\/wp-json\/wp\/v2\/categories?post=66761"},{"taxonomy":"post_tag","embeddable":true,"href":"https:\/\/www.immobilienbusiness.ch\/fr\/wp-json\/wp\/v2\/tags?post=66761"}],"curies":[{"name":"wp","href":"https:\/\/api.w.org\/{rel}","templated":true}]}}