{"id":66421,"date":"2025-12-03T07:00:12","date_gmt":"2025-12-03T06:00:12","guid":{"rendered":"https:\/\/www.immobilienbusiness.ch\/?p=66421"},"modified":"2025-12-04T06:46:57","modified_gmt":"2025-12-04T05:46:57","slug":"zurich-invest-zif-immobilien-direkt-erreicht-emissionsziel","status":"publish","type":"post","link":"https:\/\/www.immobilienbusiness.ch\/fr\/unternehmen\/2025-12-03\/zurich-invest-zif-immobilien-direkt-erreicht-emissionsziel\/","title":{"rendered":"Zurich Invest : \u00abZIF Immobilien Direkt\u00bb atteint l'objectif d'\u00e9mission"},"content":{"rendered":"<figure id=\"attachment_65241\" aria-describedby=\"caption-attachment-65241\" style=\"width: 768px\" class=\"wp-caption alignnone\"><a href=\"https:\/\/www.immobilienbusiness.ch\/wp-content\/uploads\/2025\/09\/Kapitalerhoehung-scaled.jpg\"><img loading=\"lazy\" decoding=\"async\" class=\"size-large wp-image-65241\" src=\"https:\/\/www.immobilienbusiness.ch\/wp-content\/uploads\/2025\/09\/Kapitalerhoehung-1024x676.jpg\" alt=\"\" width=\"768\" height=\"507\" srcset=\"https:\/\/www.immobilienbusiness.ch\/wp-content\/uploads\/2025\/09\/Kapitalerhoehung-1024x676.jpg 1024w, https:\/\/www.immobilienbusiness.ch\/wp-content\/uploads\/2025\/09\/Kapitalerhoehung-300x198.jpg 300w, https:\/\/www.immobilienbusiness.ch\/wp-content\/uploads\/2025\/09\/Kapitalerhoehung-768x507.jpg 768w, https:\/\/www.immobilienbusiness.ch\/wp-content\/uploads\/2025\/09\/Kapitalerhoehung-1536x1014.jpg 1536w, https:\/\/www.immobilienbusiness.ch\/wp-content\/uploads\/2025\/09\/Kapitalerhoehung-18x12.jpg 18w, https:\/\/www.immobilienbusiness.ch\/wp-content\/uploads\/2025\/09\/Kapitalerhoehung-375x248.jpg 375w, https:\/\/www.immobilienbusiness.ch\/wp-content\/uploads\/2025\/09\/Kapitalerhoehung-530x350.jpg 530w, https:\/\/www.immobilienbusiness.ch\/wp-content\/uploads\/2025\/09\/Kapitalerhoehung-1000x660.jpg 1000w, https:\/\/www.immobilienbusiness.ch\/wp-content\/uploads\/2025\/09\/Kapitalerhoehung-scaled.jpg 1200w\" sizes=\"auto, (max-width: 768px) 100vw, 768px\" \/><\/a><figcaption id=\"caption-attachment-65241\" class=\"wp-caption-text\">Zurich Invest a lev\u00e9 des capitaux frais pour le fonds \u00abImmobilien Direkt Schweiz\u00bb (photo : \u00a9 Depositphotos)<\/figcaption><\/figure>\n<p>En tant que direction du fonds \u00abZIF Immobilien Direkt Schweiz\u00bb, Zurich Invest SA a r\u00e9alis\u00e9 une augmentation de capital pour le fonds d'un montant de plus de 105 millions de CHF. L'objectif d'\u00e9mission a ainsi \u00e9t\u00e9 atteint. Les financements de projets de construction en cours ainsi que les \u00abacquisitions s\u00e9lectives\u00bb pr\u00e9vus dans le cadre de l'augmentation de capital peuvent d\u00e9sormais \u00eatre ex\u00e9cut\u00e9s, indique Zurich Invest. La p\u00e9riode de souscription s'est d\u00e9roul\u00e9e du 10 au 21 novembre.<\/p>","protected":false},"excerpt":{"rendered":"<p>Dans le cadre de la derni\u00e8re augmentation de capital, le fonds a r\u00e9colt\u00e9 plus de 105 millions de francs pour des projets et des acquisitions.<\/p>","protected":false},"author":102,"featured_media":65241,"comment_status":"closed","ping_status":"closed","sticky":false,"template":"","format":"standard","meta":{"_acf_changed":false,"_yoast_wpseo_focuskw":"ZIF Immobilien","_yoast_wpseo_title":"","_yoast_wpseo_metadesc":"Der Fonds erl\u00f6ste im Rahmen der letzten Kapitalerh\u00f6hung \u00fcber 105 Millionen Franken f\u00fcr Projekte und Zuk\u00e4ufe.","_yoast_wpseo_linkdex":64,"pgc_sgb_lightbox_settings":"","footnotes":""},"categories":[988],"tags":[1344,1412,4313,1890],"class_list":["post-66421","post","type-post","status-publish","format-standard","has-post-thumbnail","hentry","category-unternehmen","tag-immobilienfonds","tag-kapitalerhoehung","tag-zif-immobilien-direkt","tag-zurich-invest"],"acf":[],"yoast_head":"<!-- This site is optimized with the Yoast SEO plugin v27.4 - https:\/\/yoast.com\/product\/yoast-seo-wordpress\/ -->\n<title>Zurich Invest: \u00abZIF Immobilien Direkt\u00bb erreicht Emissionsziel - IMMOBILIEN Business<\/title>\n<meta name=\"description\" content=\"Der Fonds erl\u00f6ste im Rahmen der letzten Kapitalerh\u00f6hung \u00fcber 105 Millionen Franken f\u00fcr Projekte und Zuk\u00e4ufe.\" \/>\n<meta name=\"robots\" content=\"index, follow, max-snippet:-1, max-image-preview:large, max-video-preview:-1\" \/>\n<link rel=\"canonical\" href=\"https:\/\/www.immobilienbusiness.ch\/fr\/unternehmen\/2025-12-03\/zurich-invest-zif-immobilien-direkt-erreicht-emissionsziel\/\" \/>\n<meta property=\"og:locale\" content=\"fr_FR\" \/>\n<meta property=\"og:type\" content=\"article\" \/>\n<meta property=\"og:title\" content=\"Zurich Invest: \u00abZIF Immobilien Direkt\u00bb erreicht Emissionsziel - IMMOBILIEN Business\" \/>\n<meta property=\"og:description\" content=\"Der Fonds erl\u00f6ste im Rahmen der letzten Kapitalerh\u00f6hung \u00fcber 105 Millionen Franken f\u00fcr Projekte und Zuk\u00e4ufe.\" \/>\n<meta property=\"og:url\" content=\"https:\/\/www.immobilienbusiness.ch\/fr\/unternehmen\/2025-12-03\/zurich-invest-zif-immobilien-direkt-erreicht-emissionsziel\/\" \/>\n<meta property=\"og:site_name\" content=\"IMMOBILIEN Business\" \/>\n<meta property=\"article:publisher\" content=\"https:\/\/www.facebook.com\/immobilienbusiness\/\" \/>\n<meta property=\"article:published_time\" content=\"2025-12-03T06:00:12+00:00\" \/>\n<meta property=\"article:modified_time\" content=\"2025-12-04T05:46:57+00:00\" \/>\n<meta property=\"og:image\" content=\"https:\/\/www.immobilienbusiness.ch\/wp-content\/uploads\/2025\/09\/Kapitalerhoehung-scaled.jpg\" \/>\n\t<meta property=\"og:image:width\" content=\"1200\" \/>\n\t<meta property=\"og:image:height\" content=\"792\" \/>\n\t<meta property=\"og:image:type\" content=\"image\/jpeg\" \/>\n<meta name=\"author\" content=\"Alexander Wachter\" \/>\n<meta name=\"twitter:card\" content=\"summary_large_image\" \/>\n<script type=\"application\/ld+json\" class=\"yoast-schema-graph\">{\"@context\":\"https:\\\/\\\/schema.org\",\"@graph\":[{\"@type\":\"Article\",\"@id\":\"https:\\\/\\\/www.immobilienbusiness.ch\\\/de\\\/unternehmen\\\/2025-12-03\\\/zurich-invest-zif-immobilien-direkt-erreicht-emissionsziel\\\/#article\",\"isPartOf\":{\"@id\":\"https:\\\/\\\/www.immobilienbusiness.ch\\\/de\\\/unternehmen\\\/2025-12-03\\\/zurich-invest-zif-immobilien-direkt-erreicht-emissionsziel\\\/\"},\"author\":{\"name\":\"Alexander Wachter\",\"@id\":\"https:\\\/\\\/www.immobilienbusiness.ch\\\/#\\\/schema\\\/person\\\/aba8bea2db926aa0c24c08c43fe1fcd5\"},\"headline\":\"Zurich Invest: \u00abZIF Immobilien Direkt\u00bb erreicht Emissionsziel\",\"datePublished\":\"2025-12-03T06:00:12+00:00\",\"dateModified\":\"2025-12-04T05:46:57+00:00\",\"mainEntityOfPage\":{\"@id\":\"https:\\\/\\\/www.immobilienbusiness.ch\\\/de\\\/unternehmen\\\/2025-12-03\\\/zurich-invest-zif-immobilien-direkt-erreicht-emissionsziel\\\/\"},\"wordCount\":95,\"publisher\":{\"@id\":\"https:\\\/\\\/www.immobilienbusiness.ch\\\/#organization\"},\"image\":{\"@id\":\"https:\\\/\\\/www.immobilienbusiness.ch\\\/de\\\/unternehmen\\\/2025-12-03\\\/zurich-invest-zif-immobilien-direkt-erreicht-emissionsziel\\\/#primaryimage\"},\"thumbnailUrl\":\"https:\\\/\\\/www.immobilienbusiness.ch\\\/wp-content\\\/uploads\\\/2025\\\/09\\\/Kapitalerhoehung-scaled.jpg\",\"keywords\":[\"Immobilienfonds\",\"Kapitalerh\u00f6hung\",\"ZIF Immobilien Direkt\",\"Zurich Invest\"],\"articleSection\":[\"UNTERNEHMEN\"],\"inLanguage\":\"fr-FR\"},{\"@type\":\"WebPage\",\"@id\":\"https:\\\/\\\/www.immobilienbusiness.ch\\\/de\\\/unternehmen\\\/2025-12-03\\\/zurich-invest-zif-immobilien-direkt-erreicht-emissionsziel\\\/\",\"url\":\"https:\\\/\\\/www.immobilienbusiness.ch\\\/de\\\/unternehmen\\\/2025-12-03\\\/zurich-invest-zif-immobilien-direkt-erreicht-emissionsziel\\\/\",\"name\":\"Zurich Invest: \u00abZIF Immobilien Direkt\u00bb erreicht Emissionsziel - IMMOBILIEN Business\",\"isPartOf\":{\"@id\":\"https:\\\/\\\/www.immobilienbusiness.ch\\\/#website\"},\"primaryImageOfPage\":{\"@id\":\"https:\\\/\\\/www.immobilienbusiness.ch\\\/de\\\/unternehmen\\\/2025-12-03\\\/zurich-invest-zif-immobilien-direkt-erreicht-emissionsziel\\\/#primaryimage\"},\"image\":{\"@id\":\"https:\\\/\\\/www.immobilienbusiness.ch\\\/de\\\/unternehmen\\\/2025-12-03\\\/zurich-invest-zif-immobilien-direkt-erreicht-emissionsziel\\\/#primaryimage\"},\"thumbnailUrl\":\"https:\\\/\\\/www.immobilienbusiness.ch\\\/wp-content\\\/uploads\\\/2025\\\/09\\\/Kapitalerhoehung-scaled.jpg\",\"datePublished\":\"2025-12-03T06:00:12+00:00\",\"dateModified\":\"2025-12-04T05:46:57+00:00\",\"description\":\"Der Fonds erl\u00f6ste im Rahmen der letzten Kapitalerh\u00f6hung \u00fcber 105 Millionen Franken f\u00fcr Projekte und Zuk\u00e4ufe.\",\"breadcrumb\":{\"@id\":\"https:\\\/\\\/www.immobilienbusiness.ch\\\/de\\\/unternehmen\\\/2025-12-03\\\/zurich-invest-zif-immobilien-direkt-erreicht-emissionsziel\\\/#breadcrumb\"},\"inLanguage\":\"fr-FR\",\"potentialAction\":[{\"@type\":\"ReadAction\",\"target\":[\"https:\\\/\\\/www.immobilienbusiness.ch\\\/de\\\/unternehmen\\\/2025-12-03\\\/zurich-invest-zif-immobilien-direkt-erreicht-emissionsziel\\\/\"]}]},{\"@type\":\"ImageObject\",\"inLanguage\":\"fr-FR\",\"@id\":\"https:\\\/\\\/www.immobilienbusiness.ch\\\/de\\\/unternehmen\\\/2025-12-03\\\/zurich-invest-zif-immobilien-direkt-erreicht-emissionsziel\\\/#primaryimage\",\"url\":\"https:\\\/\\\/www.immobilienbusiness.ch\\\/wp-content\\\/uploads\\\/2025\\\/09\\\/Kapitalerhoehung-scaled.jpg\",\"contentUrl\":\"https:\\\/\\\/www.immobilienbusiness.ch\\\/wp-content\\\/uploads\\\/2025\\\/09\\\/Kapitalerhoehung-scaled.jpg\",\"width\":1200,\"height\":792,\"caption\":\"Zurich Invest hat frisches Kapital f\u00fcr den Fonds \u00abImmobilien Direkt Schweiz\u00bb eingesammelt (Bild: \u00a9 Depositphotos)\"},{\"@type\":\"BreadcrumbList\",\"@id\":\"https:\\\/\\\/www.immobilienbusiness.ch\\\/de\\\/unternehmen\\\/2025-12-03\\\/zurich-invest-zif-immobilien-direkt-erreicht-emissionsziel\\\/#breadcrumb\",\"itemListElement\":[{\"@type\":\"ListItem\",\"position\":1,\"name\":\"Home\",\"item\":\"https:\\\/\\\/www.immobilienbusiness.ch\\\/\"},{\"@type\":\"ListItem\",\"position\":2,\"name\":\"Zurich Invest: \u00abZIF Immobilien Direkt\u00bb erreicht Emissionsziel\"}]},{\"@type\":\"WebSite\",\"@id\":\"https:\\\/\\\/www.immobilienbusiness.ch\\\/#website\",\"url\":\"https:\\\/\\\/www.immobilienbusiness.ch\\\/\",\"name\":\"IMMOBILIEN Business\",\"description\":\"Unabh\u00e4ngiges Schweizer Wirtschaftsmagazin mit Fokus auf Immobilien, Architektur- und Bau sowie Investment- und Finanzierung.\",\"publisher\":{\"@id\":\"https:\\\/\\\/www.immobilienbusiness.ch\\\/#organization\"},\"potentialAction\":[{\"@type\":\"SearchAction\",\"target\":{\"@type\":\"EntryPoint\",\"urlTemplate\":\"https:\\\/\\\/www.immobilienbusiness.ch\\\/?s={search_term_string}\"},\"query-input\":{\"@type\":\"PropertyValueSpecification\",\"valueRequired\":true,\"valueName\":\"search_term_string\"}}],\"inLanguage\":\"fr-FR\"},{\"@type\":\"Organization\",\"@id\":\"https:\\\/\\\/www.immobilienbusiness.ch\\\/#organization\",\"name\":\"IMMOBILIEN Business\",\"url\":\"https:\\\/\\\/www.immobilienbusiness.ch\\\/\",\"logo\":{\"@type\":\"ImageObject\",\"inLanguage\":\"fr-FR\",\"@id\":\"https:\\\/\\\/www.immobilienbusiness.ch\\\/#\\\/schema\\\/logo\\\/image\\\/\",\"url\":\"https:\\\/\\\/www.immobilienbusiness.ch\\\/wp-content\\\/uploads\\\/2021\\\/07\\\/logo_ib.png\",\"contentUrl\":\"https:\\\/\\\/www.immobilienbusiness.ch\\\/wp-content\\\/uploads\\\/2021\\\/07\\\/logo_ib.png\",\"width\":800,\"height\":181,\"caption\":\"IMMOBILIEN Business\"},\"image\":{\"@id\":\"https:\\\/\\\/www.immobilienbusiness.ch\\\/#\\\/schema\\\/logo\\\/image\\\/\"},\"sameAs\":[\"https:\\\/\\\/www.facebook.com\\\/immobilienbusiness\\\/\"]},{\"@type\":\"Person\",\"@id\":\"https:\\\/\\\/www.immobilienbusiness.ch\\\/#\\\/schema\\\/person\\\/aba8bea2db926aa0c24c08c43fe1fcd5\",\"name\":\"Alexander Wachter\",\"image\":{\"@type\":\"ImageObject\",\"inLanguage\":\"fr-FR\",\"@id\":\"https:\\\/\\\/secure.gravatar.com\\\/avatar\\\/1a09e471f5389b0e0a6416eac287e0927c7c97a7b77f9e787eba3af7aee281dd?s=96&d=mm&r=g\",\"url\":\"https:\\\/\\\/secure.gravatar.com\\\/avatar\\\/1a09e471f5389b0e0a6416eac287e0927c7c97a7b77f9e787eba3af7aee281dd?s=96&d=mm&r=g\",\"contentUrl\":\"https:\\\/\\\/secure.gravatar.com\\\/avatar\\\/1a09e471f5389b0e0a6416eac287e0927c7c97a7b77f9e787eba3af7aee281dd?s=96&d=mm&r=g\",\"caption\":\"Alexander Wachter\"},\"url\":\"https:\\\/\\\/www.immobilienbusiness.ch\\\/fr\\\/author\\\/alexander-wachter\\\/\"}]}<\/script>\n<!-- \/ Yoast SEO plugin. -->","yoast_head_json":{"title":"Zurich Invest : \u00abZIF Immobilien Direkt\u00bb atteint son objectif d'\u00e9mission - IMMOBILIEN Business","description":"Dans le cadre de la derni\u00e8re augmentation de capital, le fonds a r\u00e9colt\u00e9 plus de 105 millions de francs pour des projets et des acquisitions.","robots":{"index":"index","follow":"follow","max-snippet":"max-snippet:-1","max-image-preview":"max-image-preview:large","max-video-preview":"max-video-preview:-1"},"canonical":"https:\/\/www.immobilienbusiness.ch\/fr\/unternehmen\/2025-12-03\/zurich-invest-zif-immobilien-direkt-erreicht-emissionsziel\/","og_locale":"fr_FR","og_type":"article","og_title":"Zurich Invest: \u00abZIF Immobilien Direkt\u00bb erreicht Emissionsziel - IMMOBILIEN Business","og_description":"Der Fonds erl\u00f6ste im Rahmen der letzten Kapitalerh\u00f6hung \u00fcber 105 Millionen Franken f\u00fcr Projekte und Zuk\u00e4ufe.","og_url":"https:\/\/www.immobilienbusiness.ch\/fr\/unternehmen\/2025-12-03\/zurich-invest-zif-immobilien-direkt-erreicht-emissionsziel\/","og_site_name":"IMMOBILIEN Business","article_publisher":"https:\/\/www.facebook.com\/immobilienbusiness\/","article_published_time":"2025-12-03T06:00:12+00:00","article_modified_time":"2025-12-04T05:46:57+00:00","og_image":[{"width":1200,"height":792,"url":"https:\/\/www.immobilienbusiness.ch\/wp-content\/uploads\/2025\/09\/Kapitalerhoehung-scaled.jpg","type":"image\/jpeg"}],"author":"Alexander Wachter","twitter_card":"summary_large_image","schema":{"@context":"https:\/\/schema.org","@graph":[{"@type":"Article","@id":"https:\/\/www.immobilienbusiness.ch\/de\/unternehmen\/2025-12-03\/zurich-invest-zif-immobilien-direkt-erreicht-emissionsziel\/#article","isPartOf":{"@id":"https:\/\/www.immobilienbusiness.ch\/de\/unternehmen\/2025-12-03\/zurich-invest-zif-immobilien-direkt-erreicht-emissionsziel\/"},"author":{"name":"Alexander Wachter","@id":"https:\/\/www.immobilienbusiness.ch\/#\/schema\/person\/aba8bea2db926aa0c24c08c43fe1fcd5"},"headline":"Zurich Invest: \u00abZIF Immobilien Direkt\u00bb erreicht Emissionsziel","datePublished":"2025-12-03T06:00:12+00:00","dateModified":"2025-12-04T05:46:57+00:00","mainEntityOfPage":{"@id":"https:\/\/www.immobilienbusiness.ch\/de\/unternehmen\/2025-12-03\/zurich-invest-zif-immobilien-direkt-erreicht-emissionsziel\/"},"wordCount":95,"publisher":{"@id":"https:\/\/www.immobilienbusiness.ch\/#organization"},"image":{"@id":"https:\/\/www.immobilienbusiness.ch\/de\/unternehmen\/2025-12-03\/zurich-invest-zif-immobilien-direkt-erreicht-emissionsziel\/#primaryimage"},"thumbnailUrl":"https:\/\/www.immobilienbusiness.ch\/wp-content\/uploads\/2025\/09\/Kapitalerhoehung-scaled.jpg","keywords":["Immobilienfonds","Kapitalerh\u00f6hung","ZIF Immobilien Direkt","Zurich Invest"],"articleSection":["UNTERNEHMEN"],"inLanguage":"fr-FR"},{"@type":"WebPage","@id":"https:\/\/www.immobilienbusiness.ch\/de\/unternehmen\/2025-12-03\/zurich-invest-zif-immobilien-direkt-erreicht-emissionsziel\/","url":"https:\/\/www.immobilienbusiness.ch\/de\/unternehmen\/2025-12-03\/zurich-invest-zif-immobilien-direkt-erreicht-emissionsziel\/","name":"Zurich Invest : \u00abZIF Immobilien Direkt\u00bb atteint son objectif d'\u00e9mission - IMMOBILIEN Business","isPartOf":{"@id":"https:\/\/www.immobilienbusiness.ch\/#website"},"primaryImageOfPage":{"@id":"https:\/\/www.immobilienbusiness.ch\/de\/unternehmen\/2025-12-03\/zurich-invest-zif-immobilien-direkt-erreicht-emissionsziel\/#primaryimage"},"image":{"@id":"https:\/\/www.immobilienbusiness.ch\/de\/unternehmen\/2025-12-03\/zurich-invest-zif-immobilien-direkt-erreicht-emissionsziel\/#primaryimage"},"thumbnailUrl":"https:\/\/www.immobilienbusiness.ch\/wp-content\/uploads\/2025\/09\/Kapitalerhoehung-scaled.jpg","datePublished":"2025-12-03T06:00:12+00:00","dateModified":"2025-12-04T05:46:57+00:00","description":"Dans le cadre de la derni\u00e8re augmentation de capital, le fonds a r\u00e9colt\u00e9 plus de 105 millions de francs pour des projets et des acquisitions.","breadcrumb":{"@id":"https:\/\/www.immobilienbusiness.ch\/de\/unternehmen\/2025-12-03\/zurich-invest-zif-immobilien-direkt-erreicht-emissionsziel\/#breadcrumb"},"inLanguage":"fr-FR","potentialAction":[{"@type":"ReadAction","target":["https:\/\/www.immobilienbusiness.ch\/de\/unternehmen\/2025-12-03\/zurich-invest-zif-immobilien-direkt-erreicht-emissionsziel\/"]}]},{"@type":"ImageObject","inLanguage":"fr-FR","@id":"https:\/\/www.immobilienbusiness.ch\/de\/unternehmen\/2025-12-03\/zurich-invest-zif-immobilien-direkt-erreicht-emissionsziel\/#primaryimage","url":"https:\/\/www.immobilienbusiness.ch\/wp-content\/uploads\/2025\/09\/Kapitalerhoehung-scaled.jpg","contentUrl":"https:\/\/www.immobilienbusiness.ch\/wp-content\/uploads\/2025\/09\/Kapitalerhoehung-scaled.jpg","width":1200,"height":792,"caption":"Zurich Invest hat frisches Kapital f\u00fcr den Fonds \u00abImmobilien Direkt Schweiz\u00bb eingesammelt (Bild: \u00a9 Depositphotos)"},{"@type":"BreadcrumbList","@id":"https:\/\/www.immobilienbusiness.ch\/de\/unternehmen\/2025-12-03\/zurich-invest-zif-immobilien-direkt-erreicht-emissionsziel\/#breadcrumb","itemListElement":[{"@type":"ListItem","position":1,"name":"Home","item":"https:\/\/www.immobilienbusiness.ch\/"},{"@type":"ListItem","position":2,"name":"Zurich Invest: \u00abZIF Immobilien Direkt\u00bb erreicht Emissionsziel"}]},{"@type":"WebSite","@id":"https:\/\/www.immobilienbusiness.ch\/#website","url":"https:\/\/www.immobilienbusiness.ch\/","name":"IMMOBILIER Business","description":"Magazine \u00e9conomique suisse ind\u00e9pendant ax\u00e9 sur l'immobilier, l'architecture et la construction ainsi que sur les investissements et le financement.","publisher":{"@id":"https:\/\/www.immobilienbusiness.ch\/#organization"},"potentialAction":[{"@type":"SearchAction","target":{"@type":"EntryPoint","urlTemplate":"https:\/\/www.immobilienbusiness.ch\/?s={search_term_string}"},"query-input":{"@type":"PropertyValueSpecification","valueRequired":true,"valueName":"search_term_string"}}],"inLanguage":"fr-FR"},{"@type":"Organization","@id":"https:\/\/www.immobilienbusiness.ch\/#organization","name":"IMMOBILIER Business","url":"https:\/\/www.immobilienbusiness.ch\/","logo":{"@type":"ImageObject","inLanguage":"fr-FR","@id":"https:\/\/www.immobilienbusiness.ch\/#\/schema\/logo\/image\/","url":"https:\/\/www.immobilienbusiness.ch\/wp-content\/uploads\/2021\/07\/logo_ib.png","contentUrl":"https:\/\/www.immobilienbusiness.ch\/wp-content\/uploads\/2021\/07\/logo_ib.png","width":800,"height":181,"caption":"IMMOBILIEN Business"},"image":{"@id":"https:\/\/www.immobilienbusiness.ch\/#\/schema\/logo\/image\/"},"sameAs":["https:\/\/www.facebook.com\/immobilienbusiness\/"]},{"@type":"Person","@id":"https:\/\/www.immobilienbusiness.ch\/#\/schema\/person\/aba8bea2db926aa0c24c08c43fe1fcd5","name":"Alexander Wachter","image":{"@type":"ImageObject","inLanguage":"fr-FR","@id":"https:\/\/secure.gravatar.com\/avatar\/1a09e471f5389b0e0a6416eac287e0927c7c97a7b77f9e787eba3af7aee281dd?s=96&d=mm&r=g","url":"https:\/\/secure.gravatar.com\/avatar\/1a09e471f5389b0e0a6416eac287e0927c7c97a7b77f9e787eba3af7aee281dd?s=96&d=mm&r=g","contentUrl":"https:\/\/secure.gravatar.com\/avatar\/1a09e471f5389b0e0a6416eac287e0927c7c97a7b77f9e787eba3af7aee281dd?s=96&d=mm&r=g","caption":"Alexander Wachter"},"url":"https:\/\/www.immobilienbusiness.ch\/fr\/author\/alexander-wachter\/"}]}},"_links":{"self":[{"href":"https:\/\/www.immobilienbusiness.ch\/fr\/wp-json\/wp\/v2\/posts\/66421","targetHints":{"allow":["GET"]}}],"collection":[{"href":"https:\/\/www.immobilienbusiness.ch\/fr\/wp-json\/wp\/v2\/posts"}],"about":[{"href":"https:\/\/www.immobilienbusiness.ch\/fr\/wp-json\/wp\/v2\/types\/post"}],"author":[{"embeddable":true,"href":"https:\/\/www.immobilienbusiness.ch\/fr\/wp-json\/wp\/v2\/users\/102"}],"replies":[{"embeddable":true,"href":"https:\/\/www.immobilienbusiness.ch\/fr\/wp-json\/wp\/v2\/comments?post=66421"}],"version-history":[{"count":2,"href":"https:\/\/www.immobilienbusiness.ch\/fr\/wp-json\/wp\/v2\/posts\/66421\/revisions"}],"predecessor-version":[{"id":66453,"href":"https:\/\/www.immobilienbusiness.ch\/fr\/wp-json\/wp\/v2\/posts\/66421\/revisions\/66453"}],"wp:featuredmedia":[{"embeddable":true,"href":"https:\/\/www.immobilienbusiness.ch\/fr\/wp-json\/wp\/v2\/media\/65241"}],"wp:attachment":[{"href":"https:\/\/www.immobilienbusiness.ch\/fr\/wp-json\/wp\/v2\/media?parent=66421"}],"wp:term":[{"taxonomy":"category","embeddable":true,"href":"https:\/\/www.immobilienbusiness.ch\/fr\/wp-json\/wp\/v2\/categories?post=66421"},{"taxonomy":"post_tag","embeddable":true,"href":"https:\/\/www.immobilienbusiness.ch\/fr\/wp-json\/wp\/v2\/tags?post=66421"}],"curies":[{"name":"wp","href":"https:\/\/api.w.org\/{rel}","templated":true}]}}