{"id":6613,"date":"2017-03-08T08:28:49","date_gmt":"2017-03-08T07:28:49","guid":{"rendered":"https:\/\/www.immobilienbusiness.ch\/?p=6613"},"modified":"2017-03-08T08:28:49","modified_gmt":"2017-03-08T07:28:49","slug":"implenia-projekt-als-construction-project-of-the-year-2016-nominiert","status":"publish","type":"post","link":"https:\/\/www.immobilienbusiness.ch\/fr\/unternehmen\/2017-03-08\/implenia-projekt-als-construction-project-of-the-year-2016-nominiert\/","title":{"rendered":"Le projet Implenia est nomm\u00e9 \"Projet de construction de l'ann\u00e9e 2016\"."},"content":{"rendered":"<figure id=\"attachment_6615\" aria-describedby=\"caption-attachment-6615\" style=\"width: 680px\" class=\"wp-caption alignnone\"><img loading=\"lazy\" decoding=\"async\" class=\"wp-image-6615 size-medium\" src=\"https:\/\/www.immobilienbusiness.ch\/wp-content\/uploads\/2017\/03\/Implenia-auszeichnung.jpg\" width=\"680\" height=\"453\" srcset=\"https:\/\/www.immobilienbusiness.ch\/wp-content\/uploads\/2017\/03\/Implenia-auszeichnung.jpg 720w, https:\/\/www.immobilienbusiness.ch\/wp-content\/uploads\/2017\/03\/Implenia-auszeichnung-300x200.jpg 300w, https:\/\/www.immobilienbusiness.ch\/wp-content\/uploads\/2017\/03\/Implenia-auszeichnung-16x12.jpg 16w, https:\/\/www.immobilienbusiness.ch\/wp-content\/uploads\/2017\/03\/Implenia-auszeichnung-263x175.jpg 263w, https:\/\/www.immobilienbusiness.ch\/wp-content\/uploads\/2017\/03\/Implenia-auszeichnung-525x350.jpg 525w\" sizes=\"auto, (max-width: 680px) 100vw, 680px\" \/><figcaption id=\"caption-attachment-6615\" class=\"wp-caption-text\">L'E6 Frya-Sjoa pr\u00e8s de Lillehammer (photo : Implenia)<\/figcaption><\/figure>\n<p>De janvier 2014 \u00e0 d\u00e9cembre 2016, Implenia a construit, en collaboration avec son partenaire ARGE K.A. Aurstad, la nouvelle route E6 Frya-Sjoa, \u00e0 environ 80 kilom\u00e8tres au nord-ouest de Lillehammer, pour le compte des autorit\u00e9s routi\u00e8res norv\u00e9giennes. Avec un volume de commande d'environ 1,595 milliard de couronnes norv\u00e9giennes, il s'agissait \u00e0 la signature du contrat de la plus grande commande d'infrastructure routi\u00e8re jamais attribu\u00e9e individuellement dans l'histoire de la Norv\u00e8ge. La part d'Implenia s'\u00e9levait \u00e0 environ 60%.<\/p>\n<p>Implenia \u00e9tait responsable du tron\u00e7on routier Vinstra-Sjoa. Outre les tron\u00e7ons routiers classiques, le projet se compose, selon les indications de l'entreprise, d'une multitude de structures techniquement exigeantes. Il s'agit notamment d'une voie rapide de 16 kilom\u00e8tres, y compris des voies suppl\u00e9mentaires et des voies de d\u00e9passement, d'un tunnel de 3,6 kilom\u00e8tres, de quatre ponts, de deux portails de tunnel ainsi que de 17 passages sup\u00e9rieurs et inf\u00e9rieurs. La commande comprenait \u00e9galement environ douze kilom\u00e8tres de routes communales ainsi qu'environ 1,6 kilom\u00e8tre de chemins pi\u00e9tonniers et de pistes cyclables. L'E6 a \u00e9t\u00e9 inaugur\u00e9e le 17 d\u00e9cembre 2016.<\/p>\n<p>Maintenant, le jury du magazine norv\u00e9gien de la branche <em>Byggeindustrien<\/em> l'E6 Frya-Sjoa pour le prix \"Construction Project of the Year 2016\" - aux c\u00f4t\u00e9s de deux autres projets. Le nom du laur\u00e9at sera d\u00e9voil\u00e9 le 29 mars 2017 lors d'une soir\u00e9e de gala organis\u00e9e \u00e0 l'occasion de la Building Week 2017 \u00e0 Oslo. Implenia consid\u00e8re cette nomination comme \"la preuve de sa grande expertise en mati\u00e8re d'infrastructures et de sa forte pr\u00e9sence sur le march\u00e9 scandinave\".<\/p>\n<p>&nbsp;<\/p>","protected":false},"excerpt":{"rendered":"<p>Le jury du magazine norv\u00e9gien de la branche \"Byggeindustrien\" a nomin\u00e9 le projet d'infrastructure E6 Frya-Sjoa pour le prix \"Construction Project of the Year 2016\". Implenia a r\u00e9alis\u00e9 ce projet routier en consortium avec K.A. Aurstad.<\/p>","protected":false},"author":3,"featured_media":6615,"comment_status":"open","ping_status":"open","sticky":false,"template":"","format":"standard","meta":{"_acf_changed":false,"_yoast_wpseo_focuskw":"Implenia","_yoast_wpseo_title":"","_yoast_wpseo_metadesc":"Das Strassenprojekt E6 Frya-Sjoa ist f\u00fcr den Preis \u00abConstruction Project of the Year 2016\u00bb nominiert. Implenia realisierte es gemeinsam mit K.A. Aurstad.","_yoast_wpseo_linkdex":72,"pgc_sgb_lightbox_settings":"","footnotes":""},"categories":[988],"tags":[1052,1054,1365,1807],"class_list":["post-6613","post","type-post","status-publish","format-standard","has-post-thumbnail","hentry","category-unternehmen","tag-ausland","tag-auszeichnung","tag-infrastruktur","tag-unternehmen"],"acf":[],"yoast_head":"<!-- This site is optimized with the Yoast SEO plugin v27.5 - https:\/\/yoast.com\/product\/yoast-seo-wordpress\/ -->\n<title>Implenia-Projekt als \u00abConstruction Project of the Year 2016\u00bb nominiert - IMMOBILIEN Business<\/title>\n<meta name=\"description\" content=\"Das Strassenprojekt E6 Frya-Sjoa ist f\u00fcr den Preis \u00abConstruction Project of the Year 2016\u00bb nominiert. Implenia realisierte es gemeinsam mit K.A. Aurstad.\" \/>\n<meta name=\"robots\" content=\"index, follow, max-snippet:-1, max-image-preview:large, max-video-preview:-1\" \/>\n<link rel=\"canonical\" href=\"https:\/\/www.immobilienbusiness.ch\/fr\/unternehmen\/2017-03-08\/implenia-projekt-als-construction-project-of-the-year-2016-nominiert\/\" \/>\n<meta property=\"og:locale\" content=\"fr_FR\" \/>\n<meta property=\"og:type\" content=\"article\" \/>\n<meta property=\"og:title\" content=\"Implenia-Projekt als \u00abConstruction Project of the Year 2016\u00bb nominiert\" \/>\n<meta property=\"og:description\" content=\"Das Strassenprojekt E6 Frya-Sjoa ist f\u00fcr den Preis \u00abConstruction Project of the Year 2016\u00bb nominiert. Implenia realisierte es gemeinsam mit K.A. Aurstad.\" \/>\n<meta property=\"og:url\" content=\"https:\/\/www.immobilienbusiness.ch\/fr\/unternehmen\/2017-03-08\/implenia-projekt-als-construction-project-of-the-year-2016-nominiert\/\" \/>\n<meta property=\"og:site_name\" content=\"IMMOBILIEN Business\" \/>\n<meta property=\"article:publisher\" content=\"https:\/\/www.facebook.com\/immobilienbusiness\/\" \/>\n<meta property=\"article:published_time\" content=\"2017-03-08T07:28:49+00:00\" \/>\n<meta property=\"og:image\" content=\"https:\/\/www.immobilienbusiness.ch\/wp-content\/uploads\/2017\/03\/Implenia-auszeichnung.jpg\" \/>\n\t<meta property=\"og:image:width\" content=\"720\" \/>\n\t<meta property=\"og:image:height\" content=\"480\" \/>\n\t<meta property=\"og:image:type\" content=\"image\/jpeg\" \/>\n<meta name=\"author\" content=\"anja.hall\" \/>\n<meta name=\"twitter:card\" content=\"summary_large_image\" \/>\n<meta name=\"twitter:title\" content=\"Das Strassenprojekt E6 Frya-Sjoa ist f\u00fcr den Preis \u00abConstruction Project of the Year 2016\u00bb nominiert. Implenia realisierte es gemeinsam mit K.A. Aurstad.\" \/>\n<meta name=\"twitter:description\" content=\"Das Strassenprojekt E6 Frya-Sjoa ist f\u00fcr den Preis \u00abConstruction Project of the Year 2016\u00bb nominiert. Implenia realisierte es gemeinsam mit K.A. Aurstad.\" \/>\n<meta name=\"twitter:image\" content=\"https:\/\/www.immobilienbusiness.ch\/wp-content\/uploads\/2017\/03\/Implenia-auszeichnung.jpg\" \/>\n<script type=\"application\/ld+json\" class=\"yoast-schema-graph\">{\"@context\":\"https:\\\/\\\/schema.org\",\"@graph\":[{\"@type\":\"Article\",\"@id\":\"https:\\\/\\\/www.immobilienbusiness.ch\\\/fr\\\/unternehmen\\\/2017-03-08\\\/implenia-projekt-als-construction-project-of-the-year-2016-nominiert\\\/#article\",\"isPartOf\":{\"@id\":\"https:\\\/\\\/www.immobilienbusiness.ch\\\/fr\\\/unternehmen\\\/2017-03-08\\\/implenia-projekt-als-construction-project-of-the-year-2016-nominiert\\\/\"},\"author\":{\"name\":\"anja.hall\",\"@id\":\"https:\\\/\\\/www.immobilienbusiness.ch\\\/#\\\/schema\\\/person\\\/3fc036297b10b9f42d6db5ee932af8c8\"},\"headline\":\"Implenia-Projekt als \u00abConstruction Project of the Year 2016\u00bb nominiert\",\"datePublished\":\"2017-03-08T07:28:49+00:00\",\"mainEntityOfPage\":{\"@id\":\"https:\\\/\\\/www.immobilienbusiness.ch\\\/fr\\\/unternehmen\\\/2017-03-08\\\/implenia-projekt-als-construction-project-of-the-year-2016-nominiert\\\/\"},\"wordCount\":221,\"commentCount\":0,\"publisher\":{\"@id\":\"https:\\\/\\\/www.immobilienbusiness.ch\\\/#organization\"},\"image\":{\"@id\":\"https:\\\/\\\/www.immobilienbusiness.ch\\\/fr\\\/unternehmen\\\/2017-03-08\\\/implenia-projekt-als-construction-project-of-the-year-2016-nominiert\\\/#primaryimage\"},\"thumbnailUrl\":\"https:\\\/\\\/www.immobilienbusiness.ch\\\/wp-content\\\/uploads\\\/2017\\\/03\\\/Implenia-auszeichnung.jpg\",\"keywords\":[\"Ausland\",\"Auszeichnung\",\"Infrastruktur\",\"Unternehmen\"],\"articleSection\":[\"UNTERNEHMEN\"],\"inLanguage\":\"fr-FR\"},{\"@type\":\"WebPage\",\"@id\":\"https:\\\/\\\/www.immobilienbusiness.ch\\\/fr\\\/unternehmen\\\/2017-03-08\\\/implenia-projekt-als-construction-project-of-the-year-2016-nominiert\\\/\",\"url\":\"https:\\\/\\\/www.immobilienbusiness.ch\\\/fr\\\/unternehmen\\\/2017-03-08\\\/implenia-projekt-als-construction-project-of-the-year-2016-nominiert\\\/\",\"name\":\"Implenia-Projekt als \u00abConstruction Project of the Year 2016\u00bb nominiert - IMMOBILIEN Business\",\"isPartOf\":{\"@id\":\"https:\\\/\\\/www.immobilienbusiness.ch\\\/#website\"},\"primaryImageOfPage\":{\"@id\":\"https:\\\/\\\/www.immobilienbusiness.ch\\\/fr\\\/unternehmen\\\/2017-03-08\\\/implenia-projekt-als-construction-project-of-the-year-2016-nominiert\\\/#primaryimage\"},\"image\":{\"@id\":\"https:\\\/\\\/www.immobilienbusiness.ch\\\/fr\\\/unternehmen\\\/2017-03-08\\\/implenia-projekt-als-construction-project-of-the-year-2016-nominiert\\\/#primaryimage\"},\"thumbnailUrl\":\"https:\\\/\\\/www.immobilienbusiness.ch\\\/wp-content\\\/uploads\\\/2017\\\/03\\\/Implenia-auszeichnung.jpg\",\"datePublished\":\"2017-03-08T07:28:49+00:00\",\"description\":\"Das Strassenprojekt E6 Frya-Sjoa ist f\u00fcr den Preis \u00abConstruction Project of the Year 2016\u00bb nominiert. Implenia realisierte es gemeinsam mit K.A. Aurstad.\",\"breadcrumb\":{\"@id\":\"https:\\\/\\\/www.immobilienbusiness.ch\\\/fr\\\/unternehmen\\\/2017-03-08\\\/implenia-projekt-als-construction-project-of-the-year-2016-nominiert\\\/#breadcrumb\"},\"inLanguage\":\"fr-FR\",\"potentialAction\":[{\"@type\":\"ReadAction\",\"target\":[\"https:\\\/\\\/www.immobilienbusiness.ch\\\/fr\\\/unternehmen\\\/2017-03-08\\\/implenia-projekt-als-construction-project-of-the-year-2016-nominiert\\\/\"]}]},{\"@type\":\"ImageObject\",\"inLanguage\":\"fr-FR\",\"@id\":\"https:\\\/\\\/www.immobilienbusiness.ch\\\/fr\\\/unternehmen\\\/2017-03-08\\\/implenia-projekt-als-construction-project-of-the-year-2016-nominiert\\\/#primaryimage\",\"url\":\"https:\\\/\\\/www.immobilienbusiness.ch\\\/wp-content\\\/uploads\\\/2017\\\/03\\\/Implenia-auszeichnung.jpg\",\"contentUrl\":\"https:\\\/\\\/www.immobilienbusiness.ch\\\/wp-content\\\/uploads\\\/2017\\\/03\\\/Implenia-auszeichnung.jpg\",\"width\":720,\"height\":480,\"caption\":\"Die E6 bei Lillehammer (Bild: Implenia)\"},{\"@type\":\"BreadcrumbList\",\"@id\":\"https:\\\/\\\/www.immobilienbusiness.ch\\\/fr\\\/unternehmen\\\/2017-03-08\\\/implenia-projekt-als-construction-project-of-the-year-2016-nominiert\\\/#breadcrumb\",\"itemListElement\":[{\"@type\":\"ListItem\",\"position\":1,\"name\":\"Home\",\"item\":\"https:\\\/\\\/www.immobilienbusiness.ch\\\/\"},{\"@type\":\"ListItem\",\"position\":2,\"name\":\"Implenia-Projekt als \u00abConstruction Project of the Year 2016\u00bb nominiert\"}]},{\"@type\":\"WebSite\",\"@id\":\"https:\\\/\\\/www.immobilienbusiness.ch\\\/#website\",\"url\":\"https:\\\/\\\/www.immobilienbusiness.ch\\\/\",\"name\":\"IMMOBILIEN Business\",\"description\":\"Unabh\u00e4ngiges Schweizer Wirtschaftsmagazin mit Fokus auf Immobilien, Architektur- und Bau sowie Investment- und Finanzierung.\",\"publisher\":{\"@id\":\"https:\\\/\\\/www.immobilienbusiness.ch\\\/#organization\"},\"potentialAction\":[{\"@type\":\"SearchAction\",\"target\":{\"@type\":\"EntryPoint\",\"urlTemplate\":\"https:\\\/\\\/www.immobilienbusiness.ch\\\/?s={search_term_string}\"},\"query-input\":{\"@type\":\"PropertyValueSpecification\",\"valueRequired\":true,\"valueName\":\"search_term_string\"}}],\"inLanguage\":\"fr-FR\"},{\"@type\":\"Organization\",\"@id\":\"https:\\\/\\\/www.immobilienbusiness.ch\\\/#organization\",\"name\":\"IMMOBILIEN Business\",\"url\":\"https:\\\/\\\/www.immobilienbusiness.ch\\\/\",\"logo\":{\"@type\":\"ImageObject\",\"inLanguage\":\"fr-FR\",\"@id\":\"https:\\\/\\\/www.immobilienbusiness.ch\\\/#\\\/schema\\\/logo\\\/image\\\/\",\"url\":\"https:\\\/\\\/www.immobilienbusiness.ch\\\/wp-content\\\/uploads\\\/2021\\\/07\\\/logo_ib.png\",\"contentUrl\":\"https:\\\/\\\/www.immobilienbusiness.ch\\\/wp-content\\\/uploads\\\/2021\\\/07\\\/logo_ib.png\",\"width\":800,\"height\":181,\"caption\":\"IMMOBILIEN Business\"},\"image\":{\"@id\":\"https:\\\/\\\/www.immobilienbusiness.ch\\\/#\\\/schema\\\/logo\\\/image\\\/\"},\"sameAs\":[\"https:\\\/\\\/www.facebook.com\\\/immobilienbusiness\\\/\"]},{\"@type\":\"Person\",\"@id\":\"https:\\\/\\\/www.immobilienbusiness.ch\\\/#\\\/schema\\\/person\\\/3fc036297b10b9f42d6db5ee932af8c8\",\"name\":\"anja.hall\",\"image\":{\"@type\":\"ImageObject\",\"inLanguage\":\"fr-FR\",\"@id\":\"https:\\\/\\\/secure.gravatar.com\\\/avatar\\\/066b5a0d447013502c71a5782f4f3469f03cfe595cc2329fb94652fe47511bfb?s=96&d=mm&r=g\",\"url\":\"https:\\\/\\\/secure.gravatar.com\\\/avatar\\\/066b5a0d447013502c71a5782f4f3469f03cfe595cc2329fb94652fe47511bfb?s=96&d=mm&r=g\",\"contentUrl\":\"https:\\\/\\\/secure.gravatar.com\\\/avatar\\\/066b5a0d447013502c71a5782f4f3469f03cfe595cc2329fb94652fe47511bfb?s=96&d=mm&r=g\",\"caption\":\"anja.hall\"},\"url\":\"https:\\\/\\\/www.immobilienbusiness.ch\\\/fr\\\/author\\\/anja-hall\\\/\"}]}<\/script>\n<!-- \/ Yoast SEO plugin. -->","yoast_head_json":{"title":"Implenia-Projekt als \u00abConstruction Project of the Year 2016\u00bb nominiert - IMMOBILIEN Business","description":"Das Strassenprojekt E6 Frya-Sjoa ist f\u00fcr den Preis \u00abConstruction Project of the Year 2016\u00bb nominiert. Implenia realisierte es gemeinsam mit K.A. Aurstad.","robots":{"index":"index","follow":"follow","max-snippet":"max-snippet:-1","max-image-preview":"max-image-preview:large","max-video-preview":"max-video-preview:-1"},"canonical":"https:\/\/www.immobilienbusiness.ch\/fr\/unternehmen\/2017-03-08\/implenia-projekt-als-construction-project-of-the-year-2016-nominiert\/","og_locale":"fr_FR","og_type":"article","og_title":"Implenia-Projekt als \u00abConstruction Project of the Year 2016\u00bb nominiert","og_description":"Das Strassenprojekt E6 Frya-Sjoa ist f\u00fcr den Preis \u00abConstruction Project of the Year 2016\u00bb nominiert. Implenia realisierte es gemeinsam mit K.A. Aurstad.","og_url":"https:\/\/www.immobilienbusiness.ch\/fr\/unternehmen\/2017-03-08\/implenia-projekt-als-construction-project-of-the-year-2016-nominiert\/","og_site_name":"IMMOBILIEN Business","article_publisher":"https:\/\/www.facebook.com\/immobilienbusiness\/","article_published_time":"2017-03-08T07:28:49+00:00","og_image":[{"width":720,"height":480,"url":"https:\/\/www.immobilienbusiness.ch\/wp-content\/uploads\/2017\/03\/Implenia-auszeichnung.jpg","type":"image\/jpeg"}],"author":"anja.hall","twitter_card":"summary_large_image","twitter_title":"Das Strassenprojekt E6 Frya-Sjoa ist f\u00fcr den Preis \u00abConstruction Project of the Year 2016\u00bb nominiert. Implenia realisierte es gemeinsam mit K.A. Aurstad.","twitter_description":"Das Strassenprojekt E6 Frya-Sjoa ist f\u00fcr den Preis \u00abConstruction Project of the Year 2016\u00bb nominiert. Implenia realisierte es gemeinsam mit K.A. Aurstad.","twitter_image":"https:\/\/www.immobilienbusiness.ch\/wp-content\/uploads\/2017\/03\/Implenia-auszeichnung.jpg","schema":{"@context":"https:\/\/schema.org","@graph":[{"@type":"Article","@id":"https:\/\/www.immobilienbusiness.ch\/fr\/unternehmen\/2017-03-08\/implenia-projekt-als-construction-project-of-the-year-2016-nominiert\/#article","isPartOf":{"@id":"https:\/\/www.immobilienbusiness.ch\/fr\/unternehmen\/2017-03-08\/implenia-projekt-als-construction-project-of-the-year-2016-nominiert\/"},"author":{"name":"anja.hall","@id":"https:\/\/www.immobilienbusiness.ch\/#\/schema\/person\/3fc036297b10b9f42d6db5ee932af8c8"},"headline":"Implenia-Projekt als \u00abConstruction Project of the Year 2016\u00bb nominiert","datePublished":"2017-03-08T07:28:49+00:00","mainEntityOfPage":{"@id":"https:\/\/www.immobilienbusiness.ch\/fr\/unternehmen\/2017-03-08\/implenia-projekt-als-construction-project-of-the-year-2016-nominiert\/"},"wordCount":221,"commentCount":0,"publisher":{"@id":"https:\/\/www.immobilienbusiness.ch\/#organization"},"image":{"@id":"https:\/\/www.immobilienbusiness.ch\/fr\/unternehmen\/2017-03-08\/implenia-projekt-als-construction-project-of-the-year-2016-nominiert\/#primaryimage"},"thumbnailUrl":"https:\/\/www.immobilienbusiness.ch\/wp-content\/uploads\/2017\/03\/Implenia-auszeichnung.jpg","keywords":["Ausland","Auszeichnung","Infrastruktur","Unternehmen"],"articleSection":["UNTERNEHMEN"],"inLanguage":"fr-FR"},{"@type":"WebPage","@id":"https:\/\/www.immobilienbusiness.ch\/fr\/unternehmen\/2017-03-08\/implenia-projekt-als-construction-project-of-the-year-2016-nominiert\/","url":"https:\/\/www.immobilienbusiness.ch\/fr\/unternehmen\/2017-03-08\/implenia-projekt-als-construction-project-of-the-year-2016-nominiert\/","name":"Implenia-Projekt als \u00abConstruction Project of the Year 2016\u00bb nominiert - IMMOBILIEN Business","isPartOf":{"@id":"https:\/\/www.immobilienbusiness.ch\/#website"},"primaryImageOfPage":{"@id":"https:\/\/www.immobilienbusiness.ch\/fr\/unternehmen\/2017-03-08\/implenia-projekt-als-construction-project-of-the-year-2016-nominiert\/#primaryimage"},"image":{"@id":"https:\/\/www.immobilienbusiness.ch\/fr\/unternehmen\/2017-03-08\/implenia-projekt-als-construction-project-of-the-year-2016-nominiert\/#primaryimage"},"thumbnailUrl":"https:\/\/www.immobilienbusiness.ch\/wp-content\/uploads\/2017\/03\/Implenia-auszeichnung.jpg","datePublished":"2017-03-08T07:28:49+00:00","description":"Das Strassenprojekt E6 Frya-Sjoa ist f\u00fcr den Preis \u00abConstruction Project of the Year 2016\u00bb nominiert. Implenia realisierte es gemeinsam mit K.A. Aurstad.","breadcrumb":{"@id":"https:\/\/www.immobilienbusiness.ch\/fr\/unternehmen\/2017-03-08\/implenia-projekt-als-construction-project-of-the-year-2016-nominiert\/#breadcrumb"},"inLanguage":"fr-FR","potentialAction":[{"@type":"ReadAction","target":["https:\/\/www.immobilienbusiness.ch\/fr\/unternehmen\/2017-03-08\/implenia-projekt-als-construction-project-of-the-year-2016-nominiert\/"]}]},{"@type":"ImageObject","inLanguage":"fr-FR","@id":"https:\/\/www.immobilienbusiness.ch\/fr\/unternehmen\/2017-03-08\/implenia-projekt-als-construction-project-of-the-year-2016-nominiert\/#primaryimage","url":"https:\/\/www.immobilienbusiness.ch\/wp-content\/uploads\/2017\/03\/Implenia-auszeichnung.jpg","contentUrl":"https:\/\/www.immobilienbusiness.ch\/wp-content\/uploads\/2017\/03\/Implenia-auszeichnung.jpg","width":720,"height":480,"caption":"Die E6 bei Lillehammer (Bild: Implenia)"},{"@type":"BreadcrumbList","@id":"https:\/\/www.immobilienbusiness.ch\/fr\/unternehmen\/2017-03-08\/implenia-projekt-als-construction-project-of-the-year-2016-nominiert\/#breadcrumb","itemListElement":[{"@type":"ListItem","position":1,"name":"Home","item":"https:\/\/www.immobilienbusiness.ch\/"},{"@type":"ListItem","position":2,"name":"Implenia-Projekt als \u00abConstruction Project of the Year 2016\u00bb nominiert"}]},{"@type":"WebSite","@id":"https:\/\/www.immobilienbusiness.ch\/#website","url":"https:\/\/www.immobilienbusiness.ch\/","name":"IMMOBILIER Business","description":"Magazine \u00e9conomique suisse ind\u00e9pendant ax\u00e9 sur l'immobilier, l'architecture et la construction ainsi que sur les investissements et le financement.","publisher":{"@id":"https:\/\/www.immobilienbusiness.ch\/#organization"},"potentialAction":[{"@type":"SearchAction","target":{"@type":"EntryPoint","urlTemplate":"https:\/\/www.immobilienbusiness.ch\/?s={search_term_string}"},"query-input":{"@type":"PropertyValueSpecification","valueRequired":true,"valueName":"search_term_string"}}],"inLanguage":"fr-FR"},{"@type":"Organization","@id":"https:\/\/www.immobilienbusiness.ch\/#organization","name":"IMMOBILIER Business","url":"https:\/\/www.immobilienbusiness.ch\/","logo":{"@type":"ImageObject","inLanguage":"fr-FR","@id":"https:\/\/www.immobilienbusiness.ch\/#\/schema\/logo\/image\/","url":"https:\/\/www.immobilienbusiness.ch\/wp-content\/uploads\/2021\/07\/logo_ib.png","contentUrl":"https:\/\/www.immobilienbusiness.ch\/wp-content\/uploads\/2021\/07\/logo_ib.png","width":800,"height":181,"caption":"IMMOBILIEN Business"},"image":{"@id":"https:\/\/www.immobilienbusiness.ch\/#\/schema\/logo\/image\/"},"sameAs":["https:\/\/www.facebook.com\/immobilienbusiness\/"]},{"@type":"Person","@id":"https:\/\/www.immobilienbusiness.ch\/#\/schema\/person\/3fc036297b10b9f42d6db5ee932af8c8","name":"anja.hall","image":{"@type":"ImageObject","inLanguage":"fr-FR","@id":"https:\/\/secure.gravatar.com\/avatar\/066b5a0d447013502c71a5782f4f3469f03cfe595cc2329fb94652fe47511bfb?s=96&d=mm&r=g","url":"https:\/\/secure.gravatar.com\/avatar\/066b5a0d447013502c71a5782f4f3469f03cfe595cc2329fb94652fe47511bfb?s=96&d=mm&r=g","contentUrl":"https:\/\/secure.gravatar.com\/avatar\/066b5a0d447013502c71a5782f4f3469f03cfe595cc2329fb94652fe47511bfb?s=96&d=mm&r=g","caption":"anja.hall"},"url":"https:\/\/www.immobilienbusiness.ch\/fr\/author\/anja-hall\/"}]}},"_links":{"self":[{"href":"https:\/\/www.immobilienbusiness.ch\/fr\/wp-json\/wp\/v2\/posts\/6613","targetHints":{"allow":["GET"]}}],"collection":[{"href":"https:\/\/www.immobilienbusiness.ch\/fr\/wp-json\/wp\/v2\/posts"}],"about":[{"href":"https:\/\/www.immobilienbusiness.ch\/fr\/wp-json\/wp\/v2\/types\/post"}],"author":[{"embeddable":true,"href":"https:\/\/www.immobilienbusiness.ch\/fr\/wp-json\/wp\/v2\/users\/3"}],"replies":[{"embeddable":true,"href":"https:\/\/www.immobilienbusiness.ch\/fr\/wp-json\/wp\/v2\/comments?post=6613"}],"version-history":[{"count":0,"href":"https:\/\/www.immobilienbusiness.ch\/fr\/wp-json\/wp\/v2\/posts\/6613\/revisions"}],"wp:featuredmedia":[{"embeddable":true,"href":"https:\/\/www.immobilienbusiness.ch\/fr\/wp-json\/wp\/v2\/media\/6615"}],"wp:attachment":[{"href":"https:\/\/www.immobilienbusiness.ch\/fr\/wp-json\/wp\/v2\/media?parent=6613"}],"wp:term":[{"taxonomy":"category","embeddable":true,"href":"https:\/\/www.immobilienbusiness.ch\/fr\/wp-json\/wp\/v2\/categories?post=6613"},{"taxonomy":"post_tag","embeddable":true,"href":"https:\/\/www.immobilienbusiness.ch\/fr\/wp-json\/wp\/v2\/tags?post=6613"}],"curies":[{"name":"wp","href":"https:\/\/api.w.org\/{rel}","templated":true}]}}