{"id":66075,"date":"2025-11-05T09:22:48","date_gmt":"2025-11-05T08:22:48","guid":{"rendered":"https:\/\/www.immobilienbusiness.ch\/?p=66075"},"modified":"2025-11-06T10:47:52","modified_gmt":"2025-11-06T09:47:52","slug":"fundamenta-schliesst-emission-mit-erweiterungsoption-ab","status":"publish","type":"post","link":"https:\/\/www.immobilienbusiness.ch\/fr\/unternehmen\/2025-11-05\/fundamenta-schliesst-emission-mit-erweiterungsoption-ab\/","title":{"rendered":"Fundamenta conclut une \u00e9mission avec option d'extension"},"content":{"rendered":"<figure id=\"attachment_66077\" aria-describedby=\"caption-attachment-66077\" style=\"width: 768px\" class=\"wp-caption alignnone\"><a href=\"https:\/\/www.immobilienbusiness.ch\/wp-content\/uploads\/2025\/11\/Depositphotos_660946542_LKapital-scaled.jpg\"><img loading=\"lazy\" decoding=\"async\" class=\"size-large wp-image-66077\" src=\"https:\/\/www.immobilienbusiness.ch\/wp-content\/uploads\/2025\/11\/Depositphotos_660946542_LKapital-1024x751.jpg\" alt=\"\" width=\"768\" height=\"563\" srcset=\"https:\/\/www.immobilienbusiness.ch\/wp-content\/uploads\/2025\/11\/Depositphotos_660946542_LKapital-1024x751.jpg 1024w, https:\/\/www.immobilienbusiness.ch\/wp-content\/uploads\/2025\/11\/Depositphotos_660946542_LKapital-300x220.jpg 300w, https:\/\/www.immobilienbusiness.ch\/wp-content\/uploads\/2025\/11\/Depositphotos_660946542_LKapital-768x563.jpg 768w, https:\/\/www.immobilienbusiness.ch\/wp-content\/uploads\/2025\/11\/Depositphotos_660946542_LKapital-1536x1127.jpg 1536w, https:\/\/www.immobilienbusiness.ch\/wp-content\/uploads\/2025\/11\/Depositphotos_660946542_LKapital-16x12.jpg 16w, https:\/\/www.immobilienbusiness.ch\/wp-content\/uploads\/2025\/11\/Depositphotos_660946542_LKapital-375x275.jpg 375w, https:\/\/www.immobilienbusiness.ch\/wp-content\/uploads\/2025\/11\/Depositphotos_660946542_LKapital-477x350.jpg 477w, https:\/\/www.immobilienbusiness.ch\/wp-content\/uploads\/2025\/11\/Depositphotos_660946542_LKapital-1000x734.jpg 1000w, https:\/\/www.immobilienbusiness.ch\/wp-content\/uploads\/2025\/11\/Depositphotos_660946542_LKapital-scaled.jpg 1200w\" sizes=\"auto, (max-width: 768px) 100vw, 768px\" \/><\/a><figcaption id=\"caption-attachment-66077\" class=\"wp-caption-text\">La demande a \u00e9t\u00e9 forte lors de la derni\u00e8re augmentation de capital de la soci\u00e9t\u00e9 anonyme immobili\u00e8re (Image : Depositphotos)<\/figcaption><\/figure>\n<p>Dans le cadre de sa r\u00e9cente augmentation de capital, Fundamenta Real Estate AG a plac\u00e9 environ 4,1 millions d'actions au prix de 17,00 CHF. En raison de la forte demande, la soci\u00e9t\u00e9 a fait usage de l'option annonc\u00e9e d'augmenter le volume. Le volume de l'\u00e9mission s'est finalement \u00e9lev\u00e9 \u00e0 70,0 millions de CHF. La soci\u00e9t\u00e9 a l'intention d'utiliser le produit net d'environ 66,7 millions de CHF en premier lieu pour des investissements dans le pipeline de projets existant ainsi que pour des acquisitions. Les fonds peuvent \u00e9galement \u00eatre utilis\u00e9s pour renforcer la base de fonds propres ainsi qu'\u00e0 des fins sociales g\u00e9n\u00e9rales. Fundamenta s'est engag\u00e9e \u00e0 ne plus \u00e9mettre d'actions pendant une p\u00e9riode de 180 jours \u00e0 compter du premier jour de n\u00e9goce des nouvelles actions. Le premier jour de n\u00e9goce est le 6 novembre.<\/p>\n<p>Selon les indications fournies par la soci\u00e9t\u00e9 immobili\u00e8re SA en octobre, l'augmentation de capital aurait atteint un volume de 50 millions de CHF sans l'option d'extension. Avec l'option, le plafond aurait \u00e9t\u00e9 de 73 millions de francs. <a href=\"https:\/\/www.immobilienbusiness.ch\/fr\/unternehmen\/2025-10-23\/fundamenta-real-estate-plant-kapitalerhoehung\/\" target=\"_blank\" rel=\"noopener\">(IB a rapport\u00e9)<\/a>. Fundamenta Real Estate AG est la seule soci\u00e9t\u00e9 anonyme immobili\u00e8re cot\u00e9e \u00e0 la SIX Swiss Exchange qui se concentre sur l'immobilier r\u00e9sidentiel en Suisse al\u00e9manique. <em>(aw)<\/em><\/p>","protected":false},"excerpt":{"rendered":"<p>L'augmentation de capital rencontre une forte demande et atteint un volume \u00e0 la limite sup\u00e9rieure du maximum annonc\u00e9.<\/p>","protected":false},"author":102,"featured_media":66077,"comment_status":"closed","ping_status":"closed","sticky":false,"template":"","format":"standard","meta":{"_acf_changed":false,"_yoast_wpseo_focuskw":"Fundamenta","_yoast_wpseo_title":"","_yoast_wpseo_metadesc":"Die Emission trifft auf eine hohe Nachfrage erreicht ein Volumen am oberen Rand des angek\u00fcndigten Maximums.","_yoast_wpseo_linkdex":65,"pgc_sgb_lightbox_settings":"","footnotes":""},"categories":[988],"tags":[4132,1329,1412],"class_list":["post-66075","post","type-post","status-publish","format-standard","has-post-thumbnail","hentry","category-unternehmen","tag-fundamenta-real-estate-ag","tag-immobilien-ag","tag-kapitalerhoehung"],"acf":[],"yoast_head":"<!-- This site is optimized with the Yoast SEO plugin v27.4 - https:\/\/yoast.com\/product\/yoast-seo-wordpress\/ -->\n<title>Fundamenta schliesst Emission mit Erweiterungsoption ab - IMMOBILIEN Business<\/title>\n<meta name=\"description\" content=\"Die Emission trifft auf eine hohe Nachfrage erreicht ein Volumen am oberen Rand des angek\u00fcndigten Maximums.\" \/>\n<meta name=\"robots\" content=\"index, follow, max-snippet:-1, max-image-preview:large, max-video-preview:-1\" \/>\n<link rel=\"canonical\" href=\"https:\/\/www.immobilienbusiness.ch\/fr\/unternehmen\/2025-11-05\/fundamenta-schliesst-emission-mit-erweiterungsoption-ab\/\" \/>\n<meta property=\"og:locale\" content=\"fr_FR\" \/>\n<meta property=\"og:type\" content=\"article\" \/>\n<meta property=\"og:title\" content=\"Fundamenta schliesst Emission mit Erweiterungsoption ab - IMMOBILIEN Business\" \/>\n<meta property=\"og:description\" content=\"Die Emission trifft auf eine hohe Nachfrage erreicht ein Volumen am oberen Rand des angek\u00fcndigten Maximums.\" \/>\n<meta property=\"og:url\" content=\"https:\/\/www.immobilienbusiness.ch\/fr\/unternehmen\/2025-11-05\/fundamenta-schliesst-emission-mit-erweiterungsoption-ab\/\" \/>\n<meta property=\"og:site_name\" content=\"IMMOBILIEN Business\" \/>\n<meta property=\"article:publisher\" content=\"https:\/\/www.facebook.com\/immobilienbusiness\/\" \/>\n<meta property=\"article:published_time\" content=\"2025-11-05T08:22:48+00:00\" \/>\n<meta property=\"article:modified_time\" content=\"2025-11-06T09:47:52+00:00\" \/>\n<meta property=\"og:image\" content=\"https:\/\/www.immobilienbusiness.ch\/wp-content\/uploads\/2025\/11\/Depositphotos_660946542_LKapital-scaled.jpg\" \/>\n\t<meta property=\"og:image:width\" content=\"1200\" \/>\n\t<meta property=\"og:image:height\" content=\"880\" \/>\n\t<meta property=\"og:image:type\" content=\"image\/jpeg\" \/>\n<meta name=\"author\" content=\"Alexander Wachter\" \/>\n<meta name=\"twitter:card\" content=\"summary_large_image\" \/>\n<script type=\"application\/ld+json\" class=\"yoast-schema-graph\">{\"@context\":\"https:\\\/\\\/schema.org\",\"@graph\":[{\"@type\":\"Article\",\"@id\":\"https:\\\/\\\/www.immobilienbusiness.ch\\\/fr\\\/unternehmen\\\/2025-11-05\\\/fundamenta-schliesst-emission-mit-erweiterungsoption-ab\\\/#article\",\"isPartOf\":{\"@id\":\"https:\\\/\\\/www.immobilienbusiness.ch\\\/fr\\\/unternehmen\\\/2025-11-05\\\/fundamenta-schliesst-emission-mit-erweiterungsoption-ab\\\/\"},\"author\":{\"name\":\"Alexander Wachter\",\"@id\":\"https:\\\/\\\/www.immobilienbusiness.ch\\\/#\\\/schema\\\/person\\\/aba8bea2db926aa0c24c08c43fe1fcd5\"},\"headline\":\"Fundamenta schliesst Emission mit Erweiterungsoption ab\",\"datePublished\":\"2025-11-05T08:22:48+00:00\",\"dateModified\":\"2025-11-06T09:47:52+00:00\",\"mainEntityOfPage\":{\"@id\":\"https:\\\/\\\/www.immobilienbusiness.ch\\\/fr\\\/unternehmen\\\/2025-11-05\\\/fundamenta-schliesst-emission-mit-erweiterungsoption-ab\\\/\"},\"wordCount\":199,\"publisher\":{\"@id\":\"https:\\\/\\\/www.immobilienbusiness.ch\\\/#organization\"},\"image\":{\"@id\":\"https:\\\/\\\/www.immobilienbusiness.ch\\\/fr\\\/unternehmen\\\/2025-11-05\\\/fundamenta-schliesst-emission-mit-erweiterungsoption-ab\\\/#primaryimage\"},\"thumbnailUrl\":\"https:\\\/\\\/www.immobilienbusiness.ch\\\/wp-content\\\/uploads\\\/2025\\\/11\\\/Depositphotos_660946542_LKapital-scaled.jpg\",\"keywords\":[\"Fundamenta Real Estate AG\",\"Immobilien-AG\",\"Kapitalerh\u00f6hung\"],\"articleSection\":[\"UNTERNEHMEN\"],\"inLanguage\":\"fr-FR\"},{\"@type\":\"WebPage\",\"@id\":\"https:\\\/\\\/www.immobilienbusiness.ch\\\/fr\\\/unternehmen\\\/2025-11-05\\\/fundamenta-schliesst-emission-mit-erweiterungsoption-ab\\\/\",\"url\":\"https:\\\/\\\/www.immobilienbusiness.ch\\\/fr\\\/unternehmen\\\/2025-11-05\\\/fundamenta-schliesst-emission-mit-erweiterungsoption-ab\\\/\",\"name\":\"Fundamenta schliesst Emission mit Erweiterungsoption ab - IMMOBILIEN Business\",\"isPartOf\":{\"@id\":\"https:\\\/\\\/www.immobilienbusiness.ch\\\/#website\"},\"primaryImageOfPage\":{\"@id\":\"https:\\\/\\\/www.immobilienbusiness.ch\\\/fr\\\/unternehmen\\\/2025-11-05\\\/fundamenta-schliesst-emission-mit-erweiterungsoption-ab\\\/#primaryimage\"},\"image\":{\"@id\":\"https:\\\/\\\/www.immobilienbusiness.ch\\\/fr\\\/unternehmen\\\/2025-11-05\\\/fundamenta-schliesst-emission-mit-erweiterungsoption-ab\\\/#primaryimage\"},\"thumbnailUrl\":\"https:\\\/\\\/www.immobilienbusiness.ch\\\/wp-content\\\/uploads\\\/2025\\\/11\\\/Depositphotos_660946542_LKapital-scaled.jpg\",\"datePublished\":\"2025-11-05T08:22:48+00:00\",\"dateModified\":\"2025-11-06T09:47:52+00:00\",\"description\":\"Die Emission trifft auf eine hohe Nachfrage erreicht ein Volumen am oberen Rand des angek\u00fcndigten Maximums.\",\"breadcrumb\":{\"@id\":\"https:\\\/\\\/www.immobilienbusiness.ch\\\/fr\\\/unternehmen\\\/2025-11-05\\\/fundamenta-schliesst-emission-mit-erweiterungsoption-ab\\\/#breadcrumb\"},\"inLanguage\":\"fr-FR\",\"potentialAction\":[{\"@type\":\"ReadAction\",\"target\":[\"https:\\\/\\\/www.immobilienbusiness.ch\\\/fr\\\/unternehmen\\\/2025-11-05\\\/fundamenta-schliesst-emission-mit-erweiterungsoption-ab\\\/\"]}]},{\"@type\":\"ImageObject\",\"inLanguage\":\"fr-FR\",\"@id\":\"https:\\\/\\\/www.immobilienbusiness.ch\\\/fr\\\/unternehmen\\\/2025-11-05\\\/fundamenta-schliesst-emission-mit-erweiterungsoption-ab\\\/#primaryimage\",\"url\":\"https:\\\/\\\/www.immobilienbusiness.ch\\\/wp-content\\\/uploads\\\/2025\\\/11\\\/Depositphotos_660946542_LKapital-scaled.jpg\",\"contentUrl\":\"https:\\\/\\\/www.immobilienbusiness.ch\\\/wp-content\\\/uploads\\\/2025\\\/11\\\/Depositphotos_660946542_LKapital-scaled.jpg\",\"width\":1200,\"height\":880,\"caption\":\"Der Fonds hat Kapital f\u00fcr neue Akquisitionen eingesammelt (Bild: Depositphotos)\"},{\"@type\":\"BreadcrumbList\",\"@id\":\"https:\\\/\\\/www.immobilienbusiness.ch\\\/fr\\\/unternehmen\\\/2025-11-05\\\/fundamenta-schliesst-emission-mit-erweiterungsoption-ab\\\/#breadcrumb\",\"itemListElement\":[{\"@type\":\"ListItem\",\"position\":1,\"name\":\"Home\",\"item\":\"https:\\\/\\\/www.immobilienbusiness.ch\\\/\"},{\"@type\":\"ListItem\",\"position\":2,\"name\":\"Fundamenta schliesst Emission mit Erweiterungsoption ab\"}]},{\"@type\":\"WebSite\",\"@id\":\"https:\\\/\\\/www.immobilienbusiness.ch\\\/#website\",\"url\":\"https:\\\/\\\/www.immobilienbusiness.ch\\\/\",\"name\":\"IMMOBILIEN Business\",\"description\":\"Unabh\u00e4ngiges Schweizer Wirtschaftsmagazin mit Fokus auf Immobilien, Architektur- und Bau sowie Investment- und Finanzierung.\",\"publisher\":{\"@id\":\"https:\\\/\\\/www.immobilienbusiness.ch\\\/#organization\"},\"potentialAction\":[{\"@type\":\"SearchAction\",\"target\":{\"@type\":\"EntryPoint\",\"urlTemplate\":\"https:\\\/\\\/www.immobilienbusiness.ch\\\/?s={search_term_string}\"},\"query-input\":{\"@type\":\"PropertyValueSpecification\",\"valueRequired\":true,\"valueName\":\"search_term_string\"}}],\"inLanguage\":\"fr-FR\"},{\"@type\":\"Organization\",\"@id\":\"https:\\\/\\\/www.immobilienbusiness.ch\\\/#organization\",\"name\":\"IMMOBILIEN Business\",\"url\":\"https:\\\/\\\/www.immobilienbusiness.ch\\\/\",\"logo\":{\"@type\":\"ImageObject\",\"inLanguage\":\"fr-FR\",\"@id\":\"https:\\\/\\\/www.immobilienbusiness.ch\\\/#\\\/schema\\\/logo\\\/image\\\/\",\"url\":\"https:\\\/\\\/www.immobilienbusiness.ch\\\/wp-content\\\/uploads\\\/2021\\\/07\\\/logo_ib.png\",\"contentUrl\":\"https:\\\/\\\/www.immobilienbusiness.ch\\\/wp-content\\\/uploads\\\/2021\\\/07\\\/logo_ib.png\",\"width\":800,\"height\":181,\"caption\":\"IMMOBILIEN Business\"},\"image\":{\"@id\":\"https:\\\/\\\/www.immobilienbusiness.ch\\\/#\\\/schema\\\/logo\\\/image\\\/\"},\"sameAs\":[\"https:\\\/\\\/www.facebook.com\\\/immobilienbusiness\\\/\"]},{\"@type\":\"Person\",\"@id\":\"https:\\\/\\\/www.immobilienbusiness.ch\\\/#\\\/schema\\\/person\\\/aba8bea2db926aa0c24c08c43fe1fcd5\",\"name\":\"Alexander Wachter\",\"image\":{\"@type\":\"ImageObject\",\"inLanguage\":\"fr-FR\",\"@id\":\"https:\\\/\\\/secure.gravatar.com\\\/avatar\\\/1a09e471f5389b0e0a6416eac287e0927c7c97a7b77f9e787eba3af7aee281dd?s=96&d=mm&r=g\",\"url\":\"https:\\\/\\\/secure.gravatar.com\\\/avatar\\\/1a09e471f5389b0e0a6416eac287e0927c7c97a7b77f9e787eba3af7aee281dd?s=96&d=mm&r=g\",\"contentUrl\":\"https:\\\/\\\/secure.gravatar.com\\\/avatar\\\/1a09e471f5389b0e0a6416eac287e0927c7c97a7b77f9e787eba3af7aee281dd?s=96&d=mm&r=g\",\"caption\":\"Alexander Wachter\"},\"url\":\"https:\\\/\\\/www.immobilienbusiness.ch\\\/fr\\\/author\\\/alexander-wachter\\\/\"}]}<\/script>\n<!-- \/ Yoast SEO plugin. -->","yoast_head_json":{"title":"Fundamenta conclut une \u00e9mission avec option d'extension - IMMOBILIER Business","description":"L'\u00e9mission rencontre une forte demande et atteint un volume en haut de la fourchette maximale annonc\u00e9e.","robots":{"index":"index","follow":"follow","max-snippet":"max-snippet:-1","max-image-preview":"max-image-preview:large","max-video-preview":"max-video-preview:-1"},"canonical":"https:\/\/www.immobilienbusiness.ch\/fr\/unternehmen\/2025-11-05\/fundamenta-schliesst-emission-mit-erweiterungsoption-ab\/","og_locale":"fr_FR","og_type":"article","og_title":"Fundamenta schliesst Emission mit Erweiterungsoption ab - IMMOBILIEN Business","og_description":"Die Emission trifft auf eine hohe Nachfrage erreicht ein Volumen am oberen Rand des angek\u00fcndigten Maximums.","og_url":"https:\/\/www.immobilienbusiness.ch\/fr\/unternehmen\/2025-11-05\/fundamenta-schliesst-emission-mit-erweiterungsoption-ab\/","og_site_name":"IMMOBILIEN Business","article_publisher":"https:\/\/www.facebook.com\/immobilienbusiness\/","article_published_time":"2025-11-05T08:22:48+00:00","article_modified_time":"2025-11-06T09:47:52+00:00","og_image":[{"width":1200,"height":880,"url":"https:\/\/www.immobilienbusiness.ch\/wp-content\/uploads\/2025\/11\/Depositphotos_660946542_LKapital-scaled.jpg","type":"image\/jpeg"}],"author":"Alexander Wachter","twitter_card":"summary_large_image","schema":{"@context":"https:\/\/schema.org","@graph":[{"@type":"Article","@id":"https:\/\/www.immobilienbusiness.ch\/fr\/unternehmen\/2025-11-05\/fundamenta-schliesst-emission-mit-erweiterungsoption-ab\/#article","isPartOf":{"@id":"https:\/\/www.immobilienbusiness.ch\/fr\/unternehmen\/2025-11-05\/fundamenta-schliesst-emission-mit-erweiterungsoption-ab\/"},"author":{"name":"Alexander Wachter","@id":"https:\/\/www.immobilienbusiness.ch\/#\/schema\/person\/aba8bea2db926aa0c24c08c43fe1fcd5"},"headline":"Fundamenta schliesst Emission mit Erweiterungsoption ab","datePublished":"2025-11-05T08:22:48+00:00","dateModified":"2025-11-06T09:47:52+00:00","mainEntityOfPage":{"@id":"https:\/\/www.immobilienbusiness.ch\/fr\/unternehmen\/2025-11-05\/fundamenta-schliesst-emission-mit-erweiterungsoption-ab\/"},"wordCount":199,"publisher":{"@id":"https:\/\/www.immobilienbusiness.ch\/#organization"},"image":{"@id":"https:\/\/www.immobilienbusiness.ch\/fr\/unternehmen\/2025-11-05\/fundamenta-schliesst-emission-mit-erweiterungsoption-ab\/#primaryimage"},"thumbnailUrl":"https:\/\/www.immobilienbusiness.ch\/wp-content\/uploads\/2025\/11\/Depositphotos_660946542_LKapital-scaled.jpg","keywords":["Fundamenta Real Estate AG","Immobilien-AG","Kapitalerh\u00f6hung"],"articleSection":["UNTERNEHMEN"],"inLanguage":"fr-FR"},{"@type":"WebPage","@id":"https:\/\/www.immobilienbusiness.ch\/fr\/unternehmen\/2025-11-05\/fundamenta-schliesst-emission-mit-erweiterungsoption-ab\/","url":"https:\/\/www.immobilienbusiness.ch\/fr\/unternehmen\/2025-11-05\/fundamenta-schliesst-emission-mit-erweiterungsoption-ab\/","name":"Fundamenta conclut une \u00e9mission avec option d'extension - IMMOBILIER Business","isPartOf":{"@id":"https:\/\/www.immobilienbusiness.ch\/#website"},"primaryImageOfPage":{"@id":"https:\/\/www.immobilienbusiness.ch\/fr\/unternehmen\/2025-11-05\/fundamenta-schliesst-emission-mit-erweiterungsoption-ab\/#primaryimage"},"image":{"@id":"https:\/\/www.immobilienbusiness.ch\/fr\/unternehmen\/2025-11-05\/fundamenta-schliesst-emission-mit-erweiterungsoption-ab\/#primaryimage"},"thumbnailUrl":"https:\/\/www.immobilienbusiness.ch\/wp-content\/uploads\/2025\/11\/Depositphotos_660946542_LKapital-scaled.jpg","datePublished":"2025-11-05T08:22:48+00:00","dateModified":"2025-11-06T09:47:52+00:00","description":"L'\u00e9mission rencontre une forte demande et atteint un volume en haut de la fourchette maximale annonc\u00e9e.","breadcrumb":{"@id":"https:\/\/www.immobilienbusiness.ch\/fr\/unternehmen\/2025-11-05\/fundamenta-schliesst-emission-mit-erweiterungsoption-ab\/#breadcrumb"},"inLanguage":"fr-FR","potentialAction":[{"@type":"ReadAction","target":["https:\/\/www.immobilienbusiness.ch\/fr\/unternehmen\/2025-11-05\/fundamenta-schliesst-emission-mit-erweiterungsoption-ab\/"]}]},{"@type":"ImageObject","inLanguage":"fr-FR","@id":"https:\/\/www.immobilienbusiness.ch\/fr\/unternehmen\/2025-11-05\/fundamenta-schliesst-emission-mit-erweiterungsoption-ab\/#primaryimage","url":"https:\/\/www.immobilienbusiness.ch\/wp-content\/uploads\/2025\/11\/Depositphotos_660946542_LKapital-scaled.jpg","contentUrl":"https:\/\/www.immobilienbusiness.ch\/wp-content\/uploads\/2025\/11\/Depositphotos_660946542_LKapital-scaled.jpg","width":1200,"height":880,"caption":"Der Fonds hat Kapital f\u00fcr neue Akquisitionen eingesammelt (Bild: Depositphotos)"},{"@type":"BreadcrumbList","@id":"https:\/\/www.immobilienbusiness.ch\/fr\/unternehmen\/2025-11-05\/fundamenta-schliesst-emission-mit-erweiterungsoption-ab\/#breadcrumb","itemListElement":[{"@type":"ListItem","position":1,"name":"Home","item":"https:\/\/www.immobilienbusiness.ch\/"},{"@type":"ListItem","position":2,"name":"Fundamenta schliesst Emission mit Erweiterungsoption ab"}]},{"@type":"WebSite","@id":"https:\/\/www.immobilienbusiness.ch\/#website","url":"https:\/\/www.immobilienbusiness.ch\/","name":"IMMOBILIER Business","description":"Magazine \u00e9conomique suisse ind\u00e9pendant ax\u00e9 sur l'immobilier, l'architecture et la construction ainsi que sur les investissements et le financement.","publisher":{"@id":"https:\/\/www.immobilienbusiness.ch\/#organization"},"potentialAction":[{"@type":"SearchAction","target":{"@type":"EntryPoint","urlTemplate":"https:\/\/www.immobilienbusiness.ch\/?s={search_term_string}"},"query-input":{"@type":"PropertyValueSpecification","valueRequired":true,"valueName":"search_term_string"}}],"inLanguage":"fr-FR"},{"@type":"Organization","@id":"https:\/\/www.immobilienbusiness.ch\/#organization","name":"IMMOBILIER Business","url":"https:\/\/www.immobilienbusiness.ch\/","logo":{"@type":"ImageObject","inLanguage":"fr-FR","@id":"https:\/\/www.immobilienbusiness.ch\/#\/schema\/logo\/image\/","url":"https:\/\/www.immobilienbusiness.ch\/wp-content\/uploads\/2021\/07\/logo_ib.png","contentUrl":"https:\/\/www.immobilienbusiness.ch\/wp-content\/uploads\/2021\/07\/logo_ib.png","width":800,"height":181,"caption":"IMMOBILIEN Business"},"image":{"@id":"https:\/\/www.immobilienbusiness.ch\/#\/schema\/logo\/image\/"},"sameAs":["https:\/\/www.facebook.com\/immobilienbusiness\/"]},{"@type":"Person","@id":"https:\/\/www.immobilienbusiness.ch\/#\/schema\/person\/aba8bea2db926aa0c24c08c43fe1fcd5","name":"Alexander Wachter","image":{"@type":"ImageObject","inLanguage":"fr-FR","@id":"https:\/\/secure.gravatar.com\/avatar\/1a09e471f5389b0e0a6416eac287e0927c7c97a7b77f9e787eba3af7aee281dd?s=96&d=mm&r=g","url":"https:\/\/secure.gravatar.com\/avatar\/1a09e471f5389b0e0a6416eac287e0927c7c97a7b77f9e787eba3af7aee281dd?s=96&d=mm&r=g","contentUrl":"https:\/\/secure.gravatar.com\/avatar\/1a09e471f5389b0e0a6416eac287e0927c7c97a7b77f9e787eba3af7aee281dd?s=96&d=mm&r=g","caption":"Alexander Wachter"},"url":"https:\/\/www.immobilienbusiness.ch\/fr\/author\/alexander-wachter\/"}]}},"_links":{"self":[{"href":"https:\/\/www.immobilienbusiness.ch\/fr\/wp-json\/wp\/v2\/posts\/66075","targetHints":{"allow":["GET"]}}],"collection":[{"href":"https:\/\/www.immobilienbusiness.ch\/fr\/wp-json\/wp\/v2\/posts"}],"about":[{"href":"https:\/\/www.immobilienbusiness.ch\/fr\/wp-json\/wp\/v2\/types\/post"}],"author":[{"embeddable":true,"href":"https:\/\/www.immobilienbusiness.ch\/fr\/wp-json\/wp\/v2\/users\/102"}],"replies":[{"embeddable":true,"href":"https:\/\/www.immobilienbusiness.ch\/fr\/wp-json\/wp\/v2\/comments?post=66075"}],"version-history":[{"count":5,"href":"https:\/\/www.immobilienbusiness.ch\/fr\/wp-json\/wp\/v2\/posts\/66075\/revisions"}],"predecessor-version":[{"id":66131,"href":"https:\/\/www.immobilienbusiness.ch\/fr\/wp-json\/wp\/v2\/posts\/66075\/revisions\/66131"}],"wp:featuredmedia":[{"embeddable":true,"href":"https:\/\/www.immobilienbusiness.ch\/fr\/wp-json\/wp\/v2\/media\/66077"}],"wp:attachment":[{"href":"https:\/\/www.immobilienbusiness.ch\/fr\/wp-json\/wp\/v2\/media?parent=66075"}],"wp:term":[{"taxonomy":"category","embeddable":true,"href":"https:\/\/www.immobilienbusiness.ch\/fr\/wp-json\/wp\/v2\/categories?post=66075"},{"taxonomy":"post_tag","embeddable":true,"href":"https:\/\/www.immobilienbusiness.ch\/fr\/wp-json\/wp\/v2\/tags?post=66075"}],"curies":[{"name":"wp","href":"https:\/\/api.w.org\/{rel}","templated":true}]}}