{"id":65897,"date":"2025-09-12T09:00:44","date_gmt":"2025-09-12T07:00:44","guid":{"rendered":"https:\/\/www.immobilienbusiness.ch\/?p=65897"},"modified":"2025-10-22T16:47:19","modified_gmt":"2025-10-22T14:47:19","slug":"swisscanto-ast-plant-emission","status":"publish","type":"post","link":"https:\/\/www.immobilienbusiness.ch\/fr\/unternehmen\/2025-09-12\/swisscanto-ast-plant-emission\/","title":{"rendered":"Swisscanto AST pr\u00e9voit une \u00e9mission"},"content":{"rendered":"<figure id=\"attachment_4643\" aria-describedby=\"caption-attachment-4643\" style=\"width: 640px\" class=\"wp-caption alignnone\"><a href=\"https:\/\/www.immobilienbusiness.ch\/wp-content\/uploads\/2015\/10\/Kapitalerhoehung-Fundamenta-erloest-368-Millionen-immobilien-business.jpg\"><img loading=\"lazy\" decoding=\"async\" class=\"size-full wp-image-4643\" src=\"https:\/\/www.immobilienbusiness.ch\/wp-content\/uploads\/2015\/10\/Kapitalerhoehung-Fundamenta-erloest-368-Millionen-immobilien-business.jpg\" alt=\"Kapitalerh\u00f6hung einen Nettoerl\u00f6s von rund 36,8 Millionen CHF erzielt. Die Mittel sollen f\u00fcr den Ausbau des Immobilienportfolios verwendet werden.\" width=\"640\" height=\"426\" srcset=\"https:\/\/www.immobilienbusiness.ch\/wp-content\/uploads\/2015\/10\/Kapitalerhoehung-Fundamenta-erloest-368-Millionen-immobilien-business.jpg 640w, https:\/\/www.immobilienbusiness.ch\/wp-content\/uploads\/2015\/10\/Kapitalerhoehung-Fundamenta-erloest-368-Millionen-immobilien-business-300x200.jpg 300w, https:\/\/www.immobilienbusiness.ch\/wp-content\/uploads\/2015\/10\/Kapitalerhoehung-Fundamenta-erloest-368-Millionen-immobilien-business-16x12.jpg 16w, https:\/\/www.immobilienbusiness.ch\/wp-content\/uploads\/2015\/10\/Kapitalerhoehung-Fundamenta-erloest-368-Millionen-immobilien-business-263x175.jpg 263w, https:\/\/www.immobilienbusiness.ch\/wp-content\/uploads\/2015\/10\/Kapitalerhoehung-Fundamenta-erloest-368-Millionen-immobilien-business-526x350.jpg 526w\" sizes=\"auto, (max-width: 640px) 100vw, 640px\" \/><\/a><figcaption id=\"caption-attachment-4643\" class=\"wp-caption-text\">Du capital frais (image : \u00a9 Pixabay)<\/figcaption><\/figure>\n<p>Le groupe de placement \u00abSwisscanto AST Immobilien Responsible Schweiz\u00bb pr\u00e9voit une augmentation de capital. Comme le communique la Fondation de placement Swisscanto, le conseil de fondation a d\u00e9cid\u00e9 pour l'ann\u00e9e 2025 d'\u00e9mettre des droits suppl\u00e9mentaires d'un montant maximal de 200 millions de CHF, tout en pr\u00e9servant les droits de souscription des investisseurs existants. \u00abLe produit de l'\u00e9mission sera utilis\u00e9 pour le d\u00e9veloppement du portefeuille conform\u00e9ment \u00e0 la strat\u00e9gie\u00bb, pr\u00e9cise le communiqu\u00e9. En fonction des opportunit\u00e9s d'achat et en plus du r\u00e9investissement du produit net th\u00e9sauris\u00e9, il est pr\u00e9vu d'acheter des objets de base dans les segments r\u00e9sidentiel et commercial. Il est \u00e9galement pr\u00e9vu de financer des projets en cours et de r\u00e9duire le taux d'endettement.<\/p>","protected":false},"excerpt":{"rendered":"<p>Pour le groupe de placement \u00abImmobilier Responsable Suisse\u00bb, Swisscanto veut r\u00e9colter 200 millions de capitaux frais.<\/p>","protected":false},"author":102,"featured_media":4643,"comment_status":"closed","ping_status":"closed","sticky":false,"template":"","format":"standard","meta":{"_acf_changed":false,"_yoast_wpseo_focuskw":"Swisscanto","_yoast_wpseo_title":"","_yoast_wpseo_metadesc":"F\u00fcr die Anlagegruppe \u00abImmobilien Responsible Schweiz\u00bb will Swisscanto 200 Millionen frisches Kapital einsammeln.","_yoast_wpseo_linkdex":60,"pgc_sgb_lightbox_settings":"","footnotes":""},"categories":[988],"tags":[1028,1412,3654],"class_list":["post-65897","post","type-post","status-publish","format-standard","has-post-thumbnail","hentry","category-unternehmen","tag-anlagegruppe","tag-kapitalerhoehung","tag-swisscanto-ast"],"acf":[],"yoast_head":"<!-- This site is optimized with the Yoast SEO plugin v27.4 - https:\/\/yoast.com\/product\/yoast-seo-wordpress\/ -->\n<title>Swisscanto AST plant Emission - IMMOBILIEN Business<\/title>\n<meta name=\"description\" content=\"F\u00fcr die Anlagegruppe \u00abImmobilien Responsible Schweiz\u00bb will Swisscanto 200 Millionen frisches Kapital einsammeln.\" \/>\n<meta name=\"robots\" content=\"index, follow, max-snippet:-1, max-image-preview:large, max-video-preview:-1\" \/>\n<link rel=\"canonical\" href=\"https:\/\/www.immobilienbusiness.ch\/fr\/unternehmen\/2025-09-12\/swisscanto-ast-plant-emission\/\" \/>\n<meta property=\"og:locale\" content=\"fr_FR\" \/>\n<meta property=\"og:type\" content=\"article\" \/>\n<meta property=\"og:title\" content=\"Swisscanto AST plant Emission - IMMOBILIEN Business\" \/>\n<meta property=\"og:description\" content=\"F\u00fcr die Anlagegruppe \u00abImmobilien Responsible Schweiz\u00bb will Swisscanto 200 Millionen frisches Kapital einsammeln.\" \/>\n<meta property=\"og:url\" content=\"https:\/\/www.immobilienbusiness.ch\/fr\/unternehmen\/2025-09-12\/swisscanto-ast-plant-emission\/\" \/>\n<meta property=\"og:site_name\" content=\"IMMOBILIEN Business\" \/>\n<meta property=\"article:publisher\" content=\"https:\/\/www.facebook.com\/immobilienbusiness\/\" \/>\n<meta property=\"article:published_time\" content=\"2025-09-12T07:00:44+00:00\" \/>\n<meta property=\"article:modified_time\" content=\"2025-10-22T14:47:19+00:00\" \/>\n<meta property=\"og:image\" content=\"https:\/\/www.immobilienbusiness.ch\/wp-content\/uploads\/2015\/10\/Kapitalerhoehung-Fundamenta-erloest-368-Millionen-immobilien-business.jpg\" \/>\n\t<meta property=\"og:image:width\" content=\"640\" \/>\n\t<meta property=\"og:image:height\" content=\"426\" \/>\n\t<meta property=\"og:image:type\" content=\"image\/jpeg\" \/>\n<meta name=\"author\" content=\"Alexander Wachter\" \/>\n<meta name=\"twitter:card\" content=\"summary_large_image\" \/>\n<script type=\"application\/ld+json\" class=\"yoast-schema-graph\">{\"@context\":\"https:\\\/\\\/schema.org\",\"@graph\":[{\"@type\":\"Article\",\"@id\":\"https:\\\/\\\/www.immobilienbusiness.ch\\\/en\\\/unternehmen\\\/2025-09-12\\\/swisscanto-ast-plant-emission\\\/#article\",\"isPartOf\":{\"@id\":\"https:\\\/\\\/www.immobilienbusiness.ch\\\/en\\\/unternehmen\\\/2025-09-12\\\/swisscanto-ast-plant-emission\\\/\"},\"author\":{\"name\":\"Alexander Wachter\",\"@id\":\"https:\\\/\\\/www.immobilienbusiness.ch\\\/#\\\/schema\\\/person\\\/aba8bea2db926aa0c24c08c43fe1fcd5\"},\"headline\":\"Swisscanto AST plant Emission\",\"datePublished\":\"2025-09-12T07:00:44+00:00\",\"dateModified\":\"2025-10-22T14:47:19+00:00\",\"mainEntityOfPage\":{\"@id\":\"https:\\\/\\\/www.immobilienbusiness.ch\\\/en\\\/unternehmen\\\/2025-09-12\\\/swisscanto-ast-plant-emission\\\/\"},\"wordCount\":110,\"publisher\":{\"@id\":\"https:\\\/\\\/www.immobilienbusiness.ch\\\/#organization\"},\"image\":{\"@id\":\"https:\\\/\\\/www.immobilienbusiness.ch\\\/en\\\/unternehmen\\\/2025-09-12\\\/swisscanto-ast-plant-emission\\\/#primaryimage\"},\"thumbnailUrl\":\"https:\\\/\\\/www.immobilienbusiness.ch\\\/wp-content\\\/uploads\\\/2015\\\/10\\\/Kapitalerhoehung-Fundamenta-erloest-368-Millionen-immobilien-business.jpg\",\"keywords\":[\"Anlagegruppe\",\"Kapitalerh\u00f6hung\",\"Swisscanto AST\"],\"articleSection\":[\"UNTERNEHMEN\"],\"inLanguage\":\"fr-FR\"},{\"@type\":\"WebPage\",\"@id\":\"https:\\\/\\\/www.immobilienbusiness.ch\\\/en\\\/unternehmen\\\/2025-09-12\\\/swisscanto-ast-plant-emission\\\/\",\"url\":\"https:\\\/\\\/www.immobilienbusiness.ch\\\/en\\\/unternehmen\\\/2025-09-12\\\/swisscanto-ast-plant-emission\\\/\",\"name\":\"Swisscanto AST plant Emission - IMMOBILIEN Business\",\"isPartOf\":{\"@id\":\"https:\\\/\\\/www.immobilienbusiness.ch\\\/#website\"},\"primaryImageOfPage\":{\"@id\":\"https:\\\/\\\/www.immobilienbusiness.ch\\\/en\\\/unternehmen\\\/2025-09-12\\\/swisscanto-ast-plant-emission\\\/#primaryimage\"},\"image\":{\"@id\":\"https:\\\/\\\/www.immobilienbusiness.ch\\\/en\\\/unternehmen\\\/2025-09-12\\\/swisscanto-ast-plant-emission\\\/#primaryimage\"},\"thumbnailUrl\":\"https:\\\/\\\/www.immobilienbusiness.ch\\\/wp-content\\\/uploads\\\/2015\\\/10\\\/Kapitalerhoehung-Fundamenta-erloest-368-Millionen-immobilien-business.jpg\",\"datePublished\":\"2025-09-12T07:00:44+00:00\",\"dateModified\":\"2025-10-22T14:47:19+00:00\",\"description\":\"F\u00fcr die Anlagegruppe \u00abImmobilien Responsible Schweiz\u00bb will Swisscanto 200 Millionen frisches Kapital einsammeln.\",\"breadcrumb\":{\"@id\":\"https:\\\/\\\/www.immobilienbusiness.ch\\\/en\\\/unternehmen\\\/2025-09-12\\\/swisscanto-ast-plant-emission\\\/#breadcrumb\"},\"inLanguage\":\"fr-FR\",\"potentialAction\":[{\"@type\":\"ReadAction\",\"target\":[\"https:\\\/\\\/www.immobilienbusiness.ch\\\/en\\\/unternehmen\\\/2025-09-12\\\/swisscanto-ast-plant-emission\\\/\"]}]},{\"@type\":\"ImageObject\",\"inLanguage\":\"fr-FR\",\"@id\":\"https:\\\/\\\/www.immobilienbusiness.ch\\\/en\\\/unternehmen\\\/2025-09-12\\\/swisscanto-ast-plant-emission\\\/#primaryimage\",\"url\":\"https:\\\/\\\/www.immobilienbusiness.ch\\\/wp-content\\\/uploads\\\/2015\\\/10\\\/Kapitalerhoehung-Fundamenta-erloest-368-Millionen-immobilien-business.jpg\",\"contentUrl\":\"https:\\\/\\\/www.immobilienbusiness.ch\\\/wp-content\\\/uploads\\\/2015\\\/10\\\/Kapitalerhoehung-Fundamenta-erloest-368-Millionen-immobilien-business.jpg\",\"width\":640,\"height\":426,\"caption\":\"Frisches Kapital (Bild: \u00a9 Pixabay)\"},{\"@type\":\"BreadcrumbList\",\"@id\":\"https:\\\/\\\/www.immobilienbusiness.ch\\\/en\\\/unternehmen\\\/2025-09-12\\\/swisscanto-ast-plant-emission\\\/#breadcrumb\",\"itemListElement\":[{\"@type\":\"ListItem\",\"position\":1,\"name\":\"Home\",\"item\":\"https:\\\/\\\/www.immobilienbusiness.ch\\\/\"},{\"@type\":\"ListItem\",\"position\":2,\"name\":\"Swisscanto AST plant Emission\"}]},{\"@type\":\"WebSite\",\"@id\":\"https:\\\/\\\/www.immobilienbusiness.ch\\\/#website\",\"url\":\"https:\\\/\\\/www.immobilienbusiness.ch\\\/\",\"name\":\"IMMOBILIEN Business\",\"description\":\"Unabh\u00e4ngiges Schweizer Wirtschaftsmagazin mit Fokus auf Immobilien, Architektur- und Bau sowie Investment- und Finanzierung.\",\"publisher\":{\"@id\":\"https:\\\/\\\/www.immobilienbusiness.ch\\\/#organization\"},\"potentialAction\":[{\"@type\":\"SearchAction\",\"target\":{\"@type\":\"EntryPoint\",\"urlTemplate\":\"https:\\\/\\\/www.immobilienbusiness.ch\\\/?s={search_term_string}\"},\"query-input\":{\"@type\":\"PropertyValueSpecification\",\"valueRequired\":true,\"valueName\":\"search_term_string\"}}],\"inLanguage\":\"fr-FR\"},{\"@type\":\"Organization\",\"@id\":\"https:\\\/\\\/www.immobilienbusiness.ch\\\/#organization\",\"name\":\"IMMOBILIEN Business\",\"url\":\"https:\\\/\\\/www.immobilienbusiness.ch\\\/\",\"logo\":{\"@type\":\"ImageObject\",\"inLanguage\":\"fr-FR\",\"@id\":\"https:\\\/\\\/www.immobilienbusiness.ch\\\/#\\\/schema\\\/logo\\\/image\\\/\",\"url\":\"https:\\\/\\\/www.immobilienbusiness.ch\\\/wp-content\\\/uploads\\\/2021\\\/07\\\/logo_ib.png\",\"contentUrl\":\"https:\\\/\\\/www.immobilienbusiness.ch\\\/wp-content\\\/uploads\\\/2021\\\/07\\\/logo_ib.png\",\"width\":800,\"height\":181,\"caption\":\"IMMOBILIEN Business\"},\"image\":{\"@id\":\"https:\\\/\\\/www.immobilienbusiness.ch\\\/#\\\/schema\\\/logo\\\/image\\\/\"},\"sameAs\":[\"https:\\\/\\\/www.facebook.com\\\/immobilienbusiness\\\/\"]},{\"@type\":\"Person\",\"@id\":\"https:\\\/\\\/www.immobilienbusiness.ch\\\/#\\\/schema\\\/person\\\/aba8bea2db926aa0c24c08c43fe1fcd5\",\"name\":\"Alexander Wachter\",\"image\":{\"@type\":\"ImageObject\",\"inLanguage\":\"fr-FR\",\"@id\":\"https:\\\/\\\/secure.gravatar.com\\\/avatar\\\/1a09e471f5389b0e0a6416eac287e0927c7c97a7b77f9e787eba3af7aee281dd?s=96&d=mm&r=g\",\"url\":\"https:\\\/\\\/secure.gravatar.com\\\/avatar\\\/1a09e471f5389b0e0a6416eac287e0927c7c97a7b77f9e787eba3af7aee281dd?s=96&d=mm&r=g\",\"contentUrl\":\"https:\\\/\\\/secure.gravatar.com\\\/avatar\\\/1a09e471f5389b0e0a6416eac287e0927c7c97a7b77f9e787eba3af7aee281dd?s=96&d=mm&r=g\",\"caption\":\"Alexander Wachter\"},\"url\":\"https:\\\/\\\/www.immobilienbusiness.ch\\\/fr\\\/author\\\/alexander-wachter\\\/\"}]}<\/script>\n<!-- \/ Yoast SEO plugin. -->","yoast_head_json":{"title":"Swisscanto AST pr\u00e9voit une \u00e9mission - IMMOBILIER Business","description":"Pour le groupe de placement \u00abImmobilier Responsable Suisse\u00bb, Swisscanto veut r\u00e9colter 200 millions de capitaux frais.","robots":{"index":"index","follow":"follow","max-snippet":"max-snippet:-1","max-image-preview":"max-image-preview:large","max-video-preview":"max-video-preview:-1"},"canonical":"https:\/\/www.immobilienbusiness.ch\/fr\/unternehmen\/2025-09-12\/swisscanto-ast-plant-emission\/","og_locale":"fr_FR","og_type":"article","og_title":"Swisscanto AST plant Emission - IMMOBILIEN Business","og_description":"F\u00fcr die Anlagegruppe \u00abImmobilien Responsible Schweiz\u00bb will Swisscanto 200 Millionen frisches Kapital einsammeln.","og_url":"https:\/\/www.immobilienbusiness.ch\/fr\/unternehmen\/2025-09-12\/swisscanto-ast-plant-emission\/","og_site_name":"IMMOBILIEN Business","article_publisher":"https:\/\/www.facebook.com\/immobilienbusiness\/","article_published_time":"2025-09-12T07:00:44+00:00","article_modified_time":"2025-10-22T14:47:19+00:00","og_image":[{"width":640,"height":426,"url":"https:\/\/www.immobilienbusiness.ch\/wp-content\/uploads\/2015\/10\/Kapitalerhoehung-Fundamenta-erloest-368-Millionen-immobilien-business.jpg","type":"image\/jpeg"}],"author":"Alexander Wachter","twitter_card":"summary_large_image","schema":{"@context":"https:\/\/schema.org","@graph":[{"@type":"Article","@id":"https:\/\/www.immobilienbusiness.ch\/en\/unternehmen\/2025-09-12\/swisscanto-ast-plant-emission\/#article","isPartOf":{"@id":"https:\/\/www.immobilienbusiness.ch\/en\/unternehmen\/2025-09-12\/swisscanto-ast-plant-emission\/"},"author":{"name":"Alexander Wachter","@id":"https:\/\/www.immobilienbusiness.ch\/#\/schema\/person\/aba8bea2db926aa0c24c08c43fe1fcd5"},"headline":"Swisscanto AST plant Emission","datePublished":"2025-09-12T07:00:44+00:00","dateModified":"2025-10-22T14:47:19+00:00","mainEntityOfPage":{"@id":"https:\/\/www.immobilienbusiness.ch\/en\/unternehmen\/2025-09-12\/swisscanto-ast-plant-emission\/"},"wordCount":110,"publisher":{"@id":"https:\/\/www.immobilienbusiness.ch\/#organization"},"image":{"@id":"https:\/\/www.immobilienbusiness.ch\/en\/unternehmen\/2025-09-12\/swisscanto-ast-plant-emission\/#primaryimage"},"thumbnailUrl":"https:\/\/www.immobilienbusiness.ch\/wp-content\/uploads\/2015\/10\/Kapitalerhoehung-Fundamenta-erloest-368-Millionen-immobilien-business.jpg","keywords":["Anlagegruppe","Kapitalerh\u00f6hung","Swisscanto AST"],"articleSection":["UNTERNEHMEN"],"inLanguage":"fr-FR"},{"@type":"WebPage","@id":"https:\/\/www.immobilienbusiness.ch\/en\/unternehmen\/2025-09-12\/swisscanto-ast-plant-emission\/","url":"https:\/\/www.immobilienbusiness.ch\/en\/unternehmen\/2025-09-12\/swisscanto-ast-plant-emission\/","name":"Swisscanto AST pr\u00e9voit une \u00e9mission - IMMOBILIER Business","isPartOf":{"@id":"https:\/\/www.immobilienbusiness.ch\/#website"},"primaryImageOfPage":{"@id":"https:\/\/www.immobilienbusiness.ch\/en\/unternehmen\/2025-09-12\/swisscanto-ast-plant-emission\/#primaryimage"},"image":{"@id":"https:\/\/www.immobilienbusiness.ch\/en\/unternehmen\/2025-09-12\/swisscanto-ast-plant-emission\/#primaryimage"},"thumbnailUrl":"https:\/\/www.immobilienbusiness.ch\/wp-content\/uploads\/2015\/10\/Kapitalerhoehung-Fundamenta-erloest-368-Millionen-immobilien-business.jpg","datePublished":"2025-09-12T07:00:44+00:00","dateModified":"2025-10-22T14:47:19+00:00","description":"Pour le groupe de placement \u00abImmobilier Responsable Suisse\u00bb, Swisscanto veut r\u00e9colter 200 millions de capitaux frais.","breadcrumb":{"@id":"https:\/\/www.immobilienbusiness.ch\/en\/unternehmen\/2025-09-12\/swisscanto-ast-plant-emission\/#breadcrumb"},"inLanguage":"fr-FR","potentialAction":[{"@type":"ReadAction","target":["https:\/\/www.immobilienbusiness.ch\/en\/unternehmen\/2025-09-12\/swisscanto-ast-plant-emission\/"]}]},{"@type":"ImageObject","inLanguage":"fr-FR","@id":"https:\/\/www.immobilienbusiness.ch\/en\/unternehmen\/2025-09-12\/swisscanto-ast-plant-emission\/#primaryimage","url":"https:\/\/www.immobilienbusiness.ch\/wp-content\/uploads\/2015\/10\/Kapitalerhoehung-Fundamenta-erloest-368-Millionen-immobilien-business.jpg","contentUrl":"https:\/\/www.immobilienbusiness.ch\/wp-content\/uploads\/2015\/10\/Kapitalerhoehung-Fundamenta-erloest-368-Millionen-immobilien-business.jpg","width":640,"height":426,"caption":"Frisches Kapital (Bild: \u00a9 Pixabay)"},{"@type":"BreadcrumbList","@id":"https:\/\/www.immobilienbusiness.ch\/en\/unternehmen\/2025-09-12\/swisscanto-ast-plant-emission\/#breadcrumb","itemListElement":[{"@type":"ListItem","position":1,"name":"Home","item":"https:\/\/www.immobilienbusiness.ch\/"},{"@type":"ListItem","position":2,"name":"Swisscanto AST plant Emission"}]},{"@type":"WebSite","@id":"https:\/\/www.immobilienbusiness.ch\/#website","url":"https:\/\/www.immobilienbusiness.ch\/","name":"IMMOBILIER Business","description":"Magazine \u00e9conomique suisse ind\u00e9pendant ax\u00e9 sur l'immobilier, l'architecture et la construction ainsi que sur les investissements et le financement.","publisher":{"@id":"https:\/\/www.immobilienbusiness.ch\/#organization"},"potentialAction":[{"@type":"SearchAction","target":{"@type":"EntryPoint","urlTemplate":"https:\/\/www.immobilienbusiness.ch\/?s={search_term_string}"},"query-input":{"@type":"PropertyValueSpecification","valueRequired":true,"valueName":"search_term_string"}}],"inLanguage":"fr-FR"},{"@type":"Organization","@id":"https:\/\/www.immobilienbusiness.ch\/#organization","name":"IMMOBILIER Business","url":"https:\/\/www.immobilienbusiness.ch\/","logo":{"@type":"ImageObject","inLanguage":"fr-FR","@id":"https:\/\/www.immobilienbusiness.ch\/#\/schema\/logo\/image\/","url":"https:\/\/www.immobilienbusiness.ch\/wp-content\/uploads\/2021\/07\/logo_ib.png","contentUrl":"https:\/\/www.immobilienbusiness.ch\/wp-content\/uploads\/2021\/07\/logo_ib.png","width":800,"height":181,"caption":"IMMOBILIEN Business"},"image":{"@id":"https:\/\/www.immobilienbusiness.ch\/#\/schema\/logo\/image\/"},"sameAs":["https:\/\/www.facebook.com\/immobilienbusiness\/"]},{"@type":"Person","@id":"https:\/\/www.immobilienbusiness.ch\/#\/schema\/person\/aba8bea2db926aa0c24c08c43fe1fcd5","name":"Alexander Wachter","image":{"@type":"ImageObject","inLanguage":"fr-FR","@id":"https:\/\/secure.gravatar.com\/avatar\/1a09e471f5389b0e0a6416eac287e0927c7c97a7b77f9e787eba3af7aee281dd?s=96&d=mm&r=g","url":"https:\/\/secure.gravatar.com\/avatar\/1a09e471f5389b0e0a6416eac287e0927c7c97a7b77f9e787eba3af7aee281dd?s=96&d=mm&r=g","contentUrl":"https:\/\/secure.gravatar.com\/avatar\/1a09e471f5389b0e0a6416eac287e0927c7c97a7b77f9e787eba3af7aee281dd?s=96&d=mm&r=g","caption":"Alexander Wachter"},"url":"https:\/\/www.immobilienbusiness.ch\/fr\/author\/alexander-wachter\/"}]}},"_links":{"self":[{"href":"https:\/\/www.immobilienbusiness.ch\/fr\/wp-json\/wp\/v2\/posts\/65897","targetHints":{"allow":["GET"]}}],"collection":[{"href":"https:\/\/www.immobilienbusiness.ch\/fr\/wp-json\/wp\/v2\/posts"}],"about":[{"href":"https:\/\/www.immobilienbusiness.ch\/fr\/wp-json\/wp\/v2\/types\/post"}],"author":[{"embeddable":true,"href":"https:\/\/www.immobilienbusiness.ch\/fr\/wp-json\/wp\/v2\/users\/102"}],"replies":[{"embeddable":true,"href":"https:\/\/www.immobilienbusiness.ch\/fr\/wp-json\/wp\/v2\/comments?post=65897"}],"version-history":[{"count":1,"href":"https:\/\/www.immobilienbusiness.ch\/fr\/wp-json\/wp\/v2\/posts\/65897\/revisions"}],"predecessor-version":[{"id":65898,"href":"https:\/\/www.immobilienbusiness.ch\/fr\/wp-json\/wp\/v2\/posts\/65897\/revisions\/65898"}],"wp:featuredmedia":[{"embeddable":true,"href":"https:\/\/www.immobilienbusiness.ch\/fr\/wp-json\/wp\/v2\/media\/4643"}],"wp:attachment":[{"href":"https:\/\/www.immobilienbusiness.ch\/fr\/wp-json\/wp\/v2\/media?parent=65897"}],"wp:term":[{"taxonomy":"category","embeddable":true,"href":"https:\/\/www.immobilienbusiness.ch\/fr\/wp-json\/wp\/v2\/categories?post=65897"},{"taxonomy":"post_tag","embeddable":true,"href":"https:\/\/www.immobilienbusiness.ch\/fr\/wp-json\/wp\/v2\/tags?post=65897"}],"curies":[{"name":"wp","href":"https:\/\/api.w.org\/{rel}","templated":true}]}}