{"id":65863,"date":"2025-10-22T03:51:59","date_gmt":"2025-10-22T01:51:59","guid":{"rendered":"https:\/\/www.immobilienbusiness.ch\/?p=65863"},"modified":"2025-10-23T10:25:41","modified_gmt":"2025-10-23T08:25:41","slug":"baumeisterverband-zwei-neue-vizedirektoren","status":"publish","type":"post","link":"https:\/\/www.immobilienbusiness.ch\/fr\/personalia\/2025-10-22\/baumeisterverband-zwei-neue-vizedirektoren\/","title":{"rendered":"Soci\u00e9t\u00e9 Suisse des Entrepreneurs : Deux nouveaux sous-directeurs"},"content":{"rendered":"<figure id=\"attachment_65864\" aria-describedby=\"caption-attachment-65864\" style=\"width: 696px\" class=\"wp-caption alignnone\"><a href=\"https:\/\/www.immobilienbusiness.ch\/wp-content\/uploads\/2025\/10\/Oesch-Feder-Baumeisterverband-zVg.png\"><img loading=\"lazy\" decoding=\"async\" class=\"size-full wp-image-65864\" src=\"https:\/\/www.immobilienbusiness.ch\/wp-content\/uploads\/2025\/10\/Oesch-Feder-Baumeisterverband-zVg.png\" alt=\"\" width=\"696\" height=\"499\" srcset=\"https:\/\/www.immobilienbusiness.ch\/wp-content\/uploads\/2025\/10\/Oesch-Feder-Baumeisterverband-zVg.png 696w, https:\/\/www.immobilienbusiness.ch\/wp-content\/uploads\/2025\/10\/Oesch-Feder-Baumeisterverband-zVg-300x215.png 300w, https:\/\/www.immobilienbusiness.ch\/wp-content\/uploads\/2025\/10\/Oesch-Feder-Baumeisterverband-zVg-18x12.png 18w, https:\/\/www.immobilienbusiness.ch\/wp-content\/uploads\/2025\/10\/Oesch-Feder-Baumeisterverband-zVg-375x269.png 375w, https:\/\/www.immobilienbusiness.ch\/wp-content\/uploads\/2025\/10\/Oesch-Feder-Baumeisterverband-zVg-488x350.png 488w\" sizes=\"auto, (max-width: 696px) 100vw, 696px\" \/><\/a><figcaption id=\"caption-attachment-65864\" class=\"wp-caption-text\">Lukas Oesch et Thomas Fasel (photo : Soci\u00e9t\u00e9 suisse des entrepreneurs)<\/figcaption><\/figure>\n<p>Avec Lukas Oesch et Thomas Fasel, la direction de la Soci\u00e9t\u00e9 Suisse des Entrepreneurs (SSE), compos\u00e9e de cinq membres, est \u00e0 nouveau compl\u00e8te. Ils reprennent les domaines de responsabilit\u00e9 Politique et communication ainsi que Finances et IT.<\/p>\n<p>Osch a pris la succession de Marcel Sennhauser en juin. En novembre, Fasel reprendra les fonctions de Marisa Lienberger. Sennhauser et Lienberger quitteront l'association au printemps. \u00abL'USP les remercie express\u00e9ment tous les deux pour leur engagement de longue date et leur pr\u00e9cieuse contribution au d\u00e9veloppement de l'association\u00bb, peut-on lire dans un communiqu\u00e9.<\/p>\n<p>Oesch a marqu\u00e9 pendant huit ans la communication politique de la Soci\u00e9t\u00e9 coop\u00e9rative nationale pour le stockage des d\u00e9chets radioactifs (Nagra) en relation avec l'un des plus grands projets d'infrastructure et de construction de Suisse. Avant de passer \u00e0 la communication, ce docteur en g\u00e9ologie a travaill\u00e9 plusieurs ann\u00e9es dans la recherche. Fasel est \u00e9conomiste d'entreprise et expert en comptabilit\u00e9 et en controlling. Il a occup\u00e9 pendant de nombreuses ann\u00e9es des postes de direction dans le secteur priv\u00e9. <em>(aw)<\/em><\/p>","protected":false},"excerpt":{"rendered":"<p>Les deux nouveaux venus assument la responsabilit\u00e9 des domaines politique et financier.<\/p>","protected":false},"author":102,"featured_media":65864,"comment_status":"closed","ping_status":"closed","sticky":false,"template":"","format":"standard","meta":{"_acf_changed":false,"_yoast_wpseo_focuskw":"Personalia","_yoast_wpseo_title":"","_yoast_wpseo_metadesc":"Die beiden Neuen \u00fcbernehmen die Verantwortung f\u00fcr die Bereiche Politik sowie Finanzen.","_yoast_wpseo_linkdex":55,"pgc_sgb_lightbox_settings":"","footnotes":""},"categories":[1912],"tags":[4348,1082,1563],"class_list":["post-65863","post","type-post","status-publish","format-standard","has-post-thumbnail","hentry","category-personalia","tag-baumeisterverband","tag-bauwirtschaft","tag-personalia"],"acf":[],"yoast_head":"<!-- This site is optimized with the Yoast SEO plugin v27.4 - https:\/\/yoast.com\/product\/yoast-seo-wordpress\/ -->\n<title>Baumeisterverband: Zwei neue Vizedirektoren - IMMOBILIEN Business<\/title>\n<meta name=\"description\" content=\"Die beiden Neuen \u00fcbernehmen die Verantwortung f\u00fcr die Bereiche Politik sowie Finanzen.\" \/>\n<meta name=\"robots\" content=\"index, follow, max-snippet:-1, max-image-preview:large, max-video-preview:-1\" \/>\n<link rel=\"canonical\" href=\"https:\/\/www.immobilienbusiness.ch\/fr\/personalia\/2025-10-22\/baumeisterverband-zwei-neue-vizedirektoren\/\" \/>\n<meta property=\"og:locale\" content=\"fr_FR\" \/>\n<meta property=\"og:type\" content=\"article\" \/>\n<meta property=\"og:title\" content=\"Baumeisterverband: Zwei neue Vizedirektoren - IMMOBILIEN Business\" \/>\n<meta property=\"og:description\" content=\"Die beiden Neuen \u00fcbernehmen die Verantwortung f\u00fcr die Bereiche Politik sowie Finanzen.\" \/>\n<meta property=\"og:url\" content=\"https:\/\/www.immobilienbusiness.ch\/fr\/personalia\/2025-10-22\/baumeisterverband-zwei-neue-vizedirektoren\/\" \/>\n<meta property=\"og:site_name\" content=\"IMMOBILIEN Business\" \/>\n<meta property=\"article:publisher\" content=\"https:\/\/www.facebook.com\/immobilienbusiness\/\" \/>\n<meta property=\"article:published_time\" content=\"2025-10-22T01:51:59+00:00\" \/>\n<meta property=\"article:modified_time\" content=\"2025-10-23T08:25:41+00:00\" \/>\n<meta property=\"og:image\" content=\"https:\/\/www.immobilienbusiness.ch\/wp-content\/uploads\/2025\/10\/Oesch-Feder-Baumeisterverband-zVg.png\" \/>\n\t<meta property=\"og:image:width\" content=\"696\" \/>\n\t<meta property=\"og:image:height\" content=\"499\" \/>\n\t<meta property=\"og:image:type\" content=\"image\/png\" \/>\n<meta name=\"author\" content=\"Alexander Wachter\" \/>\n<meta name=\"twitter:card\" content=\"summary_large_image\" \/>\n<script type=\"application\/ld+json\" class=\"yoast-schema-graph\">{\"@context\":\"https:\\\/\\\/schema.org\",\"@graph\":[{\"@type\":\"Article\",\"@id\":\"https:\\\/\\\/www.immobilienbusiness.ch\\\/fr\\\/personalia\\\/2025-10-22\\\/baumeisterverband-zwei-neue-vizedirektoren\\\/#article\",\"isPartOf\":{\"@id\":\"https:\\\/\\\/www.immobilienbusiness.ch\\\/fr\\\/personalia\\\/2025-10-22\\\/baumeisterverband-zwei-neue-vizedirektoren\\\/\"},\"author\":{\"name\":\"Alexander Wachter\",\"@id\":\"https:\\\/\\\/www.immobilienbusiness.ch\\\/#\\\/schema\\\/person\\\/aba8bea2db926aa0c24c08c43fe1fcd5\"},\"headline\":\"Baumeisterverband: Zwei neue Vizedirektoren\",\"datePublished\":\"2025-10-22T01:51:59+00:00\",\"dateModified\":\"2025-10-23T08:25:41+00:00\",\"mainEntityOfPage\":{\"@id\":\"https:\\\/\\\/www.immobilienbusiness.ch\\\/fr\\\/personalia\\\/2025-10-22\\\/baumeisterverband-zwei-neue-vizedirektoren\\\/\"},\"wordCount\":172,\"publisher\":{\"@id\":\"https:\\\/\\\/www.immobilienbusiness.ch\\\/#organization\"},\"image\":{\"@id\":\"https:\\\/\\\/www.immobilienbusiness.ch\\\/fr\\\/personalia\\\/2025-10-22\\\/baumeisterverband-zwei-neue-vizedirektoren\\\/#primaryimage\"},\"thumbnailUrl\":\"https:\\\/\\\/www.immobilienbusiness.ch\\\/wp-content\\\/uploads\\\/2025\\\/10\\\/Oesch-Feder-Baumeisterverband-zVg.png\",\"keywords\":[\"Baumeisterverband\",\"Bauwirtschaft\",\"Personalia\"],\"articleSection\":[\"PERSONALIA\"],\"inLanguage\":\"fr-FR\"},{\"@type\":\"WebPage\",\"@id\":\"https:\\\/\\\/www.immobilienbusiness.ch\\\/fr\\\/personalia\\\/2025-10-22\\\/baumeisterverband-zwei-neue-vizedirektoren\\\/\",\"url\":\"https:\\\/\\\/www.immobilienbusiness.ch\\\/fr\\\/personalia\\\/2025-10-22\\\/baumeisterverband-zwei-neue-vizedirektoren\\\/\",\"name\":\"Baumeisterverband: Zwei neue Vizedirektoren - IMMOBILIEN Business\",\"isPartOf\":{\"@id\":\"https:\\\/\\\/www.immobilienbusiness.ch\\\/#website\"},\"primaryImageOfPage\":{\"@id\":\"https:\\\/\\\/www.immobilienbusiness.ch\\\/fr\\\/personalia\\\/2025-10-22\\\/baumeisterverband-zwei-neue-vizedirektoren\\\/#primaryimage\"},\"image\":{\"@id\":\"https:\\\/\\\/www.immobilienbusiness.ch\\\/fr\\\/personalia\\\/2025-10-22\\\/baumeisterverband-zwei-neue-vizedirektoren\\\/#primaryimage\"},\"thumbnailUrl\":\"https:\\\/\\\/www.immobilienbusiness.ch\\\/wp-content\\\/uploads\\\/2025\\\/10\\\/Oesch-Feder-Baumeisterverband-zVg.png\",\"datePublished\":\"2025-10-22T01:51:59+00:00\",\"dateModified\":\"2025-10-23T08:25:41+00:00\",\"description\":\"Die beiden Neuen \u00fcbernehmen die Verantwortung f\u00fcr die Bereiche Politik sowie Finanzen.\",\"breadcrumb\":{\"@id\":\"https:\\\/\\\/www.immobilienbusiness.ch\\\/fr\\\/personalia\\\/2025-10-22\\\/baumeisterverband-zwei-neue-vizedirektoren\\\/#breadcrumb\"},\"inLanguage\":\"fr-FR\",\"potentialAction\":[{\"@type\":\"ReadAction\",\"target\":[\"https:\\\/\\\/www.immobilienbusiness.ch\\\/fr\\\/personalia\\\/2025-10-22\\\/baumeisterverband-zwei-neue-vizedirektoren\\\/\"]}]},{\"@type\":\"ImageObject\",\"inLanguage\":\"fr-FR\",\"@id\":\"https:\\\/\\\/www.immobilienbusiness.ch\\\/fr\\\/personalia\\\/2025-10-22\\\/baumeisterverband-zwei-neue-vizedirektoren\\\/#primaryimage\",\"url\":\"https:\\\/\\\/www.immobilienbusiness.ch\\\/wp-content\\\/uploads\\\/2025\\\/10\\\/Oesch-Feder-Baumeisterverband-zVg.png\",\"contentUrl\":\"https:\\\/\\\/www.immobilienbusiness.ch\\\/wp-content\\\/uploads\\\/2025\\\/10\\\/Oesch-Feder-Baumeisterverband-zVg.png\",\"width\":696,\"height\":499,\"caption\":\"Lukas Oesch und Thomas Fasel (Bild: Baumeisterverband)\"},{\"@type\":\"BreadcrumbList\",\"@id\":\"https:\\\/\\\/www.immobilienbusiness.ch\\\/fr\\\/personalia\\\/2025-10-22\\\/baumeisterverband-zwei-neue-vizedirektoren\\\/#breadcrumb\",\"itemListElement\":[{\"@type\":\"ListItem\",\"position\":1,\"name\":\"Home\",\"item\":\"https:\\\/\\\/www.immobilienbusiness.ch\\\/\"},{\"@type\":\"ListItem\",\"position\":2,\"name\":\"Baumeisterverband: Zwei neue Vizedirektoren\"}]},{\"@type\":\"WebSite\",\"@id\":\"https:\\\/\\\/www.immobilienbusiness.ch\\\/#website\",\"url\":\"https:\\\/\\\/www.immobilienbusiness.ch\\\/\",\"name\":\"IMMOBILIEN Business\",\"description\":\"Unabh\u00e4ngiges Schweizer Wirtschaftsmagazin mit Fokus auf Immobilien, Architektur- und Bau sowie Investment- und Finanzierung.\",\"publisher\":{\"@id\":\"https:\\\/\\\/www.immobilienbusiness.ch\\\/#organization\"},\"potentialAction\":[{\"@type\":\"SearchAction\",\"target\":{\"@type\":\"EntryPoint\",\"urlTemplate\":\"https:\\\/\\\/www.immobilienbusiness.ch\\\/?s={search_term_string}\"},\"query-input\":{\"@type\":\"PropertyValueSpecification\",\"valueRequired\":true,\"valueName\":\"search_term_string\"}}],\"inLanguage\":\"fr-FR\"},{\"@type\":\"Organization\",\"@id\":\"https:\\\/\\\/www.immobilienbusiness.ch\\\/#organization\",\"name\":\"IMMOBILIEN Business\",\"url\":\"https:\\\/\\\/www.immobilienbusiness.ch\\\/\",\"logo\":{\"@type\":\"ImageObject\",\"inLanguage\":\"fr-FR\",\"@id\":\"https:\\\/\\\/www.immobilienbusiness.ch\\\/#\\\/schema\\\/logo\\\/image\\\/\",\"url\":\"https:\\\/\\\/www.immobilienbusiness.ch\\\/wp-content\\\/uploads\\\/2021\\\/07\\\/logo_ib.png\",\"contentUrl\":\"https:\\\/\\\/www.immobilienbusiness.ch\\\/wp-content\\\/uploads\\\/2021\\\/07\\\/logo_ib.png\",\"width\":800,\"height\":181,\"caption\":\"IMMOBILIEN Business\"},\"image\":{\"@id\":\"https:\\\/\\\/www.immobilienbusiness.ch\\\/#\\\/schema\\\/logo\\\/image\\\/\"},\"sameAs\":[\"https:\\\/\\\/www.facebook.com\\\/immobilienbusiness\\\/\"]},{\"@type\":\"Person\",\"@id\":\"https:\\\/\\\/www.immobilienbusiness.ch\\\/#\\\/schema\\\/person\\\/aba8bea2db926aa0c24c08c43fe1fcd5\",\"name\":\"Alexander Wachter\",\"image\":{\"@type\":\"ImageObject\",\"inLanguage\":\"fr-FR\",\"@id\":\"https:\\\/\\\/secure.gravatar.com\\\/avatar\\\/1a09e471f5389b0e0a6416eac287e0927c7c97a7b77f9e787eba3af7aee281dd?s=96&d=mm&r=g\",\"url\":\"https:\\\/\\\/secure.gravatar.com\\\/avatar\\\/1a09e471f5389b0e0a6416eac287e0927c7c97a7b77f9e787eba3af7aee281dd?s=96&d=mm&r=g\",\"contentUrl\":\"https:\\\/\\\/secure.gravatar.com\\\/avatar\\\/1a09e471f5389b0e0a6416eac287e0927c7c97a7b77f9e787eba3af7aee281dd?s=96&d=mm&r=g\",\"caption\":\"Alexander Wachter\"},\"url\":\"https:\\\/\\\/www.immobilienbusiness.ch\\\/fr\\\/author\\\/alexander-wachter\\\/\"}]}<\/script>\n<!-- \/ Yoast SEO plugin. -->","yoast_head_json":{"title":"Soci\u00e9t\u00e9 suisse des entrepreneurs : deux nouveaux sous-directeurs - IMMOBILIER Business","description":"Les deux nouveaux venus assument la responsabilit\u00e9 des domaines politique et financier.","robots":{"index":"index","follow":"follow","max-snippet":"max-snippet:-1","max-image-preview":"max-image-preview:large","max-video-preview":"max-video-preview:-1"},"canonical":"https:\/\/www.immobilienbusiness.ch\/fr\/personalia\/2025-10-22\/baumeisterverband-zwei-neue-vizedirektoren\/","og_locale":"fr_FR","og_type":"article","og_title":"Baumeisterverband: Zwei neue Vizedirektoren - IMMOBILIEN Business","og_description":"Die beiden Neuen \u00fcbernehmen die Verantwortung f\u00fcr die Bereiche Politik sowie Finanzen.","og_url":"https:\/\/www.immobilienbusiness.ch\/fr\/personalia\/2025-10-22\/baumeisterverband-zwei-neue-vizedirektoren\/","og_site_name":"IMMOBILIEN Business","article_publisher":"https:\/\/www.facebook.com\/immobilienbusiness\/","article_published_time":"2025-10-22T01:51:59+00:00","article_modified_time":"2025-10-23T08:25:41+00:00","og_image":[{"width":696,"height":499,"url":"https:\/\/www.immobilienbusiness.ch\/wp-content\/uploads\/2025\/10\/Oesch-Feder-Baumeisterverband-zVg.png","type":"image\/png"}],"author":"Alexander Wachter","twitter_card":"summary_large_image","schema":{"@context":"https:\/\/schema.org","@graph":[{"@type":"Article","@id":"https:\/\/www.immobilienbusiness.ch\/fr\/personalia\/2025-10-22\/baumeisterverband-zwei-neue-vizedirektoren\/#article","isPartOf":{"@id":"https:\/\/www.immobilienbusiness.ch\/fr\/personalia\/2025-10-22\/baumeisterverband-zwei-neue-vizedirektoren\/"},"author":{"name":"Alexander Wachter","@id":"https:\/\/www.immobilienbusiness.ch\/#\/schema\/person\/aba8bea2db926aa0c24c08c43fe1fcd5"},"headline":"Baumeisterverband: Zwei neue Vizedirektoren","datePublished":"2025-10-22T01:51:59+00:00","dateModified":"2025-10-23T08:25:41+00:00","mainEntityOfPage":{"@id":"https:\/\/www.immobilienbusiness.ch\/fr\/personalia\/2025-10-22\/baumeisterverband-zwei-neue-vizedirektoren\/"},"wordCount":172,"publisher":{"@id":"https:\/\/www.immobilienbusiness.ch\/#organization"},"image":{"@id":"https:\/\/www.immobilienbusiness.ch\/fr\/personalia\/2025-10-22\/baumeisterverband-zwei-neue-vizedirektoren\/#primaryimage"},"thumbnailUrl":"https:\/\/www.immobilienbusiness.ch\/wp-content\/uploads\/2025\/10\/Oesch-Feder-Baumeisterverband-zVg.png","keywords":["Baumeisterverband","Bauwirtschaft","Personalia"],"articleSection":["PERSONALIA"],"inLanguage":"fr-FR"},{"@type":"WebPage","@id":"https:\/\/www.immobilienbusiness.ch\/fr\/personalia\/2025-10-22\/baumeisterverband-zwei-neue-vizedirektoren\/","url":"https:\/\/www.immobilienbusiness.ch\/fr\/personalia\/2025-10-22\/baumeisterverband-zwei-neue-vizedirektoren\/","name":"Soci\u00e9t\u00e9 suisse des entrepreneurs : deux nouveaux sous-directeurs - IMMOBILIER Business","isPartOf":{"@id":"https:\/\/www.immobilienbusiness.ch\/#website"},"primaryImageOfPage":{"@id":"https:\/\/www.immobilienbusiness.ch\/fr\/personalia\/2025-10-22\/baumeisterverband-zwei-neue-vizedirektoren\/#primaryimage"},"image":{"@id":"https:\/\/www.immobilienbusiness.ch\/fr\/personalia\/2025-10-22\/baumeisterverband-zwei-neue-vizedirektoren\/#primaryimage"},"thumbnailUrl":"https:\/\/www.immobilienbusiness.ch\/wp-content\/uploads\/2025\/10\/Oesch-Feder-Baumeisterverband-zVg.png","datePublished":"2025-10-22T01:51:59+00:00","dateModified":"2025-10-23T08:25:41+00:00","description":"Les deux nouveaux venus assument la responsabilit\u00e9 des domaines politique et financier.","breadcrumb":{"@id":"https:\/\/www.immobilienbusiness.ch\/fr\/personalia\/2025-10-22\/baumeisterverband-zwei-neue-vizedirektoren\/#breadcrumb"},"inLanguage":"fr-FR","potentialAction":[{"@type":"ReadAction","target":["https:\/\/www.immobilienbusiness.ch\/fr\/personalia\/2025-10-22\/baumeisterverband-zwei-neue-vizedirektoren\/"]}]},{"@type":"ImageObject","inLanguage":"fr-FR","@id":"https:\/\/www.immobilienbusiness.ch\/fr\/personalia\/2025-10-22\/baumeisterverband-zwei-neue-vizedirektoren\/#primaryimage","url":"https:\/\/www.immobilienbusiness.ch\/wp-content\/uploads\/2025\/10\/Oesch-Feder-Baumeisterverband-zVg.png","contentUrl":"https:\/\/www.immobilienbusiness.ch\/wp-content\/uploads\/2025\/10\/Oesch-Feder-Baumeisterverband-zVg.png","width":696,"height":499,"caption":"Lukas Oesch und Thomas Fasel (Bild: Baumeisterverband)"},{"@type":"BreadcrumbList","@id":"https:\/\/www.immobilienbusiness.ch\/fr\/personalia\/2025-10-22\/baumeisterverband-zwei-neue-vizedirektoren\/#breadcrumb","itemListElement":[{"@type":"ListItem","position":1,"name":"Home","item":"https:\/\/www.immobilienbusiness.ch\/"},{"@type":"ListItem","position":2,"name":"Baumeisterverband: Zwei neue Vizedirektoren"}]},{"@type":"WebSite","@id":"https:\/\/www.immobilienbusiness.ch\/#website","url":"https:\/\/www.immobilienbusiness.ch\/","name":"IMMOBILIER Business","description":"Magazine \u00e9conomique suisse ind\u00e9pendant ax\u00e9 sur l'immobilier, l'architecture et la construction ainsi que sur les investissements et le financement.","publisher":{"@id":"https:\/\/www.immobilienbusiness.ch\/#organization"},"potentialAction":[{"@type":"SearchAction","target":{"@type":"EntryPoint","urlTemplate":"https:\/\/www.immobilienbusiness.ch\/?s={search_term_string}"},"query-input":{"@type":"PropertyValueSpecification","valueRequired":true,"valueName":"search_term_string"}}],"inLanguage":"fr-FR"},{"@type":"Organization","@id":"https:\/\/www.immobilienbusiness.ch\/#organization","name":"IMMOBILIER Business","url":"https:\/\/www.immobilienbusiness.ch\/","logo":{"@type":"ImageObject","inLanguage":"fr-FR","@id":"https:\/\/www.immobilienbusiness.ch\/#\/schema\/logo\/image\/","url":"https:\/\/www.immobilienbusiness.ch\/wp-content\/uploads\/2021\/07\/logo_ib.png","contentUrl":"https:\/\/www.immobilienbusiness.ch\/wp-content\/uploads\/2021\/07\/logo_ib.png","width":800,"height":181,"caption":"IMMOBILIEN Business"},"image":{"@id":"https:\/\/www.immobilienbusiness.ch\/#\/schema\/logo\/image\/"},"sameAs":["https:\/\/www.facebook.com\/immobilienbusiness\/"]},{"@type":"Person","@id":"https:\/\/www.immobilienbusiness.ch\/#\/schema\/person\/aba8bea2db926aa0c24c08c43fe1fcd5","name":"Alexander Wachter","image":{"@type":"ImageObject","inLanguage":"fr-FR","@id":"https:\/\/secure.gravatar.com\/avatar\/1a09e471f5389b0e0a6416eac287e0927c7c97a7b77f9e787eba3af7aee281dd?s=96&d=mm&r=g","url":"https:\/\/secure.gravatar.com\/avatar\/1a09e471f5389b0e0a6416eac287e0927c7c97a7b77f9e787eba3af7aee281dd?s=96&d=mm&r=g","contentUrl":"https:\/\/secure.gravatar.com\/avatar\/1a09e471f5389b0e0a6416eac287e0927c7c97a7b77f9e787eba3af7aee281dd?s=96&d=mm&r=g","caption":"Alexander Wachter"},"url":"https:\/\/www.immobilienbusiness.ch\/fr\/author\/alexander-wachter\/"}]}},"_links":{"self":[{"href":"https:\/\/www.immobilienbusiness.ch\/fr\/wp-json\/wp\/v2\/posts\/65863","targetHints":{"allow":["GET"]}}],"collection":[{"href":"https:\/\/www.immobilienbusiness.ch\/fr\/wp-json\/wp\/v2\/posts"}],"about":[{"href":"https:\/\/www.immobilienbusiness.ch\/fr\/wp-json\/wp\/v2\/types\/post"}],"author":[{"embeddable":true,"href":"https:\/\/www.immobilienbusiness.ch\/fr\/wp-json\/wp\/v2\/users\/102"}],"replies":[{"embeddable":true,"href":"https:\/\/www.immobilienbusiness.ch\/fr\/wp-json\/wp\/v2\/comments?post=65863"}],"version-history":[{"count":3,"href":"https:\/\/www.immobilienbusiness.ch\/fr\/wp-json\/wp\/v2\/posts\/65863\/revisions"}],"predecessor-version":[{"id":65923,"href":"https:\/\/www.immobilienbusiness.ch\/fr\/wp-json\/wp\/v2\/posts\/65863\/revisions\/65923"}],"wp:featuredmedia":[{"embeddable":true,"href":"https:\/\/www.immobilienbusiness.ch\/fr\/wp-json\/wp\/v2\/media\/65864"}],"wp:attachment":[{"href":"https:\/\/www.immobilienbusiness.ch\/fr\/wp-json\/wp\/v2\/media?parent=65863"}],"wp:term":[{"taxonomy":"category","embeddable":true,"href":"https:\/\/www.immobilienbusiness.ch\/fr\/wp-json\/wp\/v2\/categories?post=65863"},{"taxonomy":"post_tag","embeddable":true,"href":"https:\/\/www.immobilienbusiness.ch\/fr\/wp-json\/wp\/v2\/tags?post=65863"}],"curies":[{"name":"wp","href":"https:\/\/api.w.org\/{rel}","templated":true}]}}