{"id":65738,"date":"2025-10-10T07:00:58","date_gmt":"2025-10-10T05:00:58","guid":{"rendered":"https:\/\/www.immobilienbusiness.ch\/?p=65738"},"modified":"2025-10-16T10:56:14","modified_gmt":"2025-10-16T08:56:14","slug":"comunus-sicav-erstnotierung-an-der-boerse","status":"publish","type":"post","link":"https:\/\/www.immobilienbusiness.ch\/fr\/unternehmen\/2025-10-10\/comunus-sicav-erstnotierung-an-der-boerse\/","title":{"rendered":"Comunus SICAV : Premi\u00e8re cotation en bourse"},"content":{"rendered":"<figure id=\"attachment_65739\" aria-describedby=\"caption-attachment-65739\" style=\"width: 768px\" class=\"wp-caption alignnone\"><a href=\"https:\/\/www.immobilienbusiness.ch\/wp-content\/uploads\/2025\/10\/Depositphotos_52356057_LIPO-scaled.jpg\"><img loading=\"lazy\" decoding=\"async\" class=\"size-large wp-image-65739\" src=\"https:\/\/www.immobilienbusiness.ch\/wp-content\/uploads\/2025\/10\/Depositphotos_52356057_LIPO-1024x682.jpg\" alt=\"\" width=\"768\" height=\"512\" srcset=\"https:\/\/www.immobilienbusiness.ch\/wp-content\/uploads\/2025\/10\/Depositphotos_52356057_LIPO-1024x682.jpg 1024w, https:\/\/www.immobilienbusiness.ch\/wp-content\/uploads\/2025\/10\/Depositphotos_52356057_LIPO-300x200.jpg 300w, https:\/\/www.immobilienbusiness.ch\/wp-content\/uploads\/2025\/10\/Depositphotos_52356057_LIPO-768x512.jpg 768w, https:\/\/www.immobilienbusiness.ch\/wp-content\/uploads\/2025\/10\/Depositphotos_52356057_LIPO-1536x1024.jpg 1536w, https:\/\/www.immobilienbusiness.ch\/wp-content\/uploads\/2025\/10\/Depositphotos_52356057_LIPO-18x12.jpg 18w, https:\/\/www.immobilienbusiness.ch\/wp-content\/uploads\/2025\/10\/Depositphotos_52356057_LIPO-375x250.jpg 375w, https:\/\/www.immobilienbusiness.ch\/wp-content\/uploads\/2025\/10\/Depositphotos_52356057_LIPO-525x350.jpg 525w, https:\/\/www.immobilienbusiness.ch\/wp-content\/uploads\/2025\/10\/Depositphotos_52356057_LIPO-1000x667.jpg 1000w, https:\/\/www.immobilienbusiness.ch\/wp-content\/uploads\/2025\/10\/Depositphotos_52356057_LIPO-scaled.jpg 1200w\" sizes=\"auto, (max-width: 768px) 100vw, 768px\" \/><\/a><figcaption id=\"caption-attachment-65739\" class=\"wp-caption-text\">Les parts de la SICAV Comunus sont d\u00e9sormais cot\u00e9es en bourse (Image : Depositphotos)<\/figcaption><\/figure>\n<p>La SICAV Comunus a fait son entr\u00e9e en bourse il y a quelques jours. Selon les indications de la SIX Swiss Exchange, Comunus est le premier nouvel \u00e9metteur de fonds immobiliers \u00e0 la Bourse de Zurich pour l'ann\u00e9e en cours. Apr\u00e8s la premi\u00e8re cotation, le cours de l'action est pass\u00e9 du cours de r\u00e9f\u00e9rence de 205,00 \u00e0 250,00 CHF dans l'intervalle. Actuellement, il s'\u00e9l\u00e8ve \u00e0 229,50 CHF. La direction du fonds a indiqu\u00e9 que la valeur nette d'inventaire au 31 d\u00e9cembre 2024 \u00e9tait de 178,00 CHF par part.<\/p>\n<h3>Le fonds se d\u00e9veloppe gr\u00e2ce \u00e0 des acquisitions<\/h3>\n<p>Avant sa cotation en bourse, la SICAV a proc\u00e9d\u00e9 \u00e0 une augmentation de capital de 70 millions de CHF. Il s'agissait d\u00e9j\u00e0 de la deuxi\u00e8me \u00e9mission de l'ann\u00e9e. Selon les indications, elle a \u00e9t\u00e9 nettement sursouscrite. Selon le communiqu\u00e9, les fonds sont destin\u00e9s \u00e0 l'acquisition de sept immeubles en Suisse romande. En outre, des projets de d\u00e9veloppement dans le parc immobilier existant doivent \u00eatre financ\u00e9s avec le nouveau capital. Parall\u00e8lement \u00e0 l'augmentation de capital, des apports en nature d'un montant de 20 millions de CHF ont \u00e9t\u00e9 r\u00e9alis\u00e9s, selon Comunus. Ces transactions ont permis l'acquisition de quatre immeubles suppl\u00e9mentaires en Suisse romande. Apr\u00e8s la conclusion de toutes les transactions, la fortune brute du fonds atteint un volume de 930 millions de CHF. <em>(aw)<\/em><\/p>","protected":false},"excerpt":{"rendered":"<p>Le fonds est le premier nouvel \u00e9metteur de fonds immobiliers de l'ann\u00e9e \u00e0 la SIX Swiss Exchange de Zurich \u00e0 avoir r\u00e9alis\u00e9 son IPO. Peu de temps auparavant, une augmentation de capital avait \u00e9t\u00e9 conclue.<\/p>","protected":false},"author":102,"featured_media":65739,"comment_status":"closed","ping_status":"closed","sticky":false,"template":"","format":"standard","meta":{"_acf_changed":false,"_yoast_wpseo_focuskw":"Comunus","_yoast_wpseo_title":"","_yoast_wpseo_metadesc":"Als erster neuer Immobilienfondsemittent an der Z\u00fcrcher SIX Swiss Exchange im laufenden Jahr hat der Fonds seinen IPO absolviert. Kurz davor war eine Kapitalerh\u00f6hung abgeschlossen worden.","_yoast_wpseo_linkdex":62,"pgc_sgb_lightbox_settings":"","footnotes":""},"categories":[988],"tags":[1108,2220,1344,1412],"class_list":["post-65738","post","type-post","status-publish","format-standard","has-post-thumbnail","hentry","category-unternehmen","tag-boersengang","tag-comunus","tag-immobilienfonds","tag-kapitalerhoehung"],"acf":[],"yoast_head":"<!-- This site is optimized with the Yoast SEO plugin v27.5 - https:\/\/yoast.com\/product\/yoast-seo-wordpress\/ -->\n<title>Comunus SICAV: Erstnotierung an der B\u00f6rse - IMMOBILIEN Business<\/title>\n<meta name=\"description\" content=\"Als erster neuer Immobilienfondsemittent an der Z\u00fcrcher SIX Swiss Exchange im laufenden Jahr hat der Fonds seinen IPO absolviert. Kurz davor war eine Kapitalerh\u00f6hung abgeschlossen worden.\" \/>\n<meta name=\"robots\" content=\"index, follow, max-snippet:-1, max-image-preview:large, max-video-preview:-1\" \/>\n<link rel=\"canonical\" href=\"https:\/\/www.immobilienbusiness.ch\/fr\/unternehmen\/2025-10-10\/comunus-sicav-erstnotierung-an-der-boerse\/\" \/>\n<meta property=\"og:locale\" content=\"fr_FR\" \/>\n<meta property=\"og:type\" content=\"article\" \/>\n<meta property=\"og:title\" content=\"Comunus SICAV: Erstnotierung an der B\u00f6rse - IMMOBILIEN Business\" \/>\n<meta property=\"og:description\" content=\"Als erster neuer Immobilienfondsemittent an der Z\u00fcrcher SIX Swiss Exchange im laufenden Jahr hat der Fonds seinen IPO absolviert. Kurz davor war eine Kapitalerh\u00f6hung abgeschlossen worden.\" \/>\n<meta property=\"og:url\" content=\"https:\/\/www.immobilienbusiness.ch\/fr\/unternehmen\/2025-10-10\/comunus-sicav-erstnotierung-an-der-boerse\/\" \/>\n<meta property=\"og:site_name\" content=\"IMMOBILIEN Business\" \/>\n<meta property=\"article:publisher\" content=\"https:\/\/www.facebook.com\/immobilienbusiness\/\" \/>\n<meta property=\"article:published_time\" content=\"2025-10-10T05:00:58+00:00\" \/>\n<meta property=\"article:modified_time\" content=\"2025-10-16T08:56:14+00:00\" \/>\n<meta property=\"og:image\" content=\"https:\/\/www.immobilienbusiness.ch\/wp-content\/uploads\/2025\/10\/Depositphotos_52356057_LIPO-scaled.jpg\" \/>\n\t<meta property=\"og:image:width\" content=\"1200\" \/>\n\t<meta property=\"og:image:height\" content=\"800\" \/>\n\t<meta property=\"og:image:type\" content=\"image\/jpeg\" \/>\n<meta name=\"author\" content=\"Alexander Wachter\" \/>\n<meta name=\"twitter:card\" content=\"summary_large_image\" \/>\n<script type=\"application\/ld+json\" class=\"yoast-schema-graph\">{\"@context\":\"https:\\\/\\\/schema.org\",\"@graph\":[{\"@type\":\"Article\",\"@id\":\"https:\\\/\\\/www.immobilienbusiness.ch\\\/en\\\/unternehmen\\\/2025-10-10\\\/comunus-sicav-erstnotierung-an-der-boerse\\\/#article\",\"isPartOf\":{\"@id\":\"https:\\\/\\\/www.immobilienbusiness.ch\\\/en\\\/unternehmen\\\/2025-10-10\\\/comunus-sicav-erstnotierung-an-der-boerse\\\/\"},\"author\":{\"name\":\"Alexander Wachter\",\"@id\":\"https:\\\/\\\/www.immobilienbusiness.ch\\\/#\\\/schema\\\/person\\\/aba8bea2db926aa0c24c08c43fe1fcd5\"},\"headline\":\"Comunus SICAV: Erstnotierung an der B\u00f6rse\",\"datePublished\":\"2025-10-10T05:00:58+00:00\",\"dateModified\":\"2025-10-16T08:56:14+00:00\",\"mainEntityOfPage\":{\"@id\":\"https:\\\/\\\/www.immobilienbusiness.ch\\\/en\\\/unternehmen\\\/2025-10-10\\\/comunus-sicav-erstnotierung-an-der-boerse\\\/\"},\"wordCount\":204,\"publisher\":{\"@id\":\"https:\\\/\\\/www.immobilienbusiness.ch\\\/#organization\"},\"image\":{\"@id\":\"https:\\\/\\\/www.immobilienbusiness.ch\\\/en\\\/unternehmen\\\/2025-10-10\\\/comunus-sicav-erstnotierung-an-der-boerse\\\/#primaryimage\"},\"thumbnailUrl\":\"https:\\\/\\\/www.immobilienbusiness.ch\\\/wp-content\\\/uploads\\\/2025\\\/10\\\/Depositphotos_52356057_LIPO-scaled.jpg\",\"keywords\":[\"B\u00f6rsengang\",\"Comunus\",\"Immobilienfonds\",\"Kapitalerh\u00f6hung\"],\"articleSection\":[\"UNTERNEHMEN\"],\"inLanguage\":\"fr-FR\"},{\"@type\":\"WebPage\",\"@id\":\"https:\\\/\\\/www.immobilienbusiness.ch\\\/en\\\/unternehmen\\\/2025-10-10\\\/comunus-sicav-erstnotierung-an-der-boerse\\\/\",\"url\":\"https:\\\/\\\/www.immobilienbusiness.ch\\\/en\\\/unternehmen\\\/2025-10-10\\\/comunus-sicav-erstnotierung-an-der-boerse\\\/\",\"name\":\"Comunus SICAV: Erstnotierung an der B\u00f6rse - IMMOBILIEN Business\",\"isPartOf\":{\"@id\":\"https:\\\/\\\/www.immobilienbusiness.ch\\\/#website\"},\"primaryImageOfPage\":{\"@id\":\"https:\\\/\\\/www.immobilienbusiness.ch\\\/en\\\/unternehmen\\\/2025-10-10\\\/comunus-sicav-erstnotierung-an-der-boerse\\\/#primaryimage\"},\"image\":{\"@id\":\"https:\\\/\\\/www.immobilienbusiness.ch\\\/en\\\/unternehmen\\\/2025-10-10\\\/comunus-sicav-erstnotierung-an-der-boerse\\\/#primaryimage\"},\"thumbnailUrl\":\"https:\\\/\\\/www.immobilienbusiness.ch\\\/wp-content\\\/uploads\\\/2025\\\/10\\\/Depositphotos_52356057_LIPO-scaled.jpg\",\"datePublished\":\"2025-10-10T05:00:58+00:00\",\"dateModified\":\"2025-10-16T08:56:14+00:00\",\"description\":\"Als erster neuer Immobilienfondsemittent an der Z\u00fcrcher SIX Swiss Exchange im laufenden Jahr hat der Fonds seinen IPO absolviert. Kurz davor war eine Kapitalerh\u00f6hung abgeschlossen worden.\",\"breadcrumb\":{\"@id\":\"https:\\\/\\\/www.immobilienbusiness.ch\\\/en\\\/unternehmen\\\/2025-10-10\\\/comunus-sicav-erstnotierung-an-der-boerse\\\/#breadcrumb\"},\"inLanguage\":\"fr-FR\",\"potentialAction\":[{\"@type\":\"ReadAction\",\"target\":[\"https:\\\/\\\/www.immobilienbusiness.ch\\\/en\\\/unternehmen\\\/2025-10-10\\\/comunus-sicav-erstnotierung-an-der-boerse\\\/\"]}]},{\"@type\":\"ImageObject\",\"inLanguage\":\"fr-FR\",\"@id\":\"https:\\\/\\\/www.immobilienbusiness.ch\\\/en\\\/unternehmen\\\/2025-10-10\\\/comunus-sicav-erstnotierung-an-der-boerse\\\/#primaryimage\",\"url\":\"https:\\\/\\\/www.immobilienbusiness.ch\\\/wp-content\\\/uploads\\\/2025\\\/10\\\/Depositphotos_52356057_LIPO-scaled.jpg\",\"contentUrl\":\"https:\\\/\\\/www.immobilienbusiness.ch\\\/wp-content\\\/uploads\\\/2025\\\/10\\\/Depositphotos_52356057_LIPO-scaled.jpg\",\"width\":1200,\"height\":800,\"caption\":\"Die Anteile der Comunus SICAV werden jetzt an der B\u00f6rse gehandelt (Bild: Depositphotos)\"},{\"@type\":\"BreadcrumbList\",\"@id\":\"https:\\\/\\\/www.immobilienbusiness.ch\\\/en\\\/unternehmen\\\/2025-10-10\\\/comunus-sicav-erstnotierung-an-der-boerse\\\/#breadcrumb\",\"itemListElement\":[{\"@type\":\"ListItem\",\"position\":1,\"name\":\"Home\",\"item\":\"https:\\\/\\\/www.immobilienbusiness.ch\\\/\"},{\"@type\":\"ListItem\",\"position\":2,\"name\":\"Comunus SICAV: Erstnotierung an der B\u00f6rse\"}]},{\"@type\":\"WebSite\",\"@id\":\"https:\\\/\\\/www.immobilienbusiness.ch\\\/#website\",\"url\":\"https:\\\/\\\/www.immobilienbusiness.ch\\\/\",\"name\":\"IMMOBILIEN Business\",\"description\":\"Unabh\u00e4ngiges Schweizer Wirtschaftsmagazin mit Fokus auf Immobilien, Architektur- und Bau sowie Investment- und Finanzierung.\",\"publisher\":{\"@id\":\"https:\\\/\\\/www.immobilienbusiness.ch\\\/#organization\"},\"potentialAction\":[{\"@type\":\"SearchAction\",\"target\":{\"@type\":\"EntryPoint\",\"urlTemplate\":\"https:\\\/\\\/www.immobilienbusiness.ch\\\/?s={search_term_string}\"},\"query-input\":{\"@type\":\"PropertyValueSpecification\",\"valueRequired\":true,\"valueName\":\"search_term_string\"}}],\"inLanguage\":\"fr-FR\"},{\"@type\":\"Organization\",\"@id\":\"https:\\\/\\\/www.immobilienbusiness.ch\\\/#organization\",\"name\":\"IMMOBILIEN Business\",\"url\":\"https:\\\/\\\/www.immobilienbusiness.ch\\\/\",\"logo\":{\"@type\":\"ImageObject\",\"inLanguage\":\"fr-FR\",\"@id\":\"https:\\\/\\\/www.immobilienbusiness.ch\\\/#\\\/schema\\\/logo\\\/image\\\/\",\"url\":\"https:\\\/\\\/www.immobilienbusiness.ch\\\/wp-content\\\/uploads\\\/2021\\\/07\\\/logo_ib.png\",\"contentUrl\":\"https:\\\/\\\/www.immobilienbusiness.ch\\\/wp-content\\\/uploads\\\/2021\\\/07\\\/logo_ib.png\",\"width\":800,\"height\":181,\"caption\":\"IMMOBILIEN Business\"},\"image\":{\"@id\":\"https:\\\/\\\/www.immobilienbusiness.ch\\\/#\\\/schema\\\/logo\\\/image\\\/\"},\"sameAs\":[\"https:\\\/\\\/www.facebook.com\\\/immobilienbusiness\\\/\"]},{\"@type\":\"Person\",\"@id\":\"https:\\\/\\\/www.immobilienbusiness.ch\\\/#\\\/schema\\\/person\\\/aba8bea2db926aa0c24c08c43fe1fcd5\",\"name\":\"Alexander Wachter\",\"image\":{\"@type\":\"ImageObject\",\"inLanguage\":\"fr-FR\",\"@id\":\"https:\\\/\\\/secure.gravatar.com\\\/avatar\\\/1a09e471f5389b0e0a6416eac287e0927c7c97a7b77f9e787eba3af7aee281dd?s=96&d=mm&r=g\",\"url\":\"https:\\\/\\\/secure.gravatar.com\\\/avatar\\\/1a09e471f5389b0e0a6416eac287e0927c7c97a7b77f9e787eba3af7aee281dd?s=96&d=mm&r=g\",\"contentUrl\":\"https:\\\/\\\/secure.gravatar.com\\\/avatar\\\/1a09e471f5389b0e0a6416eac287e0927c7c97a7b77f9e787eba3af7aee281dd?s=96&d=mm&r=g\",\"caption\":\"Alexander Wachter\"},\"url\":\"https:\\\/\\\/www.immobilienbusiness.ch\\\/fr\\\/author\\\/alexander-wachter\\\/\"}]}<\/script>\n<!-- \/ Yoast SEO plugin. -->","yoast_head_json":{"title":"Comunus SICAV: Erstnotierung an der B\u00f6rse - IMMOBILIEN Business","description":"Le fonds est le premier nouvel \u00e9metteur de fonds immobiliers de l'ann\u00e9e \u00e0 la SIX Swiss Exchange de Zurich \u00e0 avoir r\u00e9alis\u00e9 son IPO. Peu de temps auparavant, une augmentation de capital avait \u00e9t\u00e9 conclue.","robots":{"index":"index","follow":"follow","max-snippet":"max-snippet:-1","max-image-preview":"max-image-preview:large","max-video-preview":"max-video-preview:-1"},"canonical":"https:\/\/www.immobilienbusiness.ch\/fr\/unternehmen\/2025-10-10\/comunus-sicav-erstnotierung-an-der-boerse\/","og_locale":"fr_FR","og_type":"article","og_title":"Comunus SICAV: Erstnotierung an der B\u00f6rse - IMMOBILIEN Business","og_description":"Als erster neuer Immobilienfondsemittent an der Z\u00fcrcher SIX Swiss Exchange im laufenden Jahr hat der Fonds seinen IPO absolviert. Kurz davor war eine Kapitalerh\u00f6hung abgeschlossen worden.","og_url":"https:\/\/www.immobilienbusiness.ch\/fr\/unternehmen\/2025-10-10\/comunus-sicav-erstnotierung-an-der-boerse\/","og_site_name":"IMMOBILIEN Business","article_publisher":"https:\/\/www.facebook.com\/immobilienbusiness\/","article_published_time":"2025-10-10T05:00:58+00:00","article_modified_time":"2025-10-16T08:56:14+00:00","og_image":[{"width":1200,"height":800,"url":"https:\/\/www.immobilienbusiness.ch\/wp-content\/uploads\/2025\/10\/Depositphotos_52356057_LIPO-scaled.jpg","type":"image\/jpeg"}],"author":"Alexander Wachter","twitter_card":"summary_large_image","schema":{"@context":"https:\/\/schema.org","@graph":[{"@type":"Article","@id":"https:\/\/www.immobilienbusiness.ch\/en\/unternehmen\/2025-10-10\/comunus-sicav-erstnotierung-an-der-boerse\/#article","isPartOf":{"@id":"https:\/\/www.immobilienbusiness.ch\/en\/unternehmen\/2025-10-10\/comunus-sicav-erstnotierung-an-der-boerse\/"},"author":{"name":"Alexander Wachter","@id":"https:\/\/www.immobilienbusiness.ch\/#\/schema\/person\/aba8bea2db926aa0c24c08c43fe1fcd5"},"headline":"Comunus SICAV: Erstnotierung an der B\u00f6rse","datePublished":"2025-10-10T05:00:58+00:00","dateModified":"2025-10-16T08:56:14+00:00","mainEntityOfPage":{"@id":"https:\/\/www.immobilienbusiness.ch\/en\/unternehmen\/2025-10-10\/comunus-sicav-erstnotierung-an-der-boerse\/"},"wordCount":204,"publisher":{"@id":"https:\/\/www.immobilienbusiness.ch\/#organization"},"image":{"@id":"https:\/\/www.immobilienbusiness.ch\/en\/unternehmen\/2025-10-10\/comunus-sicav-erstnotierung-an-der-boerse\/#primaryimage"},"thumbnailUrl":"https:\/\/www.immobilienbusiness.ch\/wp-content\/uploads\/2025\/10\/Depositphotos_52356057_LIPO-scaled.jpg","keywords":["B\u00f6rsengang","Comunus","Immobilienfonds","Kapitalerh\u00f6hung"],"articleSection":["UNTERNEHMEN"],"inLanguage":"fr-FR"},{"@type":"WebPage","@id":"https:\/\/www.immobilienbusiness.ch\/en\/unternehmen\/2025-10-10\/comunus-sicav-erstnotierung-an-der-boerse\/","url":"https:\/\/www.immobilienbusiness.ch\/en\/unternehmen\/2025-10-10\/comunus-sicav-erstnotierung-an-der-boerse\/","name":"Comunus SICAV: Erstnotierung an der B\u00f6rse - IMMOBILIEN Business","isPartOf":{"@id":"https:\/\/www.immobilienbusiness.ch\/#website"},"primaryImageOfPage":{"@id":"https:\/\/www.immobilienbusiness.ch\/en\/unternehmen\/2025-10-10\/comunus-sicav-erstnotierung-an-der-boerse\/#primaryimage"},"image":{"@id":"https:\/\/www.immobilienbusiness.ch\/en\/unternehmen\/2025-10-10\/comunus-sicav-erstnotierung-an-der-boerse\/#primaryimage"},"thumbnailUrl":"https:\/\/www.immobilienbusiness.ch\/wp-content\/uploads\/2025\/10\/Depositphotos_52356057_LIPO-scaled.jpg","datePublished":"2025-10-10T05:00:58+00:00","dateModified":"2025-10-16T08:56:14+00:00","description":"Le fonds est le premier nouvel \u00e9metteur de fonds immobiliers de l'ann\u00e9e \u00e0 la SIX Swiss Exchange de Zurich \u00e0 avoir r\u00e9alis\u00e9 son IPO. Peu de temps auparavant, une augmentation de capital avait \u00e9t\u00e9 conclue.","breadcrumb":{"@id":"https:\/\/www.immobilienbusiness.ch\/en\/unternehmen\/2025-10-10\/comunus-sicav-erstnotierung-an-der-boerse\/#breadcrumb"},"inLanguage":"fr-FR","potentialAction":[{"@type":"ReadAction","target":["https:\/\/www.immobilienbusiness.ch\/en\/unternehmen\/2025-10-10\/comunus-sicav-erstnotierung-an-der-boerse\/"]}]},{"@type":"ImageObject","inLanguage":"fr-FR","@id":"https:\/\/www.immobilienbusiness.ch\/en\/unternehmen\/2025-10-10\/comunus-sicav-erstnotierung-an-der-boerse\/#primaryimage","url":"https:\/\/www.immobilienbusiness.ch\/wp-content\/uploads\/2025\/10\/Depositphotos_52356057_LIPO-scaled.jpg","contentUrl":"https:\/\/www.immobilienbusiness.ch\/wp-content\/uploads\/2025\/10\/Depositphotos_52356057_LIPO-scaled.jpg","width":1200,"height":800,"caption":"Die Anteile der Comunus SICAV werden jetzt an der B\u00f6rse gehandelt (Bild: Depositphotos)"},{"@type":"BreadcrumbList","@id":"https:\/\/www.immobilienbusiness.ch\/en\/unternehmen\/2025-10-10\/comunus-sicav-erstnotierung-an-der-boerse\/#breadcrumb","itemListElement":[{"@type":"ListItem","position":1,"name":"Home","item":"https:\/\/www.immobilienbusiness.ch\/"},{"@type":"ListItem","position":2,"name":"Comunus SICAV: Erstnotierung an der B\u00f6rse"}]},{"@type":"WebSite","@id":"https:\/\/www.immobilienbusiness.ch\/#website","url":"https:\/\/www.immobilienbusiness.ch\/","name":"IMMOBILIER Business","description":"Magazine \u00e9conomique suisse ind\u00e9pendant ax\u00e9 sur l'immobilier, l'architecture et la construction ainsi que sur les investissements et le financement.","publisher":{"@id":"https:\/\/www.immobilienbusiness.ch\/#organization"},"potentialAction":[{"@type":"SearchAction","target":{"@type":"EntryPoint","urlTemplate":"https:\/\/www.immobilienbusiness.ch\/?s={search_term_string}"},"query-input":{"@type":"PropertyValueSpecification","valueRequired":true,"valueName":"search_term_string"}}],"inLanguage":"fr-FR"},{"@type":"Organization","@id":"https:\/\/www.immobilienbusiness.ch\/#organization","name":"IMMOBILIER Business","url":"https:\/\/www.immobilienbusiness.ch\/","logo":{"@type":"ImageObject","inLanguage":"fr-FR","@id":"https:\/\/www.immobilienbusiness.ch\/#\/schema\/logo\/image\/","url":"https:\/\/www.immobilienbusiness.ch\/wp-content\/uploads\/2021\/07\/logo_ib.png","contentUrl":"https:\/\/www.immobilienbusiness.ch\/wp-content\/uploads\/2021\/07\/logo_ib.png","width":800,"height":181,"caption":"IMMOBILIEN Business"},"image":{"@id":"https:\/\/www.immobilienbusiness.ch\/#\/schema\/logo\/image\/"},"sameAs":["https:\/\/www.facebook.com\/immobilienbusiness\/"]},{"@type":"Person","@id":"https:\/\/www.immobilienbusiness.ch\/#\/schema\/person\/aba8bea2db926aa0c24c08c43fe1fcd5","name":"Alexander Wachter","image":{"@type":"ImageObject","inLanguage":"fr-FR","@id":"https:\/\/secure.gravatar.com\/avatar\/1a09e471f5389b0e0a6416eac287e0927c7c97a7b77f9e787eba3af7aee281dd?s=96&d=mm&r=g","url":"https:\/\/secure.gravatar.com\/avatar\/1a09e471f5389b0e0a6416eac287e0927c7c97a7b77f9e787eba3af7aee281dd?s=96&d=mm&r=g","contentUrl":"https:\/\/secure.gravatar.com\/avatar\/1a09e471f5389b0e0a6416eac287e0927c7c97a7b77f9e787eba3af7aee281dd?s=96&d=mm&r=g","caption":"Alexander Wachter"},"url":"https:\/\/www.immobilienbusiness.ch\/fr\/author\/alexander-wachter\/"}]}},"_links":{"self":[{"href":"https:\/\/www.immobilienbusiness.ch\/fr\/wp-json\/wp\/v2\/posts\/65738","targetHints":{"allow":["GET"]}}],"collection":[{"href":"https:\/\/www.immobilienbusiness.ch\/fr\/wp-json\/wp\/v2\/posts"}],"about":[{"href":"https:\/\/www.immobilienbusiness.ch\/fr\/wp-json\/wp\/v2\/types\/post"}],"author":[{"embeddable":true,"href":"https:\/\/www.immobilienbusiness.ch\/fr\/wp-json\/wp\/v2\/users\/102"}],"replies":[{"embeddable":true,"href":"https:\/\/www.immobilienbusiness.ch\/fr\/wp-json\/wp\/v2\/comments?post=65738"}],"version-history":[{"count":3,"href":"https:\/\/www.immobilienbusiness.ch\/fr\/wp-json\/wp\/v2\/posts\/65738\/revisions"}],"predecessor-version":[{"id":65804,"href":"https:\/\/www.immobilienbusiness.ch\/fr\/wp-json\/wp\/v2\/posts\/65738\/revisions\/65804"}],"wp:featuredmedia":[{"embeddable":true,"href":"https:\/\/www.immobilienbusiness.ch\/fr\/wp-json\/wp\/v2\/media\/65739"}],"wp:attachment":[{"href":"https:\/\/www.immobilienbusiness.ch\/fr\/wp-json\/wp\/v2\/media?parent=65738"}],"wp:term":[{"taxonomy":"category","embeddable":true,"href":"https:\/\/www.immobilienbusiness.ch\/fr\/wp-json\/wp\/v2\/categories?post=65738"},{"taxonomy":"post_tag","embeddable":true,"href":"https:\/\/www.immobilienbusiness.ch\/fr\/wp-json\/wp\/v2\/tags?post=65738"}],"curies":[{"name":"wp","href":"https:\/\/api.w.org\/{rel}","templated":true}]}}