{"id":65463,"date":"2025-09-19T05:59:43","date_gmt":"2025-09-19T03:59:43","guid":{"rendered":"https:\/\/www.immobilienbusiness.ch\/?p=65463"},"modified":"2025-09-25T13:57:19","modified_gmt":"2025-09-25T11:57:19","slug":"redevco-ernennt-neuen-country-head-dach","status":"publish","type":"post","link":"https:\/\/www.immobilienbusiness.ch\/fr\/personalia\/2025-09-19\/redevco-ernennt-neuen-country-head-dach\/","title":{"rendered":"Redevco nomme un nouveau Country Head DACH"},"content":{"rendered":"<figure id=\"attachment_65464\" aria-describedby=\"caption-attachment-65464\" style=\"width: 768px\" class=\"wp-caption alignnone\"><a href=\"https:\/\/www.immobilienbusiness.ch\/wp-content\/uploads\/2025\/09\/vcsPRAsset_3484426_185036_4ac19c67-0ef3-4eeb-aff8-92ccb1a402f4_0-scaled.jpg\"><img loading=\"lazy\" decoding=\"async\" class=\"size-large wp-image-65464\" src=\"https:\/\/www.immobilienbusiness.ch\/wp-content\/uploads\/2025\/09\/vcsPRAsset_3484426_185036_4ac19c67-0ef3-4eeb-aff8-92ccb1a402f4_0-1024x732.jpg\" alt=\"\" width=\"768\" height=\"549\" srcset=\"https:\/\/www.immobilienbusiness.ch\/wp-content\/uploads\/2025\/09\/vcsPRAsset_3484426_185036_4ac19c67-0ef3-4eeb-aff8-92ccb1a402f4_0-1024x732.jpg 1024w, https:\/\/www.immobilienbusiness.ch\/wp-content\/uploads\/2025\/09\/vcsPRAsset_3484426_185036_4ac19c67-0ef3-4eeb-aff8-92ccb1a402f4_0-300x214.jpg 300w, https:\/\/www.immobilienbusiness.ch\/wp-content\/uploads\/2025\/09\/vcsPRAsset_3484426_185036_4ac19c67-0ef3-4eeb-aff8-92ccb1a402f4_0-768x549.jpg 768w, https:\/\/www.immobilienbusiness.ch\/wp-content\/uploads\/2025\/09\/vcsPRAsset_3484426_185036_4ac19c67-0ef3-4eeb-aff8-92ccb1a402f4_0-1536x1097.jpg 1536w, https:\/\/www.immobilienbusiness.ch\/wp-content\/uploads\/2025\/09\/vcsPRAsset_3484426_185036_4ac19c67-0ef3-4eeb-aff8-92ccb1a402f4_0-2048x1463.jpg 2048w, https:\/\/www.immobilienbusiness.ch\/wp-content\/uploads\/2025\/09\/vcsPRAsset_3484426_185036_4ac19c67-0ef3-4eeb-aff8-92ccb1a402f4_0-18x12.jpg 18w, https:\/\/www.immobilienbusiness.ch\/wp-content\/uploads\/2025\/09\/vcsPRAsset_3484426_185036_4ac19c67-0ef3-4eeb-aff8-92ccb1a402f4_0-375x268.jpg 375w, https:\/\/www.immobilienbusiness.ch\/wp-content\/uploads\/2025\/09\/vcsPRAsset_3484426_185036_4ac19c67-0ef3-4eeb-aff8-92ccb1a402f4_0-490x350.jpg 490w, https:\/\/www.immobilienbusiness.ch\/wp-content\/uploads\/2025\/09\/vcsPRAsset_3484426_185036_4ac19c67-0ef3-4eeb-aff8-92ccb1a402f4_0-1000x714.jpg 1000w, https:\/\/www.immobilienbusiness.ch\/wp-content\/uploads\/2025\/09\/vcsPRAsset_3484426_185036_4ac19c67-0ef3-4eeb-aff8-92ccb1a402f4_0-scaled.jpg 1200w\" sizes=\"auto, (max-width: 768px) 100vw, 768px\" \/><\/a><figcaption id=\"caption-attachment-65464\" class=\"wp-caption-text\">Rowan Verwoerd (photo : \u00a9 Redevco)<\/figcaption><\/figure>\n<p>La soci\u00e9t\u00e9 immobili\u00e8re Redevco a nomm\u00e9 Rowan Verwoerd Head of Asset &amp; Transaction Management DACH et Country Head DACH. L'ancien Managing Director et Head Portfolio Management DACH prendra ses nouvelles fonctions le 1er octobre. Il sera \u00e9galement membre du groupe de gestion paneurop\u00e9en de Redevco.<\/p>\n<p>Verwoerd travaille pour Redevco depuis 2004 et a occup\u00e9 diff\u00e9rents postes de direction avant de passer plusieurs ann\u00e9es \u00e0 Shanghai en tant que vice-pr\u00e9sident des op\u00e9rations pour C&amp;A Chine de 2011 \u00e0 2017. En 2017, il est retourn\u00e9 chez Redevco \u00e0 D\u00fcsseldorf pour occuper un poste de direction dans la gestion de portefeuille. \"Avec nos \u00e9quipes, nous allons poursuivre notre travail fructueux, d\u00e9velopper et \u00e9largir notre portefeuille et lancer de nouvelles activit\u00e9s\", d\u00e9clare Verwoerd. Il succ\u00e8de \u00e0 Lars Heese, qui quitte l'entreprise apr\u00e8s huit ans. Sous sa direction, l'ancien Redos - l'un des leaders du march\u00e9 allemand dans le segment des centres commerciaux sp\u00e9cialis\u00e9s - a notamment \u00e9t\u00e9 int\u00e9gr\u00e9 dans le groupe Redevco.<\/p>\n<p>Au 1er avril, Redevco g\u00e8re un portefeuille d'une valeur de 10,5 milliards d'euros. Les strat\u00e9gies d'investissement visent la reconversion d'immeubles commerciaux de premier ordre en centre-ville en surfaces \u00e0 usage mixte, en centres commerciaux sp\u00e9cialis\u00e9s et en logistique, ainsi qu'un portefeuille d'entreprises en croissance dans le segment r\u00e9sidentiel. De plus, Redevco Capital Partners, la branche Real Estate Debt de l'entreprise, fournit des financements transitoires pour des situations sp\u00e9ciales. L'entreprise est pr\u00e9sente dans sept bureaux en Europe.<\/p>","protected":false},"excerpt":{"rendered":"<p>Rowan Verwoerd sera d\u00e9sormais responsable des activit\u00e9s immobili\u00e8res de Redevco en Allemagne, en Autriche et en Suisse. Il succ\u00e8de \u00e0 Lars Heese \u00e0 ce poste.<\/p>","protected":false},"author":102,"featured_media":65464,"comment_status":"closed","ping_status":"closed","sticky":false,"template":"","format":"standard","meta":{"_acf_changed":false,"_yoast_wpseo_focuskw":"Redevco","_yoast_wpseo_title":"","_yoast_wpseo_metadesc":"F\u00fcr das Immobiliengesch\u00e4ft von Redevco in Deutschland, \u00d6sterreich und der Schweiz ist k\u00fcnftig Rowan Verwoerd zust\u00e4ndig. Er folgt in dieser Position auf Lars Heese.","_yoast_wpseo_linkdex":63,"pgc_sgb_lightbox_settings":"","footnotes":""},"categories":[1912],"tags":[1563,1624],"class_list":["post-65463","post","type-post","status-publish","format-standard","has-post-thumbnail","hentry","category-personalia","tag-personalia","tag-redevco"],"acf":[],"yoast_head":"<!-- This site is optimized with the Yoast SEO plugin v27.4 - https:\/\/yoast.com\/product\/yoast-seo-wordpress\/ -->\n<title>Redevco ernennt neuen Country Head DACH - IMMOBILIEN Business<\/title>\n<meta name=\"description\" content=\"F\u00fcr das Immobiliengesch\u00e4ft von Redevco in Deutschland, \u00d6sterreich und der Schweiz ist k\u00fcnftig Rowan Verwoerd zust\u00e4ndig. Er folgt in dieser Position auf Lars Heese.\" \/>\n<meta name=\"robots\" content=\"index, follow, max-snippet:-1, max-image-preview:large, max-video-preview:-1\" \/>\n<link rel=\"canonical\" href=\"https:\/\/www.immobilienbusiness.ch\/fr\/personalia\/2025-09-19\/redevco-ernennt-neuen-country-head-dach\/\" \/>\n<meta property=\"og:locale\" content=\"fr_FR\" \/>\n<meta property=\"og:type\" content=\"article\" \/>\n<meta property=\"og:title\" content=\"Redevco ernennt neuen Country Head DACH - IMMOBILIEN Business\" \/>\n<meta property=\"og:description\" content=\"F\u00fcr das Immobiliengesch\u00e4ft von Redevco in Deutschland, \u00d6sterreich und der Schweiz ist k\u00fcnftig Rowan Verwoerd zust\u00e4ndig. Er folgt in dieser Position auf Lars Heese.\" \/>\n<meta property=\"og:url\" content=\"https:\/\/www.immobilienbusiness.ch\/fr\/personalia\/2025-09-19\/redevco-ernennt-neuen-country-head-dach\/\" \/>\n<meta property=\"og:site_name\" content=\"IMMOBILIEN Business\" \/>\n<meta property=\"article:publisher\" content=\"https:\/\/www.facebook.com\/immobilienbusiness\/\" \/>\n<meta property=\"article:published_time\" content=\"2025-09-19T03:59:43+00:00\" \/>\n<meta property=\"article:modified_time\" content=\"2025-09-25T11:57:19+00:00\" \/>\n<meta property=\"og:image\" content=\"https:\/\/www.immobilienbusiness.ch\/wp-content\/uploads\/2025\/09\/vcsPRAsset_3484426_185036_4ac19c67-0ef3-4eeb-aff8-92ccb1a402f4_0-scaled.jpg\" \/>\n\t<meta property=\"og:image:width\" content=\"1200\" \/>\n\t<meta property=\"og:image:height\" content=\"857\" \/>\n\t<meta property=\"og:image:type\" content=\"image\/jpeg\" \/>\n<meta name=\"author\" content=\"Alexander Wachter\" \/>\n<meta name=\"twitter:card\" content=\"summary_large_image\" \/>\n<script type=\"application\/ld+json\" class=\"yoast-schema-graph\">{\"@context\":\"https:\\\/\\\/schema.org\",\"@graph\":[{\"@type\":\"Article\",\"@id\":\"https:\\\/\\\/www.immobilienbusiness.ch\\\/de\\\/personalia\\\/2025-09-19\\\/redevco-ernennt-neuen-country-head-dach\\\/#article\",\"isPartOf\":{\"@id\":\"https:\\\/\\\/www.immobilienbusiness.ch\\\/de\\\/personalia\\\/2025-09-19\\\/redevco-ernennt-neuen-country-head-dach\\\/\"},\"author\":{\"name\":\"Alexander Wachter\",\"@id\":\"https:\\\/\\\/www.immobilienbusiness.ch\\\/#\\\/schema\\\/person\\\/aba8bea2db926aa0c24c08c43fe1fcd5\"},\"headline\":\"Redevco ernennt neuen Country Head DACH\",\"datePublished\":\"2025-09-19T03:59:43+00:00\",\"dateModified\":\"2025-09-25T11:57:19+00:00\",\"mainEntityOfPage\":{\"@id\":\"https:\\\/\\\/www.immobilienbusiness.ch\\\/de\\\/personalia\\\/2025-09-19\\\/redevco-ernennt-neuen-country-head-dach\\\/\"},\"wordCount\":230,\"publisher\":{\"@id\":\"https:\\\/\\\/www.immobilienbusiness.ch\\\/#organization\"},\"image\":{\"@id\":\"https:\\\/\\\/www.immobilienbusiness.ch\\\/de\\\/personalia\\\/2025-09-19\\\/redevco-ernennt-neuen-country-head-dach\\\/#primaryimage\"},\"thumbnailUrl\":\"https:\\\/\\\/www.immobilienbusiness.ch\\\/wp-content\\\/uploads\\\/2025\\\/09\\\/vcsPRAsset_3484426_185036_4ac19c67-0ef3-4eeb-aff8-92ccb1a402f4_0-scaled.jpg\",\"keywords\":[\"Personalia\",\"Redevco\"],\"articleSection\":[\"PERSONALIA\"],\"inLanguage\":\"fr-FR\"},{\"@type\":\"WebPage\",\"@id\":\"https:\\\/\\\/www.immobilienbusiness.ch\\\/de\\\/personalia\\\/2025-09-19\\\/redevco-ernennt-neuen-country-head-dach\\\/\",\"url\":\"https:\\\/\\\/www.immobilienbusiness.ch\\\/de\\\/personalia\\\/2025-09-19\\\/redevco-ernennt-neuen-country-head-dach\\\/\",\"name\":\"Redevco ernennt neuen Country Head DACH - IMMOBILIEN Business\",\"isPartOf\":{\"@id\":\"https:\\\/\\\/www.immobilienbusiness.ch\\\/#website\"},\"primaryImageOfPage\":{\"@id\":\"https:\\\/\\\/www.immobilienbusiness.ch\\\/de\\\/personalia\\\/2025-09-19\\\/redevco-ernennt-neuen-country-head-dach\\\/#primaryimage\"},\"image\":{\"@id\":\"https:\\\/\\\/www.immobilienbusiness.ch\\\/de\\\/personalia\\\/2025-09-19\\\/redevco-ernennt-neuen-country-head-dach\\\/#primaryimage\"},\"thumbnailUrl\":\"https:\\\/\\\/www.immobilienbusiness.ch\\\/wp-content\\\/uploads\\\/2025\\\/09\\\/vcsPRAsset_3484426_185036_4ac19c67-0ef3-4eeb-aff8-92ccb1a402f4_0-scaled.jpg\",\"datePublished\":\"2025-09-19T03:59:43+00:00\",\"dateModified\":\"2025-09-25T11:57:19+00:00\",\"description\":\"F\u00fcr das Immobiliengesch\u00e4ft von Redevco in Deutschland, \u00d6sterreich und der Schweiz ist k\u00fcnftig Rowan Verwoerd zust\u00e4ndig. Er folgt in dieser Position auf Lars Heese.\",\"breadcrumb\":{\"@id\":\"https:\\\/\\\/www.immobilienbusiness.ch\\\/de\\\/personalia\\\/2025-09-19\\\/redevco-ernennt-neuen-country-head-dach\\\/#breadcrumb\"},\"inLanguage\":\"fr-FR\",\"potentialAction\":[{\"@type\":\"ReadAction\",\"target\":[\"https:\\\/\\\/www.immobilienbusiness.ch\\\/de\\\/personalia\\\/2025-09-19\\\/redevco-ernennt-neuen-country-head-dach\\\/\"]}]},{\"@type\":\"ImageObject\",\"inLanguage\":\"fr-FR\",\"@id\":\"https:\\\/\\\/www.immobilienbusiness.ch\\\/de\\\/personalia\\\/2025-09-19\\\/redevco-ernennt-neuen-country-head-dach\\\/#primaryimage\",\"url\":\"https:\\\/\\\/www.immobilienbusiness.ch\\\/wp-content\\\/uploads\\\/2025\\\/09\\\/vcsPRAsset_3484426_185036_4ac19c67-0ef3-4eeb-aff8-92ccb1a402f4_0-scaled.jpg\",\"contentUrl\":\"https:\\\/\\\/www.immobilienbusiness.ch\\\/wp-content\\\/uploads\\\/2025\\\/09\\\/vcsPRAsset_3484426_185036_4ac19c67-0ef3-4eeb-aff8-92ccb1a402f4_0-scaled.jpg\",\"width\":1200,\"height\":857,\"caption\":\"Rowan Verwoerd (Bild: \u00a9 Redevco)\"},{\"@type\":\"BreadcrumbList\",\"@id\":\"https:\\\/\\\/www.immobilienbusiness.ch\\\/de\\\/personalia\\\/2025-09-19\\\/redevco-ernennt-neuen-country-head-dach\\\/#breadcrumb\",\"itemListElement\":[{\"@type\":\"ListItem\",\"position\":1,\"name\":\"Home\",\"item\":\"https:\\\/\\\/www.immobilienbusiness.ch\\\/\"},{\"@type\":\"ListItem\",\"position\":2,\"name\":\"Redevco ernennt neuen Country Head DACH\"}]},{\"@type\":\"WebSite\",\"@id\":\"https:\\\/\\\/www.immobilienbusiness.ch\\\/#website\",\"url\":\"https:\\\/\\\/www.immobilienbusiness.ch\\\/\",\"name\":\"IMMOBILIEN Business\",\"description\":\"Unabh\u00e4ngiges Schweizer Wirtschaftsmagazin mit Fokus auf Immobilien, Architektur- und Bau sowie Investment- und Finanzierung.\",\"publisher\":{\"@id\":\"https:\\\/\\\/www.immobilienbusiness.ch\\\/#organization\"},\"potentialAction\":[{\"@type\":\"SearchAction\",\"target\":{\"@type\":\"EntryPoint\",\"urlTemplate\":\"https:\\\/\\\/www.immobilienbusiness.ch\\\/?s={search_term_string}\"},\"query-input\":{\"@type\":\"PropertyValueSpecification\",\"valueRequired\":true,\"valueName\":\"search_term_string\"}}],\"inLanguage\":\"fr-FR\"},{\"@type\":\"Organization\",\"@id\":\"https:\\\/\\\/www.immobilienbusiness.ch\\\/#organization\",\"name\":\"IMMOBILIEN Business\",\"url\":\"https:\\\/\\\/www.immobilienbusiness.ch\\\/\",\"logo\":{\"@type\":\"ImageObject\",\"inLanguage\":\"fr-FR\",\"@id\":\"https:\\\/\\\/www.immobilienbusiness.ch\\\/#\\\/schema\\\/logo\\\/image\\\/\",\"url\":\"https:\\\/\\\/www.immobilienbusiness.ch\\\/wp-content\\\/uploads\\\/2021\\\/07\\\/logo_ib.png\",\"contentUrl\":\"https:\\\/\\\/www.immobilienbusiness.ch\\\/wp-content\\\/uploads\\\/2021\\\/07\\\/logo_ib.png\",\"width\":800,\"height\":181,\"caption\":\"IMMOBILIEN Business\"},\"image\":{\"@id\":\"https:\\\/\\\/www.immobilienbusiness.ch\\\/#\\\/schema\\\/logo\\\/image\\\/\"},\"sameAs\":[\"https:\\\/\\\/www.facebook.com\\\/immobilienbusiness\\\/\"]},{\"@type\":\"Person\",\"@id\":\"https:\\\/\\\/www.immobilienbusiness.ch\\\/#\\\/schema\\\/person\\\/aba8bea2db926aa0c24c08c43fe1fcd5\",\"name\":\"Alexander Wachter\",\"image\":{\"@type\":\"ImageObject\",\"inLanguage\":\"fr-FR\",\"@id\":\"https:\\\/\\\/secure.gravatar.com\\\/avatar\\\/1a09e471f5389b0e0a6416eac287e0927c7c97a7b77f9e787eba3af7aee281dd?s=96&d=mm&r=g\",\"url\":\"https:\\\/\\\/secure.gravatar.com\\\/avatar\\\/1a09e471f5389b0e0a6416eac287e0927c7c97a7b77f9e787eba3af7aee281dd?s=96&d=mm&r=g\",\"contentUrl\":\"https:\\\/\\\/secure.gravatar.com\\\/avatar\\\/1a09e471f5389b0e0a6416eac287e0927c7c97a7b77f9e787eba3af7aee281dd?s=96&d=mm&r=g\",\"caption\":\"Alexander Wachter\"},\"url\":\"https:\\\/\\\/www.immobilienbusiness.ch\\\/fr\\\/author\\\/alexander-wachter\\\/\"}]}<\/script>\n<!-- \/ Yoast SEO plugin. -->","yoast_head_json":{"title":"Redevco nomme un nouveau Country Head DACH - IMMOBILIER Business","description":"Rowan Verwoerd sera d\u00e9sormais responsable des activit\u00e9s immobili\u00e8res de Redevco en Allemagne, en Autriche et en Suisse. Il succ\u00e8de \u00e0 Lars Heese \u00e0 ce poste.","robots":{"index":"index","follow":"follow","max-snippet":"max-snippet:-1","max-image-preview":"max-image-preview:large","max-video-preview":"max-video-preview:-1"},"canonical":"https:\/\/www.immobilienbusiness.ch\/fr\/personalia\/2025-09-19\/redevco-ernennt-neuen-country-head-dach\/","og_locale":"fr_FR","og_type":"article","og_title":"Redevco ernennt neuen Country Head DACH - IMMOBILIEN Business","og_description":"F\u00fcr das Immobiliengesch\u00e4ft von Redevco in Deutschland, \u00d6sterreich und der Schweiz ist k\u00fcnftig Rowan Verwoerd zust\u00e4ndig. Er folgt in dieser Position auf Lars Heese.","og_url":"https:\/\/www.immobilienbusiness.ch\/fr\/personalia\/2025-09-19\/redevco-ernennt-neuen-country-head-dach\/","og_site_name":"IMMOBILIEN Business","article_publisher":"https:\/\/www.facebook.com\/immobilienbusiness\/","article_published_time":"2025-09-19T03:59:43+00:00","article_modified_time":"2025-09-25T11:57:19+00:00","og_image":[{"width":1200,"height":857,"url":"https:\/\/www.immobilienbusiness.ch\/wp-content\/uploads\/2025\/09\/vcsPRAsset_3484426_185036_4ac19c67-0ef3-4eeb-aff8-92ccb1a402f4_0-scaled.jpg","type":"image\/jpeg"}],"author":"Alexander Wachter","twitter_card":"summary_large_image","schema":{"@context":"https:\/\/schema.org","@graph":[{"@type":"Article","@id":"https:\/\/www.immobilienbusiness.ch\/de\/personalia\/2025-09-19\/redevco-ernennt-neuen-country-head-dach\/#article","isPartOf":{"@id":"https:\/\/www.immobilienbusiness.ch\/de\/personalia\/2025-09-19\/redevco-ernennt-neuen-country-head-dach\/"},"author":{"name":"Alexander Wachter","@id":"https:\/\/www.immobilienbusiness.ch\/#\/schema\/person\/aba8bea2db926aa0c24c08c43fe1fcd5"},"headline":"Redevco ernennt neuen Country Head DACH","datePublished":"2025-09-19T03:59:43+00:00","dateModified":"2025-09-25T11:57:19+00:00","mainEntityOfPage":{"@id":"https:\/\/www.immobilienbusiness.ch\/de\/personalia\/2025-09-19\/redevco-ernennt-neuen-country-head-dach\/"},"wordCount":230,"publisher":{"@id":"https:\/\/www.immobilienbusiness.ch\/#organization"},"image":{"@id":"https:\/\/www.immobilienbusiness.ch\/de\/personalia\/2025-09-19\/redevco-ernennt-neuen-country-head-dach\/#primaryimage"},"thumbnailUrl":"https:\/\/www.immobilienbusiness.ch\/wp-content\/uploads\/2025\/09\/vcsPRAsset_3484426_185036_4ac19c67-0ef3-4eeb-aff8-92ccb1a402f4_0-scaled.jpg","keywords":["Personalia","Redevco"],"articleSection":["PERSONALIA"],"inLanguage":"fr-FR"},{"@type":"WebPage","@id":"https:\/\/www.immobilienbusiness.ch\/de\/personalia\/2025-09-19\/redevco-ernennt-neuen-country-head-dach\/","url":"https:\/\/www.immobilienbusiness.ch\/de\/personalia\/2025-09-19\/redevco-ernennt-neuen-country-head-dach\/","name":"Redevco nomme un nouveau Country Head DACH - IMMOBILIER Business","isPartOf":{"@id":"https:\/\/www.immobilienbusiness.ch\/#website"},"primaryImageOfPage":{"@id":"https:\/\/www.immobilienbusiness.ch\/de\/personalia\/2025-09-19\/redevco-ernennt-neuen-country-head-dach\/#primaryimage"},"image":{"@id":"https:\/\/www.immobilienbusiness.ch\/de\/personalia\/2025-09-19\/redevco-ernennt-neuen-country-head-dach\/#primaryimage"},"thumbnailUrl":"https:\/\/www.immobilienbusiness.ch\/wp-content\/uploads\/2025\/09\/vcsPRAsset_3484426_185036_4ac19c67-0ef3-4eeb-aff8-92ccb1a402f4_0-scaled.jpg","datePublished":"2025-09-19T03:59:43+00:00","dateModified":"2025-09-25T11:57:19+00:00","description":"Rowan Verwoerd sera d\u00e9sormais responsable des activit\u00e9s immobili\u00e8res de Redevco en Allemagne, en Autriche et en Suisse. Il succ\u00e8de \u00e0 Lars Heese \u00e0 ce poste.","breadcrumb":{"@id":"https:\/\/www.immobilienbusiness.ch\/de\/personalia\/2025-09-19\/redevco-ernennt-neuen-country-head-dach\/#breadcrumb"},"inLanguage":"fr-FR","potentialAction":[{"@type":"ReadAction","target":["https:\/\/www.immobilienbusiness.ch\/de\/personalia\/2025-09-19\/redevco-ernennt-neuen-country-head-dach\/"]}]},{"@type":"ImageObject","inLanguage":"fr-FR","@id":"https:\/\/www.immobilienbusiness.ch\/de\/personalia\/2025-09-19\/redevco-ernennt-neuen-country-head-dach\/#primaryimage","url":"https:\/\/www.immobilienbusiness.ch\/wp-content\/uploads\/2025\/09\/vcsPRAsset_3484426_185036_4ac19c67-0ef3-4eeb-aff8-92ccb1a402f4_0-scaled.jpg","contentUrl":"https:\/\/www.immobilienbusiness.ch\/wp-content\/uploads\/2025\/09\/vcsPRAsset_3484426_185036_4ac19c67-0ef3-4eeb-aff8-92ccb1a402f4_0-scaled.jpg","width":1200,"height":857,"caption":"Rowan Verwoerd (Bild: \u00a9 Redevco)"},{"@type":"BreadcrumbList","@id":"https:\/\/www.immobilienbusiness.ch\/de\/personalia\/2025-09-19\/redevco-ernennt-neuen-country-head-dach\/#breadcrumb","itemListElement":[{"@type":"ListItem","position":1,"name":"Home","item":"https:\/\/www.immobilienbusiness.ch\/"},{"@type":"ListItem","position":2,"name":"Redevco ernennt neuen Country Head DACH"}]},{"@type":"WebSite","@id":"https:\/\/www.immobilienbusiness.ch\/#website","url":"https:\/\/www.immobilienbusiness.ch\/","name":"IMMOBILIER Business","description":"Magazine \u00e9conomique suisse ind\u00e9pendant ax\u00e9 sur l'immobilier, l'architecture et la construction ainsi que sur les investissements et le financement.","publisher":{"@id":"https:\/\/www.immobilienbusiness.ch\/#organization"},"potentialAction":[{"@type":"SearchAction","target":{"@type":"EntryPoint","urlTemplate":"https:\/\/www.immobilienbusiness.ch\/?s={search_term_string}"},"query-input":{"@type":"PropertyValueSpecification","valueRequired":true,"valueName":"search_term_string"}}],"inLanguage":"fr-FR"},{"@type":"Organization","@id":"https:\/\/www.immobilienbusiness.ch\/#organization","name":"IMMOBILIER Business","url":"https:\/\/www.immobilienbusiness.ch\/","logo":{"@type":"ImageObject","inLanguage":"fr-FR","@id":"https:\/\/www.immobilienbusiness.ch\/#\/schema\/logo\/image\/","url":"https:\/\/www.immobilienbusiness.ch\/wp-content\/uploads\/2021\/07\/logo_ib.png","contentUrl":"https:\/\/www.immobilienbusiness.ch\/wp-content\/uploads\/2021\/07\/logo_ib.png","width":800,"height":181,"caption":"IMMOBILIEN Business"},"image":{"@id":"https:\/\/www.immobilienbusiness.ch\/#\/schema\/logo\/image\/"},"sameAs":["https:\/\/www.facebook.com\/immobilienbusiness\/"]},{"@type":"Person","@id":"https:\/\/www.immobilienbusiness.ch\/#\/schema\/person\/aba8bea2db926aa0c24c08c43fe1fcd5","name":"Alexander Wachter","image":{"@type":"ImageObject","inLanguage":"fr-FR","@id":"https:\/\/secure.gravatar.com\/avatar\/1a09e471f5389b0e0a6416eac287e0927c7c97a7b77f9e787eba3af7aee281dd?s=96&d=mm&r=g","url":"https:\/\/secure.gravatar.com\/avatar\/1a09e471f5389b0e0a6416eac287e0927c7c97a7b77f9e787eba3af7aee281dd?s=96&d=mm&r=g","contentUrl":"https:\/\/secure.gravatar.com\/avatar\/1a09e471f5389b0e0a6416eac287e0927c7c97a7b77f9e787eba3af7aee281dd?s=96&d=mm&r=g","caption":"Alexander Wachter"},"url":"https:\/\/www.immobilienbusiness.ch\/fr\/author\/alexander-wachter\/"}]}},"_links":{"self":[{"href":"https:\/\/www.immobilienbusiness.ch\/fr\/wp-json\/wp\/v2\/posts\/65463","targetHints":{"allow":["GET"]}}],"collection":[{"href":"https:\/\/www.immobilienbusiness.ch\/fr\/wp-json\/wp\/v2\/posts"}],"about":[{"href":"https:\/\/www.immobilienbusiness.ch\/fr\/wp-json\/wp\/v2\/types\/post"}],"author":[{"embeddable":true,"href":"https:\/\/www.immobilienbusiness.ch\/fr\/wp-json\/wp\/v2\/users\/102"}],"replies":[{"embeddable":true,"href":"https:\/\/www.immobilienbusiness.ch\/fr\/wp-json\/wp\/v2\/comments?post=65463"}],"version-history":[{"count":3,"href":"https:\/\/www.immobilienbusiness.ch\/fr\/wp-json\/wp\/v2\/posts\/65463\/revisions"}],"predecessor-version":[{"id":65534,"href":"https:\/\/www.immobilienbusiness.ch\/fr\/wp-json\/wp\/v2\/posts\/65463\/revisions\/65534"}],"wp:featuredmedia":[{"embeddable":true,"href":"https:\/\/www.immobilienbusiness.ch\/fr\/wp-json\/wp\/v2\/media\/65464"}],"wp:attachment":[{"href":"https:\/\/www.immobilienbusiness.ch\/fr\/wp-json\/wp\/v2\/media?parent=65463"}],"wp:term":[{"taxonomy":"category","embeddable":true,"href":"https:\/\/www.immobilienbusiness.ch\/fr\/wp-json\/wp\/v2\/categories?post=65463"},{"taxonomy":"post_tag","embeddable":true,"href":"https:\/\/www.immobilienbusiness.ch\/fr\/wp-json\/wp\/v2\/tags?post=65463"}],"curies":[{"name":"wp","href":"https:\/\/api.w.org\/{rel}","templated":true}]}}