{"id":6539,"date":"2017-03-03T08:32:46","date_gmt":"2017-03-03T07:32:46","guid":{"rendered":"https:\/\/www.immobilienbusiness.ch\/?p=6539"},"modified":"2017-03-03T08:32:46","modified_gmt":"2017-03-03T07:32:46","slug":"wincasa-neuordnung-geschaeftsleitung","status":"publish","type":"post","link":"https:\/\/www.immobilienbusiness.ch\/fr\/unternehmen\/2017-03-03\/wincasa-neuordnung-geschaeftsleitung\/","title":{"rendered":"Wincasa : Changement de direction"},"content":{"rendered":"<figure id=\"attachment_6540\" aria-describedby=\"caption-attachment-6540\" style=\"width: 680px\" class=\"wp-caption alignnone\"><img loading=\"lazy\" decoding=\"async\" class=\"wp-image-6540 size-medium\" src=\"https:\/\/www.immobilienbusiness.ch\/wp-content\/uploads\/2017\/03\/Sch\u00e4rer_T\u00f6ngi_Voigt_WincasaWeb.png\" width=\"680\" height=\"341\" \/><figcaption id=\"caption-attachment-6540\" class=\"wp-caption-text\">Walter Sch\u00e4rer, Andr\u00e9 T\u00f6ngi, Karin Voigt (Photos : Clara Tuma - Wincasa)<\/figcaption><\/figure>\n<p>Comme le communique Wincasa, Walter Sch\u00e4rer transmettra la direction du secteur de la gestion \u00e0 Andr\u00e9 T\u00f6ngi, actuel responsable du secteur Construction &amp; Facility Management. Sch\u00e4rer, responsable du secteur Gestion depuis 2010, reprend une activit\u00e9 de conseil dans le domaine des nouveaux clients. Il se retire de la direction.<\/p>\n<p>Le successeur de Scherer, T\u00f6ngi, travaille depuis plus de 20 ans dans le secteur de l'immobilier, et depuis 2013 pour Wincasa. En 2014, il a \u00e9t\u00e9 nomm\u00e9 \u00e0 la direction en tant que responsable du secteur Construction &amp; Facility Management.<\/p>\n<p>Karin Voigt succ\u00e8de \u00e0 T\u00f6ngi \u00e0 son poste actuel et rejoint \u00e9galement la direction du prestataire de services immobiliers. Elle travaille chez Wincasa depuis 2010 et occupe le poste de directrice r\u00e9gionale de la fiduciaire du ma\u00eetre d'ouvrage depuis 2014.<\/p>\n<p>Selon l'entreprise, les nouvelles nominations visent principalement \u00e0 renforcer les activit\u00e9s avec les nouveaux clients et \u00e0 am\u00e9liorer la qualit\u00e9 et le d\u00e9veloppement des secteurs d'activit\u00e9 et des relations clients existants. \"Dans le cadre de la transformation dans laquelle se trouvent actuellement le march\u00e9 et Wincasa, il est important que nous trouvions un bon m\u00e9lange entre la stabilit\u00e9 et ce qui a fait ses preuves, ainsi qu'un vent de fra\u00eecheur et de nouvelles id\u00e9es. Cela vaut \u00e9galement pour la direction\", explique Oliver Hofmann, CEO de l'entreprise, pour justifier ces changements.<\/p>","protected":false},"excerpt":{"rendered":"<p>Le 15 mars, le prestataire de services immobiliers Wincasa conna\u00eetra des changements de personnel au sein de sa direction.<\/p>","protected":false},"author":3,"featured_media":6540,"comment_status":"open","ping_status":"open","sticky":false,"template":"","format":"standard","meta":{"_acf_changed":false,"_yoast_wpseo_focuskw":"Wincasa","_yoast_wpseo_title":"","_yoast_wpseo_metadesc":"Bei dem Immobiliendienstleister Wincasa kommt es per 15. M\u00e4rz zu Ver\u00e4nderungen in der Gesch\u00e4ftsleitung. Walter Sch\u00e4rer scheidet aus dem Gremium aus.","_yoast_wpseo_linkdex":41,"pgc_sgb_lightbox_settings":"","footnotes":""},"categories":[988],"tags":[1563,1807],"class_list":["post-6539","post","type-post","status-publish","format-standard","has-post-thumbnail","hentry","category-unternehmen","tag-personalia","tag-unternehmen"],"acf":[],"yoast_head":"<!-- This site is optimized with the Yoast SEO plugin v27.4 - https:\/\/yoast.com\/product\/yoast-seo-wordpress\/ -->\n<title>Wincasa: St\u00fchler\u00fccken in der Gesch\u00e4ftsleitung - IMMOBILIEN Business<\/title>\n<meta name=\"description\" content=\"Bei dem Immobiliendienstleister Wincasa kommt es per 15. M\u00e4rz zu Ver\u00e4nderungen in der Gesch\u00e4ftsleitung. Walter Sch\u00e4rer scheidet aus dem Gremium aus.\" \/>\n<meta name=\"robots\" content=\"index, follow, max-snippet:-1, max-image-preview:large, max-video-preview:-1\" \/>\n<link rel=\"canonical\" href=\"https:\/\/www.immobilienbusiness.ch\/fr\/unternehmen\/2017-03-03\/wincasa-neuordnung-geschaeftsleitung\/\" \/>\n<meta property=\"og:locale\" content=\"fr_FR\" \/>\n<meta property=\"og:type\" content=\"article\" \/>\n<meta property=\"og:title\" content=\"Wincasa: St\u00fchler\u00fccken in der Gesch\u00e4ftsleitung\" \/>\n<meta property=\"og:description\" content=\"Bei dem Immobiliendienstleister Wincasa kommt es per 15. M\u00e4rz zu Ver\u00e4nderungen in der Gesch\u00e4ftsleitung. Walter Sch\u00e4rer scheidet aus dem Gremium aus.\" \/>\n<meta property=\"og:url\" content=\"https:\/\/www.immobilienbusiness.ch\/fr\/unternehmen\/2017-03-03\/wincasa-neuordnung-geschaeftsleitung\/\" \/>\n<meta property=\"og:site_name\" content=\"IMMOBILIEN Business\" \/>\n<meta property=\"article:publisher\" content=\"https:\/\/www.facebook.com\/immobilienbusiness\/\" \/>\n<meta property=\"article:published_time\" content=\"2017-03-03T07:32:46+00:00\" \/>\n<meta property=\"og:image\" content=\"https:\/\/www.immobilienbusiness.ch\/wp-content\/uploads\/2017\/03\/Schaerer_Toengi_Voigt_WincasaWeb.png\" \/>\n\t<meta property=\"og:image:width\" content=\"1188\" \/>\n\t<meta property=\"og:image:height\" content=\"595\" \/>\n\t<meta property=\"og:image:type\" content=\"image\/png\" \/>\n<meta name=\"author\" content=\"anja.hall\" \/>\n<meta name=\"twitter:card\" content=\"summary_large_image\" \/>\n<meta name=\"twitter:title\" content=\"Bei dem Immobiliendienstleister Wincasa kommt es per 15. M\u00e4rz zu Ver\u00e4nderungen in der Gesch\u00e4ftsleitung. Walter Sch\u00e4rer scheidet aus dem Gremium aus.\" \/>\n<meta name=\"twitter:description\" content=\"Bei dem Immobiliendienstleister Wincasa kommt es per 15. M\u00e4rz zu Ver\u00e4nderungen in der Gesch\u00e4ftsleitung. Walter Sch\u00e4rer scheidet aus dem Gremium aus.\" \/>\n<meta name=\"twitter:image\" content=\"https:\/\/www.immobilienbusiness.ch\/wp-content\/uploads\/2017\/03\/Sch\u00e4rer_T\u00f6ngi_Voigt_WincasaWeb.png\" \/>\n<script type=\"application\/ld+json\" class=\"yoast-schema-graph\">{\"@context\":\"https:\\\/\\\/schema.org\",\"@graph\":[{\"@type\":\"Article\",\"@id\":\"https:\\\/\\\/www.immobilienbusiness.ch\\\/de\\\/unternehmen\\\/2017-03-03\\\/wincasa-neuordnung-geschaeftsleitung\\\/#article\",\"isPartOf\":{\"@id\":\"https:\\\/\\\/www.immobilienbusiness.ch\\\/de\\\/unternehmen\\\/2017-03-03\\\/wincasa-neuordnung-geschaeftsleitung\\\/\"},\"author\":{\"name\":\"anja.hall\",\"@id\":\"https:\\\/\\\/www.immobilienbusiness.ch\\\/#\\\/schema\\\/person\\\/3fc036297b10b9f42d6db5ee932af8c8\"},\"headline\":\"Wincasa: St\u00fchler\u00fccken in der Gesch\u00e4ftsleitung\",\"datePublished\":\"2017-03-03T07:32:46+00:00\",\"mainEntityOfPage\":{\"@id\":\"https:\\\/\\\/www.immobilienbusiness.ch\\\/de\\\/unternehmen\\\/2017-03-03\\\/wincasa-neuordnung-geschaeftsleitung\\\/\"},\"wordCount\":218,\"commentCount\":0,\"publisher\":{\"@id\":\"https:\\\/\\\/www.immobilienbusiness.ch\\\/#organization\"},\"image\":{\"@id\":\"https:\\\/\\\/www.immobilienbusiness.ch\\\/de\\\/unternehmen\\\/2017-03-03\\\/wincasa-neuordnung-geschaeftsleitung\\\/#primaryimage\"},\"thumbnailUrl\":\"https:\\\/\\\/www.immobilienbusiness.ch\\\/wp-content\\\/uploads\\\/2017\\\/03\\\/Schaerer_Toengi_Voigt_WincasaWeb.png\",\"keywords\":[\"Personalia\",\"Unternehmen\"],\"articleSection\":[\"UNTERNEHMEN\"],\"inLanguage\":\"fr-FR\"},{\"@type\":\"WebPage\",\"@id\":\"https:\\\/\\\/www.immobilienbusiness.ch\\\/de\\\/unternehmen\\\/2017-03-03\\\/wincasa-neuordnung-geschaeftsleitung\\\/\",\"url\":\"https:\\\/\\\/www.immobilienbusiness.ch\\\/de\\\/unternehmen\\\/2017-03-03\\\/wincasa-neuordnung-geschaeftsleitung\\\/\",\"name\":\"Wincasa: St\u00fchler\u00fccken in der Gesch\u00e4ftsleitung - IMMOBILIEN Business\",\"isPartOf\":{\"@id\":\"https:\\\/\\\/www.immobilienbusiness.ch\\\/#website\"},\"primaryImageOfPage\":{\"@id\":\"https:\\\/\\\/www.immobilienbusiness.ch\\\/de\\\/unternehmen\\\/2017-03-03\\\/wincasa-neuordnung-geschaeftsleitung\\\/#primaryimage\"},\"image\":{\"@id\":\"https:\\\/\\\/www.immobilienbusiness.ch\\\/de\\\/unternehmen\\\/2017-03-03\\\/wincasa-neuordnung-geschaeftsleitung\\\/#primaryimage\"},\"thumbnailUrl\":\"https:\\\/\\\/www.immobilienbusiness.ch\\\/wp-content\\\/uploads\\\/2017\\\/03\\\/Schaerer_Toengi_Voigt_WincasaWeb.png\",\"datePublished\":\"2017-03-03T07:32:46+00:00\",\"description\":\"Bei dem Immobiliendienstleister Wincasa kommt es per 15. M\u00e4rz zu Ver\u00e4nderungen in der Gesch\u00e4ftsleitung. Walter Sch\u00e4rer scheidet aus dem Gremium aus.\",\"breadcrumb\":{\"@id\":\"https:\\\/\\\/www.immobilienbusiness.ch\\\/de\\\/unternehmen\\\/2017-03-03\\\/wincasa-neuordnung-geschaeftsleitung\\\/#breadcrumb\"},\"inLanguage\":\"fr-FR\",\"potentialAction\":[{\"@type\":\"ReadAction\",\"target\":[\"https:\\\/\\\/www.immobilienbusiness.ch\\\/de\\\/unternehmen\\\/2017-03-03\\\/wincasa-neuordnung-geschaeftsleitung\\\/\"]}]},{\"@type\":\"ImageObject\",\"inLanguage\":\"fr-FR\",\"@id\":\"https:\\\/\\\/www.immobilienbusiness.ch\\\/de\\\/unternehmen\\\/2017-03-03\\\/wincasa-neuordnung-geschaeftsleitung\\\/#primaryimage\",\"url\":\"https:\\\/\\\/www.immobilienbusiness.ch\\\/wp-content\\\/uploads\\\/2017\\\/03\\\/Schaerer_Toengi_Voigt_WincasaWeb.png\",\"contentUrl\":\"https:\\\/\\\/www.immobilienbusiness.ch\\\/wp-content\\\/uploads\\\/2017\\\/03\\\/Schaerer_Toengi_Voigt_WincasaWeb.png\",\"width\":1188,\"height\":595,\"caption\":\"Walter Sch\u00e4rer,\"},{\"@type\":\"BreadcrumbList\",\"@id\":\"https:\\\/\\\/www.immobilienbusiness.ch\\\/de\\\/unternehmen\\\/2017-03-03\\\/wincasa-neuordnung-geschaeftsleitung\\\/#breadcrumb\",\"itemListElement\":[{\"@type\":\"ListItem\",\"position\":1,\"name\":\"Home\",\"item\":\"https:\\\/\\\/www.immobilienbusiness.ch\\\/\"},{\"@type\":\"ListItem\",\"position\":2,\"name\":\"Wincasa: St\u00fchler\u00fccken in der Gesch\u00e4ftsleitung\"}]},{\"@type\":\"WebSite\",\"@id\":\"https:\\\/\\\/www.immobilienbusiness.ch\\\/#website\",\"url\":\"https:\\\/\\\/www.immobilienbusiness.ch\\\/\",\"name\":\"IMMOBILIEN Business\",\"description\":\"Unabh\u00e4ngiges Schweizer Wirtschaftsmagazin mit Fokus auf Immobilien, Architektur- und Bau sowie Investment- und Finanzierung.\",\"publisher\":{\"@id\":\"https:\\\/\\\/www.immobilienbusiness.ch\\\/#organization\"},\"potentialAction\":[{\"@type\":\"SearchAction\",\"target\":{\"@type\":\"EntryPoint\",\"urlTemplate\":\"https:\\\/\\\/www.immobilienbusiness.ch\\\/?s={search_term_string}\"},\"query-input\":{\"@type\":\"PropertyValueSpecification\",\"valueRequired\":true,\"valueName\":\"search_term_string\"}}],\"inLanguage\":\"fr-FR\"},{\"@type\":\"Organization\",\"@id\":\"https:\\\/\\\/www.immobilienbusiness.ch\\\/#organization\",\"name\":\"IMMOBILIEN Business\",\"url\":\"https:\\\/\\\/www.immobilienbusiness.ch\\\/\",\"logo\":{\"@type\":\"ImageObject\",\"inLanguage\":\"fr-FR\",\"@id\":\"https:\\\/\\\/www.immobilienbusiness.ch\\\/#\\\/schema\\\/logo\\\/image\\\/\",\"url\":\"https:\\\/\\\/www.immobilienbusiness.ch\\\/wp-content\\\/uploads\\\/2021\\\/07\\\/logo_ib.png\",\"contentUrl\":\"https:\\\/\\\/www.immobilienbusiness.ch\\\/wp-content\\\/uploads\\\/2021\\\/07\\\/logo_ib.png\",\"width\":800,\"height\":181,\"caption\":\"IMMOBILIEN Business\"},\"image\":{\"@id\":\"https:\\\/\\\/www.immobilienbusiness.ch\\\/#\\\/schema\\\/logo\\\/image\\\/\"},\"sameAs\":[\"https:\\\/\\\/www.facebook.com\\\/immobilienbusiness\\\/\"]},{\"@type\":\"Person\",\"@id\":\"https:\\\/\\\/www.immobilienbusiness.ch\\\/#\\\/schema\\\/person\\\/3fc036297b10b9f42d6db5ee932af8c8\",\"name\":\"anja.hall\",\"image\":{\"@type\":\"ImageObject\",\"inLanguage\":\"fr-FR\",\"@id\":\"https:\\\/\\\/secure.gravatar.com\\\/avatar\\\/066b5a0d447013502c71a5782f4f3469f03cfe595cc2329fb94652fe47511bfb?s=96&d=mm&r=g\",\"url\":\"https:\\\/\\\/secure.gravatar.com\\\/avatar\\\/066b5a0d447013502c71a5782f4f3469f03cfe595cc2329fb94652fe47511bfb?s=96&d=mm&r=g\",\"contentUrl\":\"https:\\\/\\\/secure.gravatar.com\\\/avatar\\\/066b5a0d447013502c71a5782f4f3469f03cfe595cc2329fb94652fe47511bfb?s=96&d=mm&r=g\",\"caption\":\"anja.hall\"},\"url\":\"https:\\\/\\\/www.immobilienbusiness.ch\\\/fr\\\/author\\\/anja-hall\\\/\"}]}<\/script>\n<!-- \/ Yoast SEO plugin. -->","yoast_head_json":{"title":"Wincasa: St\u00fchler\u00fccken in der Gesch\u00e4ftsleitung - IMMOBILIEN Business","description":"Bei dem Immobiliendienstleister Wincasa kommt es per 15. M\u00e4rz zu Ver\u00e4nderungen in der Gesch\u00e4ftsleitung. Walter Sch\u00e4rer scheidet aus dem Gremium aus.","robots":{"index":"index","follow":"follow","max-snippet":"max-snippet:-1","max-image-preview":"max-image-preview:large","max-video-preview":"max-video-preview:-1"},"canonical":"https:\/\/www.immobilienbusiness.ch\/fr\/unternehmen\/2017-03-03\/wincasa-neuordnung-geschaeftsleitung\/","og_locale":"fr_FR","og_type":"article","og_title":"Wincasa: St\u00fchler\u00fccken in der Gesch\u00e4ftsleitung","og_description":"Bei dem Immobiliendienstleister Wincasa kommt es per 15. M\u00e4rz zu Ver\u00e4nderungen in der Gesch\u00e4ftsleitung. Walter Sch\u00e4rer scheidet aus dem Gremium aus.","og_url":"https:\/\/www.immobilienbusiness.ch\/fr\/unternehmen\/2017-03-03\/wincasa-neuordnung-geschaeftsleitung\/","og_site_name":"IMMOBILIEN Business","article_publisher":"https:\/\/www.facebook.com\/immobilienbusiness\/","article_published_time":"2017-03-03T07:32:46+00:00","og_image":[{"width":1188,"height":595,"url":"https:\/\/www.immobilienbusiness.ch\/wp-content\/uploads\/2017\/03\/Schaerer_Toengi_Voigt_WincasaWeb.png","type":"image\/png"}],"author":"anja.hall","twitter_card":"summary_large_image","twitter_title":"Bei dem Immobiliendienstleister Wincasa kommt es per 15. M\u00e4rz zu Ver\u00e4nderungen in der Gesch\u00e4ftsleitung. Walter Sch\u00e4rer scheidet aus dem Gremium aus.","twitter_description":"Bei dem Immobiliendienstleister Wincasa kommt es per 15. M\u00e4rz zu Ver\u00e4nderungen in der Gesch\u00e4ftsleitung. Walter Sch\u00e4rer scheidet aus dem Gremium aus.","twitter_image":"https:\/\/www.immobilienbusiness.ch\/wp-content\/uploads\/2017\/03\/Sch\u00e4rer_T\u00f6ngi_Voigt_WincasaWeb.png","schema":{"@context":"https:\/\/schema.org","@graph":[{"@type":"Article","@id":"https:\/\/www.immobilienbusiness.ch\/de\/unternehmen\/2017-03-03\/wincasa-neuordnung-geschaeftsleitung\/#article","isPartOf":{"@id":"https:\/\/www.immobilienbusiness.ch\/de\/unternehmen\/2017-03-03\/wincasa-neuordnung-geschaeftsleitung\/"},"author":{"name":"anja.hall","@id":"https:\/\/www.immobilienbusiness.ch\/#\/schema\/person\/3fc036297b10b9f42d6db5ee932af8c8"},"headline":"Wincasa: St\u00fchler\u00fccken in der Gesch\u00e4ftsleitung","datePublished":"2017-03-03T07:32:46+00:00","mainEntityOfPage":{"@id":"https:\/\/www.immobilienbusiness.ch\/de\/unternehmen\/2017-03-03\/wincasa-neuordnung-geschaeftsleitung\/"},"wordCount":218,"commentCount":0,"publisher":{"@id":"https:\/\/www.immobilienbusiness.ch\/#organization"},"image":{"@id":"https:\/\/www.immobilienbusiness.ch\/de\/unternehmen\/2017-03-03\/wincasa-neuordnung-geschaeftsleitung\/#primaryimage"},"thumbnailUrl":"https:\/\/www.immobilienbusiness.ch\/wp-content\/uploads\/2017\/03\/Schaerer_Toengi_Voigt_WincasaWeb.png","keywords":["Personalia","Unternehmen"],"articleSection":["UNTERNEHMEN"],"inLanguage":"fr-FR"},{"@type":"WebPage","@id":"https:\/\/www.immobilienbusiness.ch\/de\/unternehmen\/2017-03-03\/wincasa-neuordnung-geschaeftsleitung\/","url":"https:\/\/www.immobilienbusiness.ch\/de\/unternehmen\/2017-03-03\/wincasa-neuordnung-geschaeftsleitung\/","name":"Wincasa: St\u00fchler\u00fccken in der Gesch\u00e4ftsleitung - IMMOBILIEN Business","isPartOf":{"@id":"https:\/\/www.immobilienbusiness.ch\/#website"},"primaryImageOfPage":{"@id":"https:\/\/www.immobilienbusiness.ch\/de\/unternehmen\/2017-03-03\/wincasa-neuordnung-geschaeftsleitung\/#primaryimage"},"image":{"@id":"https:\/\/www.immobilienbusiness.ch\/de\/unternehmen\/2017-03-03\/wincasa-neuordnung-geschaeftsleitung\/#primaryimage"},"thumbnailUrl":"https:\/\/www.immobilienbusiness.ch\/wp-content\/uploads\/2017\/03\/Schaerer_Toengi_Voigt_WincasaWeb.png","datePublished":"2017-03-03T07:32:46+00:00","description":"Bei dem Immobiliendienstleister Wincasa kommt es per 15. M\u00e4rz zu Ver\u00e4nderungen in der Gesch\u00e4ftsleitung. Walter Sch\u00e4rer scheidet aus dem Gremium aus.","breadcrumb":{"@id":"https:\/\/www.immobilienbusiness.ch\/de\/unternehmen\/2017-03-03\/wincasa-neuordnung-geschaeftsleitung\/#breadcrumb"},"inLanguage":"fr-FR","potentialAction":[{"@type":"ReadAction","target":["https:\/\/www.immobilienbusiness.ch\/de\/unternehmen\/2017-03-03\/wincasa-neuordnung-geschaeftsleitung\/"]}]},{"@type":"ImageObject","inLanguage":"fr-FR","@id":"https:\/\/www.immobilienbusiness.ch\/de\/unternehmen\/2017-03-03\/wincasa-neuordnung-geschaeftsleitung\/#primaryimage","url":"https:\/\/www.immobilienbusiness.ch\/wp-content\/uploads\/2017\/03\/Schaerer_Toengi_Voigt_WincasaWeb.png","contentUrl":"https:\/\/www.immobilienbusiness.ch\/wp-content\/uploads\/2017\/03\/Schaerer_Toengi_Voigt_WincasaWeb.png","width":1188,"height":595,"caption":"Walter Sch\u00e4rer,"},{"@type":"BreadcrumbList","@id":"https:\/\/www.immobilienbusiness.ch\/de\/unternehmen\/2017-03-03\/wincasa-neuordnung-geschaeftsleitung\/#breadcrumb","itemListElement":[{"@type":"ListItem","position":1,"name":"Home","item":"https:\/\/www.immobilienbusiness.ch\/"},{"@type":"ListItem","position":2,"name":"Wincasa: St\u00fchler\u00fccken in der Gesch\u00e4ftsleitung"}]},{"@type":"WebSite","@id":"https:\/\/www.immobilienbusiness.ch\/#website","url":"https:\/\/www.immobilienbusiness.ch\/","name":"IMMOBILIER Business","description":"Magazine \u00e9conomique suisse ind\u00e9pendant ax\u00e9 sur l'immobilier, l'architecture et la construction ainsi que sur les investissements et le financement.","publisher":{"@id":"https:\/\/www.immobilienbusiness.ch\/#organization"},"potentialAction":[{"@type":"SearchAction","target":{"@type":"EntryPoint","urlTemplate":"https:\/\/www.immobilienbusiness.ch\/?s={search_term_string}"},"query-input":{"@type":"PropertyValueSpecification","valueRequired":true,"valueName":"search_term_string"}}],"inLanguage":"fr-FR"},{"@type":"Organization","@id":"https:\/\/www.immobilienbusiness.ch\/#organization","name":"IMMOBILIER Business","url":"https:\/\/www.immobilienbusiness.ch\/","logo":{"@type":"ImageObject","inLanguage":"fr-FR","@id":"https:\/\/www.immobilienbusiness.ch\/#\/schema\/logo\/image\/","url":"https:\/\/www.immobilienbusiness.ch\/wp-content\/uploads\/2021\/07\/logo_ib.png","contentUrl":"https:\/\/www.immobilienbusiness.ch\/wp-content\/uploads\/2021\/07\/logo_ib.png","width":800,"height":181,"caption":"IMMOBILIEN Business"},"image":{"@id":"https:\/\/www.immobilienbusiness.ch\/#\/schema\/logo\/image\/"},"sameAs":["https:\/\/www.facebook.com\/immobilienbusiness\/"]},{"@type":"Person","@id":"https:\/\/www.immobilienbusiness.ch\/#\/schema\/person\/3fc036297b10b9f42d6db5ee932af8c8","name":"anja.hall","image":{"@type":"ImageObject","inLanguage":"fr-FR","@id":"https:\/\/secure.gravatar.com\/avatar\/066b5a0d447013502c71a5782f4f3469f03cfe595cc2329fb94652fe47511bfb?s=96&d=mm&r=g","url":"https:\/\/secure.gravatar.com\/avatar\/066b5a0d447013502c71a5782f4f3469f03cfe595cc2329fb94652fe47511bfb?s=96&d=mm&r=g","contentUrl":"https:\/\/secure.gravatar.com\/avatar\/066b5a0d447013502c71a5782f4f3469f03cfe595cc2329fb94652fe47511bfb?s=96&d=mm&r=g","caption":"anja.hall"},"url":"https:\/\/www.immobilienbusiness.ch\/fr\/author\/anja-hall\/"}]}},"_links":{"self":[{"href":"https:\/\/www.immobilienbusiness.ch\/fr\/wp-json\/wp\/v2\/posts\/6539","targetHints":{"allow":["GET"]}}],"collection":[{"href":"https:\/\/www.immobilienbusiness.ch\/fr\/wp-json\/wp\/v2\/posts"}],"about":[{"href":"https:\/\/www.immobilienbusiness.ch\/fr\/wp-json\/wp\/v2\/types\/post"}],"author":[{"embeddable":true,"href":"https:\/\/www.immobilienbusiness.ch\/fr\/wp-json\/wp\/v2\/users\/3"}],"replies":[{"embeddable":true,"href":"https:\/\/www.immobilienbusiness.ch\/fr\/wp-json\/wp\/v2\/comments?post=6539"}],"version-history":[{"count":0,"href":"https:\/\/www.immobilienbusiness.ch\/fr\/wp-json\/wp\/v2\/posts\/6539\/revisions"}],"wp:featuredmedia":[{"embeddable":true,"href":"https:\/\/www.immobilienbusiness.ch\/fr\/wp-json\/wp\/v2\/media\/6540"}],"wp:attachment":[{"href":"https:\/\/www.immobilienbusiness.ch\/fr\/wp-json\/wp\/v2\/media?parent=6539"}],"wp:term":[{"taxonomy":"category","embeddable":true,"href":"https:\/\/www.immobilienbusiness.ch\/fr\/wp-json\/wp\/v2\/categories?post=6539"},{"taxonomy":"post_tag","embeddable":true,"href":"https:\/\/www.immobilienbusiness.ch\/fr\/wp-json\/wp\/v2\/tags?post=6539"}],"curies":[{"name":"wp","href":"https:\/\/api.w.org\/{rel}","templated":true}]}}