{"id":65387,"date":"2025-09-15T06:59:44","date_gmt":"2025-09-15T04:59:44","guid":{"rendered":"https:\/\/www.immobilienbusiness.ch\/?p=65387"},"modified":"2025-09-18T12:16:43","modified_gmt":"2025-09-18T10:16:43","slug":"sulgen-wohn-neubau-fertiggestellt-und-vermietet","status":"publish","type":"post","link":"https:\/\/www.immobilienbusiness.ch\/fr\/regionen\/2025-09-15\/sulgen-wohn-neubau-fertiggestellt-und-vermietet\/","title":{"rendered":"La ville de Sulgen : Nouvelle construction r\u00e9sidentielle achev\u00e9e et lou\u00e9e"},"content":{"rendered":"<figure id=\"attachment_65388\" aria-describedby=\"caption-attachment-65388\" style=\"width: 768px\" class=\"wp-caption alignnone\"><a href=\"https:\/\/www.immobilienbusiness.ch\/wp-content\/uploads\/2025\/09\/Sulgen-Erstvermietung-Aussenansicht.jpg\"><img loading=\"lazy\" decoding=\"async\" class=\"size-large wp-image-65388\" src=\"https:\/\/www.immobilienbusiness.ch\/wp-content\/uploads\/2025\/09\/Sulgen-Erstvermietung-Aussenansicht-1024x576.jpg\" alt=\"\" width=\"768\" height=\"432\" srcset=\"https:\/\/www.immobilienbusiness.ch\/wp-content\/uploads\/2025\/09\/Sulgen-Erstvermietung-Aussenansicht-1024x576.jpg 1024w, https:\/\/www.immobilienbusiness.ch\/wp-content\/uploads\/2025\/09\/Sulgen-Erstvermietung-Aussenansicht-300x169.jpg 300w, https:\/\/www.immobilienbusiness.ch\/wp-content\/uploads\/2025\/09\/Sulgen-Erstvermietung-Aussenansicht-768x432.jpg 768w, https:\/\/www.immobilienbusiness.ch\/wp-content\/uploads\/2025\/09\/Sulgen-Erstvermietung-Aussenansicht-18x10.jpg 18w, https:\/\/www.immobilienbusiness.ch\/wp-content\/uploads\/2025\/09\/Sulgen-Erstvermietung-Aussenansicht-375x211.jpg 375w, https:\/\/www.immobilienbusiness.ch\/wp-content\/uploads\/2025\/09\/Sulgen-Erstvermietung-Aussenansicht-622x350.jpg 622w, https:\/\/www.immobilienbusiness.ch\/wp-content\/uploads\/2025\/09\/Sulgen-Erstvermietung-Aussenansicht-1000x563.jpg 1000w, https:\/\/www.immobilienbusiness.ch\/wp-content\/uploads\/2025\/09\/Sulgen-Erstvermietung-Aussenansicht.jpg 1200w\" sizes=\"auto, (max-width: 768px) 100vw, 768px\" \/><\/a><figcaption id=\"caption-attachment-65388\" class=\"wp-caption-text\">Il s'agit de ce bien immobilier de Homebay AG situ\u00e9 Ergatenweg \u00e0 Sulgen (photo : zVg)<\/figcaption><\/figure>\n<p>Dans la commune thurgovienne de Sulgen, l'\u00e9quipe de location de Livit a termin\u00e9 la premi\u00e8re location d'un nouveau b\u00e2timent. Des locataires ont \u00e9t\u00e9 trouv\u00e9s pour les 21 appartements avant la date d'emm\u00e9nagement. Livit assume d\u00e9sormais \u00e9galement le mandat de gestion pour le compte du propri\u00e9taire Homebay AG.<\/p>\n<p>L'immeuble se trouve \u00e0 l'adresse Ergatenweg 25.<\/p>","protected":false},"excerpt":{"rendered":"<p>A Sulgen (TG), Livit a lou\u00e9 21 appartements pour la premi\u00e8re occupation pour Homebay AG.<\/p>","protected":false},"author":102,"featured_media":65388,"comment_status":"closed","ping_status":"closed","sticky":false,"template":"","format":"standard","meta":{"_acf_changed":false,"_yoast_wpseo_focuskw":"Sulgen","_yoast_wpseo_title":"","_yoast_wpseo_metadesc":"In Sulgen (TG) hat Livit f\u00fcr die Homebay AG 21 Wohnungen f\u00fcr den Erstbezug vermietet.","_yoast_wpseo_linkdex":64,"pgc_sgb_lightbox_settings":"","footnotes":""},"categories":[985],"tags":[4316,1448,1492,1997,1832],"class_list":["post-65387","post","type-post","status-publish","format-standard","has-post-thumbnail","hentry","category-regionen","tag-homebay-ag","tag-livit","tag-mietwohnungen","tag-tg","tag-vermietung"],"acf":[],"yoast_head":"<!-- This site is optimized with the Yoast SEO plugin v27.5 - https:\/\/yoast.com\/product\/yoast-seo-wordpress\/ -->\n<title>Sulgen: Wohn-Neubau fertiggestellt und vermietet - IMMOBILIEN Business<\/title>\n<meta name=\"description\" content=\"In Sulgen (TG) hat Livit f\u00fcr die Homebay AG 21 Wohnungen f\u00fcr den Erstbezug vermietet.\" \/>\n<meta name=\"robots\" content=\"index, follow, max-snippet:-1, max-image-preview:large, max-video-preview:-1\" \/>\n<link rel=\"canonical\" href=\"https:\/\/www.immobilienbusiness.ch\/fr\/regionen\/2025-09-15\/sulgen-wohn-neubau-fertiggestellt-und-vermietet\/\" \/>\n<meta property=\"og:locale\" content=\"fr_FR\" \/>\n<meta property=\"og:type\" content=\"article\" \/>\n<meta property=\"og:title\" content=\"Sulgen: Wohn-Neubau fertiggestellt und vermietet - IMMOBILIEN Business\" \/>\n<meta property=\"og:description\" content=\"In Sulgen (TG) hat Livit f\u00fcr die Homebay AG 21 Wohnungen f\u00fcr den Erstbezug vermietet.\" \/>\n<meta property=\"og:url\" content=\"https:\/\/www.immobilienbusiness.ch\/fr\/regionen\/2025-09-15\/sulgen-wohn-neubau-fertiggestellt-und-vermietet\/\" \/>\n<meta property=\"og:site_name\" content=\"IMMOBILIEN Business\" \/>\n<meta property=\"article:publisher\" content=\"https:\/\/www.facebook.com\/immobilienbusiness\/\" \/>\n<meta property=\"article:published_time\" content=\"2025-09-15T04:59:44+00:00\" \/>\n<meta property=\"article:modified_time\" content=\"2025-09-18T10:16:43+00:00\" \/>\n<meta property=\"og:image\" content=\"https:\/\/www.immobilienbusiness.ch\/wp-content\/uploads\/2025\/09\/Sulgen-Erstvermietung-Aussenansicht.jpg\" \/>\n\t<meta property=\"og:image:width\" content=\"1200\" \/>\n\t<meta property=\"og:image:height\" content=\"675\" \/>\n\t<meta property=\"og:image:type\" content=\"image\/jpeg\" \/>\n<meta name=\"author\" content=\"Alexander Wachter\" \/>\n<meta name=\"twitter:card\" content=\"summary_large_image\" \/>\n<script type=\"application\/ld+json\" class=\"yoast-schema-graph\">{\"@context\":\"https:\\\/\\\/schema.org\",\"@graph\":[{\"@type\":\"Article\",\"@id\":\"https:\\\/\\\/www.immobilienbusiness.ch\\\/en\\\/regionen\\\/2025-09-15\\\/sulgen-wohn-neubau-fertiggestellt-und-vermietet\\\/#article\",\"isPartOf\":{\"@id\":\"https:\\\/\\\/www.immobilienbusiness.ch\\\/en\\\/regionen\\\/2025-09-15\\\/sulgen-wohn-neubau-fertiggestellt-und-vermietet\\\/\"},\"author\":{\"name\":\"Alexander Wachter\",\"@id\":\"https:\\\/\\\/www.immobilienbusiness.ch\\\/#\\\/schema\\\/person\\\/aba8bea2db926aa0c24c08c43fe1fcd5\"},\"headline\":\"Sulgen: Wohn-Neubau fertiggestellt und vermietet\",\"datePublished\":\"2025-09-15T04:59:44+00:00\",\"dateModified\":\"2025-09-18T10:16:43+00:00\",\"mainEntityOfPage\":{\"@id\":\"https:\\\/\\\/www.immobilienbusiness.ch\\\/en\\\/regionen\\\/2025-09-15\\\/sulgen-wohn-neubau-fertiggestellt-und-vermietet\\\/\"},\"wordCount\":71,\"publisher\":{\"@id\":\"https:\\\/\\\/www.immobilienbusiness.ch\\\/#organization\"},\"image\":{\"@id\":\"https:\\\/\\\/www.immobilienbusiness.ch\\\/en\\\/regionen\\\/2025-09-15\\\/sulgen-wohn-neubau-fertiggestellt-und-vermietet\\\/#primaryimage\"},\"thumbnailUrl\":\"https:\\\/\\\/www.immobilienbusiness.ch\\\/wp-content\\\/uploads\\\/2025\\\/09\\\/Sulgen-Erstvermietung-Aussenansicht.jpg\",\"keywords\":[\"Homebay AG\",\"Livit\",\"Mietwohnungen\",\"TG\",\"Vermietung\"],\"articleSection\":[\"REGIONEN\"],\"inLanguage\":\"fr-FR\"},{\"@type\":\"WebPage\",\"@id\":\"https:\\\/\\\/www.immobilienbusiness.ch\\\/en\\\/regionen\\\/2025-09-15\\\/sulgen-wohn-neubau-fertiggestellt-und-vermietet\\\/\",\"url\":\"https:\\\/\\\/www.immobilienbusiness.ch\\\/en\\\/regionen\\\/2025-09-15\\\/sulgen-wohn-neubau-fertiggestellt-und-vermietet\\\/\",\"name\":\"Sulgen: Wohn-Neubau fertiggestellt und vermietet - IMMOBILIEN Business\",\"isPartOf\":{\"@id\":\"https:\\\/\\\/www.immobilienbusiness.ch\\\/#website\"},\"primaryImageOfPage\":{\"@id\":\"https:\\\/\\\/www.immobilienbusiness.ch\\\/en\\\/regionen\\\/2025-09-15\\\/sulgen-wohn-neubau-fertiggestellt-und-vermietet\\\/#primaryimage\"},\"image\":{\"@id\":\"https:\\\/\\\/www.immobilienbusiness.ch\\\/en\\\/regionen\\\/2025-09-15\\\/sulgen-wohn-neubau-fertiggestellt-und-vermietet\\\/#primaryimage\"},\"thumbnailUrl\":\"https:\\\/\\\/www.immobilienbusiness.ch\\\/wp-content\\\/uploads\\\/2025\\\/09\\\/Sulgen-Erstvermietung-Aussenansicht.jpg\",\"datePublished\":\"2025-09-15T04:59:44+00:00\",\"dateModified\":\"2025-09-18T10:16:43+00:00\",\"description\":\"In Sulgen (TG) hat Livit f\u00fcr die Homebay AG 21 Wohnungen f\u00fcr den Erstbezug vermietet.\",\"breadcrumb\":{\"@id\":\"https:\\\/\\\/www.immobilienbusiness.ch\\\/en\\\/regionen\\\/2025-09-15\\\/sulgen-wohn-neubau-fertiggestellt-und-vermietet\\\/#breadcrumb\"},\"inLanguage\":\"fr-FR\",\"potentialAction\":[{\"@type\":\"ReadAction\",\"target\":[\"https:\\\/\\\/www.immobilienbusiness.ch\\\/en\\\/regionen\\\/2025-09-15\\\/sulgen-wohn-neubau-fertiggestellt-und-vermietet\\\/\"]}]},{\"@type\":\"ImageObject\",\"inLanguage\":\"fr-FR\",\"@id\":\"https:\\\/\\\/www.immobilienbusiness.ch\\\/en\\\/regionen\\\/2025-09-15\\\/sulgen-wohn-neubau-fertiggestellt-und-vermietet\\\/#primaryimage\",\"url\":\"https:\\\/\\\/www.immobilienbusiness.ch\\\/wp-content\\\/uploads\\\/2025\\\/09\\\/Sulgen-Erstvermietung-Aussenansicht.jpg\",\"contentUrl\":\"https:\\\/\\\/www.immobilienbusiness.ch\\\/wp-content\\\/uploads\\\/2025\\\/09\\\/Sulgen-Erstvermietung-Aussenansicht.jpg\",\"width\":1200,\"height\":675,\"caption\":\"Um diese Immobilie der Homebay AG am Ergatenweg in Sulgen geht es (Bild: zVg)\"},{\"@type\":\"BreadcrumbList\",\"@id\":\"https:\\\/\\\/www.immobilienbusiness.ch\\\/en\\\/regionen\\\/2025-09-15\\\/sulgen-wohn-neubau-fertiggestellt-und-vermietet\\\/#breadcrumb\",\"itemListElement\":[{\"@type\":\"ListItem\",\"position\":1,\"name\":\"Home\",\"item\":\"https:\\\/\\\/www.immobilienbusiness.ch\\\/\"},{\"@type\":\"ListItem\",\"position\":2,\"name\":\"Sulgen: Wohn-Neubau fertiggestellt und vermietet\"}]},{\"@type\":\"WebSite\",\"@id\":\"https:\\\/\\\/www.immobilienbusiness.ch\\\/#website\",\"url\":\"https:\\\/\\\/www.immobilienbusiness.ch\\\/\",\"name\":\"IMMOBILIEN Business\",\"description\":\"Unabh\u00e4ngiges Schweizer Wirtschaftsmagazin mit Fokus auf Immobilien, Architektur- und Bau sowie Investment- und Finanzierung.\",\"publisher\":{\"@id\":\"https:\\\/\\\/www.immobilienbusiness.ch\\\/#organization\"},\"potentialAction\":[{\"@type\":\"SearchAction\",\"target\":{\"@type\":\"EntryPoint\",\"urlTemplate\":\"https:\\\/\\\/www.immobilienbusiness.ch\\\/?s={search_term_string}\"},\"query-input\":{\"@type\":\"PropertyValueSpecification\",\"valueRequired\":true,\"valueName\":\"search_term_string\"}}],\"inLanguage\":\"fr-FR\"},{\"@type\":\"Organization\",\"@id\":\"https:\\\/\\\/www.immobilienbusiness.ch\\\/#organization\",\"name\":\"IMMOBILIEN Business\",\"url\":\"https:\\\/\\\/www.immobilienbusiness.ch\\\/\",\"logo\":{\"@type\":\"ImageObject\",\"inLanguage\":\"fr-FR\",\"@id\":\"https:\\\/\\\/www.immobilienbusiness.ch\\\/#\\\/schema\\\/logo\\\/image\\\/\",\"url\":\"https:\\\/\\\/www.immobilienbusiness.ch\\\/wp-content\\\/uploads\\\/2021\\\/07\\\/logo_ib.png\",\"contentUrl\":\"https:\\\/\\\/www.immobilienbusiness.ch\\\/wp-content\\\/uploads\\\/2021\\\/07\\\/logo_ib.png\",\"width\":800,\"height\":181,\"caption\":\"IMMOBILIEN Business\"},\"image\":{\"@id\":\"https:\\\/\\\/www.immobilienbusiness.ch\\\/#\\\/schema\\\/logo\\\/image\\\/\"},\"sameAs\":[\"https:\\\/\\\/www.facebook.com\\\/immobilienbusiness\\\/\"]},{\"@type\":\"Person\",\"@id\":\"https:\\\/\\\/www.immobilienbusiness.ch\\\/#\\\/schema\\\/person\\\/aba8bea2db926aa0c24c08c43fe1fcd5\",\"name\":\"Alexander Wachter\",\"image\":{\"@type\":\"ImageObject\",\"inLanguage\":\"fr-FR\",\"@id\":\"https:\\\/\\\/secure.gravatar.com\\\/avatar\\\/1a09e471f5389b0e0a6416eac287e0927c7c97a7b77f9e787eba3af7aee281dd?s=96&d=mm&r=g\",\"url\":\"https:\\\/\\\/secure.gravatar.com\\\/avatar\\\/1a09e471f5389b0e0a6416eac287e0927c7c97a7b77f9e787eba3af7aee281dd?s=96&d=mm&r=g\",\"contentUrl\":\"https:\\\/\\\/secure.gravatar.com\\\/avatar\\\/1a09e471f5389b0e0a6416eac287e0927c7c97a7b77f9e787eba3af7aee281dd?s=96&d=mm&r=g\",\"caption\":\"Alexander Wachter\"},\"url\":\"https:\\\/\\\/www.immobilienbusiness.ch\\\/fr\\\/author\\\/alexander-wachter\\\/\"}]}<\/script>\n<!-- \/ Yoast SEO plugin. -->","yoast_head_json":{"title":"Sulgen: Wohn-Neubau fertiggestellt und vermietet - IMMOBILIEN Business","description":"A Sulgen (TG), Livit a lou\u00e9 21 appartements pour la premi\u00e8re occupation pour Homebay AG.","robots":{"index":"index","follow":"follow","max-snippet":"max-snippet:-1","max-image-preview":"max-image-preview:large","max-video-preview":"max-video-preview:-1"},"canonical":"https:\/\/www.immobilienbusiness.ch\/fr\/regionen\/2025-09-15\/sulgen-wohn-neubau-fertiggestellt-und-vermietet\/","og_locale":"fr_FR","og_type":"article","og_title":"Sulgen: Wohn-Neubau fertiggestellt und vermietet - IMMOBILIEN Business","og_description":"In Sulgen (TG) hat Livit f\u00fcr die Homebay AG 21 Wohnungen f\u00fcr den Erstbezug vermietet.","og_url":"https:\/\/www.immobilienbusiness.ch\/fr\/regionen\/2025-09-15\/sulgen-wohn-neubau-fertiggestellt-und-vermietet\/","og_site_name":"IMMOBILIEN Business","article_publisher":"https:\/\/www.facebook.com\/immobilienbusiness\/","article_published_time":"2025-09-15T04:59:44+00:00","article_modified_time":"2025-09-18T10:16:43+00:00","og_image":[{"width":1200,"height":675,"url":"https:\/\/www.immobilienbusiness.ch\/wp-content\/uploads\/2025\/09\/Sulgen-Erstvermietung-Aussenansicht.jpg","type":"image\/jpeg"}],"author":"Alexander Wachter","twitter_card":"summary_large_image","schema":{"@context":"https:\/\/schema.org","@graph":[{"@type":"Article","@id":"https:\/\/www.immobilienbusiness.ch\/en\/regionen\/2025-09-15\/sulgen-wohn-neubau-fertiggestellt-und-vermietet\/#article","isPartOf":{"@id":"https:\/\/www.immobilienbusiness.ch\/en\/regionen\/2025-09-15\/sulgen-wohn-neubau-fertiggestellt-und-vermietet\/"},"author":{"name":"Alexander Wachter","@id":"https:\/\/www.immobilienbusiness.ch\/#\/schema\/person\/aba8bea2db926aa0c24c08c43fe1fcd5"},"headline":"Sulgen: Wohn-Neubau fertiggestellt und vermietet","datePublished":"2025-09-15T04:59:44+00:00","dateModified":"2025-09-18T10:16:43+00:00","mainEntityOfPage":{"@id":"https:\/\/www.immobilienbusiness.ch\/en\/regionen\/2025-09-15\/sulgen-wohn-neubau-fertiggestellt-und-vermietet\/"},"wordCount":71,"publisher":{"@id":"https:\/\/www.immobilienbusiness.ch\/#organization"},"image":{"@id":"https:\/\/www.immobilienbusiness.ch\/en\/regionen\/2025-09-15\/sulgen-wohn-neubau-fertiggestellt-und-vermietet\/#primaryimage"},"thumbnailUrl":"https:\/\/www.immobilienbusiness.ch\/wp-content\/uploads\/2025\/09\/Sulgen-Erstvermietung-Aussenansicht.jpg","keywords":["Homebay AG","Livit","Mietwohnungen","TG","Vermietung"],"articleSection":["REGIONEN"],"inLanguage":"fr-FR"},{"@type":"WebPage","@id":"https:\/\/www.immobilienbusiness.ch\/en\/regionen\/2025-09-15\/sulgen-wohn-neubau-fertiggestellt-und-vermietet\/","url":"https:\/\/www.immobilienbusiness.ch\/en\/regionen\/2025-09-15\/sulgen-wohn-neubau-fertiggestellt-und-vermietet\/","name":"Sulgen: Wohn-Neubau fertiggestellt und vermietet - IMMOBILIEN Business","isPartOf":{"@id":"https:\/\/www.immobilienbusiness.ch\/#website"},"primaryImageOfPage":{"@id":"https:\/\/www.immobilienbusiness.ch\/en\/regionen\/2025-09-15\/sulgen-wohn-neubau-fertiggestellt-und-vermietet\/#primaryimage"},"image":{"@id":"https:\/\/www.immobilienbusiness.ch\/en\/regionen\/2025-09-15\/sulgen-wohn-neubau-fertiggestellt-und-vermietet\/#primaryimage"},"thumbnailUrl":"https:\/\/www.immobilienbusiness.ch\/wp-content\/uploads\/2025\/09\/Sulgen-Erstvermietung-Aussenansicht.jpg","datePublished":"2025-09-15T04:59:44+00:00","dateModified":"2025-09-18T10:16:43+00:00","description":"A Sulgen (TG), Livit a lou\u00e9 21 appartements pour la premi\u00e8re occupation pour Homebay AG.","breadcrumb":{"@id":"https:\/\/www.immobilienbusiness.ch\/en\/regionen\/2025-09-15\/sulgen-wohn-neubau-fertiggestellt-und-vermietet\/#breadcrumb"},"inLanguage":"fr-FR","potentialAction":[{"@type":"ReadAction","target":["https:\/\/www.immobilienbusiness.ch\/en\/regionen\/2025-09-15\/sulgen-wohn-neubau-fertiggestellt-und-vermietet\/"]}]},{"@type":"ImageObject","inLanguage":"fr-FR","@id":"https:\/\/www.immobilienbusiness.ch\/en\/regionen\/2025-09-15\/sulgen-wohn-neubau-fertiggestellt-und-vermietet\/#primaryimage","url":"https:\/\/www.immobilienbusiness.ch\/wp-content\/uploads\/2025\/09\/Sulgen-Erstvermietung-Aussenansicht.jpg","contentUrl":"https:\/\/www.immobilienbusiness.ch\/wp-content\/uploads\/2025\/09\/Sulgen-Erstvermietung-Aussenansicht.jpg","width":1200,"height":675,"caption":"Um diese Immobilie der Homebay AG am Ergatenweg in Sulgen geht es (Bild: zVg)"},{"@type":"BreadcrumbList","@id":"https:\/\/www.immobilienbusiness.ch\/en\/regionen\/2025-09-15\/sulgen-wohn-neubau-fertiggestellt-und-vermietet\/#breadcrumb","itemListElement":[{"@type":"ListItem","position":1,"name":"Home","item":"https:\/\/www.immobilienbusiness.ch\/"},{"@type":"ListItem","position":2,"name":"Sulgen: Wohn-Neubau fertiggestellt und vermietet"}]},{"@type":"WebSite","@id":"https:\/\/www.immobilienbusiness.ch\/#website","url":"https:\/\/www.immobilienbusiness.ch\/","name":"IMMOBILIER Business","description":"Magazine \u00e9conomique suisse ind\u00e9pendant ax\u00e9 sur l'immobilier, l'architecture et la construction ainsi que sur les investissements et le financement.","publisher":{"@id":"https:\/\/www.immobilienbusiness.ch\/#organization"},"potentialAction":[{"@type":"SearchAction","target":{"@type":"EntryPoint","urlTemplate":"https:\/\/www.immobilienbusiness.ch\/?s={search_term_string}"},"query-input":{"@type":"PropertyValueSpecification","valueRequired":true,"valueName":"search_term_string"}}],"inLanguage":"fr-FR"},{"@type":"Organization","@id":"https:\/\/www.immobilienbusiness.ch\/#organization","name":"IMMOBILIER Business","url":"https:\/\/www.immobilienbusiness.ch\/","logo":{"@type":"ImageObject","inLanguage":"fr-FR","@id":"https:\/\/www.immobilienbusiness.ch\/#\/schema\/logo\/image\/","url":"https:\/\/www.immobilienbusiness.ch\/wp-content\/uploads\/2021\/07\/logo_ib.png","contentUrl":"https:\/\/www.immobilienbusiness.ch\/wp-content\/uploads\/2021\/07\/logo_ib.png","width":800,"height":181,"caption":"IMMOBILIEN Business"},"image":{"@id":"https:\/\/www.immobilienbusiness.ch\/#\/schema\/logo\/image\/"},"sameAs":["https:\/\/www.facebook.com\/immobilienbusiness\/"]},{"@type":"Person","@id":"https:\/\/www.immobilienbusiness.ch\/#\/schema\/person\/aba8bea2db926aa0c24c08c43fe1fcd5","name":"Alexander Wachter","image":{"@type":"ImageObject","inLanguage":"fr-FR","@id":"https:\/\/secure.gravatar.com\/avatar\/1a09e471f5389b0e0a6416eac287e0927c7c97a7b77f9e787eba3af7aee281dd?s=96&d=mm&r=g","url":"https:\/\/secure.gravatar.com\/avatar\/1a09e471f5389b0e0a6416eac287e0927c7c97a7b77f9e787eba3af7aee281dd?s=96&d=mm&r=g","contentUrl":"https:\/\/secure.gravatar.com\/avatar\/1a09e471f5389b0e0a6416eac287e0927c7c97a7b77f9e787eba3af7aee281dd?s=96&d=mm&r=g","caption":"Alexander Wachter"},"url":"https:\/\/www.immobilienbusiness.ch\/fr\/author\/alexander-wachter\/"}]}},"_links":{"self":[{"href":"https:\/\/www.immobilienbusiness.ch\/fr\/wp-json\/wp\/v2\/posts\/65387","targetHints":{"allow":["GET"]}}],"collection":[{"href":"https:\/\/www.immobilienbusiness.ch\/fr\/wp-json\/wp\/v2\/posts"}],"about":[{"href":"https:\/\/www.immobilienbusiness.ch\/fr\/wp-json\/wp\/v2\/types\/post"}],"author":[{"embeddable":true,"href":"https:\/\/www.immobilienbusiness.ch\/fr\/wp-json\/wp\/v2\/users\/102"}],"replies":[{"embeddable":true,"href":"https:\/\/www.immobilienbusiness.ch\/fr\/wp-json\/wp\/v2\/comments?post=65387"}],"version-history":[{"count":1,"href":"https:\/\/www.immobilienbusiness.ch\/fr\/wp-json\/wp\/v2\/posts\/65387\/revisions"}],"predecessor-version":[{"id":65389,"href":"https:\/\/www.immobilienbusiness.ch\/fr\/wp-json\/wp\/v2\/posts\/65387\/revisions\/65389"}],"wp:featuredmedia":[{"embeddable":true,"href":"https:\/\/www.immobilienbusiness.ch\/fr\/wp-json\/wp\/v2\/media\/65388"}],"wp:attachment":[{"href":"https:\/\/www.immobilienbusiness.ch\/fr\/wp-json\/wp\/v2\/media?parent=65387"}],"wp:term":[{"taxonomy":"category","embeddable":true,"href":"https:\/\/www.immobilienbusiness.ch\/fr\/wp-json\/wp\/v2\/categories?post=65387"},{"taxonomy":"post_tag","embeddable":true,"href":"https:\/\/www.immobilienbusiness.ch\/fr\/wp-json\/wp\/v2\/tags?post=65387"}],"curies":[{"name":"wp","href":"https:\/\/api.w.org\/{rel}","templated":true}]}}