{"id":65322,"date":"2025-09-12T02:59:01","date_gmt":"2025-09-12T00:59:01","guid":{"rendered":"https:\/\/www.immobilienbusiness.ch\/?p=65322"},"modified":"2025-09-18T12:21:34","modified_gmt":"2025-09-18T10:21:34","slug":"suisse-romande-property-fund-erloese-im-halbjahr-leicht-gestiegen","status":"publish","type":"post","link":"https:\/\/www.immobilienbusiness.ch\/fr\/unternehmen\/2025-09-12\/suisse-romande-property-fund-erloese-im-halbjahr-leicht-gestiegen\/","title":{"rendered":"Suisse Romande Property Fund : l\u00e9g\u00e8re hausse des revenus au cours du semestre"},"content":{"rendered":"<figure id=\"attachment_65323\" aria-describedby=\"caption-attachment-65323\" style=\"width: 1000px\" class=\"wp-caption alignnone\"><a href=\"https:\/\/www.immobilienbusiness.ch\/wp-content\/uploads\/2025\/09\/Geschaeftsbericht.jpg\"><img loading=\"lazy\" decoding=\"async\" class=\"size-full wp-image-65323\" src=\"https:\/\/www.immobilienbusiness.ch\/wp-content\/uploads\/2025\/09\/Geschaeftsbericht.jpg\" alt=\"\" width=\"1000\" height=\"667\" srcset=\"https:\/\/www.immobilienbusiness.ch\/wp-content\/uploads\/2025\/09\/Geschaeftsbericht.jpg 1000w, https:\/\/www.immobilienbusiness.ch\/wp-content\/uploads\/2025\/09\/Geschaeftsbericht-300x200.jpg 300w, https:\/\/www.immobilienbusiness.ch\/wp-content\/uploads\/2025\/09\/Geschaeftsbericht-768x512.jpg 768w, https:\/\/www.immobilienbusiness.ch\/wp-content\/uploads\/2025\/09\/Geschaeftsbericht-18x12.jpg 18w, https:\/\/www.immobilienbusiness.ch\/wp-content\/uploads\/2025\/09\/Geschaeftsbericht-375x250.jpg 375w, https:\/\/www.immobilienbusiness.ch\/wp-content\/uploads\/2025\/09\/Geschaeftsbericht-525x350.jpg 525w\" sizes=\"auto, (max-width: 1000px) 100vw, 1000px\" \/><\/a><figcaption id=\"caption-attachment-65323\" class=\"wp-caption-text\">Le Suisse Romande Property Fund a publi\u00e9 ses r\u00e9sultats semestriels (Image : Depositphotos)<\/figcaption><\/figure>\n<p>Le Suisse Romande Property Fund (SRPF) a cl\u00f4tur\u00e9 le premier semestre 2025 avec un r\u00e9sultat net de 3,65 millions de CHF (ann\u00e9e pr\u00e9c\u00e9dente : 3,9 millions). Le r\u00e9sultat total, y compris la r\u00e9\u00e9valuation, s'est am\u00e9lior\u00e9 de 1,7 million \u00e0 7,9 millions de CHF. Au cours du semestre, la valeur v\u00e9nale du portefeuille a augment\u00e9 de 2,7% pour atteindre 406,4 millions de CHF. Cette hausse est due aux investissements r\u00e9alis\u00e9s et \u00e0 la relocation de surfaces vacantes, indique la direction du fonds. Les recettes totales ont augment\u00e9 de 1,7 % pour atteindre 9,2 millions de CHF. Le taux de vacance du portefeuille a baiss\u00e9 en un an de 7,0 \u00e0 5,2%.<\/p>\n<p>En juin 2025, SRPF a sign\u00e9 la vente \u00e0 terme de l'immeuble commercial Mouille-Galand 5 \u00e0 Vernier (GE), selon le communiqu\u00e9. La transaction a pris effet le 15 ao\u00fbt et a g\u00e9n\u00e9r\u00e9 une plus-value de plus de 3,5 millions de CHF, selon les informations fournies. \"Le produit de cette vente sera utilis\u00e9 pour des acquisitions d'immeubles r\u00e9sidentiels en cours de n\u00e9gociation\", \u00e9crit le fonds.<\/p>\n<h3>L'accent est mis sur l'immobilier r\u00e9sidentiel<\/h3>\n<p>Le fonds veut se recentrer sur l'immobilier r\u00e9sidentiel et vise pour cela une part de 75 % d'immeubles r\u00e9sidentiels et mixtes d'ici fin 2026. \"Le fonds entre ainsi dans une nouvelle phase, marqu\u00e9e par la croissance et ax\u00e9e sur la cr\u00e9ation de valeur et la durabilit\u00e9\", est-il pr\u00e9cis\u00e9.<\/p>","protected":false},"excerpt":{"rendered":"<p>Le fonds enregistre une augmentation de 1,7% des recettes totales, qui s'\u00e9l\u00e8vent \u00e0 9,2 millions de CHF. Les recettes nettes ont l\u00e9g\u00e8rement diminu\u00e9.<\/p>","protected":false},"author":102,"featured_media":65323,"comment_status":"closed","ping_status":"closed","sticky":false,"template":"","format":"standard","meta":{"_acf_changed":false,"_yoast_wpseo_focuskw":"srpf","_yoast_wpseo_title":"","_yoast_wpseo_metadesc":"Der Fonds verzeichnet einen Zuwachs der Gesamteinnahmen um 1,7% auf 9,2 Mio. CHF. Der Nettoertrag ist leicht gesunken.","_yoast_wpseo_linkdex":62,"pgc_sgb_lightbox_settings":"","footnotes":""},"categories":[988],"tags":[1290,1344,2864],"class_list":["post-65322","post","type-post","status-publish","format-standard","has-post-thumbnail","hentry","category-unternehmen","tag-halbjahresergebnis","tag-immobilienfonds","tag-suisse-romande-property-fund-srpf"],"acf":[],"yoast_head":"<!-- This site is optimized with the Yoast SEO plugin v27.5 - https:\/\/yoast.com\/product\/yoast-seo-wordpress\/ -->\n<title>Suisse Romande Property Fund: Erl\u00f6se im Halbjahr leicht gestiegen - IMMOBILIEN Business<\/title>\n<meta name=\"description\" content=\"Der Fonds verzeichnet einen Zuwachs der Gesamteinnahmen um 1,7% auf 9,2 Mio. CHF. Der Nettoertrag ist leicht gesunken.\" \/>\n<meta name=\"robots\" content=\"index, follow, max-snippet:-1, max-image-preview:large, max-video-preview:-1\" \/>\n<link rel=\"canonical\" href=\"https:\/\/www.immobilienbusiness.ch\/fr\/unternehmen\/2025-09-12\/suisse-romande-property-fund-erloese-im-halbjahr-leicht-gestiegen\/\" \/>\n<meta property=\"og:locale\" content=\"fr_FR\" \/>\n<meta property=\"og:type\" content=\"article\" \/>\n<meta property=\"og:title\" content=\"Suisse Romande Property Fund: Erl\u00f6se im Halbjahr leicht gestiegen - IMMOBILIEN Business\" \/>\n<meta property=\"og:description\" content=\"Der Fonds verzeichnet einen Zuwachs der Gesamteinnahmen um 1,7% auf 9,2 Mio. CHF. Der Nettoertrag ist leicht gesunken.\" \/>\n<meta property=\"og:url\" content=\"https:\/\/www.immobilienbusiness.ch\/fr\/unternehmen\/2025-09-12\/suisse-romande-property-fund-erloese-im-halbjahr-leicht-gestiegen\/\" \/>\n<meta property=\"og:site_name\" content=\"IMMOBILIEN Business\" \/>\n<meta property=\"article:publisher\" content=\"https:\/\/www.facebook.com\/immobilienbusiness\/\" \/>\n<meta property=\"article:published_time\" content=\"2025-09-12T00:59:01+00:00\" \/>\n<meta property=\"article:modified_time\" content=\"2025-09-18T10:21:34+00:00\" \/>\n<meta property=\"og:image\" content=\"https:\/\/www.immobilienbusiness.ch\/wp-content\/uploads\/2025\/09\/Geschaeftsbericht.jpg\" \/>\n\t<meta property=\"og:image:width\" content=\"1000\" \/>\n\t<meta property=\"og:image:height\" content=\"667\" \/>\n\t<meta property=\"og:image:type\" content=\"image\/jpeg\" \/>\n<meta name=\"author\" content=\"Alexander Wachter\" \/>\n<meta name=\"twitter:card\" content=\"summary_large_image\" \/>\n<script type=\"application\/ld+json\" class=\"yoast-schema-graph\">{\"@context\":\"https:\\\/\\\/schema.org\",\"@graph\":[{\"@type\":\"Article\",\"@id\":\"https:\\\/\\\/www.immobilienbusiness.ch\\\/de\\\/unternehmen\\\/2025-09-12\\\/suisse-romande-property-fund-erloese-im-halbjahr-leicht-gestiegen\\\/#article\",\"isPartOf\":{\"@id\":\"https:\\\/\\\/www.immobilienbusiness.ch\\\/de\\\/unternehmen\\\/2025-09-12\\\/suisse-romande-property-fund-erloese-im-halbjahr-leicht-gestiegen\\\/\"},\"author\":{\"name\":\"Alexander Wachter\",\"@id\":\"https:\\\/\\\/www.immobilienbusiness.ch\\\/#\\\/schema\\\/person\\\/aba8bea2db926aa0c24c08c43fe1fcd5\"},\"headline\":\"Suisse Romande Property Fund: Erl\u00f6se im Halbjahr leicht gestiegen\",\"datePublished\":\"2025-09-12T00:59:01+00:00\",\"dateModified\":\"2025-09-18T10:21:34+00:00\",\"mainEntityOfPage\":{\"@id\":\"https:\\\/\\\/www.immobilienbusiness.ch\\\/de\\\/unternehmen\\\/2025-09-12\\\/suisse-romande-property-fund-erloese-im-halbjahr-leicht-gestiegen\\\/\"},\"wordCount\":211,\"publisher\":{\"@id\":\"https:\\\/\\\/www.immobilienbusiness.ch\\\/#organization\"},\"image\":{\"@id\":\"https:\\\/\\\/www.immobilienbusiness.ch\\\/de\\\/unternehmen\\\/2025-09-12\\\/suisse-romande-property-fund-erloese-im-halbjahr-leicht-gestiegen\\\/#primaryimage\"},\"thumbnailUrl\":\"https:\\\/\\\/www.immobilienbusiness.ch\\\/wp-content\\\/uploads\\\/2025\\\/09\\\/Geschaeftsbericht.jpg\",\"keywords\":[\"Halbjahresergebnis\",\"Immobilienfonds\",\"Suisse Romande Property Fund (SRPF)\"],\"articleSection\":[\"UNTERNEHMEN\"],\"inLanguage\":\"fr-FR\"},{\"@type\":\"WebPage\",\"@id\":\"https:\\\/\\\/www.immobilienbusiness.ch\\\/de\\\/unternehmen\\\/2025-09-12\\\/suisse-romande-property-fund-erloese-im-halbjahr-leicht-gestiegen\\\/\",\"url\":\"https:\\\/\\\/www.immobilienbusiness.ch\\\/de\\\/unternehmen\\\/2025-09-12\\\/suisse-romande-property-fund-erloese-im-halbjahr-leicht-gestiegen\\\/\",\"name\":\"Suisse Romande Property Fund: Erl\u00f6se im Halbjahr leicht gestiegen - IMMOBILIEN Business\",\"isPartOf\":{\"@id\":\"https:\\\/\\\/www.immobilienbusiness.ch\\\/#website\"},\"primaryImageOfPage\":{\"@id\":\"https:\\\/\\\/www.immobilienbusiness.ch\\\/de\\\/unternehmen\\\/2025-09-12\\\/suisse-romande-property-fund-erloese-im-halbjahr-leicht-gestiegen\\\/#primaryimage\"},\"image\":{\"@id\":\"https:\\\/\\\/www.immobilienbusiness.ch\\\/de\\\/unternehmen\\\/2025-09-12\\\/suisse-romande-property-fund-erloese-im-halbjahr-leicht-gestiegen\\\/#primaryimage\"},\"thumbnailUrl\":\"https:\\\/\\\/www.immobilienbusiness.ch\\\/wp-content\\\/uploads\\\/2025\\\/09\\\/Geschaeftsbericht.jpg\",\"datePublished\":\"2025-09-12T00:59:01+00:00\",\"dateModified\":\"2025-09-18T10:21:34+00:00\",\"description\":\"Der Fonds verzeichnet einen Zuwachs der Gesamteinnahmen um 1,7% auf 9,2 Mio. CHF. Der Nettoertrag ist leicht gesunken.\",\"breadcrumb\":{\"@id\":\"https:\\\/\\\/www.immobilienbusiness.ch\\\/de\\\/unternehmen\\\/2025-09-12\\\/suisse-romande-property-fund-erloese-im-halbjahr-leicht-gestiegen\\\/#breadcrumb\"},\"inLanguage\":\"fr-FR\",\"potentialAction\":[{\"@type\":\"ReadAction\",\"target\":[\"https:\\\/\\\/www.immobilienbusiness.ch\\\/de\\\/unternehmen\\\/2025-09-12\\\/suisse-romande-property-fund-erloese-im-halbjahr-leicht-gestiegen\\\/\"]}]},{\"@type\":\"ImageObject\",\"inLanguage\":\"fr-FR\",\"@id\":\"https:\\\/\\\/www.immobilienbusiness.ch\\\/de\\\/unternehmen\\\/2025-09-12\\\/suisse-romande-property-fund-erloese-im-halbjahr-leicht-gestiegen\\\/#primaryimage\",\"url\":\"https:\\\/\\\/www.immobilienbusiness.ch\\\/wp-content\\\/uploads\\\/2025\\\/09\\\/Geschaeftsbericht.jpg\",\"contentUrl\":\"https:\\\/\\\/www.immobilienbusiness.ch\\\/wp-content\\\/uploads\\\/2025\\\/09\\\/Geschaeftsbericht.jpg\",\"width\":1000,\"height\":667,\"caption\":\"Die Anlagegruppe hat Zahlen f\u00fcr das abgelaufene Quartal pr\u00e4sentiert (Bild: Depositphotos)\"},{\"@type\":\"BreadcrumbList\",\"@id\":\"https:\\\/\\\/www.immobilienbusiness.ch\\\/de\\\/unternehmen\\\/2025-09-12\\\/suisse-romande-property-fund-erloese-im-halbjahr-leicht-gestiegen\\\/#breadcrumb\",\"itemListElement\":[{\"@type\":\"ListItem\",\"position\":1,\"name\":\"Home\",\"item\":\"https:\\\/\\\/www.immobilienbusiness.ch\\\/\"},{\"@type\":\"ListItem\",\"position\":2,\"name\":\"Suisse Romande Property Fund: Erl\u00f6se im Halbjahr leicht gestiegen\"}]},{\"@type\":\"WebSite\",\"@id\":\"https:\\\/\\\/www.immobilienbusiness.ch\\\/#website\",\"url\":\"https:\\\/\\\/www.immobilienbusiness.ch\\\/\",\"name\":\"IMMOBILIEN Business\",\"description\":\"Unabh\u00e4ngiges Schweizer Wirtschaftsmagazin mit Fokus auf Immobilien, Architektur- und Bau sowie Investment- und Finanzierung.\",\"publisher\":{\"@id\":\"https:\\\/\\\/www.immobilienbusiness.ch\\\/#organization\"},\"potentialAction\":[{\"@type\":\"SearchAction\",\"target\":{\"@type\":\"EntryPoint\",\"urlTemplate\":\"https:\\\/\\\/www.immobilienbusiness.ch\\\/?s={search_term_string}\"},\"query-input\":{\"@type\":\"PropertyValueSpecification\",\"valueRequired\":true,\"valueName\":\"search_term_string\"}}],\"inLanguage\":\"fr-FR\"},{\"@type\":\"Organization\",\"@id\":\"https:\\\/\\\/www.immobilienbusiness.ch\\\/#organization\",\"name\":\"IMMOBILIEN Business\",\"url\":\"https:\\\/\\\/www.immobilienbusiness.ch\\\/\",\"logo\":{\"@type\":\"ImageObject\",\"inLanguage\":\"fr-FR\",\"@id\":\"https:\\\/\\\/www.immobilienbusiness.ch\\\/#\\\/schema\\\/logo\\\/image\\\/\",\"url\":\"https:\\\/\\\/www.immobilienbusiness.ch\\\/wp-content\\\/uploads\\\/2021\\\/07\\\/logo_ib.png\",\"contentUrl\":\"https:\\\/\\\/www.immobilienbusiness.ch\\\/wp-content\\\/uploads\\\/2021\\\/07\\\/logo_ib.png\",\"width\":800,\"height\":181,\"caption\":\"IMMOBILIEN Business\"},\"image\":{\"@id\":\"https:\\\/\\\/www.immobilienbusiness.ch\\\/#\\\/schema\\\/logo\\\/image\\\/\"},\"sameAs\":[\"https:\\\/\\\/www.facebook.com\\\/immobilienbusiness\\\/\"]},{\"@type\":\"Person\",\"@id\":\"https:\\\/\\\/www.immobilienbusiness.ch\\\/#\\\/schema\\\/person\\\/aba8bea2db926aa0c24c08c43fe1fcd5\",\"name\":\"Alexander Wachter\",\"image\":{\"@type\":\"ImageObject\",\"inLanguage\":\"fr-FR\",\"@id\":\"https:\\\/\\\/secure.gravatar.com\\\/avatar\\\/1a09e471f5389b0e0a6416eac287e0927c7c97a7b77f9e787eba3af7aee281dd?s=96&d=mm&r=g\",\"url\":\"https:\\\/\\\/secure.gravatar.com\\\/avatar\\\/1a09e471f5389b0e0a6416eac287e0927c7c97a7b77f9e787eba3af7aee281dd?s=96&d=mm&r=g\",\"contentUrl\":\"https:\\\/\\\/secure.gravatar.com\\\/avatar\\\/1a09e471f5389b0e0a6416eac287e0927c7c97a7b77f9e787eba3af7aee281dd?s=96&d=mm&r=g\",\"caption\":\"Alexander Wachter\"},\"url\":\"https:\\\/\\\/www.immobilienbusiness.ch\\\/fr\\\/author\\\/alexander-wachter\\\/\"}]}<\/script>\n<!-- \/ Yoast SEO plugin. -->","yoast_head_json":{"title":"Suisse Romande Property Fund : revenus en l\u00e9g\u00e8re hausse au semestre - IMMOBILIER Business","description":"Le fonds enregistre une augmentation de 1,7% des recettes totales, qui s'\u00e9l\u00e8vent \u00e0 9,2 millions de CHF. Les recettes nettes ont l\u00e9g\u00e8rement diminu\u00e9.","robots":{"index":"index","follow":"follow","max-snippet":"max-snippet:-1","max-image-preview":"max-image-preview:large","max-video-preview":"max-video-preview:-1"},"canonical":"https:\/\/www.immobilienbusiness.ch\/fr\/unternehmen\/2025-09-12\/suisse-romande-property-fund-erloese-im-halbjahr-leicht-gestiegen\/","og_locale":"fr_FR","og_type":"article","og_title":"Suisse Romande Property Fund: Erl\u00f6se im Halbjahr leicht gestiegen - IMMOBILIEN Business","og_description":"Der Fonds verzeichnet einen Zuwachs der Gesamteinnahmen um 1,7% auf 9,2 Mio. CHF. Der Nettoertrag ist leicht gesunken.","og_url":"https:\/\/www.immobilienbusiness.ch\/fr\/unternehmen\/2025-09-12\/suisse-romande-property-fund-erloese-im-halbjahr-leicht-gestiegen\/","og_site_name":"IMMOBILIEN Business","article_publisher":"https:\/\/www.facebook.com\/immobilienbusiness\/","article_published_time":"2025-09-12T00:59:01+00:00","article_modified_time":"2025-09-18T10:21:34+00:00","og_image":[{"width":1000,"height":667,"url":"https:\/\/www.immobilienbusiness.ch\/wp-content\/uploads\/2025\/09\/Geschaeftsbericht.jpg","type":"image\/jpeg"}],"author":"Alexander Wachter","twitter_card":"summary_large_image","schema":{"@context":"https:\/\/schema.org","@graph":[{"@type":"Article","@id":"https:\/\/www.immobilienbusiness.ch\/de\/unternehmen\/2025-09-12\/suisse-romande-property-fund-erloese-im-halbjahr-leicht-gestiegen\/#article","isPartOf":{"@id":"https:\/\/www.immobilienbusiness.ch\/de\/unternehmen\/2025-09-12\/suisse-romande-property-fund-erloese-im-halbjahr-leicht-gestiegen\/"},"author":{"name":"Alexander Wachter","@id":"https:\/\/www.immobilienbusiness.ch\/#\/schema\/person\/aba8bea2db926aa0c24c08c43fe1fcd5"},"headline":"Suisse Romande Property Fund: Erl\u00f6se im Halbjahr leicht gestiegen","datePublished":"2025-09-12T00:59:01+00:00","dateModified":"2025-09-18T10:21:34+00:00","mainEntityOfPage":{"@id":"https:\/\/www.immobilienbusiness.ch\/de\/unternehmen\/2025-09-12\/suisse-romande-property-fund-erloese-im-halbjahr-leicht-gestiegen\/"},"wordCount":211,"publisher":{"@id":"https:\/\/www.immobilienbusiness.ch\/#organization"},"image":{"@id":"https:\/\/www.immobilienbusiness.ch\/de\/unternehmen\/2025-09-12\/suisse-romande-property-fund-erloese-im-halbjahr-leicht-gestiegen\/#primaryimage"},"thumbnailUrl":"https:\/\/www.immobilienbusiness.ch\/wp-content\/uploads\/2025\/09\/Geschaeftsbericht.jpg","keywords":["Halbjahresergebnis","Immobilienfonds","Suisse Romande Property Fund (SRPF)"],"articleSection":["UNTERNEHMEN"],"inLanguage":"fr-FR"},{"@type":"WebPage","@id":"https:\/\/www.immobilienbusiness.ch\/de\/unternehmen\/2025-09-12\/suisse-romande-property-fund-erloese-im-halbjahr-leicht-gestiegen\/","url":"https:\/\/www.immobilienbusiness.ch\/de\/unternehmen\/2025-09-12\/suisse-romande-property-fund-erloese-im-halbjahr-leicht-gestiegen\/","name":"Suisse Romande Property Fund : revenus en l\u00e9g\u00e8re hausse au semestre - IMMOBILIER Business","isPartOf":{"@id":"https:\/\/www.immobilienbusiness.ch\/#website"},"primaryImageOfPage":{"@id":"https:\/\/www.immobilienbusiness.ch\/de\/unternehmen\/2025-09-12\/suisse-romande-property-fund-erloese-im-halbjahr-leicht-gestiegen\/#primaryimage"},"image":{"@id":"https:\/\/www.immobilienbusiness.ch\/de\/unternehmen\/2025-09-12\/suisse-romande-property-fund-erloese-im-halbjahr-leicht-gestiegen\/#primaryimage"},"thumbnailUrl":"https:\/\/www.immobilienbusiness.ch\/wp-content\/uploads\/2025\/09\/Geschaeftsbericht.jpg","datePublished":"2025-09-12T00:59:01+00:00","dateModified":"2025-09-18T10:21:34+00:00","description":"Le fonds enregistre une augmentation de 1,7% des recettes totales, qui s'\u00e9l\u00e8vent \u00e0 9,2 millions de CHF. Les recettes nettes ont l\u00e9g\u00e8rement diminu\u00e9.","breadcrumb":{"@id":"https:\/\/www.immobilienbusiness.ch\/de\/unternehmen\/2025-09-12\/suisse-romande-property-fund-erloese-im-halbjahr-leicht-gestiegen\/#breadcrumb"},"inLanguage":"fr-FR","potentialAction":[{"@type":"ReadAction","target":["https:\/\/www.immobilienbusiness.ch\/de\/unternehmen\/2025-09-12\/suisse-romande-property-fund-erloese-im-halbjahr-leicht-gestiegen\/"]}]},{"@type":"ImageObject","inLanguage":"fr-FR","@id":"https:\/\/www.immobilienbusiness.ch\/de\/unternehmen\/2025-09-12\/suisse-romande-property-fund-erloese-im-halbjahr-leicht-gestiegen\/#primaryimage","url":"https:\/\/www.immobilienbusiness.ch\/wp-content\/uploads\/2025\/09\/Geschaeftsbericht.jpg","contentUrl":"https:\/\/www.immobilienbusiness.ch\/wp-content\/uploads\/2025\/09\/Geschaeftsbericht.jpg","width":1000,"height":667,"caption":"Die Anlagegruppe hat Zahlen f\u00fcr das abgelaufene Quartal pr\u00e4sentiert (Bild: Depositphotos)"},{"@type":"BreadcrumbList","@id":"https:\/\/www.immobilienbusiness.ch\/de\/unternehmen\/2025-09-12\/suisse-romande-property-fund-erloese-im-halbjahr-leicht-gestiegen\/#breadcrumb","itemListElement":[{"@type":"ListItem","position":1,"name":"Home","item":"https:\/\/www.immobilienbusiness.ch\/"},{"@type":"ListItem","position":2,"name":"Suisse Romande Property Fund: Erl\u00f6se im Halbjahr leicht gestiegen"}]},{"@type":"WebSite","@id":"https:\/\/www.immobilienbusiness.ch\/#website","url":"https:\/\/www.immobilienbusiness.ch\/","name":"IMMOBILIER Business","description":"Magazine \u00e9conomique suisse ind\u00e9pendant ax\u00e9 sur l'immobilier, l'architecture et la construction ainsi que sur les investissements et le financement.","publisher":{"@id":"https:\/\/www.immobilienbusiness.ch\/#organization"},"potentialAction":[{"@type":"SearchAction","target":{"@type":"EntryPoint","urlTemplate":"https:\/\/www.immobilienbusiness.ch\/?s={search_term_string}"},"query-input":{"@type":"PropertyValueSpecification","valueRequired":true,"valueName":"search_term_string"}}],"inLanguage":"fr-FR"},{"@type":"Organization","@id":"https:\/\/www.immobilienbusiness.ch\/#organization","name":"IMMOBILIER Business","url":"https:\/\/www.immobilienbusiness.ch\/","logo":{"@type":"ImageObject","inLanguage":"fr-FR","@id":"https:\/\/www.immobilienbusiness.ch\/#\/schema\/logo\/image\/","url":"https:\/\/www.immobilienbusiness.ch\/wp-content\/uploads\/2021\/07\/logo_ib.png","contentUrl":"https:\/\/www.immobilienbusiness.ch\/wp-content\/uploads\/2021\/07\/logo_ib.png","width":800,"height":181,"caption":"IMMOBILIEN Business"},"image":{"@id":"https:\/\/www.immobilienbusiness.ch\/#\/schema\/logo\/image\/"},"sameAs":["https:\/\/www.facebook.com\/immobilienbusiness\/"]},{"@type":"Person","@id":"https:\/\/www.immobilienbusiness.ch\/#\/schema\/person\/aba8bea2db926aa0c24c08c43fe1fcd5","name":"Alexander Wachter","image":{"@type":"ImageObject","inLanguage":"fr-FR","@id":"https:\/\/secure.gravatar.com\/avatar\/1a09e471f5389b0e0a6416eac287e0927c7c97a7b77f9e787eba3af7aee281dd?s=96&d=mm&r=g","url":"https:\/\/secure.gravatar.com\/avatar\/1a09e471f5389b0e0a6416eac287e0927c7c97a7b77f9e787eba3af7aee281dd?s=96&d=mm&r=g","contentUrl":"https:\/\/secure.gravatar.com\/avatar\/1a09e471f5389b0e0a6416eac287e0927c7c97a7b77f9e787eba3af7aee281dd?s=96&d=mm&r=g","caption":"Alexander Wachter"},"url":"https:\/\/www.immobilienbusiness.ch\/fr\/author\/alexander-wachter\/"}]}},"_links":{"self":[{"href":"https:\/\/www.immobilienbusiness.ch\/fr\/wp-json\/wp\/v2\/posts\/65322","targetHints":{"allow":["GET"]}}],"collection":[{"href":"https:\/\/www.immobilienbusiness.ch\/fr\/wp-json\/wp\/v2\/posts"}],"about":[{"href":"https:\/\/www.immobilienbusiness.ch\/fr\/wp-json\/wp\/v2\/types\/post"}],"author":[{"embeddable":true,"href":"https:\/\/www.immobilienbusiness.ch\/fr\/wp-json\/wp\/v2\/users\/102"}],"replies":[{"embeddable":true,"href":"https:\/\/www.immobilienbusiness.ch\/fr\/wp-json\/wp\/v2\/comments?post=65322"}],"version-history":[{"count":1,"href":"https:\/\/www.immobilienbusiness.ch\/fr\/wp-json\/wp\/v2\/posts\/65322\/revisions"}],"predecessor-version":[{"id":65324,"href":"https:\/\/www.immobilienbusiness.ch\/fr\/wp-json\/wp\/v2\/posts\/65322\/revisions\/65324"}],"wp:featuredmedia":[{"embeddable":true,"href":"https:\/\/www.immobilienbusiness.ch\/fr\/wp-json\/wp\/v2\/media\/65323"}],"wp:attachment":[{"href":"https:\/\/www.immobilienbusiness.ch\/fr\/wp-json\/wp\/v2\/media?parent=65322"}],"wp:term":[{"taxonomy":"category","embeddable":true,"href":"https:\/\/www.immobilienbusiness.ch\/fr\/wp-json\/wp\/v2\/categories?post=65322"},{"taxonomy":"post_tag","embeddable":true,"href":"https:\/\/www.immobilienbusiness.ch\/fr\/wp-json\/wp\/v2\/tags?post=65322"}],"curies":[{"name":"wp","href":"https:\/\/api.w.org\/{rel}","templated":true}]}}