{"id":65075,"date":"2025-08-26T08:45:34","date_gmt":"2025-08-26T06:45:34","guid":{"rendered":"https:\/\/www.immobilienbusiness.ch\/?p=65075"},"modified":"2025-08-28T13:53:05","modified_gmt":"2025-08-28T11:53:05","slug":"warteck-invest-erhoeht-den-gewinn","status":"publish","type":"post","link":"https:\/\/www.immobilienbusiness.ch\/fr\/unternehmen\/2025-08-26\/warteck-invest-erhoeht-den-gewinn\/","title":{"rendered":"Warteck Invest augmente son b\u00e9n\u00e9fice"},"content":{"rendered":"<figure id=\"attachment_64317\" aria-describedby=\"caption-attachment-64317\" style=\"width: 768px\" class=\"wp-caption alignnone\"><a href=\"https:\/\/www.immobilienbusiness.ch\/wp-content\/uploads\/2025\/07\/Tiglio-Buchs.png\"><img loading=\"lazy\" decoding=\"async\" class=\"size-large wp-image-64317\" src=\"https:\/\/www.immobilienbusiness.ch\/wp-content\/uploads\/2025\/07\/Tiglio-Buchs-1024x663.png\" alt=\"\" width=\"768\" height=\"497\" srcset=\"https:\/\/www.immobilienbusiness.ch\/wp-content\/uploads\/2025\/07\/Tiglio-Buchs-1024x663.png 1024w, https:\/\/www.immobilienbusiness.ch\/wp-content\/uploads\/2025\/07\/Tiglio-Buchs-300x194.png 300w, https:\/\/www.immobilienbusiness.ch\/wp-content\/uploads\/2025\/07\/Tiglio-Buchs-768x497.png 768w, https:\/\/www.immobilienbusiness.ch\/wp-content\/uploads\/2025\/07\/Tiglio-Buchs-18x12.png 18w, https:\/\/www.immobilienbusiness.ch\/wp-content\/uploads\/2025\/07\/Tiglio-Buchs-375x243.png 375w, https:\/\/www.immobilienbusiness.ch\/wp-content\/uploads\/2025\/07\/Tiglio-Buchs-541x350.png 541w, https:\/\/www.immobilienbusiness.ch\/wp-content\/uploads\/2025\/07\/Tiglio-Buchs-1000x647.png 1000w, https:\/\/www.immobilienbusiness.ch\/wp-content\/uploads\/2025\/07\/Tiglio-Buchs.png 1097w\" sizes=\"auto, (max-width: 768px) 100vw, 768px\" \/><\/a><figcaption id=\"caption-attachment-64317\" class=\"wp-caption-text\">Un des projets actuels de Warteck Invest : le projet de conversion \"Tiglio\" \u00e0 Buchs AG (Visualisation : Warteck)<\/figcaption><\/figure>\n<p>Gr\u00e2ce \u00e0 une nette am\u00e9lioration du r\u00e9sultat d'\u00e9valuation, Warteck Invest a pu augmenter de mani\u00e8re significative le b\u00e9n\u00e9fice du groupe au premier semestre 2025. Celui-ci a augment\u00e9 de 146,7% par rapport \u00e0 la m\u00eame p\u00e9riode de l'ann\u00e9e pr\u00e9c\u00e9dente pour atteindre 19,8 millions de CHF. Alors qu'au premier semestre 2024, les immeubles avaient encore \u00e9t\u00e9 d\u00e9valu\u00e9s de 3,8 millions de CHF, ils ont maintenant \u00e9t\u00e9 r\u00e9\u00e9valu\u00e9s de 8,4 millions de CHF. Sans tenir compte du r\u00e9sultat de l'\u00e9valuation, le b\u00e9n\u00e9fice semestriel s'est \u00e9lev\u00e9 \u00e0 12,8 millions, d\u00e9passant tout de m\u00eame l'ann\u00e9e pr\u00e9c\u00e9dente de 14,4%. Le r\u00e9sultat op\u00e9rationnel avant imp\u00f4ts et int\u00e9r\u00eats (EBIT), hors r\u00e9\u00e9valuation, n'a cependant \u00e9t\u00e9 que l\u00e9g\u00e8rement sup\u00e9rieur (+1,1%) \u00e0 celui de l'ann\u00e9e pr\u00e9c\u00e9dente, avec 17,5 millions de CHF.<\/p>\n<p>Le portefeuille immobilier n'a pas connu de changement au cours du premier semestre et pr\u00e9sentait une valeur de march\u00e9 de 1,05 milliard de CHF \u00e0 la date de cl\u00f4ture du bilan (+1,5%). Malgr\u00e9 un portefeuille inchang\u00e9 et un taux d'int\u00e9r\u00eat de r\u00e9f\u00e9rence en baisse, les revenus locatifs th\u00e9oriques ont augment\u00e9 de 2,0 %. Cette augmentation est principalement due aux ajustements d'indices de l'ann\u00e9e pr\u00e9c\u00e9dente ainsi qu'aux locations. Les taux d'inoccupation et les pertes de revenus sont rest\u00e9s \u00e0 un niveau bas, de sorte que les revenus locatifs r\u00e9els ont augment\u00e9 de 2,1% par rapport \u00e0 la m\u00eame p\u00e9riode de l'ann\u00e9e pr\u00e9c\u00e9dente.<\/p>\n<h3>Frais de financement fortement r\u00e9duits<\/h3>\n<p>Les co\u00fbts d'exploitation ont l\u00e9g\u00e8rement augment\u00e9 par rapport \u00e0 l'ann\u00e9e pr\u00e9c\u00e9dente. Les co\u00fbts d'entretien ont \u00e9galement l\u00e9g\u00e8rement augment\u00e9 de 3,4 % - selon Warteck Invest \"dans le cadre de la planification\". Le r\u00e9sultat financier a refl\u00e9t\u00e9 l'augmentation de capital de l'exercice pr\u00e9c\u00e9dent. La baisse du portefeuille de cr\u00e9dits de 474,1 millions de CHF, combin\u00e9e \u00e0 la baisse actuelle des taux d'int\u00e9r\u00eat hypoth\u00e9caires, a entra\u00een\u00e9 une diminution des charges financi\u00e8res de 25 %, soit 3,6 millions de CHF. Le ratio Loan to Value s'\u00e9levait \u00e0 45,1 % \u00e0 la date de cl\u00f4ture du bilan. Le taux d'int\u00e9r\u00eat moyen pond\u00e9r\u00e9 en fonction du capital pay\u00e9 a \u00e9t\u00e9 r\u00e9duit de 1,8% \u00e0 1,6% gr\u00e2ce \u00e0 des conditions de refinancement favorables.<\/p>\n<p>Pour les cinq \u00e0 sept prochaines ann\u00e9es, Warteck Invest dispose d'un pipeline de projets de sur\u00e9l\u00e9vation, de r\u00e9novation et de d\u00e9veloppement de sites d'un volume total d'environ 225 millions de CHF. <em>(aw)<\/em><\/p>\n<p>&nbsp;<\/p>","protected":false},"excerpt":{"rendered":"<p>La tr\u00e8s nette augmentation du b\u00e9n\u00e9fice du groupe est due \u00e0 une am\u00e9lioration du r\u00e9sultat de la r\u00e9\u00e9valuation.<\/p>","protected":false},"author":102,"featured_media":0,"comment_status":"closed","ping_status":"closed","sticky":false,"template":"","format":"standard","meta":{"_acf_changed":false,"_yoast_wpseo_focuskw":"","_yoast_wpseo_title":"","_yoast_wpseo_metadesc":"","_yoast_wpseo_linkdex":0,"pgc_sgb_lightbox_settings":"","footnotes":""},"categories":[988],"tags":[],"class_list":["post-65075","post","type-post","status-publish","format-standard","hentry","category-unternehmen"],"acf":[],"yoast_head":"<!-- This site is optimized with the Yoast SEO plugin v27.4 - https:\/\/yoast.com\/product\/yoast-seo-wordpress\/ -->\n<title>Warteck Invest erh\u00f6ht den Gewinn - IMMOBILIEN Business<\/title>\n<meta name=\"robots\" content=\"index, follow, max-snippet:-1, max-image-preview:large, max-video-preview:-1\" \/>\n<link rel=\"canonical\" href=\"https:\/\/www.immobilienbusiness.ch\/fr\/unternehmen\/2025-08-26\/warteck-invest-erhoeht-den-gewinn\/\" \/>\n<meta property=\"og:locale\" content=\"fr_FR\" \/>\n<meta property=\"og:type\" content=\"article\" \/>\n<meta property=\"og:title\" content=\"Warteck Invest erh\u00f6ht den Gewinn - IMMOBILIEN Business\" \/>\n<meta property=\"og:description\" content=\"Der sehr deutliche Anstieg des Konzerngewinns ist auf ein verbessertes Ergebnis aus Neubewertung zur\u00fcckzuf\u00fchren.\" \/>\n<meta property=\"og:url\" content=\"https:\/\/www.immobilienbusiness.ch\/fr\/unternehmen\/2025-08-26\/warteck-invest-erhoeht-den-gewinn\/\" \/>\n<meta property=\"og:site_name\" content=\"IMMOBILIEN Business\" \/>\n<meta property=\"article:publisher\" content=\"https:\/\/www.facebook.com\/immobilienbusiness\/\" \/>\n<meta property=\"article:published_time\" content=\"2025-08-26T06:45:34+00:00\" \/>\n<meta property=\"article:modified_time\" content=\"2025-08-28T11:53:05+00:00\" \/>\n<meta property=\"og:image\" content=\"https:\/\/www.immobilienbusiness.ch\/wp-content\/uploads\/2025\/07\/Tiglio-Buchs.png\" \/>\n\t<meta property=\"og:image:width\" content=\"1097\" \/>\n\t<meta property=\"og:image:height\" content=\"710\" \/>\n\t<meta property=\"og:image:type\" content=\"image\/png\" \/>\n<meta name=\"author\" content=\"Alexander Wachter\" \/>\n<meta name=\"twitter:card\" content=\"summary_large_image\" \/>\n<script type=\"application\/ld+json\" class=\"yoast-schema-graph\">{\"@context\":\"https:\\\/\\\/schema.org\",\"@graph\":[{\"@type\":\"Article\",\"@id\":\"https:\\\/\\\/www.immobilienbusiness.ch\\\/en\\\/unternehmen\\\/2025-08-26\\\/warteck-invest-erhoeht-den-gewinn\\\/#article\",\"isPartOf\":{\"@id\":\"https:\\\/\\\/www.immobilienbusiness.ch\\\/en\\\/unternehmen\\\/2025-08-26\\\/warteck-invest-erhoeht-den-gewinn\\\/\"},\"author\":{\"name\":\"Alexander Wachter\",\"@id\":\"https:\\\/\\\/www.immobilienbusiness.ch\\\/#\\\/schema\\\/person\\\/aba8bea2db926aa0c24c08c43fe1fcd5\"},\"headline\":\"Warteck Invest erh\u00f6ht den Gewinn\",\"datePublished\":\"2025-08-26T06:45:34+00:00\",\"dateModified\":\"2025-08-28T11:53:05+00:00\",\"mainEntityOfPage\":{\"@id\":\"https:\\\/\\\/www.immobilienbusiness.ch\\\/en\\\/unternehmen\\\/2025-08-26\\\/warteck-invest-erhoeht-den-gewinn\\\/\"},\"wordCount\":299,\"publisher\":{\"@id\":\"https:\\\/\\\/www.immobilienbusiness.ch\\\/#organization\"},\"image\":{\"@id\":\"https:\\\/\\\/www.immobilienbusiness.ch\\\/en\\\/unternehmen\\\/2025-08-26\\\/warteck-invest-erhoeht-den-gewinn\\\/#primaryimage\"},\"thumbnailUrl\":\"https:\\\/\\\/www.immobilienbusiness.ch\\\/wp-content\\\/uploads\\\/2025\\\/07\\\/Tiglio-Buchs-1024x663.png\",\"articleSection\":[\"UNTERNEHMEN\"],\"inLanguage\":\"fr-FR\"},{\"@type\":\"WebPage\",\"@id\":\"https:\\\/\\\/www.immobilienbusiness.ch\\\/en\\\/unternehmen\\\/2025-08-26\\\/warteck-invest-erhoeht-den-gewinn\\\/\",\"url\":\"https:\\\/\\\/www.immobilienbusiness.ch\\\/en\\\/unternehmen\\\/2025-08-26\\\/warteck-invest-erhoeht-den-gewinn\\\/\",\"name\":\"Warteck Invest erh\u00f6ht den Gewinn - IMMOBILIEN Business\",\"isPartOf\":{\"@id\":\"https:\\\/\\\/www.immobilienbusiness.ch\\\/#website\"},\"primaryImageOfPage\":{\"@id\":\"https:\\\/\\\/www.immobilienbusiness.ch\\\/en\\\/unternehmen\\\/2025-08-26\\\/warteck-invest-erhoeht-den-gewinn\\\/#primaryimage\"},\"image\":{\"@id\":\"https:\\\/\\\/www.immobilienbusiness.ch\\\/en\\\/unternehmen\\\/2025-08-26\\\/warteck-invest-erhoeht-den-gewinn\\\/#primaryimage\"},\"thumbnailUrl\":\"https:\\\/\\\/www.immobilienbusiness.ch\\\/wp-content\\\/uploads\\\/2025\\\/07\\\/Tiglio-Buchs-1024x663.png\",\"datePublished\":\"2025-08-26T06:45:34+00:00\",\"dateModified\":\"2025-08-28T11:53:05+00:00\",\"breadcrumb\":{\"@id\":\"https:\\\/\\\/www.immobilienbusiness.ch\\\/en\\\/unternehmen\\\/2025-08-26\\\/warteck-invest-erhoeht-den-gewinn\\\/#breadcrumb\"},\"inLanguage\":\"fr-FR\",\"potentialAction\":[{\"@type\":\"ReadAction\",\"target\":[\"https:\\\/\\\/www.immobilienbusiness.ch\\\/en\\\/unternehmen\\\/2025-08-26\\\/warteck-invest-erhoeht-den-gewinn\\\/\"]}]},{\"@type\":\"ImageObject\",\"inLanguage\":\"fr-FR\",\"@id\":\"https:\\\/\\\/www.immobilienbusiness.ch\\\/en\\\/unternehmen\\\/2025-08-26\\\/warteck-invest-erhoeht-den-gewinn\\\/#primaryimage\",\"url\":\"https:\\\/\\\/www.immobilienbusiness.ch\\\/wp-content\\\/uploads\\\/2025\\\/07\\\/Tiglio-Buchs-1024x663.png\",\"contentUrl\":\"https:\\\/\\\/www.immobilienbusiness.ch\\\/wp-content\\\/uploads\\\/2025\\\/07\\\/Tiglio-Buchs-1024x663.png\"},{\"@type\":\"BreadcrumbList\",\"@id\":\"https:\\\/\\\/www.immobilienbusiness.ch\\\/en\\\/unternehmen\\\/2025-08-26\\\/warteck-invest-erhoeht-den-gewinn\\\/#breadcrumb\",\"itemListElement\":[{\"@type\":\"ListItem\",\"position\":1,\"name\":\"Home\",\"item\":\"https:\\\/\\\/www.immobilienbusiness.ch\\\/\"},{\"@type\":\"ListItem\",\"position\":2,\"name\":\"Warteck Invest erh\u00f6ht den Gewinn\"}]},{\"@type\":\"WebSite\",\"@id\":\"https:\\\/\\\/www.immobilienbusiness.ch\\\/#website\",\"url\":\"https:\\\/\\\/www.immobilienbusiness.ch\\\/\",\"name\":\"IMMOBILIEN Business\",\"description\":\"Unabh\u00e4ngiges Schweizer Wirtschaftsmagazin mit Fokus auf Immobilien, Architektur- und Bau sowie Investment- und Finanzierung.\",\"publisher\":{\"@id\":\"https:\\\/\\\/www.immobilienbusiness.ch\\\/#organization\"},\"potentialAction\":[{\"@type\":\"SearchAction\",\"target\":{\"@type\":\"EntryPoint\",\"urlTemplate\":\"https:\\\/\\\/www.immobilienbusiness.ch\\\/?s={search_term_string}\"},\"query-input\":{\"@type\":\"PropertyValueSpecification\",\"valueRequired\":true,\"valueName\":\"search_term_string\"}}],\"inLanguage\":\"fr-FR\"},{\"@type\":\"Organization\",\"@id\":\"https:\\\/\\\/www.immobilienbusiness.ch\\\/#organization\",\"name\":\"IMMOBILIEN Business\",\"url\":\"https:\\\/\\\/www.immobilienbusiness.ch\\\/\",\"logo\":{\"@type\":\"ImageObject\",\"inLanguage\":\"fr-FR\",\"@id\":\"https:\\\/\\\/www.immobilienbusiness.ch\\\/#\\\/schema\\\/logo\\\/image\\\/\",\"url\":\"https:\\\/\\\/www.immobilienbusiness.ch\\\/wp-content\\\/uploads\\\/2021\\\/07\\\/logo_ib.png\",\"contentUrl\":\"https:\\\/\\\/www.immobilienbusiness.ch\\\/wp-content\\\/uploads\\\/2021\\\/07\\\/logo_ib.png\",\"width\":800,\"height\":181,\"caption\":\"IMMOBILIEN Business\"},\"image\":{\"@id\":\"https:\\\/\\\/www.immobilienbusiness.ch\\\/#\\\/schema\\\/logo\\\/image\\\/\"},\"sameAs\":[\"https:\\\/\\\/www.facebook.com\\\/immobilienbusiness\\\/\"]},{\"@type\":\"Person\",\"@id\":\"https:\\\/\\\/www.immobilienbusiness.ch\\\/#\\\/schema\\\/person\\\/aba8bea2db926aa0c24c08c43fe1fcd5\",\"name\":\"Alexander Wachter\",\"image\":{\"@type\":\"ImageObject\",\"inLanguage\":\"fr-FR\",\"@id\":\"https:\\\/\\\/secure.gravatar.com\\\/avatar\\\/1a09e471f5389b0e0a6416eac287e0927c7c97a7b77f9e787eba3af7aee281dd?s=96&d=mm&r=g\",\"url\":\"https:\\\/\\\/secure.gravatar.com\\\/avatar\\\/1a09e471f5389b0e0a6416eac287e0927c7c97a7b77f9e787eba3af7aee281dd?s=96&d=mm&r=g\",\"contentUrl\":\"https:\\\/\\\/secure.gravatar.com\\\/avatar\\\/1a09e471f5389b0e0a6416eac287e0927c7c97a7b77f9e787eba3af7aee281dd?s=96&d=mm&r=g\",\"caption\":\"Alexander Wachter\"},\"url\":\"https:\\\/\\\/www.immobilienbusiness.ch\\\/fr\\\/author\\\/alexander-wachter\\\/\"}]}<\/script>\n<!-- \/ Yoast SEO plugin. -->","yoast_head_json":{"title":"Warteck Invest augmente son b\u00e9n\u00e9fice - IMMOBILIER Business","robots":{"index":"index","follow":"follow","max-snippet":"max-snippet:-1","max-image-preview":"max-image-preview:large","max-video-preview":"max-video-preview:-1"},"canonical":"https:\/\/www.immobilienbusiness.ch\/fr\/unternehmen\/2025-08-26\/warteck-invest-erhoeht-den-gewinn\/","og_locale":"fr_FR","og_type":"article","og_title":"Warteck Invest erh\u00f6ht den Gewinn - IMMOBILIEN Business","og_description":"Der sehr deutliche Anstieg des Konzerngewinns ist auf ein verbessertes Ergebnis aus Neubewertung zur\u00fcckzuf\u00fchren.","og_url":"https:\/\/www.immobilienbusiness.ch\/fr\/unternehmen\/2025-08-26\/warteck-invest-erhoeht-den-gewinn\/","og_site_name":"IMMOBILIEN Business","article_publisher":"https:\/\/www.facebook.com\/immobilienbusiness\/","article_published_time":"2025-08-26T06:45:34+00:00","article_modified_time":"2025-08-28T11:53:05+00:00","og_image":[{"width":1097,"height":710,"url":"https:\/\/www.immobilienbusiness.ch\/wp-content\/uploads\/2025\/07\/Tiglio-Buchs.png","type":"image\/png"}],"author":"Alexander Wachter","twitter_card":"summary_large_image","schema":{"@context":"https:\/\/schema.org","@graph":[{"@type":"Article","@id":"https:\/\/www.immobilienbusiness.ch\/en\/unternehmen\/2025-08-26\/warteck-invest-erhoeht-den-gewinn\/#article","isPartOf":{"@id":"https:\/\/www.immobilienbusiness.ch\/en\/unternehmen\/2025-08-26\/warteck-invest-erhoeht-den-gewinn\/"},"author":{"name":"Alexander Wachter","@id":"https:\/\/www.immobilienbusiness.ch\/#\/schema\/person\/aba8bea2db926aa0c24c08c43fe1fcd5"},"headline":"Warteck Invest erh\u00f6ht den Gewinn","datePublished":"2025-08-26T06:45:34+00:00","dateModified":"2025-08-28T11:53:05+00:00","mainEntityOfPage":{"@id":"https:\/\/www.immobilienbusiness.ch\/en\/unternehmen\/2025-08-26\/warteck-invest-erhoeht-den-gewinn\/"},"wordCount":299,"publisher":{"@id":"https:\/\/www.immobilienbusiness.ch\/#organization"},"image":{"@id":"https:\/\/www.immobilienbusiness.ch\/en\/unternehmen\/2025-08-26\/warteck-invest-erhoeht-den-gewinn\/#primaryimage"},"thumbnailUrl":"https:\/\/www.immobilienbusiness.ch\/wp-content\/uploads\/2025\/07\/Tiglio-Buchs-1024x663.png","articleSection":["UNTERNEHMEN"],"inLanguage":"fr-FR"},{"@type":"WebPage","@id":"https:\/\/www.immobilienbusiness.ch\/en\/unternehmen\/2025-08-26\/warteck-invest-erhoeht-den-gewinn\/","url":"https:\/\/www.immobilienbusiness.ch\/en\/unternehmen\/2025-08-26\/warteck-invest-erhoeht-den-gewinn\/","name":"Warteck Invest augmente son b\u00e9n\u00e9fice - IMMOBILIER Business","isPartOf":{"@id":"https:\/\/www.immobilienbusiness.ch\/#website"},"primaryImageOfPage":{"@id":"https:\/\/www.immobilienbusiness.ch\/en\/unternehmen\/2025-08-26\/warteck-invest-erhoeht-den-gewinn\/#primaryimage"},"image":{"@id":"https:\/\/www.immobilienbusiness.ch\/en\/unternehmen\/2025-08-26\/warteck-invest-erhoeht-den-gewinn\/#primaryimage"},"thumbnailUrl":"https:\/\/www.immobilienbusiness.ch\/wp-content\/uploads\/2025\/07\/Tiglio-Buchs-1024x663.png","datePublished":"2025-08-26T06:45:34+00:00","dateModified":"2025-08-28T11:53:05+00:00","breadcrumb":{"@id":"https:\/\/www.immobilienbusiness.ch\/en\/unternehmen\/2025-08-26\/warteck-invest-erhoeht-den-gewinn\/#breadcrumb"},"inLanguage":"fr-FR","potentialAction":[{"@type":"ReadAction","target":["https:\/\/www.immobilienbusiness.ch\/en\/unternehmen\/2025-08-26\/warteck-invest-erhoeht-den-gewinn\/"]}]},{"@type":"ImageObject","inLanguage":"fr-FR","@id":"https:\/\/www.immobilienbusiness.ch\/en\/unternehmen\/2025-08-26\/warteck-invest-erhoeht-den-gewinn\/#primaryimage","url":"https:\/\/www.immobilienbusiness.ch\/wp-content\/uploads\/2025\/07\/Tiglio-Buchs-1024x663.png","contentUrl":"https:\/\/www.immobilienbusiness.ch\/wp-content\/uploads\/2025\/07\/Tiglio-Buchs-1024x663.png"},{"@type":"BreadcrumbList","@id":"https:\/\/www.immobilienbusiness.ch\/en\/unternehmen\/2025-08-26\/warteck-invest-erhoeht-den-gewinn\/#breadcrumb","itemListElement":[{"@type":"ListItem","position":1,"name":"Home","item":"https:\/\/www.immobilienbusiness.ch\/"},{"@type":"ListItem","position":2,"name":"Warteck Invest erh\u00f6ht den Gewinn"}]},{"@type":"WebSite","@id":"https:\/\/www.immobilienbusiness.ch\/#website","url":"https:\/\/www.immobilienbusiness.ch\/","name":"IMMOBILIER Business","description":"Magazine \u00e9conomique suisse ind\u00e9pendant ax\u00e9 sur l'immobilier, l'architecture et la construction ainsi que sur les investissements et le financement.","publisher":{"@id":"https:\/\/www.immobilienbusiness.ch\/#organization"},"potentialAction":[{"@type":"SearchAction","target":{"@type":"EntryPoint","urlTemplate":"https:\/\/www.immobilienbusiness.ch\/?s={search_term_string}"},"query-input":{"@type":"PropertyValueSpecification","valueRequired":true,"valueName":"search_term_string"}}],"inLanguage":"fr-FR"},{"@type":"Organization","@id":"https:\/\/www.immobilienbusiness.ch\/#organization","name":"IMMOBILIER Business","url":"https:\/\/www.immobilienbusiness.ch\/","logo":{"@type":"ImageObject","inLanguage":"fr-FR","@id":"https:\/\/www.immobilienbusiness.ch\/#\/schema\/logo\/image\/","url":"https:\/\/www.immobilienbusiness.ch\/wp-content\/uploads\/2021\/07\/logo_ib.png","contentUrl":"https:\/\/www.immobilienbusiness.ch\/wp-content\/uploads\/2021\/07\/logo_ib.png","width":800,"height":181,"caption":"IMMOBILIEN Business"},"image":{"@id":"https:\/\/www.immobilienbusiness.ch\/#\/schema\/logo\/image\/"},"sameAs":["https:\/\/www.facebook.com\/immobilienbusiness\/"]},{"@type":"Person","@id":"https:\/\/www.immobilienbusiness.ch\/#\/schema\/person\/aba8bea2db926aa0c24c08c43fe1fcd5","name":"Alexander Wachter","image":{"@type":"ImageObject","inLanguage":"fr-FR","@id":"https:\/\/secure.gravatar.com\/avatar\/1a09e471f5389b0e0a6416eac287e0927c7c97a7b77f9e787eba3af7aee281dd?s=96&d=mm&r=g","url":"https:\/\/secure.gravatar.com\/avatar\/1a09e471f5389b0e0a6416eac287e0927c7c97a7b77f9e787eba3af7aee281dd?s=96&d=mm&r=g","contentUrl":"https:\/\/secure.gravatar.com\/avatar\/1a09e471f5389b0e0a6416eac287e0927c7c97a7b77f9e787eba3af7aee281dd?s=96&d=mm&r=g","caption":"Alexander Wachter"},"url":"https:\/\/www.immobilienbusiness.ch\/fr\/author\/alexander-wachter\/"}]}},"_links":{"self":[{"href":"https:\/\/www.immobilienbusiness.ch\/fr\/wp-json\/wp\/v2\/posts\/65075","targetHints":{"allow":["GET"]}}],"collection":[{"href":"https:\/\/www.immobilienbusiness.ch\/fr\/wp-json\/wp\/v2\/posts"}],"about":[{"href":"https:\/\/www.immobilienbusiness.ch\/fr\/wp-json\/wp\/v2\/types\/post"}],"author":[{"embeddable":true,"href":"https:\/\/www.immobilienbusiness.ch\/fr\/wp-json\/wp\/v2\/users\/102"}],"replies":[{"embeddable":true,"href":"https:\/\/www.immobilienbusiness.ch\/fr\/wp-json\/wp\/v2\/comments?post=65075"}],"version-history":[{"count":3,"href":"https:\/\/www.immobilienbusiness.ch\/fr\/wp-json\/wp\/v2\/posts\/65075\/revisions"}],"predecessor-version":[{"id":65078,"href":"https:\/\/www.immobilienbusiness.ch\/fr\/wp-json\/wp\/v2\/posts\/65075\/revisions\/65078"}],"wp:attachment":[{"href":"https:\/\/www.immobilienbusiness.ch\/fr\/wp-json\/wp\/v2\/media?parent=65075"}],"wp:term":[{"taxonomy":"category","embeddable":true,"href":"https:\/\/www.immobilienbusiness.ch\/fr\/wp-json\/wp\/v2\/categories?post=65075"},{"taxonomy":"post_tag","embeddable":true,"href":"https:\/\/www.immobilienbusiness.ch\/fr\/wp-json\/wp\/v2\/tags?post=65075"}],"curies":[{"name":"wp","href":"https:\/\/api.w.org\/{rel}","templated":true}]}}