{"id":64981,"date":"2025-08-20T07:00:35","date_gmt":"2025-08-20T05:00:35","guid":{"rendered":"https:\/\/www.immobilienbusiness.ch\/?p=64981"},"modified":"2025-08-21T15:35:40","modified_gmt":"2025-08-21T13:35:40","slug":"hb-real-estate-mit-zwei-neuzugaengen","status":"publish","type":"post","link":"https:\/\/www.immobilienbusiness.ch\/fr\/personalia\/2025-08-20\/hb-real-estate-mit-zwei-neuzugaengen\/","title":{"rendered":"H&amp;B Real Estate avec deux nouvelles recrues"},"content":{"rendered":"<figure id=\"attachment_64982\" aria-describedby=\"caption-attachment-64982\" style=\"width: 768px\" class=\"wp-caption alignnone\"><a href=\"https:\/\/www.immobilienbusiness.ch\/wp-content\/uploads\/2025\/08\/HB-Cagri-Schadegg-scaled.png\"><img loading=\"lazy\" decoding=\"async\" class=\"size-large wp-image-64982\" src=\"https:\/\/www.immobilienbusiness.ch\/wp-content\/uploads\/2025\/08\/HB-Cagri-Schadegg-1024x815.png\" alt=\"\" width=\"768\" height=\"611\" srcset=\"https:\/\/www.immobilienbusiness.ch\/wp-content\/uploads\/2025\/08\/HB-Cagri-Schadegg-1024x815.png 1024w, https:\/\/www.immobilienbusiness.ch\/wp-content\/uploads\/2025\/08\/HB-Cagri-Schadegg-300x239.png 300w, https:\/\/www.immobilienbusiness.ch\/wp-content\/uploads\/2025\/08\/HB-Cagri-Schadegg-768x612.png 768w, https:\/\/www.immobilienbusiness.ch\/wp-content\/uploads\/2025\/08\/HB-Cagri-Schadegg-1536x1223.png 1536w, https:\/\/www.immobilienbusiness.ch\/wp-content\/uploads\/2025\/08\/HB-Cagri-Schadegg-15x12.png 15w, https:\/\/www.immobilienbusiness.ch\/wp-content\/uploads\/2025\/08\/HB-Cagri-Schadegg-440x350.png 440w, https:\/\/www.immobilienbusiness.ch\/wp-content\/uploads\/2025\/08\/HB-Cagri-Schadegg-1000x796.png 1000w, https:\/\/www.immobilienbusiness.ch\/wp-content\/uploads\/2025\/08\/HB-Cagri-Schadegg-scaled.png 1200w\" sizes=\"auto, (max-width: 768px) 100vw, 768px\" \/><\/a><figcaption id=\"caption-attachment-64982\" class=\"wp-caption-text\">Cagri Aslan et Thomas Schadegg (photo : \u00a9H&amp;B Real Estate)<\/figcaption><\/figure>\n<p>Chez H&amp;B Real Estate AG, Thomas Schadegg reprend le poste nouvellement cr\u00e9\u00e9 de directeur de la gestion de la construction. Selon le communiqu\u00e9, le ma\u00eetre d'\u0153uvre dipl\u00f4m\u00e9 apporte 30 ans d'exp\u00e9rience d'entrepreneur dans la planification, l'ex\u00e9cution et la gestion de la construction. \"En tant qu'ancien propri\u00e9taire et pr\u00e9sident du conseil d'administration de son propre groupe d'entreprises, il dispose d'un r\u00e9seau bien \u00e9tabli en Suisse et dans les pays voisins\", \u00e9crit H&amp;B Real Estate. H&amp;B veut mettre \u00e0 profit son expertise pour proposer une coordination de projet efficace et soucieuse des co\u00fbts ainsi qu'une planification intelligente de l'am\u00e9nagement.<\/p>\n<p>Parall\u00e8lement, Cagri Aslan renforce les comp\u00e9tences en mati\u00e8re de transactions dans la r\u00e9gion de B\u00e2le en tant que Transaction Manager. Dipl\u00f4m\u00e9 d'un master de l'universit\u00e9 de Saint-Gall, il dispose de plusieurs ann\u00e9es d'exp\u00e9rience en tant que Transaction Manager et vient compl\u00e9ter l'\u00e9quipe zurichoise compos\u00e9e de huit personnes. \"L'\u00e9quipe Transactions de H&amp;B ancre ainsi ses comp\u00e9tences \u00e0 B\u00e2le et offre un r\u00e9seau local encore plus profond\", explique H&amp;B Real Estate. Dans ses fonctions pr\u00e9c\u00e9dentes, Aslan a notamment \u00e9t\u00e9 Deal Manager pour Crowdhouse.ch et analyste chez CBRE Switzerland. <em>(aw)<\/em><\/p>","protected":false},"excerpt":{"rendered":"<p>Chez le prestataire de services immobiliers, Thomas Schadegg prend la direction de la gestion de la construction et Cagri Aslan devient Transaction Manager pour B\u00e2le.<\/p>","protected":false},"author":102,"featured_media":64982,"comment_status":"closed","ping_status":"closed","sticky":false,"template":"","format":"standard","meta":{"_acf_changed":false,"_yoast_wpseo_focuskw":"H&B","_yoast_wpseo_title":"","_yoast_wpseo_metadesc":"Bei dem Immobiliendienstleister \u00fcbernimmt Thomas Schadegg die Leitung des Baumanagements und Cagri Aslan wird Transaction Manager f\u00fcr Basel.","_yoast_wpseo_linkdex":54,"pgc_sgb_lightbox_settings":"","footnotes":""},"categories":[1912],"tags":[4287,1563],"class_list":["post-64981","post","type-post","status-publish","format-standard","has-post-thumbnail","hentry","category-personalia","tag-hb","tag-personalia"],"acf":[],"yoast_head":"<!-- This site is optimized with the Yoast SEO plugin v27.5 - https:\/\/yoast.com\/product\/yoast-seo-wordpress\/ -->\n<title>H&amp;B Real Estate mit zwei Neuzug\u00e4ngen - IMMOBILIEN Business<\/title>\n<meta name=\"description\" content=\"Bei dem Immobiliendienstleister \u00fcbernimmt Thomas Schadegg die Leitung des Baumanagements und Cagri Aslan wird Transaction Manager f\u00fcr Basel.\" \/>\n<meta name=\"robots\" content=\"index, follow, max-snippet:-1, max-image-preview:large, max-video-preview:-1\" \/>\n<link rel=\"canonical\" href=\"https:\/\/www.immobilienbusiness.ch\/fr\/personalia\/2025-08-20\/hb-real-estate-mit-zwei-neuzugaengen\/\" \/>\n<meta property=\"og:locale\" content=\"fr_FR\" \/>\n<meta property=\"og:type\" content=\"article\" \/>\n<meta property=\"og:title\" content=\"H&amp;B Real Estate mit zwei Neuzug\u00e4ngen - IMMOBILIEN Business\" \/>\n<meta property=\"og:description\" content=\"Bei dem Immobiliendienstleister \u00fcbernimmt Thomas Schadegg die Leitung des Baumanagements und Cagri Aslan wird Transaction Manager f\u00fcr Basel.\" \/>\n<meta property=\"og:url\" content=\"https:\/\/www.immobilienbusiness.ch\/fr\/personalia\/2025-08-20\/hb-real-estate-mit-zwei-neuzugaengen\/\" \/>\n<meta property=\"og:site_name\" content=\"IMMOBILIEN Business\" \/>\n<meta property=\"article:publisher\" content=\"https:\/\/www.facebook.com\/immobilienbusiness\/\" \/>\n<meta property=\"article:published_time\" content=\"2025-08-20T05:00:35+00:00\" \/>\n<meta property=\"article:modified_time\" content=\"2025-08-21T13:35:40+00:00\" \/>\n<meta property=\"og:image\" content=\"https:\/\/www.immobilienbusiness.ch\/wp-content\/uploads\/2025\/08\/HB-Cagri-Schadegg-scaled.png\" \/>\n\t<meta property=\"og:image:width\" content=\"1200\" \/>\n\t<meta property=\"og:image:height\" content=\"956\" \/>\n\t<meta property=\"og:image:type\" content=\"image\/png\" \/>\n<meta name=\"author\" content=\"Alexander Wachter\" \/>\n<meta name=\"twitter:card\" content=\"summary_large_image\" \/>\n<script type=\"application\/ld+json\" class=\"yoast-schema-graph\">{\"@context\":\"https:\\\/\\\/schema.org\",\"@graph\":[{\"@type\":\"Article\",\"@id\":\"https:\\\/\\\/www.immobilienbusiness.ch\\\/it\\\/personalia\\\/2025-08-20\\\/hb-real-estate-mit-zwei-neuzugaengen\\\/#article\",\"isPartOf\":{\"@id\":\"https:\\\/\\\/www.immobilienbusiness.ch\\\/it\\\/personalia\\\/2025-08-20\\\/hb-real-estate-mit-zwei-neuzugaengen\\\/\"},\"author\":{\"name\":\"Alexander Wachter\",\"@id\":\"https:\\\/\\\/www.immobilienbusiness.ch\\\/#\\\/schema\\\/person\\\/aba8bea2db926aa0c24c08c43fe1fcd5\"},\"headline\":\"H&#038;B Real Estate mit zwei Neuzug\u00e4ngen\",\"datePublished\":\"2025-08-20T05:00:35+00:00\",\"dateModified\":\"2025-08-21T13:35:40+00:00\",\"mainEntityOfPage\":{\"@id\":\"https:\\\/\\\/www.immobilienbusiness.ch\\\/it\\\/personalia\\\/2025-08-20\\\/hb-real-estate-mit-zwei-neuzugaengen\\\/\"},\"wordCount\":186,\"publisher\":{\"@id\":\"https:\\\/\\\/www.immobilienbusiness.ch\\\/#organization\"},\"image\":{\"@id\":\"https:\\\/\\\/www.immobilienbusiness.ch\\\/it\\\/personalia\\\/2025-08-20\\\/hb-real-estate-mit-zwei-neuzugaengen\\\/#primaryimage\"},\"thumbnailUrl\":\"https:\\\/\\\/www.immobilienbusiness.ch\\\/wp-content\\\/uploads\\\/2025\\\/08\\\/HB-Cagri-Schadegg-scaled.png\",\"keywords\":[\"H&amp;B\",\"Personalia\"],\"articleSection\":[\"PERSONALIA\"],\"inLanguage\":\"fr-FR\"},{\"@type\":\"WebPage\",\"@id\":\"https:\\\/\\\/www.immobilienbusiness.ch\\\/it\\\/personalia\\\/2025-08-20\\\/hb-real-estate-mit-zwei-neuzugaengen\\\/\",\"url\":\"https:\\\/\\\/www.immobilienbusiness.ch\\\/it\\\/personalia\\\/2025-08-20\\\/hb-real-estate-mit-zwei-neuzugaengen\\\/\",\"name\":\"H&B Real Estate mit zwei Neuzug\u00e4ngen - IMMOBILIEN Business\",\"isPartOf\":{\"@id\":\"https:\\\/\\\/www.immobilienbusiness.ch\\\/#website\"},\"primaryImageOfPage\":{\"@id\":\"https:\\\/\\\/www.immobilienbusiness.ch\\\/it\\\/personalia\\\/2025-08-20\\\/hb-real-estate-mit-zwei-neuzugaengen\\\/#primaryimage\"},\"image\":{\"@id\":\"https:\\\/\\\/www.immobilienbusiness.ch\\\/it\\\/personalia\\\/2025-08-20\\\/hb-real-estate-mit-zwei-neuzugaengen\\\/#primaryimage\"},\"thumbnailUrl\":\"https:\\\/\\\/www.immobilienbusiness.ch\\\/wp-content\\\/uploads\\\/2025\\\/08\\\/HB-Cagri-Schadegg-scaled.png\",\"datePublished\":\"2025-08-20T05:00:35+00:00\",\"dateModified\":\"2025-08-21T13:35:40+00:00\",\"description\":\"Bei dem Immobiliendienstleister \u00fcbernimmt Thomas Schadegg die Leitung des Baumanagements und Cagri Aslan wird Transaction Manager f\u00fcr Basel.\",\"breadcrumb\":{\"@id\":\"https:\\\/\\\/www.immobilienbusiness.ch\\\/it\\\/personalia\\\/2025-08-20\\\/hb-real-estate-mit-zwei-neuzugaengen\\\/#breadcrumb\"},\"inLanguage\":\"fr-FR\",\"potentialAction\":[{\"@type\":\"ReadAction\",\"target\":[\"https:\\\/\\\/www.immobilienbusiness.ch\\\/it\\\/personalia\\\/2025-08-20\\\/hb-real-estate-mit-zwei-neuzugaengen\\\/\"]}]},{\"@type\":\"ImageObject\",\"inLanguage\":\"fr-FR\",\"@id\":\"https:\\\/\\\/www.immobilienbusiness.ch\\\/it\\\/personalia\\\/2025-08-20\\\/hb-real-estate-mit-zwei-neuzugaengen\\\/#primaryimage\",\"url\":\"https:\\\/\\\/www.immobilienbusiness.ch\\\/wp-content\\\/uploads\\\/2025\\\/08\\\/HB-Cagri-Schadegg-scaled.png\",\"contentUrl\":\"https:\\\/\\\/www.immobilienbusiness.ch\\\/wp-content\\\/uploads\\\/2025\\\/08\\\/HB-Cagri-Schadegg-scaled.png\",\"width\":1200,\"height\":956,\"caption\":\"Cagri Aslan und Thomas Schadegg (Bild: \u00a9H&B Real Estate)\"},{\"@type\":\"BreadcrumbList\",\"@id\":\"https:\\\/\\\/www.immobilienbusiness.ch\\\/it\\\/personalia\\\/2025-08-20\\\/hb-real-estate-mit-zwei-neuzugaengen\\\/#breadcrumb\",\"itemListElement\":[{\"@type\":\"ListItem\",\"position\":1,\"name\":\"Home\",\"item\":\"https:\\\/\\\/www.immobilienbusiness.ch\\\/\"},{\"@type\":\"ListItem\",\"position\":2,\"name\":\"H&#038;B Real Estate mit zwei Neuzug\u00e4ngen\"}]},{\"@type\":\"WebSite\",\"@id\":\"https:\\\/\\\/www.immobilienbusiness.ch\\\/#website\",\"url\":\"https:\\\/\\\/www.immobilienbusiness.ch\\\/\",\"name\":\"IMMOBILIEN Business\",\"description\":\"Unabh\u00e4ngiges Schweizer Wirtschaftsmagazin mit Fokus auf Immobilien, Architektur- und Bau sowie Investment- und Finanzierung.\",\"publisher\":{\"@id\":\"https:\\\/\\\/www.immobilienbusiness.ch\\\/#organization\"},\"potentialAction\":[{\"@type\":\"SearchAction\",\"target\":{\"@type\":\"EntryPoint\",\"urlTemplate\":\"https:\\\/\\\/www.immobilienbusiness.ch\\\/?s={search_term_string}\"},\"query-input\":{\"@type\":\"PropertyValueSpecification\",\"valueRequired\":true,\"valueName\":\"search_term_string\"}}],\"inLanguage\":\"fr-FR\"},{\"@type\":\"Organization\",\"@id\":\"https:\\\/\\\/www.immobilienbusiness.ch\\\/#organization\",\"name\":\"IMMOBILIEN Business\",\"url\":\"https:\\\/\\\/www.immobilienbusiness.ch\\\/\",\"logo\":{\"@type\":\"ImageObject\",\"inLanguage\":\"fr-FR\",\"@id\":\"https:\\\/\\\/www.immobilienbusiness.ch\\\/#\\\/schema\\\/logo\\\/image\\\/\",\"url\":\"https:\\\/\\\/www.immobilienbusiness.ch\\\/wp-content\\\/uploads\\\/2021\\\/07\\\/logo_ib.png\",\"contentUrl\":\"https:\\\/\\\/www.immobilienbusiness.ch\\\/wp-content\\\/uploads\\\/2021\\\/07\\\/logo_ib.png\",\"width\":800,\"height\":181,\"caption\":\"IMMOBILIEN Business\"},\"image\":{\"@id\":\"https:\\\/\\\/www.immobilienbusiness.ch\\\/#\\\/schema\\\/logo\\\/image\\\/\"},\"sameAs\":[\"https:\\\/\\\/www.facebook.com\\\/immobilienbusiness\\\/\"]},{\"@type\":\"Person\",\"@id\":\"https:\\\/\\\/www.immobilienbusiness.ch\\\/#\\\/schema\\\/person\\\/aba8bea2db926aa0c24c08c43fe1fcd5\",\"name\":\"Alexander Wachter\",\"image\":{\"@type\":\"ImageObject\",\"inLanguage\":\"fr-FR\",\"@id\":\"https:\\\/\\\/secure.gravatar.com\\\/avatar\\\/1a09e471f5389b0e0a6416eac287e0927c7c97a7b77f9e787eba3af7aee281dd?s=96&d=mm&r=g\",\"url\":\"https:\\\/\\\/secure.gravatar.com\\\/avatar\\\/1a09e471f5389b0e0a6416eac287e0927c7c97a7b77f9e787eba3af7aee281dd?s=96&d=mm&r=g\",\"contentUrl\":\"https:\\\/\\\/secure.gravatar.com\\\/avatar\\\/1a09e471f5389b0e0a6416eac287e0927c7c97a7b77f9e787eba3af7aee281dd?s=96&d=mm&r=g\",\"caption\":\"Alexander Wachter\"},\"url\":\"https:\\\/\\\/www.immobilienbusiness.ch\\\/fr\\\/author\\\/alexander-wachter\\\/\"}]}<\/script>\n<!-- \/ Yoast SEO plugin. -->","yoast_head_json":{"title":"H&amp;B Real Estate accueille deux nouvelles recrues - IMMOBILIER Business","description":"Chez le prestataire de services immobiliers, Thomas Schadegg prend la direction de la gestion de la construction et Cagri Aslan devient Transaction Manager pour B\u00e2le.","robots":{"index":"index","follow":"follow","max-snippet":"max-snippet:-1","max-image-preview":"max-image-preview:large","max-video-preview":"max-video-preview:-1"},"canonical":"https:\/\/www.immobilienbusiness.ch\/fr\/personalia\/2025-08-20\/hb-real-estate-mit-zwei-neuzugaengen\/","og_locale":"fr_FR","og_type":"article","og_title":"H&B Real Estate mit zwei Neuzug\u00e4ngen - IMMOBILIEN Business","og_description":"Bei dem Immobiliendienstleister \u00fcbernimmt Thomas Schadegg die Leitung des Baumanagements und Cagri Aslan wird Transaction Manager f\u00fcr Basel.","og_url":"https:\/\/www.immobilienbusiness.ch\/fr\/personalia\/2025-08-20\/hb-real-estate-mit-zwei-neuzugaengen\/","og_site_name":"IMMOBILIEN Business","article_publisher":"https:\/\/www.facebook.com\/immobilienbusiness\/","article_published_time":"2025-08-20T05:00:35+00:00","article_modified_time":"2025-08-21T13:35:40+00:00","og_image":[{"width":1200,"height":956,"url":"https:\/\/www.immobilienbusiness.ch\/wp-content\/uploads\/2025\/08\/HB-Cagri-Schadegg-scaled.png","type":"image\/png"}],"author":"Alexander Wachter","twitter_card":"summary_large_image","schema":{"@context":"https:\/\/schema.org","@graph":[{"@type":"Article","@id":"https:\/\/www.immobilienbusiness.ch\/it\/personalia\/2025-08-20\/hb-real-estate-mit-zwei-neuzugaengen\/#article","isPartOf":{"@id":"https:\/\/www.immobilienbusiness.ch\/it\/personalia\/2025-08-20\/hb-real-estate-mit-zwei-neuzugaengen\/"},"author":{"name":"Alexander Wachter","@id":"https:\/\/www.immobilienbusiness.ch\/#\/schema\/person\/aba8bea2db926aa0c24c08c43fe1fcd5"},"headline":"H&#038;B Real Estate mit zwei Neuzug\u00e4ngen","datePublished":"2025-08-20T05:00:35+00:00","dateModified":"2025-08-21T13:35:40+00:00","mainEntityOfPage":{"@id":"https:\/\/www.immobilienbusiness.ch\/it\/personalia\/2025-08-20\/hb-real-estate-mit-zwei-neuzugaengen\/"},"wordCount":186,"publisher":{"@id":"https:\/\/www.immobilienbusiness.ch\/#organization"},"image":{"@id":"https:\/\/www.immobilienbusiness.ch\/it\/personalia\/2025-08-20\/hb-real-estate-mit-zwei-neuzugaengen\/#primaryimage"},"thumbnailUrl":"https:\/\/www.immobilienbusiness.ch\/wp-content\/uploads\/2025\/08\/HB-Cagri-Schadegg-scaled.png","keywords":["H&amp;B","Personalia"],"articleSection":["PERSONALIA"],"inLanguage":"fr-FR"},{"@type":"WebPage","@id":"https:\/\/www.immobilienbusiness.ch\/it\/personalia\/2025-08-20\/hb-real-estate-mit-zwei-neuzugaengen\/","url":"https:\/\/www.immobilienbusiness.ch\/it\/personalia\/2025-08-20\/hb-real-estate-mit-zwei-neuzugaengen\/","name":"H&amp;B Real Estate accueille deux nouvelles recrues - IMMOBILIER Business","isPartOf":{"@id":"https:\/\/www.immobilienbusiness.ch\/#website"},"primaryImageOfPage":{"@id":"https:\/\/www.immobilienbusiness.ch\/it\/personalia\/2025-08-20\/hb-real-estate-mit-zwei-neuzugaengen\/#primaryimage"},"image":{"@id":"https:\/\/www.immobilienbusiness.ch\/it\/personalia\/2025-08-20\/hb-real-estate-mit-zwei-neuzugaengen\/#primaryimage"},"thumbnailUrl":"https:\/\/www.immobilienbusiness.ch\/wp-content\/uploads\/2025\/08\/HB-Cagri-Schadegg-scaled.png","datePublished":"2025-08-20T05:00:35+00:00","dateModified":"2025-08-21T13:35:40+00:00","description":"Chez le prestataire de services immobiliers, Thomas Schadegg prend la direction de la gestion de la construction et Cagri Aslan devient Transaction Manager pour B\u00e2le.","breadcrumb":{"@id":"https:\/\/www.immobilienbusiness.ch\/it\/personalia\/2025-08-20\/hb-real-estate-mit-zwei-neuzugaengen\/#breadcrumb"},"inLanguage":"fr-FR","potentialAction":[{"@type":"ReadAction","target":["https:\/\/www.immobilienbusiness.ch\/it\/personalia\/2025-08-20\/hb-real-estate-mit-zwei-neuzugaengen\/"]}]},{"@type":"ImageObject","inLanguage":"fr-FR","@id":"https:\/\/www.immobilienbusiness.ch\/it\/personalia\/2025-08-20\/hb-real-estate-mit-zwei-neuzugaengen\/#primaryimage","url":"https:\/\/www.immobilienbusiness.ch\/wp-content\/uploads\/2025\/08\/HB-Cagri-Schadegg-scaled.png","contentUrl":"https:\/\/www.immobilienbusiness.ch\/wp-content\/uploads\/2025\/08\/HB-Cagri-Schadegg-scaled.png","width":1200,"height":956,"caption":"Cagri Aslan und Thomas Schadegg (Bild: \u00a9H&B Real Estate)"},{"@type":"BreadcrumbList","@id":"https:\/\/www.immobilienbusiness.ch\/it\/personalia\/2025-08-20\/hb-real-estate-mit-zwei-neuzugaengen\/#breadcrumb","itemListElement":[{"@type":"ListItem","position":1,"name":"Home","item":"https:\/\/www.immobilienbusiness.ch\/"},{"@type":"ListItem","position":2,"name":"H&#038;B Real Estate mit zwei Neuzug\u00e4ngen"}]},{"@type":"WebSite","@id":"https:\/\/www.immobilienbusiness.ch\/#website","url":"https:\/\/www.immobilienbusiness.ch\/","name":"IMMOBILIER Business","description":"Magazine \u00e9conomique suisse ind\u00e9pendant ax\u00e9 sur l'immobilier, l'architecture et la construction ainsi que sur les investissements et le financement.","publisher":{"@id":"https:\/\/www.immobilienbusiness.ch\/#organization"},"potentialAction":[{"@type":"SearchAction","target":{"@type":"EntryPoint","urlTemplate":"https:\/\/www.immobilienbusiness.ch\/?s={search_term_string}"},"query-input":{"@type":"PropertyValueSpecification","valueRequired":true,"valueName":"search_term_string"}}],"inLanguage":"fr-FR"},{"@type":"Organization","@id":"https:\/\/www.immobilienbusiness.ch\/#organization","name":"IMMOBILIER Business","url":"https:\/\/www.immobilienbusiness.ch\/","logo":{"@type":"ImageObject","inLanguage":"fr-FR","@id":"https:\/\/www.immobilienbusiness.ch\/#\/schema\/logo\/image\/","url":"https:\/\/www.immobilienbusiness.ch\/wp-content\/uploads\/2021\/07\/logo_ib.png","contentUrl":"https:\/\/www.immobilienbusiness.ch\/wp-content\/uploads\/2021\/07\/logo_ib.png","width":800,"height":181,"caption":"IMMOBILIEN Business"},"image":{"@id":"https:\/\/www.immobilienbusiness.ch\/#\/schema\/logo\/image\/"},"sameAs":["https:\/\/www.facebook.com\/immobilienbusiness\/"]},{"@type":"Person","@id":"https:\/\/www.immobilienbusiness.ch\/#\/schema\/person\/aba8bea2db926aa0c24c08c43fe1fcd5","name":"Alexander Wachter","image":{"@type":"ImageObject","inLanguage":"fr-FR","@id":"https:\/\/secure.gravatar.com\/avatar\/1a09e471f5389b0e0a6416eac287e0927c7c97a7b77f9e787eba3af7aee281dd?s=96&d=mm&r=g","url":"https:\/\/secure.gravatar.com\/avatar\/1a09e471f5389b0e0a6416eac287e0927c7c97a7b77f9e787eba3af7aee281dd?s=96&d=mm&r=g","contentUrl":"https:\/\/secure.gravatar.com\/avatar\/1a09e471f5389b0e0a6416eac287e0927c7c97a7b77f9e787eba3af7aee281dd?s=96&d=mm&r=g","caption":"Alexander Wachter"},"url":"https:\/\/www.immobilienbusiness.ch\/fr\/author\/alexander-wachter\/"}]}},"_links":{"self":[{"href":"https:\/\/www.immobilienbusiness.ch\/fr\/wp-json\/wp\/v2\/posts\/64981","targetHints":{"allow":["GET"]}}],"collection":[{"href":"https:\/\/www.immobilienbusiness.ch\/fr\/wp-json\/wp\/v2\/posts"}],"about":[{"href":"https:\/\/www.immobilienbusiness.ch\/fr\/wp-json\/wp\/v2\/types\/post"}],"author":[{"embeddable":true,"href":"https:\/\/www.immobilienbusiness.ch\/fr\/wp-json\/wp\/v2\/users\/102"}],"replies":[{"embeddable":true,"href":"https:\/\/www.immobilienbusiness.ch\/fr\/wp-json\/wp\/v2\/comments?post=64981"}],"version-history":[{"count":2,"href":"https:\/\/www.immobilienbusiness.ch\/fr\/wp-json\/wp\/v2\/posts\/64981\/revisions"}],"predecessor-version":[{"id":65015,"href":"https:\/\/www.immobilienbusiness.ch\/fr\/wp-json\/wp\/v2\/posts\/64981\/revisions\/65015"}],"wp:featuredmedia":[{"embeddable":true,"href":"https:\/\/www.immobilienbusiness.ch\/fr\/wp-json\/wp\/v2\/media\/64982"}],"wp:attachment":[{"href":"https:\/\/www.immobilienbusiness.ch\/fr\/wp-json\/wp\/v2\/media?parent=64981"}],"wp:term":[{"taxonomy":"category","embeddable":true,"href":"https:\/\/www.immobilienbusiness.ch\/fr\/wp-json\/wp\/v2\/categories?post=64981"},{"taxonomy":"post_tag","embeddable":true,"href":"https:\/\/www.immobilienbusiness.ch\/fr\/wp-json\/wp\/v2\/tags?post=64981"}],"curies":[{"name":"wp","href":"https:\/\/api.w.org\/{rel}","templated":true}]}}